{"id":3728,"date":"2021-11-03T09:16:37","date_gmt":"2021-11-03T12:16:37","guid":{"rendered":"http:\/\/www.diariodepe.com.br\/xinhua\/?p=3728"},"modified":"2021-11-03T09:16:39","modified_gmt":"2021-11-03T12:16:39","slug":"eua-e-ue-concordam-com-acordo-de-cota-tarifaria-para-resolver-disputas-tarifarias-de-aco-e-aluminio","status":"publish","type":"post","link":"https:\/\/diariodepe.com.br\/xinhua\/2021\/11\/03\/eua-e-ue-concordam-com-acordo-de-cota-tarifaria-para-resolver-disputas-tarifarias-de-aco-e-aluminio\/","title":{"rendered":"EUA e UE concordam com acordo de cota tarif\u00e1ria para resolver disputas tarif\u00e1rias de a\u00e7o e alum\u00ednio"},"content":{"rendered":"\n<p>Washington\/Bruxelas &#8212; Os Estados Unidos e a Uni\u00e3o Europeia (UE) concordaram em usar um sistema de cotas tarif\u00e1rias (TRQ) para ajudar a resolver suas disputas de tr\u00eas anos sobre as tarifas americanas sobre a\u00e7o e alum\u00ednio importados da UE.<\/p>\n\n\n\n<p>Os Estados Unidos substituir\u00e3o as tarifas existentes sobre os produtos de a\u00e7o e alum\u00ednio da UE sob a chamada Se\u00e7\u00e3o 232 por um TRQ, de acordo com um informativo divulgado pelo Departamento de Com\u00e9rcio dos EUA no domingo.<\/p>\n\n\n\n<p>&#8220;Sob o acordo TRQ, os volumes de base hist\u00f3rica de produtos de a\u00e7o e alum\u00ednio da UE entrariam no mercado dos EUA sem a aplica\u00e7\u00e3o das tarifas da Se\u00e7\u00e3o 232 para atender \u00e0s demandas dos usu\u00e1rios downstream&#8221;, segundo o informativo.<\/p>\n\n\n\n<p>&#8220;Volumes com base hist\u00f3rica&#8221; se \u200b\u200breferem ao volume de a\u00e7o e alum\u00ednio da UE que foi exportado para os Estados Unidos antes da imposi\u00e7\u00e3o das tarifas da Se\u00e7\u00e3o 232 em 2018, de acordo com a UE.<\/p>\n\n\n\n<p>Citando preocupa\u00e7\u00f5es com a seguran\u00e7a nacional, a administra\u00e7\u00e3o do ex-presidente Donald Trump dos Estados Unidos imp\u00f4s unilateralmente uma tarifa de 25 por cento sobre as importa\u00e7\u00f5es de a\u00e7o e uma tarifa de 10 por cento sobre as importa\u00e7\u00f5es de alum\u00ednio em 2018, de acordo com a Se\u00e7\u00e3o 232 da Lei de Expans\u00e3o do Com\u00e9rcio de 1962, atraindo forte oposi\u00e7\u00e3o interna e exterior.<\/p>\n\n\n\n<p>N\u00e3o conseguindo chegar a um acordo com o governo Trump, a UE levou o caso \u00e0 OMC e imp\u00f4s tarifas retaliat\u00f3rias sobre uma s\u00e9rie de produtos americanos.<\/p>\n\n\n\n<p>Como parte de uma resolu\u00e7\u00e3o para suas disputas sobre as tarifas americanas de a\u00e7o e alum\u00ednio, a UE pretende suspender suas medidas retaliat\u00f3rias contra os Estados Unidos, introduzidas em junho de 2018. Tamb\u00e9m suspender\u00e1 o aumento das medidas retaliat\u00f3rias contra os Estados Unidos previstas para 1 de dezembro, segundo a UE.<\/p>\n\n\n\n<p>&#8220;No ano passado, o custo do a\u00e7o usado pelos fabricantes de autom\u00f3veis e eletrodom\u00e9sticos da Am\u00e9rica mais do que triplicou, aumentando os custos para os consumidores&#8221;, disse a secret\u00e1ria de com\u00e9rcio dos EUA, Gina Raimondo.<\/p>\n\n\n\n<p>&#8220;As not\u00edcias de hoje proporcionar\u00e3o o al\u00edvio t\u00e3o necess\u00e1rio para os trabalhadores e ind\u00fastrias, os trabalhadores e empresas que foram amea\u00e7ados com tarifas retaliat\u00f3rias avassaladoras de 50 por cento e consumidores americanos, que est\u00e3o preocupados com o aumento dos pre\u00e7os&#8221;, disse Raimondo.<\/p>\n\n\n\n<p>&#8220;Al\u00e9m de a UE eliminar as tarifas retaliat\u00f3rias contra os Estados Unidos, concordamos em suspender as disputas da OMC entre si relacionadas \u00e0s 232 disputas&#8221;, acrescentou a representante comercial dos EUA, Katherine Tai.<\/p>\n\n\n\n<p>Valdis Dombrovskis, vice-presidente executivo da Comiss\u00e3o da UE e comiss\u00e1rio de com\u00e9rcio da UE, disse que a decis\u00e3o dos EUA sobre as tarifas de a\u00e7o e alum\u00ednio &#8220;aliviar\u00e1 um importante fator irritante ao com\u00e9rcio&#8221; que tem prejudicado as rela\u00e7\u00f5es comerciais UE-EUA.<\/p>\n\n\n\n<p>&#8220;Durante os pr\u00f3ximos dois anos, trabalharemos em um acordo global de a\u00e7o, que nos permitiria remover 232 tarifas para sempre&#8221;, disse Dombrovskis.<\/p>\n\n\n\n<p>Embora o acordo seja um passo na dire\u00e7\u00e3o certa, a &#8220;confian\u00e7a em TRQs \u00e9 uma forma indesej\u00e1vel de com\u00e9rcio gerenciado&#8221; que continuar\u00e1 trazendo incertezas para trabalhadores e empresas em ambos os lados do Atl\u00e2ntico, disse Jake Colvin, presidente do Conselho Nacional de Com\u00e9rcio Exterior.<\/p>\n\n\n\n<p>&#8220;Mecanismos como esses que gerenciam o com\u00e9rcio internacional minam a competitividade, criam vencedores e perdedores, adicionam custos significativos \u00e0 cadeia de suprimentos e afetam desproporcionalmente as pequenas e m\u00e9dias empresas&#8221;, disse Colvin.<\/p>\n\n\n\n<p>A Coaliz\u00e3o de Fabricantes e Usu\u00e1rios de Metal Americanos, representando mais de 30.000 empresas manufatureiras dos Estados Unidos, tamb\u00e9m expressou preocupa\u00e7\u00f5es de que a substitui\u00e7\u00e3o das tarifas pelo TRQ prejudicaria seus membros porque &#8220;a amea\u00e7a de restabelecimento das tarifas se aproxima com o aumento na demanda de a\u00e7o e alum\u00ednio esperado quando o projeto de lei de infraestrutura bipartid\u00e1rio seja aprovado&#8221;.<\/p>\n\n\n\n<p>&#8220;Este tipo de restri\u00e7\u00e3o governamental sobre mat\u00e9rias-primas e interven\u00e7\u00e3o leva a manipula\u00e7\u00f5es de mercado e permite o jogo do sistema que poderia colocar os menores fabricantes deste pa\u00eds em uma desvantagem ainda maior&#8221;, afirmou a coaliz\u00e3o, convidando o governo de Joe Biden a iniciar imediatamente as negocia\u00e7\u00f5es para &#8220;suspender essas tarifas prejudiciais sobre nossos outros aliados pr\u00f3ximos e parceiros comerciais&#8221;.<\/p>\n\n\n\n<p>&#8220;Os fabricantes americanos que usam a\u00e7o e alum\u00ednio n\u00e3o podem garantir as mat\u00e9rias-primas de que precisam e a pre\u00e7os competitivos, e est\u00e3o perdendo neg\u00f3cios para concorrentes em outros pa\u00edses que est\u00e3o pagando pre\u00e7os muito menores pelo a\u00e7o e pelo alum\u00ednio&#8221;, afirmou a coaliz\u00e3o.<\/p>\n\n\n\n<p>Os EUA importaram 2,5 milh\u00f5es de toneladas de a\u00e7o da UE no ano passado e 3,9 milh\u00f5es de toneladas em 2019, ante 5 milh\u00f5es de toneladas cada em 2018 e 2017, de acordo com a Bloomberg.<\/p>\n\n\n\n<p>Myron Brilliant, vice-presidente-executivo da C\u00e2mara de Com\u00e9rcio dos Estados Unidos, disse que o acordo oferece algum al\u00edvio para os fabricantes americanos que sofrem com a alta nos pre\u00e7os do a\u00e7o e com a escassez, &#8220;mas s\u00e3o necess\u00e1rias mais a\u00e7\u00f5es&#8221;.<\/p>\n\n\n\n<p>&#8220;As tarifas e cotas da Se\u00e7\u00e3o 232 permanecem em vigor sobre as importa\u00e7\u00f5es de muitos outros pa\u00edses&#8221;, disse Brilliant.<\/p>\n","protected":false},"excerpt":{"rendered":"<p>Washington\/Bruxelas &#8212; Os Estados Unidos e a Uni\u00e3o Europeia (UE) concordaram em usar um sistema de cotas tarif\u00e1rias (TRQ) para ajudar a resolver suas disputas de tr\u00eas anos sobre as tarifas americanas sobre a\u00e7o e alum\u00ednio importados da UE. Os&#8230;<\/p>\n","protected":false},"author":3,"featured_media":0,"comment_status":"open","ping_status":"open","sticky":false,"template":"","format":"standard","meta":{"footnotes":""},"categories":[4],"tags":[],"class_list":["post-3728","post","type-post","status-publish","format-standard","hentry","category-internacional"],"yoast_head":"<!-- This site is optimized with the Yoast SEO plugin v27.4 - https:\/\/yoast.com\/product\/yoast-seo-wordpress\/ -->\n<title>EUA e UE concordam com acordo de cota tarif\u00e1ria para resolver disputas tarif\u00e1rias de a\u00e7o e alum\u00ednio - Xinhua - Diario de Pernambuco<\/title>\n<meta name=\"robots\" content=\"index, follow, max-snippet:-1, max-image-preview:large, max-video-preview:-1\" \/>\n<link rel=\"canonical\" href=\"https:\/\/diariodepe.com.br\/xinhua\/2021\/11\/03\/eua-e-ue-concordam-com-acordo-de-cota-tarifaria-para-resolver-disputas-tarifarias-de-aco-e-aluminio\/\" \/>\n<meta property=\"og:locale\" content=\"pt_BR\" \/>\n<meta property=\"og:type\" content=\"article\" \/>\n<meta property=\"og:title\" content=\"EUA e UE concordam com acordo de cota tarif\u00e1ria para resolver disputas tarif\u00e1rias de a\u00e7o e alum\u00ednio - Xinhua - Diario de Pernambuco\" \/>\n<meta property=\"og:description\" content=\"Washington\/Bruxelas &#8212; Os Estados Unidos e a Uni\u00e3o Europeia (UE) concordaram em usar um sistema de cotas tarif\u00e1rias (TRQ) para ajudar a resolver suas disputas de tr\u00eas anos sobre as tarifas americanas sobre a\u00e7o e alum\u00ednio importados da UE. Os...\" \/>\n<meta property=\"og:url\" content=\"https:\/\/diariodepe.com.br\/xinhua\/2021\/11\/03\/eua-e-ue-concordam-com-acordo-de-cota-tarifaria-para-resolver-disputas-tarifarias-de-aco-e-aluminio\/\" \/>\n<meta property=\"og:site_name\" content=\"Xinhua - Diario de Pernambuco\" \/>\n<meta property=\"article:published_time\" content=\"2021-11-03T12:16:37+00:00\" \/>\n<meta property=\"article:modified_time\" content=\"2021-11-03T12:16:39+00:00\" \/>\n<meta name=\"author\" content=\"Marcelo Oliveira de A. Maranhao\" \/>\n<meta name=\"twitter:card\" content=\"summary_large_image\" \/>\n<meta name=\"twitter:label1\" content=\"Escrito por\" \/>\n\t<meta name=\"twitter:data1\" content=\"Marcelo Oliveira de A. Maranhao\" \/>\n\t<meta name=\"twitter:label2\" content=\"Est. tempo de leitura\" \/>\n\t<meta name=\"twitter:data2\" content=\"4 minutos\" \/>\n<script type=\"application\/ld+json\" class=\"yoast-schema-graph\">{\"@context\":\"https:\\\/\\\/schema.org\",\"@graph\":[{\"@type\":\"Article\",\"@id\":\"https:\\\/\\\/diariodepe.com.br\\\/xinhua\\\/2021\\\/11\\\/03\\\/eua-e-ue-concordam-com-acordo-de-cota-tarifaria-para-resolver-disputas-tarifarias-de-aco-e-aluminio\\\/#article\",\"isPartOf\":{\"@id\":\"https:\\\/\\\/diariodepe.com.br\\\/xinhua\\\/2021\\\/11\\\/03\\\/eua-e-ue-concordam-com-acordo-de-cota-tarifaria-para-resolver-disputas-tarifarias-de-aco-e-aluminio\\\/\"},\"author\":{\"name\":\"Marcelo Oliveira de A. Maranhao\",\"@id\":\"https:\\\/\\\/diariodepe.com.br\\\/xinhua\\\/#\\\/schema\\\/person\\\/0943d6fd02bdc7b49c8f495e8787a2cb\"},\"headline\":\"EUA e UE concordam com acordo de cota tarif\u00e1ria para resolver disputas tarif\u00e1rias de a\u00e7o e alum\u00ednio\",\"datePublished\":\"2021-11-03T12:16:37+00:00\",\"dateModified\":\"2021-11-03T12:16:39+00:00\",\"mainEntityOfPage\":{\"@id\":\"https:\\\/\\\/diariodepe.com.br\\\/xinhua\\\/2021\\\/11\\\/03\\\/eua-e-ue-concordam-com-acordo-de-cota-tarifaria-para-resolver-disputas-tarifarias-de-aco-e-aluminio\\\/\"},\"wordCount\":921,\"commentCount\":0,\"publisher\":{\"@id\":\"https:\\\/\\\/diariodepe.com.br\\\/xinhua\\\/#organization\"},\"articleSection\":[\"Internacional\"],\"inLanguage\":\"pt-BR\",\"potentialAction\":[{\"@type\":\"CommentAction\",\"name\":\"Comment\",\"target\":[\"https:\\\/\\\/diariodepe.com.br\\\/xinhua\\\/2021\\\/11\\\/03\\\/eua-e-ue-concordam-com-acordo-de-cota-tarifaria-para-resolver-disputas-tarifarias-de-aco-e-aluminio\\\/#respond\"]}]},{\"@type\":\"WebPage\",\"@id\":\"https:\\\/\\\/diariodepe.com.br\\\/xinhua\\\/2021\\\/11\\\/03\\\/eua-e-ue-concordam-com-acordo-de-cota-tarifaria-para-resolver-disputas-tarifarias-de-aco-e-aluminio\\\/\",\"url\":\"https:\\\/\\\/diariodepe.com.br\\\/xinhua\\\/2021\\\/11\\\/03\\\/eua-e-ue-concordam-com-acordo-de-cota-tarifaria-para-resolver-disputas-tarifarias-de-aco-e-aluminio\\\/\",\"name\":\"EUA e UE concordam com acordo de cota tarif\u00e1ria para resolver disputas tarif\u00e1rias de a\u00e7o e alum\u00ednio - Xinhua - Diario de Pernambuco\",\"isPartOf\":{\"@id\":\"https:\\\/\\\/diariodepe.com.br\\\/xinhua\\\/#website\"},\"datePublished\":\"2021-11-03T12:16:37+00:00\",\"dateModified\":\"2021-11-03T12:16:39+00:00\",\"breadcrumb\":{\"@id\":\"https:\\\/\\\/diariodepe.com.br\\\/xinhua\\\/2021\\\/11\\\/03\\\/eua-e-ue-concordam-com-acordo-de-cota-tarifaria-para-resolver-disputas-tarifarias-de-aco-e-aluminio\\\/#breadcrumb\"},\"inLanguage\":\"pt-BR\",\"potentialAction\":[{\"@type\":\"ReadAction\",\"target\":[\"https:\\\/\\\/diariodepe.com.br\\\/xinhua\\\/2021\\\/11\\\/03\\\/eua-e-ue-concordam-com-acordo-de-cota-tarifaria-para-resolver-disputas-tarifarias-de-aco-e-aluminio\\\/\"]}]},{\"@type\":\"BreadcrumbList\",\"@id\":\"https:\\\/\\\/diariodepe.com.br\\\/xinhua\\\/2021\\\/11\\\/03\\\/eua-e-ue-concordam-com-acordo-de-cota-tarifaria-para-resolver-disputas-tarifarias-de-aco-e-aluminio\\\/#breadcrumb\",\"itemListElement\":[{\"@type\":\"ListItem\",\"position\":1,\"name\":\"In\u00edcio\",\"item\":\"https:\\\/\\\/diariodepe.com.br\\\/xinhua\\\/\"},{\"@type\":\"ListItem\",\"position\":2,\"name\":\"EUA e UE concordam com acordo de cota tarif\u00e1ria para resolver disputas tarif\u00e1rias de a\u00e7o e alum\u00ednio\"}]},{\"@type\":\"WebSite\",\"@id\":\"https:\\\/\\\/diariodepe.com.br\\\/xinhua\\\/#website\",\"url\":\"https:\\\/\\\/diariodepe.com.br\\\/xinhua\\\/\",\"name\":\"Xinhua - Diario de Pernambuco\",\"description\":\"A maior ag\u00eancia de not\u00edcias da China e um dos principais canais para conhecer o pa\u00eds\",\"publisher\":{\"@id\":\"https:\\\/\\\/diariodepe.com.br\\\/xinhua\\\/#organization\"},\"potentialAction\":[{\"@type\":\"SearchAction\",\"target\":{\"@type\":\"EntryPoint\",\"urlTemplate\":\"https:\\\/\\\/diariodepe.com.br\\\/xinhua\\\/?s={search_term_string}\"},\"query-input\":{\"@type\":\"PropertyValueSpecification\",\"valueRequired\":true,\"valueName\":\"search_term_string\"}}],\"inLanguage\":\"pt-BR\"},{\"@type\":\"Organization\",\"@id\":\"https:\\\/\\\/diariodepe.com.br\\\/xinhua\\\/#organization\",\"name\":\"Xinhua - Diario de Pernambuco\",\"url\":\"https:\\\/\\\/diariodepe.com.br\\\/xinhua\\\/\",\"logo\":{\"@type\":\"ImageObject\",\"inLanguage\":\"pt-BR\",\"@id\":\"https:\\\/\\\/diariodepe.com.br\\\/xinhua\\\/#\\\/schema\\\/logo\\\/image\\\/\",\"url\":\"https:\\\/\\\/diariodepe.com.br\\\/xinhua\\\/wp-content\\\/uploads\\\/sites\\\/3\\\/2020\\\/10\\\/cropped-logo-transparente-2.png\",\"contentUrl\":\"https:\\\/\\\/diariodepe.com.br\\\/xinhua\\\/wp-content\\\/uploads\\\/sites\\\/3\\\/2020\\\/10\\\/cropped-logo-transparente-2.png\",\"width\":512,\"height\":164,\"caption\":\"Xinhua - Diario de Pernambuco\"},\"image\":{\"@id\":\"https:\\\/\\\/diariodepe.com.br\\\/xinhua\\\/#\\\/schema\\\/logo\\\/image\\\/\"}},{\"@type\":\"Person\",\"@id\":\"https:\\\/\\\/diariodepe.com.br\\\/xinhua\\\/#\\\/schema\\\/person\\\/0943d6fd02bdc7b49c8f495e8787a2cb\",\"name\":\"Marcelo Oliveira de A. Maranhao\",\"image\":{\"@type\":\"ImageObject\",\"inLanguage\":\"pt-BR\",\"@id\":\"https:\\\/\\\/secure.gravatar.com\\\/avatar\\\/f562caee940d39879c20e90eea3e4b21860c7d4c96684c23141c554824f0059c?s=96&d=mm&r=g\",\"url\":\"https:\\\/\\\/secure.gravatar.com\\\/avatar\\\/f562caee940d39879c20e90eea3e4b21860c7d4c96684c23141c554824f0059c?s=96&d=mm&r=g\",\"contentUrl\":\"https:\\\/\\\/secure.gravatar.com\\\/avatar\\\/f562caee940d39879c20e90eea3e4b21860c7d4c96684c23141c554824f0059c?s=96&d=mm&r=g\",\"caption\":\"Marcelo Oliveira de A. Maranhao\"},\"url\":\"https:\\\/\\\/diariodepe.com.br\\\/xinhua\\\/author\\\/marcelo-maranhao\\\/\"}]}<\/script>\n<!-- \/ Yoast SEO plugin. -->","yoast_head_json":{"title":"EUA e UE concordam com acordo de cota tarif\u00e1ria para resolver disputas tarif\u00e1rias de a\u00e7o e alum\u00ednio - Xinhua - Diario de Pernambuco","robots":{"index":"index","follow":"follow","max-snippet":"max-snippet:-1","max-image-preview":"max-image-preview:large","max-video-preview":"max-video-preview:-1"},"canonical":"https:\/\/diariodepe.com.br\/xinhua\/2021\/11\/03\/eua-e-ue-concordam-com-acordo-de-cota-tarifaria-para-resolver-disputas-tarifarias-de-aco-e-aluminio\/","og_locale":"pt_BR","og_type":"article","og_title":"EUA e UE concordam com acordo de cota tarif\u00e1ria para resolver disputas tarif\u00e1rias de a\u00e7o e alum\u00ednio - Xinhua - Diario de Pernambuco","og_description":"Washington\/Bruxelas &#8212; Os Estados Unidos e a Uni\u00e3o Europeia (UE) concordaram em usar um sistema de cotas tarif\u00e1rias (TRQ) para ajudar a resolver suas disputas de tr\u00eas anos sobre as tarifas americanas sobre a\u00e7o e alum\u00ednio importados da UE. Os...","og_url":"https:\/\/diariodepe.com.br\/xinhua\/2021\/11\/03\/eua-e-ue-concordam-com-acordo-de-cota-tarifaria-para-resolver-disputas-tarifarias-de-aco-e-aluminio\/","og_site_name":"Xinhua - Diario de Pernambuco","article_published_time":"2021-11-03T12:16:37+00:00","article_modified_time":"2021-11-03T12:16:39+00:00","author":"Marcelo Oliveira de A. Maranhao","twitter_card":"summary_large_image","twitter_misc":{"Escrito por":"Marcelo Oliveira de A. Maranhao","Est. tempo de leitura":"4 minutos"},"schema":{"@context":"https:\/\/schema.org","@graph":[{"@type":"Article","@id":"https:\/\/diariodepe.com.br\/xinhua\/2021\/11\/03\/eua-e-ue-concordam-com-acordo-de-cota-tarifaria-para-resolver-disputas-tarifarias-de-aco-e-aluminio\/#article","isPartOf":{"@id":"https:\/\/diariodepe.com.br\/xinhua\/2021\/11\/03\/eua-e-ue-concordam-com-acordo-de-cota-tarifaria-para-resolver-disputas-tarifarias-de-aco-e-aluminio\/"},"author":{"name":"Marcelo Oliveira de A. Maranhao","@id":"https:\/\/diariodepe.com.br\/xinhua\/#\/schema\/person\/0943d6fd02bdc7b49c8f495e8787a2cb"},"headline":"EUA e UE concordam com acordo de cota tarif\u00e1ria para resolver disputas tarif\u00e1rias de a\u00e7o e alum\u00ednio","datePublished":"2021-11-03T12:16:37+00:00","dateModified":"2021-11-03T12:16:39+00:00","mainEntityOfPage":{"@id":"https:\/\/diariodepe.com.br\/xinhua\/2021\/11\/03\/eua-e-ue-concordam-com-acordo-de-cota-tarifaria-para-resolver-disputas-tarifarias-de-aco-e-aluminio\/"},"wordCount":921,"commentCount":0,"publisher":{"@id":"https:\/\/diariodepe.com.br\/xinhua\/#organization"},"articleSection":["Internacional"],"inLanguage":"pt-BR","potentialAction":[{"@type":"CommentAction","name":"Comment","target":["https:\/\/diariodepe.com.br\/xinhua\/2021\/11\/03\/eua-e-ue-concordam-com-acordo-de-cota-tarifaria-para-resolver-disputas-tarifarias-de-aco-e-aluminio\/#respond"]}]},{"@type":"WebPage","@id":"https:\/\/diariodepe.com.br\/xinhua\/2021\/11\/03\/eua-e-ue-concordam-com-acordo-de-cota-tarifaria-para-resolver-disputas-tarifarias-de-aco-e-aluminio\/","url":"https:\/\/diariodepe.com.br\/xinhua\/2021\/11\/03\/eua-e-ue-concordam-com-acordo-de-cota-tarifaria-para-resolver-disputas-tarifarias-de-aco-e-aluminio\/","name":"EUA e UE concordam com acordo de cota tarif\u00e1ria para resolver disputas tarif\u00e1rias de a\u00e7o e alum\u00ednio - Xinhua - Diario de Pernambuco","isPartOf":{"@id":"https:\/\/diariodepe.com.br\/xinhua\/#website"},"datePublished":"2021-11-03T12:16:37+00:00","dateModified":"2021-11-03T12:16:39+00:00","breadcrumb":{"@id":"https:\/\/diariodepe.com.br\/xinhua\/2021\/11\/03\/eua-e-ue-concordam-com-acordo-de-cota-tarifaria-para-resolver-disputas-tarifarias-de-aco-e-aluminio\/#breadcrumb"},"inLanguage":"pt-BR","potentialAction":[{"@type":"ReadAction","target":["https:\/\/diariodepe.com.br\/xinhua\/2021\/11\/03\/eua-e-ue-concordam-com-acordo-de-cota-tarifaria-para-resolver-disputas-tarifarias-de-aco-e-aluminio\/"]}]},{"@type":"BreadcrumbList","@id":"https:\/\/diariodepe.com.br\/xinhua\/2021\/11\/03\/eua-e-ue-concordam-com-acordo-de-cota-tarifaria-para-resolver-disputas-tarifarias-de-aco-e-aluminio\/#breadcrumb","itemListElement":[{"@type":"ListItem","position":1,"name":"In\u00edcio","item":"https:\/\/diariodepe.com.br\/xinhua\/"},{"@type":"ListItem","position":2,"name":"EUA e UE concordam com acordo de cota tarif\u00e1ria para resolver disputas tarif\u00e1rias de a\u00e7o e alum\u00ednio"}]},{"@type":"WebSite","@id":"https:\/\/diariodepe.com.br\/xinhua\/#website","url":"https:\/\/diariodepe.com.br\/xinhua\/","name":"Xinhua - Diario de Pernambuco","description":"A maior ag\u00eancia de not\u00edcias da China e um dos principais canais para conhecer o pa\u00eds","publisher":{"@id":"https:\/\/diariodepe.com.br\/xinhua\/#organization"},"potentialAction":[{"@type":"SearchAction","target":{"@type":"EntryPoint","urlTemplate":"https:\/\/diariodepe.com.br\/xinhua\/?s={search_term_string}"},"query-input":{"@type":"PropertyValueSpecification","valueRequired":true,"valueName":"search_term_string"}}],"inLanguage":"pt-BR"},{"@type":"Organization","@id":"https:\/\/diariodepe.com.br\/xinhua\/#organization","name":"Xinhua - Diario de Pernambuco","url":"https:\/\/diariodepe.com.br\/xinhua\/","logo":{"@type":"ImageObject","inLanguage":"pt-BR","@id":"https:\/\/diariodepe.com.br\/xinhua\/#\/schema\/logo\/image\/","url":"https:\/\/diariodepe.com.br\/xinhua\/wp-content\/uploads\/sites\/3\/2020\/10\/cropped-logo-transparente-2.png","contentUrl":"https:\/\/diariodepe.com.br\/xinhua\/wp-content\/uploads\/sites\/3\/2020\/10\/cropped-logo-transparente-2.png","width":512,"height":164,"caption":"Xinhua - Diario de Pernambuco"},"image":{"@id":"https:\/\/diariodepe.com.br\/xinhua\/#\/schema\/logo\/image\/"}},{"@type":"Person","@id":"https:\/\/diariodepe.com.br\/xinhua\/#\/schema\/person\/0943d6fd02bdc7b49c8f495e8787a2cb","name":"Marcelo Oliveira de A. Maranhao","image":{"@type":"ImageObject","inLanguage":"pt-BR","@id":"https:\/\/secure.gravatar.com\/avatar\/f562caee940d39879c20e90eea3e4b21860c7d4c96684c23141c554824f0059c?s=96&d=mm&r=g","url":"https:\/\/secure.gravatar.com\/avatar\/f562caee940d39879c20e90eea3e4b21860c7d4c96684c23141c554824f0059c?s=96&d=mm&r=g","contentUrl":"https:\/\/secure.gravatar.com\/avatar\/f562caee940d39879c20e90eea3e4b21860c7d4c96684c23141c554824f0059c?s=96&d=mm&r=g","caption":"Marcelo Oliveira de A. Maranhao"},"url":"https:\/\/diariodepe.com.br\/xinhua\/author\/marcelo-maranhao\/"}]}},"cc_featured_image_caption":{"caption_text":"","source_text":"","source_url":""},"amp_enabled":true,"_links":{"self":[{"href":"https:\/\/diariodepe.com.br\/xinhua\/wp-json\/wp\/v2\/posts\/3728","targetHints":{"allow":["GET"]}}],"collection":[{"href":"https:\/\/diariodepe.com.br\/xinhua\/wp-json\/wp\/v2\/posts"}],"about":[{"href":"https:\/\/diariodepe.com.br\/xinhua\/wp-json\/wp\/v2\/types\/post"}],"author":[{"embeddable":true,"href":"https:\/\/diariodepe.com.br\/xinhua\/wp-json\/wp\/v2\/users\/3"}],"replies":[{"embeddable":true,"href":"https:\/\/diariodepe.com.br\/xinhua\/wp-json\/wp\/v2\/comments?post=3728"}],"version-history":[{"count":1,"href":"https:\/\/diariodepe.com.br\/xinhua\/wp-json\/wp\/v2\/posts\/3728\/revisions"}],"predecessor-version":[{"id":3729,"href":"https:\/\/diariodepe.com.br\/xinhua\/wp-json\/wp\/v2\/posts\/3728\/revisions\/3729"}],"wp:attachment":[{"href":"https:\/\/diariodepe.com.br\/xinhua\/wp-json\/wp\/v2\/media?parent=3728"}],"wp:term":[{"taxonomy":"category","embeddable":true,"href":"https:\/\/diariodepe.com.br\/xinhua\/wp-json\/wp\/v2\/categories?post=3728"},{"taxonomy":"post_tag","embeddable":true,"href":"https:\/\/diariodepe.com.br\/xinhua\/wp-json\/wp\/v2\/tags?post=3728"}],"curies":[{"name":"wp","href":"https:\/\/api.w.org\/{rel}","templated":true}]}}