{"id":3659,"date":"2021-10-28T10:23:57","date_gmt":"2021-10-28T13:23:57","guid":{"rendered":"http:\/\/www.diariodepe.com.br\/xinhua\/?p=3659"},"modified":"2021-10-28T10:23:59","modified_gmt":"2021-10-28T13:23:59","slug":"divida-publica-federal-brasileira-recua-068-em-setembro","status":"publish","type":"post","link":"https:\/\/diariodepe.com.br\/xinhua\/2021\/10\/28\/divida-publica-federal-brasileira-recua-068-em-setembro\/","title":{"rendered":"D\u00edvida p\u00fablica federal brasileira recua 0,68% em setembro"},"content":{"rendered":"\n<p>Rio de Janeiro &#8212; A d\u00edvida p\u00fablica federal brasileira em t\u00edtulos, que inclui os d\u00e9bitos do governo no Brasil e no exterior registrou queda de 0,68% em setembro, comparada a agosto para ficar em 5,443 trilh\u00f5es de reais (980,72 bilh\u00f5es de d\u00f3lares), informou nesta quarta-feira a Secretaria do Tesouro Nacional.<\/p>\n\n\n\n<p>A d\u00edvida p\u00fablica \u00e9 a emitida pelo Tesouro Nacional para financiar o deficit or\u00e7ament\u00e1rio do governo federal, ou seja, s\u00e3o empr\u00e9stimos feitos para pagar despesas que superam a arrecada\u00e7\u00e3o com impostos e tributos.<\/p>\n\n\n\n<p>De acordo com o Tesouro Nacional, a d\u00edvida recuou em setembro porque os resgates de t\u00edtulos superaram as emiss\u00f5es de novos pap\u00e9is em 90,27 bilh\u00f5es de reais (16,265 bilh\u00f5es de d\u00f3lares), superando inclusive as despesas com juros, que somaram 52,920 bilh\u00f5es de reais (9,535 bilh\u00f5es de d\u00f3lares).<\/p>\n\n\n\n<p>Segundo a institui\u00e7\u00e3o, a curva de juros subiu no Brasil no m\u00eas passado &#8220;refletindo a maior avers\u00e3o ao risco no exterior e no cen\u00e1rio interno&#8221;.<\/p>\n\n\n\n<p>Apesar da queda, a expectativa do Tesouro Nacional \u00e9 de que a d\u00edvida p\u00fablica continue a crescer nos pr\u00f3ximos meses, e que termine o ano entre 5,6 e 5,9 trilh\u00f5es de reais (cerca de 1 trilh\u00e3o de d\u00f3lares)<\/p>\n\n\n\n<p>Em setembro, os investidores estrangeiros possu\u00edam 10,05% da d\u00edvida p\u00fablica federal brasileira, enquanto as institui\u00e7\u00f5es financeiras detinham 31,33% do total, os fundos de investimento 23,15% do total e os fundos de previd\u00eancia 21,76% do total.<\/p>\n","protected":false},"excerpt":{"rendered":"<p>Rio de Janeiro &#8212; A d\u00edvida p\u00fablica federal brasileira em t\u00edtulos, que inclui os d\u00e9bitos do governo no Brasil e no exterior registrou queda de 0,68% em setembro, comparada a agosto para ficar em 5,443 trilh\u00f5es de reais (980,72 bilh\u00f5es&#8230;<\/p>\n","protected":false},"author":3,"featured_media":0,"comment_status":"open","ping_status":"open","sticky":false,"template":"","format":"standard","meta":{"footnotes":""},"categories":[5],"tags":[],"class_list":["post-3659","post","type-post","status-publish","format-standard","hentry","category-economia"],"yoast_head":"<!-- This site is optimized with the Yoast SEO plugin v27.4 - https:\/\/yoast.com\/product\/yoast-seo-wordpress\/ -->\n<title>D\u00edvida p\u00fablica federal brasileira recua 0,68% em setembro - Xinhua - Diario de Pernambuco<\/title>\n<meta name=\"robots\" content=\"index, follow, max-snippet:-1, max-image-preview:large, max-video-preview:-1\" \/>\n<link rel=\"canonical\" href=\"https:\/\/diariodepe.com.br\/xinhua\/2021\/10\/28\/divida-publica-federal-brasileira-recua-068-em-setembro\/\" \/>\n<meta property=\"og:locale\" content=\"pt_BR\" \/>\n<meta property=\"og:type\" content=\"article\" \/>\n<meta property=\"og:title\" content=\"D\u00edvida p\u00fablica federal brasileira recua 0,68% em setembro - Xinhua - Diario de Pernambuco\" \/>\n<meta property=\"og:description\" content=\"Rio de Janeiro &#8212; A d\u00edvida p\u00fablica federal brasileira em t\u00edtulos, que inclui os d\u00e9bitos do governo no Brasil e no exterior registrou queda de 0,68% em setembro, comparada a agosto para ficar em 5,443 trilh\u00f5es de reais (980,72 bilh\u00f5es...\" \/>\n<meta property=\"og:url\" content=\"https:\/\/diariodepe.com.br\/xinhua\/2021\/10\/28\/divida-publica-federal-brasileira-recua-068-em-setembro\/\" \/>\n<meta property=\"og:site_name\" content=\"Xinhua - Diario de Pernambuco\" \/>\n<meta property=\"article:published_time\" content=\"2021-10-28T13:23:57+00:00\" \/>\n<meta property=\"article:modified_time\" content=\"2021-10-28T13:23:59+00:00\" \/>\n<meta name=\"author\" content=\"Marcelo Oliveira de A. Maranhao\" \/>\n<meta name=\"twitter:card\" content=\"summary_large_image\" \/>\n<meta name=\"twitter:label1\" content=\"Escrito por\" \/>\n\t<meta name=\"twitter:data1\" content=\"Marcelo Oliveira de A. Maranhao\" \/>\n\t<meta name=\"twitter:label2\" content=\"Est. tempo de leitura\" \/>\n\t<meta name=\"twitter:data2\" content=\"1 minuto\" \/>\n<script type=\"application\/ld+json\" class=\"yoast-schema-graph\">{\"@context\":\"https:\\\/\\\/schema.org\",\"@graph\":[{\"@type\":\"Article\",\"@id\":\"https:\\\/\\\/diariodepe.com.br\\\/xinhua\\\/2021\\\/10\\\/28\\\/divida-publica-federal-brasileira-recua-068-em-setembro\\\/#article\",\"isPartOf\":{\"@id\":\"https:\\\/\\\/diariodepe.com.br\\\/xinhua\\\/2021\\\/10\\\/28\\\/divida-publica-federal-brasileira-recua-068-em-setembro\\\/\"},\"author\":{\"name\":\"Marcelo Oliveira de A. Maranhao\",\"@id\":\"https:\\\/\\\/diariodepe.com.br\\\/xinhua\\\/#\\\/schema\\\/person\\\/0943d6fd02bdc7b49c8f495e8787a2cb\"},\"headline\":\"D\u00edvida p\u00fablica federal brasileira recua 0,68% em setembro\",\"datePublished\":\"2021-10-28T13:23:57+00:00\",\"dateModified\":\"2021-10-28T13:23:59+00:00\",\"mainEntityOfPage\":{\"@id\":\"https:\\\/\\\/diariodepe.com.br\\\/xinhua\\\/2021\\\/10\\\/28\\\/divida-publica-federal-brasileira-recua-068-em-setembro\\\/\"},\"wordCount\":260,\"commentCount\":0,\"publisher\":{\"@id\":\"https:\\\/\\\/diariodepe.com.br\\\/xinhua\\\/#organization\"},\"articleSection\":[\"Economia\"],\"inLanguage\":\"pt-BR\",\"potentialAction\":[{\"@type\":\"CommentAction\",\"name\":\"Comment\",\"target\":[\"https:\\\/\\\/diariodepe.com.br\\\/xinhua\\\/2021\\\/10\\\/28\\\/divida-publica-federal-brasileira-recua-068-em-setembro\\\/#respond\"]}]},{\"@type\":\"WebPage\",\"@id\":\"https:\\\/\\\/diariodepe.com.br\\\/xinhua\\\/2021\\\/10\\\/28\\\/divida-publica-federal-brasileira-recua-068-em-setembro\\\/\",\"url\":\"https:\\\/\\\/diariodepe.com.br\\\/xinhua\\\/2021\\\/10\\\/28\\\/divida-publica-federal-brasileira-recua-068-em-setembro\\\/\",\"name\":\"D\u00edvida p\u00fablica federal brasileira recua 0,68% em setembro - Xinhua - Diario de Pernambuco\",\"isPartOf\":{\"@id\":\"https:\\\/\\\/diariodepe.com.br\\\/xinhua\\\/#website\"},\"datePublished\":\"2021-10-28T13:23:57+00:00\",\"dateModified\":\"2021-10-28T13:23:59+00:00\",\"breadcrumb\":{\"@id\":\"https:\\\/\\\/diariodepe.com.br\\\/xinhua\\\/2021\\\/10\\\/28\\\/divida-publica-federal-brasileira-recua-068-em-setembro\\\/#breadcrumb\"},\"inLanguage\":\"pt-BR\",\"potentialAction\":[{\"@type\":\"ReadAction\",\"target\":[\"https:\\\/\\\/diariodepe.com.br\\\/xinhua\\\/2021\\\/10\\\/28\\\/divida-publica-federal-brasileira-recua-068-em-setembro\\\/\"]}]},{\"@type\":\"BreadcrumbList\",\"@id\":\"https:\\\/\\\/diariodepe.com.br\\\/xinhua\\\/2021\\\/10\\\/28\\\/divida-publica-federal-brasileira-recua-068-em-setembro\\\/#breadcrumb\",\"itemListElement\":[{\"@type\":\"ListItem\",\"position\":1,\"name\":\"In\u00edcio\",\"item\":\"https:\\\/\\\/diariodepe.com.br\\\/xinhua\\\/\"},{\"@type\":\"ListItem\",\"position\":2,\"name\":\"D\u00edvida p\u00fablica federal brasileira recua 0,68% em setembro\"}]},{\"@type\":\"WebSite\",\"@id\":\"https:\\\/\\\/diariodepe.com.br\\\/xinhua\\\/#website\",\"url\":\"https:\\\/\\\/diariodepe.com.br\\\/xinhua\\\/\",\"name\":\"Xinhua - Diario de Pernambuco\",\"description\":\"A maior ag\u00eancia de not\u00edcias da China e um dos principais canais para conhecer o pa\u00eds\",\"publisher\":{\"@id\":\"https:\\\/\\\/diariodepe.com.br\\\/xinhua\\\/#organization\"},\"potentialAction\":[{\"@type\":\"SearchAction\",\"target\":{\"@type\":\"EntryPoint\",\"urlTemplate\":\"https:\\\/\\\/diariodepe.com.br\\\/xinhua\\\/?s={search_term_string}\"},\"query-input\":{\"@type\":\"PropertyValueSpecification\",\"valueRequired\":true,\"valueName\":\"search_term_string\"}}],\"inLanguage\":\"pt-BR\"},{\"@type\":\"Organization\",\"@id\":\"https:\\\/\\\/diariodepe.com.br\\\/xinhua\\\/#organization\",\"name\":\"Xinhua - Diario de Pernambuco\",\"url\":\"https:\\\/\\\/diariodepe.com.br\\\/xinhua\\\/\",\"logo\":{\"@type\":\"ImageObject\",\"inLanguage\":\"pt-BR\",\"@id\":\"https:\\\/\\\/diariodepe.com.br\\\/xinhua\\\/#\\\/schema\\\/logo\\\/image\\\/\",\"url\":\"https:\\\/\\\/diariodepe.com.br\\\/xinhua\\\/wp-content\\\/uploads\\\/sites\\\/3\\\/2020\\\/10\\\/cropped-logo-transparente-2.png\",\"contentUrl\":\"https:\\\/\\\/diariodepe.com.br\\\/xinhua\\\/wp-content\\\/uploads\\\/sites\\\/3\\\/2020\\\/10\\\/cropped-logo-transparente-2.png\",\"width\":512,\"height\":164,\"caption\":\"Xinhua - Diario de Pernambuco\"},\"image\":{\"@id\":\"https:\\\/\\\/diariodepe.com.br\\\/xinhua\\\/#\\\/schema\\\/logo\\\/image\\\/\"}},{\"@type\":\"Person\",\"@id\":\"https:\\\/\\\/diariodepe.com.br\\\/xinhua\\\/#\\\/schema\\\/person\\\/0943d6fd02bdc7b49c8f495e8787a2cb\",\"name\":\"Marcelo Oliveira de A. Maranhao\",\"image\":{\"@type\":\"ImageObject\",\"inLanguage\":\"pt-BR\",\"@id\":\"https:\\\/\\\/secure.gravatar.com\\\/avatar\\\/f562caee940d39879c20e90eea3e4b21860c7d4c96684c23141c554824f0059c?s=96&d=mm&r=g\",\"url\":\"https:\\\/\\\/secure.gravatar.com\\\/avatar\\\/f562caee940d39879c20e90eea3e4b21860c7d4c96684c23141c554824f0059c?s=96&d=mm&r=g\",\"contentUrl\":\"https:\\\/\\\/secure.gravatar.com\\\/avatar\\\/f562caee940d39879c20e90eea3e4b21860c7d4c96684c23141c554824f0059c?s=96&d=mm&r=g\",\"caption\":\"Marcelo Oliveira de A. Maranhao\"},\"url\":\"https:\\\/\\\/diariodepe.com.br\\\/xinhua\\\/author\\\/marcelo-maranhao\\\/\"}]}<\/script>\n<!-- \/ Yoast SEO plugin. -->","yoast_head_json":{"title":"D\u00edvida p\u00fablica federal brasileira recua 0,68% em setembro - Xinhua - Diario de Pernambuco","robots":{"index":"index","follow":"follow","max-snippet":"max-snippet:-1","max-image-preview":"max-image-preview:large","max-video-preview":"max-video-preview:-1"},"canonical":"https:\/\/diariodepe.com.br\/xinhua\/2021\/10\/28\/divida-publica-federal-brasileira-recua-068-em-setembro\/","og_locale":"pt_BR","og_type":"article","og_title":"D\u00edvida p\u00fablica federal brasileira recua 0,68% em setembro - Xinhua - Diario de Pernambuco","og_description":"Rio de Janeiro &#8212; A d\u00edvida p\u00fablica federal brasileira em t\u00edtulos, que inclui os d\u00e9bitos do governo no Brasil e no exterior registrou queda de 0,68% em setembro, comparada a agosto para ficar em 5,443 trilh\u00f5es de reais (980,72 bilh\u00f5es...","og_url":"https:\/\/diariodepe.com.br\/xinhua\/2021\/10\/28\/divida-publica-federal-brasileira-recua-068-em-setembro\/","og_site_name":"Xinhua - Diario de Pernambuco","article_published_time":"2021-10-28T13:23:57+00:00","article_modified_time":"2021-10-28T13:23:59+00:00","author":"Marcelo Oliveira de A. Maranhao","twitter_card":"summary_large_image","twitter_misc":{"Escrito por":"Marcelo Oliveira de A. Maranhao","Est. tempo de leitura":"1 minuto"},"schema":{"@context":"https:\/\/schema.org","@graph":[{"@type":"Article","@id":"https:\/\/diariodepe.com.br\/xinhua\/2021\/10\/28\/divida-publica-federal-brasileira-recua-068-em-setembro\/#article","isPartOf":{"@id":"https:\/\/diariodepe.com.br\/xinhua\/2021\/10\/28\/divida-publica-federal-brasileira-recua-068-em-setembro\/"},"author":{"name":"Marcelo Oliveira de A. Maranhao","@id":"https:\/\/diariodepe.com.br\/xinhua\/#\/schema\/person\/0943d6fd02bdc7b49c8f495e8787a2cb"},"headline":"D\u00edvida p\u00fablica federal brasileira recua 0,68% em setembro","datePublished":"2021-10-28T13:23:57+00:00","dateModified":"2021-10-28T13:23:59+00:00","mainEntityOfPage":{"@id":"https:\/\/diariodepe.com.br\/xinhua\/2021\/10\/28\/divida-publica-federal-brasileira-recua-068-em-setembro\/"},"wordCount":260,"commentCount":0,"publisher":{"@id":"https:\/\/diariodepe.com.br\/xinhua\/#organization"},"articleSection":["Economia"],"inLanguage":"pt-BR","potentialAction":[{"@type":"CommentAction","name":"Comment","target":["https:\/\/diariodepe.com.br\/xinhua\/2021\/10\/28\/divida-publica-federal-brasileira-recua-068-em-setembro\/#respond"]}]},{"@type":"WebPage","@id":"https:\/\/diariodepe.com.br\/xinhua\/2021\/10\/28\/divida-publica-federal-brasileira-recua-068-em-setembro\/","url":"https:\/\/diariodepe.com.br\/xinhua\/2021\/10\/28\/divida-publica-federal-brasileira-recua-068-em-setembro\/","name":"D\u00edvida p\u00fablica federal brasileira recua 0,68% em setembro - Xinhua - Diario de Pernambuco","isPartOf":{"@id":"https:\/\/diariodepe.com.br\/xinhua\/#website"},"datePublished":"2021-10-28T13:23:57+00:00","dateModified":"2021-10-28T13:23:59+00:00","breadcrumb":{"@id":"https:\/\/diariodepe.com.br\/xinhua\/2021\/10\/28\/divida-publica-federal-brasileira-recua-068-em-setembro\/#breadcrumb"},"inLanguage":"pt-BR","potentialAction":[{"@type":"ReadAction","target":["https:\/\/diariodepe.com.br\/xinhua\/2021\/10\/28\/divida-publica-federal-brasileira-recua-068-em-setembro\/"]}]},{"@type":"BreadcrumbList","@id":"https:\/\/diariodepe.com.br\/xinhua\/2021\/10\/28\/divida-publica-federal-brasileira-recua-068-em-setembro\/#breadcrumb","itemListElement":[{"@type":"ListItem","position":1,"name":"In\u00edcio","item":"https:\/\/diariodepe.com.br\/xinhua\/"},{"@type":"ListItem","position":2,"name":"D\u00edvida p\u00fablica federal brasileira recua 0,68% em setembro"}]},{"@type":"WebSite","@id":"https:\/\/diariodepe.com.br\/xinhua\/#website","url":"https:\/\/diariodepe.com.br\/xinhua\/","name":"Xinhua - Diario de Pernambuco","description":"A maior ag\u00eancia de not\u00edcias da China e um dos principais canais para conhecer o pa\u00eds","publisher":{"@id":"https:\/\/diariodepe.com.br\/xinhua\/#organization"},"potentialAction":[{"@type":"SearchAction","target":{"@type":"EntryPoint","urlTemplate":"https:\/\/diariodepe.com.br\/xinhua\/?s={search_term_string}"},"query-input":{"@type":"PropertyValueSpecification","valueRequired":true,"valueName":"search_term_string"}}],"inLanguage":"pt-BR"},{"@type":"Organization","@id":"https:\/\/diariodepe.com.br\/xinhua\/#organization","name":"Xinhua - Diario de Pernambuco","url":"https:\/\/diariodepe.com.br\/xinhua\/","logo":{"@type":"ImageObject","inLanguage":"pt-BR","@id":"https:\/\/diariodepe.com.br\/xinhua\/#\/schema\/logo\/image\/","url":"https:\/\/diariodepe.com.br\/xinhua\/wp-content\/uploads\/sites\/3\/2020\/10\/cropped-logo-transparente-2.png","contentUrl":"https:\/\/diariodepe.com.br\/xinhua\/wp-content\/uploads\/sites\/3\/2020\/10\/cropped-logo-transparente-2.png","width":512,"height":164,"caption":"Xinhua - Diario de Pernambuco"},"image":{"@id":"https:\/\/diariodepe.com.br\/xinhua\/#\/schema\/logo\/image\/"}},{"@type":"Person","@id":"https:\/\/diariodepe.com.br\/xinhua\/#\/schema\/person\/0943d6fd02bdc7b49c8f495e8787a2cb","name":"Marcelo Oliveira de A. Maranhao","image":{"@type":"ImageObject","inLanguage":"pt-BR","@id":"https:\/\/secure.gravatar.com\/avatar\/f562caee940d39879c20e90eea3e4b21860c7d4c96684c23141c554824f0059c?s=96&d=mm&r=g","url":"https:\/\/secure.gravatar.com\/avatar\/f562caee940d39879c20e90eea3e4b21860c7d4c96684c23141c554824f0059c?s=96&d=mm&r=g","contentUrl":"https:\/\/secure.gravatar.com\/avatar\/f562caee940d39879c20e90eea3e4b21860c7d4c96684c23141c554824f0059c?s=96&d=mm&r=g","caption":"Marcelo Oliveira de A. Maranhao"},"url":"https:\/\/diariodepe.com.br\/xinhua\/author\/marcelo-maranhao\/"}]}},"cc_featured_image_caption":{"caption_text":"","source_text":"","source_url":""},"amp_enabled":true,"_links":{"self":[{"href":"https:\/\/diariodepe.com.br\/xinhua\/wp-json\/wp\/v2\/posts\/3659","targetHints":{"allow":["GET"]}}],"collection":[{"href":"https:\/\/diariodepe.com.br\/xinhua\/wp-json\/wp\/v2\/posts"}],"about":[{"href":"https:\/\/diariodepe.com.br\/xinhua\/wp-json\/wp\/v2\/types\/post"}],"author":[{"embeddable":true,"href":"https:\/\/diariodepe.com.br\/xinhua\/wp-json\/wp\/v2\/users\/3"}],"replies":[{"embeddable":true,"href":"https:\/\/diariodepe.com.br\/xinhua\/wp-json\/wp\/v2\/comments?post=3659"}],"version-history":[{"count":1,"href":"https:\/\/diariodepe.com.br\/xinhua\/wp-json\/wp\/v2\/posts\/3659\/revisions"}],"predecessor-version":[{"id":3660,"href":"https:\/\/diariodepe.com.br\/xinhua\/wp-json\/wp\/v2\/posts\/3659\/revisions\/3660"}],"wp:attachment":[{"href":"https:\/\/diariodepe.com.br\/xinhua\/wp-json\/wp\/v2\/media?parent=3659"}],"wp:term":[{"taxonomy":"category","embeddable":true,"href":"https:\/\/diariodepe.com.br\/xinhua\/wp-json\/wp\/v2\/categories?post=3659"},{"taxonomy":"post_tag","embeddable":true,"href":"https:\/\/diariodepe.com.br\/xinhua\/wp-json\/wp\/v2\/tags?post=3659"}],"curies":[{"name":"wp","href":"https:\/\/api.w.org\/{rel}","templated":true}]}}