{"id":3651,"date":"2021-10-28T14:30:00","date_gmt":"2021-10-28T17:30:00","guid":{"rendered":"http:\/\/www.diariodepe.com.br\/xinhua\/?p=3651"},"modified":"2021-10-28T09:40:31","modified_gmt":"2021-10-28T12:40:31","slug":"primeiro-ministro-chines-pede-integracao-economica-do-leste-asiatico","status":"publish","type":"post","link":"https:\/\/diariodepe.com.br\/xinhua\/2021\/10\/28\/primeiro-ministro-chines-pede-integracao-economica-do-leste-asiatico\/","title":{"rendered":"Primeiro-ministro chin\u00eas pede integra\u00e7\u00e3o econ\u00f4mica do Leste Asi\u00e1tico"},"content":{"rendered":"\n<p>Beijing &#8212; O primeiro-ministro chin\u00eas, Li Keqiang, pediu nesta quarta-feira o avan\u00e7o na integra\u00e7\u00e3o econ\u00f4mica regional da \u00c1sia Oriental e a resposta conjunta aos desafios nas frentes de sa\u00fade p\u00fablica, energia, alimentos e finan\u00e7as para promover o desenvolvimento.<\/p>\n\n\n\n<p>Li fez as observa\u00e7\u00f5es em Beijing ao discursar na 24\u00aa C\u00fapula da ASEAN Mais a China, Jap\u00e3o e Rep\u00fablica da Coreia (10+3) por videoconfer\u00eancia.<\/p>\n\n\n\n<p>&#8220;Precisamos aproveitar ao m\u00e1ximo os mecanismos maduros de coopera\u00e7\u00e3o e a rica experi\u00eancia em resposta a crises, &#8230; para impulsionar uma recupera\u00e7\u00e3o completa e equilibrada da \u00c1sia Oriental e salvaguardar a prosperidade e a estabilidade de longa data na regi\u00e3o&#8221;, para uma \u00c1sia Oriental mais aberta e mais inclusiva que desfrute de um desenvolvimento sustent\u00e1vel, disse Li.<\/p>\n\n\n\n<p>Li apresentou uma proposta de seis pontos, incluindo melhorar a governan\u00e7a de sa\u00fade p\u00fablica, aprofundar a integra\u00e7\u00e3o econ\u00f4mica regional, fortalecer a coopera\u00e7\u00e3o industrial, promover a economia digital, estimular a coopera\u00e7\u00e3o financeira e promover o crescimento verde e sustent\u00e1vel do Leste Asi\u00e1tico.<\/p>\n\n\n\n<p>Como resultado de refer\u00eancia para a coopera\u00e7\u00e3o da \u00c1sia Oriental, a Parceria Econ\u00f4mica Abrangente Regional (RCEP, na sigla em ingl\u00eas) logo atingir\u00e1 o limiar de vig\u00eancia, disse Li.<\/p>\n\n\n\n<p>&#8220;Precisamos acelerar o trabalho para que o acordo entre em vigor o mais breve poss\u00edvel, e continuar a avan\u00e7ar no livre com\u00e9rcio e buscar uma integra\u00e7\u00e3o de alto n\u00edvel&#8221;, disse ele, acrescentando que a China sediar\u00e1 programas de capacita\u00e7\u00e3o, como treinamento de pessoal e compartilhamento de experi\u00eancia sobre a implementa\u00e7\u00e3o da RCEP.<\/p>\n\n\n\n<p>Em termos de governan\u00e7a da sa\u00fade p\u00fablica, Li pediu a acelera\u00e7\u00e3o da constru\u00e7\u00e3o da Reserva 10+3 de Suprimentos M\u00e9dicos para Emerg\u00eancias de Sa\u00fade P\u00fablica, visando melhorar a capacidade da regi\u00e3o em resposta epid\u00eamica.<\/p>\n\n\n\n<p>A China sediar\u00e1 um f\u00f3rum 10+3 para coopera\u00e7\u00e3o sobre cadeias industriais e de suprimentos, disse Li sobre a coopera\u00e7\u00e3o industrial da \u00c1sia Oriental.<\/p>\n\n\n\n<p>A China apoia a amplia\u00e7\u00e3o do Quadro de Arranjos do Corredor de Viagem da ASEAN para todos os pa\u00edses 10+3 e um melhor aproveitamento das &#8220;vias r\u00e1pidas&#8221; e &#8220;canais expressos&#8221; existentes, assinalou.<\/p>\n\n\n\n<p>Sobre a economia digital, Li disse que a China sediar\u00e1 o F\u00f3rum de Jovens Cientistas 10+3 e outras atividades para ajudar os pa\u00edses regionais a reduzir a disparidade digital, e intensificar\u00e1 o interc\u00e2mbio com todas as partes sobre administra\u00e7\u00e3o do ciberespa\u00e7o, governan\u00e7a digital e seguran\u00e7a cibern\u00e9tica.<\/p>\n\n\n\n<p>Li tamb\u00e9m pediu um maior apoio e insumo para a Reserva de Arroz Emergencial ASEAN Mais Tr\u00eas para proteger melhor a seguran\u00e7a alimentar regional.<\/p>\n\n\n\n<p>Os l\u00edderes presentes na reuni\u00e3o concordaram que o mecanismo de coopera\u00e7\u00e3o 10+3 tem desempenhado um papel importante no enfrentamento a crises e na promo\u00e7\u00e3o do desenvolvimento regional da \u00c1sia Oriental.<\/p>\n\n\n\n<p>Como o pr\u00f3ximo ano marcar\u00e1 o 25\u00ba anivers\u00e1rio da coopera\u00e7\u00e3o 10+3, mais esfor\u00e7os s\u00e3o necess\u00e1rios para a constru\u00e7\u00e3o de uma comunidade do Leste Asi\u00e1tico e para promover o crescimento e a prosperidade comuns na regi\u00e3o e no resto do mundo, de acordo com eles.<\/p>\n\n\n\n<p>Uma declara\u00e7\u00e3o sobre a coopera\u00e7\u00e3o em sa\u00fade mental de adolescentes e crian\u00e7as foi adotada na c\u00fapula.<\/p>\n","protected":false},"excerpt":{"rendered":"<p>Beijing &#8212; O primeiro-ministro chin\u00eas, Li Keqiang, pediu nesta quarta-feira o avan\u00e7o na integra\u00e7\u00e3o econ\u00f4mica regional da \u00c1sia Oriental e a resposta conjunta aos desafios nas frentes de sa\u00fade p\u00fablica, energia, alimentos e finan\u00e7as para promover o desenvolvimento. Li fez&#8230;<\/p>\n","protected":false},"author":3,"featured_media":0,"comment_status":"open","ping_status":"open","sticky":false,"template":"","format":"standard","meta":{"footnotes":""},"categories":[5],"tags":[],"class_list":["post-3651","post","type-post","status-publish","format-standard","hentry","category-economia"],"yoast_head":"<!-- This site is optimized with the Yoast SEO plugin v27.4 - https:\/\/yoast.com\/product\/yoast-seo-wordpress\/ -->\n<title>Primeiro-ministro chin\u00eas pede integra\u00e7\u00e3o econ\u00f4mica do Leste Asi\u00e1tico - Xinhua - Diario de Pernambuco<\/title>\n<meta name=\"robots\" content=\"index, follow, max-snippet:-1, max-image-preview:large, max-video-preview:-1\" \/>\n<link rel=\"canonical\" href=\"https:\/\/diariodepe.com.br\/xinhua\/2021\/10\/28\/primeiro-ministro-chines-pede-integracao-economica-do-leste-asiatico\/\" \/>\n<meta property=\"og:locale\" content=\"pt_BR\" \/>\n<meta property=\"og:type\" content=\"article\" \/>\n<meta property=\"og:title\" content=\"Primeiro-ministro chin\u00eas pede integra\u00e7\u00e3o econ\u00f4mica do Leste Asi\u00e1tico - Xinhua - Diario de Pernambuco\" \/>\n<meta property=\"og:description\" content=\"Beijing &#8212; O primeiro-ministro chin\u00eas, Li Keqiang, pediu nesta quarta-feira o avan\u00e7o na integra\u00e7\u00e3o econ\u00f4mica regional da \u00c1sia Oriental e a resposta conjunta aos desafios nas frentes de sa\u00fade p\u00fablica, energia, alimentos e finan\u00e7as para promover o desenvolvimento. Li fez...\" \/>\n<meta property=\"og:url\" content=\"https:\/\/diariodepe.com.br\/xinhua\/2021\/10\/28\/primeiro-ministro-chines-pede-integracao-economica-do-leste-asiatico\/\" \/>\n<meta property=\"og:site_name\" content=\"Xinhua - Diario de Pernambuco\" \/>\n<meta property=\"article:published_time\" content=\"2021-10-28T17:30:00+00:00\" \/>\n<meta name=\"author\" content=\"Marcelo Oliveira de A. Maranhao\" \/>\n<meta name=\"twitter:card\" content=\"summary_large_image\" \/>\n<meta name=\"twitter:label1\" content=\"Escrito por\" \/>\n\t<meta name=\"twitter:data1\" content=\"Marcelo Oliveira de A. Maranhao\" \/>\n\t<meta name=\"twitter:label2\" content=\"Est. tempo de leitura\" \/>\n\t<meta name=\"twitter:data2\" content=\"3 minutos\" \/>\n<script type=\"application\/ld+json\" class=\"yoast-schema-graph\">{\"@context\":\"https:\\\/\\\/schema.org\",\"@graph\":[{\"@type\":\"Article\",\"@id\":\"https:\\\/\\\/diariodepe.com.br\\\/xinhua\\\/2021\\\/10\\\/28\\\/primeiro-ministro-chines-pede-integracao-economica-do-leste-asiatico\\\/#article\",\"isPartOf\":{\"@id\":\"https:\\\/\\\/diariodepe.com.br\\\/xinhua\\\/2021\\\/10\\\/28\\\/primeiro-ministro-chines-pede-integracao-economica-do-leste-asiatico\\\/\"},\"author\":{\"name\":\"Marcelo Oliveira de A. Maranhao\",\"@id\":\"https:\\\/\\\/diariodepe.com.br\\\/xinhua\\\/#\\\/schema\\\/person\\\/0943d6fd02bdc7b49c8f495e8787a2cb\"},\"headline\":\"Primeiro-ministro chin\u00eas pede integra\u00e7\u00e3o econ\u00f4mica do Leste Asi\u00e1tico\",\"datePublished\":\"2021-10-28T17:30:00+00:00\",\"mainEntityOfPage\":{\"@id\":\"https:\\\/\\\/diariodepe.com.br\\\/xinhua\\\/2021\\\/10\\\/28\\\/primeiro-ministro-chines-pede-integracao-economica-do-leste-asiatico\\\/\"},\"wordCount\":576,\"commentCount\":0,\"publisher\":{\"@id\":\"https:\\\/\\\/diariodepe.com.br\\\/xinhua\\\/#organization\"},\"articleSection\":[\"Economia\"],\"inLanguage\":\"pt-BR\",\"potentialAction\":[{\"@type\":\"CommentAction\",\"name\":\"Comment\",\"target\":[\"https:\\\/\\\/diariodepe.com.br\\\/xinhua\\\/2021\\\/10\\\/28\\\/primeiro-ministro-chines-pede-integracao-economica-do-leste-asiatico\\\/#respond\"]}]},{\"@type\":\"WebPage\",\"@id\":\"https:\\\/\\\/diariodepe.com.br\\\/xinhua\\\/2021\\\/10\\\/28\\\/primeiro-ministro-chines-pede-integracao-economica-do-leste-asiatico\\\/\",\"url\":\"https:\\\/\\\/diariodepe.com.br\\\/xinhua\\\/2021\\\/10\\\/28\\\/primeiro-ministro-chines-pede-integracao-economica-do-leste-asiatico\\\/\",\"name\":\"Primeiro-ministro chin\u00eas pede integra\u00e7\u00e3o econ\u00f4mica do Leste Asi\u00e1tico - Xinhua - Diario de Pernambuco\",\"isPartOf\":{\"@id\":\"https:\\\/\\\/diariodepe.com.br\\\/xinhua\\\/#website\"},\"datePublished\":\"2021-10-28T17:30:00+00:00\",\"breadcrumb\":{\"@id\":\"https:\\\/\\\/diariodepe.com.br\\\/xinhua\\\/2021\\\/10\\\/28\\\/primeiro-ministro-chines-pede-integracao-economica-do-leste-asiatico\\\/#breadcrumb\"},\"inLanguage\":\"pt-BR\",\"potentialAction\":[{\"@type\":\"ReadAction\",\"target\":[\"https:\\\/\\\/diariodepe.com.br\\\/xinhua\\\/2021\\\/10\\\/28\\\/primeiro-ministro-chines-pede-integracao-economica-do-leste-asiatico\\\/\"]}]},{\"@type\":\"BreadcrumbList\",\"@id\":\"https:\\\/\\\/diariodepe.com.br\\\/xinhua\\\/2021\\\/10\\\/28\\\/primeiro-ministro-chines-pede-integracao-economica-do-leste-asiatico\\\/#breadcrumb\",\"itemListElement\":[{\"@type\":\"ListItem\",\"position\":1,\"name\":\"In\u00edcio\",\"item\":\"https:\\\/\\\/diariodepe.com.br\\\/xinhua\\\/\"},{\"@type\":\"ListItem\",\"position\":2,\"name\":\"Primeiro-ministro chin\u00eas pede integra\u00e7\u00e3o econ\u00f4mica do Leste Asi\u00e1tico\"}]},{\"@type\":\"WebSite\",\"@id\":\"https:\\\/\\\/diariodepe.com.br\\\/xinhua\\\/#website\",\"url\":\"https:\\\/\\\/diariodepe.com.br\\\/xinhua\\\/\",\"name\":\"Xinhua - Diario de Pernambuco\",\"description\":\"A maior ag\u00eancia de not\u00edcias da China e um dos principais canais para conhecer o pa\u00eds\",\"publisher\":{\"@id\":\"https:\\\/\\\/diariodepe.com.br\\\/xinhua\\\/#organization\"},\"potentialAction\":[{\"@type\":\"SearchAction\",\"target\":{\"@type\":\"EntryPoint\",\"urlTemplate\":\"https:\\\/\\\/diariodepe.com.br\\\/xinhua\\\/?s={search_term_string}\"},\"query-input\":{\"@type\":\"PropertyValueSpecification\",\"valueRequired\":true,\"valueName\":\"search_term_string\"}}],\"inLanguage\":\"pt-BR\"},{\"@type\":\"Organization\",\"@id\":\"https:\\\/\\\/diariodepe.com.br\\\/xinhua\\\/#organization\",\"name\":\"Xinhua - Diario de Pernambuco\",\"url\":\"https:\\\/\\\/diariodepe.com.br\\\/xinhua\\\/\",\"logo\":{\"@type\":\"ImageObject\",\"inLanguage\":\"pt-BR\",\"@id\":\"https:\\\/\\\/diariodepe.com.br\\\/xinhua\\\/#\\\/schema\\\/logo\\\/image\\\/\",\"url\":\"https:\\\/\\\/diariodepe.com.br\\\/xinhua\\\/wp-content\\\/uploads\\\/sites\\\/3\\\/2020\\\/10\\\/cropped-logo-transparente-2.png\",\"contentUrl\":\"https:\\\/\\\/diariodepe.com.br\\\/xinhua\\\/wp-content\\\/uploads\\\/sites\\\/3\\\/2020\\\/10\\\/cropped-logo-transparente-2.png\",\"width\":512,\"height\":164,\"caption\":\"Xinhua - Diario de Pernambuco\"},\"image\":{\"@id\":\"https:\\\/\\\/diariodepe.com.br\\\/xinhua\\\/#\\\/schema\\\/logo\\\/image\\\/\"}},{\"@type\":\"Person\",\"@id\":\"https:\\\/\\\/diariodepe.com.br\\\/xinhua\\\/#\\\/schema\\\/person\\\/0943d6fd02bdc7b49c8f495e8787a2cb\",\"name\":\"Marcelo Oliveira de A. Maranhao\",\"image\":{\"@type\":\"ImageObject\",\"inLanguage\":\"pt-BR\",\"@id\":\"https:\\\/\\\/secure.gravatar.com\\\/avatar\\\/f562caee940d39879c20e90eea3e4b21860c7d4c96684c23141c554824f0059c?s=96&d=mm&r=g\",\"url\":\"https:\\\/\\\/secure.gravatar.com\\\/avatar\\\/f562caee940d39879c20e90eea3e4b21860c7d4c96684c23141c554824f0059c?s=96&d=mm&r=g\",\"contentUrl\":\"https:\\\/\\\/secure.gravatar.com\\\/avatar\\\/f562caee940d39879c20e90eea3e4b21860c7d4c96684c23141c554824f0059c?s=96&d=mm&r=g\",\"caption\":\"Marcelo Oliveira de A. Maranhao\"},\"url\":\"https:\\\/\\\/diariodepe.com.br\\\/xinhua\\\/author\\\/marcelo-maranhao\\\/\"}]}<\/script>\n<!-- \/ Yoast SEO plugin. -->","yoast_head_json":{"title":"Primeiro-ministro chin\u00eas pede integra\u00e7\u00e3o econ\u00f4mica do Leste Asi\u00e1tico - Xinhua - Diario de Pernambuco","robots":{"index":"index","follow":"follow","max-snippet":"max-snippet:-1","max-image-preview":"max-image-preview:large","max-video-preview":"max-video-preview:-1"},"canonical":"https:\/\/diariodepe.com.br\/xinhua\/2021\/10\/28\/primeiro-ministro-chines-pede-integracao-economica-do-leste-asiatico\/","og_locale":"pt_BR","og_type":"article","og_title":"Primeiro-ministro chin\u00eas pede integra\u00e7\u00e3o econ\u00f4mica do Leste Asi\u00e1tico - Xinhua - Diario de Pernambuco","og_description":"Beijing &#8212; O primeiro-ministro chin\u00eas, Li Keqiang, pediu nesta quarta-feira o avan\u00e7o na integra\u00e7\u00e3o econ\u00f4mica regional da \u00c1sia Oriental e a resposta conjunta aos desafios nas frentes de sa\u00fade p\u00fablica, energia, alimentos e finan\u00e7as para promover o desenvolvimento. Li fez...","og_url":"https:\/\/diariodepe.com.br\/xinhua\/2021\/10\/28\/primeiro-ministro-chines-pede-integracao-economica-do-leste-asiatico\/","og_site_name":"Xinhua - Diario de Pernambuco","article_published_time":"2021-10-28T17:30:00+00:00","author":"Marcelo Oliveira de A. Maranhao","twitter_card":"summary_large_image","twitter_misc":{"Escrito por":"Marcelo Oliveira de A. Maranhao","Est. tempo de leitura":"3 minutos"},"schema":{"@context":"https:\/\/schema.org","@graph":[{"@type":"Article","@id":"https:\/\/diariodepe.com.br\/xinhua\/2021\/10\/28\/primeiro-ministro-chines-pede-integracao-economica-do-leste-asiatico\/#article","isPartOf":{"@id":"https:\/\/diariodepe.com.br\/xinhua\/2021\/10\/28\/primeiro-ministro-chines-pede-integracao-economica-do-leste-asiatico\/"},"author":{"name":"Marcelo Oliveira de A. Maranhao","@id":"https:\/\/diariodepe.com.br\/xinhua\/#\/schema\/person\/0943d6fd02bdc7b49c8f495e8787a2cb"},"headline":"Primeiro-ministro chin\u00eas pede integra\u00e7\u00e3o econ\u00f4mica do Leste Asi\u00e1tico","datePublished":"2021-10-28T17:30:00+00:00","mainEntityOfPage":{"@id":"https:\/\/diariodepe.com.br\/xinhua\/2021\/10\/28\/primeiro-ministro-chines-pede-integracao-economica-do-leste-asiatico\/"},"wordCount":576,"commentCount":0,"publisher":{"@id":"https:\/\/diariodepe.com.br\/xinhua\/#organization"},"articleSection":["Economia"],"inLanguage":"pt-BR","potentialAction":[{"@type":"CommentAction","name":"Comment","target":["https:\/\/diariodepe.com.br\/xinhua\/2021\/10\/28\/primeiro-ministro-chines-pede-integracao-economica-do-leste-asiatico\/#respond"]}]},{"@type":"WebPage","@id":"https:\/\/diariodepe.com.br\/xinhua\/2021\/10\/28\/primeiro-ministro-chines-pede-integracao-economica-do-leste-asiatico\/","url":"https:\/\/diariodepe.com.br\/xinhua\/2021\/10\/28\/primeiro-ministro-chines-pede-integracao-economica-do-leste-asiatico\/","name":"Primeiro-ministro chin\u00eas pede integra\u00e7\u00e3o econ\u00f4mica do Leste Asi\u00e1tico - Xinhua - Diario de Pernambuco","isPartOf":{"@id":"https:\/\/diariodepe.com.br\/xinhua\/#website"},"datePublished":"2021-10-28T17:30:00+00:00","breadcrumb":{"@id":"https:\/\/diariodepe.com.br\/xinhua\/2021\/10\/28\/primeiro-ministro-chines-pede-integracao-economica-do-leste-asiatico\/#breadcrumb"},"inLanguage":"pt-BR","potentialAction":[{"@type":"ReadAction","target":["https:\/\/diariodepe.com.br\/xinhua\/2021\/10\/28\/primeiro-ministro-chines-pede-integracao-economica-do-leste-asiatico\/"]}]},{"@type":"BreadcrumbList","@id":"https:\/\/diariodepe.com.br\/xinhua\/2021\/10\/28\/primeiro-ministro-chines-pede-integracao-economica-do-leste-asiatico\/#breadcrumb","itemListElement":[{"@type":"ListItem","position":1,"name":"In\u00edcio","item":"https:\/\/diariodepe.com.br\/xinhua\/"},{"@type":"ListItem","position":2,"name":"Primeiro-ministro chin\u00eas pede integra\u00e7\u00e3o econ\u00f4mica do Leste Asi\u00e1tico"}]},{"@type":"WebSite","@id":"https:\/\/diariodepe.com.br\/xinhua\/#website","url":"https:\/\/diariodepe.com.br\/xinhua\/","name":"Xinhua - Diario de Pernambuco","description":"A maior ag\u00eancia de not\u00edcias da China e um dos principais canais para conhecer o pa\u00eds","publisher":{"@id":"https:\/\/diariodepe.com.br\/xinhua\/#organization"},"potentialAction":[{"@type":"SearchAction","target":{"@type":"EntryPoint","urlTemplate":"https:\/\/diariodepe.com.br\/xinhua\/?s={search_term_string}"},"query-input":{"@type":"PropertyValueSpecification","valueRequired":true,"valueName":"search_term_string"}}],"inLanguage":"pt-BR"},{"@type":"Organization","@id":"https:\/\/diariodepe.com.br\/xinhua\/#organization","name":"Xinhua - Diario de Pernambuco","url":"https:\/\/diariodepe.com.br\/xinhua\/","logo":{"@type":"ImageObject","inLanguage":"pt-BR","@id":"https:\/\/diariodepe.com.br\/xinhua\/#\/schema\/logo\/image\/","url":"https:\/\/diariodepe.com.br\/xinhua\/wp-content\/uploads\/sites\/3\/2020\/10\/cropped-logo-transparente-2.png","contentUrl":"https:\/\/diariodepe.com.br\/xinhua\/wp-content\/uploads\/sites\/3\/2020\/10\/cropped-logo-transparente-2.png","width":512,"height":164,"caption":"Xinhua - Diario de Pernambuco"},"image":{"@id":"https:\/\/diariodepe.com.br\/xinhua\/#\/schema\/logo\/image\/"}},{"@type":"Person","@id":"https:\/\/diariodepe.com.br\/xinhua\/#\/schema\/person\/0943d6fd02bdc7b49c8f495e8787a2cb","name":"Marcelo Oliveira de A. Maranhao","image":{"@type":"ImageObject","inLanguage":"pt-BR","@id":"https:\/\/secure.gravatar.com\/avatar\/f562caee940d39879c20e90eea3e4b21860c7d4c96684c23141c554824f0059c?s=96&d=mm&r=g","url":"https:\/\/secure.gravatar.com\/avatar\/f562caee940d39879c20e90eea3e4b21860c7d4c96684c23141c554824f0059c?s=96&d=mm&r=g","contentUrl":"https:\/\/secure.gravatar.com\/avatar\/f562caee940d39879c20e90eea3e4b21860c7d4c96684c23141c554824f0059c?s=96&d=mm&r=g","caption":"Marcelo Oliveira de A. Maranhao"},"url":"https:\/\/diariodepe.com.br\/xinhua\/author\/marcelo-maranhao\/"}]}},"cc_featured_image_caption":{"caption_text":"","source_text":"","source_url":""},"amp_enabled":true,"_links":{"self":[{"href":"https:\/\/diariodepe.com.br\/xinhua\/wp-json\/wp\/v2\/posts\/3651","targetHints":{"allow":["GET"]}}],"collection":[{"href":"https:\/\/diariodepe.com.br\/xinhua\/wp-json\/wp\/v2\/posts"}],"about":[{"href":"https:\/\/diariodepe.com.br\/xinhua\/wp-json\/wp\/v2\/types\/post"}],"author":[{"embeddable":true,"href":"https:\/\/diariodepe.com.br\/xinhua\/wp-json\/wp\/v2\/users\/3"}],"replies":[{"embeddable":true,"href":"https:\/\/diariodepe.com.br\/xinhua\/wp-json\/wp\/v2\/comments?post=3651"}],"version-history":[{"count":1,"href":"https:\/\/diariodepe.com.br\/xinhua\/wp-json\/wp\/v2\/posts\/3651\/revisions"}],"predecessor-version":[{"id":3652,"href":"https:\/\/diariodepe.com.br\/xinhua\/wp-json\/wp\/v2\/posts\/3651\/revisions\/3652"}],"wp:attachment":[{"href":"https:\/\/diariodepe.com.br\/xinhua\/wp-json\/wp\/v2\/media?parent=3651"}],"wp:term":[{"taxonomy":"category","embeddable":true,"href":"https:\/\/diariodepe.com.br\/xinhua\/wp-json\/wp\/v2\/categories?post=3651"},{"taxonomy":"post_tag","embeddable":true,"href":"https:\/\/diariodepe.com.br\/xinhua\/wp-json\/wp\/v2\/tags?post=3651"}],"curies":[{"name":"wp","href":"https:\/\/api.w.org\/{rel}","templated":true}]}}