{"id":3598,"date":"2021-10-26T09:41:30","date_gmt":"2021-10-26T12:41:30","guid":{"rendered":"http:\/\/www.diariodepe.com.br\/xinhua\/?p=3598"},"modified":"2021-10-26T09:41:33","modified_gmt":"2021-10-26T12:41:33","slug":"kremlin-afirma-que-foi-correto-romper-lacos-com-otan","status":"publish","type":"post","link":"https:\/\/diariodepe.com.br\/xinhua\/2021\/10\/26\/kremlin-afirma-que-foi-correto-romper-lacos-com-otan\/","title":{"rendered":"Kremlin afirma que foi correto romper la\u00e7os com OTAN"},"content":{"rendered":"\n<p>Moscou &#8212; A R\u00fassia n\u00e3o est\u00e1 errada por interromper o di\u00e1logo oficial com a Organiza\u00e7\u00e3o do Tratado do Atl\u00e2ntico Norte (OTAN) devido \u00e0 sua agressividade, disse o porta-voz do Kremlin, Dmitry Peskov, no domingo.<\/p>\n\n\n\n<p>&#8220;A posi\u00e7\u00e3o agressiva da OTAN nunca foi um segredo. Este \u00e9 um bloco que foi criado contra nosso pa\u00eds. Nenhuma declara\u00e7\u00e3o de paz, nenhuma camuflagem dessa orienta\u00e7\u00e3o agressiva pode esconder seu verdadeiro prop\u00f3sito&#8221;, disse Peskov a um programa de TV russo.<\/p>\n\n\n\n<p>&#8220;Nada de terr\u00edvel acontecer\u00e1 se simplesmente abandonarmos essas rela\u00e7\u00f5es tendo como pano de fundo o agravamento de sua agressividade e tais declara\u00e7\u00f5es de que sua principal tarefa \u00e9 nos conter&#8221;, disse ele.<\/p>\n\n\n\n<p>Comentando sobre a tentativa da Ucr\u00e2nia de ingressar na OTAN, Peskov disse que \u00e9 imposs\u00edvel para a R\u00fassia evit\u00e1-la, mas Moscou far\u00e1 todo o necess\u00e1rio para minimizar as consequ\u00eancias no caso da admiss\u00e3o da Ucr\u00e2nia.<\/p>\n\n\n\n<p>Na segunda-feira, Moscou anunciou que estava suspendendo sua Miss\u00e3o Permanente na OTAN, a Miss\u00e3o de Liga\u00e7\u00e3o Militar da OTAN e o Escrit\u00f3rio de Informa\u00e7\u00e3o da OTAN em Moscou, em retalia\u00e7\u00e3o pelas &#8220;a\u00e7\u00f5es hostis&#8221; da alian\u00e7a, incluindo a expuls\u00e3o de diplomatas russos no in\u00edcio deste m\u00eas.<\/p>\n","protected":false},"excerpt":{"rendered":"<p>Moscou &#8212; A R\u00fassia n\u00e3o est\u00e1 errada por interromper o di\u00e1logo oficial com a Organiza\u00e7\u00e3o do Tratado do Atl\u00e2ntico Norte (OTAN) devido \u00e0 sua agressividade, disse o porta-voz do Kremlin, Dmitry Peskov, no domingo. &#8220;A posi\u00e7\u00e3o agressiva da OTAN nunca&#8230;<\/p>\n","protected":false},"author":3,"featured_media":0,"comment_status":"open","ping_status":"open","sticky":false,"template":"","format":"standard","meta":{"footnotes":""},"categories":[4],"tags":[],"class_list":["post-3598","post","type-post","status-publish","format-standard","hentry","category-internacional"],"yoast_head":"<!-- This site is optimized with the Yoast SEO plugin v27.4 - https:\/\/yoast.com\/product\/yoast-seo-wordpress\/ -->\n<title>Kremlin afirma que foi correto romper la\u00e7os com OTAN - Xinhua - Diario de Pernambuco<\/title>\n<meta name=\"robots\" content=\"index, follow, max-snippet:-1, max-image-preview:large, max-video-preview:-1\" \/>\n<link rel=\"canonical\" href=\"https:\/\/diariodepe.com.br\/xinhua\/2021\/10\/26\/kremlin-afirma-que-foi-correto-romper-lacos-com-otan\/\" \/>\n<meta property=\"og:locale\" content=\"pt_BR\" \/>\n<meta property=\"og:type\" content=\"article\" \/>\n<meta property=\"og:title\" content=\"Kremlin afirma que foi correto romper la\u00e7os com OTAN - Xinhua - Diario de Pernambuco\" \/>\n<meta property=\"og:description\" content=\"Moscou &#8212; A R\u00fassia n\u00e3o est\u00e1 errada por interromper o di\u00e1logo oficial com a Organiza\u00e7\u00e3o do Tratado do Atl\u00e2ntico Norte (OTAN) devido \u00e0 sua agressividade, disse o porta-voz do Kremlin, Dmitry Peskov, no domingo. &#8220;A posi\u00e7\u00e3o agressiva da OTAN nunca...\" \/>\n<meta property=\"og:url\" content=\"https:\/\/diariodepe.com.br\/xinhua\/2021\/10\/26\/kremlin-afirma-que-foi-correto-romper-lacos-com-otan\/\" \/>\n<meta property=\"og:site_name\" content=\"Xinhua - Diario de Pernambuco\" \/>\n<meta property=\"article:published_time\" content=\"2021-10-26T12:41:30+00:00\" \/>\n<meta property=\"article:modified_time\" content=\"2021-10-26T12:41:33+00:00\" \/>\n<meta name=\"author\" content=\"Marcelo Oliveira de A. Maranhao\" \/>\n<meta name=\"twitter:card\" content=\"summary_large_image\" \/>\n<meta name=\"twitter:label1\" content=\"Escrito por\" \/>\n\t<meta name=\"twitter:data1\" content=\"Marcelo Oliveira de A. Maranhao\" \/>\n\t<meta name=\"twitter:label2\" content=\"Est. tempo de leitura\" \/>\n\t<meta name=\"twitter:data2\" content=\"1 minuto\" \/>\n<script type=\"application\/ld+json\" class=\"yoast-schema-graph\">{\"@context\":\"https:\\\/\\\/schema.org\",\"@graph\":[{\"@type\":\"Article\",\"@id\":\"https:\\\/\\\/diariodepe.com.br\\\/xinhua\\\/2021\\\/10\\\/26\\\/kremlin-afirma-que-foi-correto-romper-lacos-com-otan\\\/#article\",\"isPartOf\":{\"@id\":\"https:\\\/\\\/diariodepe.com.br\\\/xinhua\\\/2021\\\/10\\\/26\\\/kremlin-afirma-que-foi-correto-romper-lacos-com-otan\\\/\"},\"author\":{\"name\":\"Marcelo Oliveira de A. Maranhao\",\"@id\":\"https:\\\/\\\/diariodepe.com.br\\\/xinhua\\\/#\\\/schema\\\/person\\\/0943d6fd02bdc7b49c8f495e8787a2cb\"},\"headline\":\"Kremlin afirma que foi correto romper la\u00e7os com OTAN\",\"datePublished\":\"2021-10-26T12:41:30+00:00\",\"dateModified\":\"2021-10-26T12:41:33+00:00\",\"mainEntityOfPage\":{\"@id\":\"https:\\\/\\\/diariodepe.com.br\\\/xinhua\\\/2021\\\/10\\\/26\\\/kremlin-afirma-que-foi-correto-romper-lacos-com-otan\\\/\"},\"wordCount\":225,\"commentCount\":0,\"publisher\":{\"@id\":\"https:\\\/\\\/diariodepe.com.br\\\/xinhua\\\/#organization\"},\"articleSection\":[\"Internacional\"],\"inLanguage\":\"pt-BR\",\"potentialAction\":[{\"@type\":\"CommentAction\",\"name\":\"Comment\",\"target\":[\"https:\\\/\\\/diariodepe.com.br\\\/xinhua\\\/2021\\\/10\\\/26\\\/kremlin-afirma-que-foi-correto-romper-lacos-com-otan\\\/#respond\"]}]},{\"@type\":\"WebPage\",\"@id\":\"https:\\\/\\\/diariodepe.com.br\\\/xinhua\\\/2021\\\/10\\\/26\\\/kremlin-afirma-que-foi-correto-romper-lacos-com-otan\\\/\",\"url\":\"https:\\\/\\\/diariodepe.com.br\\\/xinhua\\\/2021\\\/10\\\/26\\\/kremlin-afirma-que-foi-correto-romper-lacos-com-otan\\\/\",\"name\":\"Kremlin afirma que foi correto romper la\u00e7os com OTAN - Xinhua - Diario de Pernambuco\",\"isPartOf\":{\"@id\":\"https:\\\/\\\/diariodepe.com.br\\\/xinhua\\\/#website\"},\"datePublished\":\"2021-10-26T12:41:30+00:00\",\"dateModified\":\"2021-10-26T12:41:33+00:00\",\"breadcrumb\":{\"@id\":\"https:\\\/\\\/diariodepe.com.br\\\/xinhua\\\/2021\\\/10\\\/26\\\/kremlin-afirma-que-foi-correto-romper-lacos-com-otan\\\/#breadcrumb\"},\"inLanguage\":\"pt-BR\",\"potentialAction\":[{\"@type\":\"ReadAction\",\"target\":[\"https:\\\/\\\/diariodepe.com.br\\\/xinhua\\\/2021\\\/10\\\/26\\\/kremlin-afirma-que-foi-correto-romper-lacos-com-otan\\\/\"]}]},{\"@type\":\"BreadcrumbList\",\"@id\":\"https:\\\/\\\/diariodepe.com.br\\\/xinhua\\\/2021\\\/10\\\/26\\\/kremlin-afirma-que-foi-correto-romper-lacos-com-otan\\\/#breadcrumb\",\"itemListElement\":[{\"@type\":\"ListItem\",\"position\":1,\"name\":\"In\u00edcio\",\"item\":\"https:\\\/\\\/diariodepe.com.br\\\/xinhua\\\/\"},{\"@type\":\"ListItem\",\"position\":2,\"name\":\"Kremlin afirma que foi correto romper la\u00e7os com OTAN\"}]},{\"@type\":\"WebSite\",\"@id\":\"https:\\\/\\\/diariodepe.com.br\\\/xinhua\\\/#website\",\"url\":\"https:\\\/\\\/diariodepe.com.br\\\/xinhua\\\/\",\"name\":\"Xinhua - Diario de Pernambuco\",\"description\":\"A maior ag\u00eancia de not\u00edcias da China e um dos principais canais para conhecer o pa\u00eds\",\"publisher\":{\"@id\":\"https:\\\/\\\/diariodepe.com.br\\\/xinhua\\\/#organization\"},\"potentialAction\":[{\"@type\":\"SearchAction\",\"target\":{\"@type\":\"EntryPoint\",\"urlTemplate\":\"https:\\\/\\\/diariodepe.com.br\\\/xinhua\\\/?s={search_term_string}\"},\"query-input\":{\"@type\":\"PropertyValueSpecification\",\"valueRequired\":true,\"valueName\":\"search_term_string\"}}],\"inLanguage\":\"pt-BR\"},{\"@type\":\"Organization\",\"@id\":\"https:\\\/\\\/diariodepe.com.br\\\/xinhua\\\/#organization\",\"name\":\"Xinhua - Diario de Pernambuco\",\"url\":\"https:\\\/\\\/diariodepe.com.br\\\/xinhua\\\/\",\"logo\":{\"@type\":\"ImageObject\",\"inLanguage\":\"pt-BR\",\"@id\":\"https:\\\/\\\/diariodepe.com.br\\\/xinhua\\\/#\\\/schema\\\/logo\\\/image\\\/\",\"url\":\"https:\\\/\\\/diariodepe.com.br\\\/xinhua\\\/wp-content\\\/uploads\\\/sites\\\/3\\\/2020\\\/10\\\/cropped-logo-transparente-2.png\",\"contentUrl\":\"https:\\\/\\\/diariodepe.com.br\\\/xinhua\\\/wp-content\\\/uploads\\\/sites\\\/3\\\/2020\\\/10\\\/cropped-logo-transparente-2.png\",\"width\":512,\"height\":164,\"caption\":\"Xinhua - Diario de Pernambuco\"},\"image\":{\"@id\":\"https:\\\/\\\/diariodepe.com.br\\\/xinhua\\\/#\\\/schema\\\/logo\\\/image\\\/\"}},{\"@type\":\"Person\",\"@id\":\"https:\\\/\\\/diariodepe.com.br\\\/xinhua\\\/#\\\/schema\\\/person\\\/0943d6fd02bdc7b49c8f495e8787a2cb\",\"name\":\"Marcelo Oliveira de A. Maranhao\",\"image\":{\"@type\":\"ImageObject\",\"inLanguage\":\"pt-BR\",\"@id\":\"https:\\\/\\\/secure.gravatar.com\\\/avatar\\\/f562caee940d39879c20e90eea3e4b21860c7d4c96684c23141c554824f0059c?s=96&d=mm&r=g\",\"url\":\"https:\\\/\\\/secure.gravatar.com\\\/avatar\\\/f562caee940d39879c20e90eea3e4b21860c7d4c96684c23141c554824f0059c?s=96&d=mm&r=g\",\"contentUrl\":\"https:\\\/\\\/secure.gravatar.com\\\/avatar\\\/f562caee940d39879c20e90eea3e4b21860c7d4c96684c23141c554824f0059c?s=96&d=mm&r=g\",\"caption\":\"Marcelo Oliveira de A. Maranhao\"},\"url\":\"https:\\\/\\\/diariodepe.com.br\\\/xinhua\\\/author\\\/marcelo-maranhao\\\/\"}]}<\/script>\n<!-- \/ Yoast SEO plugin. -->","yoast_head_json":{"title":"Kremlin afirma que foi correto romper la\u00e7os com OTAN - Xinhua - Diario de Pernambuco","robots":{"index":"index","follow":"follow","max-snippet":"max-snippet:-1","max-image-preview":"max-image-preview:large","max-video-preview":"max-video-preview:-1"},"canonical":"https:\/\/diariodepe.com.br\/xinhua\/2021\/10\/26\/kremlin-afirma-que-foi-correto-romper-lacos-com-otan\/","og_locale":"pt_BR","og_type":"article","og_title":"Kremlin afirma que foi correto romper la\u00e7os com OTAN - Xinhua - Diario de Pernambuco","og_description":"Moscou &#8212; A R\u00fassia n\u00e3o est\u00e1 errada por interromper o di\u00e1logo oficial com a Organiza\u00e7\u00e3o do Tratado do Atl\u00e2ntico Norte (OTAN) devido \u00e0 sua agressividade, disse o porta-voz do Kremlin, Dmitry Peskov, no domingo. &#8220;A posi\u00e7\u00e3o agressiva da OTAN nunca...","og_url":"https:\/\/diariodepe.com.br\/xinhua\/2021\/10\/26\/kremlin-afirma-que-foi-correto-romper-lacos-com-otan\/","og_site_name":"Xinhua - Diario de Pernambuco","article_published_time":"2021-10-26T12:41:30+00:00","article_modified_time":"2021-10-26T12:41:33+00:00","author":"Marcelo Oliveira de A. Maranhao","twitter_card":"summary_large_image","twitter_misc":{"Escrito por":"Marcelo Oliveira de A. Maranhao","Est. tempo de leitura":"1 minuto"},"schema":{"@context":"https:\/\/schema.org","@graph":[{"@type":"Article","@id":"https:\/\/diariodepe.com.br\/xinhua\/2021\/10\/26\/kremlin-afirma-que-foi-correto-romper-lacos-com-otan\/#article","isPartOf":{"@id":"https:\/\/diariodepe.com.br\/xinhua\/2021\/10\/26\/kremlin-afirma-que-foi-correto-romper-lacos-com-otan\/"},"author":{"name":"Marcelo Oliveira de A. Maranhao","@id":"https:\/\/diariodepe.com.br\/xinhua\/#\/schema\/person\/0943d6fd02bdc7b49c8f495e8787a2cb"},"headline":"Kremlin afirma que foi correto romper la\u00e7os com OTAN","datePublished":"2021-10-26T12:41:30+00:00","dateModified":"2021-10-26T12:41:33+00:00","mainEntityOfPage":{"@id":"https:\/\/diariodepe.com.br\/xinhua\/2021\/10\/26\/kremlin-afirma-que-foi-correto-romper-lacos-com-otan\/"},"wordCount":225,"commentCount":0,"publisher":{"@id":"https:\/\/diariodepe.com.br\/xinhua\/#organization"},"articleSection":["Internacional"],"inLanguage":"pt-BR","potentialAction":[{"@type":"CommentAction","name":"Comment","target":["https:\/\/diariodepe.com.br\/xinhua\/2021\/10\/26\/kremlin-afirma-que-foi-correto-romper-lacos-com-otan\/#respond"]}]},{"@type":"WebPage","@id":"https:\/\/diariodepe.com.br\/xinhua\/2021\/10\/26\/kremlin-afirma-que-foi-correto-romper-lacos-com-otan\/","url":"https:\/\/diariodepe.com.br\/xinhua\/2021\/10\/26\/kremlin-afirma-que-foi-correto-romper-lacos-com-otan\/","name":"Kremlin afirma que foi correto romper la\u00e7os com OTAN - Xinhua - Diario de Pernambuco","isPartOf":{"@id":"https:\/\/diariodepe.com.br\/xinhua\/#website"},"datePublished":"2021-10-26T12:41:30+00:00","dateModified":"2021-10-26T12:41:33+00:00","breadcrumb":{"@id":"https:\/\/diariodepe.com.br\/xinhua\/2021\/10\/26\/kremlin-afirma-que-foi-correto-romper-lacos-com-otan\/#breadcrumb"},"inLanguage":"pt-BR","potentialAction":[{"@type":"ReadAction","target":["https:\/\/diariodepe.com.br\/xinhua\/2021\/10\/26\/kremlin-afirma-que-foi-correto-romper-lacos-com-otan\/"]}]},{"@type":"BreadcrumbList","@id":"https:\/\/diariodepe.com.br\/xinhua\/2021\/10\/26\/kremlin-afirma-que-foi-correto-romper-lacos-com-otan\/#breadcrumb","itemListElement":[{"@type":"ListItem","position":1,"name":"In\u00edcio","item":"https:\/\/diariodepe.com.br\/xinhua\/"},{"@type":"ListItem","position":2,"name":"Kremlin afirma que foi correto romper la\u00e7os com OTAN"}]},{"@type":"WebSite","@id":"https:\/\/diariodepe.com.br\/xinhua\/#website","url":"https:\/\/diariodepe.com.br\/xinhua\/","name":"Xinhua - Diario de Pernambuco","description":"A maior ag\u00eancia de not\u00edcias da China e um dos principais canais para conhecer o pa\u00eds","publisher":{"@id":"https:\/\/diariodepe.com.br\/xinhua\/#organization"},"potentialAction":[{"@type":"SearchAction","target":{"@type":"EntryPoint","urlTemplate":"https:\/\/diariodepe.com.br\/xinhua\/?s={search_term_string}"},"query-input":{"@type":"PropertyValueSpecification","valueRequired":true,"valueName":"search_term_string"}}],"inLanguage":"pt-BR"},{"@type":"Organization","@id":"https:\/\/diariodepe.com.br\/xinhua\/#organization","name":"Xinhua - Diario de Pernambuco","url":"https:\/\/diariodepe.com.br\/xinhua\/","logo":{"@type":"ImageObject","inLanguage":"pt-BR","@id":"https:\/\/diariodepe.com.br\/xinhua\/#\/schema\/logo\/image\/","url":"https:\/\/diariodepe.com.br\/xinhua\/wp-content\/uploads\/sites\/3\/2020\/10\/cropped-logo-transparente-2.png","contentUrl":"https:\/\/diariodepe.com.br\/xinhua\/wp-content\/uploads\/sites\/3\/2020\/10\/cropped-logo-transparente-2.png","width":512,"height":164,"caption":"Xinhua - Diario de Pernambuco"},"image":{"@id":"https:\/\/diariodepe.com.br\/xinhua\/#\/schema\/logo\/image\/"}},{"@type":"Person","@id":"https:\/\/diariodepe.com.br\/xinhua\/#\/schema\/person\/0943d6fd02bdc7b49c8f495e8787a2cb","name":"Marcelo Oliveira de A. Maranhao","image":{"@type":"ImageObject","inLanguage":"pt-BR","@id":"https:\/\/secure.gravatar.com\/avatar\/f562caee940d39879c20e90eea3e4b21860c7d4c96684c23141c554824f0059c?s=96&d=mm&r=g","url":"https:\/\/secure.gravatar.com\/avatar\/f562caee940d39879c20e90eea3e4b21860c7d4c96684c23141c554824f0059c?s=96&d=mm&r=g","contentUrl":"https:\/\/secure.gravatar.com\/avatar\/f562caee940d39879c20e90eea3e4b21860c7d4c96684c23141c554824f0059c?s=96&d=mm&r=g","caption":"Marcelo Oliveira de A. Maranhao"},"url":"https:\/\/diariodepe.com.br\/xinhua\/author\/marcelo-maranhao\/"}]}},"cc_featured_image_caption":{"caption_text":"","source_text":"","source_url":""},"amp_enabled":true,"_links":{"self":[{"href":"https:\/\/diariodepe.com.br\/xinhua\/wp-json\/wp\/v2\/posts\/3598","targetHints":{"allow":["GET"]}}],"collection":[{"href":"https:\/\/diariodepe.com.br\/xinhua\/wp-json\/wp\/v2\/posts"}],"about":[{"href":"https:\/\/diariodepe.com.br\/xinhua\/wp-json\/wp\/v2\/types\/post"}],"author":[{"embeddable":true,"href":"https:\/\/diariodepe.com.br\/xinhua\/wp-json\/wp\/v2\/users\/3"}],"replies":[{"embeddable":true,"href":"https:\/\/diariodepe.com.br\/xinhua\/wp-json\/wp\/v2\/comments?post=3598"}],"version-history":[{"count":1,"href":"https:\/\/diariodepe.com.br\/xinhua\/wp-json\/wp\/v2\/posts\/3598\/revisions"}],"predecessor-version":[{"id":3599,"href":"https:\/\/diariodepe.com.br\/xinhua\/wp-json\/wp\/v2\/posts\/3598\/revisions\/3599"}],"wp:attachment":[{"href":"https:\/\/diariodepe.com.br\/xinhua\/wp-json\/wp\/v2\/media?parent=3598"}],"wp:term":[{"taxonomy":"category","embeddable":true,"href":"https:\/\/diariodepe.com.br\/xinhua\/wp-json\/wp\/v2\/categories?post=3598"},{"taxonomy":"post_tag","embeddable":true,"href":"https:\/\/diariodepe.com.br\/xinhua\/wp-json\/wp\/v2\/tags?post=3598"}],"curies":[{"name":"wp","href":"https:\/\/api.w.org\/{rel}","templated":true}]}}