{"id":3596,"date":"2021-10-26T09:29:22","date_gmt":"2021-10-26T12:29:22","guid":{"rendered":"http:\/\/www.diariodepe.com.br\/xinhua\/?p=3596"},"modified":"2021-10-26T09:29:24","modified_gmt":"2021-10-26T12:29:24","slug":"brasil-quer-antecipar-em-2-ou-3-anos-o-objetivo-de-ter-um-desmatamento-zero-em-2030-afirma-vice-presidente","status":"publish","type":"post","link":"https:\/\/diariodepe.com.br\/xinhua\/2021\/10\/26\/brasil-quer-antecipar-em-2-ou-3-anos-o-objetivo-de-ter-um-desmatamento-zero-em-2030-afirma-vice-presidente\/","title":{"rendered":"Brasil quer antecipar &#8220;em 2 ou 3 anos o objetivo de ter um desmatamento zero em 2030&#8221;, afirma vice-presidente"},"content":{"rendered":"\n<p>Rio de Janeiro &#8212; O Brasil quer antecipar em 2 ou 3 anos o objetivo de ter um desmatamento zero em 2030, afirmou nesta segunda-feira o vice-presidente do pa\u00eds, general Hamilton Mour\u00e3o.<\/p>\n\n\n\n<p>Em uma entrevista com a imprensa estrangeira, entre a qual se encontrava a Xinhua, Mour\u00e3o falou sobre a participa\u00e7\u00e3o do Brasil na COP-26, a reuni\u00e3o da ONU sobre o clima que se realizar\u00e1 a partir do pr\u00f3ximo domingo em Glasgow e tamb\u00e9m defendeu que o pa\u00eds sul-americano deve ser recompensado pela comunidade internacional para preservar a Amaz\u00f4nia, a maior floresta do mundo.<\/p>\n\n\n\n<p>&#8220;Na COP-26 reafirmaremos nossas obriga\u00e7\u00f5es determinadas, como reduzir as emiss\u00f5es de gases causadores do efeito estufa em 37% at\u00e9 2025, e em 43% at\u00e9 2039 e a quest\u00e3o do desmatamento integral. Nossa previs\u00e3o era que o desmatamentos se reduzisse a zero em 2030, mas o que sei \u00e9 que apresentaremos metas mais ambiciosas baixando o objetivo em 2 ou 3 anos&#8221;, disse Mour\u00e3o.<\/p>\n\n\n\n<p>Nos \u00faltimos anos, o Brasil vem se tornando em um dos focos da aten\u00e7\u00e3o mundial sobre o meio ambiente devido \u00e0s altas cifras de desmatamento na Amaz\u00f4nia, considerada o pulm\u00e3o do mundo e cuja destrui\u00e7\u00e3o pode causar efeitos irrevers\u00edveis no clima mundial.<\/p>\n\n\n\n<p>Nesse sentido, Mour\u00e3o recordou que &#8220;o Brasil \u00e9 respons\u00e1vel apenas por 2,3% das emiss\u00f5es globais do efeito estufa, a maioria vinculada ao uso da terra, o que significa que se tivermos uma meta mais ambiciosa, acredito que ser\u00e1 muito bem vinda pela comunidade internacional&#8221;.<\/p>\n\n\n\n<p>O vice-presidente admitiu as dificuldades dos organismos brasileiros para combater o desmatamento e os crimes ambientais devido a imensa extens\u00e3o da floresta amaz\u00f4nica e se mostrou favor\u00e1vel a que o pa\u00eds receba uma compensa\u00e7\u00e3o mundial para preservar a Amaz\u00f4nia.<\/p>\n\n\n\n<p>&#8220;Temos um pa\u00eds de 8,5 milh\u00f5es de km2, dos quais 5 milh\u00f5es correspondem a Amaz\u00f4nia legal, ou seja quase 50% do Brasil \u00e9 o bioma da Amaz\u00f4nia. Se temos que manter intacto 80% desse bioma para cooperar com o resto do mundo e, por nossa legisla\u00e7\u00e3o, s\u00e3o 3,7 milh\u00f5es de km2 a ser preservados, umas 10 vezes o territ\u00f3rio de Alemanha, creio que devemos ser compensados por realizar esse trabalho em favor da humanidade, de forma respeitosa e usando as armas da diplomacia&#8221;, ressaltou.<\/p>\n\n\n\n<p>Mour\u00e3o, que \u00e9 presidente do Conselho Nacional da Amaz\u00f4nia Legal, defendeu os esfor\u00e7os brasileiros para preservar a Amaz\u00f4nia, destacando que &#8220;os \u00edndices de inc\u00eandio foram reduzidos em cerca de 40%, o que mostra que as a\u00e7\u00f5es da ag\u00eancias ambientais e das for\u00e7as de seguran\u00e7a come\u00e7am a dar resultado.<\/p>\n\n\n\n<p>Tamb\u00e9m reiterou que &#8220;a vis\u00e3o do estado brasileiro \u00e9 a de que o cuidado com a Amaz\u00f4nia est\u00e1 sendo feito com par\u00e2metros do s\u00e9culo XXI, considerando a vis\u00e3o da sustentabilidade, da mudan\u00e7a clim\u00e1tica e do respeito \u00e0 legisla\u00e7\u00e3o brasileira&#8221;.<\/p>\n\n\n\n<p>Nesse sentido, defendeu uma explora\u00e7\u00e3o dos recursos da Amaz\u00f4nia preservando o meio ambiente e que ajude o desenvolvimento das comunidades locais.<\/p>\n\n\n\n<p>&#8220;O desenvolvimento da Amaz\u00f4nia passa por v\u00e1rios desafios. Temos a biodiversidade e a economia e precisamos fazer uma explora\u00e7\u00e3o sustent\u00e1vel dos recursos existentes na floresta, mas n\u00e3o podemos abandonar a possibilidade de fazer extra\u00e7\u00e3o da minera\u00e7\u00e3o estrat\u00e9gica que existe na regi\u00e3o, onde h\u00e1 muitos recursos. A minera\u00e7\u00e3o estrat\u00e9gica se faz respeitando nossa legisla\u00e7\u00e3o ambiental&#8221;, comentou.<\/p>\n\n\n\n<p>Atualmente, o governo brasileiro planeja explorar umas minas de pot\u00e1ssio existentes na regi\u00e3o, algo que poderia ser feito com um cr\u00e9dito do Banco dos BRICS, o NBD.<\/p>\n\n\n\n<p>&#8220;O BRICS tem seu pr\u00f3prio banco, o NFB, que tem uma carteira para apoiar os investimentos na bioeconomia da Amaz\u00f4nia. O pot\u00e1ssio \u00e9 uma das op\u00e7\u00f5es e uma vez que haja a libera\u00e7\u00e3o da \u00e1rea ambiental e das comunidades ind\u00edgenas pr\u00f3ximas, permitir\u00e1 que o Brasil se torne praticamente autossuficiente na produ\u00e7\u00e3o do pot\u00e1ssio, que \u00e9 extremamente importante para nossa agricultura&#8221;, assegurou Mour\u00e3o.<\/p>\n\n\n\n<p>Para o vice-presidente, &#8220;o estado tem a responsabilidade de ampliar as condi\u00e7\u00f5es para que aquela regi\u00e3o n\u00e3o tenha os piores \u00edndices de desenvolvimento humano e isso passa por respeitar os mandamentos ambientais do s\u00e9culo XXI, desenvolver a bioeconomia, sem desaproveitar a riqueza mineral existente, com as limita\u00e7\u00f5es impostas pelo legisla\u00e7\u00e3o ambiental&#8221;, concluiu.<\/p>\n","protected":false},"excerpt":{"rendered":"<p>Rio de Janeiro &#8212; O Brasil quer antecipar em 2 ou 3 anos o objetivo de ter um desmatamento zero em 2030, afirmou nesta segunda-feira o vice-presidente do pa\u00eds, general Hamilton Mour\u00e3o. Em uma entrevista com a imprensa estrangeira, entre&#8230;<\/p>\n","protected":false},"author":3,"featured_media":0,"comment_status":"open","ping_status":"open","sticky":false,"template":"","format":"standard","meta":{"footnotes":""},"categories":[1],"tags":[],"class_list":["post-3596","post","type-post","status-publish","format-standard","hentry","category-geral"],"yoast_head":"<!-- This site is optimized with the Yoast SEO plugin v27.4 - https:\/\/yoast.com\/product\/yoast-seo-wordpress\/ -->\n<title>Brasil quer antecipar &quot;em 2 ou 3 anos o objetivo de ter um desmatamento zero em 2030&quot;, afirma vice-presidente - Xinhua - Diario de Pernambuco<\/title>\n<meta name=\"robots\" content=\"index, follow, max-snippet:-1, max-image-preview:large, max-video-preview:-1\" \/>\n<link rel=\"canonical\" href=\"https:\/\/diariodepe.com.br\/xinhua\/2021\/10\/26\/brasil-quer-antecipar-em-2-ou-3-anos-o-objetivo-de-ter-um-desmatamento-zero-em-2030-afirma-vice-presidente\/\" \/>\n<meta property=\"og:locale\" content=\"pt_BR\" \/>\n<meta property=\"og:type\" content=\"article\" \/>\n<meta property=\"og:title\" content=\"Brasil quer antecipar &quot;em 2 ou 3 anos o objetivo de ter um desmatamento zero em 2030&quot;, afirma vice-presidente - Xinhua - Diario de Pernambuco\" \/>\n<meta property=\"og:description\" content=\"Rio de Janeiro &#8212; O Brasil quer antecipar em 2 ou 3 anos o objetivo de ter um desmatamento zero em 2030, afirmou nesta segunda-feira o vice-presidente do pa\u00eds, general Hamilton Mour\u00e3o. Em uma entrevista com a imprensa estrangeira, entre...\" \/>\n<meta property=\"og:url\" content=\"https:\/\/diariodepe.com.br\/xinhua\/2021\/10\/26\/brasil-quer-antecipar-em-2-ou-3-anos-o-objetivo-de-ter-um-desmatamento-zero-em-2030-afirma-vice-presidente\/\" \/>\n<meta property=\"og:site_name\" content=\"Xinhua - Diario de Pernambuco\" \/>\n<meta property=\"article:published_time\" content=\"2021-10-26T12:29:22+00:00\" \/>\n<meta property=\"article:modified_time\" content=\"2021-10-26T12:29:24+00:00\" \/>\n<meta name=\"author\" content=\"Marcelo Oliveira de A. Maranhao\" \/>\n<meta name=\"twitter:card\" content=\"summary_large_image\" \/>\n<meta name=\"twitter:label1\" content=\"Escrito por\" \/>\n\t<meta name=\"twitter:data1\" content=\"Marcelo Oliveira de A. Maranhao\" \/>\n\t<meta name=\"twitter:label2\" content=\"Est. tempo de leitura\" \/>\n\t<meta name=\"twitter:data2\" content=\"3 minutos\" \/>\n<script type=\"application\/ld+json\" class=\"yoast-schema-graph\">{\"@context\":\"https:\\\/\\\/schema.org\",\"@graph\":[{\"@type\":\"Article\",\"@id\":\"https:\\\/\\\/diariodepe.com.br\\\/xinhua\\\/2021\\\/10\\\/26\\\/brasil-quer-antecipar-em-2-ou-3-anos-o-objetivo-de-ter-um-desmatamento-zero-em-2030-afirma-vice-presidente\\\/#article\",\"isPartOf\":{\"@id\":\"https:\\\/\\\/diariodepe.com.br\\\/xinhua\\\/2021\\\/10\\\/26\\\/brasil-quer-antecipar-em-2-ou-3-anos-o-objetivo-de-ter-um-desmatamento-zero-em-2030-afirma-vice-presidente\\\/\"},\"author\":{\"name\":\"Marcelo Oliveira de A. Maranhao\",\"@id\":\"https:\\\/\\\/diariodepe.com.br\\\/xinhua\\\/#\\\/schema\\\/person\\\/0943d6fd02bdc7b49c8f495e8787a2cb\"},\"headline\":\"Brasil quer antecipar &#8220;em 2 ou 3 anos o objetivo de ter um desmatamento zero em 2030&#8221;, afirma vice-presidente\",\"datePublished\":\"2021-10-26T12:29:22+00:00\",\"dateModified\":\"2021-10-26T12:29:24+00:00\",\"mainEntityOfPage\":{\"@id\":\"https:\\\/\\\/diariodepe.com.br\\\/xinhua\\\/2021\\\/10\\\/26\\\/brasil-quer-antecipar-em-2-ou-3-anos-o-objetivo-de-ter-um-desmatamento-zero-em-2030-afirma-vice-presidente\\\/\"},\"wordCount\":749,\"commentCount\":0,\"publisher\":{\"@id\":\"https:\\\/\\\/diariodepe.com.br\\\/xinhua\\\/#organization\"},\"articleSection\":[\"Geral\"],\"inLanguage\":\"pt-BR\",\"potentialAction\":[{\"@type\":\"CommentAction\",\"name\":\"Comment\",\"target\":[\"https:\\\/\\\/diariodepe.com.br\\\/xinhua\\\/2021\\\/10\\\/26\\\/brasil-quer-antecipar-em-2-ou-3-anos-o-objetivo-de-ter-um-desmatamento-zero-em-2030-afirma-vice-presidente\\\/#respond\"]}]},{\"@type\":\"WebPage\",\"@id\":\"https:\\\/\\\/diariodepe.com.br\\\/xinhua\\\/2021\\\/10\\\/26\\\/brasil-quer-antecipar-em-2-ou-3-anos-o-objetivo-de-ter-um-desmatamento-zero-em-2030-afirma-vice-presidente\\\/\",\"url\":\"https:\\\/\\\/diariodepe.com.br\\\/xinhua\\\/2021\\\/10\\\/26\\\/brasil-quer-antecipar-em-2-ou-3-anos-o-objetivo-de-ter-um-desmatamento-zero-em-2030-afirma-vice-presidente\\\/\",\"name\":\"Brasil quer antecipar \\\"em 2 ou 3 anos o objetivo de ter um desmatamento zero em 2030\\\", afirma vice-presidente - Xinhua - Diario de Pernambuco\",\"isPartOf\":{\"@id\":\"https:\\\/\\\/diariodepe.com.br\\\/xinhua\\\/#website\"},\"datePublished\":\"2021-10-26T12:29:22+00:00\",\"dateModified\":\"2021-10-26T12:29:24+00:00\",\"breadcrumb\":{\"@id\":\"https:\\\/\\\/diariodepe.com.br\\\/xinhua\\\/2021\\\/10\\\/26\\\/brasil-quer-antecipar-em-2-ou-3-anos-o-objetivo-de-ter-um-desmatamento-zero-em-2030-afirma-vice-presidente\\\/#breadcrumb\"},\"inLanguage\":\"pt-BR\",\"potentialAction\":[{\"@type\":\"ReadAction\",\"target\":[\"https:\\\/\\\/diariodepe.com.br\\\/xinhua\\\/2021\\\/10\\\/26\\\/brasil-quer-antecipar-em-2-ou-3-anos-o-objetivo-de-ter-um-desmatamento-zero-em-2030-afirma-vice-presidente\\\/\"]}]},{\"@type\":\"BreadcrumbList\",\"@id\":\"https:\\\/\\\/diariodepe.com.br\\\/xinhua\\\/2021\\\/10\\\/26\\\/brasil-quer-antecipar-em-2-ou-3-anos-o-objetivo-de-ter-um-desmatamento-zero-em-2030-afirma-vice-presidente\\\/#breadcrumb\",\"itemListElement\":[{\"@type\":\"ListItem\",\"position\":1,\"name\":\"In\u00edcio\",\"item\":\"https:\\\/\\\/diariodepe.com.br\\\/xinhua\\\/\"},{\"@type\":\"ListItem\",\"position\":2,\"name\":\"Brasil quer antecipar &#8220;em 2 ou 3 anos o objetivo de ter um desmatamento zero em 2030&#8221;, afirma vice-presidente\"}]},{\"@type\":\"WebSite\",\"@id\":\"https:\\\/\\\/diariodepe.com.br\\\/xinhua\\\/#website\",\"url\":\"https:\\\/\\\/diariodepe.com.br\\\/xinhua\\\/\",\"name\":\"Xinhua - Diario de Pernambuco\",\"description\":\"A maior ag\u00eancia de not\u00edcias da China e um dos principais canais para conhecer o pa\u00eds\",\"publisher\":{\"@id\":\"https:\\\/\\\/diariodepe.com.br\\\/xinhua\\\/#organization\"},\"potentialAction\":[{\"@type\":\"SearchAction\",\"target\":{\"@type\":\"EntryPoint\",\"urlTemplate\":\"https:\\\/\\\/diariodepe.com.br\\\/xinhua\\\/?s={search_term_string}\"},\"query-input\":{\"@type\":\"PropertyValueSpecification\",\"valueRequired\":true,\"valueName\":\"search_term_string\"}}],\"inLanguage\":\"pt-BR\"},{\"@type\":\"Organization\",\"@id\":\"https:\\\/\\\/diariodepe.com.br\\\/xinhua\\\/#organization\",\"name\":\"Xinhua - Diario de Pernambuco\",\"url\":\"https:\\\/\\\/diariodepe.com.br\\\/xinhua\\\/\",\"logo\":{\"@type\":\"ImageObject\",\"inLanguage\":\"pt-BR\",\"@id\":\"https:\\\/\\\/diariodepe.com.br\\\/xinhua\\\/#\\\/schema\\\/logo\\\/image\\\/\",\"url\":\"https:\\\/\\\/diariodepe.com.br\\\/xinhua\\\/wp-content\\\/uploads\\\/sites\\\/3\\\/2020\\\/10\\\/cropped-logo-transparente-2.png\",\"contentUrl\":\"https:\\\/\\\/diariodepe.com.br\\\/xinhua\\\/wp-content\\\/uploads\\\/sites\\\/3\\\/2020\\\/10\\\/cropped-logo-transparente-2.png\",\"width\":512,\"height\":164,\"caption\":\"Xinhua - Diario de Pernambuco\"},\"image\":{\"@id\":\"https:\\\/\\\/diariodepe.com.br\\\/xinhua\\\/#\\\/schema\\\/logo\\\/image\\\/\"}},{\"@type\":\"Person\",\"@id\":\"https:\\\/\\\/diariodepe.com.br\\\/xinhua\\\/#\\\/schema\\\/person\\\/0943d6fd02bdc7b49c8f495e8787a2cb\",\"name\":\"Marcelo Oliveira de A. Maranhao\",\"image\":{\"@type\":\"ImageObject\",\"inLanguage\":\"pt-BR\",\"@id\":\"https:\\\/\\\/secure.gravatar.com\\\/avatar\\\/f562caee940d39879c20e90eea3e4b21860c7d4c96684c23141c554824f0059c?s=96&d=mm&r=g\",\"url\":\"https:\\\/\\\/secure.gravatar.com\\\/avatar\\\/f562caee940d39879c20e90eea3e4b21860c7d4c96684c23141c554824f0059c?s=96&d=mm&r=g\",\"contentUrl\":\"https:\\\/\\\/secure.gravatar.com\\\/avatar\\\/f562caee940d39879c20e90eea3e4b21860c7d4c96684c23141c554824f0059c?s=96&d=mm&r=g\",\"caption\":\"Marcelo Oliveira de A. Maranhao\"},\"url\":\"https:\\\/\\\/diariodepe.com.br\\\/xinhua\\\/author\\\/marcelo-maranhao\\\/\"}]}<\/script>\n<!-- \/ Yoast SEO plugin. -->","yoast_head_json":{"title":"Brasil quer antecipar \"em 2 ou 3 anos o objetivo de ter um desmatamento zero em 2030\", afirma vice-presidente - Xinhua - Diario de Pernambuco","robots":{"index":"index","follow":"follow","max-snippet":"max-snippet:-1","max-image-preview":"max-image-preview:large","max-video-preview":"max-video-preview:-1"},"canonical":"https:\/\/diariodepe.com.br\/xinhua\/2021\/10\/26\/brasil-quer-antecipar-em-2-ou-3-anos-o-objetivo-de-ter-um-desmatamento-zero-em-2030-afirma-vice-presidente\/","og_locale":"pt_BR","og_type":"article","og_title":"Brasil quer antecipar \"em 2 ou 3 anos o objetivo de ter um desmatamento zero em 2030\", afirma vice-presidente - Xinhua - Diario de Pernambuco","og_description":"Rio de Janeiro &#8212; O Brasil quer antecipar em 2 ou 3 anos o objetivo de ter um desmatamento zero em 2030, afirmou nesta segunda-feira o vice-presidente do pa\u00eds, general Hamilton Mour\u00e3o. Em uma entrevista com a imprensa estrangeira, entre...","og_url":"https:\/\/diariodepe.com.br\/xinhua\/2021\/10\/26\/brasil-quer-antecipar-em-2-ou-3-anos-o-objetivo-de-ter-um-desmatamento-zero-em-2030-afirma-vice-presidente\/","og_site_name":"Xinhua - Diario de Pernambuco","article_published_time":"2021-10-26T12:29:22+00:00","article_modified_time":"2021-10-26T12:29:24+00:00","author":"Marcelo Oliveira de A. Maranhao","twitter_card":"summary_large_image","twitter_misc":{"Escrito por":"Marcelo Oliveira de A. Maranhao","Est. tempo de leitura":"3 minutos"},"schema":{"@context":"https:\/\/schema.org","@graph":[{"@type":"Article","@id":"https:\/\/diariodepe.com.br\/xinhua\/2021\/10\/26\/brasil-quer-antecipar-em-2-ou-3-anos-o-objetivo-de-ter-um-desmatamento-zero-em-2030-afirma-vice-presidente\/#article","isPartOf":{"@id":"https:\/\/diariodepe.com.br\/xinhua\/2021\/10\/26\/brasil-quer-antecipar-em-2-ou-3-anos-o-objetivo-de-ter-um-desmatamento-zero-em-2030-afirma-vice-presidente\/"},"author":{"name":"Marcelo Oliveira de A. Maranhao","@id":"https:\/\/diariodepe.com.br\/xinhua\/#\/schema\/person\/0943d6fd02bdc7b49c8f495e8787a2cb"},"headline":"Brasil quer antecipar &#8220;em 2 ou 3 anos o objetivo de ter um desmatamento zero em 2030&#8221;, afirma vice-presidente","datePublished":"2021-10-26T12:29:22+00:00","dateModified":"2021-10-26T12:29:24+00:00","mainEntityOfPage":{"@id":"https:\/\/diariodepe.com.br\/xinhua\/2021\/10\/26\/brasil-quer-antecipar-em-2-ou-3-anos-o-objetivo-de-ter-um-desmatamento-zero-em-2030-afirma-vice-presidente\/"},"wordCount":749,"commentCount":0,"publisher":{"@id":"https:\/\/diariodepe.com.br\/xinhua\/#organization"},"articleSection":["Geral"],"inLanguage":"pt-BR","potentialAction":[{"@type":"CommentAction","name":"Comment","target":["https:\/\/diariodepe.com.br\/xinhua\/2021\/10\/26\/brasil-quer-antecipar-em-2-ou-3-anos-o-objetivo-de-ter-um-desmatamento-zero-em-2030-afirma-vice-presidente\/#respond"]}]},{"@type":"WebPage","@id":"https:\/\/diariodepe.com.br\/xinhua\/2021\/10\/26\/brasil-quer-antecipar-em-2-ou-3-anos-o-objetivo-de-ter-um-desmatamento-zero-em-2030-afirma-vice-presidente\/","url":"https:\/\/diariodepe.com.br\/xinhua\/2021\/10\/26\/brasil-quer-antecipar-em-2-ou-3-anos-o-objetivo-de-ter-um-desmatamento-zero-em-2030-afirma-vice-presidente\/","name":"Brasil quer antecipar \"em 2 ou 3 anos o objetivo de ter um desmatamento zero em 2030\", afirma vice-presidente - Xinhua - Diario de Pernambuco","isPartOf":{"@id":"https:\/\/diariodepe.com.br\/xinhua\/#website"},"datePublished":"2021-10-26T12:29:22+00:00","dateModified":"2021-10-26T12:29:24+00:00","breadcrumb":{"@id":"https:\/\/diariodepe.com.br\/xinhua\/2021\/10\/26\/brasil-quer-antecipar-em-2-ou-3-anos-o-objetivo-de-ter-um-desmatamento-zero-em-2030-afirma-vice-presidente\/#breadcrumb"},"inLanguage":"pt-BR","potentialAction":[{"@type":"ReadAction","target":["https:\/\/diariodepe.com.br\/xinhua\/2021\/10\/26\/brasil-quer-antecipar-em-2-ou-3-anos-o-objetivo-de-ter-um-desmatamento-zero-em-2030-afirma-vice-presidente\/"]}]},{"@type":"BreadcrumbList","@id":"https:\/\/diariodepe.com.br\/xinhua\/2021\/10\/26\/brasil-quer-antecipar-em-2-ou-3-anos-o-objetivo-de-ter-um-desmatamento-zero-em-2030-afirma-vice-presidente\/#breadcrumb","itemListElement":[{"@type":"ListItem","position":1,"name":"In\u00edcio","item":"https:\/\/diariodepe.com.br\/xinhua\/"},{"@type":"ListItem","position":2,"name":"Brasil quer antecipar &#8220;em 2 ou 3 anos o objetivo de ter um desmatamento zero em 2030&#8221;, afirma vice-presidente"}]},{"@type":"WebSite","@id":"https:\/\/diariodepe.com.br\/xinhua\/#website","url":"https:\/\/diariodepe.com.br\/xinhua\/","name":"Xinhua - Diario de Pernambuco","description":"A maior ag\u00eancia de not\u00edcias da China e um dos principais canais para conhecer o pa\u00eds","publisher":{"@id":"https:\/\/diariodepe.com.br\/xinhua\/#organization"},"potentialAction":[{"@type":"SearchAction","target":{"@type":"EntryPoint","urlTemplate":"https:\/\/diariodepe.com.br\/xinhua\/?s={search_term_string}"},"query-input":{"@type":"PropertyValueSpecification","valueRequired":true,"valueName":"search_term_string"}}],"inLanguage":"pt-BR"},{"@type":"Organization","@id":"https:\/\/diariodepe.com.br\/xinhua\/#organization","name":"Xinhua - Diario de Pernambuco","url":"https:\/\/diariodepe.com.br\/xinhua\/","logo":{"@type":"ImageObject","inLanguage":"pt-BR","@id":"https:\/\/diariodepe.com.br\/xinhua\/#\/schema\/logo\/image\/","url":"https:\/\/diariodepe.com.br\/xinhua\/wp-content\/uploads\/sites\/3\/2020\/10\/cropped-logo-transparente-2.png","contentUrl":"https:\/\/diariodepe.com.br\/xinhua\/wp-content\/uploads\/sites\/3\/2020\/10\/cropped-logo-transparente-2.png","width":512,"height":164,"caption":"Xinhua - Diario de Pernambuco"},"image":{"@id":"https:\/\/diariodepe.com.br\/xinhua\/#\/schema\/logo\/image\/"}},{"@type":"Person","@id":"https:\/\/diariodepe.com.br\/xinhua\/#\/schema\/person\/0943d6fd02bdc7b49c8f495e8787a2cb","name":"Marcelo Oliveira de A. Maranhao","image":{"@type":"ImageObject","inLanguage":"pt-BR","@id":"https:\/\/secure.gravatar.com\/avatar\/f562caee940d39879c20e90eea3e4b21860c7d4c96684c23141c554824f0059c?s=96&d=mm&r=g","url":"https:\/\/secure.gravatar.com\/avatar\/f562caee940d39879c20e90eea3e4b21860c7d4c96684c23141c554824f0059c?s=96&d=mm&r=g","contentUrl":"https:\/\/secure.gravatar.com\/avatar\/f562caee940d39879c20e90eea3e4b21860c7d4c96684c23141c554824f0059c?s=96&d=mm&r=g","caption":"Marcelo Oliveira de A. Maranhao"},"url":"https:\/\/diariodepe.com.br\/xinhua\/author\/marcelo-maranhao\/"}]}},"cc_featured_image_caption":{"caption_text":"","source_text":"","source_url":""},"amp_enabled":true,"_links":{"self":[{"href":"https:\/\/diariodepe.com.br\/xinhua\/wp-json\/wp\/v2\/posts\/3596","targetHints":{"allow":["GET"]}}],"collection":[{"href":"https:\/\/diariodepe.com.br\/xinhua\/wp-json\/wp\/v2\/posts"}],"about":[{"href":"https:\/\/diariodepe.com.br\/xinhua\/wp-json\/wp\/v2\/types\/post"}],"author":[{"embeddable":true,"href":"https:\/\/diariodepe.com.br\/xinhua\/wp-json\/wp\/v2\/users\/3"}],"replies":[{"embeddable":true,"href":"https:\/\/diariodepe.com.br\/xinhua\/wp-json\/wp\/v2\/comments?post=3596"}],"version-history":[{"count":1,"href":"https:\/\/diariodepe.com.br\/xinhua\/wp-json\/wp\/v2\/posts\/3596\/revisions"}],"predecessor-version":[{"id":3597,"href":"https:\/\/diariodepe.com.br\/xinhua\/wp-json\/wp\/v2\/posts\/3596\/revisions\/3597"}],"wp:attachment":[{"href":"https:\/\/diariodepe.com.br\/xinhua\/wp-json\/wp\/v2\/media?parent=3596"}],"wp:term":[{"taxonomy":"category","embeddable":true,"href":"https:\/\/diariodepe.com.br\/xinhua\/wp-json\/wp\/v2\/categories?post=3596"},{"taxonomy":"post_tag","embeddable":true,"href":"https:\/\/diariodepe.com.br\/xinhua\/wp-json\/wp\/v2\/tags?post=3596"}],"curies":[{"name":"wp","href":"https:\/\/api.w.org\/{rel}","templated":true}]}}