{"id":3546,"date":"2021-10-22T10:03:49","date_gmt":"2021-10-22T13:03:49","guid":{"rendered":"http:\/\/www.diariodepe.com.br\/xinhua\/?p=3546"},"modified":"2021-10-22T10:03:52","modified_gmt":"2021-10-22T13:03:52","slug":"ccppc-condena-e-se-opoe-fortemente-a-relatorio-sobre-lacos-ue-taiwan","status":"publish","type":"post","link":"https:\/\/diariodepe.com.br\/xinhua\/2021\/10\/22\/ccppc-condena-e-se-opoe-fortemente-a-relatorio-sobre-lacos-ue-taiwan\/","title":{"rendered":"CCPPC condena e se op\u00f5e fortemente a relat\u00f3rio sobre la\u00e7os UE-Taiwan"},"content":{"rendered":"\n<p>Beijing &#8212; A Confer\u00eancia Consultiva Pol\u00edtica do Povo Chin\u00eas (CCPPC) declarou nesta quinta-feira que condenou veementemente e rejeitou firmemente um relat\u00f3rio sobre as chamadas rela\u00e7\u00f5es pol\u00edticas e coopera\u00e7\u00e3o entre a Uni\u00e3o Europeia (UE) e Taiwan, que foi recentemente adotado pelo Parlamento Europeu.<\/p>\n\n\n\n<p>O Comit\u00ea das Rela\u00e7\u00f5es Exteriores do Comit\u00ea Nacional da CCPPC disse em um comunicado que o Parlamento Europeu adotou obstinadamente o assim chamado relat\u00f3rio, e fez uma trama promovendo as rela\u00e7\u00f5es com Taiwan, violando seriamente as normas b\u00e1sicas das rela\u00e7\u00f5es internacionais, o princ\u00edpio de Uma S\u00f3 China, os compromissos assumidos abertamente pela UE sobre a quest\u00e3o de Taiwan quando a China e a UE estabeleceram rela\u00e7\u00f5es diplom\u00e1ticas, e prejudicando seriamente a confian\u00e7a m\u00fatua e a coopera\u00e7\u00e3o entre a China e a UE.<\/p>\n\n\n\n<p>&#8220;Condenamos veementemente e rejeitamos firmemente isto&#8221;, afirmou.<\/p>\n\n\n\n<p>H\u00e1 apenas uma China no mundo e Taiwan \u00e9 uma parte inalien\u00e1vel do territ\u00f3rio chin\u00eas. O princ\u00edpio de Uma S\u00f3 China \u00e9 uma norma reconhecida nas rela\u00e7\u00f5es internacionais, um consenso internacional e a base pol\u00edtica das rela\u00e7\u00f5es diplom\u00e1ticas da China com a UE.<\/p>\n\n\n\n<p>No comunicado, a CCPPC enfatizou que os assuntos do povo chin\u00eas s\u00e3o decididos pelo pr\u00f3prio povo chin\u00eas, e que a quest\u00e3o de Taiwan, que diz respeito aos interesses centrais da China e \u00e9 puramente um assunto interno da China, n\u00e3o permite nenhuma interfer\u00eancia estrangeira. Ningu\u00e9m deve depreciar a forte resolu\u00e7\u00e3o, determina\u00e7\u00e3o e capacidade do povo chin\u00eas de salvaguardar sua soberania nacional e sua integridade territorial.<\/p>\n\n\n\n<p>&#8220;Instamos as institui\u00e7\u00f5es relevantes da UE a ser prudentes em suas palavras e atos, evitar prejudicar a soberania e a integridade territorial da China de qualquer forma, n\u00e3o enviar sinais err\u00f4neos \u00e0s for\u00e7as separatistas da &#8220;independ\u00eancia de Taiwan&#8221;, respeitar o princ\u00edpio de Uma S\u00f3 China, cumprir sinceramente os compromissos assumidos abertamente pela UE sobre a quest\u00e3o de Taiwan, salvaguardar a base pol\u00edtica para o desenvolvimento das rela\u00e7\u00f5es China-UE com a\u00e7\u00f5es pr\u00e1ticas, consolidar a confian\u00e7a m\u00fatua e a coopera\u00e7\u00e3o entre a China e a UE e garantir o desenvolvimento est\u00e1vel e sustent\u00e1vel das rela\u00e7\u00f5es bilaterais&#8221;, sublinhou.<\/p>\n","protected":false},"excerpt":{"rendered":"<p>Beijing &#8212; A Confer\u00eancia Consultiva Pol\u00edtica do Povo Chin\u00eas (CCPPC) declarou nesta quinta-feira que condenou veementemente e rejeitou firmemente um relat\u00f3rio sobre as chamadas rela\u00e7\u00f5es pol\u00edticas e coopera\u00e7\u00e3o entre a Uni\u00e3o Europeia (UE) e Taiwan, que foi recentemente adotado pelo&#8230;<\/p>\n","protected":false},"author":3,"featured_media":0,"comment_status":"open","ping_status":"open","sticky":false,"template":"","format":"standard","meta":{"footnotes":""},"categories":[4],"tags":[],"class_list":["post-3546","post","type-post","status-publish","format-standard","hentry","category-internacional"],"yoast_head":"<!-- This site is optimized with the Yoast SEO plugin v27.4 - https:\/\/yoast.com\/product\/yoast-seo-wordpress\/ -->\n<title>CCPPC condena e se op\u00f5e fortemente a relat\u00f3rio sobre la\u00e7os UE-Taiwan - Xinhua - Diario de Pernambuco<\/title>\n<meta name=\"robots\" content=\"index, follow, max-snippet:-1, max-image-preview:large, max-video-preview:-1\" \/>\n<link rel=\"canonical\" href=\"https:\/\/diariodepe.com.br\/xinhua\/2021\/10\/22\/ccppc-condena-e-se-opoe-fortemente-a-relatorio-sobre-lacos-ue-taiwan\/\" \/>\n<meta property=\"og:locale\" content=\"pt_BR\" \/>\n<meta property=\"og:type\" content=\"article\" \/>\n<meta property=\"og:title\" content=\"CCPPC condena e se op\u00f5e fortemente a relat\u00f3rio sobre la\u00e7os UE-Taiwan - Xinhua - Diario de Pernambuco\" \/>\n<meta property=\"og:description\" content=\"Beijing &#8212; A Confer\u00eancia Consultiva Pol\u00edtica do Povo Chin\u00eas (CCPPC) declarou nesta quinta-feira que condenou veementemente e rejeitou firmemente um relat\u00f3rio sobre as chamadas rela\u00e7\u00f5es pol\u00edticas e coopera\u00e7\u00e3o entre a Uni\u00e3o Europeia (UE) e Taiwan, que foi recentemente adotado pelo...\" \/>\n<meta property=\"og:url\" content=\"https:\/\/diariodepe.com.br\/xinhua\/2021\/10\/22\/ccppc-condena-e-se-opoe-fortemente-a-relatorio-sobre-lacos-ue-taiwan\/\" \/>\n<meta property=\"og:site_name\" content=\"Xinhua - Diario de Pernambuco\" \/>\n<meta property=\"article:published_time\" content=\"2021-10-22T13:03:49+00:00\" \/>\n<meta property=\"article:modified_time\" content=\"2021-10-22T13:03:52+00:00\" \/>\n<meta name=\"author\" content=\"Marcelo Oliveira de A. Maranhao\" \/>\n<meta name=\"twitter:card\" content=\"summary_large_image\" \/>\n<meta name=\"twitter:label1\" content=\"Escrito por\" \/>\n\t<meta name=\"twitter:data1\" content=\"Marcelo Oliveira de A. Maranhao\" \/>\n\t<meta name=\"twitter:label2\" content=\"Est. tempo de leitura\" \/>\n\t<meta name=\"twitter:data2\" content=\"2 minutos\" \/>\n<script type=\"application\/ld+json\" class=\"yoast-schema-graph\">{\"@context\":\"https:\\\/\\\/schema.org\",\"@graph\":[{\"@type\":\"Article\",\"@id\":\"https:\\\/\\\/diariodepe.com.br\\\/xinhua\\\/2021\\\/10\\\/22\\\/ccppc-condena-e-se-opoe-fortemente-a-relatorio-sobre-lacos-ue-taiwan\\\/#article\",\"isPartOf\":{\"@id\":\"https:\\\/\\\/diariodepe.com.br\\\/xinhua\\\/2021\\\/10\\\/22\\\/ccppc-condena-e-se-opoe-fortemente-a-relatorio-sobre-lacos-ue-taiwan\\\/\"},\"author\":{\"name\":\"Marcelo Oliveira de A. Maranhao\",\"@id\":\"https:\\\/\\\/diariodepe.com.br\\\/xinhua\\\/#\\\/schema\\\/person\\\/0943d6fd02bdc7b49c8f495e8787a2cb\"},\"headline\":\"CCPPC condena e se op\u00f5e fortemente a relat\u00f3rio sobre la\u00e7os UE-Taiwan\",\"datePublished\":\"2021-10-22T13:03:49+00:00\",\"dateModified\":\"2021-10-22T13:03:52+00:00\",\"mainEntityOfPage\":{\"@id\":\"https:\\\/\\\/diariodepe.com.br\\\/xinhua\\\/2021\\\/10\\\/22\\\/ccppc-condena-e-se-opoe-fortemente-a-relatorio-sobre-lacos-ue-taiwan\\\/\"},\"wordCount\":401,\"commentCount\":0,\"publisher\":{\"@id\":\"https:\\\/\\\/diariodepe.com.br\\\/xinhua\\\/#organization\"},\"articleSection\":[\"Internacional\"],\"inLanguage\":\"pt-BR\",\"potentialAction\":[{\"@type\":\"CommentAction\",\"name\":\"Comment\",\"target\":[\"https:\\\/\\\/diariodepe.com.br\\\/xinhua\\\/2021\\\/10\\\/22\\\/ccppc-condena-e-se-opoe-fortemente-a-relatorio-sobre-lacos-ue-taiwan\\\/#respond\"]}]},{\"@type\":\"WebPage\",\"@id\":\"https:\\\/\\\/diariodepe.com.br\\\/xinhua\\\/2021\\\/10\\\/22\\\/ccppc-condena-e-se-opoe-fortemente-a-relatorio-sobre-lacos-ue-taiwan\\\/\",\"url\":\"https:\\\/\\\/diariodepe.com.br\\\/xinhua\\\/2021\\\/10\\\/22\\\/ccppc-condena-e-se-opoe-fortemente-a-relatorio-sobre-lacos-ue-taiwan\\\/\",\"name\":\"CCPPC condena e se op\u00f5e fortemente a relat\u00f3rio sobre la\u00e7os UE-Taiwan - Xinhua - Diario de Pernambuco\",\"isPartOf\":{\"@id\":\"https:\\\/\\\/diariodepe.com.br\\\/xinhua\\\/#website\"},\"datePublished\":\"2021-10-22T13:03:49+00:00\",\"dateModified\":\"2021-10-22T13:03:52+00:00\",\"breadcrumb\":{\"@id\":\"https:\\\/\\\/diariodepe.com.br\\\/xinhua\\\/2021\\\/10\\\/22\\\/ccppc-condena-e-se-opoe-fortemente-a-relatorio-sobre-lacos-ue-taiwan\\\/#breadcrumb\"},\"inLanguage\":\"pt-BR\",\"potentialAction\":[{\"@type\":\"ReadAction\",\"target\":[\"https:\\\/\\\/diariodepe.com.br\\\/xinhua\\\/2021\\\/10\\\/22\\\/ccppc-condena-e-se-opoe-fortemente-a-relatorio-sobre-lacos-ue-taiwan\\\/\"]}]},{\"@type\":\"BreadcrumbList\",\"@id\":\"https:\\\/\\\/diariodepe.com.br\\\/xinhua\\\/2021\\\/10\\\/22\\\/ccppc-condena-e-se-opoe-fortemente-a-relatorio-sobre-lacos-ue-taiwan\\\/#breadcrumb\",\"itemListElement\":[{\"@type\":\"ListItem\",\"position\":1,\"name\":\"In\u00edcio\",\"item\":\"https:\\\/\\\/diariodepe.com.br\\\/xinhua\\\/\"},{\"@type\":\"ListItem\",\"position\":2,\"name\":\"CCPPC condena e se op\u00f5e fortemente a relat\u00f3rio sobre la\u00e7os UE-Taiwan\"}]},{\"@type\":\"WebSite\",\"@id\":\"https:\\\/\\\/diariodepe.com.br\\\/xinhua\\\/#website\",\"url\":\"https:\\\/\\\/diariodepe.com.br\\\/xinhua\\\/\",\"name\":\"Xinhua - Diario de Pernambuco\",\"description\":\"A maior ag\u00eancia de not\u00edcias da China e um dos principais canais para conhecer o pa\u00eds\",\"publisher\":{\"@id\":\"https:\\\/\\\/diariodepe.com.br\\\/xinhua\\\/#organization\"},\"potentialAction\":[{\"@type\":\"SearchAction\",\"target\":{\"@type\":\"EntryPoint\",\"urlTemplate\":\"https:\\\/\\\/diariodepe.com.br\\\/xinhua\\\/?s={search_term_string}\"},\"query-input\":{\"@type\":\"PropertyValueSpecification\",\"valueRequired\":true,\"valueName\":\"search_term_string\"}}],\"inLanguage\":\"pt-BR\"},{\"@type\":\"Organization\",\"@id\":\"https:\\\/\\\/diariodepe.com.br\\\/xinhua\\\/#organization\",\"name\":\"Xinhua - Diario de Pernambuco\",\"url\":\"https:\\\/\\\/diariodepe.com.br\\\/xinhua\\\/\",\"logo\":{\"@type\":\"ImageObject\",\"inLanguage\":\"pt-BR\",\"@id\":\"https:\\\/\\\/diariodepe.com.br\\\/xinhua\\\/#\\\/schema\\\/logo\\\/image\\\/\",\"url\":\"https:\\\/\\\/diariodepe.com.br\\\/xinhua\\\/wp-content\\\/uploads\\\/sites\\\/3\\\/2020\\\/10\\\/cropped-logo-transparente-2.png\",\"contentUrl\":\"https:\\\/\\\/diariodepe.com.br\\\/xinhua\\\/wp-content\\\/uploads\\\/sites\\\/3\\\/2020\\\/10\\\/cropped-logo-transparente-2.png\",\"width\":512,\"height\":164,\"caption\":\"Xinhua - Diario de Pernambuco\"},\"image\":{\"@id\":\"https:\\\/\\\/diariodepe.com.br\\\/xinhua\\\/#\\\/schema\\\/logo\\\/image\\\/\"}},{\"@type\":\"Person\",\"@id\":\"https:\\\/\\\/diariodepe.com.br\\\/xinhua\\\/#\\\/schema\\\/person\\\/0943d6fd02bdc7b49c8f495e8787a2cb\",\"name\":\"Marcelo Oliveira de A. Maranhao\",\"image\":{\"@type\":\"ImageObject\",\"inLanguage\":\"pt-BR\",\"@id\":\"https:\\\/\\\/secure.gravatar.com\\\/avatar\\\/f562caee940d39879c20e90eea3e4b21860c7d4c96684c23141c554824f0059c?s=96&d=mm&r=g\",\"url\":\"https:\\\/\\\/secure.gravatar.com\\\/avatar\\\/f562caee940d39879c20e90eea3e4b21860c7d4c96684c23141c554824f0059c?s=96&d=mm&r=g\",\"contentUrl\":\"https:\\\/\\\/secure.gravatar.com\\\/avatar\\\/f562caee940d39879c20e90eea3e4b21860c7d4c96684c23141c554824f0059c?s=96&d=mm&r=g\",\"caption\":\"Marcelo Oliveira de A. Maranhao\"},\"url\":\"https:\\\/\\\/diariodepe.com.br\\\/xinhua\\\/author\\\/marcelo-maranhao\\\/\"}]}<\/script>\n<!-- \/ Yoast SEO plugin. -->","yoast_head_json":{"title":"CCPPC condena e se op\u00f5e fortemente a relat\u00f3rio sobre la\u00e7os UE-Taiwan - Xinhua - Diario de Pernambuco","robots":{"index":"index","follow":"follow","max-snippet":"max-snippet:-1","max-image-preview":"max-image-preview:large","max-video-preview":"max-video-preview:-1"},"canonical":"https:\/\/diariodepe.com.br\/xinhua\/2021\/10\/22\/ccppc-condena-e-se-opoe-fortemente-a-relatorio-sobre-lacos-ue-taiwan\/","og_locale":"pt_BR","og_type":"article","og_title":"CCPPC condena e se op\u00f5e fortemente a relat\u00f3rio sobre la\u00e7os UE-Taiwan - Xinhua - Diario de Pernambuco","og_description":"Beijing &#8212; A Confer\u00eancia Consultiva Pol\u00edtica do Povo Chin\u00eas (CCPPC) declarou nesta quinta-feira que condenou veementemente e rejeitou firmemente um relat\u00f3rio sobre as chamadas rela\u00e7\u00f5es pol\u00edticas e coopera\u00e7\u00e3o entre a Uni\u00e3o Europeia (UE) e Taiwan, que foi recentemente adotado pelo...","og_url":"https:\/\/diariodepe.com.br\/xinhua\/2021\/10\/22\/ccppc-condena-e-se-opoe-fortemente-a-relatorio-sobre-lacos-ue-taiwan\/","og_site_name":"Xinhua - Diario de Pernambuco","article_published_time":"2021-10-22T13:03:49+00:00","article_modified_time":"2021-10-22T13:03:52+00:00","author":"Marcelo Oliveira de A. Maranhao","twitter_card":"summary_large_image","twitter_misc":{"Escrito por":"Marcelo Oliveira de A. Maranhao","Est. tempo de leitura":"2 minutos"},"schema":{"@context":"https:\/\/schema.org","@graph":[{"@type":"Article","@id":"https:\/\/diariodepe.com.br\/xinhua\/2021\/10\/22\/ccppc-condena-e-se-opoe-fortemente-a-relatorio-sobre-lacos-ue-taiwan\/#article","isPartOf":{"@id":"https:\/\/diariodepe.com.br\/xinhua\/2021\/10\/22\/ccppc-condena-e-se-opoe-fortemente-a-relatorio-sobre-lacos-ue-taiwan\/"},"author":{"name":"Marcelo Oliveira de A. Maranhao","@id":"https:\/\/diariodepe.com.br\/xinhua\/#\/schema\/person\/0943d6fd02bdc7b49c8f495e8787a2cb"},"headline":"CCPPC condena e se op\u00f5e fortemente a relat\u00f3rio sobre la\u00e7os UE-Taiwan","datePublished":"2021-10-22T13:03:49+00:00","dateModified":"2021-10-22T13:03:52+00:00","mainEntityOfPage":{"@id":"https:\/\/diariodepe.com.br\/xinhua\/2021\/10\/22\/ccppc-condena-e-se-opoe-fortemente-a-relatorio-sobre-lacos-ue-taiwan\/"},"wordCount":401,"commentCount":0,"publisher":{"@id":"https:\/\/diariodepe.com.br\/xinhua\/#organization"},"articleSection":["Internacional"],"inLanguage":"pt-BR","potentialAction":[{"@type":"CommentAction","name":"Comment","target":["https:\/\/diariodepe.com.br\/xinhua\/2021\/10\/22\/ccppc-condena-e-se-opoe-fortemente-a-relatorio-sobre-lacos-ue-taiwan\/#respond"]}]},{"@type":"WebPage","@id":"https:\/\/diariodepe.com.br\/xinhua\/2021\/10\/22\/ccppc-condena-e-se-opoe-fortemente-a-relatorio-sobre-lacos-ue-taiwan\/","url":"https:\/\/diariodepe.com.br\/xinhua\/2021\/10\/22\/ccppc-condena-e-se-opoe-fortemente-a-relatorio-sobre-lacos-ue-taiwan\/","name":"CCPPC condena e se op\u00f5e fortemente a relat\u00f3rio sobre la\u00e7os UE-Taiwan - Xinhua - Diario de Pernambuco","isPartOf":{"@id":"https:\/\/diariodepe.com.br\/xinhua\/#website"},"datePublished":"2021-10-22T13:03:49+00:00","dateModified":"2021-10-22T13:03:52+00:00","breadcrumb":{"@id":"https:\/\/diariodepe.com.br\/xinhua\/2021\/10\/22\/ccppc-condena-e-se-opoe-fortemente-a-relatorio-sobre-lacos-ue-taiwan\/#breadcrumb"},"inLanguage":"pt-BR","potentialAction":[{"@type":"ReadAction","target":["https:\/\/diariodepe.com.br\/xinhua\/2021\/10\/22\/ccppc-condena-e-se-opoe-fortemente-a-relatorio-sobre-lacos-ue-taiwan\/"]}]},{"@type":"BreadcrumbList","@id":"https:\/\/diariodepe.com.br\/xinhua\/2021\/10\/22\/ccppc-condena-e-se-opoe-fortemente-a-relatorio-sobre-lacos-ue-taiwan\/#breadcrumb","itemListElement":[{"@type":"ListItem","position":1,"name":"In\u00edcio","item":"https:\/\/diariodepe.com.br\/xinhua\/"},{"@type":"ListItem","position":2,"name":"CCPPC condena e se op\u00f5e fortemente a relat\u00f3rio sobre la\u00e7os UE-Taiwan"}]},{"@type":"WebSite","@id":"https:\/\/diariodepe.com.br\/xinhua\/#website","url":"https:\/\/diariodepe.com.br\/xinhua\/","name":"Xinhua - Diario de Pernambuco","description":"A maior ag\u00eancia de not\u00edcias da China e um dos principais canais para conhecer o pa\u00eds","publisher":{"@id":"https:\/\/diariodepe.com.br\/xinhua\/#organization"},"potentialAction":[{"@type":"SearchAction","target":{"@type":"EntryPoint","urlTemplate":"https:\/\/diariodepe.com.br\/xinhua\/?s={search_term_string}"},"query-input":{"@type":"PropertyValueSpecification","valueRequired":true,"valueName":"search_term_string"}}],"inLanguage":"pt-BR"},{"@type":"Organization","@id":"https:\/\/diariodepe.com.br\/xinhua\/#organization","name":"Xinhua - Diario de Pernambuco","url":"https:\/\/diariodepe.com.br\/xinhua\/","logo":{"@type":"ImageObject","inLanguage":"pt-BR","@id":"https:\/\/diariodepe.com.br\/xinhua\/#\/schema\/logo\/image\/","url":"https:\/\/diariodepe.com.br\/xinhua\/wp-content\/uploads\/sites\/3\/2020\/10\/cropped-logo-transparente-2.png","contentUrl":"https:\/\/diariodepe.com.br\/xinhua\/wp-content\/uploads\/sites\/3\/2020\/10\/cropped-logo-transparente-2.png","width":512,"height":164,"caption":"Xinhua - Diario de Pernambuco"},"image":{"@id":"https:\/\/diariodepe.com.br\/xinhua\/#\/schema\/logo\/image\/"}},{"@type":"Person","@id":"https:\/\/diariodepe.com.br\/xinhua\/#\/schema\/person\/0943d6fd02bdc7b49c8f495e8787a2cb","name":"Marcelo Oliveira de A. Maranhao","image":{"@type":"ImageObject","inLanguage":"pt-BR","@id":"https:\/\/secure.gravatar.com\/avatar\/f562caee940d39879c20e90eea3e4b21860c7d4c96684c23141c554824f0059c?s=96&d=mm&r=g","url":"https:\/\/secure.gravatar.com\/avatar\/f562caee940d39879c20e90eea3e4b21860c7d4c96684c23141c554824f0059c?s=96&d=mm&r=g","contentUrl":"https:\/\/secure.gravatar.com\/avatar\/f562caee940d39879c20e90eea3e4b21860c7d4c96684c23141c554824f0059c?s=96&d=mm&r=g","caption":"Marcelo Oliveira de A. Maranhao"},"url":"https:\/\/diariodepe.com.br\/xinhua\/author\/marcelo-maranhao\/"}]}},"cc_featured_image_caption":{"caption_text":"","source_text":"","source_url":""},"amp_enabled":true,"_links":{"self":[{"href":"https:\/\/diariodepe.com.br\/xinhua\/wp-json\/wp\/v2\/posts\/3546","targetHints":{"allow":["GET"]}}],"collection":[{"href":"https:\/\/diariodepe.com.br\/xinhua\/wp-json\/wp\/v2\/posts"}],"about":[{"href":"https:\/\/diariodepe.com.br\/xinhua\/wp-json\/wp\/v2\/types\/post"}],"author":[{"embeddable":true,"href":"https:\/\/diariodepe.com.br\/xinhua\/wp-json\/wp\/v2\/users\/3"}],"replies":[{"embeddable":true,"href":"https:\/\/diariodepe.com.br\/xinhua\/wp-json\/wp\/v2\/comments?post=3546"}],"version-history":[{"count":1,"href":"https:\/\/diariodepe.com.br\/xinhua\/wp-json\/wp\/v2\/posts\/3546\/revisions"}],"predecessor-version":[{"id":3547,"href":"https:\/\/diariodepe.com.br\/xinhua\/wp-json\/wp\/v2\/posts\/3546\/revisions\/3547"}],"wp:attachment":[{"href":"https:\/\/diariodepe.com.br\/xinhua\/wp-json\/wp\/v2\/media?parent=3546"}],"wp:term":[{"taxonomy":"category","embeddable":true,"href":"https:\/\/diariodepe.com.br\/xinhua\/wp-json\/wp\/v2\/categories?post=3546"},{"taxonomy":"post_tag","embeddable":true,"href":"https:\/\/diariodepe.com.br\/xinhua\/wp-json\/wp\/v2\/tags?post=3546"}],"curies":[{"name":"wp","href":"https:\/\/api.w.org\/{rel}","templated":true}]}}