{"id":3528,"date":"2021-10-21T08:49:16","date_gmt":"2021-10-21T11:49:16","guid":{"rendered":"http:\/\/www.diariodepe.com.br\/xinhua\/?p=3528"},"modified":"2021-10-21T08:49:18","modified_gmt":"2021-10-21T11:49:18","slug":"equador-comeca-a-vacinar-criancas-de-6-a-11-anos-com-vacina-chinesa","status":"publish","type":"post","link":"https:\/\/diariodepe.com.br\/xinhua\/2021\/10\/21\/equador-comeca-a-vacinar-criancas-de-6-a-11-anos-com-vacina-chinesa\/","title":{"rendered":"Equador come\u00e7a a vacinar crian\u00e7as de 6 a 11 anos com vacina chinesa"},"content":{"rendered":"\n<p>Quito &#8212; Algumas pessoas fantasiadas de super-her\u00f3is criaram uma atmosfera divertida e l\u00fadica na segunda-feira em Quito, capital do Equador, quando o pa\u00eds come\u00e7ou a vacinar crian\u00e7as de 6-11 anos com uma vacina de COVID-19 desenvolvida pela empresa farmac\u00eautica chinesa Sinovac.<\/p>\n\n\n\n<p>Al\u00e9m disso, v\u00e1rias crian\u00e7as carregavam cartazes com mensagens de apoio \u00e0 vacina\u00e7\u00e3o, incluindo &#8220;Gra\u00e7as \u00e0 vacina, evitaremos pegar o v\u00edrus&#8221;, &#8220;Quero voltar \u00e0s aulas para poder conhecer meus novos colegas&#8221; e &#8220;Em mem\u00f3ria de quem sonhou com esta oportunidade, vacine-se!&#8221;.<\/p>\n\n\n\n<p>O vice-presidente equatoriano, Alfredo Borrero, deu in\u00edcio \u00e0 campanha de vacina\u00e7\u00e3o na Unidade Educacional do Conselho Provincial de Pichincha, em Quito, j\u00e1 que as crian\u00e7as em idade escolar do pa\u00eds sul-americano est\u00e3o ansiosas para voltar \u00e0 escola presencialmente ap\u00f3s meses abrigadas em ambientes fechados devido \u00e0 pandemia.<\/p>\n\n\n\n<p>Vestindo um jaleco branco, Borrero, tamb\u00e9m m\u00e9dico de profiss\u00e3o, vacinou pessoalmente v\u00e1rias crian\u00e7as no local de vacina\u00e7\u00e3o, que atraiu um grande n\u00famero de crian\u00e7as acompanhadas pelos pais.<\/p>\n\n\n\n<p>&#8220;O processo de vacina\u00e7\u00e3o nunca parou, o processo continuou. Agora estamos em outra faixa et\u00e1ria, isto \u00e9, crian\u00e7as e adolescentes, porque queremos chegar \u00e0 imunidade coletiva&#8221;, disse Borrero.<\/p>\n\n\n\n<p>&#8220;Esperemos que nos pr\u00f3ximos dias e meses, cheguemos l\u00e1&#8221;, disse Borrero.<\/p>\n\n\n\n<p>Gra\u00e7as ao avan\u00e7o da vacina\u00e7\u00e3o, hoje &#8220;vemos um panorama totalmente diferente&#8221;, disse ele, ao convidar a popula\u00e7\u00e3o a continuar praticando medidas de distanciamento social.<\/p>\n\n\n\n<p>Tamb\u00e9m na segunda-feira, a ministra equatoriana da Sa\u00fade P\u00fablica, Ximena Garz\u00f3n, disse que a vacina\u00e7\u00e3o de crian\u00e7as em idade escolar \u00e9 muito importante para a reabertura das aulas presenciais no Equador e pode reduzir muito o risco de infec\u00e7\u00f5es nas crian\u00e7as.<\/p>\n\n\n\n<p>Garzon tamb\u00e9m disse que os dados de vacina\u00e7\u00e3o no Chile e na China mostraram que a vacina desenvolvida pela Sinovac \u00e9 segura e eficaz para crian\u00e7as de 6 a 11 anos.<\/p>\n\n\n\n<p>O Equador reabriu gradualmente as aulas presenciais desde 6 de julho. A m\u00eddia local informou que, atualmente, 32 por cento das escolas do pa\u00eds reabriram as aulas presenciais.<\/p>\n\n\n\n<p>O n\u00famero de casos de COVID-19 do Equador chegou a 513.026 e o \u200b\u200bn\u00famero de mortos atingiu 32.899 na segunda-feira, de acordo com o minist\u00e9rio da sa\u00fade do pa\u00eds.<\/p>\n","protected":false},"excerpt":{"rendered":"<p>Quito &#8212; Algumas pessoas fantasiadas de super-her\u00f3is criaram uma atmosfera divertida e l\u00fadica na segunda-feira em Quito, capital do Equador, quando o pa\u00eds come\u00e7ou a vacinar crian\u00e7as de 6-11 anos com uma vacina de COVID-19 desenvolvida pela empresa farmac\u00eautica chinesa&#8230;<\/p>\n","protected":false},"author":3,"featured_media":0,"comment_status":"open","ping_status":"open","sticky":false,"template":"","format":"standard","meta":{"footnotes":""},"categories":[4],"tags":[],"class_list":["post-3528","post","type-post","status-publish","format-standard","hentry","category-internacional"],"yoast_head":"<!-- This site is optimized with the Yoast SEO plugin v27.4 - https:\/\/yoast.com\/product\/yoast-seo-wordpress\/ -->\n<title>Equador come\u00e7a a vacinar crian\u00e7as de 6 a 11 anos com vacina chinesa - Xinhua - Diario de Pernambuco<\/title>\n<meta name=\"robots\" content=\"index, follow, max-snippet:-1, max-image-preview:large, max-video-preview:-1\" \/>\n<link rel=\"canonical\" href=\"https:\/\/diariodepe.com.br\/xinhua\/2021\/10\/21\/equador-comeca-a-vacinar-criancas-de-6-a-11-anos-com-vacina-chinesa\/\" \/>\n<meta property=\"og:locale\" content=\"pt_BR\" \/>\n<meta property=\"og:type\" content=\"article\" \/>\n<meta property=\"og:title\" content=\"Equador come\u00e7a a vacinar crian\u00e7as de 6 a 11 anos com vacina chinesa - Xinhua - Diario de Pernambuco\" \/>\n<meta property=\"og:description\" content=\"Quito &#8212; Algumas pessoas fantasiadas de super-her\u00f3is criaram uma atmosfera divertida e l\u00fadica na segunda-feira em Quito, capital do Equador, quando o pa\u00eds come\u00e7ou a vacinar crian\u00e7as de 6-11 anos com uma vacina de COVID-19 desenvolvida pela empresa farmac\u00eautica chinesa...\" \/>\n<meta property=\"og:url\" content=\"https:\/\/diariodepe.com.br\/xinhua\/2021\/10\/21\/equador-comeca-a-vacinar-criancas-de-6-a-11-anos-com-vacina-chinesa\/\" \/>\n<meta property=\"og:site_name\" content=\"Xinhua - Diario de Pernambuco\" \/>\n<meta property=\"article:published_time\" content=\"2021-10-21T11:49:16+00:00\" \/>\n<meta property=\"article:modified_time\" content=\"2021-10-21T11:49:18+00:00\" \/>\n<meta name=\"author\" content=\"Marcelo Oliveira de A. Maranhao\" \/>\n<meta name=\"twitter:card\" content=\"summary_large_image\" \/>\n<meta name=\"twitter:label1\" content=\"Escrito por\" \/>\n\t<meta name=\"twitter:data1\" content=\"Marcelo Oliveira de A. Maranhao\" \/>\n\t<meta name=\"twitter:label2\" content=\"Est. tempo de leitura\" \/>\n\t<meta name=\"twitter:data2\" content=\"2 minutos\" \/>\n<script type=\"application\/ld+json\" class=\"yoast-schema-graph\">{\"@context\":\"https:\\\/\\\/schema.org\",\"@graph\":[{\"@type\":\"Article\",\"@id\":\"https:\\\/\\\/diariodepe.com.br\\\/xinhua\\\/2021\\\/10\\\/21\\\/equador-comeca-a-vacinar-criancas-de-6-a-11-anos-com-vacina-chinesa\\\/#article\",\"isPartOf\":{\"@id\":\"https:\\\/\\\/diariodepe.com.br\\\/xinhua\\\/2021\\\/10\\\/21\\\/equador-comeca-a-vacinar-criancas-de-6-a-11-anos-com-vacina-chinesa\\\/\"},\"author\":{\"name\":\"Marcelo Oliveira de A. Maranhao\",\"@id\":\"https:\\\/\\\/diariodepe.com.br\\\/xinhua\\\/#\\\/schema\\\/person\\\/0943d6fd02bdc7b49c8f495e8787a2cb\"},\"headline\":\"Equador come\u00e7a a vacinar crian\u00e7as de 6 a 11 anos com vacina chinesa\",\"datePublished\":\"2021-10-21T11:49:16+00:00\",\"dateModified\":\"2021-10-21T11:49:18+00:00\",\"mainEntityOfPage\":{\"@id\":\"https:\\\/\\\/diariodepe.com.br\\\/xinhua\\\/2021\\\/10\\\/21\\\/equador-comeca-a-vacinar-criancas-de-6-a-11-anos-com-vacina-chinesa\\\/\"},\"wordCount\":398,\"commentCount\":0,\"publisher\":{\"@id\":\"https:\\\/\\\/diariodepe.com.br\\\/xinhua\\\/#organization\"},\"articleSection\":[\"Internacional\"],\"inLanguage\":\"pt-BR\",\"potentialAction\":[{\"@type\":\"CommentAction\",\"name\":\"Comment\",\"target\":[\"https:\\\/\\\/diariodepe.com.br\\\/xinhua\\\/2021\\\/10\\\/21\\\/equador-comeca-a-vacinar-criancas-de-6-a-11-anos-com-vacina-chinesa\\\/#respond\"]}]},{\"@type\":\"WebPage\",\"@id\":\"https:\\\/\\\/diariodepe.com.br\\\/xinhua\\\/2021\\\/10\\\/21\\\/equador-comeca-a-vacinar-criancas-de-6-a-11-anos-com-vacina-chinesa\\\/\",\"url\":\"https:\\\/\\\/diariodepe.com.br\\\/xinhua\\\/2021\\\/10\\\/21\\\/equador-comeca-a-vacinar-criancas-de-6-a-11-anos-com-vacina-chinesa\\\/\",\"name\":\"Equador come\u00e7a a vacinar crian\u00e7as de 6 a 11 anos com vacina chinesa - Xinhua - Diario de Pernambuco\",\"isPartOf\":{\"@id\":\"https:\\\/\\\/diariodepe.com.br\\\/xinhua\\\/#website\"},\"datePublished\":\"2021-10-21T11:49:16+00:00\",\"dateModified\":\"2021-10-21T11:49:18+00:00\",\"breadcrumb\":{\"@id\":\"https:\\\/\\\/diariodepe.com.br\\\/xinhua\\\/2021\\\/10\\\/21\\\/equador-comeca-a-vacinar-criancas-de-6-a-11-anos-com-vacina-chinesa\\\/#breadcrumb\"},\"inLanguage\":\"pt-BR\",\"potentialAction\":[{\"@type\":\"ReadAction\",\"target\":[\"https:\\\/\\\/diariodepe.com.br\\\/xinhua\\\/2021\\\/10\\\/21\\\/equador-comeca-a-vacinar-criancas-de-6-a-11-anos-com-vacina-chinesa\\\/\"]}]},{\"@type\":\"BreadcrumbList\",\"@id\":\"https:\\\/\\\/diariodepe.com.br\\\/xinhua\\\/2021\\\/10\\\/21\\\/equador-comeca-a-vacinar-criancas-de-6-a-11-anos-com-vacina-chinesa\\\/#breadcrumb\",\"itemListElement\":[{\"@type\":\"ListItem\",\"position\":1,\"name\":\"In\u00edcio\",\"item\":\"https:\\\/\\\/diariodepe.com.br\\\/xinhua\\\/\"},{\"@type\":\"ListItem\",\"position\":2,\"name\":\"Equador come\u00e7a a vacinar crian\u00e7as de 6 a 11 anos com vacina chinesa\"}]},{\"@type\":\"WebSite\",\"@id\":\"https:\\\/\\\/diariodepe.com.br\\\/xinhua\\\/#website\",\"url\":\"https:\\\/\\\/diariodepe.com.br\\\/xinhua\\\/\",\"name\":\"Xinhua - Diario de Pernambuco\",\"description\":\"A maior ag\u00eancia de not\u00edcias da China e um dos principais canais para conhecer o pa\u00eds\",\"publisher\":{\"@id\":\"https:\\\/\\\/diariodepe.com.br\\\/xinhua\\\/#organization\"},\"potentialAction\":[{\"@type\":\"SearchAction\",\"target\":{\"@type\":\"EntryPoint\",\"urlTemplate\":\"https:\\\/\\\/diariodepe.com.br\\\/xinhua\\\/?s={search_term_string}\"},\"query-input\":{\"@type\":\"PropertyValueSpecification\",\"valueRequired\":true,\"valueName\":\"search_term_string\"}}],\"inLanguage\":\"pt-BR\"},{\"@type\":\"Organization\",\"@id\":\"https:\\\/\\\/diariodepe.com.br\\\/xinhua\\\/#organization\",\"name\":\"Xinhua - Diario de Pernambuco\",\"url\":\"https:\\\/\\\/diariodepe.com.br\\\/xinhua\\\/\",\"logo\":{\"@type\":\"ImageObject\",\"inLanguage\":\"pt-BR\",\"@id\":\"https:\\\/\\\/diariodepe.com.br\\\/xinhua\\\/#\\\/schema\\\/logo\\\/image\\\/\",\"url\":\"https:\\\/\\\/diariodepe.com.br\\\/xinhua\\\/wp-content\\\/uploads\\\/sites\\\/3\\\/2020\\\/10\\\/cropped-logo-transparente-2.png\",\"contentUrl\":\"https:\\\/\\\/diariodepe.com.br\\\/xinhua\\\/wp-content\\\/uploads\\\/sites\\\/3\\\/2020\\\/10\\\/cropped-logo-transparente-2.png\",\"width\":512,\"height\":164,\"caption\":\"Xinhua - Diario de Pernambuco\"},\"image\":{\"@id\":\"https:\\\/\\\/diariodepe.com.br\\\/xinhua\\\/#\\\/schema\\\/logo\\\/image\\\/\"}},{\"@type\":\"Person\",\"@id\":\"https:\\\/\\\/diariodepe.com.br\\\/xinhua\\\/#\\\/schema\\\/person\\\/0943d6fd02bdc7b49c8f495e8787a2cb\",\"name\":\"Marcelo Oliveira de A. Maranhao\",\"image\":{\"@type\":\"ImageObject\",\"inLanguage\":\"pt-BR\",\"@id\":\"https:\\\/\\\/secure.gravatar.com\\\/avatar\\\/f562caee940d39879c20e90eea3e4b21860c7d4c96684c23141c554824f0059c?s=96&d=mm&r=g\",\"url\":\"https:\\\/\\\/secure.gravatar.com\\\/avatar\\\/f562caee940d39879c20e90eea3e4b21860c7d4c96684c23141c554824f0059c?s=96&d=mm&r=g\",\"contentUrl\":\"https:\\\/\\\/secure.gravatar.com\\\/avatar\\\/f562caee940d39879c20e90eea3e4b21860c7d4c96684c23141c554824f0059c?s=96&d=mm&r=g\",\"caption\":\"Marcelo Oliveira de A. Maranhao\"},\"url\":\"https:\\\/\\\/diariodepe.com.br\\\/xinhua\\\/author\\\/marcelo-maranhao\\\/\"}]}<\/script>\n<!-- \/ Yoast SEO plugin. -->","yoast_head_json":{"title":"Equador come\u00e7a a vacinar crian\u00e7as de 6 a 11 anos com vacina chinesa - Xinhua - Diario de Pernambuco","robots":{"index":"index","follow":"follow","max-snippet":"max-snippet:-1","max-image-preview":"max-image-preview:large","max-video-preview":"max-video-preview:-1"},"canonical":"https:\/\/diariodepe.com.br\/xinhua\/2021\/10\/21\/equador-comeca-a-vacinar-criancas-de-6-a-11-anos-com-vacina-chinesa\/","og_locale":"pt_BR","og_type":"article","og_title":"Equador come\u00e7a a vacinar crian\u00e7as de 6 a 11 anos com vacina chinesa - Xinhua - Diario de Pernambuco","og_description":"Quito &#8212; Algumas pessoas fantasiadas de super-her\u00f3is criaram uma atmosfera divertida e l\u00fadica na segunda-feira em Quito, capital do Equador, quando o pa\u00eds come\u00e7ou a vacinar crian\u00e7as de 6-11 anos com uma vacina de COVID-19 desenvolvida pela empresa farmac\u00eautica chinesa...","og_url":"https:\/\/diariodepe.com.br\/xinhua\/2021\/10\/21\/equador-comeca-a-vacinar-criancas-de-6-a-11-anos-com-vacina-chinesa\/","og_site_name":"Xinhua - Diario de Pernambuco","article_published_time":"2021-10-21T11:49:16+00:00","article_modified_time":"2021-10-21T11:49:18+00:00","author":"Marcelo Oliveira de A. Maranhao","twitter_card":"summary_large_image","twitter_misc":{"Escrito por":"Marcelo Oliveira de A. Maranhao","Est. tempo de leitura":"2 minutos"},"schema":{"@context":"https:\/\/schema.org","@graph":[{"@type":"Article","@id":"https:\/\/diariodepe.com.br\/xinhua\/2021\/10\/21\/equador-comeca-a-vacinar-criancas-de-6-a-11-anos-com-vacina-chinesa\/#article","isPartOf":{"@id":"https:\/\/diariodepe.com.br\/xinhua\/2021\/10\/21\/equador-comeca-a-vacinar-criancas-de-6-a-11-anos-com-vacina-chinesa\/"},"author":{"name":"Marcelo Oliveira de A. Maranhao","@id":"https:\/\/diariodepe.com.br\/xinhua\/#\/schema\/person\/0943d6fd02bdc7b49c8f495e8787a2cb"},"headline":"Equador come\u00e7a a vacinar crian\u00e7as de 6 a 11 anos com vacina chinesa","datePublished":"2021-10-21T11:49:16+00:00","dateModified":"2021-10-21T11:49:18+00:00","mainEntityOfPage":{"@id":"https:\/\/diariodepe.com.br\/xinhua\/2021\/10\/21\/equador-comeca-a-vacinar-criancas-de-6-a-11-anos-com-vacina-chinesa\/"},"wordCount":398,"commentCount":0,"publisher":{"@id":"https:\/\/diariodepe.com.br\/xinhua\/#organization"},"articleSection":["Internacional"],"inLanguage":"pt-BR","potentialAction":[{"@type":"CommentAction","name":"Comment","target":["https:\/\/diariodepe.com.br\/xinhua\/2021\/10\/21\/equador-comeca-a-vacinar-criancas-de-6-a-11-anos-com-vacina-chinesa\/#respond"]}]},{"@type":"WebPage","@id":"https:\/\/diariodepe.com.br\/xinhua\/2021\/10\/21\/equador-comeca-a-vacinar-criancas-de-6-a-11-anos-com-vacina-chinesa\/","url":"https:\/\/diariodepe.com.br\/xinhua\/2021\/10\/21\/equador-comeca-a-vacinar-criancas-de-6-a-11-anos-com-vacina-chinesa\/","name":"Equador come\u00e7a a vacinar crian\u00e7as de 6 a 11 anos com vacina chinesa - Xinhua - Diario de Pernambuco","isPartOf":{"@id":"https:\/\/diariodepe.com.br\/xinhua\/#website"},"datePublished":"2021-10-21T11:49:16+00:00","dateModified":"2021-10-21T11:49:18+00:00","breadcrumb":{"@id":"https:\/\/diariodepe.com.br\/xinhua\/2021\/10\/21\/equador-comeca-a-vacinar-criancas-de-6-a-11-anos-com-vacina-chinesa\/#breadcrumb"},"inLanguage":"pt-BR","potentialAction":[{"@type":"ReadAction","target":["https:\/\/diariodepe.com.br\/xinhua\/2021\/10\/21\/equador-comeca-a-vacinar-criancas-de-6-a-11-anos-com-vacina-chinesa\/"]}]},{"@type":"BreadcrumbList","@id":"https:\/\/diariodepe.com.br\/xinhua\/2021\/10\/21\/equador-comeca-a-vacinar-criancas-de-6-a-11-anos-com-vacina-chinesa\/#breadcrumb","itemListElement":[{"@type":"ListItem","position":1,"name":"In\u00edcio","item":"https:\/\/diariodepe.com.br\/xinhua\/"},{"@type":"ListItem","position":2,"name":"Equador come\u00e7a a vacinar crian\u00e7as de 6 a 11 anos com vacina chinesa"}]},{"@type":"WebSite","@id":"https:\/\/diariodepe.com.br\/xinhua\/#website","url":"https:\/\/diariodepe.com.br\/xinhua\/","name":"Xinhua - Diario de Pernambuco","description":"A maior ag\u00eancia de not\u00edcias da China e um dos principais canais para conhecer o pa\u00eds","publisher":{"@id":"https:\/\/diariodepe.com.br\/xinhua\/#organization"},"potentialAction":[{"@type":"SearchAction","target":{"@type":"EntryPoint","urlTemplate":"https:\/\/diariodepe.com.br\/xinhua\/?s={search_term_string}"},"query-input":{"@type":"PropertyValueSpecification","valueRequired":true,"valueName":"search_term_string"}}],"inLanguage":"pt-BR"},{"@type":"Organization","@id":"https:\/\/diariodepe.com.br\/xinhua\/#organization","name":"Xinhua - Diario de Pernambuco","url":"https:\/\/diariodepe.com.br\/xinhua\/","logo":{"@type":"ImageObject","inLanguage":"pt-BR","@id":"https:\/\/diariodepe.com.br\/xinhua\/#\/schema\/logo\/image\/","url":"https:\/\/diariodepe.com.br\/xinhua\/wp-content\/uploads\/sites\/3\/2020\/10\/cropped-logo-transparente-2.png","contentUrl":"https:\/\/diariodepe.com.br\/xinhua\/wp-content\/uploads\/sites\/3\/2020\/10\/cropped-logo-transparente-2.png","width":512,"height":164,"caption":"Xinhua - Diario de Pernambuco"},"image":{"@id":"https:\/\/diariodepe.com.br\/xinhua\/#\/schema\/logo\/image\/"}},{"@type":"Person","@id":"https:\/\/diariodepe.com.br\/xinhua\/#\/schema\/person\/0943d6fd02bdc7b49c8f495e8787a2cb","name":"Marcelo Oliveira de A. Maranhao","image":{"@type":"ImageObject","inLanguage":"pt-BR","@id":"https:\/\/secure.gravatar.com\/avatar\/f562caee940d39879c20e90eea3e4b21860c7d4c96684c23141c554824f0059c?s=96&d=mm&r=g","url":"https:\/\/secure.gravatar.com\/avatar\/f562caee940d39879c20e90eea3e4b21860c7d4c96684c23141c554824f0059c?s=96&d=mm&r=g","contentUrl":"https:\/\/secure.gravatar.com\/avatar\/f562caee940d39879c20e90eea3e4b21860c7d4c96684c23141c554824f0059c?s=96&d=mm&r=g","caption":"Marcelo Oliveira de A. Maranhao"},"url":"https:\/\/diariodepe.com.br\/xinhua\/author\/marcelo-maranhao\/"}]}},"cc_featured_image_caption":{"caption_text":"","source_text":"","source_url":""},"amp_enabled":true,"_links":{"self":[{"href":"https:\/\/diariodepe.com.br\/xinhua\/wp-json\/wp\/v2\/posts\/3528","targetHints":{"allow":["GET"]}}],"collection":[{"href":"https:\/\/diariodepe.com.br\/xinhua\/wp-json\/wp\/v2\/posts"}],"about":[{"href":"https:\/\/diariodepe.com.br\/xinhua\/wp-json\/wp\/v2\/types\/post"}],"author":[{"embeddable":true,"href":"https:\/\/diariodepe.com.br\/xinhua\/wp-json\/wp\/v2\/users\/3"}],"replies":[{"embeddable":true,"href":"https:\/\/diariodepe.com.br\/xinhua\/wp-json\/wp\/v2\/comments?post=3528"}],"version-history":[{"count":1,"href":"https:\/\/diariodepe.com.br\/xinhua\/wp-json\/wp\/v2\/posts\/3528\/revisions"}],"predecessor-version":[{"id":3529,"href":"https:\/\/diariodepe.com.br\/xinhua\/wp-json\/wp\/v2\/posts\/3528\/revisions\/3529"}],"wp:attachment":[{"href":"https:\/\/diariodepe.com.br\/xinhua\/wp-json\/wp\/v2\/media?parent=3528"}],"wp:term":[{"taxonomy":"category","embeddable":true,"href":"https:\/\/diariodepe.com.br\/xinhua\/wp-json\/wp\/v2\/categories?post=3528"},{"taxonomy":"post_tag","embeddable":true,"href":"https:\/\/diariodepe.com.br\/xinhua\/wp-json\/wp\/v2\/tags?post=3528"}],"curies":[{"name":"wp","href":"https:\/\/api.w.org\/{rel}","templated":true}]}}