{"id":3526,"date":"2021-10-21T08:44:04","date_gmt":"2021-10-21T11:44:04","guid":{"rendered":"http:\/\/www.diariodepe.com.br\/xinhua\/?p=3526"},"modified":"2021-10-21T08:44:07","modified_gmt":"2021-10-21T11:44:07","slug":"morte-de-powell-por-complicacoes-de-covid-19-desencadeia-debate-sobre-eficacia-da-vacina-nos-eua","status":"publish","type":"post","link":"https:\/\/diariodepe.com.br\/xinhua\/2021\/10\/21\/morte-de-powell-por-complicacoes-de-covid-19-desencadeia-debate-sobre-eficacia-da-vacina-nos-eua\/","title":{"rendered":"Morte de Powell por complica\u00e7\u00f5es de COVID-19 desencadeia debate sobre efic\u00e1cia da vacina nos EUA"},"content":{"rendered":"\n<p>Washington &#8212; O ex-secret\u00e1rio de Estado dos EUA, Colin Powell, faleceu aos 84 anos de complica\u00e7\u00f5es por COVID-19 na segunda-feira, desencadeando um debate acalorado sobre a efic\u00e1cia das vacinas nos Estados Unidos.<\/p>\n\n\n\n<p>&#8220;O general Colin L. Powell, ex-secret\u00e1rio de Estado dos EUA e presidente do Estado-Maior Conjunto, faleceu esta manh\u00e3 devido a complica\u00e7\u00f5es por COVID-19&#8221;, escreveu a fam\u00edlia Powell em uma publica\u00e7\u00e3o no Facebook na segunda-feira, observando que Powell tinha sido totalmente vacinado. Ele estava sofrendo de s\u00e9rias condi\u00e7\u00f5es latentes.<\/p>\n\n\n\n<p>O falecimento de Powell aumento a cren\u00e7a daqueles que se op\u00f5em \u00e0s vacinas no pa\u00eds, mas especialistas em sa\u00fade enfatizaram que a morte de Powell foi uma exce\u00e7\u00e3o \u00e0 prote\u00e7\u00e3o das vacinas, n\u00e3o uma prova que elas n\u00e3o funcionam.<\/p>\n\n\n\n<p>&#8220;Enquanto Powell estava totalmente vacinado, ele tamb\u00e9m tinha mieloma m\u00faltiplo, um c\u00e2ncer que suprime a resposta imunol\u00f3gica do corpo&#8221;, disse Gwen Nichols, diretora-m\u00e9dica da Sociedade de Leucemia e Linfoma dos EUA.<\/p>\n\n\n\n<p>&#8220;O mieloma m\u00faltiplo n\u00e3o \u00e9 cur\u00e1vel, ent\u00e3o, embora ele estivesse ou n\u00e3o em tratamento ativo, a doen\u00e7a e idade o tornam mais vulner\u00e1vel a infec\u00e7\u00f5es, complica\u00e7\u00f5es e morte&#8221;, explicou ela.<\/p>\n\n\n\n<p>Powell lutou contra outros riscos elevados de COVID-19 grave.<\/p>\n\n\n\n<p>Al\u00e9m do mieloma m\u00faltiplo, Powell teria feito uma cirurgia para c\u00e2ncer de pr\u00f3stata quando era secret\u00e1rio de estado dos EUA e, mais recentemente, doen\u00e7a de Parkinson.<\/p>\n\n\n\n<p>As condi\u00e7\u00f5es neurol\u00f3gicas est\u00e3o entre as citadas pelos Centros de Controle e Preven\u00e7\u00e3o de Doen\u00e7as dos EUA (CDC) como potencialmente impulsionadoras do risco de COVID-19 grave em pacientes.<\/p>\n\n\n\n<p>&#8220;Temo que as pessoas dir\u00e3o que a vacina n\u00e3o o ajudou&#8221;, disse Robert Murphy, diretor-executivo do Instituto de Sa\u00fade Global da Escola de Medicina Feinberg da Universidade Northwestern.<\/p>\n\n\n\n<p>&#8220;Mas a taxa de mortalidade de pessoas vacinadas \u00e9 11 vezes menor do que as n\u00e3o vacinadas. As pessoas ainda morrem da doen\u00e7a, especialmente se voc\u00ea tem 84 anos e tem riscos de sa\u00fade subjacentes. Ele infelizmente foi um deles, mas tinha um risco muito alto&#8221;, Murphy foi citado pelo USA Today.<\/p>\n\n\n\n<p>Os especialistas enfatizaram que a morte de Powell n\u00e3o demonstra a futilidade das vacinas, mas ressalta a import\u00e2ncia de todos serem vacinados para proteger os mais vulner\u00e1veis \u200b\u200bda sociedade.<\/p>\n\n\n\n<p>Um novo estudo do CDC publicado na ter\u00e7a-feira mostra que entre os pacientes americanos hospitalizados com idades entre 12 e 18 anos, a efic\u00e1cia de duas doses da vacina Pfizer-BioNTech contra a hospitaliza\u00e7\u00e3o por COVID-19 durante junho a setembro foi de 93 por cento.<\/p>\n\n\n\n<p>Pessoas n\u00e3o vacinadas t\u00eam um risco 11 vezes maior de morrer de COVID-19 do que pessoas totalmente vacinadas, de acordo com outro estudo do CDC publicado recentemente.<\/p>\n\n\n\n<p>Al\u00e9m disso, o estudo mostra que pessoas n\u00e3o vacinadas t\u00eam uma chance seis vezes maior de testar positivo para COVID-19 do que pessoas totalmente vacinadas.<\/p>\n\n\n\n<p>&#8220;A morte do ex-secret\u00e1rio de Estado, Colin Powell, por complica\u00e7\u00f5es de COVID-19 significa o mais recente alerta na longa batalha dos Estados Unidos contra o v\u00edrus, demonstrando o risco cont\u00ednuo que a pandemia representa para as vidas americanas&#8221;, segundo um relat\u00f3rio do The Hill.<\/p>\n","protected":false},"excerpt":{"rendered":"<p>Washington &#8212; O ex-secret\u00e1rio de Estado dos EUA, Colin Powell, faleceu aos 84 anos de complica\u00e7\u00f5es por COVID-19 na segunda-feira, desencadeando um debate acalorado sobre a efic\u00e1cia das vacinas nos Estados Unidos. &#8220;O general Colin L. Powell, ex-secret\u00e1rio de Estado&#8230;<\/p>\n","protected":false},"author":3,"featured_media":0,"comment_status":"open","ping_status":"open","sticky":false,"template":"","format":"standard","meta":{"footnotes":""},"categories":[4],"tags":[],"class_list":["post-3526","post","type-post","status-publish","format-standard","hentry","category-internacional"],"yoast_head":"<!-- This site is optimized with the Yoast SEO plugin v27.4 - https:\/\/yoast.com\/product\/yoast-seo-wordpress\/ -->\n<title>Morte de Powell por complica\u00e7\u00f5es de COVID-19 desencadeia debate sobre efic\u00e1cia da vacina nos EUA - Xinhua - Diario de Pernambuco<\/title>\n<meta name=\"robots\" content=\"index, follow, max-snippet:-1, max-image-preview:large, max-video-preview:-1\" \/>\n<link rel=\"canonical\" href=\"https:\/\/diariodepe.com.br\/xinhua\/2021\/10\/21\/morte-de-powell-por-complicacoes-de-covid-19-desencadeia-debate-sobre-eficacia-da-vacina-nos-eua\/\" \/>\n<meta property=\"og:locale\" content=\"pt_BR\" \/>\n<meta property=\"og:type\" content=\"article\" \/>\n<meta property=\"og:title\" content=\"Morte de Powell por complica\u00e7\u00f5es de COVID-19 desencadeia debate sobre efic\u00e1cia da vacina nos EUA - Xinhua - Diario de Pernambuco\" \/>\n<meta property=\"og:description\" content=\"Washington &#8212; O ex-secret\u00e1rio de Estado dos EUA, Colin Powell, faleceu aos 84 anos de complica\u00e7\u00f5es por COVID-19 na segunda-feira, desencadeando um debate acalorado sobre a efic\u00e1cia das vacinas nos Estados Unidos. &#8220;O general Colin L. Powell, ex-secret\u00e1rio de Estado...\" \/>\n<meta property=\"og:url\" content=\"https:\/\/diariodepe.com.br\/xinhua\/2021\/10\/21\/morte-de-powell-por-complicacoes-de-covid-19-desencadeia-debate-sobre-eficacia-da-vacina-nos-eua\/\" \/>\n<meta property=\"og:site_name\" content=\"Xinhua - Diario de Pernambuco\" \/>\n<meta property=\"article:published_time\" content=\"2021-10-21T11:44:04+00:00\" \/>\n<meta property=\"article:modified_time\" content=\"2021-10-21T11:44:07+00:00\" \/>\n<meta name=\"author\" content=\"Marcelo Oliveira de A. Maranhao\" \/>\n<meta name=\"twitter:card\" content=\"summary_large_image\" \/>\n<meta name=\"twitter:label1\" content=\"Escrito por\" \/>\n\t<meta name=\"twitter:data1\" content=\"Marcelo Oliveira de A. Maranhao\" \/>\n\t<meta name=\"twitter:label2\" content=\"Est. tempo de leitura\" \/>\n\t<meta name=\"twitter:data2\" content=\"3 minutos\" \/>\n<script type=\"application\/ld+json\" class=\"yoast-schema-graph\">{\"@context\":\"https:\\\/\\\/schema.org\",\"@graph\":[{\"@type\":\"Article\",\"@id\":\"https:\\\/\\\/diariodepe.com.br\\\/xinhua\\\/2021\\\/10\\\/21\\\/morte-de-powell-por-complicacoes-de-covid-19-desencadeia-debate-sobre-eficacia-da-vacina-nos-eua\\\/#article\",\"isPartOf\":{\"@id\":\"https:\\\/\\\/diariodepe.com.br\\\/xinhua\\\/2021\\\/10\\\/21\\\/morte-de-powell-por-complicacoes-de-covid-19-desencadeia-debate-sobre-eficacia-da-vacina-nos-eua\\\/\"},\"author\":{\"name\":\"Marcelo Oliveira de A. Maranhao\",\"@id\":\"https:\\\/\\\/diariodepe.com.br\\\/xinhua\\\/#\\\/schema\\\/person\\\/0943d6fd02bdc7b49c8f495e8787a2cb\"},\"headline\":\"Morte de Powell por complica\u00e7\u00f5es de COVID-19 desencadeia debate sobre efic\u00e1cia da vacina nos EUA\",\"datePublished\":\"2021-10-21T11:44:04+00:00\",\"dateModified\":\"2021-10-21T11:44:07+00:00\",\"mainEntityOfPage\":{\"@id\":\"https:\\\/\\\/diariodepe.com.br\\\/xinhua\\\/2021\\\/10\\\/21\\\/morte-de-powell-por-complicacoes-de-covid-19-desencadeia-debate-sobre-eficacia-da-vacina-nos-eua\\\/\"},\"wordCount\":563,\"commentCount\":0,\"publisher\":{\"@id\":\"https:\\\/\\\/diariodepe.com.br\\\/xinhua\\\/#organization\"},\"articleSection\":[\"Internacional\"],\"inLanguage\":\"pt-BR\",\"potentialAction\":[{\"@type\":\"CommentAction\",\"name\":\"Comment\",\"target\":[\"https:\\\/\\\/diariodepe.com.br\\\/xinhua\\\/2021\\\/10\\\/21\\\/morte-de-powell-por-complicacoes-de-covid-19-desencadeia-debate-sobre-eficacia-da-vacina-nos-eua\\\/#respond\"]}]},{\"@type\":\"WebPage\",\"@id\":\"https:\\\/\\\/diariodepe.com.br\\\/xinhua\\\/2021\\\/10\\\/21\\\/morte-de-powell-por-complicacoes-de-covid-19-desencadeia-debate-sobre-eficacia-da-vacina-nos-eua\\\/\",\"url\":\"https:\\\/\\\/diariodepe.com.br\\\/xinhua\\\/2021\\\/10\\\/21\\\/morte-de-powell-por-complicacoes-de-covid-19-desencadeia-debate-sobre-eficacia-da-vacina-nos-eua\\\/\",\"name\":\"Morte de Powell por complica\u00e7\u00f5es de COVID-19 desencadeia debate sobre efic\u00e1cia da vacina nos EUA - Xinhua - Diario de Pernambuco\",\"isPartOf\":{\"@id\":\"https:\\\/\\\/diariodepe.com.br\\\/xinhua\\\/#website\"},\"datePublished\":\"2021-10-21T11:44:04+00:00\",\"dateModified\":\"2021-10-21T11:44:07+00:00\",\"breadcrumb\":{\"@id\":\"https:\\\/\\\/diariodepe.com.br\\\/xinhua\\\/2021\\\/10\\\/21\\\/morte-de-powell-por-complicacoes-de-covid-19-desencadeia-debate-sobre-eficacia-da-vacina-nos-eua\\\/#breadcrumb\"},\"inLanguage\":\"pt-BR\",\"potentialAction\":[{\"@type\":\"ReadAction\",\"target\":[\"https:\\\/\\\/diariodepe.com.br\\\/xinhua\\\/2021\\\/10\\\/21\\\/morte-de-powell-por-complicacoes-de-covid-19-desencadeia-debate-sobre-eficacia-da-vacina-nos-eua\\\/\"]}]},{\"@type\":\"BreadcrumbList\",\"@id\":\"https:\\\/\\\/diariodepe.com.br\\\/xinhua\\\/2021\\\/10\\\/21\\\/morte-de-powell-por-complicacoes-de-covid-19-desencadeia-debate-sobre-eficacia-da-vacina-nos-eua\\\/#breadcrumb\",\"itemListElement\":[{\"@type\":\"ListItem\",\"position\":1,\"name\":\"In\u00edcio\",\"item\":\"https:\\\/\\\/diariodepe.com.br\\\/xinhua\\\/\"},{\"@type\":\"ListItem\",\"position\":2,\"name\":\"Morte de Powell por complica\u00e7\u00f5es de COVID-19 desencadeia debate sobre efic\u00e1cia da vacina nos EUA\"}]},{\"@type\":\"WebSite\",\"@id\":\"https:\\\/\\\/diariodepe.com.br\\\/xinhua\\\/#website\",\"url\":\"https:\\\/\\\/diariodepe.com.br\\\/xinhua\\\/\",\"name\":\"Xinhua - Diario de Pernambuco\",\"description\":\"A maior ag\u00eancia de not\u00edcias da China e um dos principais canais para conhecer o pa\u00eds\",\"publisher\":{\"@id\":\"https:\\\/\\\/diariodepe.com.br\\\/xinhua\\\/#organization\"},\"potentialAction\":[{\"@type\":\"SearchAction\",\"target\":{\"@type\":\"EntryPoint\",\"urlTemplate\":\"https:\\\/\\\/diariodepe.com.br\\\/xinhua\\\/?s={search_term_string}\"},\"query-input\":{\"@type\":\"PropertyValueSpecification\",\"valueRequired\":true,\"valueName\":\"search_term_string\"}}],\"inLanguage\":\"pt-BR\"},{\"@type\":\"Organization\",\"@id\":\"https:\\\/\\\/diariodepe.com.br\\\/xinhua\\\/#organization\",\"name\":\"Xinhua - Diario de Pernambuco\",\"url\":\"https:\\\/\\\/diariodepe.com.br\\\/xinhua\\\/\",\"logo\":{\"@type\":\"ImageObject\",\"inLanguage\":\"pt-BR\",\"@id\":\"https:\\\/\\\/diariodepe.com.br\\\/xinhua\\\/#\\\/schema\\\/logo\\\/image\\\/\",\"url\":\"https:\\\/\\\/diariodepe.com.br\\\/xinhua\\\/wp-content\\\/uploads\\\/sites\\\/3\\\/2020\\\/10\\\/cropped-logo-transparente-2.png\",\"contentUrl\":\"https:\\\/\\\/diariodepe.com.br\\\/xinhua\\\/wp-content\\\/uploads\\\/sites\\\/3\\\/2020\\\/10\\\/cropped-logo-transparente-2.png\",\"width\":512,\"height\":164,\"caption\":\"Xinhua - Diario de Pernambuco\"},\"image\":{\"@id\":\"https:\\\/\\\/diariodepe.com.br\\\/xinhua\\\/#\\\/schema\\\/logo\\\/image\\\/\"}},{\"@type\":\"Person\",\"@id\":\"https:\\\/\\\/diariodepe.com.br\\\/xinhua\\\/#\\\/schema\\\/person\\\/0943d6fd02bdc7b49c8f495e8787a2cb\",\"name\":\"Marcelo Oliveira de A. Maranhao\",\"image\":{\"@type\":\"ImageObject\",\"inLanguage\":\"pt-BR\",\"@id\":\"https:\\\/\\\/secure.gravatar.com\\\/avatar\\\/f562caee940d39879c20e90eea3e4b21860c7d4c96684c23141c554824f0059c?s=96&d=mm&r=g\",\"url\":\"https:\\\/\\\/secure.gravatar.com\\\/avatar\\\/f562caee940d39879c20e90eea3e4b21860c7d4c96684c23141c554824f0059c?s=96&d=mm&r=g\",\"contentUrl\":\"https:\\\/\\\/secure.gravatar.com\\\/avatar\\\/f562caee940d39879c20e90eea3e4b21860c7d4c96684c23141c554824f0059c?s=96&d=mm&r=g\",\"caption\":\"Marcelo Oliveira de A. Maranhao\"},\"url\":\"https:\\\/\\\/diariodepe.com.br\\\/xinhua\\\/author\\\/marcelo-maranhao\\\/\"}]}<\/script>\n<!-- \/ Yoast SEO plugin. -->","yoast_head_json":{"title":"Morte de Powell por complica\u00e7\u00f5es de COVID-19 desencadeia debate sobre efic\u00e1cia da vacina nos EUA - Xinhua - Diario de Pernambuco","robots":{"index":"index","follow":"follow","max-snippet":"max-snippet:-1","max-image-preview":"max-image-preview:large","max-video-preview":"max-video-preview:-1"},"canonical":"https:\/\/diariodepe.com.br\/xinhua\/2021\/10\/21\/morte-de-powell-por-complicacoes-de-covid-19-desencadeia-debate-sobre-eficacia-da-vacina-nos-eua\/","og_locale":"pt_BR","og_type":"article","og_title":"Morte de Powell por complica\u00e7\u00f5es de COVID-19 desencadeia debate sobre efic\u00e1cia da vacina nos EUA - Xinhua - Diario de Pernambuco","og_description":"Washington &#8212; O ex-secret\u00e1rio de Estado dos EUA, Colin Powell, faleceu aos 84 anos de complica\u00e7\u00f5es por COVID-19 na segunda-feira, desencadeando um debate acalorado sobre a efic\u00e1cia das vacinas nos Estados Unidos. &#8220;O general Colin L. Powell, ex-secret\u00e1rio de Estado...","og_url":"https:\/\/diariodepe.com.br\/xinhua\/2021\/10\/21\/morte-de-powell-por-complicacoes-de-covid-19-desencadeia-debate-sobre-eficacia-da-vacina-nos-eua\/","og_site_name":"Xinhua - Diario de Pernambuco","article_published_time":"2021-10-21T11:44:04+00:00","article_modified_time":"2021-10-21T11:44:07+00:00","author":"Marcelo Oliveira de A. Maranhao","twitter_card":"summary_large_image","twitter_misc":{"Escrito por":"Marcelo Oliveira de A. Maranhao","Est. tempo de leitura":"3 minutos"},"schema":{"@context":"https:\/\/schema.org","@graph":[{"@type":"Article","@id":"https:\/\/diariodepe.com.br\/xinhua\/2021\/10\/21\/morte-de-powell-por-complicacoes-de-covid-19-desencadeia-debate-sobre-eficacia-da-vacina-nos-eua\/#article","isPartOf":{"@id":"https:\/\/diariodepe.com.br\/xinhua\/2021\/10\/21\/morte-de-powell-por-complicacoes-de-covid-19-desencadeia-debate-sobre-eficacia-da-vacina-nos-eua\/"},"author":{"name":"Marcelo Oliveira de A. Maranhao","@id":"https:\/\/diariodepe.com.br\/xinhua\/#\/schema\/person\/0943d6fd02bdc7b49c8f495e8787a2cb"},"headline":"Morte de Powell por complica\u00e7\u00f5es de COVID-19 desencadeia debate sobre efic\u00e1cia da vacina nos EUA","datePublished":"2021-10-21T11:44:04+00:00","dateModified":"2021-10-21T11:44:07+00:00","mainEntityOfPage":{"@id":"https:\/\/diariodepe.com.br\/xinhua\/2021\/10\/21\/morte-de-powell-por-complicacoes-de-covid-19-desencadeia-debate-sobre-eficacia-da-vacina-nos-eua\/"},"wordCount":563,"commentCount":0,"publisher":{"@id":"https:\/\/diariodepe.com.br\/xinhua\/#organization"},"articleSection":["Internacional"],"inLanguage":"pt-BR","potentialAction":[{"@type":"CommentAction","name":"Comment","target":["https:\/\/diariodepe.com.br\/xinhua\/2021\/10\/21\/morte-de-powell-por-complicacoes-de-covid-19-desencadeia-debate-sobre-eficacia-da-vacina-nos-eua\/#respond"]}]},{"@type":"WebPage","@id":"https:\/\/diariodepe.com.br\/xinhua\/2021\/10\/21\/morte-de-powell-por-complicacoes-de-covid-19-desencadeia-debate-sobre-eficacia-da-vacina-nos-eua\/","url":"https:\/\/diariodepe.com.br\/xinhua\/2021\/10\/21\/morte-de-powell-por-complicacoes-de-covid-19-desencadeia-debate-sobre-eficacia-da-vacina-nos-eua\/","name":"Morte de Powell por complica\u00e7\u00f5es de COVID-19 desencadeia debate sobre efic\u00e1cia da vacina nos EUA - Xinhua - Diario de Pernambuco","isPartOf":{"@id":"https:\/\/diariodepe.com.br\/xinhua\/#website"},"datePublished":"2021-10-21T11:44:04+00:00","dateModified":"2021-10-21T11:44:07+00:00","breadcrumb":{"@id":"https:\/\/diariodepe.com.br\/xinhua\/2021\/10\/21\/morte-de-powell-por-complicacoes-de-covid-19-desencadeia-debate-sobre-eficacia-da-vacina-nos-eua\/#breadcrumb"},"inLanguage":"pt-BR","potentialAction":[{"@type":"ReadAction","target":["https:\/\/diariodepe.com.br\/xinhua\/2021\/10\/21\/morte-de-powell-por-complicacoes-de-covid-19-desencadeia-debate-sobre-eficacia-da-vacina-nos-eua\/"]}]},{"@type":"BreadcrumbList","@id":"https:\/\/diariodepe.com.br\/xinhua\/2021\/10\/21\/morte-de-powell-por-complicacoes-de-covid-19-desencadeia-debate-sobre-eficacia-da-vacina-nos-eua\/#breadcrumb","itemListElement":[{"@type":"ListItem","position":1,"name":"In\u00edcio","item":"https:\/\/diariodepe.com.br\/xinhua\/"},{"@type":"ListItem","position":2,"name":"Morte de Powell por complica\u00e7\u00f5es de COVID-19 desencadeia debate sobre efic\u00e1cia da vacina nos EUA"}]},{"@type":"WebSite","@id":"https:\/\/diariodepe.com.br\/xinhua\/#website","url":"https:\/\/diariodepe.com.br\/xinhua\/","name":"Xinhua - Diario de Pernambuco","description":"A maior ag\u00eancia de not\u00edcias da China e um dos principais canais para conhecer o pa\u00eds","publisher":{"@id":"https:\/\/diariodepe.com.br\/xinhua\/#organization"},"potentialAction":[{"@type":"SearchAction","target":{"@type":"EntryPoint","urlTemplate":"https:\/\/diariodepe.com.br\/xinhua\/?s={search_term_string}"},"query-input":{"@type":"PropertyValueSpecification","valueRequired":true,"valueName":"search_term_string"}}],"inLanguage":"pt-BR"},{"@type":"Organization","@id":"https:\/\/diariodepe.com.br\/xinhua\/#organization","name":"Xinhua - Diario de Pernambuco","url":"https:\/\/diariodepe.com.br\/xinhua\/","logo":{"@type":"ImageObject","inLanguage":"pt-BR","@id":"https:\/\/diariodepe.com.br\/xinhua\/#\/schema\/logo\/image\/","url":"https:\/\/diariodepe.com.br\/xinhua\/wp-content\/uploads\/sites\/3\/2020\/10\/cropped-logo-transparente-2.png","contentUrl":"https:\/\/diariodepe.com.br\/xinhua\/wp-content\/uploads\/sites\/3\/2020\/10\/cropped-logo-transparente-2.png","width":512,"height":164,"caption":"Xinhua - Diario de Pernambuco"},"image":{"@id":"https:\/\/diariodepe.com.br\/xinhua\/#\/schema\/logo\/image\/"}},{"@type":"Person","@id":"https:\/\/diariodepe.com.br\/xinhua\/#\/schema\/person\/0943d6fd02bdc7b49c8f495e8787a2cb","name":"Marcelo Oliveira de A. Maranhao","image":{"@type":"ImageObject","inLanguage":"pt-BR","@id":"https:\/\/secure.gravatar.com\/avatar\/f562caee940d39879c20e90eea3e4b21860c7d4c96684c23141c554824f0059c?s=96&d=mm&r=g","url":"https:\/\/secure.gravatar.com\/avatar\/f562caee940d39879c20e90eea3e4b21860c7d4c96684c23141c554824f0059c?s=96&d=mm&r=g","contentUrl":"https:\/\/secure.gravatar.com\/avatar\/f562caee940d39879c20e90eea3e4b21860c7d4c96684c23141c554824f0059c?s=96&d=mm&r=g","caption":"Marcelo Oliveira de A. Maranhao"},"url":"https:\/\/diariodepe.com.br\/xinhua\/author\/marcelo-maranhao\/"}]}},"cc_featured_image_caption":{"caption_text":"","source_text":"","source_url":""},"amp_enabled":true,"_links":{"self":[{"href":"https:\/\/diariodepe.com.br\/xinhua\/wp-json\/wp\/v2\/posts\/3526","targetHints":{"allow":["GET"]}}],"collection":[{"href":"https:\/\/diariodepe.com.br\/xinhua\/wp-json\/wp\/v2\/posts"}],"about":[{"href":"https:\/\/diariodepe.com.br\/xinhua\/wp-json\/wp\/v2\/types\/post"}],"author":[{"embeddable":true,"href":"https:\/\/diariodepe.com.br\/xinhua\/wp-json\/wp\/v2\/users\/3"}],"replies":[{"embeddable":true,"href":"https:\/\/diariodepe.com.br\/xinhua\/wp-json\/wp\/v2\/comments?post=3526"}],"version-history":[{"count":1,"href":"https:\/\/diariodepe.com.br\/xinhua\/wp-json\/wp\/v2\/posts\/3526\/revisions"}],"predecessor-version":[{"id":3527,"href":"https:\/\/diariodepe.com.br\/xinhua\/wp-json\/wp\/v2\/posts\/3526\/revisions\/3527"}],"wp:attachment":[{"href":"https:\/\/diariodepe.com.br\/xinhua\/wp-json\/wp\/v2\/media?parent=3526"}],"wp:term":[{"taxonomy":"category","embeddable":true,"href":"https:\/\/diariodepe.com.br\/xinhua\/wp-json\/wp\/v2\/categories?post=3526"},{"taxonomy":"post_tag","embeddable":true,"href":"https:\/\/diariodepe.com.br\/xinhua\/wp-json\/wp\/v2\/tags?post=3526"}],"curies":[{"name":"wp","href":"https:\/\/api.w.org\/{rel}","templated":true}]}}