{"id":3419,"date":"2021-10-15T09:02:38","date_gmt":"2021-10-15T12:02:38","guid":{"rendered":"http:\/\/www.diariodepe.com.br\/xinhua\/?p=3419"},"modified":"2021-10-15T09:02:40","modified_gmt":"2021-10-15T12:02:40","slug":"presidente-chines-discursa-na-cerimonia-de-abertura-da-2a-conferencia-global-de-transporte-sustentavel-da-onu","status":"publish","type":"post","link":"https:\/\/diariodepe.com.br\/xinhua\/2021\/10\/15\/presidente-chines-discursa-na-cerimonia-de-abertura-da-2a-conferencia-global-de-transporte-sustentavel-da-onu\/","title":{"rendered":"Presidente chin\u00eas discursa na cerim\u00f4nia de abertura da 2\u00aa Confer\u00eancia Global de Transporte Sustent\u00e1vel da ONU"},"content":{"rendered":"\n<p>Beijing &#8212; O presidente chin\u00eas, Xi Jinping, come\u00e7ou a pronunciar um discurso por videoconfer\u00eancia na cerim\u00f4nia de abertura da Segunda Confer\u00eancia Global de Transporte Sustent\u00e1vel das Na\u00e7\u00f5es Unidas, realizada nesta quinta-feira.<\/p>\n","protected":false},"excerpt":{"rendered":"<p>Beijing &#8212; O presidente chin\u00eas, Xi Jinping, come\u00e7ou a pronunciar um discurso por videoconfer\u00eancia na cerim\u00f4nia de abertura da Segunda Confer\u00eancia Global de Transporte Sustent\u00e1vel das Na\u00e7\u00f5es Unidas, realizada nesta quinta-feira.<\/p>\n","protected":false},"author":3,"featured_media":0,"comment_status":"open","ping_status":"open","sticky":false,"template":"","format":"standard","meta":{"footnotes":""},"categories":[4],"tags":[],"class_list":["post-3419","post","type-post","status-publish","format-standard","hentry","category-internacional"],"yoast_head":"<!-- This site is optimized with the Yoast SEO plugin v27.4 - https:\/\/yoast.com\/product\/yoast-seo-wordpress\/ -->\n<title>Presidente chin\u00eas discursa na cerim\u00f4nia de abertura da 2\u00aa Confer\u00eancia Global de Transporte Sustent\u00e1vel da ONU - Xinhua - Diario de Pernambuco<\/title>\n<meta name=\"robots\" content=\"index, follow, max-snippet:-1, max-image-preview:large, max-video-preview:-1\" \/>\n<link rel=\"canonical\" href=\"https:\/\/diariodepe.com.br\/xinhua\/2021\/10\/15\/presidente-chines-discursa-na-cerimonia-de-abertura-da-2a-conferencia-global-de-transporte-sustentavel-da-onu\/\" \/>\n<meta property=\"og:locale\" content=\"pt_BR\" \/>\n<meta property=\"og:type\" content=\"article\" \/>\n<meta property=\"og:title\" content=\"Presidente chin\u00eas discursa na cerim\u00f4nia de abertura da 2\u00aa Confer\u00eancia Global de Transporte Sustent\u00e1vel da ONU - Xinhua - Diario de Pernambuco\" \/>\n<meta property=\"og:description\" content=\"Beijing &#8212; O presidente chin\u00eas, Xi Jinping, come\u00e7ou a pronunciar um discurso por videoconfer\u00eancia na cerim\u00f4nia de abertura da Segunda Confer\u00eancia Global de Transporte Sustent\u00e1vel das Na\u00e7\u00f5es Unidas, realizada nesta quinta-feira.\" \/>\n<meta property=\"og:url\" content=\"https:\/\/diariodepe.com.br\/xinhua\/2021\/10\/15\/presidente-chines-discursa-na-cerimonia-de-abertura-da-2a-conferencia-global-de-transporte-sustentavel-da-onu\/\" \/>\n<meta property=\"og:site_name\" content=\"Xinhua - Diario de Pernambuco\" \/>\n<meta property=\"article:published_time\" content=\"2021-10-15T12:02:38+00:00\" \/>\n<meta property=\"article:modified_time\" content=\"2021-10-15T12:02:40+00:00\" \/>\n<meta name=\"author\" content=\"Marcelo Oliveira de A. Maranhao\" \/>\n<meta name=\"twitter:card\" content=\"summary_large_image\" \/>\n<meta name=\"twitter:label1\" content=\"Escrito por\" \/>\n\t<meta name=\"twitter:data1\" content=\"Marcelo Oliveira de A. Maranhao\" \/>\n\t<meta name=\"twitter:label2\" content=\"Est. tempo de leitura\" \/>\n\t<meta name=\"twitter:data2\" content=\"1 minuto\" \/>\n<script type=\"application\/ld+json\" class=\"yoast-schema-graph\">{\"@context\":\"https:\\\/\\\/schema.org\",\"@graph\":[{\"@type\":\"Article\",\"@id\":\"https:\\\/\\\/diariodepe.com.br\\\/xinhua\\\/2021\\\/10\\\/15\\\/presidente-chines-discursa-na-cerimonia-de-abertura-da-2a-conferencia-global-de-transporte-sustentavel-da-onu\\\/#article\",\"isPartOf\":{\"@id\":\"https:\\\/\\\/diariodepe.com.br\\\/xinhua\\\/2021\\\/10\\\/15\\\/presidente-chines-discursa-na-cerimonia-de-abertura-da-2a-conferencia-global-de-transporte-sustentavel-da-onu\\\/\"},\"author\":{\"name\":\"Marcelo Oliveira de A. Maranhao\",\"@id\":\"https:\\\/\\\/diariodepe.com.br\\\/xinhua\\\/#\\\/schema\\\/person\\\/0943d6fd02bdc7b49c8f495e8787a2cb\"},\"headline\":\"Presidente chin\u00eas discursa na cerim\u00f4nia de abertura da 2\u00aa Confer\u00eancia Global de Transporte Sustent\u00e1vel da ONU\",\"datePublished\":\"2021-10-15T12:02:38+00:00\",\"dateModified\":\"2021-10-15T12:02:40+00:00\",\"mainEntityOfPage\":{\"@id\":\"https:\\\/\\\/diariodepe.com.br\\\/xinhua\\\/2021\\\/10\\\/15\\\/presidente-chines-discursa-na-cerimonia-de-abertura-da-2a-conferencia-global-de-transporte-sustentavel-da-onu\\\/\"},\"wordCount\":57,\"commentCount\":0,\"publisher\":{\"@id\":\"https:\\\/\\\/diariodepe.com.br\\\/xinhua\\\/#organization\"},\"articleSection\":[\"Internacional\"],\"inLanguage\":\"pt-BR\",\"potentialAction\":[{\"@type\":\"CommentAction\",\"name\":\"Comment\",\"target\":[\"https:\\\/\\\/diariodepe.com.br\\\/xinhua\\\/2021\\\/10\\\/15\\\/presidente-chines-discursa-na-cerimonia-de-abertura-da-2a-conferencia-global-de-transporte-sustentavel-da-onu\\\/#respond\"]}]},{\"@type\":\"WebPage\",\"@id\":\"https:\\\/\\\/diariodepe.com.br\\\/xinhua\\\/2021\\\/10\\\/15\\\/presidente-chines-discursa-na-cerimonia-de-abertura-da-2a-conferencia-global-de-transporte-sustentavel-da-onu\\\/\",\"url\":\"https:\\\/\\\/diariodepe.com.br\\\/xinhua\\\/2021\\\/10\\\/15\\\/presidente-chines-discursa-na-cerimonia-de-abertura-da-2a-conferencia-global-de-transporte-sustentavel-da-onu\\\/\",\"name\":\"Presidente chin\u00eas discursa na cerim\u00f4nia de abertura da 2\u00aa Confer\u00eancia Global de Transporte Sustent\u00e1vel da ONU - Xinhua - Diario de Pernambuco\",\"isPartOf\":{\"@id\":\"https:\\\/\\\/diariodepe.com.br\\\/xinhua\\\/#website\"},\"datePublished\":\"2021-10-15T12:02:38+00:00\",\"dateModified\":\"2021-10-15T12:02:40+00:00\",\"breadcrumb\":{\"@id\":\"https:\\\/\\\/diariodepe.com.br\\\/xinhua\\\/2021\\\/10\\\/15\\\/presidente-chines-discursa-na-cerimonia-de-abertura-da-2a-conferencia-global-de-transporte-sustentavel-da-onu\\\/#breadcrumb\"},\"inLanguage\":\"pt-BR\",\"potentialAction\":[{\"@type\":\"ReadAction\",\"target\":[\"https:\\\/\\\/diariodepe.com.br\\\/xinhua\\\/2021\\\/10\\\/15\\\/presidente-chines-discursa-na-cerimonia-de-abertura-da-2a-conferencia-global-de-transporte-sustentavel-da-onu\\\/\"]}]},{\"@type\":\"BreadcrumbList\",\"@id\":\"https:\\\/\\\/diariodepe.com.br\\\/xinhua\\\/2021\\\/10\\\/15\\\/presidente-chines-discursa-na-cerimonia-de-abertura-da-2a-conferencia-global-de-transporte-sustentavel-da-onu\\\/#breadcrumb\",\"itemListElement\":[{\"@type\":\"ListItem\",\"position\":1,\"name\":\"In\u00edcio\",\"item\":\"https:\\\/\\\/diariodepe.com.br\\\/xinhua\\\/\"},{\"@type\":\"ListItem\",\"position\":2,\"name\":\"Presidente chin\u00eas discursa na cerim\u00f4nia de abertura da 2\u00aa Confer\u00eancia Global de Transporte Sustent\u00e1vel da ONU\"}]},{\"@type\":\"WebSite\",\"@id\":\"https:\\\/\\\/diariodepe.com.br\\\/xinhua\\\/#website\",\"url\":\"https:\\\/\\\/diariodepe.com.br\\\/xinhua\\\/\",\"name\":\"Xinhua - Diario de Pernambuco\",\"description\":\"A maior ag\u00eancia de not\u00edcias da China e um dos principais canais para conhecer o pa\u00eds\",\"publisher\":{\"@id\":\"https:\\\/\\\/diariodepe.com.br\\\/xinhua\\\/#organization\"},\"potentialAction\":[{\"@type\":\"SearchAction\",\"target\":{\"@type\":\"EntryPoint\",\"urlTemplate\":\"https:\\\/\\\/diariodepe.com.br\\\/xinhua\\\/?s={search_term_string}\"},\"query-input\":{\"@type\":\"PropertyValueSpecification\",\"valueRequired\":true,\"valueName\":\"search_term_string\"}}],\"inLanguage\":\"pt-BR\"},{\"@type\":\"Organization\",\"@id\":\"https:\\\/\\\/diariodepe.com.br\\\/xinhua\\\/#organization\",\"name\":\"Xinhua - Diario de Pernambuco\",\"url\":\"https:\\\/\\\/diariodepe.com.br\\\/xinhua\\\/\",\"logo\":{\"@type\":\"ImageObject\",\"inLanguage\":\"pt-BR\",\"@id\":\"https:\\\/\\\/diariodepe.com.br\\\/xinhua\\\/#\\\/schema\\\/logo\\\/image\\\/\",\"url\":\"https:\\\/\\\/diariodepe.com.br\\\/xinhua\\\/wp-content\\\/uploads\\\/sites\\\/3\\\/2020\\\/10\\\/cropped-logo-transparente-2.png\",\"contentUrl\":\"https:\\\/\\\/diariodepe.com.br\\\/xinhua\\\/wp-content\\\/uploads\\\/sites\\\/3\\\/2020\\\/10\\\/cropped-logo-transparente-2.png\",\"width\":512,\"height\":164,\"caption\":\"Xinhua - Diario de Pernambuco\"},\"image\":{\"@id\":\"https:\\\/\\\/diariodepe.com.br\\\/xinhua\\\/#\\\/schema\\\/logo\\\/image\\\/\"}},{\"@type\":\"Person\",\"@id\":\"https:\\\/\\\/diariodepe.com.br\\\/xinhua\\\/#\\\/schema\\\/person\\\/0943d6fd02bdc7b49c8f495e8787a2cb\",\"name\":\"Marcelo Oliveira de A. Maranhao\",\"image\":{\"@type\":\"ImageObject\",\"inLanguage\":\"pt-BR\",\"@id\":\"https:\\\/\\\/secure.gravatar.com\\\/avatar\\\/f562caee940d39879c20e90eea3e4b21860c7d4c96684c23141c554824f0059c?s=96&d=mm&r=g\",\"url\":\"https:\\\/\\\/secure.gravatar.com\\\/avatar\\\/f562caee940d39879c20e90eea3e4b21860c7d4c96684c23141c554824f0059c?s=96&d=mm&r=g\",\"contentUrl\":\"https:\\\/\\\/secure.gravatar.com\\\/avatar\\\/f562caee940d39879c20e90eea3e4b21860c7d4c96684c23141c554824f0059c?s=96&d=mm&r=g\",\"caption\":\"Marcelo Oliveira de A. Maranhao\"},\"url\":\"https:\\\/\\\/diariodepe.com.br\\\/xinhua\\\/author\\\/marcelo-maranhao\\\/\"}]}<\/script>\n<!-- \/ Yoast SEO plugin. -->","yoast_head_json":{"title":"Presidente chin\u00eas discursa na cerim\u00f4nia de abertura da 2\u00aa Confer\u00eancia Global de Transporte Sustent\u00e1vel da ONU - Xinhua - Diario de Pernambuco","robots":{"index":"index","follow":"follow","max-snippet":"max-snippet:-1","max-image-preview":"max-image-preview:large","max-video-preview":"max-video-preview:-1"},"canonical":"https:\/\/diariodepe.com.br\/xinhua\/2021\/10\/15\/presidente-chines-discursa-na-cerimonia-de-abertura-da-2a-conferencia-global-de-transporte-sustentavel-da-onu\/","og_locale":"pt_BR","og_type":"article","og_title":"Presidente chin\u00eas discursa na cerim\u00f4nia de abertura da 2\u00aa Confer\u00eancia Global de Transporte Sustent\u00e1vel da ONU - Xinhua - Diario de Pernambuco","og_description":"Beijing &#8212; O presidente chin\u00eas, Xi Jinping, come\u00e7ou a pronunciar um discurso por videoconfer\u00eancia na cerim\u00f4nia de abertura da Segunda Confer\u00eancia Global de Transporte Sustent\u00e1vel das Na\u00e7\u00f5es Unidas, realizada nesta quinta-feira.","og_url":"https:\/\/diariodepe.com.br\/xinhua\/2021\/10\/15\/presidente-chines-discursa-na-cerimonia-de-abertura-da-2a-conferencia-global-de-transporte-sustentavel-da-onu\/","og_site_name":"Xinhua - Diario de Pernambuco","article_published_time":"2021-10-15T12:02:38+00:00","article_modified_time":"2021-10-15T12:02:40+00:00","author":"Marcelo Oliveira de A. Maranhao","twitter_card":"summary_large_image","twitter_misc":{"Escrito por":"Marcelo Oliveira de A. Maranhao","Est. tempo de leitura":"1 minuto"},"schema":{"@context":"https:\/\/schema.org","@graph":[{"@type":"Article","@id":"https:\/\/diariodepe.com.br\/xinhua\/2021\/10\/15\/presidente-chines-discursa-na-cerimonia-de-abertura-da-2a-conferencia-global-de-transporte-sustentavel-da-onu\/#article","isPartOf":{"@id":"https:\/\/diariodepe.com.br\/xinhua\/2021\/10\/15\/presidente-chines-discursa-na-cerimonia-de-abertura-da-2a-conferencia-global-de-transporte-sustentavel-da-onu\/"},"author":{"name":"Marcelo Oliveira de A. Maranhao","@id":"https:\/\/diariodepe.com.br\/xinhua\/#\/schema\/person\/0943d6fd02bdc7b49c8f495e8787a2cb"},"headline":"Presidente chin\u00eas discursa na cerim\u00f4nia de abertura da 2\u00aa Confer\u00eancia Global de Transporte Sustent\u00e1vel da ONU","datePublished":"2021-10-15T12:02:38+00:00","dateModified":"2021-10-15T12:02:40+00:00","mainEntityOfPage":{"@id":"https:\/\/diariodepe.com.br\/xinhua\/2021\/10\/15\/presidente-chines-discursa-na-cerimonia-de-abertura-da-2a-conferencia-global-de-transporte-sustentavel-da-onu\/"},"wordCount":57,"commentCount":0,"publisher":{"@id":"https:\/\/diariodepe.com.br\/xinhua\/#organization"},"articleSection":["Internacional"],"inLanguage":"pt-BR","potentialAction":[{"@type":"CommentAction","name":"Comment","target":["https:\/\/diariodepe.com.br\/xinhua\/2021\/10\/15\/presidente-chines-discursa-na-cerimonia-de-abertura-da-2a-conferencia-global-de-transporte-sustentavel-da-onu\/#respond"]}]},{"@type":"WebPage","@id":"https:\/\/diariodepe.com.br\/xinhua\/2021\/10\/15\/presidente-chines-discursa-na-cerimonia-de-abertura-da-2a-conferencia-global-de-transporte-sustentavel-da-onu\/","url":"https:\/\/diariodepe.com.br\/xinhua\/2021\/10\/15\/presidente-chines-discursa-na-cerimonia-de-abertura-da-2a-conferencia-global-de-transporte-sustentavel-da-onu\/","name":"Presidente chin\u00eas discursa na cerim\u00f4nia de abertura da 2\u00aa Confer\u00eancia Global de Transporte Sustent\u00e1vel da ONU - Xinhua - Diario de Pernambuco","isPartOf":{"@id":"https:\/\/diariodepe.com.br\/xinhua\/#website"},"datePublished":"2021-10-15T12:02:38+00:00","dateModified":"2021-10-15T12:02:40+00:00","breadcrumb":{"@id":"https:\/\/diariodepe.com.br\/xinhua\/2021\/10\/15\/presidente-chines-discursa-na-cerimonia-de-abertura-da-2a-conferencia-global-de-transporte-sustentavel-da-onu\/#breadcrumb"},"inLanguage":"pt-BR","potentialAction":[{"@type":"ReadAction","target":["https:\/\/diariodepe.com.br\/xinhua\/2021\/10\/15\/presidente-chines-discursa-na-cerimonia-de-abertura-da-2a-conferencia-global-de-transporte-sustentavel-da-onu\/"]}]},{"@type":"BreadcrumbList","@id":"https:\/\/diariodepe.com.br\/xinhua\/2021\/10\/15\/presidente-chines-discursa-na-cerimonia-de-abertura-da-2a-conferencia-global-de-transporte-sustentavel-da-onu\/#breadcrumb","itemListElement":[{"@type":"ListItem","position":1,"name":"In\u00edcio","item":"https:\/\/diariodepe.com.br\/xinhua\/"},{"@type":"ListItem","position":2,"name":"Presidente chin\u00eas discursa na cerim\u00f4nia de abertura da 2\u00aa Confer\u00eancia Global de Transporte Sustent\u00e1vel da ONU"}]},{"@type":"WebSite","@id":"https:\/\/diariodepe.com.br\/xinhua\/#website","url":"https:\/\/diariodepe.com.br\/xinhua\/","name":"Xinhua - Diario de Pernambuco","description":"A maior ag\u00eancia de not\u00edcias da China e um dos principais canais para conhecer o pa\u00eds","publisher":{"@id":"https:\/\/diariodepe.com.br\/xinhua\/#organization"},"potentialAction":[{"@type":"SearchAction","target":{"@type":"EntryPoint","urlTemplate":"https:\/\/diariodepe.com.br\/xinhua\/?s={search_term_string}"},"query-input":{"@type":"PropertyValueSpecification","valueRequired":true,"valueName":"search_term_string"}}],"inLanguage":"pt-BR"},{"@type":"Organization","@id":"https:\/\/diariodepe.com.br\/xinhua\/#organization","name":"Xinhua - Diario de Pernambuco","url":"https:\/\/diariodepe.com.br\/xinhua\/","logo":{"@type":"ImageObject","inLanguage":"pt-BR","@id":"https:\/\/diariodepe.com.br\/xinhua\/#\/schema\/logo\/image\/","url":"https:\/\/diariodepe.com.br\/xinhua\/wp-content\/uploads\/sites\/3\/2020\/10\/cropped-logo-transparente-2.png","contentUrl":"https:\/\/diariodepe.com.br\/xinhua\/wp-content\/uploads\/sites\/3\/2020\/10\/cropped-logo-transparente-2.png","width":512,"height":164,"caption":"Xinhua - Diario de Pernambuco"},"image":{"@id":"https:\/\/diariodepe.com.br\/xinhua\/#\/schema\/logo\/image\/"}},{"@type":"Person","@id":"https:\/\/diariodepe.com.br\/xinhua\/#\/schema\/person\/0943d6fd02bdc7b49c8f495e8787a2cb","name":"Marcelo Oliveira de A. Maranhao","image":{"@type":"ImageObject","inLanguage":"pt-BR","@id":"https:\/\/secure.gravatar.com\/avatar\/f562caee940d39879c20e90eea3e4b21860c7d4c96684c23141c554824f0059c?s=96&d=mm&r=g","url":"https:\/\/secure.gravatar.com\/avatar\/f562caee940d39879c20e90eea3e4b21860c7d4c96684c23141c554824f0059c?s=96&d=mm&r=g","contentUrl":"https:\/\/secure.gravatar.com\/avatar\/f562caee940d39879c20e90eea3e4b21860c7d4c96684c23141c554824f0059c?s=96&d=mm&r=g","caption":"Marcelo Oliveira de A. Maranhao"},"url":"https:\/\/diariodepe.com.br\/xinhua\/author\/marcelo-maranhao\/"}]}},"cc_featured_image_caption":{"caption_text":"Foto a\u00e9rea tirada em 22 de setembro de 2021 mostra um trem de alta velovidade correndo sobre campos de arroz na vila de Yaobao, distrito de Tieling, Prov\u00edncia de Liaoning, nordeste da China. (Xinhua\/Yang Qing)","source_text":"","source_url":""},"amp_enabled":true,"_links":{"self":[{"href":"https:\/\/diariodepe.com.br\/xinhua\/wp-json\/wp\/v2\/posts\/3419","targetHints":{"allow":["GET"]}}],"collection":[{"href":"https:\/\/diariodepe.com.br\/xinhua\/wp-json\/wp\/v2\/posts"}],"about":[{"href":"https:\/\/diariodepe.com.br\/xinhua\/wp-json\/wp\/v2\/types\/post"}],"author":[{"embeddable":true,"href":"https:\/\/diariodepe.com.br\/xinhua\/wp-json\/wp\/v2\/users\/3"}],"replies":[{"embeddable":true,"href":"https:\/\/diariodepe.com.br\/xinhua\/wp-json\/wp\/v2\/comments?post=3419"}],"version-history":[{"count":1,"href":"https:\/\/diariodepe.com.br\/xinhua\/wp-json\/wp\/v2\/posts\/3419\/revisions"}],"predecessor-version":[{"id":3421,"href":"https:\/\/diariodepe.com.br\/xinhua\/wp-json\/wp\/v2\/posts\/3419\/revisions\/3421"}],"wp:attachment":[{"href":"https:\/\/diariodepe.com.br\/xinhua\/wp-json\/wp\/v2\/media?parent=3419"}],"wp:term":[{"taxonomy":"category","embeddable":true,"href":"https:\/\/diariodepe.com.br\/xinhua\/wp-json\/wp\/v2\/categories?post=3419"},{"taxonomy":"post_tag","embeddable":true,"href":"https:\/\/diariodepe.com.br\/xinhua\/wp-json\/wp\/v2\/tags?post=3419"}],"curies":[{"name":"wp","href":"https:\/\/api.w.org\/{rel}","templated":true}]}}