{"id":3192,"date":"2021-09-30T16:32:00","date_gmt":"2021-09-30T19:32:00","guid":{"rendered":"http:\/\/www.diariodepe.com.br\/xinhua\/?p=3192"},"modified":"2021-09-30T08:32:55","modified_gmt":"2021-09-30T11:32:55","slug":"empresario-belga-em-xinjiang-refuta-acusacoes-de-trabalho-forcado","status":"publish","type":"post","link":"https:\/\/diariodepe.com.br\/xinhua\/2021\/09\/30\/empresario-belga-em-xinjiang-refuta-acusacoes-de-trabalho-forcado\/","title":{"rendered":"Empres\u00e1rio belga em Xinjiang refuta acusa\u00e7\u00f5es de &#8220;trabalho for\u00e7ado&#8221;"},"content":{"rendered":"\n<p>Urumqi, 30 set &#8211; Um empres\u00e1rio belga que opera uma empresa na Regi\u00e3o Aut\u00f4noma Uigur de Xinjiang, no noroeste da China, refutou as acusa\u00e7\u00f5es de &#8220;trabalho for\u00e7ado&#8221; na regi\u00e3o.<\/p>\n\n\n\n<p>Falando em uma videoconfer\u00eancia na quarta-feira, Decombel Danny Camiel disse que tem contato com agricultores de algod\u00e3o em Xinjiang h\u00e1 mais de uma d\u00e9cada e nunca viu nenhum &#8220;trabalho for\u00e7ado&#8221; ou viola\u00e7\u00f5es dos direitos humanos.<\/p>\n\n\n\n<p>O empres\u00e1rio abriu uma empresa de fertilizantes em Xinjiang e, por isso, tem contato frequente com agricultores locais de algod\u00e3o.<\/p>\n\n\n\n<p>Ele disse que as pessoas em Xinjiang s\u00e3o calorosas e hospitaleiras, e que pessoas locais de diferentes grupos \u00e9tnicos se re\u00fanem para celebrar festivais.<\/p>\n\n\n\n<p>Cerca de 120 pessoas, incluindo embaixadores, diplomatas, funcion\u00e1rios da ONU, m\u00eddia chinesa e estrangeira e representantes de ONGs participaram da videoconfer\u00eancia, realizada pelo governo regional de Xinjiang e pela Miss\u00e3o Permanente da China nas Na\u00e7\u00f5es Unidas. O evento foi transmitido ao vivo pela UN Web TV e assistido por quase 1.000 pessoas.<\/p>\n\n\n\n<p>V\u00e1rios representantes da base de Xinjiang, incluindo mulheres de minorias \u00e9tnicas e trabalhadores migrantes, compartilharam suas experi\u00eancias na videoconfer\u00eancia, prestando testemunho sobre a estabilidade social e o desenvolvimento econ\u00f4mico da regi\u00e3o e como as pessoas vivem e trabalham com paz e satisfa\u00e7\u00e3o.<\/p>\n\n\n\n<p>Zhang Jun, representante permanente da China nas Na\u00e7\u00f5es Unidas, disse que fatos e verdades sobre o desenvolvimento de Xinjiang est\u00e3o l\u00e1 para todos verem. Mais de 1.000 diplomatas, jornalistas e figuras religiosas de mais de 100 pa\u00edses visitaram Xinjiang, e todos ficaram profundamente impressionados com o desenvolvimento robusto da regi\u00e3o.<\/p>\n\n\n\n<p>Ele expressou a esperan\u00e7a de que a confer\u00eancia permita que as pessoas ou\u00e7am as vozes reais de Xinjiang, vejam a realidade da regi\u00e3o e ajudem a compreender uma Xinjiang real.<\/p>\n","protected":false},"excerpt":{"rendered":"<p>Urumqi, 30 set &#8211; Um empres\u00e1rio belga que opera uma empresa na Regi\u00e3o Aut\u00f4noma Uigur de Xinjiang, no noroeste da China, refutou as acusa\u00e7\u00f5es de &#8220;trabalho for\u00e7ado&#8221; na regi\u00e3o. Falando em uma videoconfer\u00eancia na quarta-feira, Decombel Danny Camiel disse que&#8230;<\/p>\n","protected":false},"author":3,"featured_media":0,"comment_status":"open","ping_status":"open","sticky":false,"template":"","format":"standard","meta":{"footnotes":""},"categories":[1],"tags":[],"class_list":["post-3192","post","type-post","status-publish","format-standard","hentry","category-geral"],"yoast_head":"<!-- This site is optimized with the Yoast SEO plugin v27.4 - https:\/\/yoast.com\/product\/yoast-seo-wordpress\/ -->\n<title>Empres\u00e1rio belga em Xinjiang refuta acusa\u00e7\u00f5es de &quot;trabalho for\u00e7ado&quot; - Xinhua - Diario de Pernambuco<\/title>\n<meta name=\"robots\" content=\"index, follow, max-snippet:-1, max-image-preview:large, max-video-preview:-1\" \/>\n<link rel=\"canonical\" href=\"https:\/\/diariodepe.com.br\/xinhua\/2021\/09\/30\/empresario-belga-em-xinjiang-refuta-acusacoes-de-trabalho-forcado\/\" \/>\n<meta property=\"og:locale\" content=\"pt_BR\" \/>\n<meta property=\"og:type\" content=\"article\" \/>\n<meta property=\"og:title\" content=\"Empres\u00e1rio belga em Xinjiang refuta acusa\u00e7\u00f5es de &quot;trabalho for\u00e7ado&quot; - Xinhua - Diario de Pernambuco\" \/>\n<meta property=\"og:description\" content=\"Urumqi, 30 set &#8211; Um empres\u00e1rio belga que opera uma empresa na Regi\u00e3o Aut\u00f4noma Uigur de Xinjiang, no noroeste da China, refutou as acusa\u00e7\u00f5es de &#8220;trabalho for\u00e7ado&#8221; na regi\u00e3o. Falando em uma videoconfer\u00eancia na quarta-feira, Decombel Danny Camiel disse que...\" \/>\n<meta property=\"og:url\" content=\"https:\/\/diariodepe.com.br\/xinhua\/2021\/09\/30\/empresario-belga-em-xinjiang-refuta-acusacoes-de-trabalho-forcado\/\" \/>\n<meta property=\"og:site_name\" content=\"Xinhua - Diario de Pernambuco\" \/>\n<meta property=\"article:published_time\" content=\"2021-09-30T19:32:00+00:00\" \/>\n<meta name=\"author\" content=\"Marcelo Oliveira de A. Maranhao\" \/>\n<meta name=\"twitter:card\" content=\"summary_large_image\" \/>\n<meta name=\"twitter:label1\" content=\"Escrito por\" \/>\n\t<meta name=\"twitter:data1\" content=\"Marcelo Oliveira de A. Maranhao\" \/>\n\t<meta name=\"twitter:label2\" content=\"Est. tempo de leitura\" \/>\n\t<meta name=\"twitter:data2\" content=\"2 minutos\" \/>\n<script type=\"application\/ld+json\" class=\"yoast-schema-graph\">{\"@context\":\"https:\\\/\\\/schema.org\",\"@graph\":[{\"@type\":\"Article\",\"@id\":\"https:\\\/\\\/diariodepe.com.br\\\/xinhua\\\/2021\\\/09\\\/30\\\/empresario-belga-em-xinjiang-refuta-acusacoes-de-trabalho-forcado\\\/#article\",\"isPartOf\":{\"@id\":\"https:\\\/\\\/diariodepe.com.br\\\/xinhua\\\/2021\\\/09\\\/30\\\/empresario-belga-em-xinjiang-refuta-acusacoes-de-trabalho-forcado\\\/\"},\"author\":{\"name\":\"Marcelo Oliveira de A. Maranhao\",\"@id\":\"https:\\\/\\\/diariodepe.com.br\\\/xinhua\\\/#\\\/schema\\\/person\\\/0943d6fd02bdc7b49c8f495e8787a2cb\"},\"headline\":\"Empres\u00e1rio belga em Xinjiang refuta acusa\u00e7\u00f5es de &#8220;trabalho for\u00e7ado&#8221;\",\"datePublished\":\"2021-09-30T19:32:00+00:00\",\"mainEntityOfPage\":{\"@id\":\"https:\\\/\\\/diariodepe.com.br\\\/xinhua\\\/2021\\\/09\\\/30\\\/empresario-belga-em-xinjiang-refuta-acusacoes-de-trabalho-forcado\\\/\"},\"wordCount\":323,\"commentCount\":0,\"publisher\":{\"@id\":\"https:\\\/\\\/diariodepe.com.br\\\/xinhua\\\/#organization\"},\"articleSection\":[\"Geral\"],\"inLanguage\":\"pt-BR\",\"potentialAction\":[{\"@type\":\"CommentAction\",\"name\":\"Comment\",\"target\":[\"https:\\\/\\\/diariodepe.com.br\\\/xinhua\\\/2021\\\/09\\\/30\\\/empresario-belga-em-xinjiang-refuta-acusacoes-de-trabalho-forcado\\\/#respond\"]}]},{\"@type\":\"WebPage\",\"@id\":\"https:\\\/\\\/diariodepe.com.br\\\/xinhua\\\/2021\\\/09\\\/30\\\/empresario-belga-em-xinjiang-refuta-acusacoes-de-trabalho-forcado\\\/\",\"url\":\"https:\\\/\\\/diariodepe.com.br\\\/xinhua\\\/2021\\\/09\\\/30\\\/empresario-belga-em-xinjiang-refuta-acusacoes-de-trabalho-forcado\\\/\",\"name\":\"Empres\u00e1rio belga em Xinjiang refuta acusa\u00e7\u00f5es de \\\"trabalho for\u00e7ado\\\" - Xinhua - Diario de Pernambuco\",\"isPartOf\":{\"@id\":\"https:\\\/\\\/diariodepe.com.br\\\/xinhua\\\/#website\"},\"datePublished\":\"2021-09-30T19:32:00+00:00\",\"breadcrumb\":{\"@id\":\"https:\\\/\\\/diariodepe.com.br\\\/xinhua\\\/2021\\\/09\\\/30\\\/empresario-belga-em-xinjiang-refuta-acusacoes-de-trabalho-forcado\\\/#breadcrumb\"},\"inLanguage\":\"pt-BR\",\"potentialAction\":[{\"@type\":\"ReadAction\",\"target\":[\"https:\\\/\\\/diariodepe.com.br\\\/xinhua\\\/2021\\\/09\\\/30\\\/empresario-belga-em-xinjiang-refuta-acusacoes-de-trabalho-forcado\\\/\"]}]},{\"@type\":\"BreadcrumbList\",\"@id\":\"https:\\\/\\\/diariodepe.com.br\\\/xinhua\\\/2021\\\/09\\\/30\\\/empresario-belga-em-xinjiang-refuta-acusacoes-de-trabalho-forcado\\\/#breadcrumb\",\"itemListElement\":[{\"@type\":\"ListItem\",\"position\":1,\"name\":\"In\u00edcio\",\"item\":\"https:\\\/\\\/diariodepe.com.br\\\/xinhua\\\/\"},{\"@type\":\"ListItem\",\"position\":2,\"name\":\"Empres\u00e1rio belga em Xinjiang refuta acusa\u00e7\u00f5es de &#8220;trabalho for\u00e7ado&#8221;\"}]},{\"@type\":\"WebSite\",\"@id\":\"https:\\\/\\\/diariodepe.com.br\\\/xinhua\\\/#website\",\"url\":\"https:\\\/\\\/diariodepe.com.br\\\/xinhua\\\/\",\"name\":\"Xinhua - Diario de Pernambuco\",\"description\":\"A maior ag\u00eancia de not\u00edcias da China e um dos principais canais para conhecer o pa\u00eds\",\"publisher\":{\"@id\":\"https:\\\/\\\/diariodepe.com.br\\\/xinhua\\\/#organization\"},\"potentialAction\":[{\"@type\":\"SearchAction\",\"target\":{\"@type\":\"EntryPoint\",\"urlTemplate\":\"https:\\\/\\\/diariodepe.com.br\\\/xinhua\\\/?s={search_term_string}\"},\"query-input\":{\"@type\":\"PropertyValueSpecification\",\"valueRequired\":true,\"valueName\":\"search_term_string\"}}],\"inLanguage\":\"pt-BR\"},{\"@type\":\"Organization\",\"@id\":\"https:\\\/\\\/diariodepe.com.br\\\/xinhua\\\/#organization\",\"name\":\"Xinhua - Diario de Pernambuco\",\"url\":\"https:\\\/\\\/diariodepe.com.br\\\/xinhua\\\/\",\"logo\":{\"@type\":\"ImageObject\",\"inLanguage\":\"pt-BR\",\"@id\":\"https:\\\/\\\/diariodepe.com.br\\\/xinhua\\\/#\\\/schema\\\/logo\\\/image\\\/\",\"url\":\"https:\\\/\\\/diariodepe.com.br\\\/xinhua\\\/wp-content\\\/uploads\\\/sites\\\/3\\\/2020\\\/10\\\/cropped-logo-transparente-2.png\",\"contentUrl\":\"https:\\\/\\\/diariodepe.com.br\\\/xinhua\\\/wp-content\\\/uploads\\\/sites\\\/3\\\/2020\\\/10\\\/cropped-logo-transparente-2.png\",\"width\":512,\"height\":164,\"caption\":\"Xinhua - Diario de Pernambuco\"},\"image\":{\"@id\":\"https:\\\/\\\/diariodepe.com.br\\\/xinhua\\\/#\\\/schema\\\/logo\\\/image\\\/\"}},{\"@type\":\"Person\",\"@id\":\"https:\\\/\\\/diariodepe.com.br\\\/xinhua\\\/#\\\/schema\\\/person\\\/0943d6fd02bdc7b49c8f495e8787a2cb\",\"name\":\"Marcelo Oliveira de A. Maranhao\",\"image\":{\"@type\":\"ImageObject\",\"inLanguage\":\"pt-BR\",\"@id\":\"https:\\\/\\\/secure.gravatar.com\\\/avatar\\\/f562caee940d39879c20e90eea3e4b21860c7d4c96684c23141c554824f0059c?s=96&d=mm&r=g\",\"url\":\"https:\\\/\\\/secure.gravatar.com\\\/avatar\\\/f562caee940d39879c20e90eea3e4b21860c7d4c96684c23141c554824f0059c?s=96&d=mm&r=g\",\"contentUrl\":\"https:\\\/\\\/secure.gravatar.com\\\/avatar\\\/f562caee940d39879c20e90eea3e4b21860c7d4c96684c23141c554824f0059c?s=96&d=mm&r=g\",\"caption\":\"Marcelo Oliveira de A. Maranhao\"},\"url\":\"https:\\\/\\\/diariodepe.com.br\\\/xinhua\\\/author\\\/marcelo-maranhao\\\/\"}]}<\/script>\n<!-- \/ Yoast SEO plugin. -->","yoast_head_json":{"title":"Empres\u00e1rio belga em Xinjiang refuta acusa\u00e7\u00f5es de \"trabalho for\u00e7ado\" - Xinhua - Diario de Pernambuco","robots":{"index":"index","follow":"follow","max-snippet":"max-snippet:-1","max-image-preview":"max-image-preview:large","max-video-preview":"max-video-preview:-1"},"canonical":"https:\/\/diariodepe.com.br\/xinhua\/2021\/09\/30\/empresario-belga-em-xinjiang-refuta-acusacoes-de-trabalho-forcado\/","og_locale":"pt_BR","og_type":"article","og_title":"Empres\u00e1rio belga em Xinjiang refuta acusa\u00e7\u00f5es de \"trabalho for\u00e7ado\" - Xinhua - Diario de Pernambuco","og_description":"Urumqi, 30 set &#8211; Um empres\u00e1rio belga que opera uma empresa na Regi\u00e3o Aut\u00f4noma Uigur de Xinjiang, no noroeste da China, refutou as acusa\u00e7\u00f5es de &#8220;trabalho for\u00e7ado&#8221; na regi\u00e3o. Falando em uma videoconfer\u00eancia na quarta-feira, Decombel Danny Camiel disse que...","og_url":"https:\/\/diariodepe.com.br\/xinhua\/2021\/09\/30\/empresario-belga-em-xinjiang-refuta-acusacoes-de-trabalho-forcado\/","og_site_name":"Xinhua - Diario de Pernambuco","article_published_time":"2021-09-30T19:32:00+00:00","author":"Marcelo Oliveira de A. Maranhao","twitter_card":"summary_large_image","twitter_misc":{"Escrito por":"Marcelo Oliveira de A. Maranhao","Est. tempo de leitura":"2 minutos"},"schema":{"@context":"https:\/\/schema.org","@graph":[{"@type":"Article","@id":"https:\/\/diariodepe.com.br\/xinhua\/2021\/09\/30\/empresario-belga-em-xinjiang-refuta-acusacoes-de-trabalho-forcado\/#article","isPartOf":{"@id":"https:\/\/diariodepe.com.br\/xinhua\/2021\/09\/30\/empresario-belga-em-xinjiang-refuta-acusacoes-de-trabalho-forcado\/"},"author":{"name":"Marcelo Oliveira de A. Maranhao","@id":"https:\/\/diariodepe.com.br\/xinhua\/#\/schema\/person\/0943d6fd02bdc7b49c8f495e8787a2cb"},"headline":"Empres\u00e1rio belga em Xinjiang refuta acusa\u00e7\u00f5es de &#8220;trabalho for\u00e7ado&#8221;","datePublished":"2021-09-30T19:32:00+00:00","mainEntityOfPage":{"@id":"https:\/\/diariodepe.com.br\/xinhua\/2021\/09\/30\/empresario-belga-em-xinjiang-refuta-acusacoes-de-trabalho-forcado\/"},"wordCount":323,"commentCount":0,"publisher":{"@id":"https:\/\/diariodepe.com.br\/xinhua\/#organization"},"articleSection":["Geral"],"inLanguage":"pt-BR","potentialAction":[{"@type":"CommentAction","name":"Comment","target":["https:\/\/diariodepe.com.br\/xinhua\/2021\/09\/30\/empresario-belga-em-xinjiang-refuta-acusacoes-de-trabalho-forcado\/#respond"]}]},{"@type":"WebPage","@id":"https:\/\/diariodepe.com.br\/xinhua\/2021\/09\/30\/empresario-belga-em-xinjiang-refuta-acusacoes-de-trabalho-forcado\/","url":"https:\/\/diariodepe.com.br\/xinhua\/2021\/09\/30\/empresario-belga-em-xinjiang-refuta-acusacoes-de-trabalho-forcado\/","name":"Empres\u00e1rio belga em Xinjiang refuta acusa\u00e7\u00f5es de \"trabalho for\u00e7ado\" - Xinhua - Diario de Pernambuco","isPartOf":{"@id":"https:\/\/diariodepe.com.br\/xinhua\/#website"},"datePublished":"2021-09-30T19:32:00+00:00","breadcrumb":{"@id":"https:\/\/diariodepe.com.br\/xinhua\/2021\/09\/30\/empresario-belga-em-xinjiang-refuta-acusacoes-de-trabalho-forcado\/#breadcrumb"},"inLanguage":"pt-BR","potentialAction":[{"@type":"ReadAction","target":["https:\/\/diariodepe.com.br\/xinhua\/2021\/09\/30\/empresario-belga-em-xinjiang-refuta-acusacoes-de-trabalho-forcado\/"]}]},{"@type":"BreadcrumbList","@id":"https:\/\/diariodepe.com.br\/xinhua\/2021\/09\/30\/empresario-belga-em-xinjiang-refuta-acusacoes-de-trabalho-forcado\/#breadcrumb","itemListElement":[{"@type":"ListItem","position":1,"name":"In\u00edcio","item":"https:\/\/diariodepe.com.br\/xinhua\/"},{"@type":"ListItem","position":2,"name":"Empres\u00e1rio belga em Xinjiang refuta acusa\u00e7\u00f5es de &#8220;trabalho for\u00e7ado&#8221;"}]},{"@type":"WebSite","@id":"https:\/\/diariodepe.com.br\/xinhua\/#website","url":"https:\/\/diariodepe.com.br\/xinhua\/","name":"Xinhua - Diario de Pernambuco","description":"A maior ag\u00eancia de not\u00edcias da China e um dos principais canais para conhecer o pa\u00eds","publisher":{"@id":"https:\/\/diariodepe.com.br\/xinhua\/#organization"},"potentialAction":[{"@type":"SearchAction","target":{"@type":"EntryPoint","urlTemplate":"https:\/\/diariodepe.com.br\/xinhua\/?s={search_term_string}"},"query-input":{"@type":"PropertyValueSpecification","valueRequired":true,"valueName":"search_term_string"}}],"inLanguage":"pt-BR"},{"@type":"Organization","@id":"https:\/\/diariodepe.com.br\/xinhua\/#organization","name":"Xinhua - Diario de Pernambuco","url":"https:\/\/diariodepe.com.br\/xinhua\/","logo":{"@type":"ImageObject","inLanguage":"pt-BR","@id":"https:\/\/diariodepe.com.br\/xinhua\/#\/schema\/logo\/image\/","url":"https:\/\/diariodepe.com.br\/xinhua\/wp-content\/uploads\/sites\/3\/2020\/10\/cropped-logo-transparente-2.png","contentUrl":"https:\/\/diariodepe.com.br\/xinhua\/wp-content\/uploads\/sites\/3\/2020\/10\/cropped-logo-transparente-2.png","width":512,"height":164,"caption":"Xinhua - Diario de Pernambuco"},"image":{"@id":"https:\/\/diariodepe.com.br\/xinhua\/#\/schema\/logo\/image\/"}},{"@type":"Person","@id":"https:\/\/diariodepe.com.br\/xinhua\/#\/schema\/person\/0943d6fd02bdc7b49c8f495e8787a2cb","name":"Marcelo Oliveira de A. Maranhao","image":{"@type":"ImageObject","inLanguage":"pt-BR","@id":"https:\/\/secure.gravatar.com\/avatar\/f562caee940d39879c20e90eea3e4b21860c7d4c96684c23141c554824f0059c?s=96&d=mm&r=g","url":"https:\/\/secure.gravatar.com\/avatar\/f562caee940d39879c20e90eea3e4b21860c7d4c96684c23141c554824f0059c?s=96&d=mm&r=g","contentUrl":"https:\/\/secure.gravatar.com\/avatar\/f562caee940d39879c20e90eea3e4b21860c7d4c96684c23141c554824f0059c?s=96&d=mm&r=g","caption":"Marcelo Oliveira de A. Maranhao"},"url":"https:\/\/diariodepe.com.br\/xinhua\/author\/marcelo-maranhao\/"}]}},"cc_featured_image_caption":{"caption_text":"","source_text":"","source_url":""},"amp_enabled":true,"_links":{"self":[{"href":"https:\/\/diariodepe.com.br\/xinhua\/wp-json\/wp\/v2\/posts\/3192","targetHints":{"allow":["GET"]}}],"collection":[{"href":"https:\/\/diariodepe.com.br\/xinhua\/wp-json\/wp\/v2\/posts"}],"about":[{"href":"https:\/\/diariodepe.com.br\/xinhua\/wp-json\/wp\/v2\/types\/post"}],"author":[{"embeddable":true,"href":"https:\/\/diariodepe.com.br\/xinhua\/wp-json\/wp\/v2\/users\/3"}],"replies":[{"embeddable":true,"href":"https:\/\/diariodepe.com.br\/xinhua\/wp-json\/wp\/v2\/comments?post=3192"}],"version-history":[{"count":1,"href":"https:\/\/diariodepe.com.br\/xinhua\/wp-json\/wp\/v2\/posts\/3192\/revisions"}],"predecessor-version":[{"id":3193,"href":"https:\/\/diariodepe.com.br\/xinhua\/wp-json\/wp\/v2\/posts\/3192\/revisions\/3193"}],"wp:attachment":[{"href":"https:\/\/diariodepe.com.br\/xinhua\/wp-json\/wp\/v2\/media?parent=3192"}],"wp:term":[{"taxonomy":"category","embeddable":true,"href":"https:\/\/diariodepe.com.br\/xinhua\/wp-json\/wp\/v2\/categories?post=3192"},{"taxonomy":"post_tag","embeddable":true,"href":"https:\/\/diariodepe.com.br\/xinhua\/wp-json\/wp\/v2\/tags?post=3192"}],"curies":[{"name":"wp","href":"https:\/\/api.w.org\/{rel}","templated":true}]}}