{"id":3182,"date":"2021-09-30T10:25:00","date_gmt":"2021-09-30T13:25:00","guid":{"rendered":"http:\/\/www.diariodepe.com.br\/xinhua\/?p=3182"},"modified":"2021-09-30T08:27:38","modified_gmt":"2021-09-30T11:27:38","slug":"shanghai-lanca-seu-primeiro-trem-de-carga-china-europa","status":"publish","type":"post","link":"https:\/\/diariodepe.com.br\/xinhua\/2021\/09\/30\/shanghai-lanca-seu-primeiro-trem-de-carga-china-europa\/","title":{"rendered":"Shanghai lan\u00e7a seu primeiro trem de carga China-Europa"},"content":{"rendered":"\n<p>Shanghai &#8211; O centro econ\u00f4mico chin\u00eas de Shanghai lan\u00e7ou um servi\u00e7o de trem de carga para Hamburgo, na Alemanha, na ter\u00e7a-feira, marcando o primeiro servi\u00e7o ferrovi\u00e1rio transfronteiri\u00e7o entre Shanghai e a Europa.<\/p>\n\n\n\n<p>O &#8220;Shanghai Express&#8221;, carregado com 50 cont\u00eaineres de mercadorias, incluindo vestu\u00e1rio, autope\u00e7as e pain\u00e9is solares, viajar\u00e1 mais de 10.000 quil\u00f4metros em duas semanas antes de chegar a Hamburgo, de acordo com a Alf\u00e2ndega de Shanghai.<\/p>\n\n\n\n<p>O trem deixar\u00e1 a China atrav\u00e9s da Passagem de Alataw no noroeste da Regi\u00e3o Aut\u00f4noma Uigur de Xinjiang e viajar\u00e1 pelo Cazaquist\u00e3o, R\u00fassia, Belarus e Pol\u00f4nia.<\/p>\n\n\n\n<p>Este ano marca o 35\u00ba anivers\u00e1rio do estabelecimento de rela\u00e7\u00f5es amistosas entre Shanghai e Hamburgo. Espera-se que mais trens operem ao longo da rota no futuro.<\/p>\n\n\n\n<p>Pan Hua, representante-chefe do Escrit\u00f3rio de Liga\u00e7\u00e3o de Hamburgo na China, disse que o lan\u00e7amento do servi\u00e7o de trem facilitar\u00e1 as trocas econ\u00f4micas e comerciais e a coopera\u00e7\u00e3o entre a China e a Alemanha, a Europa e outros pa\u00edses ao longo da rota.<\/p>\n","protected":false},"excerpt":{"rendered":"<p>Shanghai &#8211; O centro econ\u00f4mico chin\u00eas de Shanghai lan\u00e7ou um servi\u00e7o de trem de carga para Hamburgo, na Alemanha, na ter\u00e7a-feira, marcando o primeiro servi\u00e7o ferrovi\u00e1rio transfronteiri\u00e7o entre Shanghai e a Europa. O &#8220;Shanghai Express&#8221;, carregado com 50 cont\u00eaineres de&#8230;<\/p>\n","protected":false},"author":3,"featured_media":3183,"comment_status":"open","ping_status":"open","sticky":false,"template":"","format":"standard","meta":{"footnotes":""},"categories":[5],"tags":[],"class_list":["post-3182","post","type-post","status-publish","format-standard","has-post-thumbnail","hentry","category-economia"],"yoast_head":"<!-- This site is optimized with the Yoast SEO plugin v27.4 - https:\/\/yoast.com\/product\/yoast-seo-wordpress\/ -->\n<title>Shanghai lan\u00e7a seu primeiro trem de carga China-Europa - Xinhua - Diario de Pernambuco<\/title>\n<meta name=\"robots\" content=\"index, follow, max-snippet:-1, max-image-preview:large, max-video-preview:-1\" \/>\n<link rel=\"canonical\" href=\"https:\/\/diariodepe.com.br\/xinhua\/2021\/09\/30\/shanghai-lanca-seu-primeiro-trem-de-carga-china-europa\/\" \/>\n<meta property=\"og:locale\" content=\"pt_BR\" \/>\n<meta property=\"og:type\" content=\"article\" \/>\n<meta property=\"og:title\" content=\"Shanghai lan\u00e7a seu primeiro trem de carga China-Europa - Xinhua - Diario de Pernambuco\" \/>\n<meta property=\"og:description\" content=\"Shanghai &#8211; O centro econ\u00f4mico chin\u00eas de Shanghai lan\u00e7ou um servi\u00e7o de trem de carga para Hamburgo, na Alemanha, na ter\u00e7a-feira, marcando o primeiro servi\u00e7o ferrovi\u00e1rio transfronteiri\u00e7o entre Shanghai e a Europa. O &#8220;Shanghai Express&#8221;, carregado com 50 cont\u00eaineres de...\" \/>\n<meta property=\"og:url\" content=\"https:\/\/diariodepe.com.br\/xinhua\/2021\/09\/30\/shanghai-lanca-seu-primeiro-trem-de-carga-china-europa\/\" \/>\n<meta property=\"og:site_name\" content=\"Xinhua - Diario de Pernambuco\" \/>\n<meta property=\"article:published_time\" content=\"2021-09-30T13:25:00+00:00\" \/>\n<meta property=\"og:image\" content=\"https:\/\/diariodepe.com.br\/xinhua\/wp-content\/uploads\/sites\/3\/2021\/09\/1310217774_16329144151651n.jpg\" \/>\n\t<meta property=\"og:image:width\" content=\"900\" \/>\n\t<meta property=\"og:image:height\" content=\"589\" \/>\n\t<meta property=\"og:image:type\" content=\"image\/jpeg\" \/>\n<meta name=\"author\" content=\"Marcelo Oliveira de A. Maranhao\" \/>\n<meta name=\"twitter:card\" content=\"summary_large_image\" \/>\n<meta name=\"twitter:label1\" content=\"Escrito por\" \/>\n\t<meta name=\"twitter:data1\" content=\"Marcelo Oliveira de A. Maranhao\" \/>\n\t<meta name=\"twitter:label2\" content=\"Est. tempo de leitura\" \/>\n\t<meta name=\"twitter:data2\" content=\"1 minuto\" \/>\n<script type=\"application\/ld+json\" class=\"yoast-schema-graph\">{\"@context\":\"https:\\\/\\\/schema.org\",\"@graph\":[{\"@type\":\"Article\",\"@id\":\"https:\\\/\\\/diariodepe.com.br\\\/xinhua\\\/2021\\\/09\\\/30\\\/shanghai-lanca-seu-primeiro-trem-de-carga-china-europa\\\/#article\",\"isPartOf\":{\"@id\":\"https:\\\/\\\/diariodepe.com.br\\\/xinhua\\\/2021\\\/09\\\/30\\\/shanghai-lanca-seu-primeiro-trem-de-carga-china-europa\\\/\"},\"author\":{\"name\":\"Marcelo Oliveira de A. Maranhao\",\"@id\":\"https:\\\/\\\/diariodepe.com.br\\\/xinhua\\\/#\\\/schema\\\/person\\\/0943d6fd02bdc7b49c8f495e8787a2cb\"},\"headline\":\"Shanghai lan\u00e7a seu primeiro trem de carga China-Europa\",\"datePublished\":\"2021-09-30T13:25:00+00:00\",\"mainEntityOfPage\":{\"@id\":\"https:\\\/\\\/diariodepe.com.br\\\/xinhua\\\/2021\\\/09\\\/30\\\/shanghai-lanca-seu-primeiro-trem-de-carga-china-europa\\\/\"},\"wordCount\":197,\"commentCount\":0,\"publisher\":{\"@id\":\"https:\\\/\\\/diariodepe.com.br\\\/xinhua\\\/#organization\"},\"image\":{\"@id\":\"https:\\\/\\\/diariodepe.com.br\\\/xinhua\\\/2021\\\/09\\\/30\\\/shanghai-lanca-seu-primeiro-trem-de-carga-china-europa\\\/#primaryimage\"},\"thumbnailUrl\":\"https:\\\/\\\/diariodepe.com.br\\\/xinhua\\\/wp-content\\\/uploads\\\/sites\\\/3\\\/2021\\\/09\\\/1310217774_16329144151651n.jpg\",\"articleSection\":[\"Economia\"],\"inLanguage\":\"pt-BR\",\"potentialAction\":[{\"@type\":\"CommentAction\",\"name\":\"Comment\",\"target\":[\"https:\\\/\\\/diariodepe.com.br\\\/xinhua\\\/2021\\\/09\\\/30\\\/shanghai-lanca-seu-primeiro-trem-de-carga-china-europa\\\/#respond\"]}]},{\"@type\":\"WebPage\",\"@id\":\"https:\\\/\\\/diariodepe.com.br\\\/xinhua\\\/2021\\\/09\\\/30\\\/shanghai-lanca-seu-primeiro-trem-de-carga-china-europa\\\/\",\"url\":\"https:\\\/\\\/diariodepe.com.br\\\/xinhua\\\/2021\\\/09\\\/30\\\/shanghai-lanca-seu-primeiro-trem-de-carga-china-europa\\\/\",\"name\":\"Shanghai lan\u00e7a seu primeiro trem de carga China-Europa - Xinhua - Diario de Pernambuco\",\"isPartOf\":{\"@id\":\"https:\\\/\\\/diariodepe.com.br\\\/xinhua\\\/#website\"},\"primaryImageOfPage\":{\"@id\":\"https:\\\/\\\/diariodepe.com.br\\\/xinhua\\\/2021\\\/09\\\/30\\\/shanghai-lanca-seu-primeiro-trem-de-carga-china-europa\\\/#primaryimage\"},\"image\":{\"@id\":\"https:\\\/\\\/diariodepe.com.br\\\/xinhua\\\/2021\\\/09\\\/30\\\/shanghai-lanca-seu-primeiro-trem-de-carga-china-europa\\\/#primaryimage\"},\"thumbnailUrl\":\"https:\\\/\\\/diariodepe.com.br\\\/xinhua\\\/wp-content\\\/uploads\\\/sites\\\/3\\\/2021\\\/09\\\/1310217774_16329144151651n.jpg\",\"datePublished\":\"2021-09-30T13:25:00+00:00\",\"breadcrumb\":{\"@id\":\"https:\\\/\\\/diariodepe.com.br\\\/xinhua\\\/2021\\\/09\\\/30\\\/shanghai-lanca-seu-primeiro-trem-de-carga-china-europa\\\/#breadcrumb\"},\"inLanguage\":\"pt-BR\",\"potentialAction\":[{\"@type\":\"ReadAction\",\"target\":[\"https:\\\/\\\/diariodepe.com.br\\\/xinhua\\\/2021\\\/09\\\/30\\\/shanghai-lanca-seu-primeiro-trem-de-carga-china-europa\\\/\"]}]},{\"@type\":\"ImageObject\",\"inLanguage\":\"pt-BR\",\"@id\":\"https:\\\/\\\/diariodepe.com.br\\\/xinhua\\\/2021\\\/09\\\/30\\\/shanghai-lanca-seu-primeiro-trem-de-carga-china-europa\\\/#primaryimage\",\"url\":\"https:\\\/\\\/diariodepe.com.br\\\/xinhua\\\/wp-content\\\/uploads\\\/sites\\\/3\\\/2021\\\/09\\\/1310217774_16329144151651n.jpg\",\"contentUrl\":\"https:\\\/\\\/diariodepe.com.br\\\/xinhua\\\/wp-content\\\/uploads\\\/sites\\\/3\\\/2021\\\/09\\\/1310217774_16329144151651n.jpg\",\"width\":900,\"height\":589,\"caption\":\"Foto tirada em 28 de setembro de 2021 mostra Shanghai Express, um trem de carga China-Europa que liga Shanghai \u00e0 Europa, deixando o Munic\u00edpio de Shanghai, no leste da China, para Hamburgo, Alemanha. (Xinhua\\\/Ding Ting)\"},{\"@type\":\"BreadcrumbList\",\"@id\":\"https:\\\/\\\/diariodepe.com.br\\\/xinhua\\\/2021\\\/09\\\/30\\\/shanghai-lanca-seu-primeiro-trem-de-carga-china-europa\\\/#breadcrumb\",\"itemListElement\":[{\"@type\":\"ListItem\",\"position\":1,\"name\":\"In\u00edcio\",\"item\":\"https:\\\/\\\/diariodepe.com.br\\\/xinhua\\\/\"},{\"@type\":\"ListItem\",\"position\":2,\"name\":\"Shanghai lan\u00e7a seu primeiro trem de carga China-Europa\"}]},{\"@type\":\"WebSite\",\"@id\":\"https:\\\/\\\/diariodepe.com.br\\\/xinhua\\\/#website\",\"url\":\"https:\\\/\\\/diariodepe.com.br\\\/xinhua\\\/\",\"name\":\"Xinhua - Diario de Pernambuco\",\"description\":\"A maior ag\u00eancia de not\u00edcias da China e um dos principais canais para conhecer o pa\u00eds\",\"publisher\":{\"@id\":\"https:\\\/\\\/diariodepe.com.br\\\/xinhua\\\/#organization\"},\"potentialAction\":[{\"@type\":\"SearchAction\",\"target\":{\"@type\":\"EntryPoint\",\"urlTemplate\":\"https:\\\/\\\/diariodepe.com.br\\\/xinhua\\\/?s={search_term_string}\"},\"query-input\":{\"@type\":\"PropertyValueSpecification\",\"valueRequired\":true,\"valueName\":\"search_term_string\"}}],\"inLanguage\":\"pt-BR\"},{\"@type\":\"Organization\",\"@id\":\"https:\\\/\\\/diariodepe.com.br\\\/xinhua\\\/#organization\",\"name\":\"Xinhua - Diario de Pernambuco\",\"url\":\"https:\\\/\\\/diariodepe.com.br\\\/xinhua\\\/\",\"logo\":{\"@type\":\"ImageObject\",\"inLanguage\":\"pt-BR\",\"@id\":\"https:\\\/\\\/diariodepe.com.br\\\/xinhua\\\/#\\\/schema\\\/logo\\\/image\\\/\",\"url\":\"https:\\\/\\\/diariodepe.com.br\\\/xinhua\\\/wp-content\\\/uploads\\\/sites\\\/3\\\/2020\\\/10\\\/cropped-logo-transparente-2.png\",\"contentUrl\":\"https:\\\/\\\/diariodepe.com.br\\\/xinhua\\\/wp-content\\\/uploads\\\/sites\\\/3\\\/2020\\\/10\\\/cropped-logo-transparente-2.png\",\"width\":512,\"height\":164,\"caption\":\"Xinhua - Diario de Pernambuco\"},\"image\":{\"@id\":\"https:\\\/\\\/diariodepe.com.br\\\/xinhua\\\/#\\\/schema\\\/logo\\\/image\\\/\"}},{\"@type\":\"Person\",\"@id\":\"https:\\\/\\\/diariodepe.com.br\\\/xinhua\\\/#\\\/schema\\\/person\\\/0943d6fd02bdc7b49c8f495e8787a2cb\",\"name\":\"Marcelo Oliveira de A. Maranhao\",\"image\":{\"@type\":\"ImageObject\",\"inLanguage\":\"pt-BR\",\"@id\":\"https:\\\/\\\/secure.gravatar.com\\\/avatar\\\/f562caee940d39879c20e90eea3e4b21860c7d4c96684c23141c554824f0059c?s=96&d=mm&r=g\",\"url\":\"https:\\\/\\\/secure.gravatar.com\\\/avatar\\\/f562caee940d39879c20e90eea3e4b21860c7d4c96684c23141c554824f0059c?s=96&d=mm&r=g\",\"contentUrl\":\"https:\\\/\\\/secure.gravatar.com\\\/avatar\\\/f562caee940d39879c20e90eea3e4b21860c7d4c96684c23141c554824f0059c?s=96&d=mm&r=g\",\"caption\":\"Marcelo Oliveira de A. Maranhao\"},\"url\":\"https:\\\/\\\/diariodepe.com.br\\\/xinhua\\\/author\\\/marcelo-maranhao\\\/\"}]}<\/script>\n<!-- \/ Yoast SEO plugin. -->","yoast_head_json":{"title":"Shanghai lan\u00e7a seu primeiro trem de carga China-Europa - Xinhua - Diario de Pernambuco","robots":{"index":"index","follow":"follow","max-snippet":"max-snippet:-1","max-image-preview":"max-image-preview:large","max-video-preview":"max-video-preview:-1"},"canonical":"https:\/\/diariodepe.com.br\/xinhua\/2021\/09\/30\/shanghai-lanca-seu-primeiro-trem-de-carga-china-europa\/","og_locale":"pt_BR","og_type":"article","og_title":"Shanghai lan\u00e7a seu primeiro trem de carga China-Europa - Xinhua - Diario de Pernambuco","og_description":"Shanghai &#8211; O centro econ\u00f4mico chin\u00eas de Shanghai lan\u00e7ou um servi\u00e7o de trem de carga para Hamburgo, na Alemanha, na ter\u00e7a-feira, marcando o primeiro servi\u00e7o ferrovi\u00e1rio transfronteiri\u00e7o entre Shanghai e a Europa. O &#8220;Shanghai Express&#8221;, carregado com 50 cont\u00eaineres de...","og_url":"https:\/\/diariodepe.com.br\/xinhua\/2021\/09\/30\/shanghai-lanca-seu-primeiro-trem-de-carga-china-europa\/","og_site_name":"Xinhua - Diario de Pernambuco","article_published_time":"2021-09-30T13:25:00+00:00","og_image":[{"width":900,"height":589,"url":"https:\/\/diariodepe.com.br\/xinhua\/wp-content\/uploads\/sites\/3\/2021\/09\/1310217774_16329144151651n.jpg","type":"image\/jpeg"}],"author":"Marcelo Oliveira de A. Maranhao","twitter_card":"summary_large_image","twitter_misc":{"Escrito por":"Marcelo Oliveira de A. Maranhao","Est. tempo de leitura":"1 minuto"},"schema":{"@context":"https:\/\/schema.org","@graph":[{"@type":"Article","@id":"https:\/\/diariodepe.com.br\/xinhua\/2021\/09\/30\/shanghai-lanca-seu-primeiro-trem-de-carga-china-europa\/#article","isPartOf":{"@id":"https:\/\/diariodepe.com.br\/xinhua\/2021\/09\/30\/shanghai-lanca-seu-primeiro-trem-de-carga-china-europa\/"},"author":{"name":"Marcelo Oliveira de A. Maranhao","@id":"https:\/\/diariodepe.com.br\/xinhua\/#\/schema\/person\/0943d6fd02bdc7b49c8f495e8787a2cb"},"headline":"Shanghai lan\u00e7a seu primeiro trem de carga China-Europa","datePublished":"2021-09-30T13:25:00+00:00","mainEntityOfPage":{"@id":"https:\/\/diariodepe.com.br\/xinhua\/2021\/09\/30\/shanghai-lanca-seu-primeiro-trem-de-carga-china-europa\/"},"wordCount":197,"commentCount":0,"publisher":{"@id":"https:\/\/diariodepe.com.br\/xinhua\/#organization"},"image":{"@id":"https:\/\/diariodepe.com.br\/xinhua\/2021\/09\/30\/shanghai-lanca-seu-primeiro-trem-de-carga-china-europa\/#primaryimage"},"thumbnailUrl":"https:\/\/diariodepe.com.br\/xinhua\/wp-content\/uploads\/sites\/3\/2021\/09\/1310217774_16329144151651n.jpg","articleSection":["Economia"],"inLanguage":"pt-BR","potentialAction":[{"@type":"CommentAction","name":"Comment","target":["https:\/\/diariodepe.com.br\/xinhua\/2021\/09\/30\/shanghai-lanca-seu-primeiro-trem-de-carga-china-europa\/#respond"]}]},{"@type":"WebPage","@id":"https:\/\/diariodepe.com.br\/xinhua\/2021\/09\/30\/shanghai-lanca-seu-primeiro-trem-de-carga-china-europa\/","url":"https:\/\/diariodepe.com.br\/xinhua\/2021\/09\/30\/shanghai-lanca-seu-primeiro-trem-de-carga-china-europa\/","name":"Shanghai lan\u00e7a seu primeiro trem de carga China-Europa - Xinhua - Diario de Pernambuco","isPartOf":{"@id":"https:\/\/diariodepe.com.br\/xinhua\/#website"},"primaryImageOfPage":{"@id":"https:\/\/diariodepe.com.br\/xinhua\/2021\/09\/30\/shanghai-lanca-seu-primeiro-trem-de-carga-china-europa\/#primaryimage"},"image":{"@id":"https:\/\/diariodepe.com.br\/xinhua\/2021\/09\/30\/shanghai-lanca-seu-primeiro-trem-de-carga-china-europa\/#primaryimage"},"thumbnailUrl":"https:\/\/diariodepe.com.br\/xinhua\/wp-content\/uploads\/sites\/3\/2021\/09\/1310217774_16329144151651n.jpg","datePublished":"2021-09-30T13:25:00+00:00","breadcrumb":{"@id":"https:\/\/diariodepe.com.br\/xinhua\/2021\/09\/30\/shanghai-lanca-seu-primeiro-trem-de-carga-china-europa\/#breadcrumb"},"inLanguage":"pt-BR","potentialAction":[{"@type":"ReadAction","target":["https:\/\/diariodepe.com.br\/xinhua\/2021\/09\/30\/shanghai-lanca-seu-primeiro-trem-de-carga-china-europa\/"]}]},{"@type":"ImageObject","inLanguage":"pt-BR","@id":"https:\/\/diariodepe.com.br\/xinhua\/2021\/09\/30\/shanghai-lanca-seu-primeiro-trem-de-carga-china-europa\/#primaryimage","url":"https:\/\/diariodepe.com.br\/xinhua\/wp-content\/uploads\/sites\/3\/2021\/09\/1310217774_16329144151651n.jpg","contentUrl":"https:\/\/diariodepe.com.br\/xinhua\/wp-content\/uploads\/sites\/3\/2021\/09\/1310217774_16329144151651n.jpg","width":900,"height":589,"caption":"Foto tirada em 28 de setembro de 2021 mostra Shanghai Express, um trem de carga China-Europa que liga Shanghai \u00e0 Europa, deixando o Munic\u00edpio de Shanghai, no leste da China, para Hamburgo, Alemanha. (Xinhua\/Ding Ting)"},{"@type":"BreadcrumbList","@id":"https:\/\/diariodepe.com.br\/xinhua\/2021\/09\/30\/shanghai-lanca-seu-primeiro-trem-de-carga-china-europa\/#breadcrumb","itemListElement":[{"@type":"ListItem","position":1,"name":"In\u00edcio","item":"https:\/\/diariodepe.com.br\/xinhua\/"},{"@type":"ListItem","position":2,"name":"Shanghai lan\u00e7a seu primeiro trem de carga China-Europa"}]},{"@type":"WebSite","@id":"https:\/\/diariodepe.com.br\/xinhua\/#website","url":"https:\/\/diariodepe.com.br\/xinhua\/","name":"Xinhua - Diario de Pernambuco","description":"A maior ag\u00eancia de not\u00edcias da China e um dos principais canais para conhecer o pa\u00eds","publisher":{"@id":"https:\/\/diariodepe.com.br\/xinhua\/#organization"},"potentialAction":[{"@type":"SearchAction","target":{"@type":"EntryPoint","urlTemplate":"https:\/\/diariodepe.com.br\/xinhua\/?s={search_term_string}"},"query-input":{"@type":"PropertyValueSpecification","valueRequired":true,"valueName":"search_term_string"}}],"inLanguage":"pt-BR"},{"@type":"Organization","@id":"https:\/\/diariodepe.com.br\/xinhua\/#organization","name":"Xinhua - Diario de Pernambuco","url":"https:\/\/diariodepe.com.br\/xinhua\/","logo":{"@type":"ImageObject","inLanguage":"pt-BR","@id":"https:\/\/diariodepe.com.br\/xinhua\/#\/schema\/logo\/image\/","url":"https:\/\/diariodepe.com.br\/xinhua\/wp-content\/uploads\/sites\/3\/2020\/10\/cropped-logo-transparente-2.png","contentUrl":"https:\/\/diariodepe.com.br\/xinhua\/wp-content\/uploads\/sites\/3\/2020\/10\/cropped-logo-transparente-2.png","width":512,"height":164,"caption":"Xinhua - Diario de Pernambuco"},"image":{"@id":"https:\/\/diariodepe.com.br\/xinhua\/#\/schema\/logo\/image\/"}},{"@type":"Person","@id":"https:\/\/diariodepe.com.br\/xinhua\/#\/schema\/person\/0943d6fd02bdc7b49c8f495e8787a2cb","name":"Marcelo Oliveira de A. Maranhao","image":{"@type":"ImageObject","inLanguage":"pt-BR","@id":"https:\/\/secure.gravatar.com\/avatar\/f562caee940d39879c20e90eea3e4b21860c7d4c96684c23141c554824f0059c?s=96&d=mm&r=g","url":"https:\/\/secure.gravatar.com\/avatar\/f562caee940d39879c20e90eea3e4b21860c7d4c96684c23141c554824f0059c?s=96&d=mm&r=g","contentUrl":"https:\/\/secure.gravatar.com\/avatar\/f562caee940d39879c20e90eea3e4b21860c7d4c96684c23141c554824f0059c?s=96&d=mm&r=g","caption":"Marcelo Oliveira de A. Maranhao"},"url":"https:\/\/diariodepe.com.br\/xinhua\/author\/marcelo-maranhao\/"}]}},"cc_featured_image_caption":{"caption_text":"","source_text":"","source_url":""},"amp_enabled":true,"_links":{"self":[{"href":"https:\/\/diariodepe.com.br\/xinhua\/wp-json\/wp\/v2\/posts\/3182","targetHints":{"allow":["GET"]}}],"collection":[{"href":"https:\/\/diariodepe.com.br\/xinhua\/wp-json\/wp\/v2\/posts"}],"about":[{"href":"https:\/\/diariodepe.com.br\/xinhua\/wp-json\/wp\/v2\/types\/post"}],"author":[{"embeddable":true,"href":"https:\/\/diariodepe.com.br\/xinhua\/wp-json\/wp\/v2\/users\/3"}],"replies":[{"embeddable":true,"href":"https:\/\/diariodepe.com.br\/xinhua\/wp-json\/wp\/v2\/comments?post=3182"}],"version-history":[{"count":1,"href":"https:\/\/diariodepe.com.br\/xinhua\/wp-json\/wp\/v2\/posts\/3182\/revisions"}],"predecessor-version":[{"id":3184,"href":"https:\/\/diariodepe.com.br\/xinhua\/wp-json\/wp\/v2\/posts\/3182\/revisions\/3184"}],"wp:featuredmedia":[{"embeddable":true,"href":"https:\/\/diariodepe.com.br\/xinhua\/wp-json\/wp\/v2\/media\/3183"}],"wp:attachment":[{"href":"https:\/\/diariodepe.com.br\/xinhua\/wp-json\/wp\/v2\/media?parent=3182"}],"wp:term":[{"taxonomy":"category","embeddable":true,"href":"https:\/\/diariodepe.com.br\/xinhua\/wp-json\/wp\/v2\/categories?post=3182"},{"taxonomy":"post_tag","embeddable":true,"href":"https:\/\/diariodepe.com.br\/xinhua\/wp-json\/wp\/v2\/tags?post=3182"}],"curies":[{"name":"wp","href":"https:\/\/api.w.org\/{rel}","templated":true}]}}