{"id":308,"date":"2021-03-12T08:54:33","date_gmt":"2021-03-12T11:54:33","guid":{"rendered":"http:\/\/www.diariodepe.com.br\/xinhua\/?p=308"},"modified":"2021-03-12T08:54:35","modified_gmt":"2021-03-12T11:54:35","slug":"novo-estudo-liga-polen-a-infeccoes-da-covid-19","status":"publish","type":"post","link":"https:\/\/diariodepe.com.br\/xinhua\/2021\/03\/12\/novo-estudo-liga-polen-a-infeccoes-da-covid-19\/","title":{"rendered":"Novo estudo liga p\u00f3len a infec\u00e7\u00f5es da COVID-19"},"content":{"rendered":"\n<p>Estocolmo, 11 mar (Xinhua) &#8212; Altas concentra\u00e7\u00f5es de p\u00f3len no ar contribuem para o aumento da taxa de infec\u00e7\u00e3o da COVID-19, dificultando a resposta imune do corpo humano, de acordo com um novo estudo internacional publicado na revista cient\u00edfica PNAS nesta semana.<\/p>\n\n\n\n<p>Cientistas por tr\u00e1s do estudo sugerem que indiv\u00edduos de alto risco usem m\u00e1scaras de filtro de part\u00edculas durante altas concentra\u00e7\u00f5es de p\u00f3len na primavera.<\/p>\n\n\n\n<p>Embora o p\u00f3len n\u00e3o espalhe o v\u00edrus, ele inibe a libera\u00e7\u00e3o de subst\u00e2ncias de sinal que desencadeiam a resposta imune, indicou o estudo.<\/p>\n\n\n\n<p>&#8220;Todas as pessoas, incluindo aquelas que n\u00e3o s\u00e3o al\u00e9rgicas, s\u00e3o afetadas, e o efeito \u00e9 causado n\u00e3o apenas pelo p\u00f3len alerg\u00eanico, mas tamb\u00e9m por outros tipos, disse Aslog Dahl, pesquisadora de p\u00f3len da Universidade de Gotemburgo, em comunicado \u00e0 imprensa.<\/p>\n\n\n\n<p>Ela integra \u00e0 equipe de pesquisa que contribuiu para o estudo epidemiol\u00f3gico sobre a correla\u00e7\u00e3o entre a taxa de infec\u00e7\u00e3o e o n\u00edvel de p\u00f3len no ar em 31 pa\u00edses em todo o mundo.<\/p>\n\n\n\n<p>Os cientistas descobriram que, sem lockdown, um aumento da abund\u00e2ncia de p\u00f3len em 100 p\u00f3len\/m3 resultou em um aumento m\u00e9dio de 4% nas taxas de infec\u00e7\u00e3o.<\/p>\n\n\n\n<p>&#8220;O lockdown fez com que o efeito do p\u00f3len fosse reduzido pela metade quando n\u00edveis iguais de p\u00f3len foram comparados, mas ainda havia uma conex\u00e3o significativa entre o conte\u00fado do p\u00f3len e o n\u00famero de infec\u00e7\u00f5es&#8221;, disse Dahl.<\/p>\n\n\n\n<p>Para minimizar o risco de infec\u00e7\u00e3o, todas as pessoas, especialmente aquelas que pertencem a um grupo de risco &#8211; devem prestar aten\u00e7\u00e3o ao p\u00f3len. &#8220;Uma maneira de se proteger contra p\u00f3len no ar&#8221; \u00e9 usar uma m\u00e1scara de FFP2, observou Dahl.<\/p>\n\n\n\n<p>Ela tamb\u00e9m aconselhou a n\u00e3o abrir janelas durante per\u00edodos com altas concentra\u00e7\u00f5es de p\u00f3len no ar, acrescentando que aqueles que n\u00e3o t\u00eam alergia ao p\u00f3len devem agir como se tivessem.<\/p>\n\n\n\n<p>&#8220;Enx\u00e1gue o cabelo quando chegar em casa, troque de roupa e lave fronhas e outras roupas de cama com frequ\u00eancia. Use aspirador de p\u00f3 com frequ\u00eancia e n\u00e3o pendure roupas para secar ao ar livre. E tenha em mente que os animais de estima\u00e7\u00e3o que ficam do lado de fora podem levar p\u00f3len com eles para dentro de casa&#8221;, disse ela.<\/p>\n","protected":false},"excerpt":{"rendered":"<p>Estocolmo, 11 mar (Xinhua) &#8212; Altas concentra\u00e7\u00f5es de p\u00f3len no ar contribuem para o aumento da taxa de infec\u00e7\u00e3o da COVID-19, dificultando a resposta imune do corpo humano, de acordo com um novo estudo internacional publicado na revista cient\u00edfica PNAS&#8230;<\/p>\n","protected":false},"author":3,"featured_media":309,"comment_status":"open","ping_status":"open","sticky":false,"template":"","format":"standard","meta":{"footnotes":""},"categories":[1,4],"tags":[],"class_list":["post-308","post","type-post","status-publish","format-standard","has-post-thumbnail","hentry","category-geral","category-internacional"],"yoast_head":"<!-- This site is optimized with the Yoast SEO plugin v27.4 - https:\/\/yoast.com\/product\/yoast-seo-wordpress\/ -->\n<title>Novo estudo liga p\u00f3len a infec\u00e7\u00f5es da COVID-19 - Xinhua - Diario de Pernambuco<\/title>\n<meta name=\"robots\" content=\"index, follow, max-snippet:-1, max-image-preview:large, max-video-preview:-1\" \/>\n<link rel=\"canonical\" href=\"https:\/\/diariodepe.com.br\/xinhua\/2021\/03\/12\/novo-estudo-liga-polen-a-infeccoes-da-covid-19\/\" \/>\n<meta property=\"og:locale\" content=\"pt_BR\" \/>\n<meta property=\"og:type\" content=\"article\" \/>\n<meta property=\"og:title\" content=\"Novo estudo liga p\u00f3len a infec\u00e7\u00f5es da COVID-19 - Xinhua - Diario de Pernambuco\" \/>\n<meta property=\"og:description\" content=\"Estocolmo, 11 mar (Xinhua) &#8212; Altas concentra\u00e7\u00f5es de p\u00f3len no ar contribuem para o aumento da taxa de infec\u00e7\u00e3o da COVID-19, dificultando a resposta imune do corpo humano, de acordo com um novo estudo internacional publicado na revista cient\u00edfica PNAS...\" \/>\n<meta property=\"og:url\" content=\"https:\/\/diariodepe.com.br\/xinhua\/2021\/03\/12\/novo-estudo-liga-polen-a-infeccoes-da-covid-19\/\" \/>\n<meta property=\"og:site_name\" content=\"Xinhua - Diario de Pernambuco\" \/>\n<meta property=\"article:published_time\" content=\"2021-03-12T11:54:33+00:00\" \/>\n<meta property=\"article:modified_time\" content=\"2021-03-12T11:54:35+00:00\" \/>\n<meta property=\"og:image\" content=\"https:\/\/diariodepe.com.br\/xinhua\/wp-content\/uploads\/sites\/3\/2021\/03\/139805043_16155216197711n.jpg\" \/>\n\t<meta property=\"og:image:width\" content=\"900\" \/>\n\t<meta property=\"og:image:height\" content=\"599\" \/>\n\t<meta property=\"og:image:type\" content=\"image\/jpeg\" \/>\n<meta name=\"author\" content=\"Marcelo Oliveira de A. Maranhao\" \/>\n<meta name=\"twitter:card\" content=\"summary_large_image\" \/>\n<meta name=\"twitter:label1\" content=\"Escrito por\" \/>\n\t<meta name=\"twitter:data1\" content=\"Marcelo Oliveira de A. Maranhao\" \/>\n\t<meta name=\"twitter:label2\" content=\"Est. tempo de leitura\" \/>\n\t<meta name=\"twitter:data2\" content=\"2 minutos\" \/>\n<script type=\"application\/ld+json\" class=\"yoast-schema-graph\">{\"@context\":\"https:\\\/\\\/schema.org\",\"@graph\":[{\"@type\":\"Article\",\"@id\":\"https:\\\/\\\/diariodepe.com.br\\\/xinhua\\\/2021\\\/03\\\/12\\\/novo-estudo-liga-polen-a-infeccoes-da-covid-19\\\/#article\",\"isPartOf\":{\"@id\":\"https:\\\/\\\/diariodepe.com.br\\\/xinhua\\\/2021\\\/03\\\/12\\\/novo-estudo-liga-polen-a-infeccoes-da-covid-19\\\/\"},\"author\":{\"name\":\"Marcelo Oliveira de A. Maranhao\",\"@id\":\"https:\\\/\\\/diariodepe.com.br\\\/xinhua\\\/#\\\/schema\\\/person\\\/0943d6fd02bdc7b49c8f495e8787a2cb\"},\"headline\":\"Novo estudo liga p\u00f3len a infec\u00e7\u00f5es da COVID-19\",\"datePublished\":\"2021-03-12T11:54:33+00:00\",\"dateModified\":\"2021-03-12T11:54:35+00:00\",\"mainEntityOfPage\":{\"@id\":\"https:\\\/\\\/diariodepe.com.br\\\/xinhua\\\/2021\\\/03\\\/12\\\/novo-estudo-liga-polen-a-infeccoes-da-covid-19\\\/\"},\"wordCount\":424,\"commentCount\":0,\"publisher\":{\"@id\":\"https:\\\/\\\/diariodepe.com.br\\\/xinhua\\\/#organization\"},\"image\":{\"@id\":\"https:\\\/\\\/diariodepe.com.br\\\/xinhua\\\/2021\\\/03\\\/12\\\/novo-estudo-liga-polen-a-infeccoes-da-covid-19\\\/#primaryimage\"},\"thumbnailUrl\":\"https:\\\/\\\/diariodepe.com.br\\\/xinhua\\\/wp-content\\\/uploads\\\/sites\\\/3\\\/2021\\\/03\\\/139805043_16155216197711n.jpg\",\"articleSection\":[\"Geral\",\"Internacional\"],\"inLanguage\":\"pt-BR\",\"potentialAction\":[{\"@type\":\"CommentAction\",\"name\":\"Comment\",\"target\":[\"https:\\\/\\\/diariodepe.com.br\\\/xinhua\\\/2021\\\/03\\\/12\\\/novo-estudo-liga-polen-a-infeccoes-da-covid-19\\\/#respond\"]}]},{\"@type\":\"WebPage\",\"@id\":\"https:\\\/\\\/diariodepe.com.br\\\/xinhua\\\/2021\\\/03\\\/12\\\/novo-estudo-liga-polen-a-infeccoes-da-covid-19\\\/\",\"url\":\"https:\\\/\\\/diariodepe.com.br\\\/xinhua\\\/2021\\\/03\\\/12\\\/novo-estudo-liga-polen-a-infeccoes-da-covid-19\\\/\",\"name\":\"Novo estudo liga p\u00f3len a infec\u00e7\u00f5es da COVID-19 - Xinhua - Diario de Pernambuco\",\"isPartOf\":{\"@id\":\"https:\\\/\\\/diariodepe.com.br\\\/xinhua\\\/#website\"},\"primaryImageOfPage\":{\"@id\":\"https:\\\/\\\/diariodepe.com.br\\\/xinhua\\\/2021\\\/03\\\/12\\\/novo-estudo-liga-polen-a-infeccoes-da-covid-19\\\/#primaryimage\"},\"image\":{\"@id\":\"https:\\\/\\\/diariodepe.com.br\\\/xinhua\\\/2021\\\/03\\\/12\\\/novo-estudo-liga-polen-a-infeccoes-da-covid-19\\\/#primaryimage\"},\"thumbnailUrl\":\"https:\\\/\\\/diariodepe.com.br\\\/xinhua\\\/wp-content\\\/uploads\\\/sites\\\/3\\\/2021\\\/03\\\/139805043_16155216197711n.jpg\",\"datePublished\":\"2021-03-12T11:54:33+00:00\",\"dateModified\":\"2021-03-12T11:54:35+00:00\",\"breadcrumb\":{\"@id\":\"https:\\\/\\\/diariodepe.com.br\\\/xinhua\\\/2021\\\/03\\\/12\\\/novo-estudo-liga-polen-a-infeccoes-da-covid-19\\\/#breadcrumb\"},\"inLanguage\":\"pt-BR\",\"potentialAction\":[{\"@type\":\"ReadAction\",\"target\":[\"https:\\\/\\\/diariodepe.com.br\\\/xinhua\\\/2021\\\/03\\\/12\\\/novo-estudo-liga-polen-a-infeccoes-da-covid-19\\\/\"]}]},{\"@type\":\"ImageObject\",\"inLanguage\":\"pt-BR\",\"@id\":\"https:\\\/\\\/diariodepe.com.br\\\/xinhua\\\/2021\\\/03\\\/12\\\/novo-estudo-liga-polen-a-infeccoes-da-covid-19\\\/#primaryimage\",\"url\":\"https:\\\/\\\/diariodepe.com.br\\\/xinhua\\\/wp-content\\\/uploads\\\/sites\\\/3\\\/2021\\\/03\\\/139805043_16155216197711n.jpg\",\"contentUrl\":\"https:\\\/\\\/diariodepe.com.br\\\/xinhua\\\/wp-content\\\/uploads\\\/sites\\\/3\\\/2021\\\/03\\\/139805043_16155216197711n.jpg\",\"width\":900,\"height\":599,\"caption\":\"Pessoas compram flores em um mercado de flores no Dia Internacional da Mulher em Skopje, Maced\u00f4nia do Norte, em 8 de mar\u00e7o de 2021.(Xinhua\\\/Tomislav Georgiev)\"},{\"@type\":\"BreadcrumbList\",\"@id\":\"https:\\\/\\\/diariodepe.com.br\\\/xinhua\\\/2021\\\/03\\\/12\\\/novo-estudo-liga-polen-a-infeccoes-da-covid-19\\\/#breadcrumb\",\"itemListElement\":[{\"@type\":\"ListItem\",\"position\":1,\"name\":\"In\u00edcio\",\"item\":\"https:\\\/\\\/diariodepe.com.br\\\/xinhua\\\/\"},{\"@type\":\"ListItem\",\"position\":2,\"name\":\"Novo estudo liga p\u00f3len a infec\u00e7\u00f5es da COVID-19\"}]},{\"@type\":\"WebSite\",\"@id\":\"https:\\\/\\\/diariodepe.com.br\\\/xinhua\\\/#website\",\"url\":\"https:\\\/\\\/diariodepe.com.br\\\/xinhua\\\/\",\"name\":\"Xinhua - Diario de Pernambuco\",\"description\":\"A maior ag\u00eancia de not\u00edcias da China e um dos principais canais para conhecer o pa\u00eds\",\"publisher\":{\"@id\":\"https:\\\/\\\/diariodepe.com.br\\\/xinhua\\\/#organization\"},\"potentialAction\":[{\"@type\":\"SearchAction\",\"target\":{\"@type\":\"EntryPoint\",\"urlTemplate\":\"https:\\\/\\\/diariodepe.com.br\\\/xinhua\\\/?s={search_term_string}\"},\"query-input\":{\"@type\":\"PropertyValueSpecification\",\"valueRequired\":true,\"valueName\":\"search_term_string\"}}],\"inLanguage\":\"pt-BR\"},{\"@type\":\"Organization\",\"@id\":\"https:\\\/\\\/diariodepe.com.br\\\/xinhua\\\/#organization\",\"name\":\"Xinhua - Diario de Pernambuco\",\"url\":\"https:\\\/\\\/diariodepe.com.br\\\/xinhua\\\/\",\"logo\":{\"@type\":\"ImageObject\",\"inLanguage\":\"pt-BR\",\"@id\":\"https:\\\/\\\/diariodepe.com.br\\\/xinhua\\\/#\\\/schema\\\/logo\\\/image\\\/\",\"url\":\"https:\\\/\\\/diariodepe.com.br\\\/xinhua\\\/wp-content\\\/uploads\\\/sites\\\/3\\\/2020\\\/10\\\/cropped-logo-transparente-2.png\",\"contentUrl\":\"https:\\\/\\\/diariodepe.com.br\\\/xinhua\\\/wp-content\\\/uploads\\\/sites\\\/3\\\/2020\\\/10\\\/cropped-logo-transparente-2.png\",\"width\":512,\"height\":164,\"caption\":\"Xinhua - Diario de Pernambuco\"},\"image\":{\"@id\":\"https:\\\/\\\/diariodepe.com.br\\\/xinhua\\\/#\\\/schema\\\/logo\\\/image\\\/\"}},{\"@type\":\"Person\",\"@id\":\"https:\\\/\\\/diariodepe.com.br\\\/xinhua\\\/#\\\/schema\\\/person\\\/0943d6fd02bdc7b49c8f495e8787a2cb\",\"name\":\"Marcelo Oliveira de A. Maranhao\",\"image\":{\"@type\":\"ImageObject\",\"inLanguage\":\"pt-BR\",\"@id\":\"https:\\\/\\\/secure.gravatar.com\\\/avatar\\\/f562caee940d39879c20e90eea3e4b21860c7d4c96684c23141c554824f0059c?s=96&d=mm&r=g\",\"url\":\"https:\\\/\\\/secure.gravatar.com\\\/avatar\\\/f562caee940d39879c20e90eea3e4b21860c7d4c96684c23141c554824f0059c?s=96&d=mm&r=g\",\"contentUrl\":\"https:\\\/\\\/secure.gravatar.com\\\/avatar\\\/f562caee940d39879c20e90eea3e4b21860c7d4c96684c23141c554824f0059c?s=96&d=mm&r=g\",\"caption\":\"Marcelo Oliveira de A. Maranhao\"},\"url\":\"https:\\\/\\\/diariodepe.com.br\\\/xinhua\\\/author\\\/marcelo-maranhao\\\/\"}]}<\/script>\n<!-- \/ Yoast SEO plugin. -->","yoast_head_json":{"title":"Novo estudo liga p\u00f3len a infec\u00e7\u00f5es da COVID-19 - Xinhua - Diario de Pernambuco","robots":{"index":"index","follow":"follow","max-snippet":"max-snippet:-1","max-image-preview":"max-image-preview:large","max-video-preview":"max-video-preview:-1"},"canonical":"https:\/\/diariodepe.com.br\/xinhua\/2021\/03\/12\/novo-estudo-liga-polen-a-infeccoes-da-covid-19\/","og_locale":"pt_BR","og_type":"article","og_title":"Novo estudo liga p\u00f3len a infec\u00e7\u00f5es da COVID-19 - Xinhua - Diario de Pernambuco","og_description":"Estocolmo, 11 mar (Xinhua) &#8212; Altas concentra\u00e7\u00f5es de p\u00f3len no ar contribuem para o aumento da taxa de infec\u00e7\u00e3o da COVID-19, dificultando a resposta imune do corpo humano, de acordo com um novo estudo internacional publicado na revista cient\u00edfica PNAS...","og_url":"https:\/\/diariodepe.com.br\/xinhua\/2021\/03\/12\/novo-estudo-liga-polen-a-infeccoes-da-covid-19\/","og_site_name":"Xinhua - Diario de Pernambuco","article_published_time":"2021-03-12T11:54:33+00:00","article_modified_time":"2021-03-12T11:54:35+00:00","og_image":[{"width":900,"height":599,"url":"https:\/\/diariodepe.com.br\/xinhua\/wp-content\/uploads\/sites\/3\/2021\/03\/139805043_16155216197711n.jpg","type":"image\/jpeg"}],"author":"Marcelo Oliveira de A. Maranhao","twitter_card":"summary_large_image","twitter_misc":{"Escrito por":"Marcelo Oliveira de A. Maranhao","Est. tempo de leitura":"2 minutos"},"schema":{"@context":"https:\/\/schema.org","@graph":[{"@type":"Article","@id":"https:\/\/diariodepe.com.br\/xinhua\/2021\/03\/12\/novo-estudo-liga-polen-a-infeccoes-da-covid-19\/#article","isPartOf":{"@id":"https:\/\/diariodepe.com.br\/xinhua\/2021\/03\/12\/novo-estudo-liga-polen-a-infeccoes-da-covid-19\/"},"author":{"name":"Marcelo Oliveira de A. Maranhao","@id":"https:\/\/diariodepe.com.br\/xinhua\/#\/schema\/person\/0943d6fd02bdc7b49c8f495e8787a2cb"},"headline":"Novo estudo liga p\u00f3len a infec\u00e7\u00f5es da COVID-19","datePublished":"2021-03-12T11:54:33+00:00","dateModified":"2021-03-12T11:54:35+00:00","mainEntityOfPage":{"@id":"https:\/\/diariodepe.com.br\/xinhua\/2021\/03\/12\/novo-estudo-liga-polen-a-infeccoes-da-covid-19\/"},"wordCount":424,"commentCount":0,"publisher":{"@id":"https:\/\/diariodepe.com.br\/xinhua\/#organization"},"image":{"@id":"https:\/\/diariodepe.com.br\/xinhua\/2021\/03\/12\/novo-estudo-liga-polen-a-infeccoes-da-covid-19\/#primaryimage"},"thumbnailUrl":"https:\/\/diariodepe.com.br\/xinhua\/wp-content\/uploads\/sites\/3\/2021\/03\/139805043_16155216197711n.jpg","articleSection":["Geral","Internacional"],"inLanguage":"pt-BR","potentialAction":[{"@type":"CommentAction","name":"Comment","target":["https:\/\/diariodepe.com.br\/xinhua\/2021\/03\/12\/novo-estudo-liga-polen-a-infeccoes-da-covid-19\/#respond"]}]},{"@type":"WebPage","@id":"https:\/\/diariodepe.com.br\/xinhua\/2021\/03\/12\/novo-estudo-liga-polen-a-infeccoes-da-covid-19\/","url":"https:\/\/diariodepe.com.br\/xinhua\/2021\/03\/12\/novo-estudo-liga-polen-a-infeccoes-da-covid-19\/","name":"Novo estudo liga p\u00f3len a infec\u00e7\u00f5es da COVID-19 - Xinhua - Diario de Pernambuco","isPartOf":{"@id":"https:\/\/diariodepe.com.br\/xinhua\/#website"},"primaryImageOfPage":{"@id":"https:\/\/diariodepe.com.br\/xinhua\/2021\/03\/12\/novo-estudo-liga-polen-a-infeccoes-da-covid-19\/#primaryimage"},"image":{"@id":"https:\/\/diariodepe.com.br\/xinhua\/2021\/03\/12\/novo-estudo-liga-polen-a-infeccoes-da-covid-19\/#primaryimage"},"thumbnailUrl":"https:\/\/diariodepe.com.br\/xinhua\/wp-content\/uploads\/sites\/3\/2021\/03\/139805043_16155216197711n.jpg","datePublished":"2021-03-12T11:54:33+00:00","dateModified":"2021-03-12T11:54:35+00:00","breadcrumb":{"@id":"https:\/\/diariodepe.com.br\/xinhua\/2021\/03\/12\/novo-estudo-liga-polen-a-infeccoes-da-covid-19\/#breadcrumb"},"inLanguage":"pt-BR","potentialAction":[{"@type":"ReadAction","target":["https:\/\/diariodepe.com.br\/xinhua\/2021\/03\/12\/novo-estudo-liga-polen-a-infeccoes-da-covid-19\/"]}]},{"@type":"ImageObject","inLanguage":"pt-BR","@id":"https:\/\/diariodepe.com.br\/xinhua\/2021\/03\/12\/novo-estudo-liga-polen-a-infeccoes-da-covid-19\/#primaryimage","url":"https:\/\/diariodepe.com.br\/xinhua\/wp-content\/uploads\/sites\/3\/2021\/03\/139805043_16155216197711n.jpg","contentUrl":"https:\/\/diariodepe.com.br\/xinhua\/wp-content\/uploads\/sites\/3\/2021\/03\/139805043_16155216197711n.jpg","width":900,"height":599,"caption":"Pessoas compram flores em um mercado de flores no Dia Internacional da Mulher em Skopje, Maced\u00f4nia do Norte, em 8 de mar\u00e7o de 2021.(Xinhua\/Tomislav Georgiev)"},{"@type":"BreadcrumbList","@id":"https:\/\/diariodepe.com.br\/xinhua\/2021\/03\/12\/novo-estudo-liga-polen-a-infeccoes-da-covid-19\/#breadcrumb","itemListElement":[{"@type":"ListItem","position":1,"name":"In\u00edcio","item":"https:\/\/diariodepe.com.br\/xinhua\/"},{"@type":"ListItem","position":2,"name":"Novo estudo liga p\u00f3len a infec\u00e7\u00f5es da COVID-19"}]},{"@type":"WebSite","@id":"https:\/\/diariodepe.com.br\/xinhua\/#website","url":"https:\/\/diariodepe.com.br\/xinhua\/","name":"Xinhua - Diario de Pernambuco","description":"A maior ag\u00eancia de not\u00edcias da China e um dos principais canais para conhecer o pa\u00eds","publisher":{"@id":"https:\/\/diariodepe.com.br\/xinhua\/#organization"},"potentialAction":[{"@type":"SearchAction","target":{"@type":"EntryPoint","urlTemplate":"https:\/\/diariodepe.com.br\/xinhua\/?s={search_term_string}"},"query-input":{"@type":"PropertyValueSpecification","valueRequired":true,"valueName":"search_term_string"}}],"inLanguage":"pt-BR"},{"@type":"Organization","@id":"https:\/\/diariodepe.com.br\/xinhua\/#organization","name":"Xinhua - Diario de Pernambuco","url":"https:\/\/diariodepe.com.br\/xinhua\/","logo":{"@type":"ImageObject","inLanguage":"pt-BR","@id":"https:\/\/diariodepe.com.br\/xinhua\/#\/schema\/logo\/image\/","url":"https:\/\/diariodepe.com.br\/xinhua\/wp-content\/uploads\/sites\/3\/2020\/10\/cropped-logo-transparente-2.png","contentUrl":"https:\/\/diariodepe.com.br\/xinhua\/wp-content\/uploads\/sites\/3\/2020\/10\/cropped-logo-transparente-2.png","width":512,"height":164,"caption":"Xinhua - Diario de Pernambuco"},"image":{"@id":"https:\/\/diariodepe.com.br\/xinhua\/#\/schema\/logo\/image\/"}},{"@type":"Person","@id":"https:\/\/diariodepe.com.br\/xinhua\/#\/schema\/person\/0943d6fd02bdc7b49c8f495e8787a2cb","name":"Marcelo Oliveira de A. Maranhao","image":{"@type":"ImageObject","inLanguage":"pt-BR","@id":"https:\/\/secure.gravatar.com\/avatar\/f562caee940d39879c20e90eea3e4b21860c7d4c96684c23141c554824f0059c?s=96&d=mm&r=g","url":"https:\/\/secure.gravatar.com\/avatar\/f562caee940d39879c20e90eea3e4b21860c7d4c96684c23141c554824f0059c?s=96&d=mm&r=g","contentUrl":"https:\/\/secure.gravatar.com\/avatar\/f562caee940d39879c20e90eea3e4b21860c7d4c96684c23141c554824f0059c?s=96&d=mm&r=g","caption":"Marcelo Oliveira de A. Maranhao"},"url":"https:\/\/diariodepe.com.br\/xinhua\/author\/marcelo-maranhao\/"}]}},"cc_featured_image_caption":{"caption_text":false,"source_text":false,"source_url":false},"amp_enabled":true,"_links":{"self":[{"href":"https:\/\/diariodepe.com.br\/xinhua\/wp-json\/wp\/v2\/posts\/308","targetHints":{"allow":["GET"]}}],"collection":[{"href":"https:\/\/diariodepe.com.br\/xinhua\/wp-json\/wp\/v2\/posts"}],"about":[{"href":"https:\/\/diariodepe.com.br\/xinhua\/wp-json\/wp\/v2\/types\/post"}],"author":[{"embeddable":true,"href":"https:\/\/diariodepe.com.br\/xinhua\/wp-json\/wp\/v2\/users\/3"}],"replies":[{"embeddable":true,"href":"https:\/\/diariodepe.com.br\/xinhua\/wp-json\/wp\/v2\/comments?post=308"}],"version-history":[{"count":1,"href":"https:\/\/diariodepe.com.br\/xinhua\/wp-json\/wp\/v2\/posts\/308\/revisions"}],"predecessor-version":[{"id":310,"href":"https:\/\/diariodepe.com.br\/xinhua\/wp-json\/wp\/v2\/posts\/308\/revisions\/310"}],"wp:featuredmedia":[{"embeddable":true,"href":"https:\/\/diariodepe.com.br\/xinhua\/wp-json\/wp\/v2\/media\/309"}],"wp:attachment":[{"href":"https:\/\/diariodepe.com.br\/xinhua\/wp-json\/wp\/v2\/media?parent=308"}],"wp:term":[{"taxonomy":"category","embeddable":true,"href":"https:\/\/diariodepe.com.br\/xinhua\/wp-json\/wp\/v2\/categories?post=308"},{"taxonomy":"post_tag","embeddable":true,"href":"https:\/\/diariodepe.com.br\/xinhua\/wp-json\/wp\/v2\/tags?post=308"}],"curies":[{"name":"wp","href":"https:\/\/api.w.org\/{rel}","templated":true}]}}