{"id":3071,"date":"2021-09-22T18:33:50","date_gmt":"2021-09-22T21:33:50","guid":{"rendered":"http:\/\/www.diariodepe.com.br\/xinhua\/?p=3071"},"modified":"2021-09-22T18:33:51","modified_gmt":"2021-09-22T21:33:51","slug":"xi-pede-reforco-da-confianca-e-abordagem-conjunta-dos-desafios-globais-na-assembleia-geral-da-onu","status":"publish","type":"post","link":"https:\/\/diariodepe.com.br\/xinhua\/2021\/09\/22\/xi-pede-reforco-da-confianca-e-abordagem-conjunta-dos-desafios-globais-na-assembleia-geral-da-onu\/","title":{"rendered":"Xi pede refor\u00e7o da confian\u00e7a e abordagem conjunta dos desafios globais na Assembleia Geral da ONU"},"content":{"rendered":"\n<p>Beijing &#8211; O presidente chin\u00eas, Xi Jinping, prop\u00f4s nesta ter\u00e7a-feira uma Iniciativa de Desenvolvimento Global, pedindo o refor\u00e7o da confian\u00e7a e a abordagem conjunta das amea\u00e7as e desafios globais para construir um mundo melhor para todos.<\/p>\n\n\n\n<p>Xi fez as observa\u00e7\u00f5es no debate geral da 76\u00aa sess\u00e3o da Assembleia Geral das Na\u00e7\u00f5es Unidas via v\u00eddeo, pois o mundo enfrenta os impactos combinados das mudan\u00e7as n\u00e3o vistas em um s\u00e9culo e a pandemia da COVID-19.<\/p>\n\n\n\n<p>COMBATER COVID-19<\/p>\n\n\n\n<p>Neste momento, a COVID-19 ainda est\u00e1 em f\u00faria no mundo, com o n\u00famero de novos casos aumentando a cada dia globalmente. &#8220;Devemos derrotar a COVID-19 e ganhar esta luta decisiva crucial para o futuro da humanidade&#8221;, disse Xi, expressando a confian\u00e7a de que &#8220;n\u00f3s, a humanidade, certamente a superaremos e prevaleceremos&#8221; apesar do fato de que a pandemia da COVID-19 pode parecer esmagadora.<\/p>\n\n\n\n<p>Ele pediu que se coloquem as pessoas e a vida delas em primeiro lugar, que se adote uma abordagem baseada na ci\u00eancia no rastreamento de origens, que se melhore a resposta global coordenada \u00e0 COVID-19 e que se minimize o risco de transmiss\u00e3o transfronteiri\u00e7a do v\u00edrus.<\/p>\n\n\n\n<p>Observando que a vacina\u00e7\u00e3o \u00e9 uma arma poderosa contra a COVID-19, Xi disse que a prioridade urgente \u00e9 garantir a distribui\u00e7\u00e3o justa e equitativa das vacinas globalmente.<\/p>\n\n\n\n<p>Ele reiterou a promessa de que a China se esfor\u00e7ar\u00e1 para fornecer um total de dois bilh\u00f5es de doses de vacinas ao mundo at\u00e9 o final deste ano. &#8220;Al\u00e9m de doar US$ 100 milh\u00f5es para o COVAX, a China doar\u00e1 100 milh\u00f5es de doses de vacinas para outros pa\u00edses em desenvolvimento este ano.&#8221;<\/p>\n\n\n\n<p>O papel da China \u00e9 ainda mais cr\u00edtico em um momento em que alguns pa\u00edses adotaram uma estrat\u00e9gia ego\u00edsta de nacionalismo vacinal e at\u00e9 mesmo colocaram restri\u00e7\u00f5es \u00e0 exporta\u00e7\u00e3o de vacinas contra a COVID-19 e outros suprimentos m\u00e9dicos, disse Nadeem Irfan Bukhari, professor da Universidade de Punjab, no Paquist\u00e3o.<\/p>\n\n\n\n<p>INICIATIVA DE DESENVOLVIMENTO GLOBAL<\/p>\n\n\n\n<p>&#8220;O desenvolvimento \u00e9 a chave para o bem-estar das pessoas&#8221;, disse Xi, acrescentando que os pa\u00edses precisam trabalhar juntos para dirigir o desenvolvimento global em dire\u00e7\u00e3o a uma nova fase de crescimento equilibrado, coordenado e inclusivo.<\/p>\n\n\n\n<p>Ele fez uma Iniciativa de Desenvolvimento Global de seis pontos, que s\u00e3o: permanecer comprometido com o desenvolvimento como prioridade; permanecer comprometido com uma abordagem centrada nas pessoas; permanecer comprometido com benef\u00edcios para todos; permanecer comprometido com o desenvolvimento orientado \u00e0 inova\u00e7\u00e3o; permanecer comprometido com a harmonia entre o homem e a natureza; e permanecer comprometido com a\u00e7\u00f5es orientadas a resultados.<\/p>\n\n\n\n<p>&#8220;Precisamos aumentar o insumo no desenvolvimento, avan\u00e7ar com base em prioridade a coopera\u00e7\u00e3o no al\u00edvio da pobreza, seguran\u00e7a alimentar, resposta \u00e0 COVID-19 e vacinas, financiamento de desenvolvimento, mudan\u00e7as clim\u00e1ticas e desenvolvimento verde, industrializa\u00e7\u00e3o, economia digital e conectividade, entre outras \u00e1reas, e acelerar a implementa\u00e7\u00e3o da Agenda 2030 da ONU para o Desenvolvimento Sustent\u00e1vel, de modo a construir uma comunidade global de desenvolvimento com um futuro compartilhado&#8221;, disse ele.<\/p>\n\n\n\n<p>Para apoiar os pa\u00edses em desenvolvimento na resposta \u00e0 COVID-19 e na promo\u00e7\u00e3o da recupera\u00e7\u00e3o econ\u00f4mica e social, a China prometeu mais US$ 3 bilh\u00f5es em assist\u00eancia internacional nos pr\u00f3ximos tr\u00eas anos.<\/p>\n\n\n\n<p>A China n\u00e3o construir\u00e1 novos projetos de eletricidade a carv\u00e3o no exterior, disse ele, prometendo que o pa\u00eds intensificar\u00e1 o apoio a outros pa\u00edses em desenvolvimento no desenvolvimento de energia verde e de baixo carbono.<\/p>\n\n\n\n<p>&#8220;Este \u00e9 mais um passo not\u00e1vel dado pela China na sua pr\u00f3pria iniciativa para lidar com as mudan\u00e7as clim\u00e1ticas globais, j\u00e1 que Xi anunciou anteriormente a promessa da China de se esfor\u00e7ar para atingir o pico das emiss\u00f5es de di\u00f3xido de carbono antes de 2030 e alcan\u00e7ar a neutralidade de carbono antes de 2060&#8221;, disse Ruan Zongze, vice-presidente executivo do Instituto de Estudos Internacionais da China.<\/p>\n\n\n\n<p>REJEITAR A FORMA\u00c7\u00c3O DE PEQUENOS C\u00cdRCULOS<\/p>\n\n\n\n<p>&#8220;Precisamos defender a paz, o desenvolvimento, a equidade, a justi\u00e7a, a democracia e a liberdade, que s\u00e3o os valores comuns da humanidade, e rejeitar a pr\u00e1tica de formar pequenos c\u00edrculos ou jogos de soma zero&#8221;, disse Xi.<\/p>\n\n\n\n<p>A democracia n\u00e3o \u00e9 um direito especial reservado para um pa\u00eds individual, mas um direito para as pessoas de todos os pa\u00edses desfrutarem, enfatizou o presidente chin\u00eas.<\/p>\n\n\n\n<p>Ruan disse que alguns pa\u00edses est\u00e3o interessados em formar pequenos grupos em nome da democracia, interferindo arbitrariamente nos assuntos internos de outros pa\u00edses e at\u00e9 mesmo reprimindo arbitrariamente o desenvolvimento normal de outros pa\u00edses e o direito leg\u00edtimo das pessoas de viver uma vida melhor.<\/p>\n\n\n\n<p>&#8220;Os recentes desenvolvimentos da situa\u00e7\u00e3o global mostram mais uma vez que a interven\u00e7\u00e3o militar de fora e a chamada transforma\u00e7\u00e3o democr\u00e1tica n\u00e3o trar\u00e3o nada al\u00e9m de dano&#8221;, disse Xi.<\/p>\n\n\n\n<p>Ele pediu a cria\u00e7\u00e3o de um novo tipo de rela\u00e7\u00f5es internacionais baseadas no respeito m\u00fatuo, equidade, justi\u00e7a e coopera\u00e7\u00e3o ganha-ganha e fazer o melhor para &#8220;expandir a converg\u00eancia de interesses&#8221; e &#8220;alcan\u00e7ar a maior sinergia poss\u00edvel&#8221;.<\/p>\n\n\n\n<p>&#8220;O sucesso de um pa\u00eds n\u00e3o deve significar o fracasso de outro pa\u00eds, e o mundo \u00e9 grande o suficiente para acomodar o desenvolvimento comum e o progresso de todos os pa\u00edses&#8221;, disse ele, acrescentando que as diferen\u00e7as e problemas entre os pa\u00edses precisam ser tratados por meio do di\u00e1logo e da coopera\u00e7\u00e3o com base na igualdade e no respeito m\u00fatuo.<\/p>\n\n\n\n<p>PRATICAR O VERDADEIRO MULTILATERALISMO<\/p>\n\n\n\n<p>Este ano marca o 50\u00ba anivers\u00e1rio da restaura\u00e7\u00e3o do assento legal da Rep\u00fablica Popular da China nas Na\u00e7\u00f5es Unidas. Xi disse que a China comemorar\u00e1 solenemente este evento hist\u00f3rico e avan\u00e7ar\u00e1 a coopera\u00e7\u00e3o com a ONU a um novo n\u00edvel e far\u00e1 novas e maiores contribui\u00e7\u00f5es para promover a nobre causa da ONU.<\/p>\n\n\n\n<p>&#8220;A ONU deve manter em alto a bandeira do verdadeiro multilateralismo e servir como a plataforma central para os pa\u00edses salvaguardarem conjuntamente a seguran\u00e7a universal, compartilharem conquistas de desenvolvimento e tra\u00e7arem o curso para o futuro do mundo&#8221;, enfatizou Xi.<\/p>\n\n\n\n<p>Ruan disse que alguns pa\u00edses alegam salvaguardar &#8220;a ordem internacional baseada em regras&#8221; sob a bandeira do multilateralismo, mas o que eles realmente fazem \u00e9 enquadrar suas pr\u00f3prias regras como regras internacionais e imp\u00f3-las a outros pa\u00edses.<\/p>\n\n\n\n<p>O presidente chin\u00eas pediu \u00e0 ONU que aumente a representa\u00e7\u00e3o e o poder de decis\u00e3o dos pa\u00edses em desenvolvimento nos assuntos internacionais e assuma a lideran\u00e7a no avan\u00e7o da democracia e do Estado de Direito nas rela\u00e7\u00f5es internacionais.<\/p>\n\n\n\n<p>&#8220;Deve definir uma agenda comum (nas \u00e1reas de seguran\u00e7a, desenvolvimento e direitos humanos), destacar quest\u00f5es urgentes e focar em a\u00e7\u00f5es reais, e garantir que os compromissos assumidos por todas as partes ao multilateralismo sejam verdadeiramente cumpridos&#8221;, acrescentou.&nbsp;<\/p>\n","protected":false},"excerpt":{"rendered":"<p>Beijing &#8211; O presidente chin\u00eas, Xi Jinping, prop\u00f4s nesta ter\u00e7a-feira uma Iniciativa de Desenvolvimento Global, pedindo o refor\u00e7o da confian\u00e7a e a abordagem conjunta das amea\u00e7as e desafios globais para construir um mundo melhor para todos. Xi fez as observa\u00e7\u00f5es&#8230;<\/p>\n","protected":false},"author":3,"featured_media":3031,"comment_status":"open","ping_status":"open","sticky":false,"template":"","format":"standard","meta":{"footnotes":""},"categories":[4],"tags":[],"class_list":["post-3071","post","type-post","status-publish","format-standard","has-post-thumbnail","hentry","category-internacional"],"yoast_head":"<!-- This site is optimized with the Yoast SEO plugin v27.4 - https:\/\/yoast.com\/product\/yoast-seo-wordpress\/ -->\n<title>Xi pede refor\u00e7o da confian\u00e7a e abordagem conjunta dos desafios globais na Assembleia Geral da ONU - Xinhua - Diario de Pernambuco<\/title>\n<meta name=\"robots\" content=\"index, follow, max-snippet:-1, max-image-preview:large, max-video-preview:-1\" \/>\n<link rel=\"canonical\" href=\"https:\/\/diariodepe.com.br\/xinhua\/2021\/09\/22\/xi-pede-reforco-da-confianca-e-abordagem-conjunta-dos-desafios-globais-na-assembleia-geral-da-onu\/\" \/>\n<meta property=\"og:locale\" content=\"pt_BR\" \/>\n<meta property=\"og:type\" content=\"article\" \/>\n<meta property=\"og:title\" content=\"Xi pede refor\u00e7o da confian\u00e7a e abordagem conjunta dos desafios globais na Assembleia Geral da ONU - Xinhua - Diario de Pernambuco\" \/>\n<meta property=\"og:description\" content=\"Beijing &#8211; O presidente chin\u00eas, Xi Jinping, prop\u00f4s nesta ter\u00e7a-feira uma Iniciativa de Desenvolvimento Global, pedindo o refor\u00e7o da confian\u00e7a e a abordagem conjunta das amea\u00e7as e desafios globais para construir um mundo melhor para todos. Xi fez as observa\u00e7\u00f5es...\" \/>\n<meta property=\"og:url\" content=\"https:\/\/diariodepe.com.br\/xinhua\/2021\/09\/22\/xi-pede-reforco-da-confianca-e-abordagem-conjunta-dos-desafios-globais-na-assembleia-geral-da-onu\/\" \/>\n<meta property=\"og:site_name\" content=\"Xinhua - Diario de Pernambuco\" \/>\n<meta property=\"article:published_time\" content=\"2021-09-22T21:33:50+00:00\" \/>\n<meta property=\"article:modified_time\" content=\"2021-09-22T21:33:51+00:00\" \/>\n<meta property=\"og:image\" content=\"https:\/\/diariodepe.com.br\/xinhua\/wp-content\/uploads\/sites\/3\/2021\/09\/1310197511_16320365708431n.jpg\" \/>\n\t<meta property=\"og:image:width\" content=\"1023\" \/>\n\t<meta property=\"og:image:height\" content=\"651\" \/>\n\t<meta property=\"og:image:type\" content=\"image\/jpeg\" \/>\n<meta name=\"author\" content=\"Marcelo Oliveira de A. Maranhao\" \/>\n<meta name=\"twitter:card\" content=\"summary_large_image\" \/>\n<meta name=\"twitter:label1\" content=\"Escrito por\" \/>\n\t<meta name=\"twitter:data1\" content=\"Marcelo Oliveira de A. Maranhao\" \/>\n\t<meta name=\"twitter:label2\" content=\"Est. tempo de leitura\" \/>\n\t<meta name=\"twitter:data2\" content=\"5 minutos\" \/>\n<script type=\"application\/ld+json\" class=\"yoast-schema-graph\">{\"@context\":\"https:\\\/\\\/schema.org\",\"@graph\":[{\"@type\":\"Article\",\"@id\":\"https:\\\/\\\/diariodepe.com.br\\\/xinhua\\\/2021\\\/09\\\/22\\\/xi-pede-reforco-da-confianca-e-abordagem-conjunta-dos-desafios-globais-na-assembleia-geral-da-onu\\\/#article\",\"isPartOf\":{\"@id\":\"https:\\\/\\\/diariodepe.com.br\\\/xinhua\\\/2021\\\/09\\\/22\\\/xi-pede-reforco-da-confianca-e-abordagem-conjunta-dos-desafios-globais-na-assembleia-geral-da-onu\\\/\"},\"author\":{\"name\":\"Marcelo Oliveira de A. Maranhao\",\"@id\":\"https:\\\/\\\/diariodepe.com.br\\\/xinhua\\\/#\\\/schema\\\/person\\\/0943d6fd02bdc7b49c8f495e8787a2cb\"},\"headline\":\"Xi pede refor\u00e7o da confian\u00e7a e abordagem conjunta dos desafios globais na Assembleia Geral da ONU\",\"datePublished\":\"2021-09-22T21:33:50+00:00\",\"dateModified\":\"2021-09-22T21:33:51+00:00\",\"mainEntityOfPage\":{\"@id\":\"https:\\\/\\\/diariodepe.com.br\\\/xinhua\\\/2021\\\/09\\\/22\\\/xi-pede-reforco-da-confianca-e-abordagem-conjunta-dos-desafios-globais-na-assembleia-geral-da-onu\\\/\"},\"wordCount\":1198,\"commentCount\":0,\"publisher\":{\"@id\":\"https:\\\/\\\/diariodepe.com.br\\\/xinhua\\\/#organization\"},\"image\":{\"@id\":\"https:\\\/\\\/diariodepe.com.br\\\/xinhua\\\/2021\\\/09\\\/22\\\/xi-pede-reforco-da-confianca-e-abordagem-conjunta-dos-desafios-globais-na-assembleia-geral-da-onu\\\/#primaryimage\"},\"thumbnailUrl\":\"https:\\\/\\\/diariodepe.com.br\\\/xinhua\\\/wp-content\\\/uploads\\\/sites\\\/3\\\/2021\\\/09\\\/1310197511_16320365708431n.jpg\",\"articleSection\":[\"Internacional\"],\"inLanguage\":\"pt-BR\",\"potentialAction\":[{\"@type\":\"CommentAction\",\"name\":\"Comment\",\"target\":[\"https:\\\/\\\/diariodepe.com.br\\\/xinhua\\\/2021\\\/09\\\/22\\\/xi-pede-reforco-da-confianca-e-abordagem-conjunta-dos-desafios-globais-na-assembleia-geral-da-onu\\\/#respond\"]}]},{\"@type\":\"WebPage\",\"@id\":\"https:\\\/\\\/diariodepe.com.br\\\/xinhua\\\/2021\\\/09\\\/22\\\/xi-pede-reforco-da-confianca-e-abordagem-conjunta-dos-desafios-globais-na-assembleia-geral-da-onu\\\/\",\"url\":\"https:\\\/\\\/diariodepe.com.br\\\/xinhua\\\/2021\\\/09\\\/22\\\/xi-pede-reforco-da-confianca-e-abordagem-conjunta-dos-desafios-globais-na-assembleia-geral-da-onu\\\/\",\"name\":\"Xi pede refor\u00e7o da confian\u00e7a e abordagem conjunta dos desafios globais na Assembleia Geral da ONU - Xinhua - Diario de Pernambuco\",\"isPartOf\":{\"@id\":\"https:\\\/\\\/diariodepe.com.br\\\/xinhua\\\/#website\"},\"primaryImageOfPage\":{\"@id\":\"https:\\\/\\\/diariodepe.com.br\\\/xinhua\\\/2021\\\/09\\\/22\\\/xi-pede-reforco-da-confianca-e-abordagem-conjunta-dos-desafios-globais-na-assembleia-geral-da-onu\\\/#primaryimage\"},\"image\":{\"@id\":\"https:\\\/\\\/diariodepe.com.br\\\/xinhua\\\/2021\\\/09\\\/22\\\/xi-pede-reforco-da-confianca-e-abordagem-conjunta-dos-desafios-globais-na-assembleia-geral-da-onu\\\/#primaryimage\"},\"thumbnailUrl\":\"https:\\\/\\\/diariodepe.com.br\\\/xinhua\\\/wp-content\\\/uploads\\\/sites\\\/3\\\/2021\\\/09\\\/1310197511_16320365708431n.jpg\",\"datePublished\":\"2021-09-22T21:33:50+00:00\",\"dateModified\":\"2021-09-22T21:33:51+00:00\",\"breadcrumb\":{\"@id\":\"https:\\\/\\\/diariodepe.com.br\\\/xinhua\\\/2021\\\/09\\\/22\\\/xi-pede-reforco-da-confianca-e-abordagem-conjunta-dos-desafios-globais-na-assembleia-geral-da-onu\\\/#breadcrumb\"},\"inLanguage\":\"pt-BR\",\"potentialAction\":[{\"@type\":\"ReadAction\",\"target\":[\"https:\\\/\\\/diariodepe.com.br\\\/xinhua\\\/2021\\\/09\\\/22\\\/xi-pede-reforco-da-confianca-e-abordagem-conjunta-dos-desafios-globais-na-assembleia-geral-da-onu\\\/\"]}]},{\"@type\":\"ImageObject\",\"inLanguage\":\"pt-BR\",\"@id\":\"https:\\\/\\\/diariodepe.com.br\\\/xinhua\\\/2021\\\/09\\\/22\\\/xi-pede-reforco-da-confianca-e-abordagem-conjunta-dos-desafios-globais-na-assembleia-geral-da-onu\\\/#primaryimage\",\"url\":\"https:\\\/\\\/diariodepe.com.br\\\/xinhua\\\/wp-content\\\/uploads\\\/sites\\\/3\\\/2021\\\/09\\\/1310197511_16320365708431n.jpg\",\"contentUrl\":\"https:\\\/\\\/diariodepe.com.br\\\/xinhua\\\/wp-content\\\/uploads\\\/sites\\\/3\\\/2021\\\/09\\\/1310197511_16320365708431n.jpg\",\"width\":1023,\"height\":651},{\"@type\":\"BreadcrumbList\",\"@id\":\"https:\\\/\\\/diariodepe.com.br\\\/xinhua\\\/2021\\\/09\\\/22\\\/xi-pede-reforco-da-confianca-e-abordagem-conjunta-dos-desafios-globais-na-assembleia-geral-da-onu\\\/#breadcrumb\",\"itemListElement\":[{\"@type\":\"ListItem\",\"position\":1,\"name\":\"In\u00edcio\",\"item\":\"https:\\\/\\\/diariodepe.com.br\\\/xinhua\\\/\"},{\"@type\":\"ListItem\",\"position\":2,\"name\":\"Xi pede refor\u00e7o da confian\u00e7a e abordagem conjunta dos desafios globais na Assembleia Geral da ONU\"}]},{\"@type\":\"WebSite\",\"@id\":\"https:\\\/\\\/diariodepe.com.br\\\/xinhua\\\/#website\",\"url\":\"https:\\\/\\\/diariodepe.com.br\\\/xinhua\\\/\",\"name\":\"Xinhua - Diario de Pernambuco\",\"description\":\"A maior ag\u00eancia de not\u00edcias da China e um dos principais canais para conhecer o pa\u00eds\",\"publisher\":{\"@id\":\"https:\\\/\\\/diariodepe.com.br\\\/xinhua\\\/#organization\"},\"potentialAction\":[{\"@type\":\"SearchAction\",\"target\":{\"@type\":\"EntryPoint\",\"urlTemplate\":\"https:\\\/\\\/diariodepe.com.br\\\/xinhua\\\/?s={search_term_string}\"},\"query-input\":{\"@type\":\"PropertyValueSpecification\",\"valueRequired\":true,\"valueName\":\"search_term_string\"}}],\"inLanguage\":\"pt-BR\"},{\"@type\":\"Organization\",\"@id\":\"https:\\\/\\\/diariodepe.com.br\\\/xinhua\\\/#organization\",\"name\":\"Xinhua - Diario de Pernambuco\",\"url\":\"https:\\\/\\\/diariodepe.com.br\\\/xinhua\\\/\",\"logo\":{\"@type\":\"ImageObject\",\"inLanguage\":\"pt-BR\",\"@id\":\"https:\\\/\\\/diariodepe.com.br\\\/xinhua\\\/#\\\/schema\\\/logo\\\/image\\\/\",\"url\":\"https:\\\/\\\/diariodepe.com.br\\\/xinhua\\\/wp-content\\\/uploads\\\/sites\\\/3\\\/2020\\\/10\\\/cropped-logo-transparente-2.png\",\"contentUrl\":\"https:\\\/\\\/diariodepe.com.br\\\/xinhua\\\/wp-content\\\/uploads\\\/sites\\\/3\\\/2020\\\/10\\\/cropped-logo-transparente-2.png\",\"width\":512,\"height\":164,\"caption\":\"Xinhua - Diario de Pernambuco\"},\"image\":{\"@id\":\"https:\\\/\\\/diariodepe.com.br\\\/xinhua\\\/#\\\/schema\\\/logo\\\/image\\\/\"}},{\"@type\":\"Person\",\"@id\":\"https:\\\/\\\/diariodepe.com.br\\\/xinhua\\\/#\\\/schema\\\/person\\\/0943d6fd02bdc7b49c8f495e8787a2cb\",\"name\":\"Marcelo Oliveira de A. Maranhao\",\"image\":{\"@type\":\"ImageObject\",\"inLanguage\":\"pt-BR\",\"@id\":\"https:\\\/\\\/secure.gravatar.com\\\/avatar\\\/f562caee940d39879c20e90eea3e4b21860c7d4c96684c23141c554824f0059c?s=96&d=mm&r=g\",\"url\":\"https:\\\/\\\/secure.gravatar.com\\\/avatar\\\/f562caee940d39879c20e90eea3e4b21860c7d4c96684c23141c554824f0059c?s=96&d=mm&r=g\",\"contentUrl\":\"https:\\\/\\\/secure.gravatar.com\\\/avatar\\\/f562caee940d39879c20e90eea3e4b21860c7d4c96684c23141c554824f0059c?s=96&d=mm&r=g\",\"caption\":\"Marcelo Oliveira de A. Maranhao\"},\"url\":\"https:\\\/\\\/diariodepe.com.br\\\/xinhua\\\/author\\\/marcelo-maranhao\\\/\"}]}<\/script>\n<!-- \/ Yoast SEO plugin. -->","yoast_head_json":{"title":"Xi pede refor\u00e7o da confian\u00e7a e abordagem conjunta dos desafios globais na Assembleia Geral da ONU - Xinhua - Diario de Pernambuco","robots":{"index":"index","follow":"follow","max-snippet":"max-snippet:-1","max-image-preview":"max-image-preview:large","max-video-preview":"max-video-preview:-1"},"canonical":"https:\/\/diariodepe.com.br\/xinhua\/2021\/09\/22\/xi-pede-reforco-da-confianca-e-abordagem-conjunta-dos-desafios-globais-na-assembleia-geral-da-onu\/","og_locale":"pt_BR","og_type":"article","og_title":"Xi pede refor\u00e7o da confian\u00e7a e abordagem conjunta dos desafios globais na Assembleia Geral da ONU - Xinhua - Diario de Pernambuco","og_description":"Beijing &#8211; O presidente chin\u00eas, Xi Jinping, prop\u00f4s nesta ter\u00e7a-feira uma Iniciativa de Desenvolvimento Global, pedindo o refor\u00e7o da confian\u00e7a e a abordagem conjunta das amea\u00e7as e desafios globais para construir um mundo melhor para todos. Xi fez as observa\u00e7\u00f5es...","og_url":"https:\/\/diariodepe.com.br\/xinhua\/2021\/09\/22\/xi-pede-reforco-da-confianca-e-abordagem-conjunta-dos-desafios-globais-na-assembleia-geral-da-onu\/","og_site_name":"Xinhua - Diario de Pernambuco","article_published_time":"2021-09-22T21:33:50+00:00","article_modified_time":"2021-09-22T21:33:51+00:00","og_image":[{"width":1023,"height":651,"url":"https:\/\/diariodepe.com.br\/xinhua\/wp-content\/uploads\/sites\/3\/2021\/09\/1310197511_16320365708431n.jpg","type":"image\/jpeg"}],"author":"Marcelo Oliveira de A. Maranhao","twitter_card":"summary_large_image","twitter_misc":{"Escrito por":"Marcelo Oliveira de A. Maranhao","Est. tempo de leitura":"5 minutos"},"schema":{"@context":"https:\/\/schema.org","@graph":[{"@type":"Article","@id":"https:\/\/diariodepe.com.br\/xinhua\/2021\/09\/22\/xi-pede-reforco-da-confianca-e-abordagem-conjunta-dos-desafios-globais-na-assembleia-geral-da-onu\/#article","isPartOf":{"@id":"https:\/\/diariodepe.com.br\/xinhua\/2021\/09\/22\/xi-pede-reforco-da-confianca-e-abordagem-conjunta-dos-desafios-globais-na-assembleia-geral-da-onu\/"},"author":{"name":"Marcelo Oliveira de A. Maranhao","@id":"https:\/\/diariodepe.com.br\/xinhua\/#\/schema\/person\/0943d6fd02bdc7b49c8f495e8787a2cb"},"headline":"Xi pede refor\u00e7o da confian\u00e7a e abordagem conjunta dos desafios globais na Assembleia Geral da ONU","datePublished":"2021-09-22T21:33:50+00:00","dateModified":"2021-09-22T21:33:51+00:00","mainEntityOfPage":{"@id":"https:\/\/diariodepe.com.br\/xinhua\/2021\/09\/22\/xi-pede-reforco-da-confianca-e-abordagem-conjunta-dos-desafios-globais-na-assembleia-geral-da-onu\/"},"wordCount":1198,"commentCount":0,"publisher":{"@id":"https:\/\/diariodepe.com.br\/xinhua\/#organization"},"image":{"@id":"https:\/\/diariodepe.com.br\/xinhua\/2021\/09\/22\/xi-pede-reforco-da-confianca-e-abordagem-conjunta-dos-desafios-globais-na-assembleia-geral-da-onu\/#primaryimage"},"thumbnailUrl":"https:\/\/diariodepe.com.br\/xinhua\/wp-content\/uploads\/sites\/3\/2021\/09\/1310197511_16320365708431n.jpg","articleSection":["Internacional"],"inLanguage":"pt-BR","potentialAction":[{"@type":"CommentAction","name":"Comment","target":["https:\/\/diariodepe.com.br\/xinhua\/2021\/09\/22\/xi-pede-reforco-da-confianca-e-abordagem-conjunta-dos-desafios-globais-na-assembleia-geral-da-onu\/#respond"]}]},{"@type":"WebPage","@id":"https:\/\/diariodepe.com.br\/xinhua\/2021\/09\/22\/xi-pede-reforco-da-confianca-e-abordagem-conjunta-dos-desafios-globais-na-assembleia-geral-da-onu\/","url":"https:\/\/diariodepe.com.br\/xinhua\/2021\/09\/22\/xi-pede-reforco-da-confianca-e-abordagem-conjunta-dos-desafios-globais-na-assembleia-geral-da-onu\/","name":"Xi pede refor\u00e7o da confian\u00e7a e abordagem conjunta dos desafios globais na Assembleia Geral da ONU - Xinhua - Diario de Pernambuco","isPartOf":{"@id":"https:\/\/diariodepe.com.br\/xinhua\/#website"},"primaryImageOfPage":{"@id":"https:\/\/diariodepe.com.br\/xinhua\/2021\/09\/22\/xi-pede-reforco-da-confianca-e-abordagem-conjunta-dos-desafios-globais-na-assembleia-geral-da-onu\/#primaryimage"},"image":{"@id":"https:\/\/diariodepe.com.br\/xinhua\/2021\/09\/22\/xi-pede-reforco-da-confianca-e-abordagem-conjunta-dos-desafios-globais-na-assembleia-geral-da-onu\/#primaryimage"},"thumbnailUrl":"https:\/\/diariodepe.com.br\/xinhua\/wp-content\/uploads\/sites\/3\/2021\/09\/1310197511_16320365708431n.jpg","datePublished":"2021-09-22T21:33:50+00:00","dateModified":"2021-09-22T21:33:51+00:00","breadcrumb":{"@id":"https:\/\/diariodepe.com.br\/xinhua\/2021\/09\/22\/xi-pede-reforco-da-confianca-e-abordagem-conjunta-dos-desafios-globais-na-assembleia-geral-da-onu\/#breadcrumb"},"inLanguage":"pt-BR","potentialAction":[{"@type":"ReadAction","target":["https:\/\/diariodepe.com.br\/xinhua\/2021\/09\/22\/xi-pede-reforco-da-confianca-e-abordagem-conjunta-dos-desafios-globais-na-assembleia-geral-da-onu\/"]}]},{"@type":"ImageObject","inLanguage":"pt-BR","@id":"https:\/\/diariodepe.com.br\/xinhua\/2021\/09\/22\/xi-pede-reforco-da-confianca-e-abordagem-conjunta-dos-desafios-globais-na-assembleia-geral-da-onu\/#primaryimage","url":"https:\/\/diariodepe.com.br\/xinhua\/wp-content\/uploads\/sites\/3\/2021\/09\/1310197511_16320365708431n.jpg","contentUrl":"https:\/\/diariodepe.com.br\/xinhua\/wp-content\/uploads\/sites\/3\/2021\/09\/1310197511_16320365708431n.jpg","width":1023,"height":651},{"@type":"BreadcrumbList","@id":"https:\/\/diariodepe.com.br\/xinhua\/2021\/09\/22\/xi-pede-reforco-da-confianca-e-abordagem-conjunta-dos-desafios-globais-na-assembleia-geral-da-onu\/#breadcrumb","itemListElement":[{"@type":"ListItem","position":1,"name":"In\u00edcio","item":"https:\/\/diariodepe.com.br\/xinhua\/"},{"@type":"ListItem","position":2,"name":"Xi pede refor\u00e7o da confian\u00e7a e abordagem conjunta dos desafios globais na Assembleia Geral da ONU"}]},{"@type":"WebSite","@id":"https:\/\/diariodepe.com.br\/xinhua\/#website","url":"https:\/\/diariodepe.com.br\/xinhua\/","name":"Xinhua - Diario de Pernambuco","description":"A maior ag\u00eancia de not\u00edcias da China e um dos principais canais para conhecer o pa\u00eds","publisher":{"@id":"https:\/\/diariodepe.com.br\/xinhua\/#organization"},"potentialAction":[{"@type":"SearchAction","target":{"@type":"EntryPoint","urlTemplate":"https:\/\/diariodepe.com.br\/xinhua\/?s={search_term_string}"},"query-input":{"@type":"PropertyValueSpecification","valueRequired":true,"valueName":"search_term_string"}}],"inLanguage":"pt-BR"},{"@type":"Organization","@id":"https:\/\/diariodepe.com.br\/xinhua\/#organization","name":"Xinhua - Diario de Pernambuco","url":"https:\/\/diariodepe.com.br\/xinhua\/","logo":{"@type":"ImageObject","inLanguage":"pt-BR","@id":"https:\/\/diariodepe.com.br\/xinhua\/#\/schema\/logo\/image\/","url":"https:\/\/diariodepe.com.br\/xinhua\/wp-content\/uploads\/sites\/3\/2020\/10\/cropped-logo-transparente-2.png","contentUrl":"https:\/\/diariodepe.com.br\/xinhua\/wp-content\/uploads\/sites\/3\/2020\/10\/cropped-logo-transparente-2.png","width":512,"height":164,"caption":"Xinhua - Diario de Pernambuco"},"image":{"@id":"https:\/\/diariodepe.com.br\/xinhua\/#\/schema\/logo\/image\/"}},{"@type":"Person","@id":"https:\/\/diariodepe.com.br\/xinhua\/#\/schema\/person\/0943d6fd02bdc7b49c8f495e8787a2cb","name":"Marcelo Oliveira de A. Maranhao","image":{"@type":"ImageObject","inLanguage":"pt-BR","@id":"https:\/\/secure.gravatar.com\/avatar\/f562caee940d39879c20e90eea3e4b21860c7d4c96684c23141c554824f0059c?s=96&d=mm&r=g","url":"https:\/\/secure.gravatar.com\/avatar\/f562caee940d39879c20e90eea3e4b21860c7d4c96684c23141c554824f0059c?s=96&d=mm&r=g","contentUrl":"https:\/\/secure.gravatar.com\/avatar\/f562caee940d39879c20e90eea3e4b21860c7d4c96684c23141c554824f0059c?s=96&d=mm&r=g","caption":"Marcelo Oliveira de A. Maranhao"},"url":"https:\/\/diariodepe.com.br\/xinhua\/author\/marcelo-maranhao\/"}]}},"cc_featured_image_caption":{"caption_text":"","source_text":"","source_url":""},"amp_enabled":true,"_links":{"self":[{"href":"https:\/\/diariodepe.com.br\/xinhua\/wp-json\/wp\/v2\/posts\/3071","targetHints":{"allow":["GET"]}}],"collection":[{"href":"https:\/\/diariodepe.com.br\/xinhua\/wp-json\/wp\/v2\/posts"}],"about":[{"href":"https:\/\/diariodepe.com.br\/xinhua\/wp-json\/wp\/v2\/types\/post"}],"author":[{"embeddable":true,"href":"https:\/\/diariodepe.com.br\/xinhua\/wp-json\/wp\/v2\/users\/3"}],"replies":[{"embeddable":true,"href":"https:\/\/diariodepe.com.br\/xinhua\/wp-json\/wp\/v2\/comments?post=3071"}],"version-history":[{"count":1,"href":"https:\/\/diariodepe.com.br\/xinhua\/wp-json\/wp\/v2\/posts\/3071\/revisions"}],"predecessor-version":[{"id":3072,"href":"https:\/\/diariodepe.com.br\/xinhua\/wp-json\/wp\/v2\/posts\/3071\/revisions\/3072"}],"wp:featuredmedia":[{"embeddable":true,"href":"https:\/\/diariodepe.com.br\/xinhua\/wp-json\/wp\/v2\/media\/3031"}],"wp:attachment":[{"href":"https:\/\/diariodepe.com.br\/xinhua\/wp-json\/wp\/v2\/media?parent=3071"}],"wp:term":[{"taxonomy":"category","embeddable":true,"href":"https:\/\/diariodepe.com.br\/xinhua\/wp-json\/wp\/v2\/categories?post=3071"},{"taxonomy":"post_tag","embeddable":true,"href":"https:\/\/diariodepe.com.br\/xinhua\/wp-json\/wp\/v2\/tags?post=3071"}],"curies":[{"name":"wp","href":"https:\/\/api.w.org\/{rel}","templated":true}]}}