{"id":3011,"date":"2021-09-17T11:02:25","date_gmt":"2021-09-17T14:02:25","guid":{"rendered":"http:\/\/www.diariodepe.com.br\/xinhua\/?p=3011"},"modified":"2021-09-17T11:02:27","modified_gmt":"2021-09-17T14:02:27","slug":"gabinete-do-comissario-se-opoe-firmemente-a-interferencia-do-parlamento-europeu-nos-assuntos-de-macau","status":"publish","type":"post","link":"https:\/\/diariodepe.com.br\/xinhua\/2021\/09\/17\/gabinete-do-comissario-se-opoe-firmemente-a-interferencia-do-parlamento-europeu-nos-assuntos-de-macau\/","title":{"rendered":"Gabinete do Comiss\u00e1rio se op\u00f5e firmemente \u00e0 interfer\u00eancia do Parlamento Europeu nos assuntos de Macau"},"content":{"rendered":"\n<p>Macau, 17 set &#8211; O Gabinete do Comiss\u00e1rio do Minist\u00e9rio das Rela\u00e7\u00f5es Exteriores da China na Regi\u00e3o Administrativa Especial (RAE) de Macau manifestou firme oposi\u00e7\u00e3o a um chamado projeto de lei aprovado pelo Parlamento Europeu, que interferiu nos assuntos de Macau e nos assuntos internos da China em geral.<\/p>\n\n\n\n<p>O projeto de lei, baseado em preconceitos e mentiras, fez coment\u00e1rios irrespons\u00e1veis sobre a pr\u00e1tica do &#8220;um pa\u00eds, dois sistemas&#8221; na RAE de Macau. \u00c9 uma viola\u00e7\u00e3o das leis internacionais e das normas b\u00e1sicas que regem as rela\u00e7\u00f5es internacionais, disse um porta-voz do gabinete em um comunicado na noite da quinta-feira.<\/p>\n\n\n\n<p>Desde o retorno de Macau \u00e0 p\u00e1tria h\u00e1 mais de duas d\u00e9cadas, o governo da RAE, sob a correta lideran\u00e7a do governo central e com o forte apoio da parte continental, uniu e liderou v\u00e1rios c\u00edrculos da sociedade para lidar com os assuntos em estrita conformidade com a Constitui\u00e7\u00e3o da Rep\u00fablica Popular da China e com a Lei B\u00e1sica da RAE de Macau, disse o porta-voz.<\/p>\n\n\n\n<p>A pr\u00e1tica do &#8220;um pa\u00eds, dois sistemas&#8221; em Macau alcan\u00e7ou sucesso amplamente reconhecido em todo o mundo, disse o porta-voz, acrescentando que Macau inaugurou a melhor situa\u00e7\u00e3o de desenvolvimento da hist\u00f3ria.<\/p>\n\n\n\n<p>Os residentes na RAE de Macau gozam de direitos e liberdade sem precedentes em uma ampla gama de acordo com a lei, um fato que qualquer pessoa sem preconceito reconheceria, disse o porta-voz.<\/p>\n\n\n\n<p>A elei\u00e7\u00e3o da s\u00e9tima Assembleia Legislativa da RAE de Macau foi realizada tranquilamente, demonstrando plenamente o esp\u00edrito de administrar Macau de acordo com a lei, e incorporando a democracia e a ampla participa\u00e7\u00e3o de v\u00e1rios c\u00edrculos da sociedade, disse o porta-voz.<\/p>\n\n\n\n<p>O porta-voz ressaltou que o Parlamento Europeu ignorou deliberadamente a pr\u00e1tica bem-sucedida do &#8220;um pa\u00eds, dois sistemas&#8221; em Macau e fez coment\u00e1rios indiscretos sobre os assuntos de Macau e os assuntos internos da China em geral sob o pretexto da chamada democracia e direitos humanos. O povo chin\u00eas, incluindo os compatriotas de Macau, nunca aceitar\u00e1 isso, disse o porta-voz.<\/p>\n\n\n\n<p>&#8220;Exortamos o Parlamento Europeu a entender de forma abrangente e precisa &#8216;um pa\u00eds, dois sistemas&#8217;, respeitar as leis internacionais e as normas b\u00e1sicas que regem as rela\u00e7\u00f5es internacionais, e agir numa forma que beneficia o desenvolvimento das rela\u00e7\u00f5es entre a China e a Europa, bem como o interc\u00e2mbio e a coopera\u00e7\u00e3o entre a RAE de Macau e a Europa&#8221;, disse o porta-voz.<\/p>\n","protected":false},"excerpt":{"rendered":"<p>Macau, 17 set &#8211; O Gabinete do Comiss\u00e1rio do Minist\u00e9rio das Rela\u00e7\u00f5es Exteriores da China na Regi\u00e3o Administrativa Especial (RAE) de Macau manifestou firme oposi\u00e7\u00e3o a um chamado projeto de lei aprovado pelo Parlamento Europeu, que interferiu nos assuntos de&#8230;<\/p>\n","protected":false},"author":3,"featured_media":3012,"comment_status":"open","ping_status":"open","sticky":false,"template":"","format":"standard","meta":{"footnotes":""},"categories":[3],"tags":[],"class_list":["post-3011","post","type-post","status-publish","format-standard","has-post-thumbnail","hentry","category-china"],"yoast_head":"<!-- This site is optimized with the Yoast SEO plugin v27.4 - https:\/\/yoast.com\/product\/yoast-seo-wordpress\/ -->\n<title>Gabinete do Comiss\u00e1rio se op\u00f5e firmemente \u00e0 interfer\u00eancia do Parlamento Europeu nos assuntos de Macau - Xinhua - Diario de Pernambuco<\/title>\n<meta name=\"robots\" content=\"index, follow, max-snippet:-1, max-image-preview:large, max-video-preview:-1\" \/>\n<link rel=\"canonical\" href=\"https:\/\/diariodepe.com.br\/xinhua\/2021\/09\/17\/gabinete-do-comissario-se-opoe-firmemente-a-interferencia-do-parlamento-europeu-nos-assuntos-de-macau\/\" \/>\n<meta property=\"og:locale\" content=\"pt_BR\" \/>\n<meta property=\"og:type\" content=\"article\" \/>\n<meta property=\"og:title\" content=\"Gabinete do Comiss\u00e1rio se op\u00f5e firmemente \u00e0 interfer\u00eancia do Parlamento Europeu nos assuntos de Macau - Xinhua - Diario de Pernambuco\" \/>\n<meta property=\"og:description\" content=\"Macau, 17 set &#8211; O Gabinete do Comiss\u00e1rio do Minist\u00e9rio das Rela\u00e7\u00f5es Exteriores da China na Regi\u00e3o Administrativa Especial (RAE) de Macau manifestou firme oposi\u00e7\u00e3o a um chamado projeto de lei aprovado pelo Parlamento Europeu, que interferiu nos assuntos de...\" \/>\n<meta property=\"og:url\" content=\"https:\/\/diariodepe.com.br\/xinhua\/2021\/09\/17\/gabinete-do-comissario-se-opoe-firmemente-a-interferencia-do-parlamento-europeu-nos-assuntos-de-macau\/\" \/>\n<meta property=\"og:site_name\" content=\"Xinhua - Diario de Pernambuco\" \/>\n<meta property=\"article:published_time\" content=\"2021-09-17T14:02:25+00:00\" \/>\n<meta property=\"article:modified_time\" content=\"2021-09-17T14:02:27+00:00\" \/>\n<meta property=\"og:image\" content=\"https:\/\/diariodepe.com.br\/xinhua\/wp-content\/uploads\/sites\/3\/2021\/09\/1310193825_16318670882241n.jpg\" \/>\n\t<meta property=\"og:image:width\" content=\"900\" \/>\n\t<meta property=\"og:image:height\" content=\"600\" \/>\n\t<meta property=\"og:image:type\" content=\"image\/jpeg\" \/>\n<meta name=\"author\" content=\"Marcelo Oliveira de A. Maranhao\" \/>\n<meta name=\"twitter:card\" content=\"summary_large_image\" \/>\n<meta name=\"twitter:label1\" content=\"Escrito por\" \/>\n\t<meta name=\"twitter:data1\" content=\"Marcelo Oliveira de A. Maranhao\" \/>\n\t<meta name=\"twitter:label2\" content=\"Est. tempo de leitura\" \/>\n\t<meta name=\"twitter:data2\" content=\"2 minutos\" \/>\n<script type=\"application\/ld+json\" class=\"yoast-schema-graph\">{\"@context\":\"https:\\\/\\\/schema.org\",\"@graph\":[{\"@type\":\"Article\",\"@id\":\"https:\\\/\\\/diariodepe.com.br\\\/xinhua\\\/2021\\\/09\\\/17\\\/gabinete-do-comissario-se-opoe-firmemente-a-interferencia-do-parlamento-europeu-nos-assuntos-de-macau\\\/#article\",\"isPartOf\":{\"@id\":\"https:\\\/\\\/diariodepe.com.br\\\/xinhua\\\/2021\\\/09\\\/17\\\/gabinete-do-comissario-se-opoe-firmemente-a-interferencia-do-parlamento-europeu-nos-assuntos-de-macau\\\/\"},\"author\":{\"name\":\"Marcelo Oliveira de A. Maranhao\",\"@id\":\"https:\\\/\\\/diariodepe.com.br\\\/xinhua\\\/#\\\/schema\\\/person\\\/0943d6fd02bdc7b49c8f495e8787a2cb\"},\"headline\":\"Gabinete do Comiss\u00e1rio se op\u00f5e firmemente \u00e0 interfer\u00eancia do Parlamento Europeu nos assuntos de Macau\",\"datePublished\":\"2021-09-17T14:02:25+00:00\",\"dateModified\":\"2021-09-17T14:02:27+00:00\",\"mainEntityOfPage\":{\"@id\":\"https:\\\/\\\/diariodepe.com.br\\\/xinhua\\\/2021\\\/09\\\/17\\\/gabinete-do-comissario-se-opoe-firmemente-a-interferencia-do-parlamento-europeu-nos-assuntos-de-macau\\\/\"},\"wordCount\":447,\"commentCount\":0,\"publisher\":{\"@id\":\"https:\\\/\\\/diariodepe.com.br\\\/xinhua\\\/#organization\"},\"image\":{\"@id\":\"https:\\\/\\\/diariodepe.com.br\\\/xinhua\\\/2021\\\/09\\\/17\\\/gabinete-do-comissario-se-opoe-firmemente-a-interferencia-do-parlamento-europeu-nos-assuntos-de-macau\\\/#primaryimage\"},\"thumbnailUrl\":\"https:\\\/\\\/diariodepe.com.br\\\/xinhua\\\/wp-content\\\/uploads\\\/sites\\\/3\\\/2021\\\/09\\\/1310193825_16318670882241n.jpg\",\"articleSection\":[\"China\"],\"inLanguage\":\"pt-BR\",\"potentialAction\":[{\"@type\":\"CommentAction\",\"name\":\"Comment\",\"target\":[\"https:\\\/\\\/diariodepe.com.br\\\/xinhua\\\/2021\\\/09\\\/17\\\/gabinete-do-comissario-se-opoe-firmemente-a-interferencia-do-parlamento-europeu-nos-assuntos-de-macau\\\/#respond\"]}]},{\"@type\":\"WebPage\",\"@id\":\"https:\\\/\\\/diariodepe.com.br\\\/xinhua\\\/2021\\\/09\\\/17\\\/gabinete-do-comissario-se-opoe-firmemente-a-interferencia-do-parlamento-europeu-nos-assuntos-de-macau\\\/\",\"url\":\"https:\\\/\\\/diariodepe.com.br\\\/xinhua\\\/2021\\\/09\\\/17\\\/gabinete-do-comissario-se-opoe-firmemente-a-interferencia-do-parlamento-europeu-nos-assuntos-de-macau\\\/\",\"name\":\"Gabinete do Comiss\u00e1rio se op\u00f5e firmemente \u00e0 interfer\u00eancia do Parlamento Europeu nos assuntos de Macau - Xinhua - Diario de Pernambuco\",\"isPartOf\":{\"@id\":\"https:\\\/\\\/diariodepe.com.br\\\/xinhua\\\/#website\"},\"primaryImageOfPage\":{\"@id\":\"https:\\\/\\\/diariodepe.com.br\\\/xinhua\\\/2021\\\/09\\\/17\\\/gabinete-do-comissario-se-opoe-firmemente-a-interferencia-do-parlamento-europeu-nos-assuntos-de-macau\\\/#primaryimage\"},\"image\":{\"@id\":\"https:\\\/\\\/diariodepe.com.br\\\/xinhua\\\/2021\\\/09\\\/17\\\/gabinete-do-comissario-se-opoe-firmemente-a-interferencia-do-parlamento-europeu-nos-assuntos-de-macau\\\/#primaryimage\"},\"thumbnailUrl\":\"https:\\\/\\\/diariodepe.com.br\\\/xinhua\\\/wp-content\\\/uploads\\\/sites\\\/3\\\/2021\\\/09\\\/1310193825_16318670882241n.jpg\",\"datePublished\":\"2021-09-17T14:02:25+00:00\",\"dateModified\":\"2021-09-17T14:02:27+00:00\",\"breadcrumb\":{\"@id\":\"https:\\\/\\\/diariodepe.com.br\\\/xinhua\\\/2021\\\/09\\\/17\\\/gabinete-do-comissario-se-opoe-firmemente-a-interferencia-do-parlamento-europeu-nos-assuntos-de-macau\\\/#breadcrumb\"},\"inLanguage\":\"pt-BR\",\"potentialAction\":[{\"@type\":\"ReadAction\",\"target\":[\"https:\\\/\\\/diariodepe.com.br\\\/xinhua\\\/2021\\\/09\\\/17\\\/gabinete-do-comissario-se-opoe-firmemente-a-interferencia-do-parlamento-europeu-nos-assuntos-de-macau\\\/\"]}]},{\"@type\":\"ImageObject\",\"inLanguage\":\"pt-BR\",\"@id\":\"https:\\\/\\\/diariodepe.com.br\\\/xinhua\\\/2021\\\/09\\\/17\\\/gabinete-do-comissario-se-opoe-firmemente-a-interferencia-do-parlamento-europeu-nos-assuntos-de-macau\\\/#primaryimage\",\"url\":\"https:\\\/\\\/diariodepe.com.br\\\/xinhua\\\/wp-content\\\/uploads\\\/sites\\\/3\\\/2021\\\/09\\\/1310193825_16318670882241n.jpg\",\"contentUrl\":\"https:\\\/\\\/diariodepe.com.br\\\/xinhua\\\/wp-content\\\/uploads\\\/sites\\\/3\\\/2021\\\/09\\\/1310193825_16318670882241n.jpg\",\"width\":900,\"height\":600,\"caption\":\"Foto: Pen\u00ednsula de Macau, no sul da China.(Xinhua\\\/Cheong Kam Ka)\"},{\"@type\":\"BreadcrumbList\",\"@id\":\"https:\\\/\\\/diariodepe.com.br\\\/xinhua\\\/2021\\\/09\\\/17\\\/gabinete-do-comissario-se-opoe-firmemente-a-interferencia-do-parlamento-europeu-nos-assuntos-de-macau\\\/#breadcrumb\",\"itemListElement\":[{\"@type\":\"ListItem\",\"position\":1,\"name\":\"In\u00edcio\",\"item\":\"https:\\\/\\\/diariodepe.com.br\\\/xinhua\\\/\"},{\"@type\":\"ListItem\",\"position\":2,\"name\":\"Gabinete do Comiss\u00e1rio se op\u00f5e firmemente \u00e0 interfer\u00eancia do Parlamento Europeu nos assuntos de Macau\"}]},{\"@type\":\"WebSite\",\"@id\":\"https:\\\/\\\/diariodepe.com.br\\\/xinhua\\\/#website\",\"url\":\"https:\\\/\\\/diariodepe.com.br\\\/xinhua\\\/\",\"name\":\"Xinhua - Diario de Pernambuco\",\"description\":\"A maior ag\u00eancia de not\u00edcias da China e um dos principais canais para conhecer o pa\u00eds\",\"publisher\":{\"@id\":\"https:\\\/\\\/diariodepe.com.br\\\/xinhua\\\/#organization\"},\"potentialAction\":[{\"@type\":\"SearchAction\",\"target\":{\"@type\":\"EntryPoint\",\"urlTemplate\":\"https:\\\/\\\/diariodepe.com.br\\\/xinhua\\\/?s={search_term_string}\"},\"query-input\":{\"@type\":\"PropertyValueSpecification\",\"valueRequired\":true,\"valueName\":\"search_term_string\"}}],\"inLanguage\":\"pt-BR\"},{\"@type\":\"Organization\",\"@id\":\"https:\\\/\\\/diariodepe.com.br\\\/xinhua\\\/#organization\",\"name\":\"Xinhua - Diario de Pernambuco\",\"url\":\"https:\\\/\\\/diariodepe.com.br\\\/xinhua\\\/\",\"logo\":{\"@type\":\"ImageObject\",\"inLanguage\":\"pt-BR\",\"@id\":\"https:\\\/\\\/diariodepe.com.br\\\/xinhua\\\/#\\\/schema\\\/logo\\\/image\\\/\",\"url\":\"https:\\\/\\\/diariodepe.com.br\\\/xinhua\\\/wp-content\\\/uploads\\\/sites\\\/3\\\/2020\\\/10\\\/cropped-logo-transparente-2.png\",\"contentUrl\":\"https:\\\/\\\/diariodepe.com.br\\\/xinhua\\\/wp-content\\\/uploads\\\/sites\\\/3\\\/2020\\\/10\\\/cropped-logo-transparente-2.png\",\"width\":512,\"height\":164,\"caption\":\"Xinhua - Diario de Pernambuco\"},\"image\":{\"@id\":\"https:\\\/\\\/diariodepe.com.br\\\/xinhua\\\/#\\\/schema\\\/logo\\\/image\\\/\"}},{\"@type\":\"Person\",\"@id\":\"https:\\\/\\\/diariodepe.com.br\\\/xinhua\\\/#\\\/schema\\\/person\\\/0943d6fd02bdc7b49c8f495e8787a2cb\",\"name\":\"Marcelo Oliveira de A. Maranhao\",\"image\":{\"@type\":\"ImageObject\",\"inLanguage\":\"pt-BR\",\"@id\":\"https:\\\/\\\/secure.gravatar.com\\\/avatar\\\/f562caee940d39879c20e90eea3e4b21860c7d4c96684c23141c554824f0059c?s=96&d=mm&r=g\",\"url\":\"https:\\\/\\\/secure.gravatar.com\\\/avatar\\\/f562caee940d39879c20e90eea3e4b21860c7d4c96684c23141c554824f0059c?s=96&d=mm&r=g\",\"contentUrl\":\"https:\\\/\\\/secure.gravatar.com\\\/avatar\\\/f562caee940d39879c20e90eea3e4b21860c7d4c96684c23141c554824f0059c?s=96&d=mm&r=g\",\"caption\":\"Marcelo Oliveira de A. Maranhao\"},\"url\":\"https:\\\/\\\/diariodepe.com.br\\\/xinhua\\\/author\\\/marcelo-maranhao\\\/\"}]}<\/script>\n<!-- \/ Yoast SEO plugin. -->","yoast_head_json":{"title":"Gabinete do Comiss\u00e1rio se op\u00f5e firmemente \u00e0 interfer\u00eancia do Parlamento Europeu nos assuntos de Macau - Xinhua - Diario de Pernambuco","robots":{"index":"index","follow":"follow","max-snippet":"max-snippet:-1","max-image-preview":"max-image-preview:large","max-video-preview":"max-video-preview:-1"},"canonical":"https:\/\/diariodepe.com.br\/xinhua\/2021\/09\/17\/gabinete-do-comissario-se-opoe-firmemente-a-interferencia-do-parlamento-europeu-nos-assuntos-de-macau\/","og_locale":"pt_BR","og_type":"article","og_title":"Gabinete do Comiss\u00e1rio se op\u00f5e firmemente \u00e0 interfer\u00eancia do Parlamento Europeu nos assuntos de Macau - Xinhua - Diario de Pernambuco","og_description":"Macau, 17 set &#8211; O Gabinete do Comiss\u00e1rio do Minist\u00e9rio das Rela\u00e7\u00f5es Exteriores da China na Regi\u00e3o Administrativa Especial (RAE) de Macau manifestou firme oposi\u00e7\u00e3o a um chamado projeto de lei aprovado pelo Parlamento Europeu, que interferiu nos assuntos de...","og_url":"https:\/\/diariodepe.com.br\/xinhua\/2021\/09\/17\/gabinete-do-comissario-se-opoe-firmemente-a-interferencia-do-parlamento-europeu-nos-assuntos-de-macau\/","og_site_name":"Xinhua - Diario de Pernambuco","article_published_time":"2021-09-17T14:02:25+00:00","article_modified_time":"2021-09-17T14:02:27+00:00","og_image":[{"width":900,"height":600,"url":"https:\/\/diariodepe.com.br\/xinhua\/wp-content\/uploads\/sites\/3\/2021\/09\/1310193825_16318670882241n.jpg","type":"image\/jpeg"}],"author":"Marcelo Oliveira de A. Maranhao","twitter_card":"summary_large_image","twitter_misc":{"Escrito por":"Marcelo Oliveira de A. Maranhao","Est. tempo de leitura":"2 minutos"},"schema":{"@context":"https:\/\/schema.org","@graph":[{"@type":"Article","@id":"https:\/\/diariodepe.com.br\/xinhua\/2021\/09\/17\/gabinete-do-comissario-se-opoe-firmemente-a-interferencia-do-parlamento-europeu-nos-assuntos-de-macau\/#article","isPartOf":{"@id":"https:\/\/diariodepe.com.br\/xinhua\/2021\/09\/17\/gabinete-do-comissario-se-opoe-firmemente-a-interferencia-do-parlamento-europeu-nos-assuntos-de-macau\/"},"author":{"name":"Marcelo Oliveira de A. Maranhao","@id":"https:\/\/diariodepe.com.br\/xinhua\/#\/schema\/person\/0943d6fd02bdc7b49c8f495e8787a2cb"},"headline":"Gabinete do Comiss\u00e1rio se op\u00f5e firmemente \u00e0 interfer\u00eancia do Parlamento Europeu nos assuntos de Macau","datePublished":"2021-09-17T14:02:25+00:00","dateModified":"2021-09-17T14:02:27+00:00","mainEntityOfPage":{"@id":"https:\/\/diariodepe.com.br\/xinhua\/2021\/09\/17\/gabinete-do-comissario-se-opoe-firmemente-a-interferencia-do-parlamento-europeu-nos-assuntos-de-macau\/"},"wordCount":447,"commentCount":0,"publisher":{"@id":"https:\/\/diariodepe.com.br\/xinhua\/#organization"},"image":{"@id":"https:\/\/diariodepe.com.br\/xinhua\/2021\/09\/17\/gabinete-do-comissario-se-opoe-firmemente-a-interferencia-do-parlamento-europeu-nos-assuntos-de-macau\/#primaryimage"},"thumbnailUrl":"https:\/\/diariodepe.com.br\/xinhua\/wp-content\/uploads\/sites\/3\/2021\/09\/1310193825_16318670882241n.jpg","articleSection":["China"],"inLanguage":"pt-BR","potentialAction":[{"@type":"CommentAction","name":"Comment","target":["https:\/\/diariodepe.com.br\/xinhua\/2021\/09\/17\/gabinete-do-comissario-se-opoe-firmemente-a-interferencia-do-parlamento-europeu-nos-assuntos-de-macau\/#respond"]}]},{"@type":"WebPage","@id":"https:\/\/diariodepe.com.br\/xinhua\/2021\/09\/17\/gabinete-do-comissario-se-opoe-firmemente-a-interferencia-do-parlamento-europeu-nos-assuntos-de-macau\/","url":"https:\/\/diariodepe.com.br\/xinhua\/2021\/09\/17\/gabinete-do-comissario-se-opoe-firmemente-a-interferencia-do-parlamento-europeu-nos-assuntos-de-macau\/","name":"Gabinete do Comiss\u00e1rio se op\u00f5e firmemente \u00e0 interfer\u00eancia do Parlamento Europeu nos assuntos de Macau - Xinhua - Diario de Pernambuco","isPartOf":{"@id":"https:\/\/diariodepe.com.br\/xinhua\/#website"},"primaryImageOfPage":{"@id":"https:\/\/diariodepe.com.br\/xinhua\/2021\/09\/17\/gabinete-do-comissario-se-opoe-firmemente-a-interferencia-do-parlamento-europeu-nos-assuntos-de-macau\/#primaryimage"},"image":{"@id":"https:\/\/diariodepe.com.br\/xinhua\/2021\/09\/17\/gabinete-do-comissario-se-opoe-firmemente-a-interferencia-do-parlamento-europeu-nos-assuntos-de-macau\/#primaryimage"},"thumbnailUrl":"https:\/\/diariodepe.com.br\/xinhua\/wp-content\/uploads\/sites\/3\/2021\/09\/1310193825_16318670882241n.jpg","datePublished":"2021-09-17T14:02:25+00:00","dateModified":"2021-09-17T14:02:27+00:00","breadcrumb":{"@id":"https:\/\/diariodepe.com.br\/xinhua\/2021\/09\/17\/gabinete-do-comissario-se-opoe-firmemente-a-interferencia-do-parlamento-europeu-nos-assuntos-de-macau\/#breadcrumb"},"inLanguage":"pt-BR","potentialAction":[{"@type":"ReadAction","target":["https:\/\/diariodepe.com.br\/xinhua\/2021\/09\/17\/gabinete-do-comissario-se-opoe-firmemente-a-interferencia-do-parlamento-europeu-nos-assuntos-de-macau\/"]}]},{"@type":"ImageObject","inLanguage":"pt-BR","@id":"https:\/\/diariodepe.com.br\/xinhua\/2021\/09\/17\/gabinete-do-comissario-se-opoe-firmemente-a-interferencia-do-parlamento-europeu-nos-assuntos-de-macau\/#primaryimage","url":"https:\/\/diariodepe.com.br\/xinhua\/wp-content\/uploads\/sites\/3\/2021\/09\/1310193825_16318670882241n.jpg","contentUrl":"https:\/\/diariodepe.com.br\/xinhua\/wp-content\/uploads\/sites\/3\/2021\/09\/1310193825_16318670882241n.jpg","width":900,"height":600,"caption":"Foto: Pen\u00ednsula de Macau, no sul da China.(Xinhua\/Cheong Kam Ka)"},{"@type":"BreadcrumbList","@id":"https:\/\/diariodepe.com.br\/xinhua\/2021\/09\/17\/gabinete-do-comissario-se-opoe-firmemente-a-interferencia-do-parlamento-europeu-nos-assuntos-de-macau\/#breadcrumb","itemListElement":[{"@type":"ListItem","position":1,"name":"In\u00edcio","item":"https:\/\/diariodepe.com.br\/xinhua\/"},{"@type":"ListItem","position":2,"name":"Gabinete do Comiss\u00e1rio se op\u00f5e firmemente \u00e0 interfer\u00eancia do Parlamento Europeu nos assuntos de Macau"}]},{"@type":"WebSite","@id":"https:\/\/diariodepe.com.br\/xinhua\/#website","url":"https:\/\/diariodepe.com.br\/xinhua\/","name":"Xinhua - Diario de Pernambuco","description":"A maior ag\u00eancia de not\u00edcias da China e um dos principais canais para conhecer o pa\u00eds","publisher":{"@id":"https:\/\/diariodepe.com.br\/xinhua\/#organization"},"potentialAction":[{"@type":"SearchAction","target":{"@type":"EntryPoint","urlTemplate":"https:\/\/diariodepe.com.br\/xinhua\/?s={search_term_string}"},"query-input":{"@type":"PropertyValueSpecification","valueRequired":true,"valueName":"search_term_string"}}],"inLanguage":"pt-BR"},{"@type":"Organization","@id":"https:\/\/diariodepe.com.br\/xinhua\/#organization","name":"Xinhua - Diario de Pernambuco","url":"https:\/\/diariodepe.com.br\/xinhua\/","logo":{"@type":"ImageObject","inLanguage":"pt-BR","@id":"https:\/\/diariodepe.com.br\/xinhua\/#\/schema\/logo\/image\/","url":"https:\/\/diariodepe.com.br\/xinhua\/wp-content\/uploads\/sites\/3\/2020\/10\/cropped-logo-transparente-2.png","contentUrl":"https:\/\/diariodepe.com.br\/xinhua\/wp-content\/uploads\/sites\/3\/2020\/10\/cropped-logo-transparente-2.png","width":512,"height":164,"caption":"Xinhua - Diario de Pernambuco"},"image":{"@id":"https:\/\/diariodepe.com.br\/xinhua\/#\/schema\/logo\/image\/"}},{"@type":"Person","@id":"https:\/\/diariodepe.com.br\/xinhua\/#\/schema\/person\/0943d6fd02bdc7b49c8f495e8787a2cb","name":"Marcelo Oliveira de A. Maranhao","image":{"@type":"ImageObject","inLanguage":"pt-BR","@id":"https:\/\/secure.gravatar.com\/avatar\/f562caee940d39879c20e90eea3e4b21860c7d4c96684c23141c554824f0059c?s=96&d=mm&r=g","url":"https:\/\/secure.gravatar.com\/avatar\/f562caee940d39879c20e90eea3e4b21860c7d4c96684c23141c554824f0059c?s=96&d=mm&r=g","contentUrl":"https:\/\/secure.gravatar.com\/avatar\/f562caee940d39879c20e90eea3e4b21860c7d4c96684c23141c554824f0059c?s=96&d=mm&r=g","caption":"Marcelo Oliveira de A. Maranhao"},"url":"https:\/\/diariodepe.com.br\/xinhua\/author\/marcelo-maranhao\/"}]}},"cc_featured_image_caption":{"caption_text":"","source_text":"","source_url":""},"amp_enabled":true,"_links":{"self":[{"href":"https:\/\/diariodepe.com.br\/xinhua\/wp-json\/wp\/v2\/posts\/3011","targetHints":{"allow":["GET"]}}],"collection":[{"href":"https:\/\/diariodepe.com.br\/xinhua\/wp-json\/wp\/v2\/posts"}],"about":[{"href":"https:\/\/diariodepe.com.br\/xinhua\/wp-json\/wp\/v2\/types\/post"}],"author":[{"embeddable":true,"href":"https:\/\/diariodepe.com.br\/xinhua\/wp-json\/wp\/v2\/users\/3"}],"replies":[{"embeddable":true,"href":"https:\/\/diariodepe.com.br\/xinhua\/wp-json\/wp\/v2\/comments?post=3011"}],"version-history":[{"count":1,"href":"https:\/\/diariodepe.com.br\/xinhua\/wp-json\/wp\/v2\/posts\/3011\/revisions"}],"predecessor-version":[{"id":3013,"href":"https:\/\/diariodepe.com.br\/xinhua\/wp-json\/wp\/v2\/posts\/3011\/revisions\/3013"}],"wp:featuredmedia":[{"embeddable":true,"href":"https:\/\/diariodepe.com.br\/xinhua\/wp-json\/wp\/v2\/media\/3012"}],"wp:attachment":[{"href":"https:\/\/diariodepe.com.br\/xinhua\/wp-json\/wp\/v2\/media?parent=3011"}],"wp:term":[{"taxonomy":"category","embeddable":true,"href":"https:\/\/diariodepe.com.br\/xinhua\/wp-json\/wp\/v2\/categories?post=3011"},{"taxonomy":"post_tag","embeddable":true,"href":"https:\/\/diariodepe.com.br\/xinhua\/wp-json\/wp\/v2\/tags?post=3011"}],"curies":[{"name":"wp","href":"https:\/\/api.w.org\/{rel}","templated":true}]}}