{"id":2961,"date":"2021-09-13T14:00:00","date_gmt":"2021-09-13T17:00:00","guid":{"rendered":"http:\/\/www.diariodepe.com.br\/xinhua\/?p=2961"},"modified":"2021-09-13T11:01:08","modified_gmt":"2021-09-13T14:01:08","slug":"primeiro-ministro-grego-descreve-politica-economica-atualizada-e-expressa-otimismo","status":"publish","type":"post","link":"https:\/\/diariodepe.com.br\/xinhua\/2021\/09\/13\/primeiro-ministro-grego-descreve-politica-economica-atualizada-e-expressa-otimismo\/","title":{"rendered":"Primeiro-ministro grego descreve pol\u00edtica econ\u00f4mica atualizada e expressa otimismo"},"content":{"rendered":"\n<p>Atenas &#8211; O primeiro-ministro grego, Kyriakos Mitsotakis, apresentou na noite de s\u00e1bado a pol\u00edtica econ\u00f4mica atualizada do governo para os pr\u00f3ximos meses, prometendo um novo modelo de desenvolvimento que ser\u00e1 ben\u00e9fico para todos.<\/p>\n\n\n\n<p>&#8220;A Gr\u00e9cia est\u00e1 mudando&#8221; foi o principal slogan este ano durante o discurso de pol\u00edtica econ\u00f4mica habitual na 85\u00aa Feira Internacional de Tessal\u00f4nica (TIF), a maior feira comercial anual do pa\u00eds realizada na cidade portu\u00e1ria de Tessal\u00f4nica, no norte da Gr\u00e9cia.<\/p>\n\n\n\n<p>Expressando otimismo sobre as perspectivas da economia grega, Mitsotakis disse que a meta de crescimento para 2021 foi revisada de 3,6 para 5,9 por cento.<\/p>\n\n\n\n<p>O l\u00edder grego anunciou uma s\u00e9rie de medidas destinadas a aliviar as press\u00f5es da pandemia de COVID-19 e reformas para impulsionar o crescimento.<\/p>\n\n\n\n<p>O programa inclui novos cortes de impostos, uma extens\u00e3o de benef\u00edcios, redu\u00e7\u00f5es nas contribui\u00e7\u00f5es para a seguridade social e reformas para apoiar ainda mais os investimentos, empregos, exporta\u00e7\u00f5es, extrovers\u00e3o, transi\u00e7\u00e3o digital e economia verde.<\/p>\n\n\n\n<p>&#8220;Hoje come\u00e7a uma nova e emocionante jornada que todos faremos juntos colocando em pr\u00e1tica o lema da exposi\u00e7\u00e3o deste ano: Por uma p\u00e1tria que tem conhecimento e coragem, por uma Gr\u00e9cia corajosa que avan\u00e7a e olha apenas para frente&#8221;, disse ele, dirigindo-se a cerim\u00f4nia de abertura do TIF, que est\u00e1 programada para acontecer de 11 a 19 de setembro.<\/p>\n\n\n\n<p>As medidas de al\u00edvio incluem cortes de impostos para fam\u00edlias e empresas, como a redu\u00e7\u00e3o de impostos sobre propriedades imobili\u00e1rias e uma diminui\u00e7\u00e3o na taxa de imposto corporativo de 24 para 22 por cento.<\/p>\n\n\n\n<p>Al\u00e9m disso, Mitsotakis prometeu apoio em meio a aumentos de pre\u00e7os nos custos de energia, medidas para fortalecer os setores de educa\u00e7\u00e3o e sa\u00fade, ao mesmo tempo que foi dada \u00eanfase \u00e0s pol\u00edticas de apoio \u00e0 juventude.<\/p>\n\n\n\n<p>Em rela\u00e7\u00e3o \u00e0 batalha em andamento contra COVID-19, o primeiro-ministro reiterou um apelo aos que ainda n\u00e3o foram vacinados para serem vacinados a fim de ajudar a acabar com a pandemia.&nbsp;<\/p>\n","protected":false},"excerpt":{"rendered":"<p>Atenas &#8211; O primeiro-ministro grego, Kyriakos Mitsotakis, apresentou na noite de s\u00e1bado a pol\u00edtica econ\u00f4mica atualizada do governo para os pr\u00f3ximos meses, prometendo um novo modelo de desenvolvimento que ser\u00e1 ben\u00e9fico para todos. &#8220;A Gr\u00e9cia est\u00e1 mudando&#8221; foi o principal&#8230;<\/p>\n","protected":false},"author":3,"featured_media":0,"comment_status":"open","ping_status":"open","sticky":false,"template":"","format":"standard","meta":{"footnotes":""},"categories":[4],"tags":[],"class_list":["post-2961","post","type-post","status-publish","format-standard","hentry","category-internacional"],"yoast_head":"<!-- This site is optimized with the Yoast SEO plugin v27.4 - https:\/\/yoast.com\/product\/yoast-seo-wordpress\/ -->\n<title>Primeiro-ministro grego descreve pol\u00edtica econ\u00f4mica atualizada e expressa otimismo - Xinhua - Diario de Pernambuco<\/title>\n<meta name=\"robots\" content=\"index, follow, max-snippet:-1, max-image-preview:large, max-video-preview:-1\" \/>\n<link rel=\"canonical\" href=\"https:\/\/diariodepe.com.br\/xinhua\/2021\/09\/13\/primeiro-ministro-grego-descreve-politica-economica-atualizada-e-expressa-otimismo\/\" \/>\n<meta property=\"og:locale\" content=\"pt_BR\" \/>\n<meta property=\"og:type\" content=\"article\" \/>\n<meta property=\"og:title\" content=\"Primeiro-ministro grego descreve pol\u00edtica econ\u00f4mica atualizada e expressa otimismo - Xinhua - Diario de Pernambuco\" \/>\n<meta property=\"og:description\" content=\"Atenas &#8211; O primeiro-ministro grego, Kyriakos Mitsotakis, apresentou na noite de s\u00e1bado a pol\u00edtica econ\u00f4mica atualizada do governo para os pr\u00f3ximos meses, prometendo um novo modelo de desenvolvimento que ser\u00e1 ben\u00e9fico para todos. &#8220;A Gr\u00e9cia est\u00e1 mudando&#8221; foi o principal...\" \/>\n<meta property=\"og:url\" content=\"https:\/\/diariodepe.com.br\/xinhua\/2021\/09\/13\/primeiro-ministro-grego-descreve-politica-economica-atualizada-e-expressa-otimismo\/\" \/>\n<meta property=\"og:site_name\" content=\"Xinhua - Diario de Pernambuco\" \/>\n<meta property=\"article:published_time\" content=\"2021-09-13T17:00:00+00:00\" \/>\n<meta name=\"author\" content=\"Marcelo Oliveira de A. Maranhao\" \/>\n<meta name=\"twitter:card\" content=\"summary_large_image\" \/>\n<meta name=\"twitter:label1\" content=\"Escrito por\" \/>\n\t<meta name=\"twitter:data1\" content=\"Marcelo Oliveira de A. Maranhao\" \/>\n\t<meta name=\"twitter:label2\" content=\"Est. tempo de leitura\" \/>\n\t<meta name=\"twitter:data2\" content=\"2 minutos\" \/>\n<script type=\"application\/ld+json\" class=\"yoast-schema-graph\">{\"@context\":\"https:\\\/\\\/schema.org\",\"@graph\":[{\"@type\":\"Article\",\"@id\":\"https:\\\/\\\/diariodepe.com.br\\\/xinhua\\\/2021\\\/09\\\/13\\\/primeiro-ministro-grego-descreve-politica-economica-atualizada-e-expressa-otimismo\\\/#article\",\"isPartOf\":{\"@id\":\"https:\\\/\\\/diariodepe.com.br\\\/xinhua\\\/2021\\\/09\\\/13\\\/primeiro-ministro-grego-descreve-politica-economica-atualizada-e-expressa-otimismo\\\/\"},\"author\":{\"name\":\"Marcelo Oliveira de A. Maranhao\",\"@id\":\"https:\\\/\\\/diariodepe.com.br\\\/xinhua\\\/#\\\/schema\\\/person\\\/0943d6fd02bdc7b49c8f495e8787a2cb\"},\"headline\":\"Primeiro-ministro grego descreve pol\u00edtica econ\u00f4mica atualizada e expressa otimismo\",\"datePublished\":\"2021-09-13T17:00:00+00:00\",\"mainEntityOfPage\":{\"@id\":\"https:\\\/\\\/diariodepe.com.br\\\/xinhua\\\/2021\\\/09\\\/13\\\/primeiro-ministro-grego-descreve-politica-economica-atualizada-e-expressa-otimismo\\\/\"},\"wordCount\":361,\"commentCount\":0,\"publisher\":{\"@id\":\"https:\\\/\\\/diariodepe.com.br\\\/xinhua\\\/#organization\"},\"articleSection\":[\"Internacional\"],\"inLanguage\":\"pt-BR\",\"potentialAction\":[{\"@type\":\"CommentAction\",\"name\":\"Comment\",\"target\":[\"https:\\\/\\\/diariodepe.com.br\\\/xinhua\\\/2021\\\/09\\\/13\\\/primeiro-ministro-grego-descreve-politica-economica-atualizada-e-expressa-otimismo\\\/#respond\"]}]},{\"@type\":\"WebPage\",\"@id\":\"https:\\\/\\\/diariodepe.com.br\\\/xinhua\\\/2021\\\/09\\\/13\\\/primeiro-ministro-grego-descreve-politica-economica-atualizada-e-expressa-otimismo\\\/\",\"url\":\"https:\\\/\\\/diariodepe.com.br\\\/xinhua\\\/2021\\\/09\\\/13\\\/primeiro-ministro-grego-descreve-politica-economica-atualizada-e-expressa-otimismo\\\/\",\"name\":\"Primeiro-ministro grego descreve pol\u00edtica econ\u00f4mica atualizada e expressa otimismo - Xinhua - Diario de Pernambuco\",\"isPartOf\":{\"@id\":\"https:\\\/\\\/diariodepe.com.br\\\/xinhua\\\/#website\"},\"datePublished\":\"2021-09-13T17:00:00+00:00\",\"breadcrumb\":{\"@id\":\"https:\\\/\\\/diariodepe.com.br\\\/xinhua\\\/2021\\\/09\\\/13\\\/primeiro-ministro-grego-descreve-politica-economica-atualizada-e-expressa-otimismo\\\/#breadcrumb\"},\"inLanguage\":\"pt-BR\",\"potentialAction\":[{\"@type\":\"ReadAction\",\"target\":[\"https:\\\/\\\/diariodepe.com.br\\\/xinhua\\\/2021\\\/09\\\/13\\\/primeiro-ministro-grego-descreve-politica-economica-atualizada-e-expressa-otimismo\\\/\"]}]},{\"@type\":\"BreadcrumbList\",\"@id\":\"https:\\\/\\\/diariodepe.com.br\\\/xinhua\\\/2021\\\/09\\\/13\\\/primeiro-ministro-grego-descreve-politica-economica-atualizada-e-expressa-otimismo\\\/#breadcrumb\",\"itemListElement\":[{\"@type\":\"ListItem\",\"position\":1,\"name\":\"In\u00edcio\",\"item\":\"https:\\\/\\\/diariodepe.com.br\\\/xinhua\\\/\"},{\"@type\":\"ListItem\",\"position\":2,\"name\":\"Primeiro-ministro grego descreve pol\u00edtica econ\u00f4mica atualizada e expressa otimismo\"}]},{\"@type\":\"WebSite\",\"@id\":\"https:\\\/\\\/diariodepe.com.br\\\/xinhua\\\/#website\",\"url\":\"https:\\\/\\\/diariodepe.com.br\\\/xinhua\\\/\",\"name\":\"Xinhua - Diario de Pernambuco\",\"description\":\"A maior ag\u00eancia de not\u00edcias da China e um dos principais canais para conhecer o pa\u00eds\",\"publisher\":{\"@id\":\"https:\\\/\\\/diariodepe.com.br\\\/xinhua\\\/#organization\"},\"potentialAction\":[{\"@type\":\"SearchAction\",\"target\":{\"@type\":\"EntryPoint\",\"urlTemplate\":\"https:\\\/\\\/diariodepe.com.br\\\/xinhua\\\/?s={search_term_string}\"},\"query-input\":{\"@type\":\"PropertyValueSpecification\",\"valueRequired\":true,\"valueName\":\"search_term_string\"}}],\"inLanguage\":\"pt-BR\"},{\"@type\":\"Organization\",\"@id\":\"https:\\\/\\\/diariodepe.com.br\\\/xinhua\\\/#organization\",\"name\":\"Xinhua - Diario de Pernambuco\",\"url\":\"https:\\\/\\\/diariodepe.com.br\\\/xinhua\\\/\",\"logo\":{\"@type\":\"ImageObject\",\"inLanguage\":\"pt-BR\",\"@id\":\"https:\\\/\\\/diariodepe.com.br\\\/xinhua\\\/#\\\/schema\\\/logo\\\/image\\\/\",\"url\":\"https:\\\/\\\/diariodepe.com.br\\\/xinhua\\\/wp-content\\\/uploads\\\/sites\\\/3\\\/2020\\\/10\\\/cropped-logo-transparente-2.png\",\"contentUrl\":\"https:\\\/\\\/diariodepe.com.br\\\/xinhua\\\/wp-content\\\/uploads\\\/sites\\\/3\\\/2020\\\/10\\\/cropped-logo-transparente-2.png\",\"width\":512,\"height\":164,\"caption\":\"Xinhua - Diario de Pernambuco\"},\"image\":{\"@id\":\"https:\\\/\\\/diariodepe.com.br\\\/xinhua\\\/#\\\/schema\\\/logo\\\/image\\\/\"}},{\"@type\":\"Person\",\"@id\":\"https:\\\/\\\/diariodepe.com.br\\\/xinhua\\\/#\\\/schema\\\/person\\\/0943d6fd02bdc7b49c8f495e8787a2cb\",\"name\":\"Marcelo Oliveira de A. Maranhao\",\"image\":{\"@type\":\"ImageObject\",\"inLanguage\":\"pt-BR\",\"@id\":\"https:\\\/\\\/secure.gravatar.com\\\/avatar\\\/f562caee940d39879c20e90eea3e4b21860c7d4c96684c23141c554824f0059c?s=96&d=mm&r=g\",\"url\":\"https:\\\/\\\/secure.gravatar.com\\\/avatar\\\/f562caee940d39879c20e90eea3e4b21860c7d4c96684c23141c554824f0059c?s=96&d=mm&r=g\",\"contentUrl\":\"https:\\\/\\\/secure.gravatar.com\\\/avatar\\\/f562caee940d39879c20e90eea3e4b21860c7d4c96684c23141c554824f0059c?s=96&d=mm&r=g\",\"caption\":\"Marcelo Oliveira de A. Maranhao\"},\"url\":\"https:\\\/\\\/diariodepe.com.br\\\/xinhua\\\/author\\\/marcelo-maranhao\\\/\"}]}<\/script>\n<!-- \/ Yoast SEO plugin. -->","yoast_head_json":{"title":"Primeiro-ministro grego descreve pol\u00edtica econ\u00f4mica atualizada e expressa otimismo - Xinhua - Diario de Pernambuco","robots":{"index":"index","follow":"follow","max-snippet":"max-snippet:-1","max-image-preview":"max-image-preview:large","max-video-preview":"max-video-preview:-1"},"canonical":"https:\/\/diariodepe.com.br\/xinhua\/2021\/09\/13\/primeiro-ministro-grego-descreve-politica-economica-atualizada-e-expressa-otimismo\/","og_locale":"pt_BR","og_type":"article","og_title":"Primeiro-ministro grego descreve pol\u00edtica econ\u00f4mica atualizada e expressa otimismo - Xinhua - Diario de Pernambuco","og_description":"Atenas &#8211; O primeiro-ministro grego, Kyriakos Mitsotakis, apresentou na noite de s\u00e1bado a pol\u00edtica econ\u00f4mica atualizada do governo para os pr\u00f3ximos meses, prometendo um novo modelo de desenvolvimento que ser\u00e1 ben\u00e9fico para todos. &#8220;A Gr\u00e9cia est\u00e1 mudando&#8221; foi o principal...","og_url":"https:\/\/diariodepe.com.br\/xinhua\/2021\/09\/13\/primeiro-ministro-grego-descreve-politica-economica-atualizada-e-expressa-otimismo\/","og_site_name":"Xinhua - Diario de Pernambuco","article_published_time":"2021-09-13T17:00:00+00:00","author":"Marcelo Oliveira de A. Maranhao","twitter_card":"summary_large_image","twitter_misc":{"Escrito por":"Marcelo Oliveira de A. Maranhao","Est. tempo de leitura":"2 minutos"},"schema":{"@context":"https:\/\/schema.org","@graph":[{"@type":"Article","@id":"https:\/\/diariodepe.com.br\/xinhua\/2021\/09\/13\/primeiro-ministro-grego-descreve-politica-economica-atualizada-e-expressa-otimismo\/#article","isPartOf":{"@id":"https:\/\/diariodepe.com.br\/xinhua\/2021\/09\/13\/primeiro-ministro-grego-descreve-politica-economica-atualizada-e-expressa-otimismo\/"},"author":{"name":"Marcelo Oliveira de A. Maranhao","@id":"https:\/\/diariodepe.com.br\/xinhua\/#\/schema\/person\/0943d6fd02bdc7b49c8f495e8787a2cb"},"headline":"Primeiro-ministro grego descreve pol\u00edtica econ\u00f4mica atualizada e expressa otimismo","datePublished":"2021-09-13T17:00:00+00:00","mainEntityOfPage":{"@id":"https:\/\/diariodepe.com.br\/xinhua\/2021\/09\/13\/primeiro-ministro-grego-descreve-politica-economica-atualizada-e-expressa-otimismo\/"},"wordCount":361,"commentCount":0,"publisher":{"@id":"https:\/\/diariodepe.com.br\/xinhua\/#organization"},"articleSection":["Internacional"],"inLanguage":"pt-BR","potentialAction":[{"@type":"CommentAction","name":"Comment","target":["https:\/\/diariodepe.com.br\/xinhua\/2021\/09\/13\/primeiro-ministro-grego-descreve-politica-economica-atualizada-e-expressa-otimismo\/#respond"]}]},{"@type":"WebPage","@id":"https:\/\/diariodepe.com.br\/xinhua\/2021\/09\/13\/primeiro-ministro-grego-descreve-politica-economica-atualizada-e-expressa-otimismo\/","url":"https:\/\/diariodepe.com.br\/xinhua\/2021\/09\/13\/primeiro-ministro-grego-descreve-politica-economica-atualizada-e-expressa-otimismo\/","name":"Primeiro-ministro grego descreve pol\u00edtica econ\u00f4mica atualizada e expressa otimismo - Xinhua - Diario de Pernambuco","isPartOf":{"@id":"https:\/\/diariodepe.com.br\/xinhua\/#website"},"datePublished":"2021-09-13T17:00:00+00:00","breadcrumb":{"@id":"https:\/\/diariodepe.com.br\/xinhua\/2021\/09\/13\/primeiro-ministro-grego-descreve-politica-economica-atualizada-e-expressa-otimismo\/#breadcrumb"},"inLanguage":"pt-BR","potentialAction":[{"@type":"ReadAction","target":["https:\/\/diariodepe.com.br\/xinhua\/2021\/09\/13\/primeiro-ministro-grego-descreve-politica-economica-atualizada-e-expressa-otimismo\/"]}]},{"@type":"BreadcrumbList","@id":"https:\/\/diariodepe.com.br\/xinhua\/2021\/09\/13\/primeiro-ministro-grego-descreve-politica-economica-atualizada-e-expressa-otimismo\/#breadcrumb","itemListElement":[{"@type":"ListItem","position":1,"name":"In\u00edcio","item":"https:\/\/diariodepe.com.br\/xinhua\/"},{"@type":"ListItem","position":2,"name":"Primeiro-ministro grego descreve pol\u00edtica econ\u00f4mica atualizada e expressa otimismo"}]},{"@type":"WebSite","@id":"https:\/\/diariodepe.com.br\/xinhua\/#website","url":"https:\/\/diariodepe.com.br\/xinhua\/","name":"Xinhua - Diario de Pernambuco","description":"A maior ag\u00eancia de not\u00edcias da China e um dos principais canais para conhecer o pa\u00eds","publisher":{"@id":"https:\/\/diariodepe.com.br\/xinhua\/#organization"},"potentialAction":[{"@type":"SearchAction","target":{"@type":"EntryPoint","urlTemplate":"https:\/\/diariodepe.com.br\/xinhua\/?s={search_term_string}"},"query-input":{"@type":"PropertyValueSpecification","valueRequired":true,"valueName":"search_term_string"}}],"inLanguage":"pt-BR"},{"@type":"Organization","@id":"https:\/\/diariodepe.com.br\/xinhua\/#organization","name":"Xinhua - Diario de Pernambuco","url":"https:\/\/diariodepe.com.br\/xinhua\/","logo":{"@type":"ImageObject","inLanguage":"pt-BR","@id":"https:\/\/diariodepe.com.br\/xinhua\/#\/schema\/logo\/image\/","url":"https:\/\/diariodepe.com.br\/xinhua\/wp-content\/uploads\/sites\/3\/2020\/10\/cropped-logo-transparente-2.png","contentUrl":"https:\/\/diariodepe.com.br\/xinhua\/wp-content\/uploads\/sites\/3\/2020\/10\/cropped-logo-transparente-2.png","width":512,"height":164,"caption":"Xinhua - Diario de Pernambuco"},"image":{"@id":"https:\/\/diariodepe.com.br\/xinhua\/#\/schema\/logo\/image\/"}},{"@type":"Person","@id":"https:\/\/diariodepe.com.br\/xinhua\/#\/schema\/person\/0943d6fd02bdc7b49c8f495e8787a2cb","name":"Marcelo Oliveira de A. Maranhao","image":{"@type":"ImageObject","inLanguage":"pt-BR","@id":"https:\/\/secure.gravatar.com\/avatar\/f562caee940d39879c20e90eea3e4b21860c7d4c96684c23141c554824f0059c?s=96&d=mm&r=g","url":"https:\/\/secure.gravatar.com\/avatar\/f562caee940d39879c20e90eea3e4b21860c7d4c96684c23141c554824f0059c?s=96&d=mm&r=g","contentUrl":"https:\/\/secure.gravatar.com\/avatar\/f562caee940d39879c20e90eea3e4b21860c7d4c96684c23141c554824f0059c?s=96&d=mm&r=g","caption":"Marcelo Oliveira de A. Maranhao"},"url":"https:\/\/diariodepe.com.br\/xinhua\/author\/marcelo-maranhao\/"}]}},"cc_featured_image_caption":{"caption_text":"","source_text":"","source_url":""},"amp_enabled":true,"_links":{"self":[{"href":"https:\/\/diariodepe.com.br\/xinhua\/wp-json\/wp\/v2\/posts\/2961","targetHints":{"allow":["GET"]}}],"collection":[{"href":"https:\/\/diariodepe.com.br\/xinhua\/wp-json\/wp\/v2\/posts"}],"about":[{"href":"https:\/\/diariodepe.com.br\/xinhua\/wp-json\/wp\/v2\/types\/post"}],"author":[{"embeddable":true,"href":"https:\/\/diariodepe.com.br\/xinhua\/wp-json\/wp\/v2\/users\/3"}],"replies":[{"embeddable":true,"href":"https:\/\/diariodepe.com.br\/xinhua\/wp-json\/wp\/v2\/comments?post=2961"}],"version-history":[{"count":1,"href":"https:\/\/diariodepe.com.br\/xinhua\/wp-json\/wp\/v2\/posts\/2961\/revisions"}],"predecessor-version":[{"id":2962,"href":"https:\/\/diariodepe.com.br\/xinhua\/wp-json\/wp\/v2\/posts\/2961\/revisions\/2962"}],"wp:attachment":[{"href":"https:\/\/diariodepe.com.br\/xinhua\/wp-json\/wp\/v2\/media?parent=2961"}],"wp:term":[{"taxonomy":"category","embeddable":true,"href":"https:\/\/diariodepe.com.br\/xinhua\/wp-json\/wp\/v2\/categories?post=2961"},{"taxonomy":"post_tag","embeddable":true,"href":"https:\/\/diariodepe.com.br\/xinhua\/wp-json\/wp\/v2\/tags?post=2961"}],"curies":[{"name":"wp","href":"https:\/\/api.w.org\/{rel}","templated":true}]}}