{"id":2956,"date":"2021-09-13T10:57:32","date_gmt":"2021-09-13T13:57:32","guid":{"rendered":"http:\/\/www.diariodepe.com.br\/xinhua\/?p=2956"},"modified":"2021-09-13T10:57:34","modified_gmt":"2021-09-13T13:57:34","slug":"comeca-eleicao-da-setima-assembleia-legislativa-de-macau","status":"publish","type":"post","link":"https:\/\/diariodepe.com.br\/xinhua\/2021\/09\/13\/comeca-eleicao-da-setima-assembleia-legislativa-de-macau\/","title":{"rendered":"Come\u00e7a elei\u00e7\u00e3o da s\u00e9tima Assembleia Legislativa de Macau"},"content":{"rendered":"\n<p>Macau &#8211; A elei\u00e7\u00e3o da s\u00e9tima Assembleia Legislativa da Regi\u00e3o Administrativa Especial de Macau (RAEM) come\u00e7ou na manh\u00e3 deste domingo.<\/p>\n\n\n\n<p>A vota\u00e7\u00e3o come\u00e7ou \u00e0s 09h00 e est\u00e1 prevista para terminar \u00e0s 21h00, hora local. Os resultados preliminares devem sair na segunda-feira de manh\u00e3.<\/p>\n\n\n\n<p>A s\u00e9tima legislatura ser\u00e1 composta por 33 assentos, incluindo 14 diretamente eleitos, 12 eleitos indiretamente e outros sete nomeados pelo chefe do Executivo da RAEM dentro de 15 dias ap\u00f3s receber a contagem revisada de votos das elei\u00e7\u00f5es diretas e indiretas.<\/p>\n\n\n\n<p>Um total de 126 candidatos de 14 equipes concorrer\u00e3o aos 14 assentos diretamente eleitos, enquanto 12 candidatos de cinco grupos vocacionais concorrer\u00e3o aos 12 assentos eleitos indiretamente.<\/p>\n\n\n\n<p>Depois de depositar o voto, Ho Iat Seng, chefe do Executivo da RAEM, pediu aos eleitores para irem ativamente \u00e0s urnas.<\/p>\n\n\n\n<p>Ho expressou sua esperan\u00e7a de que os legisladores cumpram seu poder de supervis\u00e3o sobre o governo da RAEM de acordo com a Lei B\u00e1sica da RAEM.<\/p>\n\n\n\n<p>Autoridades anticorrup\u00e7\u00e3o disseram ter realizado cerca de 8 mil inspe\u00e7\u00f5es desde o in\u00edcio dos trabalhos eleitorais e que a situa\u00e7\u00e3o era satisfat\u00f3ria.<\/p>\n\n\n\n<p>Devido aos impactos da COVID-19, o governo da RAEM tem adotado medidas rigorosas de preven\u00e7\u00e3o para o per\u00edodo de campanha.<\/p>\n\n\n\n<p>No dia da vota\u00e7\u00e3o, os eleitores s\u00e3o obrigados a usar m\u00e1scaras faciais, ter suas temperaturas corporais verificadas e apresentar c\u00f3digos de sa\u00fade. H\u00e1 tamb\u00e9m sinais lembrando os eleitores a manter a dist\u00e2ncia social e evitar aglomera\u00e7\u00f5es.<\/p>\n\n\n\n<p>Uma moradora de Macau com sobrenome Lei disse \u00e0 Xinhua que espera que os legisladores rec\u00e9m-eleitos possam falar pelo p\u00fablico nos temas como cuidados m\u00e9dicos e moradia.<\/p>\n\n\n\n<p>Um homem de sobrenome Yu disse esperar que os novos legisladores possam trazer novas mudan\u00e7as na Assembleia Legislativa sob o contexto da pandemia COVID-19, que deu um duro golpe na economia de Macau.<\/p>\n\n\n\n<p>H\u00e1 um total de 325.180 eleitores eleg\u00edveis na elei\u00e7\u00e3o direta, 18.160 a mais do que na elei\u00e7\u00e3o anterior em 2017.<\/p>\n\n\n\n<p>Enquanto isso, 813 eleitores de pessoa jur\u00eddica, em compara\u00e7\u00e3o com 858 na elei\u00e7\u00e3o anterior em 2017, votar\u00e3o na elei\u00e7\u00e3o indireta.<\/p>\n\n\n\n<p>Cerca de 42 esta\u00e7\u00f5es de vota\u00e7\u00e3o foram criadas, enquanto tr\u00eas esta\u00e7\u00f5es m\u00f3veis tamb\u00e9m foram criadas para garantir os direitos de voto dos residentes que est\u00e3o sob observa\u00e7\u00e3o m\u00e9dica em hot\u00e9is designados.<\/p>\n","protected":false},"excerpt":{"rendered":"<p>Macau &#8211; A elei\u00e7\u00e3o da s\u00e9tima Assembleia Legislativa da Regi\u00e3o Administrativa Especial de Macau (RAEM) come\u00e7ou na manh\u00e3 deste domingo. A vota\u00e7\u00e3o come\u00e7ou \u00e0s 09h00 e est\u00e1 prevista para terminar \u00e0s 21h00, hora local. Os resultados preliminares devem sair na&#8230;<\/p>\n","protected":false},"author":3,"featured_media":2957,"comment_status":"open","ping_status":"open","sticky":false,"template":"","format":"standard","meta":{"footnotes":""},"categories":[3],"tags":[],"class_list":["post-2956","post","type-post","status-publish","format-standard","has-post-thumbnail","hentry","category-china"],"yoast_head":"<!-- This site is optimized with the Yoast SEO plugin v27.4 - https:\/\/yoast.com\/product\/yoast-seo-wordpress\/ -->\n<title>Come\u00e7a elei\u00e7\u00e3o da s\u00e9tima Assembleia Legislativa de Macau - Xinhua - Diario de Pernambuco<\/title>\n<meta name=\"robots\" content=\"index, follow, max-snippet:-1, max-image-preview:large, max-video-preview:-1\" \/>\n<link rel=\"canonical\" href=\"https:\/\/diariodepe.com.br\/xinhua\/2021\/09\/13\/comeca-eleicao-da-setima-assembleia-legislativa-de-macau\/\" \/>\n<meta property=\"og:locale\" content=\"pt_BR\" \/>\n<meta property=\"og:type\" content=\"article\" \/>\n<meta property=\"og:title\" content=\"Come\u00e7a elei\u00e7\u00e3o da s\u00e9tima Assembleia Legislativa de Macau - Xinhua - Diario de Pernambuco\" \/>\n<meta property=\"og:description\" content=\"Macau &#8211; A elei\u00e7\u00e3o da s\u00e9tima Assembleia Legislativa da Regi\u00e3o Administrativa Especial de Macau (RAEM) come\u00e7ou na manh\u00e3 deste domingo. A vota\u00e7\u00e3o come\u00e7ou \u00e0s 09h00 e est\u00e1 prevista para terminar \u00e0s 21h00, hora local. Os resultados preliminares devem sair na...\" \/>\n<meta property=\"og:url\" content=\"https:\/\/diariodepe.com.br\/xinhua\/2021\/09\/13\/comeca-eleicao-da-setima-assembleia-legislativa-de-macau\/\" \/>\n<meta property=\"og:site_name\" content=\"Xinhua - Diario de Pernambuco\" \/>\n<meta property=\"article:published_time\" content=\"2021-09-13T13:57:32+00:00\" \/>\n<meta property=\"article:modified_time\" content=\"2021-09-13T13:57:34+00:00\" \/>\n<meta property=\"og:image\" content=\"https:\/\/diariodepe.com.br\/xinhua\/wp-content\/uploads\/sites\/3\/2021\/09\/1310183369_16314372284761n.jpg\" \/>\n\t<meta property=\"og:image:width\" content=\"900\" \/>\n\t<meta property=\"og:image:height\" content=\"601\" \/>\n\t<meta property=\"og:image:type\" content=\"image\/jpeg\" \/>\n<meta name=\"author\" content=\"Marcelo Oliveira de A. Maranhao\" \/>\n<meta name=\"twitter:card\" content=\"summary_large_image\" \/>\n<meta name=\"twitter:label1\" content=\"Escrito por\" \/>\n\t<meta name=\"twitter:data1\" content=\"Marcelo Oliveira de A. Maranhao\" \/>\n\t<meta name=\"twitter:label2\" content=\"Est. tempo de leitura\" \/>\n\t<meta name=\"twitter:data2\" content=\"2 minutos\" \/>\n<script type=\"application\/ld+json\" class=\"yoast-schema-graph\">{\"@context\":\"https:\\\/\\\/schema.org\",\"@graph\":[{\"@type\":\"Article\",\"@id\":\"https:\\\/\\\/diariodepe.com.br\\\/xinhua\\\/2021\\\/09\\\/13\\\/comeca-eleicao-da-setima-assembleia-legislativa-de-macau\\\/#article\",\"isPartOf\":{\"@id\":\"https:\\\/\\\/diariodepe.com.br\\\/xinhua\\\/2021\\\/09\\\/13\\\/comeca-eleicao-da-setima-assembleia-legislativa-de-macau\\\/\"},\"author\":{\"name\":\"Marcelo Oliveira de A. Maranhao\",\"@id\":\"https:\\\/\\\/diariodepe.com.br\\\/xinhua\\\/#\\\/schema\\\/person\\\/0943d6fd02bdc7b49c8f495e8787a2cb\"},\"headline\":\"Come\u00e7a elei\u00e7\u00e3o da s\u00e9tima Assembleia Legislativa de Macau\",\"datePublished\":\"2021-09-13T13:57:32+00:00\",\"dateModified\":\"2021-09-13T13:57:34+00:00\",\"mainEntityOfPage\":{\"@id\":\"https:\\\/\\\/diariodepe.com.br\\\/xinhua\\\/2021\\\/09\\\/13\\\/comeca-eleicao-da-setima-assembleia-legislativa-de-macau\\\/\"},\"wordCount\":411,\"commentCount\":0,\"publisher\":{\"@id\":\"https:\\\/\\\/diariodepe.com.br\\\/xinhua\\\/#organization\"},\"image\":{\"@id\":\"https:\\\/\\\/diariodepe.com.br\\\/xinhua\\\/2021\\\/09\\\/13\\\/comeca-eleicao-da-setima-assembleia-legislativa-de-macau\\\/#primaryimage\"},\"thumbnailUrl\":\"https:\\\/\\\/diariodepe.com.br\\\/xinhua\\\/wp-content\\\/uploads\\\/sites\\\/3\\\/2021\\\/09\\\/1310183369_16314372284761n.jpg\",\"articleSection\":[\"China\"],\"inLanguage\":\"pt-BR\",\"potentialAction\":[{\"@type\":\"CommentAction\",\"name\":\"Comment\",\"target\":[\"https:\\\/\\\/diariodepe.com.br\\\/xinhua\\\/2021\\\/09\\\/13\\\/comeca-eleicao-da-setima-assembleia-legislativa-de-macau\\\/#respond\"]}]},{\"@type\":\"WebPage\",\"@id\":\"https:\\\/\\\/diariodepe.com.br\\\/xinhua\\\/2021\\\/09\\\/13\\\/comeca-eleicao-da-setima-assembleia-legislativa-de-macau\\\/\",\"url\":\"https:\\\/\\\/diariodepe.com.br\\\/xinhua\\\/2021\\\/09\\\/13\\\/comeca-eleicao-da-setima-assembleia-legislativa-de-macau\\\/\",\"name\":\"Come\u00e7a elei\u00e7\u00e3o da s\u00e9tima Assembleia Legislativa de Macau - Xinhua - Diario de Pernambuco\",\"isPartOf\":{\"@id\":\"https:\\\/\\\/diariodepe.com.br\\\/xinhua\\\/#website\"},\"primaryImageOfPage\":{\"@id\":\"https:\\\/\\\/diariodepe.com.br\\\/xinhua\\\/2021\\\/09\\\/13\\\/comeca-eleicao-da-setima-assembleia-legislativa-de-macau\\\/#primaryimage\"},\"image\":{\"@id\":\"https:\\\/\\\/diariodepe.com.br\\\/xinhua\\\/2021\\\/09\\\/13\\\/comeca-eleicao-da-setima-assembleia-legislativa-de-macau\\\/#primaryimage\"},\"thumbnailUrl\":\"https:\\\/\\\/diariodepe.com.br\\\/xinhua\\\/wp-content\\\/uploads\\\/sites\\\/3\\\/2021\\\/09\\\/1310183369_16314372284761n.jpg\",\"datePublished\":\"2021-09-13T13:57:32+00:00\",\"dateModified\":\"2021-09-13T13:57:34+00:00\",\"breadcrumb\":{\"@id\":\"https:\\\/\\\/diariodepe.com.br\\\/xinhua\\\/2021\\\/09\\\/13\\\/comeca-eleicao-da-setima-assembleia-legislativa-de-macau\\\/#breadcrumb\"},\"inLanguage\":\"pt-BR\",\"potentialAction\":[{\"@type\":\"ReadAction\",\"target\":[\"https:\\\/\\\/diariodepe.com.br\\\/xinhua\\\/2021\\\/09\\\/13\\\/comeca-eleicao-da-setima-assembleia-legislativa-de-macau\\\/\"]}]},{\"@type\":\"ImageObject\",\"inLanguage\":\"pt-BR\",\"@id\":\"https:\\\/\\\/diariodepe.com.br\\\/xinhua\\\/2021\\\/09\\\/13\\\/comeca-eleicao-da-setima-assembleia-legislativa-de-macau\\\/#primaryimage\",\"url\":\"https:\\\/\\\/diariodepe.com.br\\\/xinhua\\\/wp-content\\\/uploads\\\/sites\\\/3\\\/2021\\\/09\\\/1310183369_16314372284761n.jpg\",\"contentUrl\":\"https:\\\/\\\/diariodepe.com.br\\\/xinhua\\\/wp-content\\\/uploads\\\/sites\\\/3\\\/2021\\\/09\\\/1310183369_16314372284761n.jpg\",\"width\":900,\"height\":601},{\"@type\":\"BreadcrumbList\",\"@id\":\"https:\\\/\\\/diariodepe.com.br\\\/xinhua\\\/2021\\\/09\\\/13\\\/comeca-eleicao-da-setima-assembleia-legislativa-de-macau\\\/#breadcrumb\",\"itemListElement\":[{\"@type\":\"ListItem\",\"position\":1,\"name\":\"In\u00edcio\",\"item\":\"https:\\\/\\\/diariodepe.com.br\\\/xinhua\\\/\"},{\"@type\":\"ListItem\",\"position\":2,\"name\":\"Come\u00e7a elei\u00e7\u00e3o da s\u00e9tima Assembleia Legislativa de Macau\"}]},{\"@type\":\"WebSite\",\"@id\":\"https:\\\/\\\/diariodepe.com.br\\\/xinhua\\\/#website\",\"url\":\"https:\\\/\\\/diariodepe.com.br\\\/xinhua\\\/\",\"name\":\"Xinhua - Diario de Pernambuco\",\"description\":\"A maior ag\u00eancia de not\u00edcias da China e um dos principais canais para conhecer o pa\u00eds\",\"publisher\":{\"@id\":\"https:\\\/\\\/diariodepe.com.br\\\/xinhua\\\/#organization\"},\"potentialAction\":[{\"@type\":\"SearchAction\",\"target\":{\"@type\":\"EntryPoint\",\"urlTemplate\":\"https:\\\/\\\/diariodepe.com.br\\\/xinhua\\\/?s={search_term_string}\"},\"query-input\":{\"@type\":\"PropertyValueSpecification\",\"valueRequired\":true,\"valueName\":\"search_term_string\"}}],\"inLanguage\":\"pt-BR\"},{\"@type\":\"Organization\",\"@id\":\"https:\\\/\\\/diariodepe.com.br\\\/xinhua\\\/#organization\",\"name\":\"Xinhua - Diario de Pernambuco\",\"url\":\"https:\\\/\\\/diariodepe.com.br\\\/xinhua\\\/\",\"logo\":{\"@type\":\"ImageObject\",\"inLanguage\":\"pt-BR\",\"@id\":\"https:\\\/\\\/diariodepe.com.br\\\/xinhua\\\/#\\\/schema\\\/logo\\\/image\\\/\",\"url\":\"https:\\\/\\\/diariodepe.com.br\\\/xinhua\\\/wp-content\\\/uploads\\\/sites\\\/3\\\/2020\\\/10\\\/cropped-logo-transparente-2.png\",\"contentUrl\":\"https:\\\/\\\/diariodepe.com.br\\\/xinhua\\\/wp-content\\\/uploads\\\/sites\\\/3\\\/2020\\\/10\\\/cropped-logo-transparente-2.png\",\"width\":512,\"height\":164,\"caption\":\"Xinhua - Diario de Pernambuco\"},\"image\":{\"@id\":\"https:\\\/\\\/diariodepe.com.br\\\/xinhua\\\/#\\\/schema\\\/logo\\\/image\\\/\"}},{\"@type\":\"Person\",\"@id\":\"https:\\\/\\\/diariodepe.com.br\\\/xinhua\\\/#\\\/schema\\\/person\\\/0943d6fd02bdc7b49c8f495e8787a2cb\",\"name\":\"Marcelo Oliveira de A. Maranhao\",\"image\":{\"@type\":\"ImageObject\",\"inLanguage\":\"pt-BR\",\"@id\":\"https:\\\/\\\/secure.gravatar.com\\\/avatar\\\/f562caee940d39879c20e90eea3e4b21860c7d4c96684c23141c554824f0059c?s=96&d=mm&r=g\",\"url\":\"https:\\\/\\\/secure.gravatar.com\\\/avatar\\\/f562caee940d39879c20e90eea3e4b21860c7d4c96684c23141c554824f0059c?s=96&d=mm&r=g\",\"contentUrl\":\"https:\\\/\\\/secure.gravatar.com\\\/avatar\\\/f562caee940d39879c20e90eea3e4b21860c7d4c96684c23141c554824f0059c?s=96&d=mm&r=g\",\"caption\":\"Marcelo Oliveira de A. Maranhao\"},\"url\":\"https:\\\/\\\/diariodepe.com.br\\\/xinhua\\\/author\\\/marcelo-maranhao\\\/\"}]}<\/script>\n<!-- \/ Yoast SEO plugin. -->","yoast_head_json":{"title":"Come\u00e7a elei\u00e7\u00e3o da s\u00e9tima Assembleia Legislativa de Macau - Xinhua - Diario de Pernambuco","robots":{"index":"index","follow":"follow","max-snippet":"max-snippet:-1","max-image-preview":"max-image-preview:large","max-video-preview":"max-video-preview:-1"},"canonical":"https:\/\/diariodepe.com.br\/xinhua\/2021\/09\/13\/comeca-eleicao-da-setima-assembleia-legislativa-de-macau\/","og_locale":"pt_BR","og_type":"article","og_title":"Come\u00e7a elei\u00e7\u00e3o da s\u00e9tima Assembleia Legislativa de Macau - Xinhua - Diario de Pernambuco","og_description":"Macau &#8211; A elei\u00e7\u00e3o da s\u00e9tima Assembleia Legislativa da Regi\u00e3o Administrativa Especial de Macau (RAEM) come\u00e7ou na manh\u00e3 deste domingo. A vota\u00e7\u00e3o come\u00e7ou \u00e0s 09h00 e est\u00e1 prevista para terminar \u00e0s 21h00, hora local. Os resultados preliminares devem sair na...","og_url":"https:\/\/diariodepe.com.br\/xinhua\/2021\/09\/13\/comeca-eleicao-da-setima-assembleia-legislativa-de-macau\/","og_site_name":"Xinhua - Diario de Pernambuco","article_published_time":"2021-09-13T13:57:32+00:00","article_modified_time":"2021-09-13T13:57:34+00:00","og_image":[{"width":900,"height":601,"url":"https:\/\/diariodepe.com.br\/xinhua\/wp-content\/uploads\/sites\/3\/2021\/09\/1310183369_16314372284761n.jpg","type":"image\/jpeg"}],"author":"Marcelo Oliveira de A. Maranhao","twitter_card":"summary_large_image","twitter_misc":{"Escrito por":"Marcelo Oliveira de A. Maranhao","Est. tempo de leitura":"2 minutos"},"schema":{"@context":"https:\/\/schema.org","@graph":[{"@type":"Article","@id":"https:\/\/diariodepe.com.br\/xinhua\/2021\/09\/13\/comeca-eleicao-da-setima-assembleia-legislativa-de-macau\/#article","isPartOf":{"@id":"https:\/\/diariodepe.com.br\/xinhua\/2021\/09\/13\/comeca-eleicao-da-setima-assembleia-legislativa-de-macau\/"},"author":{"name":"Marcelo Oliveira de A. Maranhao","@id":"https:\/\/diariodepe.com.br\/xinhua\/#\/schema\/person\/0943d6fd02bdc7b49c8f495e8787a2cb"},"headline":"Come\u00e7a elei\u00e7\u00e3o da s\u00e9tima Assembleia Legislativa de Macau","datePublished":"2021-09-13T13:57:32+00:00","dateModified":"2021-09-13T13:57:34+00:00","mainEntityOfPage":{"@id":"https:\/\/diariodepe.com.br\/xinhua\/2021\/09\/13\/comeca-eleicao-da-setima-assembleia-legislativa-de-macau\/"},"wordCount":411,"commentCount":0,"publisher":{"@id":"https:\/\/diariodepe.com.br\/xinhua\/#organization"},"image":{"@id":"https:\/\/diariodepe.com.br\/xinhua\/2021\/09\/13\/comeca-eleicao-da-setima-assembleia-legislativa-de-macau\/#primaryimage"},"thumbnailUrl":"https:\/\/diariodepe.com.br\/xinhua\/wp-content\/uploads\/sites\/3\/2021\/09\/1310183369_16314372284761n.jpg","articleSection":["China"],"inLanguage":"pt-BR","potentialAction":[{"@type":"CommentAction","name":"Comment","target":["https:\/\/diariodepe.com.br\/xinhua\/2021\/09\/13\/comeca-eleicao-da-setima-assembleia-legislativa-de-macau\/#respond"]}]},{"@type":"WebPage","@id":"https:\/\/diariodepe.com.br\/xinhua\/2021\/09\/13\/comeca-eleicao-da-setima-assembleia-legislativa-de-macau\/","url":"https:\/\/diariodepe.com.br\/xinhua\/2021\/09\/13\/comeca-eleicao-da-setima-assembleia-legislativa-de-macau\/","name":"Come\u00e7a elei\u00e7\u00e3o da s\u00e9tima Assembleia Legislativa de Macau - Xinhua - Diario de Pernambuco","isPartOf":{"@id":"https:\/\/diariodepe.com.br\/xinhua\/#website"},"primaryImageOfPage":{"@id":"https:\/\/diariodepe.com.br\/xinhua\/2021\/09\/13\/comeca-eleicao-da-setima-assembleia-legislativa-de-macau\/#primaryimage"},"image":{"@id":"https:\/\/diariodepe.com.br\/xinhua\/2021\/09\/13\/comeca-eleicao-da-setima-assembleia-legislativa-de-macau\/#primaryimage"},"thumbnailUrl":"https:\/\/diariodepe.com.br\/xinhua\/wp-content\/uploads\/sites\/3\/2021\/09\/1310183369_16314372284761n.jpg","datePublished":"2021-09-13T13:57:32+00:00","dateModified":"2021-09-13T13:57:34+00:00","breadcrumb":{"@id":"https:\/\/diariodepe.com.br\/xinhua\/2021\/09\/13\/comeca-eleicao-da-setima-assembleia-legislativa-de-macau\/#breadcrumb"},"inLanguage":"pt-BR","potentialAction":[{"@type":"ReadAction","target":["https:\/\/diariodepe.com.br\/xinhua\/2021\/09\/13\/comeca-eleicao-da-setima-assembleia-legislativa-de-macau\/"]}]},{"@type":"ImageObject","inLanguage":"pt-BR","@id":"https:\/\/diariodepe.com.br\/xinhua\/2021\/09\/13\/comeca-eleicao-da-setima-assembleia-legislativa-de-macau\/#primaryimage","url":"https:\/\/diariodepe.com.br\/xinhua\/wp-content\/uploads\/sites\/3\/2021\/09\/1310183369_16314372284761n.jpg","contentUrl":"https:\/\/diariodepe.com.br\/xinhua\/wp-content\/uploads\/sites\/3\/2021\/09\/1310183369_16314372284761n.jpg","width":900,"height":601},{"@type":"BreadcrumbList","@id":"https:\/\/diariodepe.com.br\/xinhua\/2021\/09\/13\/comeca-eleicao-da-setima-assembleia-legislativa-de-macau\/#breadcrumb","itemListElement":[{"@type":"ListItem","position":1,"name":"In\u00edcio","item":"https:\/\/diariodepe.com.br\/xinhua\/"},{"@type":"ListItem","position":2,"name":"Come\u00e7a elei\u00e7\u00e3o da s\u00e9tima Assembleia Legislativa de Macau"}]},{"@type":"WebSite","@id":"https:\/\/diariodepe.com.br\/xinhua\/#website","url":"https:\/\/diariodepe.com.br\/xinhua\/","name":"Xinhua - Diario de Pernambuco","description":"A maior ag\u00eancia de not\u00edcias da China e um dos principais canais para conhecer o pa\u00eds","publisher":{"@id":"https:\/\/diariodepe.com.br\/xinhua\/#organization"},"potentialAction":[{"@type":"SearchAction","target":{"@type":"EntryPoint","urlTemplate":"https:\/\/diariodepe.com.br\/xinhua\/?s={search_term_string}"},"query-input":{"@type":"PropertyValueSpecification","valueRequired":true,"valueName":"search_term_string"}}],"inLanguage":"pt-BR"},{"@type":"Organization","@id":"https:\/\/diariodepe.com.br\/xinhua\/#organization","name":"Xinhua - Diario de Pernambuco","url":"https:\/\/diariodepe.com.br\/xinhua\/","logo":{"@type":"ImageObject","inLanguage":"pt-BR","@id":"https:\/\/diariodepe.com.br\/xinhua\/#\/schema\/logo\/image\/","url":"https:\/\/diariodepe.com.br\/xinhua\/wp-content\/uploads\/sites\/3\/2020\/10\/cropped-logo-transparente-2.png","contentUrl":"https:\/\/diariodepe.com.br\/xinhua\/wp-content\/uploads\/sites\/3\/2020\/10\/cropped-logo-transparente-2.png","width":512,"height":164,"caption":"Xinhua - Diario de Pernambuco"},"image":{"@id":"https:\/\/diariodepe.com.br\/xinhua\/#\/schema\/logo\/image\/"}},{"@type":"Person","@id":"https:\/\/diariodepe.com.br\/xinhua\/#\/schema\/person\/0943d6fd02bdc7b49c8f495e8787a2cb","name":"Marcelo Oliveira de A. Maranhao","image":{"@type":"ImageObject","inLanguage":"pt-BR","@id":"https:\/\/secure.gravatar.com\/avatar\/f562caee940d39879c20e90eea3e4b21860c7d4c96684c23141c554824f0059c?s=96&d=mm&r=g","url":"https:\/\/secure.gravatar.com\/avatar\/f562caee940d39879c20e90eea3e4b21860c7d4c96684c23141c554824f0059c?s=96&d=mm&r=g","contentUrl":"https:\/\/secure.gravatar.com\/avatar\/f562caee940d39879c20e90eea3e4b21860c7d4c96684c23141c554824f0059c?s=96&d=mm&r=g","caption":"Marcelo Oliveira de A. Maranhao"},"url":"https:\/\/diariodepe.com.br\/xinhua\/author\/marcelo-maranhao\/"}]}},"cc_featured_image_caption":{"caption_text":"","source_text":"","source_url":""},"amp_enabled":true,"_links":{"self":[{"href":"https:\/\/diariodepe.com.br\/xinhua\/wp-json\/wp\/v2\/posts\/2956","targetHints":{"allow":["GET"]}}],"collection":[{"href":"https:\/\/diariodepe.com.br\/xinhua\/wp-json\/wp\/v2\/posts"}],"about":[{"href":"https:\/\/diariodepe.com.br\/xinhua\/wp-json\/wp\/v2\/types\/post"}],"author":[{"embeddable":true,"href":"https:\/\/diariodepe.com.br\/xinhua\/wp-json\/wp\/v2\/users\/3"}],"replies":[{"embeddable":true,"href":"https:\/\/diariodepe.com.br\/xinhua\/wp-json\/wp\/v2\/comments?post=2956"}],"version-history":[{"count":1,"href":"https:\/\/diariodepe.com.br\/xinhua\/wp-json\/wp\/v2\/posts\/2956\/revisions"}],"predecessor-version":[{"id":2958,"href":"https:\/\/diariodepe.com.br\/xinhua\/wp-json\/wp\/v2\/posts\/2956\/revisions\/2958"}],"wp:featuredmedia":[{"embeddable":true,"href":"https:\/\/diariodepe.com.br\/xinhua\/wp-json\/wp\/v2\/media\/2957"}],"wp:attachment":[{"href":"https:\/\/diariodepe.com.br\/xinhua\/wp-json\/wp\/v2\/media?parent=2956"}],"wp:term":[{"taxonomy":"category","embeddable":true,"href":"https:\/\/diariodepe.com.br\/xinhua\/wp-json\/wp\/v2\/categories?post=2956"},{"taxonomy":"post_tag","embeddable":true,"href":"https:\/\/diariodepe.com.br\/xinhua\/wp-json\/wp\/v2\/tags?post=2956"}],"curies":[{"name":"wp","href":"https:\/\/api.w.org\/{rel}","templated":true}]}}