{"id":2953,"date":"2021-09-13T10:33:45","date_gmt":"2021-09-13T13:33:45","guid":{"rendered":"http:\/\/www.diariodepe.com.br\/xinhua\/?p=2953"},"modified":"2021-09-13T10:33:48","modified_gmt":"2021-09-13T13:33:48","slug":"china-e-vietna-prometem-fortalecer-unidade-e-impulsionar-cooperacao-para-um-maior-desenvolvimento-de-lacos-bilaterais","status":"publish","type":"post","link":"https:\/\/diariodepe.com.br\/xinhua\/2021\/09\/13\/china-e-vietna-prometem-fortalecer-unidade-e-impulsionar-cooperacao-para-um-maior-desenvolvimento-de-lacos-bilaterais\/","title":{"rendered":"China e Vietn\u00e3 prometem fortalecer unidade e impulsionar coopera\u00e7\u00e3o para um maior desenvolvimento de la\u00e7os bilaterais"},"content":{"rendered":"\n<p>Han\u00f3i &#8211; China e Vietn\u00e3 prometeram neste s\u00e1bado dar as m\u00e3os para fortalecer a unidade e impulsionar a coopera\u00e7\u00e3o para um maior desenvolvimento das rela\u00e7\u00f5es bilaterais.<\/p>\n\n\n\n<p>Durante a reuni\u00e3o com o conselheiro de Estado e ministro das Rela\u00e7\u00f5es Exteriores chin\u00eas, Wang Yi, o secret\u00e1rio-geral do Comit\u00ea Central do Partido Comunista do Vietn\u00e3 (PCV), Nguyen Phu Trong, disse que o Vietn\u00e3 e a China v\u00eam desfrutando de amizade de camarada e fraterna e estabeleceram uma parceria cooperativa estrat\u00e9gica abrangente.<\/p>\n\n\n\n<p>Diante de uma situa\u00e7\u00e3o internacional complexa e em mudan\u00e7a, os dois lados devem se unir para superar as dificuldades para concretizar seus respectivos objetivos de constru\u00e7\u00e3o socialista, ressaltou Trong, observando que ningu\u00e9m pode minar a unidade e a coopera\u00e7\u00e3o entre os dois pa\u00edses.<\/p>\n\n\n\n<p>Os dois lados devem avan\u00e7ar em interc\u00e2mbios e coopera\u00e7\u00e3o diversificados entre os dois partidos, governos e suas regi\u00f5es de forma flex\u00edvel, educar as gera\u00e7\u00f5es mais jovens para promover a sinceridade tradicional entre os dois partidos e os dois pa\u00edses e lutar pelo desenvolvimento duradouro, saud\u00e1vel e est\u00e1vel dos la\u00e7os bilaterais, afirmou Trong.<\/p>\n\n\n\n<p>Por sua vez, Wang observou que as rela\u00e7\u00f5es China-Vietn\u00e3 s\u00e3o de particular import\u00e2ncia estrat\u00e9gica. Os dois lados devem aprofundar a confian\u00e7a pol\u00edtica m\u00fatua, fortalecer a unidade e a coopera\u00e7\u00e3o e consolidar sua seguran\u00e7a pol\u00edtica e de sistema.<\/p>\n\n\n\n<p>Enquanto ambos os lados se apegarem aos seus ideais e cren\u00e7as comuns, bem como \u00e0 orienta\u00e7\u00e3o para o desenvolvimento do socialismo, eles podem superar quaisquer dificuldades e resolver quaisquer problemas que venham a enfrentar, assinalou Wang.<\/p>\n\n\n\n<p>China e Vietn\u00e3 devem fortalecer sua coopera\u00e7\u00e3o geral em todos os campos, de modo a acrescentar novas dimens\u00f5es \u00e0 parceria cooperativa estrat\u00e9gica abrangente entre os dois pa\u00edses, observou Wang.<\/p>\n\n\n\n<p>Tamb\u00e9m no s\u00e1bado, o primeiro-ministro vietnamita, Pham Minh Chinh, manteve conversa\u00e7\u00f5es com Wang, enfatizando que o Vietn\u00e3 tem suas rela\u00e7\u00f5es com a China como prioridade m\u00e1xima em sua pol\u00edtica externa.<\/p>\n\n\n\n<p>O Vietn\u00e3 est\u00e1 disposto a aprender com a experi\u00eancia da China na luta contra a COVID-19, manter o impulso de crescimento da coopera\u00e7\u00e3o comercial e de investimento entre os dois pa\u00edses e fornecer mais conveni\u00eancia para o investimento chin\u00eas no Vietn\u00e3, prometeu Chinh.<\/p>\n\n\n\n<p>Wang enfatizou que a China est\u00e1 disposta a trabalhar duro para fornecer vacinas contra COVID-19 para o Vietn\u00e3 para ajud\u00e1-lo a conter a pandemia e restaurar a normalidade em seu desenvolvimento socioecon\u00f4mico.<\/p>\n\n\n\n<p>Os dois lados tamb\u00e9m devem procurar conjuntamente a coopera\u00e7\u00e3o da comunidade internacional no combate \u00e0 pandemia, trabalhar juntos para resistir aos ataques caluniosos contra pa\u00edses socialistas por for\u00e7as externas e preservar um sistema internacional com as Na\u00e7\u00f5es Unidas em seu n\u00facleo e uma ordem internacional baseada no direito internacional, apontou Wang.<\/p>\n","protected":false},"excerpt":{"rendered":"<p>Han\u00f3i &#8211; China e Vietn\u00e3 prometeram neste s\u00e1bado dar as m\u00e3os para fortalecer a unidade e impulsionar a coopera\u00e7\u00e3o para um maior desenvolvimento das rela\u00e7\u00f5es bilaterais. Durante a reuni\u00e3o com o conselheiro de Estado e ministro das Rela\u00e7\u00f5es Exteriores chin\u00eas,&#8230;<\/p>\n","protected":false},"author":3,"featured_media":2954,"comment_status":"open","ping_status":"open","sticky":false,"template":"","format":"standard","meta":{"footnotes":""},"categories":[4],"tags":[],"class_list":["post-2953","post","type-post","status-publish","format-standard","has-post-thumbnail","hentry","category-internacional"],"yoast_head":"<!-- This site is optimized with the Yoast SEO plugin v27.4 - https:\/\/yoast.com\/product\/yoast-seo-wordpress\/ -->\n<title>China e Vietn\u00e3 prometem fortalecer unidade e impulsionar coopera\u00e7\u00e3o para um maior desenvolvimento de la\u00e7os bilaterais - Xinhua - Diario de Pernambuco<\/title>\n<meta name=\"robots\" content=\"index, follow, max-snippet:-1, max-image-preview:large, max-video-preview:-1\" \/>\n<link rel=\"canonical\" href=\"https:\/\/diariodepe.com.br\/xinhua\/2021\/09\/13\/china-e-vietna-prometem-fortalecer-unidade-e-impulsionar-cooperacao-para-um-maior-desenvolvimento-de-lacos-bilaterais\/\" \/>\n<meta property=\"og:locale\" content=\"pt_BR\" \/>\n<meta property=\"og:type\" content=\"article\" \/>\n<meta property=\"og:title\" content=\"China e Vietn\u00e3 prometem fortalecer unidade e impulsionar coopera\u00e7\u00e3o para um maior desenvolvimento de la\u00e7os bilaterais - Xinhua - Diario de Pernambuco\" \/>\n<meta property=\"og:description\" content=\"Han\u00f3i &#8211; China e Vietn\u00e3 prometeram neste s\u00e1bado dar as m\u00e3os para fortalecer a unidade e impulsionar a coopera\u00e7\u00e3o para um maior desenvolvimento das rela\u00e7\u00f5es bilaterais. Durante a reuni\u00e3o com o conselheiro de Estado e ministro das Rela\u00e7\u00f5es Exteriores chin\u00eas,...\" \/>\n<meta property=\"og:url\" content=\"https:\/\/diariodepe.com.br\/xinhua\/2021\/09\/13\/china-e-vietna-prometem-fortalecer-unidade-e-impulsionar-cooperacao-para-um-maior-desenvolvimento-de-lacos-bilaterais\/\" \/>\n<meta property=\"og:site_name\" content=\"Xinhua - Diario de Pernambuco\" \/>\n<meta property=\"article:published_time\" content=\"2021-09-13T13:33:45+00:00\" \/>\n<meta property=\"article:modified_time\" content=\"2021-09-13T13:33:48+00:00\" \/>\n<meta property=\"og:image\" content=\"https:\/\/diariodepe.com.br\/xinhua\/wp-content\/uploads\/sites\/3\/2021\/09\/1310183357_16314370535031n.jpg\" \/>\n\t<meta property=\"og:image:width\" content=\"900\" \/>\n\t<meta property=\"og:image:height\" content=\"599\" \/>\n\t<meta property=\"og:image:type\" content=\"image\/jpeg\" \/>\n<meta name=\"author\" content=\"Marcelo Oliveira de A. Maranhao\" \/>\n<meta name=\"twitter:card\" content=\"summary_large_image\" \/>\n<meta name=\"twitter:label1\" content=\"Escrito por\" \/>\n\t<meta name=\"twitter:data1\" content=\"Marcelo Oliveira de A. Maranhao\" \/>\n\t<meta name=\"twitter:label2\" content=\"Est. tempo de leitura\" \/>\n\t<meta name=\"twitter:data2\" content=\"2 minutos\" \/>\n<script type=\"application\/ld+json\" class=\"yoast-schema-graph\">{\"@context\":\"https:\\\/\\\/schema.org\",\"@graph\":[{\"@type\":\"Article\",\"@id\":\"https:\\\/\\\/diariodepe.com.br\\\/xinhua\\\/2021\\\/09\\\/13\\\/china-e-vietna-prometem-fortalecer-unidade-e-impulsionar-cooperacao-para-um-maior-desenvolvimento-de-lacos-bilaterais\\\/#article\",\"isPartOf\":{\"@id\":\"https:\\\/\\\/diariodepe.com.br\\\/xinhua\\\/2021\\\/09\\\/13\\\/china-e-vietna-prometem-fortalecer-unidade-e-impulsionar-cooperacao-para-um-maior-desenvolvimento-de-lacos-bilaterais\\\/\"},\"author\":{\"name\":\"Marcelo Oliveira de A. Maranhao\",\"@id\":\"https:\\\/\\\/diariodepe.com.br\\\/xinhua\\\/#\\\/schema\\\/person\\\/0943d6fd02bdc7b49c8f495e8787a2cb\"},\"headline\":\"China e Vietn\u00e3 prometem fortalecer unidade e impulsionar coopera\u00e7\u00e3o para um maior desenvolvimento de la\u00e7os bilaterais\",\"datePublished\":\"2021-09-13T13:33:45+00:00\",\"dateModified\":\"2021-09-13T13:33:48+00:00\",\"mainEntityOfPage\":{\"@id\":\"https:\\\/\\\/diariodepe.com.br\\\/xinhua\\\/2021\\\/09\\\/13\\\/china-e-vietna-prometem-fortalecer-unidade-e-impulsionar-cooperacao-para-um-maior-desenvolvimento-de-lacos-bilaterais\\\/\"},\"wordCount\":508,\"commentCount\":0,\"publisher\":{\"@id\":\"https:\\\/\\\/diariodepe.com.br\\\/xinhua\\\/#organization\"},\"image\":{\"@id\":\"https:\\\/\\\/diariodepe.com.br\\\/xinhua\\\/2021\\\/09\\\/13\\\/china-e-vietna-prometem-fortalecer-unidade-e-impulsionar-cooperacao-para-um-maior-desenvolvimento-de-lacos-bilaterais\\\/#primaryimage\"},\"thumbnailUrl\":\"https:\\\/\\\/diariodepe.com.br\\\/xinhua\\\/wp-content\\\/uploads\\\/sites\\\/3\\\/2021\\\/09\\\/1310183357_16314370535031n.jpg\",\"articleSection\":[\"Internacional\"],\"inLanguage\":\"pt-BR\",\"potentialAction\":[{\"@type\":\"CommentAction\",\"name\":\"Comment\",\"target\":[\"https:\\\/\\\/diariodepe.com.br\\\/xinhua\\\/2021\\\/09\\\/13\\\/china-e-vietna-prometem-fortalecer-unidade-e-impulsionar-cooperacao-para-um-maior-desenvolvimento-de-lacos-bilaterais\\\/#respond\"]}]},{\"@type\":\"WebPage\",\"@id\":\"https:\\\/\\\/diariodepe.com.br\\\/xinhua\\\/2021\\\/09\\\/13\\\/china-e-vietna-prometem-fortalecer-unidade-e-impulsionar-cooperacao-para-um-maior-desenvolvimento-de-lacos-bilaterais\\\/\",\"url\":\"https:\\\/\\\/diariodepe.com.br\\\/xinhua\\\/2021\\\/09\\\/13\\\/china-e-vietna-prometem-fortalecer-unidade-e-impulsionar-cooperacao-para-um-maior-desenvolvimento-de-lacos-bilaterais\\\/\",\"name\":\"China e Vietn\u00e3 prometem fortalecer unidade e impulsionar coopera\u00e7\u00e3o para um maior desenvolvimento de la\u00e7os bilaterais - Xinhua - Diario de Pernambuco\",\"isPartOf\":{\"@id\":\"https:\\\/\\\/diariodepe.com.br\\\/xinhua\\\/#website\"},\"primaryImageOfPage\":{\"@id\":\"https:\\\/\\\/diariodepe.com.br\\\/xinhua\\\/2021\\\/09\\\/13\\\/china-e-vietna-prometem-fortalecer-unidade-e-impulsionar-cooperacao-para-um-maior-desenvolvimento-de-lacos-bilaterais\\\/#primaryimage\"},\"image\":{\"@id\":\"https:\\\/\\\/diariodepe.com.br\\\/xinhua\\\/2021\\\/09\\\/13\\\/china-e-vietna-prometem-fortalecer-unidade-e-impulsionar-cooperacao-para-um-maior-desenvolvimento-de-lacos-bilaterais\\\/#primaryimage\"},\"thumbnailUrl\":\"https:\\\/\\\/diariodepe.com.br\\\/xinhua\\\/wp-content\\\/uploads\\\/sites\\\/3\\\/2021\\\/09\\\/1310183357_16314370535031n.jpg\",\"datePublished\":\"2021-09-13T13:33:45+00:00\",\"dateModified\":\"2021-09-13T13:33:48+00:00\",\"breadcrumb\":{\"@id\":\"https:\\\/\\\/diariodepe.com.br\\\/xinhua\\\/2021\\\/09\\\/13\\\/china-e-vietna-prometem-fortalecer-unidade-e-impulsionar-cooperacao-para-um-maior-desenvolvimento-de-lacos-bilaterais\\\/#breadcrumb\"},\"inLanguage\":\"pt-BR\",\"potentialAction\":[{\"@type\":\"ReadAction\",\"target\":[\"https:\\\/\\\/diariodepe.com.br\\\/xinhua\\\/2021\\\/09\\\/13\\\/china-e-vietna-prometem-fortalecer-unidade-e-impulsionar-cooperacao-para-um-maior-desenvolvimento-de-lacos-bilaterais\\\/\"]}]},{\"@type\":\"ImageObject\",\"inLanguage\":\"pt-BR\",\"@id\":\"https:\\\/\\\/diariodepe.com.br\\\/xinhua\\\/2021\\\/09\\\/13\\\/china-e-vietna-prometem-fortalecer-unidade-e-impulsionar-cooperacao-para-um-maior-desenvolvimento-de-lacos-bilaterais\\\/#primaryimage\",\"url\":\"https:\\\/\\\/diariodepe.com.br\\\/xinhua\\\/wp-content\\\/uploads\\\/sites\\\/3\\\/2021\\\/09\\\/1310183357_16314370535031n.jpg\",\"contentUrl\":\"https:\\\/\\\/diariodepe.com.br\\\/xinhua\\\/wp-content\\\/uploads\\\/sites\\\/3\\\/2021\\\/09\\\/1310183357_16314370535031n.jpg\",\"width\":900,\"height\":599,\"caption\":\"O secret\u00e1rio-geral do Comit\u00ea Central do Partido Comunista do Vietn\u00e3, Nguyen Phu Trong (D), se re\u00fane com o conselheiro de Estado e ministro das Rela\u00e7\u00f5es Exteriores chin\u00eas Wang Yi em Han\u00f3i, Vietn\u00e3, em 11 de setembro de 2021. (Xinhua\\\/Jiang Shengxiong)\"},{\"@type\":\"BreadcrumbList\",\"@id\":\"https:\\\/\\\/diariodepe.com.br\\\/xinhua\\\/2021\\\/09\\\/13\\\/china-e-vietna-prometem-fortalecer-unidade-e-impulsionar-cooperacao-para-um-maior-desenvolvimento-de-lacos-bilaterais\\\/#breadcrumb\",\"itemListElement\":[{\"@type\":\"ListItem\",\"position\":1,\"name\":\"In\u00edcio\",\"item\":\"https:\\\/\\\/diariodepe.com.br\\\/xinhua\\\/\"},{\"@type\":\"ListItem\",\"position\":2,\"name\":\"China e Vietn\u00e3 prometem fortalecer unidade e impulsionar coopera\u00e7\u00e3o para um maior desenvolvimento de la\u00e7os bilaterais\"}]},{\"@type\":\"WebSite\",\"@id\":\"https:\\\/\\\/diariodepe.com.br\\\/xinhua\\\/#website\",\"url\":\"https:\\\/\\\/diariodepe.com.br\\\/xinhua\\\/\",\"name\":\"Xinhua - Diario de Pernambuco\",\"description\":\"A maior ag\u00eancia de not\u00edcias da China e um dos principais canais para conhecer o pa\u00eds\",\"publisher\":{\"@id\":\"https:\\\/\\\/diariodepe.com.br\\\/xinhua\\\/#organization\"},\"potentialAction\":[{\"@type\":\"SearchAction\",\"target\":{\"@type\":\"EntryPoint\",\"urlTemplate\":\"https:\\\/\\\/diariodepe.com.br\\\/xinhua\\\/?s={search_term_string}\"},\"query-input\":{\"@type\":\"PropertyValueSpecification\",\"valueRequired\":true,\"valueName\":\"search_term_string\"}}],\"inLanguage\":\"pt-BR\"},{\"@type\":\"Organization\",\"@id\":\"https:\\\/\\\/diariodepe.com.br\\\/xinhua\\\/#organization\",\"name\":\"Xinhua - Diario de Pernambuco\",\"url\":\"https:\\\/\\\/diariodepe.com.br\\\/xinhua\\\/\",\"logo\":{\"@type\":\"ImageObject\",\"inLanguage\":\"pt-BR\",\"@id\":\"https:\\\/\\\/diariodepe.com.br\\\/xinhua\\\/#\\\/schema\\\/logo\\\/image\\\/\",\"url\":\"https:\\\/\\\/diariodepe.com.br\\\/xinhua\\\/wp-content\\\/uploads\\\/sites\\\/3\\\/2020\\\/10\\\/cropped-logo-transparente-2.png\",\"contentUrl\":\"https:\\\/\\\/diariodepe.com.br\\\/xinhua\\\/wp-content\\\/uploads\\\/sites\\\/3\\\/2020\\\/10\\\/cropped-logo-transparente-2.png\",\"width\":512,\"height\":164,\"caption\":\"Xinhua - Diario de Pernambuco\"},\"image\":{\"@id\":\"https:\\\/\\\/diariodepe.com.br\\\/xinhua\\\/#\\\/schema\\\/logo\\\/image\\\/\"}},{\"@type\":\"Person\",\"@id\":\"https:\\\/\\\/diariodepe.com.br\\\/xinhua\\\/#\\\/schema\\\/person\\\/0943d6fd02bdc7b49c8f495e8787a2cb\",\"name\":\"Marcelo Oliveira de A. Maranhao\",\"image\":{\"@type\":\"ImageObject\",\"inLanguage\":\"pt-BR\",\"@id\":\"https:\\\/\\\/secure.gravatar.com\\\/avatar\\\/f562caee940d39879c20e90eea3e4b21860c7d4c96684c23141c554824f0059c?s=96&d=mm&r=g\",\"url\":\"https:\\\/\\\/secure.gravatar.com\\\/avatar\\\/f562caee940d39879c20e90eea3e4b21860c7d4c96684c23141c554824f0059c?s=96&d=mm&r=g\",\"contentUrl\":\"https:\\\/\\\/secure.gravatar.com\\\/avatar\\\/f562caee940d39879c20e90eea3e4b21860c7d4c96684c23141c554824f0059c?s=96&d=mm&r=g\",\"caption\":\"Marcelo Oliveira de A. Maranhao\"},\"url\":\"https:\\\/\\\/diariodepe.com.br\\\/xinhua\\\/author\\\/marcelo-maranhao\\\/\"}]}<\/script>\n<!-- \/ Yoast SEO plugin. -->","yoast_head_json":{"title":"China e Vietn\u00e3 prometem fortalecer unidade e impulsionar coopera\u00e7\u00e3o para um maior desenvolvimento de la\u00e7os bilaterais - Xinhua - Diario de Pernambuco","robots":{"index":"index","follow":"follow","max-snippet":"max-snippet:-1","max-image-preview":"max-image-preview:large","max-video-preview":"max-video-preview:-1"},"canonical":"https:\/\/diariodepe.com.br\/xinhua\/2021\/09\/13\/china-e-vietna-prometem-fortalecer-unidade-e-impulsionar-cooperacao-para-um-maior-desenvolvimento-de-lacos-bilaterais\/","og_locale":"pt_BR","og_type":"article","og_title":"China e Vietn\u00e3 prometem fortalecer unidade e impulsionar coopera\u00e7\u00e3o para um maior desenvolvimento de la\u00e7os bilaterais - Xinhua - Diario de Pernambuco","og_description":"Han\u00f3i &#8211; China e Vietn\u00e3 prometeram neste s\u00e1bado dar as m\u00e3os para fortalecer a unidade e impulsionar a coopera\u00e7\u00e3o para um maior desenvolvimento das rela\u00e7\u00f5es bilaterais. Durante a reuni\u00e3o com o conselheiro de Estado e ministro das Rela\u00e7\u00f5es Exteriores chin\u00eas,...","og_url":"https:\/\/diariodepe.com.br\/xinhua\/2021\/09\/13\/china-e-vietna-prometem-fortalecer-unidade-e-impulsionar-cooperacao-para-um-maior-desenvolvimento-de-lacos-bilaterais\/","og_site_name":"Xinhua - Diario de Pernambuco","article_published_time":"2021-09-13T13:33:45+00:00","article_modified_time":"2021-09-13T13:33:48+00:00","og_image":[{"width":900,"height":599,"url":"https:\/\/diariodepe.com.br\/xinhua\/wp-content\/uploads\/sites\/3\/2021\/09\/1310183357_16314370535031n.jpg","type":"image\/jpeg"}],"author":"Marcelo Oliveira de A. Maranhao","twitter_card":"summary_large_image","twitter_misc":{"Escrito por":"Marcelo Oliveira de A. Maranhao","Est. tempo de leitura":"2 minutos"},"schema":{"@context":"https:\/\/schema.org","@graph":[{"@type":"Article","@id":"https:\/\/diariodepe.com.br\/xinhua\/2021\/09\/13\/china-e-vietna-prometem-fortalecer-unidade-e-impulsionar-cooperacao-para-um-maior-desenvolvimento-de-lacos-bilaterais\/#article","isPartOf":{"@id":"https:\/\/diariodepe.com.br\/xinhua\/2021\/09\/13\/china-e-vietna-prometem-fortalecer-unidade-e-impulsionar-cooperacao-para-um-maior-desenvolvimento-de-lacos-bilaterais\/"},"author":{"name":"Marcelo Oliveira de A. Maranhao","@id":"https:\/\/diariodepe.com.br\/xinhua\/#\/schema\/person\/0943d6fd02bdc7b49c8f495e8787a2cb"},"headline":"China e Vietn\u00e3 prometem fortalecer unidade e impulsionar coopera\u00e7\u00e3o para um maior desenvolvimento de la\u00e7os bilaterais","datePublished":"2021-09-13T13:33:45+00:00","dateModified":"2021-09-13T13:33:48+00:00","mainEntityOfPage":{"@id":"https:\/\/diariodepe.com.br\/xinhua\/2021\/09\/13\/china-e-vietna-prometem-fortalecer-unidade-e-impulsionar-cooperacao-para-um-maior-desenvolvimento-de-lacos-bilaterais\/"},"wordCount":508,"commentCount":0,"publisher":{"@id":"https:\/\/diariodepe.com.br\/xinhua\/#organization"},"image":{"@id":"https:\/\/diariodepe.com.br\/xinhua\/2021\/09\/13\/china-e-vietna-prometem-fortalecer-unidade-e-impulsionar-cooperacao-para-um-maior-desenvolvimento-de-lacos-bilaterais\/#primaryimage"},"thumbnailUrl":"https:\/\/diariodepe.com.br\/xinhua\/wp-content\/uploads\/sites\/3\/2021\/09\/1310183357_16314370535031n.jpg","articleSection":["Internacional"],"inLanguage":"pt-BR","potentialAction":[{"@type":"CommentAction","name":"Comment","target":["https:\/\/diariodepe.com.br\/xinhua\/2021\/09\/13\/china-e-vietna-prometem-fortalecer-unidade-e-impulsionar-cooperacao-para-um-maior-desenvolvimento-de-lacos-bilaterais\/#respond"]}]},{"@type":"WebPage","@id":"https:\/\/diariodepe.com.br\/xinhua\/2021\/09\/13\/china-e-vietna-prometem-fortalecer-unidade-e-impulsionar-cooperacao-para-um-maior-desenvolvimento-de-lacos-bilaterais\/","url":"https:\/\/diariodepe.com.br\/xinhua\/2021\/09\/13\/china-e-vietna-prometem-fortalecer-unidade-e-impulsionar-cooperacao-para-um-maior-desenvolvimento-de-lacos-bilaterais\/","name":"China e Vietn\u00e3 prometem fortalecer unidade e impulsionar coopera\u00e7\u00e3o para um maior desenvolvimento de la\u00e7os bilaterais - Xinhua - Diario de Pernambuco","isPartOf":{"@id":"https:\/\/diariodepe.com.br\/xinhua\/#website"},"primaryImageOfPage":{"@id":"https:\/\/diariodepe.com.br\/xinhua\/2021\/09\/13\/china-e-vietna-prometem-fortalecer-unidade-e-impulsionar-cooperacao-para-um-maior-desenvolvimento-de-lacos-bilaterais\/#primaryimage"},"image":{"@id":"https:\/\/diariodepe.com.br\/xinhua\/2021\/09\/13\/china-e-vietna-prometem-fortalecer-unidade-e-impulsionar-cooperacao-para-um-maior-desenvolvimento-de-lacos-bilaterais\/#primaryimage"},"thumbnailUrl":"https:\/\/diariodepe.com.br\/xinhua\/wp-content\/uploads\/sites\/3\/2021\/09\/1310183357_16314370535031n.jpg","datePublished":"2021-09-13T13:33:45+00:00","dateModified":"2021-09-13T13:33:48+00:00","breadcrumb":{"@id":"https:\/\/diariodepe.com.br\/xinhua\/2021\/09\/13\/china-e-vietna-prometem-fortalecer-unidade-e-impulsionar-cooperacao-para-um-maior-desenvolvimento-de-lacos-bilaterais\/#breadcrumb"},"inLanguage":"pt-BR","potentialAction":[{"@type":"ReadAction","target":["https:\/\/diariodepe.com.br\/xinhua\/2021\/09\/13\/china-e-vietna-prometem-fortalecer-unidade-e-impulsionar-cooperacao-para-um-maior-desenvolvimento-de-lacos-bilaterais\/"]}]},{"@type":"ImageObject","inLanguage":"pt-BR","@id":"https:\/\/diariodepe.com.br\/xinhua\/2021\/09\/13\/china-e-vietna-prometem-fortalecer-unidade-e-impulsionar-cooperacao-para-um-maior-desenvolvimento-de-lacos-bilaterais\/#primaryimage","url":"https:\/\/diariodepe.com.br\/xinhua\/wp-content\/uploads\/sites\/3\/2021\/09\/1310183357_16314370535031n.jpg","contentUrl":"https:\/\/diariodepe.com.br\/xinhua\/wp-content\/uploads\/sites\/3\/2021\/09\/1310183357_16314370535031n.jpg","width":900,"height":599,"caption":"O secret\u00e1rio-geral do Comit\u00ea Central do Partido Comunista do Vietn\u00e3, Nguyen Phu Trong (D), se re\u00fane com o conselheiro de Estado e ministro das Rela\u00e7\u00f5es Exteriores chin\u00eas Wang Yi em Han\u00f3i, Vietn\u00e3, em 11 de setembro de 2021. (Xinhua\/Jiang Shengxiong)"},{"@type":"BreadcrumbList","@id":"https:\/\/diariodepe.com.br\/xinhua\/2021\/09\/13\/china-e-vietna-prometem-fortalecer-unidade-e-impulsionar-cooperacao-para-um-maior-desenvolvimento-de-lacos-bilaterais\/#breadcrumb","itemListElement":[{"@type":"ListItem","position":1,"name":"In\u00edcio","item":"https:\/\/diariodepe.com.br\/xinhua\/"},{"@type":"ListItem","position":2,"name":"China e Vietn\u00e3 prometem fortalecer unidade e impulsionar coopera\u00e7\u00e3o para um maior desenvolvimento de la\u00e7os bilaterais"}]},{"@type":"WebSite","@id":"https:\/\/diariodepe.com.br\/xinhua\/#website","url":"https:\/\/diariodepe.com.br\/xinhua\/","name":"Xinhua - Diario de Pernambuco","description":"A maior ag\u00eancia de not\u00edcias da China e um dos principais canais para conhecer o pa\u00eds","publisher":{"@id":"https:\/\/diariodepe.com.br\/xinhua\/#organization"},"potentialAction":[{"@type":"SearchAction","target":{"@type":"EntryPoint","urlTemplate":"https:\/\/diariodepe.com.br\/xinhua\/?s={search_term_string}"},"query-input":{"@type":"PropertyValueSpecification","valueRequired":true,"valueName":"search_term_string"}}],"inLanguage":"pt-BR"},{"@type":"Organization","@id":"https:\/\/diariodepe.com.br\/xinhua\/#organization","name":"Xinhua - Diario de Pernambuco","url":"https:\/\/diariodepe.com.br\/xinhua\/","logo":{"@type":"ImageObject","inLanguage":"pt-BR","@id":"https:\/\/diariodepe.com.br\/xinhua\/#\/schema\/logo\/image\/","url":"https:\/\/diariodepe.com.br\/xinhua\/wp-content\/uploads\/sites\/3\/2020\/10\/cropped-logo-transparente-2.png","contentUrl":"https:\/\/diariodepe.com.br\/xinhua\/wp-content\/uploads\/sites\/3\/2020\/10\/cropped-logo-transparente-2.png","width":512,"height":164,"caption":"Xinhua - Diario de Pernambuco"},"image":{"@id":"https:\/\/diariodepe.com.br\/xinhua\/#\/schema\/logo\/image\/"}},{"@type":"Person","@id":"https:\/\/diariodepe.com.br\/xinhua\/#\/schema\/person\/0943d6fd02bdc7b49c8f495e8787a2cb","name":"Marcelo Oliveira de A. Maranhao","image":{"@type":"ImageObject","inLanguage":"pt-BR","@id":"https:\/\/secure.gravatar.com\/avatar\/f562caee940d39879c20e90eea3e4b21860c7d4c96684c23141c554824f0059c?s=96&d=mm&r=g","url":"https:\/\/secure.gravatar.com\/avatar\/f562caee940d39879c20e90eea3e4b21860c7d4c96684c23141c554824f0059c?s=96&d=mm&r=g","contentUrl":"https:\/\/secure.gravatar.com\/avatar\/f562caee940d39879c20e90eea3e4b21860c7d4c96684c23141c554824f0059c?s=96&d=mm&r=g","caption":"Marcelo Oliveira de A. Maranhao"},"url":"https:\/\/diariodepe.com.br\/xinhua\/author\/marcelo-maranhao\/"}]}},"cc_featured_image_caption":{"caption_text":"","source_text":"","source_url":""},"amp_enabled":true,"_links":{"self":[{"href":"https:\/\/diariodepe.com.br\/xinhua\/wp-json\/wp\/v2\/posts\/2953","targetHints":{"allow":["GET"]}}],"collection":[{"href":"https:\/\/diariodepe.com.br\/xinhua\/wp-json\/wp\/v2\/posts"}],"about":[{"href":"https:\/\/diariodepe.com.br\/xinhua\/wp-json\/wp\/v2\/types\/post"}],"author":[{"embeddable":true,"href":"https:\/\/diariodepe.com.br\/xinhua\/wp-json\/wp\/v2\/users\/3"}],"replies":[{"embeddable":true,"href":"https:\/\/diariodepe.com.br\/xinhua\/wp-json\/wp\/v2\/comments?post=2953"}],"version-history":[{"count":1,"href":"https:\/\/diariodepe.com.br\/xinhua\/wp-json\/wp\/v2\/posts\/2953\/revisions"}],"predecessor-version":[{"id":2955,"href":"https:\/\/diariodepe.com.br\/xinhua\/wp-json\/wp\/v2\/posts\/2953\/revisions\/2955"}],"wp:featuredmedia":[{"embeddable":true,"href":"https:\/\/diariodepe.com.br\/xinhua\/wp-json\/wp\/v2\/media\/2954"}],"wp:attachment":[{"href":"https:\/\/diariodepe.com.br\/xinhua\/wp-json\/wp\/v2\/media?parent=2953"}],"wp:term":[{"taxonomy":"category","embeddable":true,"href":"https:\/\/diariodepe.com.br\/xinhua\/wp-json\/wp\/v2\/categories?post=2953"},{"taxonomy":"post_tag","embeddable":true,"href":"https:\/\/diariodepe.com.br\/xinhua\/wp-json\/wp\/v2\/tags?post=2953"}],"curies":[{"name":"wp","href":"https:\/\/api.w.org\/{rel}","templated":true}]}}