{"id":29361,"date":"2025-11-13T15:52:07","date_gmt":"2025-11-13T18:52:07","guid":{"rendered":"https:\/\/diariodepe.com.br\/xinhua\/?p=29361"},"modified":"2025-11-13T11:11:35","modified_gmt":"2025-11-13T14:11:35","slug":"primeiro-ministro-da-china-li-qiang-reune-se-com-rei-felipe-vi-da-espanha","status":"publish","type":"post","link":"https:\/\/diariodepe.com.br\/xinhua\/2025\/11\/13\/primeiro-ministro-da-china-li-qiang-reune-se-com-rei-felipe-vi-da-espanha\/","title":{"rendered":"Primeiro-ministro da China Li Qiang re\u00fane-se com rei Felipe VI da Espanha"},"content":{"rendered":"<p>Beijing &#8211; A China e a Espanha podem fortalecer o alinhamento das suas estrat\u00e9gias de desenvolvimento, aproveitar ao m\u00e1ximo a sua complementaridade econ\u00f4mica e fomentar novos motores de crescimento, a fim de buscar o desenvolvimento e a prosperidade compartilhados, afirmou o primeiro-ministro da China, Li Qiang, nesta quarta-feira.<\/p>\n<p>Como a economia mundial est\u00e1 passando por uma recupera\u00e7\u00e3o lenta e o com\u00e9rcio e os investimentos globais est\u00e3o perdendo for\u00e7a, a China est\u00e1 disposta a trabalhar com a Espanha para continuar explorando o potencial do com\u00e9rcio bilateral, expandir de forma constante o volume comercial e otimizar a estrutura comercial, disse Li ao se reunir com o rei Felipe VI da Espanha, que est\u00e1 em visita de Estado \u00e0 China.<\/p>\n<p>&#8220;A China apoia que mais empresas competentes invistam na Espanha, expandam a coopera\u00e7\u00e3o da cadeia industrial e de suprimentos em \u00e1reas como energia fotovoltaica, hidrog\u00eanio verde e baterias de energia, e explorem a coopera\u00e7\u00e3o em ind\u00fastrias do futuro, como intelig\u00eancia artificial&#8221;, observou Li.<\/p>\n<p>Ele expressou a esperan\u00e7a de que a Espanha crie um ambiente de mercado justo e previs\u00edvel para as empresas chinesas. Os dois lados tamb\u00e9m podem explorar conjuntamente mercados terceiros, aprofundar os interc\u00e2mbios e a coopera\u00e7\u00e3o interpessoais e culturais e impulsionar a ind\u00fastria do turismo, disse ele.<\/p>\n<p>Observando que tanto a China como a Espanha s\u00e3o apoiadoras e benefici\u00e1rias da globaliza\u00e7\u00e3o econ\u00f4mica e do com\u00e9rcio livre, Li instou as duas partes a refor\u00e7arem a coordena\u00e7\u00e3o e a coopera\u00e7\u00e3o para salvaguardarem conjuntamente a ordem econ\u00f4mica e comercial global e defenderem a equidade e a justi\u00e7a internacionais.<\/p>\n<p>Espera-se que a Espanha continue a desempenhar um papel positivo na facilita\u00e7\u00e3o da coopera\u00e7\u00e3o entre a China e a Uni\u00e3o Europeia (UE), acrescentou Li.<\/p>\n<p>Ele disse que, desde o estabelecimento das rela\u00e7\u00f5es diplom\u00e1ticas, a China e a Espanha sempre se respeitaram como iguais, com os la\u00e7os bilaterais se desenvolvendo de maneira saud\u00e1vel e constante e conquistas frut\u00edferas sendo alcan\u00e7adas na coopera\u00e7\u00e3o em v\u00e1rios campos.<\/p>\n<p>Observando que o presidente Xi Jinping e o rei Felipe VI realizaram trocas de pontos de vista aprofundadas sobre quest\u00f5es estrat\u00e9gicas importantes na manh\u00e3 da quarta-feira, Li disse que os dois pa\u00edses devem levar adiante a amizade tradicional, apoiar-se firmemente em termos de interesses centrais e preocupa\u00e7\u00f5es principais, consolidar a confian\u00e7a pol\u00edtica m\u00fatua, aprofundar a coopera\u00e7\u00e3o mutuamente ben\u00e9fica e melhorar continuamente o bem-estar dos dois povos.<\/p>\n<p>O rei Felipe VI disse que as rela\u00e7\u00f5es entre os dois pa\u00edses mantiveram um forte impulso de desenvolvimento desde a bem-sucedida visita de Estado do presidente Xi \u00e0 Espanha em 2018, acrescentando que a Espanha adere firmemente \u00e0 pol\u00edtica de Uma S\u00f3 China e est\u00e1 disposta a continuar a ser um parceiro confi\u00e1vel da China.<\/p>\n<p>Observando que este ano marca o 20\u00ba anivers\u00e1rio da parceria estrat\u00e9gica abrangente entre os dois pa\u00edses, o rei Felipe VI disse que a Espanha est\u00e1 disposta a manter interc\u00e2mbios estreitos de alto n\u00edvel com a China, fortalecer o alinhamento das estrat\u00e9gias de desenvolvimento, expandir a coopera\u00e7\u00e3o mutuamente ben\u00e9fica em \u00e1reas como com\u00e9rcio, investimento, ci\u00eancia e tecnologia e energia verde, e promover interc\u00e2mbios culturais e interpessoais em turismo, cultura, educa\u00e7\u00e3o, idiomas e outras \u00e1reas.<\/p>\n<p>A Espanha aprecia muito as quatro iniciativas globais propostas pelo presidente Xi e est\u00e1 disposta a manter uma estreita coordena\u00e7\u00e3o multilateral com a China para apoiar o multilateralismo e o papel das Na\u00e7\u00f5es Unidas, disse ele, enfatizando que a Espanha desempenhar\u00e1 um papel positivo na promo\u00e7\u00e3o do desenvolvimento est\u00e1vel das rela\u00e7\u00f5es entre a UE e a China.<\/p>\n","protected":false},"excerpt":{"rendered":"<p>Beijing &#8211; A China e a Espanha podem fortalecer o alinhamento das suas estrat\u00e9gias de desenvolvimento, aproveitar ao m\u00e1ximo a sua complementaridade econ\u00f4mica e fomentar novos motores de crescimento, a fim de buscar o desenvolvimento e a prosperidade compartilhados, afirmou&#8230;<\/p>\n","protected":false},"author":7,"featured_media":29362,"comment_status":"open","ping_status":"open","sticky":false,"template":"","format":"standard","meta":{"footnotes":""},"categories":[4],"tags":[],"class_list":["post-29361","post","type-post","status-publish","format-standard","has-post-thumbnail","hentry","category-internacional"],"yoast_head":"<!-- This site is optimized with the Yoast SEO plugin v27.4 - https:\/\/yoast.com\/product\/yoast-seo-wordpress\/ -->\n<title>Primeiro-ministro da China Li Qiang re\u00fane-se com rei Felipe VI da Espanha - Xinhua - Diario de Pernambuco<\/title>\n<meta name=\"robots\" content=\"index, follow, max-snippet:-1, max-image-preview:large, max-video-preview:-1\" \/>\n<link rel=\"canonical\" href=\"https:\/\/diariodepe.com.br\/xinhua\/2025\/11\/13\/primeiro-ministro-da-china-li-qiang-reune-se-com-rei-felipe-vi-da-espanha\/\" \/>\n<meta property=\"og:locale\" content=\"pt_BR\" \/>\n<meta property=\"og:type\" content=\"article\" \/>\n<meta property=\"og:title\" content=\"Primeiro-ministro da China Li Qiang re\u00fane-se com rei Felipe VI da Espanha - Xinhua - Diario de Pernambuco\" \/>\n<meta property=\"og:description\" content=\"Beijing &#8211; A China e a Espanha podem fortalecer o alinhamento das suas estrat\u00e9gias de desenvolvimento, aproveitar ao m\u00e1ximo a sua complementaridade econ\u00f4mica e fomentar novos motores de crescimento, a fim de buscar o desenvolvimento e a prosperidade compartilhados, afirmou...\" \/>\n<meta property=\"og:url\" content=\"https:\/\/diariodepe.com.br\/xinhua\/2025\/11\/13\/primeiro-ministro-da-china-li-qiang-reune-se-com-rei-felipe-vi-da-espanha\/\" \/>\n<meta property=\"og:site_name\" content=\"Xinhua - Diario de Pernambuco\" \/>\n<meta property=\"article:published_time\" content=\"2025-11-13T18:52:07+00:00\" \/>\n<meta property=\"og:image\" content=\"https:\/\/diariodepe.com.br\/xinhua\/wp-content\/uploads\/sites\/3\/2025\/11\/THzHdWdzrzOyOnwR.jpeg\" \/>\n\t<meta property=\"og:image:width\" content=\"995\" \/>\n\t<meta property=\"og:image:height\" content=\"579\" \/>\n\t<meta property=\"og:image:type\" content=\"image\/jpeg\" \/>\n<meta name=\"author\" content=\"Ag\u00eancia Xinhua\" \/>\n<meta name=\"twitter:card\" content=\"summary_large_image\" \/>\n<meta name=\"twitter:label1\" content=\"Escrito por\" \/>\n\t<meta name=\"twitter:data1\" content=\"Ag\u00eancia Xinhua\" \/>\n\t<meta name=\"twitter:label2\" content=\"Est. tempo de leitura\" \/>\n\t<meta name=\"twitter:data2\" content=\"4 minutos\" \/>\n<script type=\"application\/ld+json\" class=\"yoast-schema-graph\">{\"@context\":\"https:\\\/\\\/schema.org\",\"@graph\":[{\"@type\":\"Article\",\"@id\":\"https:\\\/\\\/diariodepe.com.br\\\/xinhua\\\/2025\\\/11\\\/13\\\/primeiro-ministro-da-china-li-qiang-reune-se-com-rei-felipe-vi-da-espanha\\\/#article\",\"isPartOf\":{\"@id\":\"https:\\\/\\\/diariodepe.com.br\\\/xinhua\\\/2025\\\/11\\\/13\\\/primeiro-ministro-da-china-li-qiang-reune-se-com-rei-felipe-vi-da-espanha\\\/\"},\"author\":{\"name\":\"Ag\u00eancia Xinhua\",\"@id\":\"https:\\\/\\\/diariodepe.com.br\\\/xinhua\\\/#\\\/schema\\\/person\\\/fee9050ea7ed36c8dee0b3d997f13743\"},\"headline\":\"Primeiro-ministro da China Li Qiang re\u00fane-se com rei Felipe VI da Espanha\",\"datePublished\":\"2025-11-13T18:52:07+00:00\",\"mainEntityOfPage\":{\"@id\":\"https:\\\/\\\/diariodepe.com.br\\\/xinhua\\\/2025\\\/11\\\/13\\\/primeiro-ministro-da-china-li-qiang-reune-se-com-rei-felipe-vi-da-espanha\\\/\"},\"wordCount\":647,\"commentCount\":0,\"publisher\":{\"@id\":\"https:\\\/\\\/diariodepe.com.br\\\/xinhua\\\/#organization\"},\"image\":{\"@id\":\"https:\\\/\\\/diariodepe.com.br\\\/xinhua\\\/2025\\\/11\\\/13\\\/primeiro-ministro-da-china-li-qiang-reune-se-com-rei-felipe-vi-da-espanha\\\/#primaryimage\"},\"thumbnailUrl\":\"https:\\\/\\\/diariodepe.com.br\\\/xinhua\\\/wp-content\\\/uploads\\\/sites\\\/3\\\/2025\\\/11\\\/THzHdWdzrzOyOnwR.jpeg\",\"articleSection\":[\"Internacional\"],\"inLanguage\":\"pt-BR\",\"potentialAction\":[{\"@type\":\"CommentAction\",\"name\":\"Comment\",\"target\":[\"https:\\\/\\\/diariodepe.com.br\\\/xinhua\\\/2025\\\/11\\\/13\\\/primeiro-ministro-da-china-li-qiang-reune-se-com-rei-felipe-vi-da-espanha\\\/#respond\"]}]},{\"@type\":\"WebPage\",\"@id\":\"https:\\\/\\\/diariodepe.com.br\\\/xinhua\\\/2025\\\/11\\\/13\\\/primeiro-ministro-da-china-li-qiang-reune-se-com-rei-felipe-vi-da-espanha\\\/\",\"url\":\"https:\\\/\\\/diariodepe.com.br\\\/xinhua\\\/2025\\\/11\\\/13\\\/primeiro-ministro-da-china-li-qiang-reune-se-com-rei-felipe-vi-da-espanha\\\/\",\"name\":\"Primeiro-ministro da China Li Qiang re\u00fane-se com rei Felipe VI da Espanha - Xinhua - Diario de Pernambuco\",\"isPartOf\":{\"@id\":\"https:\\\/\\\/diariodepe.com.br\\\/xinhua\\\/#website\"},\"primaryImageOfPage\":{\"@id\":\"https:\\\/\\\/diariodepe.com.br\\\/xinhua\\\/2025\\\/11\\\/13\\\/primeiro-ministro-da-china-li-qiang-reune-se-com-rei-felipe-vi-da-espanha\\\/#primaryimage\"},\"image\":{\"@id\":\"https:\\\/\\\/diariodepe.com.br\\\/xinhua\\\/2025\\\/11\\\/13\\\/primeiro-ministro-da-china-li-qiang-reune-se-com-rei-felipe-vi-da-espanha\\\/#primaryimage\"},\"thumbnailUrl\":\"https:\\\/\\\/diariodepe.com.br\\\/xinhua\\\/wp-content\\\/uploads\\\/sites\\\/3\\\/2025\\\/11\\\/THzHdWdzrzOyOnwR.jpeg\",\"datePublished\":\"2025-11-13T18:52:07+00:00\",\"breadcrumb\":{\"@id\":\"https:\\\/\\\/diariodepe.com.br\\\/xinhua\\\/2025\\\/11\\\/13\\\/primeiro-ministro-da-china-li-qiang-reune-se-com-rei-felipe-vi-da-espanha\\\/#breadcrumb\"},\"inLanguage\":\"pt-BR\",\"potentialAction\":[{\"@type\":\"ReadAction\",\"target\":[\"https:\\\/\\\/diariodepe.com.br\\\/xinhua\\\/2025\\\/11\\\/13\\\/primeiro-ministro-da-china-li-qiang-reune-se-com-rei-felipe-vi-da-espanha\\\/\"]}]},{\"@type\":\"ImageObject\",\"inLanguage\":\"pt-BR\",\"@id\":\"https:\\\/\\\/diariodepe.com.br\\\/xinhua\\\/2025\\\/11\\\/13\\\/primeiro-ministro-da-china-li-qiang-reune-se-com-rei-felipe-vi-da-espanha\\\/#primaryimage\",\"url\":\"https:\\\/\\\/diariodepe.com.br\\\/xinhua\\\/wp-content\\\/uploads\\\/sites\\\/3\\\/2025\\\/11\\\/THzHdWdzrzOyOnwR.jpeg\",\"contentUrl\":\"https:\\\/\\\/diariodepe.com.br\\\/xinhua\\\/wp-content\\\/uploads\\\/sites\\\/3\\\/2025\\\/11\\\/THzHdWdzrzOyOnwR.jpeg\",\"width\":995,\"height\":579},{\"@type\":\"BreadcrumbList\",\"@id\":\"https:\\\/\\\/diariodepe.com.br\\\/xinhua\\\/2025\\\/11\\\/13\\\/primeiro-ministro-da-china-li-qiang-reune-se-com-rei-felipe-vi-da-espanha\\\/#breadcrumb\",\"itemListElement\":[{\"@type\":\"ListItem\",\"position\":1,\"name\":\"In\u00edcio\",\"item\":\"https:\\\/\\\/diariodepe.com.br\\\/xinhua\\\/\"},{\"@type\":\"ListItem\",\"position\":2,\"name\":\"Primeiro-ministro da China Li Qiang re\u00fane-se com rei Felipe VI da Espanha\"}]},{\"@type\":\"WebSite\",\"@id\":\"https:\\\/\\\/diariodepe.com.br\\\/xinhua\\\/#website\",\"url\":\"https:\\\/\\\/diariodepe.com.br\\\/xinhua\\\/\",\"name\":\"Xinhua - Diario de Pernambuco\",\"description\":\"A maior ag\u00eancia de not\u00edcias da China e um dos principais canais para conhecer o pa\u00eds\",\"publisher\":{\"@id\":\"https:\\\/\\\/diariodepe.com.br\\\/xinhua\\\/#organization\"},\"potentialAction\":[{\"@type\":\"SearchAction\",\"target\":{\"@type\":\"EntryPoint\",\"urlTemplate\":\"https:\\\/\\\/diariodepe.com.br\\\/xinhua\\\/?s={search_term_string}\"},\"query-input\":{\"@type\":\"PropertyValueSpecification\",\"valueRequired\":true,\"valueName\":\"search_term_string\"}}],\"inLanguage\":\"pt-BR\"},{\"@type\":\"Organization\",\"@id\":\"https:\\\/\\\/diariodepe.com.br\\\/xinhua\\\/#organization\",\"name\":\"Xinhua - Diario de Pernambuco\",\"url\":\"https:\\\/\\\/diariodepe.com.br\\\/xinhua\\\/\",\"logo\":{\"@type\":\"ImageObject\",\"inLanguage\":\"pt-BR\",\"@id\":\"https:\\\/\\\/diariodepe.com.br\\\/xinhua\\\/#\\\/schema\\\/logo\\\/image\\\/\",\"url\":\"https:\\\/\\\/diariodepe.com.br\\\/xinhua\\\/wp-content\\\/uploads\\\/sites\\\/3\\\/2020\\\/10\\\/cropped-logo-transparente-2.png\",\"contentUrl\":\"https:\\\/\\\/diariodepe.com.br\\\/xinhua\\\/wp-content\\\/uploads\\\/sites\\\/3\\\/2020\\\/10\\\/cropped-logo-transparente-2.png\",\"width\":512,\"height\":164,\"caption\":\"Xinhua - Diario de Pernambuco\"},\"image\":{\"@id\":\"https:\\\/\\\/diariodepe.com.br\\\/xinhua\\\/#\\\/schema\\\/logo\\\/image\\\/\"}},{\"@type\":\"Person\",\"@id\":\"https:\\\/\\\/diariodepe.com.br\\\/xinhua\\\/#\\\/schema\\\/person\\\/fee9050ea7ed36c8dee0b3d997f13743\",\"name\":\"Ag\u00eancia Xinhua\",\"image\":{\"@type\":\"ImageObject\",\"inLanguage\":\"pt-BR\",\"@id\":\"https:\\\/\\\/secure.gravatar.com\\\/avatar\\\/a406bf2cbb7318a49853cafe127e069e225f65f8de88227ada34c65a51813e14?s=96&d=mm&r=g\",\"url\":\"https:\\\/\\\/secure.gravatar.com\\\/avatar\\\/a406bf2cbb7318a49853cafe127e069e225f65f8de88227ada34c65a51813e14?s=96&d=mm&r=g\",\"contentUrl\":\"https:\\\/\\\/secure.gravatar.com\\\/avatar\\\/a406bf2cbb7318a49853cafe127e069e225f65f8de88227ada34c65a51813e14?s=96&d=mm&r=g\",\"caption\":\"Ag\u00eancia Xinhua\"},\"sameAs\":[\"https:\\\/\\\/www.diariodepernambuco.com.br\"],\"url\":\"https:\\\/\\\/diariodepe.com.br\\\/xinhua\\\/author\\\/agencia-xinhua\\\/\"}]}<\/script>\n<!-- \/ Yoast SEO plugin. -->","yoast_head_json":{"title":"Primeiro-ministro da China Li Qiang re\u00fane-se com rei Felipe VI da Espanha - Xinhua - Diario de Pernambuco","robots":{"index":"index","follow":"follow","max-snippet":"max-snippet:-1","max-image-preview":"max-image-preview:large","max-video-preview":"max-video-preview:-1"},"canonical":"https:\/\/diariodepe.com.br\/xinhua\/2025\/11\/13\/primeiro-ministro-da-china-li-qiang-reune-se-com-rei-felipe-vi-da-espanha\/","og_locale":"pt_BR","og_type":"article","og_title":"Primeiro-ministro da China Li Qiang re\u00fane-se com rei Felipe VI da Espanha - Xinhua - Diario de Pernambuco","og_description":"Beijing &#8211; A China e a Espanha podem fortalecer o alinhamento das suas estrat\u00e9gias de desenvolvimento, aproveitar ao m\u00e1ximo a sua complementaridade econ\u00f4mica e fomentar novos motores de crescimento, a fim de buscar o desenvolvimento e a prosperidade compartilhados, afirmou...","og_url":"https:\/\/diariodepe.com.br\/xinhua\/2025\/11\/13\/primeiro-ministro-da-china-li-qiang-reune-se-com-rei-felipe-vi-da-espanha\/","og_site_name":"Xinhua - Diario de Pernambuco","article_published_time":"2025-11-13T18:52:07+00:00","og_image":[{"width":995,"height":579,"url":"https:\/\/diariodepe.com.br\/xinhua\/wp-content\/uploads\/sites\/3\/2025\/11\/THzHdWdzrzOyOnwR.jpeg","type":"image\/jpeg"}],"author":"Ag\u00eancia Xinhua","twitter_card":"summary_large_image","twitter_misc":{"Escrito por":"Ag\u00eancia Xinhua","Est. tempo de leitura":"4 minutos"},"schema":{"@context":"https:\/\/schema.org","@graph":[{"@type":"Article","@id":"https:\/\/diariodepe.com.br\/xinhua\/2025\/11\/13\/primeiro-ministro-da-china-li-qiang-reune-se-com-rei-felipe-vi-da-espanha\/#article","isPartOf":{"@id":"https:\/\/diariodepe.com.br\/xinhua\/2025\/11\/13\/primeiro-ministro-da-china-li-qiang-reune-se-com-rei-felipe-vi-da-espanha\/"},"author":{"name":"Ag\u00eancia Xinhua","@id":"https:\/\/diariodepe.com.br\/xinhua\/#\/schema\/person\/fee9050ea7ed36c8dee0b3d997f13743"},"headline":"Primeiro-ministro da China Li Qiang re\u00fane-se com rei Felipe VI da Espanha","datePublished":"2025-11-13T18:52:07+00:00","mainEntityOfPage":{"@id":"https:\/\/diariodepe.com.br\/xinhua\/2025\/11\/13\/primeiro-ministro-da-china-li-qiang-reune-se-com-rei-felipe-vi-da-espanha\/"},"wordCount":647,"commentCount":0,"publisher":{"@id":"https:\/\/diariodepe.com.br\/xinhua\/#organization"},"image":{"@id":"https:\/\/diariodepe.com.br\/xinhua\/2025\/11\/13\/primeiro-ministro-da-china-li-qiang-reune-se-com-rei-felipe-vi-da-espanha\/#primaryimage"},"thumbnailUrl":"https:\/\/diariodepe.com.br\/xinhua\/wp-content\/uploads\/sites\/3\/2025\/11\/THzHdWdzrzOyOnwR.jpeg","articleSection":["Internacional"],"inLanguage":"pt-BR","potentialAction":[{"@type":"CommentAction","name":"Comment","target":["https:\/\/diariodepe.com.br\/xinhua\/2025\/11\/13\/primeiro-ministro-da-china-li-qiang-reune-se-com-rei-felipe-vi-da-espanha\/#respond"]}]},{"@type":"WebPage","@id":"https:\/\/diariodepe.com.br\/xinhua\/2025\/11\/13\/primeiro-ministro-da-china-li-qiang-reune-se-com-rei-felipe-vi-da-espanha\/","url":"https:\/\/diariodepe.com.br\/xinhua\/2025\/11\/13\/primeiro-ministro-da-china-li-qiang-reune-se-com-rei-felipe-vi-da-espanha\/","name":"Primeiro-ministro da China Li Qiang re\u00fane-se com rei Felipe VI da Espanha - Xinhua - Diario de Pernambuco","isPartOf":{"@id":"https:\/\/diariodepe.com.br\/xinhua\/#website"},"primaryImageOfPage":{"@id":"https:\/\/diariodepe.com.br\/xinhua\/2025\/11\/13\/primeiro-ministro-da-china-li-qiang-reune-se-com-rei-felipe-vi-da-espanha\/#primaryimage"},"image":{"@id":"https:\/\/diariodepe.com.br\/xinhua\/2025\/11\/13\/primeiro-ministro-da-china-li-qiang-reune-se-com-rei-felipe-vi-da-espanha\/#primaryimage"},"thumbnailUrl":"https:\/\/diariodepe.com.br\/xinhua\/wp-content\/uploads\/sites\/3\/2025\/11\/THzHdWdzrzOyOnwR.jpeg","datePublished":"2025-11-13T18:52:07+00:00","breadcrumb":{"@id":"https:\/\/diariodepe.com.br\/xinhua\/2025\/11\/13\/primeiro-ministro-da-china-li-qiang-reune-se-com-rei-felipe-vi-da-espanha\/#breadcrumb"},"inLanguage":"pt-BR","potentialAction":[{"@type":"ReadAction","target":["https:\/\/diariodepe.com.br\/xinhua\/2025\/11\/13\/primeiro-ministro-da-china-li-qiang-reune-se-com-rei-felipe-vi-da-espanha\/"]}]},{"@type":"ImageObject","inLanguage":"pt-BR","@id":"https:\/\/diariodepe.com.br\/xinhua\/2025\/11\/13\/primeiro-ministro-da-china-li-qiang-reune-se-com-rei-felipe-vi-da-espanha\/#primaryimage","url":"https:\/\/diariodepe.com.br\/xinhua\/wp-content\/uploads\/sites\/3\/2025\/11\/THzHdWdzrzOyOnwR.jpeg","contentUrl":"https:\/\/diariodepe.com.br\/xinhua\/wp-content\/uploads\/sites\/3\/2025\/11\/THzHdWdzrzOyOnwR.jpeg","width":995,"height":579},{"@type":"BreadcrumbList","@id":"https:\/\/diariodepe.com.br\/xinhua\/2025\/11\/13\/primeiro-ministro-da-china-li-qiang-reune-se-com-rei-felipe-vi-da-espanha\/#breadcrumb","itemListElement":[{"@type":"ListItem","position":1,"name":"In\u00edcio","item":"https:\/\/diariodepe.com.br\/xinhua\/"},{"@type":"ListItem","position":2,"name":"Primeiro-ministro da China Li Qiang re\u00fane-se com rei Felipe VI da Espanha"}]},{"@type":"WebSite","@id":"https:\/\/diariodepe.com.br\/xinhua\/#website","url":"https:\/\/diariodepe.com.br\/xinhua\/","name":"Xinhua - Diario de Pernambuco","description":"A maior ag\u00eancia de not\u00edcias da China e um dos principais canais para conhecer o pa\u00eds","publisher":{"@id":"https:\/\/diariodepe.com.br\/xinhua\/#organization"},"potentialAction":[{"@type":"SearchAction","target":{"@type":"EntryPoint","urlTemplate":"https:\/\/diariodepe.com.br\/xinhua\/?s={search_term_string}"},"query-input":{"@type":"PropertyValueSpecification","valueRequired":true,"valueName":"search_term_string"}}],"inLanguage":"pt-BR"},{"@type":"Organization","@id":"https:\/\/diariodepe.com.br\/xinhua\/#organization","name":"Xinhua - Diario de Pernambuco","url":"https:\/\/diariodepe.com.br\/xinhua\/","logo":{"@type":"ImageObject","inLanguage":"pt-BR","@id":"https:\/\/diariodepe.com.br\/xinhua\/#\/schema\/logo\/image\/","url":"https:\/\/diariodepe.com.br\/xinhua\/wp-content\/uploads\/sites\/3\/2020\/10\/cropped-logo-transparente-2.png","contentUrl":"https:\/\/diariodepe.com.br\/xinhua\/wp-content\/uploads\/sites\/3\/2020\/10\/cropped-logo-transparente-2.png","width":512,"height":164,"caption":"Xinhua - Diario de Pernambuco"},"image":{"@id":"https:\/\/diariodepe.com.br\/xinhua\/#\/schema\/logo\/image\/"}},{"@type":"Person","@id":"https:\/\/diariodepe.com.br\/xinhua\/#\/schema\/person\/fee9050ea7ed36c8dee0b3d997f13743","name":"Ag\u00eancia Xinhua","image":{"@type":"ImageObject","inLanguage":"pt-BR","@id":"https:\/\/secure.gravatar.com\/avatar\/a406bf2cbb7318a49853cafe127e069e225f65f8de88227ada34c65a51813e14?s=96&d=mm&r=g","url":"https:\/\/secure.gravatar.com\/avatar\/a406bf2cbb7318a49853cafe127e069e225f65f8de88227ada34c65a51813e14?s=96&d=mm&r=g","contentUrl":"https:\/\/secure.gravatar.com\/avatar\/a406bf2cbb7318a49853cafe127e069e225f65f8de88227ada34c65a51813e14?s=96&d=mm&r=g","caption":"Ag\u00eancia Xinhua"},"sameAs":["https:\/\/www.diariodepernambuco.com.br"],"url":"https:\/\/diariodepe.com.br\/xinhua\/author\/agencia-xinhua\/"}]}},"cc_featured_image_caption":{"caption_text":"","source_text":"","source_url":""},"amp_enabled":true,"_links":{"self":[{"href":"https:\/\/diariodepe.com.br\/xinhua\/wp-json\/wp\/v2\/posts\/29361","targetHints":{"allow":["GET"]}}],"collection":[{"href":"https:\/\/diariodepe.com.br\/xinhua\/wp-json\/wp\/v2\/posts"}],"about":[{"href":"https:\/\/diariodepe.com.br\/xinhua\/wp-json\/wp\/v2\/types\/post"}],"author":[{"embeddable":true,"href":"https:\/\/diariodepe.com.br\/xinhua\/wp-json\/wp\/v2\/users\/7"}],"replies":[{"embeddable":true,"href":"https:\/\/diariodepe.com.br\/xinhua\/wp-json\/wp\/v2\/comments?post=29361"}],"version-history":[{"count":1,"href":"https:\/\/diariodepe.com.br\/xinhua\/wp-json\/wp\/v2\/posts\/29361\/revisions"}],"predecessor-version":[{"id":29363,"href":"https:\/\/diariodepe.com.br\/xinhua\/wp-json\/wp\/v2\/posts\/29361\/revisions\/29363"}],"wp:featuredmedia":[{"embeddable":true,"href":"https:\/\/diariodepe.com.br\/xinhua\/wp-json\/wp\/v2\/media\/29362"}],"wp:attachment":[{"href":"https:\/\/diariodepe.com.br\/xinhua\/wp-json\/wp\/v2\/media?parent=29361"}],"wp:term":[{"taxonomy":"category","embeddable":true,"href":"https:\/\/diariodepe.com.br\/xinhua\/wp-json\/wp\/v2\/categories?post=29361"},{"taxonomy":"post_tag","embeddable":true,"href":"https:\/\/diariodepe.com.br\/xinhua\/wp-json\/wp\/v2\/tags?post=29361"}],"curies":[{"name":"wp","href":"https:\/\/api.w.org\/{rel}","templated":true}]}}