{"id":2935,"date":"2021-09-10T10:58:00","date_gmt":"2021-09-10T13:58:00","guid":{"rendered":"http:\/\/www.diariodepe.com.br\/xinhua\/?p=2935"},"modified":"2021-09-10T20:00:12","modified_gmt":"2021-09-10T23:00:12","slug":"feira-de-cantao-sera-inaugurado-em-outubro","status":"publish","type":"post","link":"https:\/\/diariodepe.com.br\/xinhua\/2021\/09\/10\/feira-de-cantao-sera-inaugurado-em-outubro\/","title":{"rendered":"Feira de Cant\u00e3o ser\u00e1 inaugurado em outubro"},"content":{"rendered":"\n<p>Guangzhou &#8211; A 130\u00aa Feira de Importa\u00e7\u00e3o e Exporta\u00e7\u00e3o da China, tamb\u00e9m conhecida como Feira de Cant\u00e3o, ser\u00e1 realizada em 15 de outubro na Prov\u00edncia de Guangdong, sul da China, com atividades tanto online como offline, disse o organizador na quarta-feira.<\/p>\n\n\n\n<p>Ser\u00e1 a primeira vez que a feira retomar\u00e1 as atividades offline ap\u00f3s os tr\u00eas eventos virtuais realizados em 2020 e abril de 2021 devido ao impacto da COVID-19. A nova sess\u00e3o ter\u00e1 como tema &#8220;dupla circula\u00e7\u00e3o&#8221;, que se refere ao novo paradigma de desenvolvimento da China, que permite que os mercados interno e externo se reforcem entre si, com o mercado interno como pilar.<\/p>\n\n\n\n<p>Cerca de 100.000 expositores devem participar offline e mais de 200.000 compradores comprar\u00e3o produtos no local, disse Zhang Jinsong, chefe do departamento de com\u00e9rcio da prov\u00edncia.<\/p>\n\n\n\n<p>Enquanto isso, o evento realizar\u00e1 52 atividades de promo\u00e7\u00e3o online para compradores de 40 pa\u00edses e regi\u00f5es, disse Chu Shijia, vice-diretor e secret\u00e1rio-geral da feira.<\/p>\n\n\n\n<p>Fundada em 1957, a Feira de Cant\u00e3o \u00e9 vista como um importante bar\u00f4metro do com\u00e9rcio exterior da China. A 129\u00aa sess\u00e3o atraiu aproximadamente 26 mil empresas nacionais e estrangeiras, exibindo mais de 2,76 milh\u00f5es de produtos.<\/p>\n","protected":false},"excerpt":{"rendered":"<p>Guangzhou &#8211; A 130\u00aa Feira de Importa\u00e7\u00e3o e Exporta\u00e7\u00e3o da China, tamb\u00e9m conhecida como Feira de Cant\u00e3o, ser\u00e1 realizada em 15 de outubro na Prov\u00edncia de Guangdong, sul da China, com atividades tanto online como offline, disse o organizador na&#8230;<\/p>\n","protected":false},"author":3,"featured_media":2936,"comment_status":"open","ping_status":"open","sticky":false,"template":"","format":"standard","meta":{"footnotes":""},"categories":[5],"tags":[],"class_list":["post-2935","post","type-post","status-publish","format-standard","has-post-thumbnail","hentry","category-economia"],"yoast_head":"<!-- This site is optimized with the Yoast SEO plugin v27.4 - https:\/\/yoast.com\/product\/yoast-seo-wordpress\/ -->\n<title>Feira de Cant\u00e3o ser\u00e1 inaugurado em outubro - Xinhua - Diario de Pernambuco<\/title>\n<meta name=\"robots\" content=\"index, follow, max-snippet:-1, max-image-preview:large, max-video-preview:-1\" \/>\n<link rel=\"canonical\" href=\"https:\/\/diariodepe.com.br\/xinhua\/2021\/09\/10\/feira-de-cantao-sera-inaugurado-em-outubro\/\" \/>\n<meta property=\"og:locale\" content=\"pt_BR\" \/>\n<meta property=\"og:type\" content=\"article\" \/>\n<meta property=\"og:title\" content=\"Feira de Cant\u00e3o ser\u00e1 inaugurado em outubro - Xinhua - Diario de Pernambuco\" \/>\n<meta property=\"og:description\" content=\"Guangzhou &#8211; A 130\u00aa Feira de Importa\u00e7\u00e3o e Exporta\u00e7\u00e3o da China, tamb\u00e9m conhecida como Feira de Cant\u00e3o, ser\u00e1 realizada em 15 de outubro na Prov\u00edncia de Guangdong, sul da China, com atividades tanto online como offline, disse o organizador na...\" \/>\n<meta property=\"og:url\" content=\"https:\/\/diariodepe.com.br\/xinhua\/2021\/09\/10\/feira-de-cantao-sera-inaugurado-em-outubro\/\" \/>\n<meta property=\"og:site_name\" content=\"Xinhua - Diario de Pernambuco\" \/>\n<meta property=\"article:published_time\" content=\"2021-09-10T13:58:00+00:00\" \/>\n<meta property=\"article:modified_time\" content=\"2021-09-10T23:00:12+00:00\" \/>\n<meta property=\"og:image\" content=\"https:\/\/diariodepe.com.br\/xinhua\/wp-content\/uploads\/sites\/3\/2021\/09\/1310175800_16311000261421n.jpg\" \/>\n\t<meta property=\"og:image:width\" content=\"900\" \/>\n\t<meta property=\"og:image:height\" content=\"640\" \/>\n\t<meta property=\"og:image:type\" content=\"image\/jpeg\" \/>\n<meta name=\"author\" content=\"Marcelo Oliveira de A. Maranhao\" \/>\n<meta name=\"twitter:card\" content=\"summary_large_image\" \/>\n<meta name=\"twitter:label1\" content=\"Escrito por\" \/>\n\t<meta name=\"twitter:data1\" content=\"Marcelo Oliveira de A. Maranhao\" \/>\n\t<meta name=\"twitter:label2\" content=\"Est. tempo de leitura\" \/>\n\t<meta name=\"twitter:data2\" content=\"1 minuto\" \/>\n<script type=\"application\/ld+json\" class=\"yoast-schema-graph\">{\"@context\":\"https:\\\/\\\/schema.org\",\"@graph\":[{\"@type\":\"Article\",\"@id\":\"https:\\\/\\\/diariodepe.com.br\\\/xinhua\\\/2021\\\/09\\\/10\\\/feira-de-cantao-sera-inaugurado-em-outubro\\\/#article\",\"isPartOf\":{\"@id\":\"https:\\\/\\\/diariodepe.com.br\\\/xinhua\\\/2021\\\/09\\\/10\\\/feira-de-cantao-sera-inaugurado-em-outubro\\\/\"},\"author\":{\"name\":\"Marcelo Oliveira de A. Maranhao\",\"@id\":\"https:\\\/\\\/diariodepe.com.br\\\/xinhua\\\/#\\\/schema\\\/person\\\/0943d6fd02bdc7b49c8f495e8787a2cb\"},\"headline\":\"Feira de Cant\u00e3o ser\u00e1 inaugurado em outubro\",\"datePublished\":\"2021-09-10T13:58:00+00:00\",\"dateModified\":\"2021-09-10T23:00:12+00:00\",\"mainEntityOfPage\":{\"@id\":\"https:\\\/\\\/diariodepe.com.br\\\/xinhua\\\/2021\\\/09\\\/10\\\/feira-de-cantao-sera-inaugurado-em-outubro\\\/\"},\"wordCount\":208,\"commentCount\":0,\"publisher\":{\"@id\":\"https:\\\/\\\/diariodepe.com.br\\\/xinhua\\\/#organization\"},\"image\":{\"@id\":\"https:\\\/\\\/diariodepe.com.br\\\/xinhua\\\/2021\\\/09\\\/10\\\/feira-de-cantao-sera-inaugurado-em-outubro\\\/#primaryimage\"},\"thumbnailUrl\":\"https:\\\/\\\/diariodepe.com.br\\\/xinhua\\\/wp-content\\\/uploads\\\/sites\\\/3\\\/2021\\\/09\\\/1310175800_16311000261421n.jpg\",\"articleSection\":[\"Economia\"],\"inLanguage\":\"pt-BR\",\"potentialAction\":[{\"@type\":\"CommentAction\",\"name\":\"Comment\",\"target\":[\"https:\\\/\\\/diariodepe.com.br\\\/xinhua\\\/2021\\\/09\\\/10\\\/feira-de-cantao-sera-inaugurado-em-outubro\\\/#respond\"]}]},{\"@type\":\"WebPage\",\"@id\":\"https:\\\/\\\/diariodepe.com.br\\\/xinhua\\\/2021\\\/09\\\/10\\\/feira-de-cantao-sera-inaugurado-em-outubro\\\/\",\"url\":\"https:\\\/\\\/diariodepe.com.br\\\/xinhua\\\/2021\\\/09\\\/10\\\/feira-de-cantao-sera-inaugurado-em-outubro\\\/\",\"name\":\"Feira de Cant\u00e3o ser\u00e1 inaugurado em outubro - Xinhua - Diario de Pernambuco\",\"isPartOf\":{\"@id\":\"https:\\\/\\\/diariodepe.com.br\\\/xinhua\\\/#website\"},\"primaryImageOfPage\":{\"@id\":\"https:\\\/\\\/diariodepe.com.br\\\/xinhua\\\/2021\\\/09\\\/10\\\/feira-de-cantao-sera-inaugurado-em-outubro\\\/#primaryimage\"},\"image\":{\"@id\":\"https:\\\/\\\/diariodepe.com.br\\\/xinhua\\\/2021\\\/09\\\/10\\\/feira-de-cantao-sera-inaugurado-em-outubro\\\/#primaryimage\"},\"thumbnailUrl\":\"https:\\\/\\\/diariodepe.com.br\\\/xinhua\\\/wp-content\\\/uploads\\\/sites\\\/3\\\/2021\\\/09\\\/1310175800_16311000261421n.jpg\",\"datePublished\":\"2021-09-10T13:58:00+00:00\",\"dateModified\":\"2021-09-10T23:00:12+00:00\",\"breadcrumb\":{\"@id\":\"https:\\\/\\\/diariodepe.com.br\\\/xinhua\\\/2021\\\/09\\\/10\\\/feira-de-cantao-sera-inaugurado-em-outubro\\\/#breadcrumb\"},\"inLanguage\":\"pt-BR\",\"potentialAction\":[{\"@type\":\"ReadAction\",\"target\":[\"https:\\\/\\\/diariodepe.com.br\\\/xinhua\\\/2021\\\/09\\\/10\\\/feira-de-cantao-sera-inaugurado-em-outubro\\\/\"]}]},{\"@type\":\"ImageObject\",\"inLanguage\":\"pt-BR\",\"@id\":\"https:\\\/\\\/diariodepe.com.br\\\/xinhua\\\/2021\\\/09\\\/10\\\/feira-de-cantao-sera-inaugurado-em-outubro\\\/#primaryimage\",\"url\":\"https:\\\/\\\/diariodepe.com.br\\\/xinhua\\\/wp-content\\\/uploads\\\/sites\\\/3\\\/2021\\\/09\\\/1310175800_16311000261421n.jpg\",\"contentUrl\":\"https:\\\/\\\/diariodepe.com.br\\\/xinhua\\\/wp-content\\\/uploads\\\/sites\\\/3\\\/2021\\\/09\\\/1310175800_16311000261421n.jpg\",\"width\":900,\"height\":640,\"caption\":\"Uma funcion\u00e1ria da Guangzhou Light Holdings Limited (GZLI) apresenta produtos por transmiss\u00e3o ao vivo durante a 129\u00aa sess\u00e3o da Feira de Importa\u00e7\u00e3o e Exporta\u00e7\u00e3o da China em Guangzhou, Prov\u00edncia de Guangdong, no sul da China, em 15 de abril de 2021. (Xinhua)\"},{\"@type\":\"BreadcrumbList\",\"@id\":\"https:\\\/\\\/diariodepe.com.br\\\/xinhua\\\/2021\\\/09\\\/10\\\/feira-de-cantao-sera-inaugurado-em-outubro\\\/#breadcrumb\",\"itemListElement\":[{\"@type\":\"ListItem\",\"position\":1,\"name\":\"In\u00edcio\",\"item\":\"https:\\\/\\\/diariodepe.com.br\\\/xinhua\\\/\"},{\"@type\":\"ListItem\",\"position\":2,\"name\":\"Feira de Cant\u00e3o ser\u00e1 inaugurado em outubro\"}]},{\"@type\":\"WebSite\",\"@id\":\"https:\\\/\\\/diariodepe.com.br\\\/xinhua\\\/#website\",\"url\":\"https:\\\/\\\/diariodepe.com.br\\\/xinhua\\\/\",\"name\":\"Xinhua - Diario de Pernambuco\",\"description\":\"A maior ag\u00eancia de not\u00edcias da China e um dos principais canais para conhecer o pa\u00eds\",\"publisher\":{\"@id\":\"https:\\\/\\\/diariodepe.com.br\\\/xinhua\\\/#organization\"},\"potentialAction\":[{\"@type\":\"SearchAction\",\"target\":{\"@type\":\"EntryPoint\",\"urlTemplate\":\"https:\\\/\\\/diariodepe.com.br\\\/xinhua\\\/?s={search_term_string}\"},\"query-input\":{\"@type\":\"PropertyValueSpecification\",\"valueRequired\":true,\"valueName\":\"search_term_string\"}}],\"inLanguage\":\"pt-BR\"},{\"@type\":\"Organization\",\"@id\":\"https:\\\/\\\/diariodepe.com.br\\\/xinhua\\\/#organization\",\"name\":\"Xinhua - Diario de Pernambuco\",\"url\":\"https:\\\/\\\/diariodepe.com.br\\\/xinhua\\\/\",\"logo\":{\"@type\":\"ImageObject\",\"inLanguage\":\"pt-BR\",\"@id\":\"https:\\\/\\\/diariodepe.com.br\\\/xinhua\\\/#\\\/schema\\\/logo\\\/image\\\/\",\"url\":\"https:\\\/\\\/diariodepe.com.br\\\/xinhua\\\/wp-content\\\/uploads\\\/sites\\\/3\\\/2020\\\/10\\\/cropped-logo-transparente-2.png\",\"contentUrl\":\"https:\\\/\\\/diariodepe.com.br\\\/xinhua\\\/wp-content\\\/uploads\\\/sites\\\/3\\\/2020\\\/10\\\/cropped-logo-transparente-2.png\",\"width\":512,\"height\":164,\"caption\":\"Xinhua - Diario de Pernambuco\"},\"image\":{\"@id\":\"https:\\\/\\\/diariodepe.com.br\\\/xinhua\\\/#\\\/schema\\\/logo\\\/image\\\/\"}},{\"@type\":\"Person\",\"@id\":\"https:\\\/\\\/diariodepe.com.br\\\/xinhua\\\/#\\\/schema\\\/person\\\/0943d6fd02bdc7b49c8f495e8787a2cb\",\"name\":\"Marcelo Oliveira de A. Maranhao\",\"image\":{\"@type\":\"ImageObject\",\"inLanguage\":\"pt-BR\",\"@id\":\"https:\\\/\\\/secure.gravatar.com\\\/avatar\\\/f562caee940d39879c20e90eea3e4b21860c7d4c96684c23141c554824f0059c?s=96&d=mm&r=g\",\"url\":\"https:\\\/\\\/secure.gravatar.com\\\/avatar\\\/f562caee940d39879c20e90eea3e4b21860c7d4c96684c23141c554824f0059c?s=96&d=mm&r=g\",\"contentUrl\":\"https:\\\/\\\/secure.gravatar.com\\\/avatar\\\/f562caee940d39879c20e90eea3e4b21860c7d4c96684c23141c554824f0059c?s=96&d=mm&r=g\",\"caption\":\"Marcelo Oliveira de A. Maranhao\"},\"url\":\"https:\\\/\\\/diariodepe.com.br\\\/xinhua\\\/author\\\/marcelo-maranhao\\\/\"}]}<\/script>\n<!-- \/ Yoast SEO plugin. -->","yoast_head_json":{"title":"Feira de Cant\u00e3o ser\u00e1 inaugurado em outubro - Xinhua - Diario de Pernambuco","robots":{"index":"index","follow":"follow","max-snippet":"max-snippet:-1","max-image-preview":"max-image-preview:large","max-video-preview":"max-video-preview:-1"},"canonical":"https:\/\/diariodepe.com.br\/xinhua\/2021\/09\/10\/feira-de-cantao-sera-inaugurado-em-outubro\/","og_locale":"pt_BR","og_type":"article","og_title":"Feira de Cant\u00e3o ser\u00e1 inaugurado em outubro - Xinhua - Diario de Pernambuco","og_description":"Guangzhou &#8211; A 130\u00aa Feira de Importa\u00e7\u00e3o e Exporta\u00e7\u00e3o da China, tamb\u00e9m conhecida como Feira de Cant\u00e3o, ser\u00e1 realizada em 15 de outubro na Prov\u00edncia de Guangdong, sul da China, com atividades tanto online como offline, disse o organizador na...","og_url":"https:\/\/diariodepe.com.br\/xinhua\/2021\/09\/10\/feira-de-cantao-sera-inaugurado-em-outubro\/","og_site_name":"Xinhua - Diario de Pernambuco","article_published_time":"2021-09-10T13:58:00+00:00","article_modified_time":"2021-09-10T23:00:12+00:00","og_image":[{"width":900,"height":640,"url":"https:\/\/diariodepe.com.br\/xinhua\/wp-content\/uploads\/sites\/3\/2021\/09\/1310175800_16311000261421n.jpg","type":"image\/jpeg"}],"author":"Marcelo Oliveira de A. Maranhao","twitter_card":"summary_large_image","twitter_misc":{"Escrito por":"Marcelo Oliveira de A. Maranhao","Est. tempo de leitura":"1 minuto"},"schema":{"@context":"https:\/\/schema.org","@graph":[{"@type":"Article","@id":"https:\/\/diariodepe.com.br\/xinhua\/2021\/09\/10\/feira-de-cantao-sera-inaugurado-em-outubro\/#article","isPartOf":{"@id":"https:\/\/diariodepe.com.br\/xinhua\/2021\/09\/10\/feira-de-cantao-sera-inaugurado-em-outubro\/"},"author":{"name":"Marcelo Oliveira de A. Maranhao","@id":"https:\/\/diariodepe.com.br\/xinhua\/#\/schema\/person\/0943d6fd02bdc7b49c8f495e8787a2cb"},"headline":"Feira de Cant\u00e3o ser\u00e1 inaugurado em outubro","datePublished":"2021-09-10T13:58:00+00:00","dateModified":"2021-09-10T23:00:12+00:00","mainEntityOfPage":{"@id":"https:\/\/diariodepe.com.br\/xinhua\/2021\/09\/10\/feira-de-cantao-sera-inaugurado-em-outubro\/"},"wordCount":208,"commentCount":0,"publisher":{"@id":"https:\/\/diariodepe.com.br\/xinhua\/#organization"},"image":{"@id":"https:\/\/diariodepe.com.br\/xinhua\/2021\/09\/10\/feira-de-cantao-sera-inaugurado-em-outubro\/#primaryimage"},"thumbnailUrl":"https:\/\/diariodepe.com.br\/xinhua\/wp-content\/uploads\/sites\/3\/2021\/09\/1310175800_16311000261421n.jpg","articleSection":["Economia"],"inLanguage":"pt-BR","potentialAction":[{"@type":"CommentAction","name":"Comment","target":["https:\/\/diariodepe.com.br\/xinhua\/2021\/09\/10\/feira-de-cantao-sera-inaugurado-em-outubro\/#respond"]}]},{"@type":"WebPage","@id":"https:\/\/diariodepe.com.br\/xinhua\/2021\/09\/10\/feira-de-cantao-sera-inaugurado-em-outubro\/","url":"https:\/\/diariodepe.com.br\/xinhua\/2021\/09\/10\/feira-de-cantao-sera-inaugurado-em-outubro\/","name":"Feira de Cant\u00e3o ser\u00e1 inaugurado em outubro - Xinhua - Diario de Pernambuco","isPartOf":{"@id":"https:\/\/diariodepe.com.br\/xinhua\/#website"},"primaryImageOfPage":{"@id":"https:\/\/diariodepe.com.br\/xinhua\/2021\/09\/10\/feira-de-cantao-sera-inaugurado-em-outubro\/#primaryimage"},"image":{"@id":"https:\/\/diariodepe.com.br\/xinhua\/2021\/09\/10\/feira-de-cantao-sera-inaugurado-em-outubro\/#primaryimage"},"thumbnailUrl":"https:\/\/diariodepe.com.br\/xinhua\/wp-content\/uploads\/sites\/3\/2021\/09\/1310175800_16311000261421n.jpg","datePublished":"2021-09-10T13:58:00+00:00","dateModified":"2021-09-10T23:00:12+00:00","breadcrumb":{"@id":"https:\/\/diariodepe.com.br\/xinhua\/2021\/09\/10\/feira-de-cantao-sera-inaugurado-em-outubro\/#breadcrumb"},"inLanguage":"pt-BR","potentialAction":[{"@type":"ReadAction","target":["https:\/\/diariodepe.com.br\/xinhua\/2021\/09\/10\/feira-de-cantao-sera-inaugurado-em-outubro\/"]}]},{"@type":"ImageObject","inLanguage":"pt-BR","@id":"https:\/\/diariodepe.com.br\/xinhua\/2021\/09\/10\/feira-de-cantao-sera-inaugurado-em-outubro\/#primaryimage","url":"https:\/\/diariodepe.com.br\/xinhua\/wp-content\/uploads\/sites\/3\/2021\/09\/1310175800_16311000261421n.jpg","contentUrl":"https:\/\/diariodepe.com.br\/xinhua\/wp-content\/uploads\/sites\/3\/2021\/09\/1310175800_16311000261421n.jpg","width":900,"height":640,"caption":"Uma funcion\u00e1ria da Guangzhou Light Holdings Limited (GZLI) apresenta produtos por transmiss\u00e3o ao vivo durante a 129\u00aa sess\u00e3o da Feira de Importa\u00e7\u00e3o e Exporta\u00e7\u00e3o da China em Guangzhou, Prov\u00edncia de Guangdong, no sul da China, em 15 de abril de 2021. (Xinhua)"},{"@type":"BreadcrumbList","@id":"https:\/\/diariodepe.com.br\/xinhua\/2021\/09\/10\/feira-de-cantao-sera-inaugurado-em-outubro\/#breadcrumb","itemListElement":[{"@type":"ListItem","position":1,"name":"In\u00edcio","item":"https:\/\/diariodepe.com.br\/xinhua\/"},{"@type":"ListItem","position":2,"name":"Feira de Cant\u00e3o ser\u00e1 inaugurado em outubro"}]},{"@type":"WebSite","@id":"https:\/\/diariodepe.com.br\/xinhua\/#website","url":"https:\/\/diariodepe.com.br\/xinhua\/","name":"Xinhua - Diario de Pernambuco","description":"A maior ag\u00eancia de not\u00edcias da China e um dos principais canais para conhecer o pa\u00eds","publisher":{"@id":"https:\/\/diariodepe.com.br\/xinhua\/#organization"},"potentialAction":[{"@type":"SearchAction","target":{"@type":"EntryPoint","urlTemplate":"https:\/\/diariodepe.com.br\/xinhua\/?s={search_term_string}"},"query-input":{"@type":"PropertyValueSpecification","valueRequired":true,"valueName":"search_term_string"}}],"inLanguage":"pt-BR"},{"@type":"Organization","@id":"https:\/\/diariodepe.com.br\/xinhua\/#organization","name":"Xinhua - Diario de Pernambuco","url":"https:\/\/diariodepe.com.br\/xinhua\/","logo":{"@type":"ImageObject","inLanguage":"pt-BR","@id":"https:\/\/diariodepe.com.br\/xinhua\/#\/schema\/logo\/image\/","url":"https:\/\/diariodepe.com.br\/xinhua\/wp-content\/uploads\/sites\/3\/2020\/10\/cropped-logo-transparente-2.png","contentUrl":"https:\/\/diariodepe.com.br\/xinhua\/wp-content\/uploads\/sites\/3\/2020\/10\/cropped-logo-transparente-2.png","width":512,"height":164,"caption":"Xinhua - Diario de Pernambuco"},"image":{"@id":"https:\/\/diariodepe.com.br\/xinhua\/#\/schema\/logo\/image\/"}},{"@type":"Person","@id":"https:\/\/diariodepe.com.br\/xinhua\/#\/schema\/person\/0943d6fd02bdc7b49c8f495e8787a2cb","name":"Marcelo Oliveira de A. Maranhao","image":{"@type":"ImageObject","inLanguage":"pt-BR","@id":"https:\/\/secure.gravatar.com\/avatar\/f562caee940d39879c20e90eea3e4b21860c7d4c96684c23141c554824f0059c?s=96&d=mm&r=g","url":"https:\/\/secure.gravatar.com\/avatar\/f562caee940d39879c20e90eea3e4b21860c7d4c96684c23141c554824f0059c?s=96&d=mm&r=g","contentUrl":"https:\/\/secure.gravatar.com\/avatar\/f562caee940d39879c20e90eea3e4b21860c7d4c96684c23141c554824f0059c?s=96&d=mm&r=g","caption":"Marcelo Oliveira de A. Maranhao"},"url":"https:\/\/diariodepe.com.br\/xinhua\/author\/marcelo-maranhao\/"}]}},"cc_featured_image_caption":{"caption_text":"","source_text":"","source_url":""},"amp_enabled":true,"_links":{"self":[{"href":"https:\/\/diariodepe.com.br\/xinhua\/wp-json\/wp\/v2\/posts\/2935","targetHints":{"allow":["GET"]}}],"collection":[{"href":"https:\/\/diariodepe.com.br\/xinhua\/wp-json\/wp\/v2\/posts"}],"about":[{"href":"https:\/\/diariodepe.com.br\/xinhua\/wp-json\/wp\/v2\/types\/post"}],"author":[{"embeddable":true,"href":"https:\/\/diariodepe.com.br\/xinhua\/wp-json\/wp\/v2\/users\/3"}],"replies":[{"embeddable":true,"href":"https:\/\/diariodepe.com.br\/xinhua\/wp-json\/wp\/v2\/comments?post=2935"}],"version-history":[{"count":1,"href":"https:\/\/diariodepe.com.br\/xinhua\/wp-json\/wp\/v2\/posts\/2935\/revisions"}],"predecessor-version":[{"id":2937,"href":"https:\/\/diariodepe.com.br\/xinhua\/wp-json\/wp\/v2\/posts\/2935\/revisions\/2937"}],"wp:featuredmedia":[{"embeddable":true,"href":"https:\/\/diariodepe.com.br\/xinhua\/wp-json\/wp\/v2\/media\/2936"}],"wp:attachment":[{"href":"https:\/\/diariodepe.com.br\/xinhua\/wp-json\/wp\/v2\/media?parent=2935"}],"wp:term":[{"taxonomy":"category","embeddable":true,"href":"https:\/\/diariodepe.com.br\/xinhua\/wp-json\/wp\/v2\/categories?post=2935"},{"taxonomy":"post_tag","embeddable":true,"href":"https:\/\/diariodepe.com.br\/xinhua\/wp-json\/wp\/v2\/tags?post=2935"}],"curies":[{"name":"wp","href":"https:\/\/api.w.org\/{rel}","templated":true}]}}