{"id":28565,"date":"2025-10-09T16:07:55","date_gmt":"2025-10-09T19:07:55","guid":{"rendered":"https:\/\/diariodepe.com.br\/xinhua\/?p=28565"},"modified":"2025-10-09T12:12:52","modified_gmt":"2025-10-09T15:12:52","slug":"foz-do-iguacu-celebra-a-uniao-de-culturas-no-festival-da-lua-chines","status":"publish","type":"post","link":"https:\/\/diariodepe.com.br\/xinhua\/2025\/10\/09\/foz-do-iguacu-celebra-a-uniao-de-culturas-no-festival-da-lua-chines\/","title":{"rendered":"Foz do Igua\u00e7u celebra a uni\u00e3o de culturas no Festival da Lua Chin\u00eas"},"content":{"rendered":"<p>O tradicional Festival da Lua Chin\u00eas (tamb\u00e9m conhecido como o Festival do Meio Outono) iluminou Foz do Igua\u00e7u em um fim de semana de celebra\u00e7\u00e3o e integra\u00e7\u00e3o cultural.<\/p>\n<p>Em uma noite especial, o cen\u00e1rio deslumbrante do mirante da barragem de Itaipu Binacional recebeu moradores da cidade, a vibrante comunidade chinesa local e diversas autoridades.<\/p>\n<p>A import\u00e2ncia dessa rela\u00e7\u00e3o foi ressaltada por Xie Yancun, c\u00f4nsul-geral adjunto da China em S\u00e3o Paulo, que em seu discurso destacou a profunda conex\u00e3o com a cidade paranaense.<\/p>\n<p>O evento foi uma oportunidade para fortalecer os la\u00e7os entre os dois povos, e contou com apresenta\u00e7\u00f5es art\u00edsticas que encantaram os convidados, preparando o p\u00fablico para um grandioso espet\u00e1culo de luz e cores.<\/p>\n<p>&nbsp;<\/p>\n<p>Paulo Debrito &#8211; Presidente da C\u00e2mara Municipal de Foz do Igua\u00e7u<\/p>\n<p>&#8220;\u00c9 muito gratificante, \u00e9 muito bacana eu estar aqui hoje, representando o poder legislativo da nossa cidade Foz do Igua\u00e7u, que \u00e9 a uni\u00e3o da fam\u00edlia, que \u00e9 nosso porto, nosso porto seguro.&#8221;<\/p>\n<p>&nbsp;<\/p>\n<p>Fang Sanjing, presidente do Centro Cultural Asi\u00e1tico de S\u00e3o Paulo, expressou o desejo de que esta festa aumente o entendimento m\u00fatuo entre os povos da China e do Brasil e promova a coopera\u00e7\u00e3o amig\u00e1vel entre os dois lados em v\u00e1rios campos.<\/p>\n<p>Ao final da noite, o p\u00fablico foi brindado com a majestosa ilumina\u00e7\u00e3o da barragem, seguida por uma queima de fogos que marcou o ponto alto da celebra\u00e7\u00e3o.<\/p>\n<p>&nbsp;<\/p>\n<p>Ana Biesek &#8211; Convidada<\/p>\n<p>&#8220;N\u00f3s somos uma cidade que temos muitas culturas expressas aqui e a China \u00e9 uma delas. E a partir de ent\u00e3o, n\u00f3s, como p\u00fablico, como comunidade podemos entender um pouquinho mais, podemos conhecer, podemos estar articulados com a cultura. Ent\u00e3o essa integra\u00e7\u00e3o, essa conex\u00e3o s\u00e3o muito importantes. E que venham mais festivais como este e que a cultura esteja sempre presente, al\u00e9m desse, participando em outros eventos culturais de Foz do Igua\u00e7u, que tenham essa oportunidade de expressar um pouquinho o que \u00e9 a cultura chinesa.&#8221;<\/p>\n<p>&nbsp;<\/p>\n<p>No dia seguinte, a festa continuou no tradicional Mercado Barrageiro, onde a popula\u00e7\u00e3o assistiu a n\u00fameros de m\u00fasica, dan\u00e7a e artes marciais, refor\u00e7ando o interc\u00e2mbio cultural na cidade.<\/p>\n<p>Para os moradores, \u00e9 um privil\u00e9gio ter contato com uma cultura t\u00e3o rica e diversa, que consolida a intera\u00e7\u00e3o entre os povos e desperta o desejo da proximidade com tradi\u00e7\u00f5es diferentes.<\/p>\n<p>&nbsp;<\/p>\n<p>Graciela Marinho Costa &#8211; Moradora<\/p>\n<p>&#8220;Eu acho incr\u00edvel essa intera\u00e7\u00e3o. Eu acho que deveria at\u00e9 ter mais. Porque aqui em Foz do Igua\u00e7u tem muitas pessoas diferentes, de lugares diferentes. Eu acho que deveria ter ainda muito mais esse tipo de evento. Para interagir mais, para apresentar mais porque assim como eu n\u00e3o conhecia nada. Ent\u00e3o quando tem esse tipo de evento, eu amo vir.&#8221;<\/p>\n<p>&nbsp;<\/p>\n<p>O Festival da Lua Chin\u00eas em Foz do Igua\u00e7u n\u00e3o s\u00f3 honrou a tradi\u00e7\u00e3o milenar, mas tamb\u00e9m deixou uma mensagem clara sobre a import\u00e2ncia da coopera\u00e7\u00e3o e da troca de experi\u00eancias.<\/p>\n<p>Uma parceria que ilumina n\u00e3o apenas a barragem, mas tamb\u00e9m o futuro das rela\u00e7\u00f5es entre China e Brasil.<\/p>\n","protected":false},"excerpt":{"rendered":"<p>O tradicional Festival da Lua Chin\u00eas (tamb\u00e9m conhecido como o Festival do Meio Outono) iluminou Foz do Igua\u00e7u em um fim de semana de celebra\u00e7\u00e3o e integra\u00e7\u00e3o cultural. Em uma noite especial, o cen\u00e1rio deslumbrante do mirante da barragem de&#8230;<\/p>\n","protected":false},"author":7,"featured_media":28566,"comment_status":"open","ping_status":"open","sticky":false,"template":"","format":"standard","meta":{"footnotes":""},"categories":[1],"tags":[],"class_list":["post-28565","post","type-post","status-publish","format-standard","has-post-thumbnail","hentry","category-geral"],"yoast_head":"<!-- This site is optimized with the Yoast SEO plugin v27.4 - https:\/\/yoast.com\/product\/yoast-seo-wordpress\/ -->\n<title>Foz do Igua\u00e7u celebra a uni\u00e3o de culturas no Festival da Lua Chin\u00eas - Xinhua - Diario de Pernambuco<\/title>\n<meta name=\"robots\" content=\"index, follow, max-snippet:-1, max-image-preview:large, max-video-preview:-1\" \/>\n<link rel=\"canonical\" href=\"https:\/\/diariodepe.com.br\/xinhua\/2025\/10\/09\/foz-do-iguacu-celebra-a-uniao-de-culturas-no-festival-da-lua-chines\/\" \/>\n<meta property=\"og:locale\" content=\"pt_BR\" \/>\n<meta property=\"og:type\" content=\"article\" \/>\n<meta property=\"og:title\" content=\"Foz do Igua\u00e7u celebra a uni\u00e3o de culturas no Festival da Lua Chin\u00eas - Xinhua - Diario de Pernambuco\" \/>\n<meta property=\"og:description\" content=\"O tradicional Festival da Lua Chin\u00eas (tamb\u00e9m conhecido como o Festival do Meio Outono) iluminou Foz do Igua\u00e7u em um fim de semana de celebra\u00e7\u00e3o e integra\u00e7\u00e3o cultural. Em uma noite especial, o cen\u00e1rio deslumbrante do mirante da barragem de...\" \/>\n<meta property=\"og:url\" content=\"https:\/\/diariodepe.com.br\/xinhua\/2025\/10\/09\/foz-do-iguacu-celebra-a-uniao-de-culturas-no-festival-da-lua-chines\/\" \/>\n<meta property=\"og:site_name\" content=\"Xinhua - Diario de Pernambuco\" \/>\n<meta property=\"article:published_time\" content=\"2025-10-09T19:07:55+00:00\" \/>\n<meta property=\"og:image\" content=\"https:\/\/diariodepe.com.br\/xinhua\/wp-content\/uploads\/sites\/3\/2025\/10\/433f7e000e544589a055e763a0fb906b.jpeg\" \/>\n\t<meta property=\"og:image:width\" content=\"1000\" \/>\n\t<meta property=\"og:image:height\" content=\"500\" \/>\n\t<meta property=\"og:image:type\" content=\"image\/jpeg\" \/>\n<meta name=\"author\" content=\"Ag\u00eancia Xinhua\" \/>\n<meta name=\"twitter:card\" content=\"summary_large_image\" \/>\n<meta name=\"twitter:label1\" content=\"Escrito por\" \/>\n\t<meta name=\"twitter:data1\" content=\"Ag\u00eancia Xinhua\" \/>\n\t<meta name=\"twitter:label2\" content=\"Est. tempo de leitura\" \/>\n\t<meta name=\"twitter:data2\" content=\"3 minutos\" \/>\n<script type=\"application\/ld+json\" class=\"yoast-schema-graph\">{\"@context\":\"https:\\\/\\\/schema.org\",\"@graph\":[{\"@type\":\"Article\",\"@id\":\"https:\\\/\\\/diariodepe.com.br\\\/xinhua\\\/2025\\\/10\\\/09\\\/foz-do-iguacu-celebra-a-uniao-de-culturas-no-festival-da-lua-chines\\\/#article\",\"isPartOf\":{\"@id\":\"https:\\\/\\\/diariodepe.com.br\\\/xinhua\\\/2025\\\/10\\\/09\\\/foz-do-iguacu-celebra-a-uniao-de-culturas-no-festival-da-lua-chines\\\/\"},\"author\":{\"name\":\"Ag\u00eancia Xinhua\",\"@id\":\"https:\\\/\\\/diariodepe.com.br\\\/xinhua\\\/#\\\/schema\\\/person\\\/fee9050ea7ed36c8dee0b3d997f13743\"},\"headline\":\"Foz do Igua\u00e7u celebra a uni\u00e3o de culturas no Festival da Lua Chin\u00eas\",\"datePublished\":\"2025-10-09T19:07:55+00:00\",\"mainEntityOfPage\":{\"@id\":\"https:\\\/\\\/diariodepe.com.br\\\/xinhua\\\/2025\\\/10\\\/09\\\/foz-do-iguacu-celebra-a-uniao-de-culturas-no-festival-da-lua-chines\\\/\"},\"wordCount\":571,\"commentCount\":0,\"publisher\":{\"@id\":\"https:\\\/\\\/diariodepe.com.br\\\/xinhua\\\/#organization\"},\"image\":{\"@id\":\"https:\\\/\\\/diariodepe.com.br\\\/xinhua\\\/2025\\\/10\\\/09\\\/foz-do-iguacu-celebra-a-uniao-de-culturas-no-festival-da-lua-chines\\\/#primaryimage\"},\"thumbnailUrl\":\"https:\\\/\\\/diariodepe.com.br\\\/xinhua\\\/wp-content\\\/uploads\\\/sites\\\/3\\\/2025\\\/10\\\/433f7e000e544589a055e763a0fb906b.jpeg\",\"articleSection\":[\"Geral\"],\"inLanguage\":\"pt-BR\",\"potentialAction\":[{\"@type\":\"CommentAction\",\"name\":\"Comment\",\"target\":[\"https:\\\/\\\/diariodepe.com.br\\\/xinhua\\\/2025\\\/10\\\/09\\\/foz-do-iguacu-celebra-a-uniao-de-culturas-no-festival-da-lua-chines\\\/#respond\"]}]},{\"@type\":\"WebPage\",\"@id\":\"https:\\\/\\\/diariodepe.com.br\\\/xinhua\\\/2025\\\/10\\\/09\\\/foz-do-iguacu-celebra-a-uniao-de-culturas-no-festival-da-lua-chines\\\/\",\"url\":\"https:\\\/\\\/diariodepe.com.br\\\/xinhua\\\/2025\\\/10\\\/09\\\/foz-do-iguacu-celebra-a-uniao-de-culturas-no-festival-da-lua-chines\\\/\",\"name\":\"Foz do Igua\u00e7u celebra a uni\u00e3o de culturas no Festival da Lua Chin\u00eas - Xinhua - Diario de Pernambuco\",\"isPartOf\":{\"@id\":\"https:\\\/\\\/diariodepe.com.br\\\/xinhua\\\/#website\"},\"primaryImageOfPage\":{\"@id\":\"https:\\\/\\\/diariodepe.com.br\\\/xinhua\\\/2025\\\/10\\\/09\\\/foz-do-iguacu-celebra-a-uniao-de-culturas-no-festival-da-lua-chines\\\/#primaryimage\"},\"image\":{\"@id\":\"https:\\\/\\\/diariodepe.com.br\\\/xinhua\\\/2025\\\/10\\\/09\\\/foz-do-iguacu-celebra-a-uniao-de-culturas-no-festival-da-lua-chines\\\/#primaryimage\"},\"thumbnailUrl\":\"https:\\\/\\\/diariodepe.com.br\\\/xinhua\\\/wp-content\\\/uploads\\\/sites\\\/3\\\/2025\\\/10\\\/433f7e000e544589a055e763a0fb906b.jpeg\",\"datePublished\":\"2025-10-09T19:07:55+00:00\",\"breadcrumb\":{\"@id\":\"https:\\\/\\\/diariodepe.com.br\\\/xinhua\\\/2025\\\/10\\\/09\\\/foz-do-iguacu-celebra-a-uniao-de-culturas-no-festival-da-lua-chines\\\/#breadcrumb\"},\"inLanguage\":\"pt-BR\",\"potentialAction\":[{\"@type\":\"ReadAction\",\"target\":[\"https:\\\/\\\/diariodepe.com.br\\\/xinhua\\\/2025\\\/10\\\/09\\\/foz-do-iguacu-celebra-a-uniao-de-culturas-no-festival-da-lua-chines\\\/\"]}]},{\"@type\":\"ImageObject\",\"inLanguage\":\"pt-BR\",\"@id\":\"https:\\\/\\\/diariodepe.com.br\\\/xinhua\\\/2025\\\/10\\\/09\\\/foz-do-iguacu-celebra-a-uniao-de-culturas-no-festival-da-lua-chines\\\/#primaryimage\",\"url\":\"https:\\\/\\\/diariodepe.com.br\\\/xinhua\\\/wp-content\\\/uploads\\\/sites\\\/3\\\/2025\\\/10\\\/433f7e000e544589a055e763a0fb906b.jpeg\",\"contentUrl\":\"https:\\\/\\\/diariodepe.com.br\\\/xinhua\\\/wp-content\\\/uploads\\\/sites\\\/3\\\/2025\\\/10\\\/433f7e000e544589a055e763a0fb906b.jpeg\",\"width\":1000,\"height\":500},{\"@type\":\"BreadcrumbList\",\"@id\":\"https:\\\/\\\/diariodepe.com.br\\\/xinhua\\\/2025\\\/10\\\/09\\\/foz-do-iguacu-celebra-a-uniao-de-culturas-no-festival-da-lua-chines\\\/#breadcrumb\",\"itemListElement\":[{\"@type\":\"ListItem\",\"position\":1,\"name\":\"In\u00edcio\",\"item\":\"https:\\\/\\\/diariodepe.com.br\\\/xinhua\\\/\"},{\"@type\":\"ListItem\",\"position\":2,\"name\":\"Foz do Igua\u00e7u celebra a uni\u00e3o de culturas no Festival da Lua Chin\u00eas\"}]},{\"@type\":\"WebSite\",\"@id\":\"https:\\\/\\\/diariodepe.com.br\\\/xinhua\\\/#website\",\"url\":\"https:\\\/\\\/diariodepe.com.br\\\/xinhua\\\/\",\"name\":\"Xinhua - Diario de Pernambuco\",\"description\":\"A maior ag\u00eancia de not\u00edcias da China e um dos principais canais para conhecer o pa\u00eds\",\"publisher\":{\"@id\":\"https:\\\/\\\/diariodepe.com.br\\\/xinhua\\\/#organization\"},\"potentialAction\":[{\"@type\":\"SearchAction\",\"target\":{\"@type\":\"EntryPoint\",\"urlTemplate\":\"https:\\\/\\\/diariodepe.com.br\\\/xinhua\\\/?s={search_term_string}\"},\"query-input\":{\"@type\":\"PropertyValueSpecification\",\"valueRequired\":true,\"valueName\":\"search_term_string\"}}],\"inLanguage\":\"pt-BR\"},{\"@type\":\"Organization\",\"@id\":\"https:\\\/\\\/diariodepe.com.br\\\/xinhua\\\/#organization\",\"name\":\"Xinhua - Diario de Pernambuco\",\"url\":\"https:\\\/\\\/diariodepe.com.br\\\/xinhua\\\/\",\"logo\":{\"@type\":\"ImageObject\",\"inLanguage\":\"pt-BR\",\"@id\":\"https:\\\/\\\/diariodepe.com.br\\\/xinhua\\\/#\\\/schema\\\/logo\\\/image\\\/\",\"url\":\"https:\\\/\\\/diariodepe.com.br\\\/xinhua\\\/wp-content\\\/uploads\\\/sites\\\/3\\\/2020\\\/10\\\/cropped-logo-transparente-2.png\",\"contentUrl\":\"https:\\\/\\\/diariodepe.com.br\\\/xinhua\\\/wp-content\\\/uploads\\\/sites\\\/3\\\/2020\\\/10\\\/cropped-logo-transparente-2.png\",\"width\":512,\"height\":164,\"caption\":\"Xinhua - Diario de Pernambuco\"},\"image\":{\"@id\":\"https:\\\/\\\/diariodepe.com.br\\\/xinhua\\\/#\\\/schema\\\/logo\\\/image\\\/\"}},{\"@type\":\"Person\",\"@id\":\"https:\\\/\\\/diariodepe.com.br\\\/xinhua\\\/#\\\/schema\\\/person\\\/fee9050ea7ed36c8dee0b3d997f13743\",\"name\":\"Ag\u00eancia Xinhua\",\"image\":{\"@type\":\"ImageObject\",\"inLanguage\":\"pt-BR\",\"@id\":\"https:\\\/\\\/secure.gravatar.com\\\/avatar\\\/a406bf2cbb7318a49853cafe127e069e225f65f8de88227ada34c65a51813e14?s=96&d=mm&r=g\",\"url\":\"https:\\\/\\\/secure.gravatar.com\\\/avatar\\\/a406bf2cbb7318a49853cafe127e069e225f65f8de88227ada34c65a51813e14?s=96&d=mm&r=g\",\"contentUrl\":\"https:\\\/\\\/secure.gravatar.com\\\/avatar\\\/a406bf2cbb7318a49853cafe127e069e225f65f8de88227ada34c65a51813e14?s=96&d=mm&r=g\",\"caption\":\"Ag\u00eancia Xinhua\"},\"sameAs\":[\"https:\\\/\\\/www.diariodepernambuco.com.br\"],\"url\":\"https:\\\/\\\/diariodepe.com.br\\\/xinhua\\\/author\\\/agencia-xinhua\\\/\"}]}<\/script>\n<!-- \/ Yoast SEO plugin. -->","yoast_head_json":{"title":"Foz do Igua\u00e7u celebra a uni\u00e3o de culturas no Festival da Lua Chin\u00eas - Xinhua - Diario de Pernambuco","robots":{"index":"index","follow":"follow","max-snippet":"max-snippet:-1","max-image-preview":"max-image-preview:large","max-video-preview":"max-video-preview:-1"},"canonical":"https:\/\/diariodepe.com.br\/xinhua\/2025\/10\/09\/foz-do-iguacu-celebra-a-uniao-de-culturas-no-festival-da-lua-chines\/","og_locale":"pt_BR","og_type":"article","og_title":"Foz do Igua\u00e7u celebra a uni\u00e3o de culturas no Festival da Lua Chin\u00eas - Xinhua - Diario de Pernambuco","og_description":"O tradicional Festival da Lua Chin\u00eas (tamb\u00e9m conhecido como o Festival do Meio Outono) iluminou Foz do Igua\u00e7u em um fim de semana de celebra\u00e7\u00e3o e integra\u00e7\u00e3o cultural. Em uma noite especial, o cen\u00e1rio deslumbrante do mirante da barragem de...","og_url":"https:\/\/diariodepe.com.br\/xinhua\/2025\/10\/09\/foz-do-iguacu-celebra-a-uniao-de-culturas-no-festival-da-lua-chines\/","og_site_name":"Xinhua - Diario de Pernambuco","article_published_time":"2025-10-09T19:07:55+00:00","og_image":[{"width":1000,"height":500,"url":"https:\/\/diariodepe.com.br\/xinhua\/wp-content\/uploads\/sites\/3\/2025\/10\/433f7e000e544589a055e763a0fb906b.jpeg","type":"image\/jpeg"}],"author":"Ag\u00eancia Xinhua","twitter_card":"summary_large_image","twitter_misc":{"Escrito por":"Ag\u00eancia Xinhua","Est. tempo de leitura":"3 minutos"},"schema":{"@context":"https:\/\/schema.org","@graph":[{"@type":"Article","@id":"https:\/\/diariodepe.com.br\/xinhua\/2025\/10\/09\/foz-do-iguacu-celebra-a-uniao-de-culturas-no-festival-da-lua-chines\/#article","isPartOf":{"@id":"https:\/\/diariodepe.com.br\/xinhua\/2025\/10\/09\/foz-do-iguacu-celebra-a-uniao-de-culturas-no-festival-da-lua-chines\/"},"author":{"name":"Ag\u00eancia Xinhua","@id":"https:\/\/diariodepe.com.br\/xinhua\/#\/schema\/person\/fee9050ea7ed36c8dee0b3d997f13743"},"headline":"Foz do Igua\u00e7u celebra a uni\u00e3o de culturas no Festival da Lua Chin\u00eas","datePublished":"2025-10-09T19:07:55+00:00","mainEntityOfPage":{"@id":"https:\/\/diariodepe.com.br\/xinhua\/2025\/10\/09\/foz-do-iguacu-celebra-a-uniao-de-culturas-no-festival-da-lua-chines\/"},"wordCount":571,"commentCount":0,"publisher":{"@id":"https:\/\/diariodepe.com.br\/xinhua\/#organization"},"image":{"@id":"https:\/\/diariodepe.com.br\/xinhua\/2025\/10\/09\/foz-do-iguacu-celebra-a-uniao-de-culturas-no-festival-da-lua-chines\/#primaryimage"},"thumbnailUrl":"https:\/\/diariodepe.com.br\/xinhua\/wp-content\/uploads\/sites\/3\/2025\/10\/433f7e000e544589a055e763a0fb906b.jpeg","articleSection":["Geral"],"inLanguage":"pt-BR","potentialAction":[{"@type":"CommentAction","name":"Comment","target":["https:\/\/diariodepe.com.br\/xinhua\/2025\/10\/09\/foz-do-iguacu-celebra-a-uniao-de-culturas-no-festival-da-lua-chines\/#respond"]}]},{"@type":"WebPage","@id":"https:\/\/diariodepe.com.br\/xinhua\/2025\/10\/09\/foz-do-iguacu-celebra-a-uniao-de-culturas-no-festival-da-lua-chines\/","url":"https:\/\/diariodepe.com.br\/xinhua\/2025\/10\/09\/foz-do-iguacu-celebra-a-uniao-de-culturas-no-festival-da-lua-chines\/","name":"Foz do Igua\u00e7u celebra a uni\u00e3o de culturas no Festival da Lua Chin\u00eas - Xinhua - Diario de Pernambuco","isPartOf":{"@id":"https:\/\/diariodepe.com.br\/xinhua\/#website"},"primaryImageOfPage":{"@id":"https:\/\/diariodepe.com.br\/xinhua\/2025\/10\/09\/foz-do-iguacu-celebra-a-uniao-de-culturas-no-festival-da-lua-chines\/#primaryimage"},"image":{"@id":"https:\/\/diariodepe.com.br\/xinhua\/2025\/10\/09\/foz-do-iguacu-celebra-a-uniao-de-culturas-no-festival-da-lua-chines\/#primaryimage"},"thumbnailUrl":"https:\/\/diariodepe.com.br\/xinhua\/wp-content\/uploads\/sites\/3\/2025\/10\/433f7e000e544589a055e763a0fb906b.jpeg","datePublished":"2025-10-09T19:07:55+00:00","breadcrumb":{"@id":"https:\/\/diariodepe.com.br\/xinhua\/2025\/10\/09\/foz-do-iguacu-celebra-a-uniao-de-culturas-no-festival-da-lua-chines\/#breadcrumb"},"inLanguage":"pt-BR","potentialAction":[{"@type":"ReadAction","target":["https:\/\/diariodepe.com.br\/xinhua\/2025\/10\/09\/foz-do-iguacu-celebra-a-uniao-de-culturas-no-festival-da-lua-chines\/"]}]},{"@type":"ImageObject","inLanguage":"pt-BR","@id":"https:\/\/diariodepe.com.br\/xinhua\/2025\/10\/09\/foz-do-iguacu-celebra-a-uniao-de-culturas-no-festival-da-lua-chines\/#primaryimage","url":"https:\/\/diariodepe.com.br\/xinhua\/wp-content\/uploads\/sites\/3\/2025\/10\/433f7e000e544589a055e763a0fb906b.jpeg","contentUrl":"https:\/\/diariodepe.com.br\/xinhua\/wp-content\/uploads\/sites\/3\/2025\/10\/433f7e000e544589a055e763a0fb906b.jpeg","width":1000,"height":500},{"@type":"BreadcrumbList","@id":"https:\/\/diariodepe.com.br\/xinhua\/2025\/10\/09\/foz-do-iguacu-celebra-a-uniao-de-culturas-no-festival-da-lua-chines\/#breadcrumb","itemListElement":[{"@type":"ListItem","position":1,"name":"In\u00edcio","item":"https:\/\/diariodepe.com.br\/xinhua\/"},{"@type":"ListItem","position":2,"name":"Foz do Igua\u00e7u celebra a uni\u00e3o de culturas no Festival da Lua Chin\u00eas"}]},{"@type":"WebSite","@id":"https:\/\/diariodepe.com.br\/xinhua\/#website","url":"https:\/\/diariodepe.com.br\/xinhua\/","name":"Xinhua - Diario de Pernambuco","description":"A maior ag\u00eancia de not\u00edcias da China e um dos principais canais para conhecer o pa\u00eds","publisher":{"@id":"https:\/\/diariodepe.com.br\/xinhua\/#organization"},"potentialAction":[{"@type":"SearchAction","target":{"@type":"EntryPoint","urlTemplate":"https:\/\/diariodepe.com.br\/xinhua\/?s={search_term_string}"},"query-input":{"@type":"PropertyValueSpecification","valueRequired":true,"valueName":"search_term_string"}}],"inLanguage":"pt-BR"},{"@type":"Organization","@id":"https:\/\/diariodepe.com.br\/xinhua\/#organization","name":"Xinhua - Diario de Pernambuco","url":"https:\/\/diariodepe.com.br\/xinhua\/","logo":{"@type":"ImageObject","inLanguage":"pt-BR","@id":"https:\/\/diariodepe.com.br\/xinhua\/#\/schema\/logo\/image\/","url":"https:\/\/diariodepe.com.br\/xinhua\/wp-content\/uploads\/sites\/3\/2020\/10\/cropped-logo-transparente-2.png","contentUrl":"https:\/\/diariodepe.com.br\/xinhua\/wp-content\/uploads\/sites\/3\/2020\/10\/cropped-logo-transparente-2.png","width":512,"height":164,"caption":"Xinhua - Diario de Pernambuco"},"image":{"@id":"https:\/\/diariodepe.com.br\/xinhua\/#\/schema\/logo\/image\/"}},{"@type":"Person","@id":"https:\/\/diariodepe.com.br\/xinhua\/#\/schema\/person\/fee9050ea7ed36c8dee0b3d997f13743","name":"Ag\u00eancia Xinhua","image":{"@type":"ImageObject","inLanguage":"pt-BR","@id":"https:\/\/secure.gravatar.com\/avatar\/a406bf2cbb7318a49853cafe127e069e225f65f8de88227ada34c65a51813e14?s=96&d=mm&r=g","url":"https:\/\/secure.gravatar.com\/avatar\/a406bf2cbb7318a49853cafe127e069e225f65f8de88227ada34c65a51813e14?s=96&d=mm&r=g","contentUrl":"https:\/\/secure.gravatar.com\/avatar\/a406bf2cbb7318a49853cafe127e069e225f65f8de88227ada34c65a51813e14?s=96&d=mm&r=g","caption":"Ag\u00eancia Xinhua"},"sameAs":["https:\/\/www.diariodepernambuco.com.br"],"url":"https:\/\/diariodepe.com.br\/xinhua\/author\/agencia-xinhua\/"}]}},"cc_featured_image_caption":{"caption_text":"","source_text":"","source_url":""},"amp_enabled":true,"_links":{"self":[{"href":"https:\/\/diariodepe.com.br\/xinhua\/wp-json\/wp\/v2\/posts\/28565","targetHints":{"allow":["GET"]}}],"collection":[{"href":"https:\/\/diariodepe.com.br\/xinhua\/wp-json\/wp\/v2\/posts"}],"about":[{"href":"https:\/\/diariodepe.com.br\/xinhua\/wp-json\/wp\/v2\/types\/post"}],"author":[{"embeddable":true,"href":"https:\/\/diariodepe.com.br\/xinhua\/wp-json\/wp\/v2\/users\/7"}],"replies":[{"embeddable":true,"href":"https:\/\/diariodepe.com.br\/xinhua\/wp-json\/wp\/v2\/comments?post=28565"}],"version-history":[{"count":1,"href":"https:\/\/diariodepe.com.br\/xinhua\/wp-json\/wp\/v2\/posts\/28565\/revisions"}],"predecessor-version":[{"id":28567,"href":"https:\/\/diariodepe.com.br\/xinhua\/wp-json\/wp\/v2\/posts\/28565\/revisions\/28567"}],"wp:featuredmedia":[{"embeddable":true,"href":"https:\/\/diariodepe.com.br\/xinhua\/wp-json\/wp\/v2\/media\/28566"}],"wp:attachment":[{"href":"https:\/\/diariodepe.com.br\/xinhua\/wp-json\/wp\/v2\/media?parent=28565"}],"wp:term":[{"taxonomy":"category","embeddable":true,"href":"https:\/\/diariodepe.com.br\/xinhua\/wp-json\/wp\/v2\/categories?post=28565"},{"taxonomy":"post_tag","embeddable":true,"href":"https:\/\/diariodepe.com.br\/xinhua\/wp-json\/wp\/v2\/tags?post=28565"}],"curies":[{"name":"wp","href":"https:\/\/api.w.org\/{rel}","templated":true}]}}