{"id":28538,"date":"2025-10-08T11:29:34","date_gmt":"2025-10-08T14:29:34","guid":{"rendered":"https:\/\/diariodepe.com.br\/xinhua\/?p=28538"},"modified":"2025-10-08T11:29:34","modified_gmt":"2025-10-08T14:29:34","slug":"brasil-vai-propor-integracao-global-dos-mercados-de-carbono-na-cop30","status":"publish","type":"post","link":"https:\/\/diariodepe.com.br\/xinhua\/2025\/10\/08\/brasil-vai-propor-integracao-global-dos-mercados-de-carbono-na-cop30\/","title":{"rendered":"Brasil vai propor integra\u00e7\u00e3o global dos mercados de carbono na COP30"},"content":{"rendered":"<p>Rio de Janeiro &#8211; O Brasil chegar\u00e1 \u00e0 COP30 com uma proposta hist\u00f3rica: a cria\u00e7\u00e3o da Coaliz\u00e3o Aberta para Integra\u00e7\u00e3o do Mercado de Carbono, iniciativa liderada pelo Minist\u00e9rio da Fazenda que busca harmonizar padr\u00f5es e conectar os diversos sistemas de negocia\u00e7\u00e3o de cr\u00e9ditos de carbono existentes, com o objetivo de gerar liquidez, previsibilidade e transpar\u00eancia no setor, anunciou o governo nesta ter\u00e7a-feira.<\/p>\n<p>De acordo com a Presid\u00eancia brasileira da COP30, a coaliz\u00e3o faz parte do Novo Brasil &#8211; Plano de Transforma\u00e7\u00e3o Ecol\u00f3gica, uma estrat\u00e9gia governamental que promove o desenvolvimento sustent\u00e1vel por meio da combina\u00e7\u00e3o de crescimento econ\u00f4mico, inclus\u00e3o social e preserva\u00e7\u00e3o ambiental. A ades\u00e3o \u00e0 iniciativa ser\u00e1 volunt\u00e1ria, aberta apenas a pa\u00edses que manifestarem interesse, embora novas na\u00e7\u00f5es possam aderir a qualquer momento.<\/p>\n<p>De acordo com Cristina Reis, subsecret\u00e1ria de Desenvolvimento Econ\u00f4mico Sustent\u00e1vel do Minist\u00e9rio da Fazenda, o objetivo central da coaliz\u00e3o \u00e9 acelerar a descarboniza\u00e7\u00e3o das economias e promover a implementa\u00e7\u00e3o do Acordo de Paris. &#8220;A ideia \u00e9 que os pa\u00edses reduzam coletivamente suas emiss\u00f5es para amenizar os impactos da crise clim\u00e1tica e os efeitos adversos dos gases de efeito estufa&#8221;, observou.<\/p>\n<p>Cristina Reis acrescentou que a proposta vai al\u00e9m da esfera ambiental, representando tamb\u00e9m uma solu\u00e7\u00e3o econ\u00f4mica e social. A coaliz\u00e3o promover\u00e1 novas tecnologias e solu\u00e7\u00f5es inovadoras, facilitar\u00e1 a troca de experi\u00eancias entre os pa\u00edses participantes e estabelecer\u00e1 padr\u00f5es de produ\u00e7\u00e3o que valorizem produtos com menor teor de carbono, fortalecendo a competitividade, gerando empregos e reduzindo as desigualdades.<\/p>\n<p>Catherine Wolfram, membro do comit\u00ea de economistas que assessora a Presid\u00eancia da COP30, enfatizou que o Brasil possui uma plataforma poderosa para avan\u00e7ar em dire\u00e7\u00e3o a uma estrutura global de precifica\u00e7\u00e3o de carbono, uma ferramenta fundamental para estimular a descarboniza\u00e7\u00e3o, refletindo o custo das emiss\u00f5es e recompensando decis\u00f5es de menor carbono.<\/p>\n<p>O relat\u00f3rio do comit\u00ea sugere que a coopera\u00e7\u00e3o internacional pode aumentar as ambi\u00e7\u00f5es clim\u00e1ticas, reduzir as tens\u00f5es comerciais e proteger as economias nacionais, ao mesmo tempo em que incentiva a participa\u00e7\u00e3o de pa\u00edses de baixa e m\u00e9dia renda.<\/p>\n<p>A proposta tamb\u00e9m inclui mecanismos de redistribui\u00e7\u00e3o de receitas entre os pa\u00edses-membros, reconhecendo que as contribui\u00e7\u00f5es para as emiss\u00f5es globais e as metas de descarboniza\u00e7\u00e3o variam de acordo com o tamanho econ\u00f4mico, territorial e populacional de cada na\u00e7\u00e3o, bem como com a natureza de suas atividades produtivas.<\/p>\n<p>Parte da receita gerada pela aloca\u00e7\u00e3o de cotas de descarboniza\u00e7\u00e3o ser\u00e1 reinvestida para garantir uma transi\u00e7\u00e3o justa, reduzindo as desigualdades, tanto entre os pa\u00edses, quanto dentro de cada sociedade participante.<\/p>\n<p>Atualmente, quase 80 pa\u00edses ou jurisdi\u00e7\u00f5es possuem sistemas de precifica\u00e7\u00e3o direta de carbono e menos de 40 possuem sistemas de com\u00e9rcio regulamentados.<\/p>\n<p>Em dezembro de 2024, o Brasil aprovou uma lei que institui o Sistema Brasileiro de Com\u00e9rcio de Emiss\u00f5es de Gases de Efeito Estufa (SBCE), um marco regulat\u00f3rio que visa reduzir as emiss\u00f5es e promover inova\u00e7\u00f5es tecnol\u00f3gicas de baixo carbono.<\/p>\n<p>Com essa iniciativa, o Brasil se junta ao grupo de pa\u00edses com sistemas regulamentados de precifica\u00e7\u00e3o de carbono, fortalecendo seu papel na luta global contra as mudan\u00e7as clim\u00e1ticas e incentivando a participa\u00e7\u00e3o do setor privado na agenda de descarboniza\u00e7\u00e3o.<\/p>\n<p>De acordo com Cristina Reis, a COP30 ser\u00e1 a &#8220;COP da implementa\u00e7\u00e3o&#8221;. A coaliz\u00e3o for\u00e7a grandes emissores &#8211; empresas e ind\u00fastrias de energia, transporte e outros setores &#8211; a assumir a responsabilidade pela descarboniza\u00e7\u00e3o, internalizando os efeitos adversos da produ\u00e7\u00e3o sobre o clima e a qualidade de vida, e promovendo a\u00e7\u00f5es clim\u00e1ticas eficazes em n\u00edvel global.<\/p>\n","protected":false},"excerpt":{"rendered":"<p>Rio de Janeiro &#8211; O Brasil chegar\u00e1 \u00e0 COP30 com uma proposta hist\u00f3rica: a cria\u00e7\u00e3o da Coaliz\u00e3o Aberta para Integra\u00e7\u00e3o do Mercado de Carbono, iniciativa liderada pelo Minist\u00e9rio da Fazenda que busca harmonizar padr\u00f5es e conectar os diversos sistemas de&#8230;<\/p>\n","protected":false},"author":7,"featured_media":0,"comment_status":"open","ping_status":"open","sticky":false,"template":"","format":"standard","meta":{"footnotes":""},"categories":[4],"tags":[],"class_list":["post-28538","post","type-post","status-publish","format-standard","hentry","category-internacional"],"yoast_head":"<!-- This site is optimized with the Yoast SEO plugin v27.4 - https:\/\/yoast.com\/product\/yoast-seo-wordpress\/ -->\n<title>Brasil vai propor integra\u00e7\u00e3o global dos mercados de carbono na COP30 - Xinhua - Diario de Pernambuco<\/title>\n<meta name=\"robots\" content=\"index, follow, max-snippet:-1, max-image-preview:large, max-video-preview:-1\" \/>\n<link rel=\"canonical\" href=\"https:\/\/diariodepe.com.br\/xinhua\/2025\/10\/08\/brasil-vai-propor-integracao-global-dos-mercados-de-carbono-na-cop30\/\" \/>\n<meta property=\"og:locale\" content=\"pt_BR\" \/>\n<meta property=\"og:type\" content=\"article\" \/>\n<meta property=\"og:title\" content=\"Brasil vai propor integra\u00e7\u00e3o global dos mercados de carbono na COP30 - Xinhua - Diario de Pernambuco\" \/>\n<meta property=\"og:description\" content=\"Rio de Janeiro &#8211; O Brasil chegar\u00e1 \u00e0 COP30 com uma proposta hist\u00f3rica: a cria\u00e7\u00e3o da Coaliz\u00e3o Aberta para Integra\u00e7\u00e3o do Mercado de Carbono, iniciativa liderada pelo Minist\u00e9rio da Fazenda que busca harmonizar padr\u00f5es e conectar os diversos sistemas de...\" \/>\n<meta property=\"og:url\" content=\"https:\/\/diariodepe.com.br\/xinhua\/2025\/10\/08\/brasil-vai-propor-integracao-global-dos-mercados-de-carbono-na-cop30\/\" \/>\n<meta property=\"og:site_name\" content=\"Xinhua - Diario de Pernambuco\" \/>\n<meta property=\"article:published_time\" content=\"2025-10-08T14:29:34+00:00\" \/>\n<meta name=\"author\" content=\"Ag\u00eancia Xinhua\" \/>\n<meta name=\"twitter:card\" content=\"summary_large_image\" \/>\n<meta name=\"twitter:label1\" content=\"Escrito por\" \/>\n\t<meta name=\"twitter:data1\" content=\"Ag\u00eancia Xinhua\" \/>\n\t<meta name=\"twitter:label2\" content=\"Est. tempo de leitura\" \/>\n\t<meta name=\"twitter:data2\" content=\"4 minutos\" \/>\n<script type=\"application\/ld+json\" class=\"yoast-schema-graph\">{\"@context\":\"https:\\\/\\\/schema.org\",\"@graph\":[{\"@type\":\"Article\",\"@id\":\"https:\\\/\\\/diariodepe.com.br\\\/xinhua\\\/2025\\\/10\\\/08\\\/brasil-vai-propor-integracao-global-dos-mercados-de-carbono-na-cop30\\\/#article\",\"isPartOf\":{\"@id\":\"https:\\\/\\\/diariodepe.com.br\\\/xinhua\\\/2025\\\/10\\\/08\\\/brasil-vai-propor-integracao-global-dos-mercados-de-carbono-na-cop30\\\/\"},\"author\":{\"name\":\"Ag\u00eancia Xinhua\",\"@id\":\"https:\\\/\\\/diariodepe.com.br\\\/xinhua\\\/#\\\/schema\\\/person\\\/fee9050ea7ed36c8dee0b3d997f13743\"},\"headline\":\"Brasil vai propor integra\u00e7\u00e3o global dos mercados de carbono na COP30\",\"datePublished\":\"2025-10-08T14:29:34+00:00\",\"mainEntityOfPage\":{\"@id\":\"https:\\\/\\\/diariodepe.com.br\\\/xinhua\\\/2025\\\/10\\\/08\\\/brasil-vai-propor-integracao-global-dos-mercados-de-carbono-na-cop30\\\/\"},\"wordCount\":663,\"commentCount\":0,\"publisher\":{\"@id\":\"https:\\\/\\\/diariodepe.com.br\\\/xinhua\\\/#organization\"},\"articleSection\":[\"Internacional\"],\"inLanguage\":\"pt-BR\",\"potentialAction\":[{\"@type\":\"CommentAction\",\"name\":\"Comment\",\"target\":[\"https:\\\/\\\/diariodepe.com.br\\\/xinhua\\\/2025\\\/10\\\/08\\\/brasil-vai-propor-integracao-global-dos-mercados-de-carbono-na-cop30\\\/#respond\"]}]},{\"@type\":\"WebPage\",\"@id\":\"https:\\\/\\\/diariodepe.com.br\\\/xinhua\\\/2025\\\/10\\\/08\\\/brasil-vai-propor-integracao-global-dos-mercados-de-carbono-na-cop30\\\/\",\"url\":\"https:\\\/\\\/diariodepe.com.br\\\/xinhua\\\/2025\\\/10\\\/08\\\/brasil-vai-propor-integracao-global-dos-mercados-de-carbono-na-cop30\\\/\",\"name\":\"Brasil vai propor integra\u00e7\u00e3o global dos mercados de carbono na COP30 - Xinhua - Diario de Pernambuco\",\"isPartOf\":{\"@id\":\"https:\\\/\\\/diariodepe.com.br\\\/xinhua\\\/#website\"},\"datePublished\":\"2025-10-08T14:29:34+00:00\",\"breadcrumb\":{\"@id\":\"https:\\\/\\\/diariodepe.com.br\\\/xinhua\\\/2025\\\/10\\\/08\\\/brasil-vai-propor-integracao-global-dos-mercados-de-carbono-na-cop30\\\/#breadcrumb\"},\"inLanguage\":\"pt-BR\",\"potentialAction\":[{\"@type\":\"ReadAction\",\"target\":[\"https:\\\/\\\/diariodepe.com.br\\\/xinhua\\\/2025\\\/10\\\/08\\\/brasil-vai-propor-integracao-global-dos-mercados-de-carbono-na-cop30\\\/\"]}]},{\"@type\":\"BreadcrumbList\",\"@id\":\"https:\\\/\\\/diariodepe.com.br\\\/xinhua\\\/2025\\\/10\\\/08\\\/brasil-vai-propor-integracao-global-dos-mercados-de-carbono-na-cop30\\\/#breadcrumb\",\"itemListElement\":[{\"@type\":\"ListItem\",\"position\":1,\"name\":\"In\u00edcio\",\"item\":\"https:\\\/\\\/diariodepe.com.br\\\/xinhua\\\/\"},{\"@type\":\"ListItem\",\"position\":2,\"name\":\"Brasil vai propor integra\u00e7\u00e3o global dos mercados de carbono na COP30\"}]},{\"@type\":\"WebSite\",\"@id\":\"https:\\\/\\\/diariodepe.com.br\\\/xinhua\\\/#website\",\"url\":\"https:\\\/\\\/diariodepe.com.br\\\/xinhua\\\/\",\"name\":\"Xinhua - Diario de Pernambuco\",\"description\":\"A maior ag\u00eancia de not\u00edcias da China e um dos principais canais para conhecer o pa\u00eds\",\"publisher\":{\"@id\":\"https:\\\/\\\/diariodepe.com.br\\\/xinhua\\\/#organization\"},\"potentialAction\":[{\"@type\":\"SearchAction\",\"target\":{\"@type\":\"EntryPoint\",\"urlTemplate\":\"https:\\\/\\\/diariodepe.com.br\\\/xinhua\\\/?s={search_term_string}\"},\"query-input\":{\"@type\":\"PropertyValueSpecification\",\"valueRequired\":true,\"valueName\":\"search_term_string\"}}],\"inLanguage\":\"pt-BR\"},{\"@type\":\"Organization\",\"@id\":\"https:\\\/\\\/diariodepe.com.br\\\/xinhua\\\/#organization\",\"name\":\"Xinhua - Diario de Pernambuco\",\"url\":\"https:\\\/\\\/diariodepe.com.br\\\/xinhua\\\/\",\"logo\":{\"@type\":\"ImageObject\",\"inLanguage\":\"pt-BR\",\"@id\":\"https:\\\/\\\/diariodepe.com.br\\\/xinhua\\\/#\\\/schema\\\/logo\\\/image\\\/\",\"url\":\"https:\\\/\\\/diariodepe.com.br\\\/xinhua\\\/wp-content\\\/uploads\\\/sites\\\/3\\\/2020\\\/10\\\/cropped-logo-transparente-2.png\",\"contentUrl\":\"https:\\\/\\\/diariodepe.com.br\\\/xinhua\\\/wp-content\\\/uploads\\\/sites\\\/3\\\/2020\\\/10\\\/cropped-logo-transparente-2.png\",\"width\":512,\"height\":164,\"caption\":\"Xinhua - Diario de Pernambuco\"},\"image\":{\"@id\":\"https:\\\/\\\/diariodepe.com.br\\\/xinhua\\\/#\\\/schema\\\/logo\\\/image\\\/\"}},{\"@type\":\"Person\",\"@id\":\"https:\\\/\\\/diariodepe.com.br\\\/xinhua\\\/#\\\/schema\\\/person\\\/fee9050ea7ed36c8dee0b3d997f13743\",\"name\":\"Ag\u00eancia Xinhua\",\"image\":{\"@type\":\"ImageObject\",\"inLanguage\":\"pt-BR\",\"@id\":\"https:\\\/\\\/secure.gravatar.com\\\/avatar\\\/a406bf2cbb7318a49853cafe127e069e225f65f8de88227ada34c65a51813e14?s=96&d=mm&r=g\",\"url\":\"https:\\\/\\\/secure.gravatar.com\\\/avatar\\\/a406bf2cbb7318a49853cafe127e069e225f65f8de88227ada34c65a51813e14?s=96&d=mm&r=g\",\"contentUrl\":\"https:\\\/\\\/secure.gravatar.com\\\/avatar\\\/a406bf2cbb7318a49853cafe127e069e225f65f8de88227ada34c65a51813e14?s=96&d=mm&r=g\",\"caption\":\"Ag\u00eancia Xinhua\"},\"sameAs\":[\"https:\\\/\\\/www.diariodepernambuco.com.br\"],\"url\":\"https:\\\/\\\/diariodepe.com.br\\\/xinhua\\\/author\\\/agencia-xinhua\\\/\"}]}<\/script>\n<!-- \/ Yoast SEO plugin. -->","yoast_head_json":{"title":"Brasil vai propor integra\u00e7\u00e3o global dos mercados de carbono na COP30 - Xinhua - Diario de Pernambuco","robots":{"index":"index","follow":"follow","max-snippet":"max-snippet:-1","max-image-preview":"max-image-preview:large","max-video-preview":"max-video-preview:-1"},"canonical":"https:\/\/diariodepe.com.br\/xinhua\/2025\/10\/08\/brasil-vai-propor-integracao-global-dos-mercados-de-carbono-na-cop30\/","og_locale":"pt_BR","og_type":"article","og_title":"Brasil vai propor integra\u00e7\u00e3o global dos mercados de carbono na COP30 - Xinhua - Diario de Pernambuco","og_description":"Rio de Janeiro &#8211; O Brasil chegar\u00e1 \u00e0 COP30 com uma proposta hist\u00f3rica: a cria\u00e7\u00e3o da Coaliz\u00e3o Aberta para Integra\u00e7\u00e3o do Mercado de Carbono, iniciativa liderada pelo Minist\u00e9rio da Fazenda que busca harmonizar padr\u00f5es e conectar os diversos sistemas de...","og_url":"https:\/\/diariodepe.com.br\/xinhua\/2025\/10\/08\/brasil-vai-propor-integracao-global-dos-mercados-de-carbono-na-cop30\/","og_site_name":"Xinhua - Diario de Pernambuco","article_published_time":"2025-10-08T14:29:34+00:00","author":"Ag\u00eancia Xinhua","twitter_card":"summary_large_image","twitter_misc":{"Escrito por":"Ag\u00eancia Xinhua","Est. tempo de leitura":"4 minutos"},"schema":{"@context":"https:\/\/schema.org","@graph":[{"@type":"Article","@id":"https:\/\/diariodepe.com.br\/xinhua\/2025\/10\/08\/brasil-vai-propor-integracao-global-dos-mercados-de-carbono-na-cop30\/#article","isPartOf":{"@id":"https:\/\/diariodepe.com.br\/xinhua\/2025\/10\/08\/brasil-vai-propor-integracao-global-dos-mercados-de-carbono-na-cop30\/"},"author":{"name":"Ag\u00eancia Xinhua","@id":"https:\/\/diariodepe.com.br\/xinhua\/#\/schema\/person\/fee9050ea7ed36c8dee0b3d997f13743"},"headline":"Brasil vai propor integra\u00e7\u00e3o global dos mercados de carbono na COP30","datePublished":"2025-10-08T14:29:34+00:00","mainEntityOfPage":{"@id":"https:\/\/diariodepe.com.br\/xinhua\/2025\/10\/08\/brasil-vai-propor-integracao-global-dos-mercados-de-carbono-na-cop30\/"},"wordCount":663,"commentCount":0,"publisher":{"@id":"https:\/\/diariodepe.com.br\/xinhua\/#organization"},"articleSection":["Internacional"],"inLanguage":"pt-BR","potentialAction":[{"@type":"CommentAction","name":"Comment","target":["https:\/\/diariodepe.com.br\/xinhua\/2025\/10\/08\/brasil-vai-propor-integracao-global-dos-mercados-de-carbono-na-cop30\/#respond"]}]},{"@type":"WebPage","@id":"https:\/\/diariodepe.com.br\/xinhua\/2025\/10\/08\/brasil-vai-propor-integracao-global-dos-mercados-de-carbono-na-cop30\/","url":"https:\/\/diariodepe.com.br\/xinhua\/2025\/10\/08\/brasil-vai-propor-integracao-global-dos-mercados-de-carbono-na-cop30\/","name":"Brasil vai propor integra\u00e7\u00e3o global dos mercados de carbono na COP30 - Xinhua - Diario de Pernambuco","isPartOf":{"@id":"https:\/\/diariodepe.com.br\/xinhua\/#website"},"datePublished":"2025-10-08T14:29:34+00:00","breadcrumb":{"@id":"https:\/\/diariodepe.com.br\/xinhua\/2025\/10\/08\/brasil-vai-propor-integracao-global-dos-mercados-de-carbono-na-cop30\/#breadcrumb"},"inLanguage":"pt-BR","potentialAction":[{"@type":"ReadAction","target":["https:\/\/diariodepe.com.br\/xinhua\/2025\/10\/08\/brasil-vai-propor-integracao-global-dos-mercados-de-carbono-na-cop30\/"]}]},{"@type":"BreadcrumbList","@id":"https:\/\/diariodepe.com.br\/xinhua\/2025\/10\/08\/brasil-vai-propor-integracao-global-dos-mercados-de-carbono-na-cop30\/#breadcrumb","itemListElement":[{"@type":"ListItem","position":1,"name":"In\u00edcio","item":"https:\/\/diariodepe.com.br\/xinhua\/"},{"@type":"ListItem","position":2,"name":"Brasil vai propor integra\u00e7\u00e3o global dos mercados de carbono na COP30"}]},{"@type":"WebSite","@id":"https:\/\/diariodepe.com.br\/xinhua\/#website","url":"https:\/\/diariodepe.com.br\/xinhua\/","name":"Xinhua - Diario de Pernambuco","description":"A maior ag\u00eancia de not\u00edcias da China e um dos principais canais para conhecer o pa\u00eds","publisher":{"@id":"https:\/\/diariodepe.com.br\/xinhua\/#organization"},"potentialAction":[{"@type":"SearchAction","target":{"@type":"EntryPoint","urlTemplate":"https:\/\/diariodepe.com.br\/xinhua\/?s={search_term_string}"},"query-input":{"@type":"PropertyValueSpecification","valueRequired":true,"valueName":"search_term_string"}}],"inLanguage":"pt-BR"},{"@type":"Organization","@id":"https:\/\/diariodepe.com.br\/xinhua\/#organization","name":"Xinhua - Diario de Pernambuco","url":"https:\/\/diariodepe.com.br\/xinhua\/","logo":{"@type":"ImageObject","inLanguage":"pt-BR","@id":"https:\/\/diariodepe.com.br\/xinhua\/#\/schema\/logo\/image\/","url":"https:\/\/diariodepe.com.br\/xinhua\/wp-content\/uploads\/sites\/3\/2020\/10\/cropped-logo-transparente-2.png","contentUrl":"https:\/\/diariodepe.com.br\/xinhua\/wp-content\/uploads\/sites\/3\/2020\/10\/cropped-logo-transparente-2.png","width":512,"height":164,"caption":"Xinhua - Diario de Pernambuco"},"image":{"@id":"https:\/\/diariodepe.com.br\/xinhua\/#\/schema\/logo\/image\/"}},{"@type":"Person","@id":"https:\/\/diariodepe.com.br\/xinhua\/#\/schema\/person\/fee9050ea7ed36c8dee0b3d997f13743","name":"Ag\u00eancia Xinhua","image":{"@type":"ImageObject","inLanguage":"pt-BR","@id":"https:\/\/secure.gravatar.com\/avatar\/a406bf2cbb7318a49853cafe127e069e225f65f8de88227ada34c65a51813e14?s=96&d=mm&r=g","url":"https:\/\/secure.gravatar.com\/avatar\/a406bf2cbb7318a49853cafe127e069e225f65f8de88227ada34c65a51813e14?s=96&d=mm&r=g","contentUrl":"https:\/\/secure.gravatar.com\/avatar\/a406bf2cbb7318a49853cafe127e069e225f65f8de88227ada34c65a51813e14?s=96&d=mm&r=g","caption":"Ag\u00eancia Xinhua"},"sameAs":["https:\/\/www.diariodepernambuco.com.br"],"url":"https:\/\/diariodepe.com.br\/xinhua\/author\/agencia-xinhua\/"}]}},"cc_featured_image_caption":{"caption_text":"","source_text":"","source_url":""},"amp_enabled":true,"_links":{"self":[{"href":"https:\/\/diariodepe.com.br\/xinhua\/wp-json\/wp\/v2\/posts\/28538","targetHints":{"allow":["GET"]}}],"collection":[{"href":"https:\/\/diariodepe.com.br\/xinhua\/wp-json\/wp\/v2\/posts"}],"about":[{"href":"https:\/\/diariodepe.com.br\/xinhua\/wp-json\/wp\/v2\/types\/post"}],"author":[{"embeddable":true,"href":"https:\/\/diariodepe.com.br\/xinhua\/wp-json\/wp\/v2\/users\/7"}],"replies":[{"embeddable":true,"href":"https:\/\/diariodepe.com.br\/xinhua\/wp-json\/wp\/v2\/comments?post=28538"}],"version-history":[{"count":1,"href":"https:\/\/diariodepe.com.br\/xinhua\/wp-json\/wp\/v2\/posts\/28538\/revisions"}],"predecessor-version":[{"id":28539,"href":"https:\/\/diariodepe.com.br\/xinhua\/wp-json\/wp\/v2\/posts\/28538\/revisions\/28539"}],"wp:attachment":[{"href":"https:\/\/diariodepe.com.br\/xinhua\/wp-json\/wp\/v2\/media?parent=28538"}],"wp:term":[{"taxonomy":"category","embeddable":true,"href":"https:\/\/diariodepe.com.br\/xinhua\/wp-json\/wp\/v2\/categories?post=28538"},{"taxonomy":"post_tag","embeddable":true,"href":"https:\/\/diariodepe.com.br\/xinhua\/wp-json\/wp\/v2\/tags?post=28538"}],"curies":[{"name":"wp","href":"https:\/\/api.w.org\/{rel}","templated":true}]}}