{"id":28531,"date":"2025-10-08T18:17:05","date_gmt":"2025-10-08T21:17:05","guid":{"rendered":"https:\/\/diariodepe.com.br\/xinhua\/?p=28531"},"modified":"2025-10-08T11:18:43","modified_gmt":"2025-10-08T14:18:43","slug":"ministros-das-relacoes-exteriores-da-china-e-da-republica-da-coreia-expressam-disposicao-de-aprofundar-lacos-bilaterais","status":"publish","type":"post","link":"https:\/\/diariodepe.com.br\/xinhua\/2025\/10\/08\/ministros-das-relacoes-exteriores-da-china-e-da-republica-da-coreia-expressam-disposicao-de-aprofundar-lacos-bilaterais\/","title":{"rendered":"Ministros das Rela\u00e7\u00f5es Exteriores da China e da Rep\u00fablica da Coreia expressam disposi\u00e7\u00e3o de aprofundar la\u00e7os bilaterais"},"content":{"rendered":"<p>Beijing &#8211; A China est\u00e1 disposta a trabalhar com a Rep\u00fablica da Coreia para fortalecer a confian\u00e7a m\u00fatua, evitar perturba\u00e7\u00f5es, aprofundar a coopera\u00e7\u00e3o e contribuir para o sucesso m\u00fatuo, a fim de salvaguardar a paz, a estabilidade e a prosperidade regionais, afirmou nesta ter\u00e7a-feira o ministro das Rela\u00e7\u00f5es Exteriores da China, Wang Yi.<\/p>\n<p>Em uma conversa telef\u00f4nica com o ministro das Rela\u00e7\u00f5es Exteriores da Rep\u00fablica da Coreia, Cho Hyun, Wang, tamb\u00e9m membro do Bir\u00f4 Pol\u00edtico do Comit\u00ea Central do Partido Comunista da China, disse que, como os dois pa\u00edses s\u00e3o vizinhos importantes e parceiros pr\u00f3ximos, a China sempre d\u00e1 grande import\u00e2ncia \u00e0s suas rela\u00e7\u00f5es com a Rep\u00fablica da Coreia.<\/p>\n<p>Como a Rep\u00fablica da Coreia e a China sediar\u00e3o a Reuni\u00e3o de L\u00edderes Econ\u00f4micos da APEC neste ano e no pr\u00f3ximo, respectivamente, Wang expressou a esperan\u00e7a de que os dois lados se apoiem mutuamente para construir consenso, fortalecer a solidariedade e a coopera\u00e7\u00e3o, salvaguardar o regime de com\u00e9rcio internacional, defender o multilateralismo e promover o processo de constru\u00e7\u00e3o de uma \u00c1rea de Livre Com\u00e9rcio da \u00c1sia-Pac\u00edfico em busca de uma comunidade da \u00c1sia-Pac\u00edfico.<\/p>\n<p>De sua parte, Cho disse que a Rep\u00fablica da Coreia valoriza muito sua rela\u00e7\u00e3o com a China e n\u00e3o poupar\u00e1 esfor\u00e7os para impulsionar seu crescimento.<\/p>\n<p>Ele expressou a esperan\u00e7a de que a Rep\u00fablica da Coreia aproveite a Reuni\u00e3o de L\u00edderes Econ\u00f4micos da APEC como uma oportunidade para facilitar interc\u00e2mbios de alto n\u00edvel entre os dois pa\u00edses e aprofundar o interc\u00e2mbio e a coopera\u00e7\u00e3o.<\/p>\n","protected":false},"excerpt":{"rendered":"<p>Beijing &#8211; A China est\u00e1 disposta a trabalhar com a Rep\u00fablica da Coreia para fortalecer a confian\u00e7a m\u00fatua, evitar perturba\u00e7\u00f5es, aprofundar a coopera\u00e7\u00e3o e contribuir para o sucesso m\u00fatuo, a fim de salvaguardar a paz, a estabilidade e a prosperidade&#8230;<\/p>\n","protected":false},"author":7,"featured_media":0,"comment_status":"open","ping_status":"open","sticky":false,"template":"","format":"standard","meta":{"footnotes":""},"categories":[4],"tags":[],"class_list":["post-28531","post","type-post","status-publish","format-standard","hentry","category-internacional"],"yoast_head":"<!-- This site is optimized with the Yoast SEO plugin v27.4 - https:\/\/yoast.com\/product\/yoast-seo-wordpress\/ -->\n<title>Ministros das Rela\u00e7\u00f5es Exteriores da China e da Rep\u00fablica da Coreia expressam disposi\u00e7\u00e3o de aprofundar la\u00e7os bilaterais - Xinhua - Diario de Pernambuco<\/title>\n<meta name=\"robots\" content=\"index, follow, max-snippet:-1, max-image-preview:large, max-video-preview:-1\" \/>\n<link rel=\"canonical\" href=\"https:\/\/diariodepe.com.br\/xinhua\/2025\/10\/08\/ministros-das-relacoes-exteriores-da-china-e-da-republica-da-coreia-expressam-disposicao-de-aprofundar-lacos-bilaterais\/\" \/>\n<meta property=\"og:locale\" content=\"pt_BR\" \/>\n<meta property=\"og:type\" content=\"article\" \/>\n<meta property=\"og:title\" content=\"Ministros das Rela\u00e7\u00f5es Exteriores da China e da Rep\u00fablica da Coreia expressam disposi\u00e7\u00e3o de aprofundar la\u00e7os bilaterais - Xinhua - Diario de Pernambuco\" \/>\n<meta property=\"og:description\" content=\"Beijing &#8211; A China est\u00e1 disposta a trabalhar com a Rep\u00fablica da Coreia para fortalecer a confian\u00e7a m\u00fatua, evitar perturba\u00e7\u00f5es, aprofundar a coopera\u00e7\u00e3o e contribuir para o sucesso m\u00fatuo, a fim de salvaguardar a paz, a estabilidade e a prosperidade...\" \/>\n<meta property=\"og:url\" content=\"https:\/\/diariodepe.com.br\/xinhua\/2025\/10\/08\/ministros-das-relacoes-exteriores-da-china-e-da-republica-da-coreia-expressam-disposicao-de-aprofundar-lacos-bilaterais\/\" \/>\n<meta property=\"og:site_name\" content=\"Xinhua - Diario de Pernambuco\" \/>\n<meta property=\"article:published_time\" content=\"2025-10-08T21:17:05+00:00\" \/>\n<meta name=\"author\" content=\"Ag\u00eancia Xinhua\" \/>\n<meta name=\"twitter:card\" content=\"summary_large_image\" \/>\n<meta name=\"twitter:label1\" content=\"Escrito por\" \/>\n\t<meta name=\"twitter:data1\" content=\"Ag\u00eancia Xinhua\" \/>\n\t<meta name=\"twitter:label2\" content=\"Est. tempo de leitura\" \/>\n\t<meta name=\"twitter:data2\" content=\"2 minutos\" \/>\n<script type=\"application\/ld+json\" class=\"yoast-schema-graph\">{\"@context\":\"https:\\\/\\\/schema.org\",\"@graph\":[{\"@type\":\"Article\",\"@id\":\"https:\\\/\\\/diariodepe.com.br\\\/xinhua\\\/2025\\\/10\\\/08\\\/ministros-das-relacoes-exteriores-da-china-e-da-republica-da-coreia-expressam-disposicao-de-aprofundar-lacos-bilaterais\\\/#article\",\"isPartOf\":{\"@id\":\"https:\\\/\\\/diariodepe.com.br\\\/xinhua\\\/2025\\\/10\\\/08\\\/ministros-das-relacoes-exteriores-da-china-e-da-republica-da-coreia-expressam-disposicao-de-aprofundar-lacos-bilaterais\\\/\"},\"author\":{\"name\":\"Ag\u00eancia Xinhua\",\"@id\":\"https:\\\/\\\/diariodepe.com.br\\\/xinhua\\\/#\\\/schema\\\/person\\\/fee9050ea7ed36c8dee0b3d997f13743\"},\"headline\":\"Ministros das Rela\u00e7\u00f5es Exteriores da China e da Rep\u00fablica da Coreia expressam disposi\u00e7\u00e3o de aprofundar la\u00e7os bilaterais\",\"datePublished\":\"2025-10-08T21:17:05+00:00\",\"mainEntityOfPage\":{\"@id\":\"https:\\\/\\\/diariodepe.com.br\\\/xinhua\\\/2025\\\/10\\\/08\\\/ministros-das-relacoes-exteriores-da-china-e-da-republica-da-coreia-expressam-disposicao-de-aprofundar-lacos-bilaterais\\\/\"},\"wordCount\":312,\"commentCount\":0,\"publisher\":{\"@id\":\"https:\\\/\\\/diariodepe.com.br\\\/xinhua\\\/#organization\"},\"articleSection\":[\"Internacional\"],\"inLanguage\":\"pt-BR\",\"potentialAction\":[{\"@type\":\"CommentAction\",\"name\":\"Comment\",\"target\":[\"https:\\\/\\\/diariodepe.com.br\\\/xinhua\\\/2025\\\/10\\\/08\\\/ministros-das-relacoes-exteriores-da-china-e-da-republica-da-coreia-expressam-disposicao-de-aprofundar-lacos-bilaterais\\\/#respond\"]}]},{\"@type\":\"WebPage\",\"@id\":\"https:\\\/\\\/diariodepe.com.br\\\/xinhua\\\/2025\\\/10\\\/08\\\/ministros-das-relacoes-exteriores-da-china-e-da-republica-da-coreia-expressam-disposicao-de-aprofundar-lacos-bilaterais\\\/\",\"url\":\"https:\\\/\\\/diariodepe.com.br\\\/xinhua\\\/2025\\\/10\\\/08\\\/ministros-das-relacoes-exteriores-da-china-e-da-republica-da-coreia-expressam-disposicao-de-aprofundar-lacos-bilaterais\\\/\",\"name\":\"Ministros das Rela\u00e7\u00f5es Exteriores da China e da Rep\u00fablica da Coreia expressam disposi\u00e7\u00e3o de aprofundar la\u00e7os bilaterais - Xinhua - Diario de Pernambuco\",\"isPartOf\":{\"@id\":\"https:\\\/\\\/diariodepe.com.br\\\/xinhua\\\/#website\"},\"datePublished\":\"2025-10-08T21:17:05+00:00\",\"breadcrumb\":{\"@id\":\"https:\\\/\\\/diariodepe.com.br\\\/xinhua\\\/2025\\\/10\\\/08\\\/ministros-das-relacoes-exteriores-da-china-e-da-republica-da-coreia-expressam-disposicao-de-aprofundar-lacos-bilaterais\\\/#breadcrumb\"},\"inLanguage\":\"pt-BR\",\"potentialAction\":[{\"@type\":\"ReadAction\",\"target\":[\"https:\\\/\\\/diariodepe.com.br\\\/xinhua\\\/2025\\\/10\\\/08\\\/ministros-das-relacoes-exteriores-da-china-e-da-republica-da-coreia-expressam-disposicao-de-aprofundar-lacos-bilaterais\\\/\"]}]},{\"@type\":\"BreadcrumbList\",\"@id\":\"https:\\\/\\\/diariodepe.com.br\\\/xinhua\\\/2025\\\/10\\\/08\\\/ministros-das-relacoes-exteriores-da-china-e-da-republica-da-coreia-expressam-disposicao-de-aprofundar-lacos-bilaterais\\\/#breadcrumb\",\"itemListElement\":[{\"@type\":\"ListItem\",\"position\":1,\"name\":\"In\u00edcio\",\"item\":\"https:\\\/\\\/diariodepe.com.br\\\/xinhua\\\/\"},{\"@type\":\"ListItem\",\"position\":2,\"name\":\"Ministros das Rela\u00e7\u00f5es Exteriores da China e da Rep\u00fablica da Coreia expressam disposi\u00e7\u00e3o de aprofundar la\u00e7os bilaterais\"}]},{\"@type\":\"WebSite\",\"@id\":\"https:\\\/\\\/diariodepe.com.br\\\/xinhua\\\/#website\",\"url\":\"https:\\\/\\\/diariodepe.com.br\\\/xinhua\\\/\",\"name\":\"Xinhua - Diario de Pernambuco\",\"description\":\"A maior ag\u00eancia de not\u00edcias da China e um dos principais canais para conhecer o pa\u00eds\",\"publisher\":{\"@id\":\"https:\\\/\\\/diariodepe.com.br\\\/xinhua\\\/#organization\"},\"potentialAction\":[{\"@type\":\"SearchAction\",\"target\":{\"@type\":\"EntryPoint\",\"urlTemplate\":\"https:\\\/\\\/diariodepe.com.br\\\/xinhua\\\/?s={search_term_string}\"},\"query-input\":{\"@type\":\"PropertyValueSpecification\",\"valueRequired\":true,\"valueName\":\"search_term_string\"}}],\"inLanguage\":\"pt-BR\"},{\"@type\":\"Organization\",\"@id\":\"https:\\\/\\\/diariodepe.com.br\\\/xinhua\\\/#organization\",\"name\":\"Xinhua - Diario de Pernambuco\",\"url\":\"https:\\\/\\\/diariodepe.com.br\\\/xinhua\\\/\",\"logo\":{\"@type\":\"ImageObject\",\"inLanguage\":\"pt-BR\",\"@id\":\"https:\\\/\\\/diariodepe.com.br\\\/xinhua\\\/#\\\/schema\\\/logo\\\/image\\\/\",\"url\":\"https:\\\/\\\/diariodepe.com.br\\\/xinhua\\\/wp-content\\\/uploads\\\/sites\\\/3\\\/2020\\\/10\\\/cropped-logo-transparente-2.png\",\"contentUrl\":\"https:\\\/\\\/diariodepe.com.br\\\/xinhua\\\/wp-content\\\/uploads\\\/sites\\\/3\\\/2020\\\/10\\\/cropped-logo-transparente-2.png\",\"width\":512,\"height\":164,\"caption\":\"Xinhua - Diario de Pernambuco\"},\"image\":{\"@id\":\"https:\\\/\\\/diariodepe.com.br\\\/xinhua\\\/#\\\/schema\\\/logo\\\/image\\\/\"}},{\"@type\":\"Person\",\"@id\":\"https:\\\/\\\/diariodepe.com.br\\\/xinhua\\\/#\\\/schema\\\/person\\\/fee9050ea7ed36c8dee0b3d997f13743\",\"name\":\"Ag\u00eancia Xinhua\",\"image\":{\"@type\":\"ImageObject\",\"inLanguage\":\"pt-BR\",\"@id\":\"https:\\\/\\\/secure.gravatar.com\\\/avatar\\\/a406bf2cbb7318a49853cafe127e069e225f65f8de88227ada34c65a51813e14?s=96&d=mm&r=g\",\"url\":\"https:\\\/\\\/secure.gravatar.com\\\/avatar\\\/a406bf2cbb7318a49853cafe127e069e225f65f8de88227ada34c65a51813e14?s=96&d=mm&r=g\",\"contentUrl\":\"https:\\\/\\\/secure.gravatar.com\\\/avatar\\\/a406bf2cbb7318a49853cafe127e069e225f65f8de88227ada34c65a51813e14?s=96&d=mm&r=g\",\"caption\":\"Ag\u00eancia Xinhua\"},\"sameAs\":[\"https:\\\/\\\/www.diariodepernambuco.com.br\"],\"url\":\"https:\\\/\\\/diariodepe.com.br\\\/xinhua\\\/author\\\/agencia-xinhua\\\/\"}]}<\/script>\n<!-- \/ Yoast SEO plugin. -->","yoast_head_json":{"title":"Ministros das Rela\u00e7\u00f5es Exteriores da China e da Rep\u00fablica da Coreia expressam disposi\u00e7\u00e3o de aprofundar la\u00e7os bilaterais - Xinhua - Diario de Pernambuco","robots":{"index":"index","follow":"follow","max-snippet":"max-snippet:-1","max-image-preview":"max-image-preview:large","max-video-preview":"max-video-preview:-1"},"canonical":"https:\/\/diariodepe.com.br\/xinhua\/2025\/10\/08\/ministros-das-relacoes-exteriores-da-china-e-da-republica-da-coreia-expressam-disposicao-de-aprofundar-lacos-bilaterais\/","og_locale":"pt_BR","og_type":"article","og_title":"Ministros das Rela\u00e7\u00f5es Exteriores da China e da Rep\u00fablica da Coreia expressam disposi\u00e7\u00e3o de aprofundar la\u00e7os bilaterais - Xinhua - Diario de Pernambuco","og_description":"Beijing &#8211; A China est\u00e1 disposta a trabalhar com a Rep\u00fablica da Coreia para fortalecer a confian\u00e7a m\u00fatua, evitar perturba\u00e7\u00f5es, aprofundar a coopera\u00e7\u00e3o e contribuir para o sucesso m\u00fatuo, a fim de salvaguardar a paz, a estabilidade e a prosperidade...","og_url":"https:\/\/diariodepe.com.br\/xinhua\/2025\/10\/08\/ministros-das-relacoes-exteriores-da-china-e-da-republica-da-coreia-expressam-disposicao-de-aprofundar-lacos-bilaterais\/","og_site_name":"Xinhua - Diario de Pernambuco","article_published_time":"2025-10-08T21:17:05+00:00","author":"Ag\u00eancia Xinhua","twitter_card":"summary_large_image","twitter_misc":{"Escrito por":"Ag\u00eancia Xinhua","Est. tempo de leitura":"2 minutos"},"schema":{"@context":"https:\/\/schema.org","@graph":[{"@type":"Article","@id":"https:\/\/diariodepe.com.br\/xinhua\/2025\/10\/08\/ministros-das-relacoes-exteriores-da-china-e-da-republica-da-coreia-expressam-disposicao-de-aprofundar-lacos-bilaterais\/#article","isPartOf":{"@id":"https:\/\/diariodepe.com.br\/xinhua\/2025\/10\/08\/ministros-das-relacoes-exteriores-da-china-e-da-republica-da-coreia-expressam-disposicao-de-aprofundar-lacos-bilaterais\/"},"author":{"name":"Ag\u00eancia Xinhua","@id":"https:\/\/diariodepe.com.br\/xinhua\/#\/schema\/person\/fee9050ea7ed36c8dee0b3d997f13743"},"headline":"Ministros das Rela\u00e7\u00f5es Exteriores da China e da Rep\u00fablica da Coreia expressam disposi\u00e7\u00e3o de aprofundar la\u00e7os bilaterais","datePublished":"2025-10-08T21:17:05+00:00","mainEntityOfPage":{"@id":"https:\/\/diariodepe.com.br\/xinhua\/2025\/10\/08\/ministros-das-relacoes-exteriores-da-china-e-da-republica-da-coreia-expressam-disposicao-de-aprofundar-lacos-bilaterais\/"},"wordCount":312,"commentCount":0,"publisher":{"@id":"https:\/\/diariodepe.com.br\/xinhua\/#organization"},"articleSection":["Internacional"],"inLanguage":"pt-BR","potentialAction":[{"@type":"CommentAction","name":"Comment","target":["https:\/\/diariodepe.com.br\/xinhua\/2025\/10\/08\/ministros-das-relacoes-exteriores-da-china-e-da-republica-da-coreia-expressam-disposicao-de-aprofundar-lacos-bilaterais\/#respond"]}]},{"@type":"WebPage","@id":"https:\/\/diariodepe.com.br\/xinhua\/2025\/10\/08\/ministros-das-relacoes-exteriores-da-china-e-da-republica-da-coreia-expressam-disposicao-de-aprofundar-lacos-bilaterais\/","url":"https:\/\/diariodepe.com.br\/xinhua\/2025\/10\/08\/ministros-das-relacoes-exteriores-da-china-e-da-republica-da-coreia-expressam-disposicao-de-aprofundar-lacos-bilaterais\/","name":"Ministros das Rela\u00e7\u00f5es Exteriores da China e da Rep\u00fablica da Coreia expressam disposi\u00e7\u00e3o de aprofundar la\u00e7os bilaterais - Xinhua - Diario de Pernambuco","isPartOf":{"@id":"https:\/\/diariodepe.com.br\/xinhua\/#website"},"datePublished":"2025-10-08T21:17:05+00:00","breadcrumb":{"@id":"https:\/\/diariodepe.com.br\/xinhua\/2025\/10\/08\/ministros-das-relacoes-exteriores-da-china-e-da-republica-da-coreia-expressam-disposicao-de-aprofundar-lacos-bilaterais\/#breadcrumb"},"inLanguage":"pt-BR","potentialAction":[{"@type":"ReadAction","target":["https:\/\/diariodepe.com.br\/xinhua\/2025\/10\/08\/ministros-das-relacoes-exteriores-da-china-e-da-republica-da-coreia-expressam-disposicao-de-aprofundar-lacos-bilaterais\/"]}]},{"@type":"BreadcrumbList","@id":"https:\/\/diariodepe.com.br\/xinhua\/2025\/10\/08\/ministros-das-relacoes-exteriores-da-china-e-da-republica-da-coreia-expressam-disposicao-de-aprofundar-lacos-bilaterais\/#breadcrumb","itemListElement":[{"@type":"ListItem","position":1,"name":"In\u00edcio","item":"https:\/\/diariodepe.com.br\/xinhua\/"},{"@type":"ListItem","position":2,"name":"Ministros das Rela\u00e7\u00f5es Exteriores da China e da Rep\u00fablica da Coreia expressam disposi\u00e7\u00e3o de aprofundar la\u00e7os bilaterais"}]},{"@type":"WebSite","@id":"https:\/\/diariodepe.com.br\/xinhua\/#website","url":"https:\/\/diariodepe.com.br\/xinhua\/","name":"Xinhua - Diario de Pernambuco","description":"A maior ag\u00eancia de not\u00edcias da China e um dos principais canais para conhecer o pa\u00eds","publisher":{"@id":"https:\/\/diariodepe.com.br\/xinhua\/#organization"},"potentialAction":[{"@type":"SearchAction","target":{"@type":"EntryPoint","urlTemplate":"https:\/\/diariodepe.com.br\/xinhua\/?s={search_term_string}"},"query-input":{"@type":"PropertyValueSpecification","valueRequired":true,"valueName":"search_term_string"}}],"inLanguage":"pt-BR"},{"@type":"Organization","@id":"https:\/\/diariodepe.com.br\/xinhua\/#organization","name":"Xinhua - Diario de Pernambuco","url":"https:\/\/diariodepe.com.br\/xinhua\/","logo":{"@type":"ImageObject","inLanguage":"pt-BR","@id":"https:\/\/diariodepe.com.br\/xinhua\/#\/schema\/logo\/image\/","url":"https:\/\/diariodepe.com.br\/xinhua\/wp-content\/uploads\/sites\/3\/2020\/10\/cropped-logo-transparente-2.png","contentUrl":"https:\/\/diariodepe.com.br\/xinhua\/wp-content\/uploads\/sites\/3\/2020\/10\/cropped-logo-transparente-2.png","width":512,"height":164,"caption":"Xinhua - Diario de Pernambuco"},"image":{"@id":"https:\/\/diariodepe.com.br\/xinhua\/#\/schema\/logo\/image\/"}},{"@type":"Person","@id":"https:\/\/diariodepe.com.br\/xinhua\/#\/schema\/person\/fee9050ea7ed36c8dee0b3d997f13743","name":"Ag\u00eancia Xinhua","image":{"@type":"ImageObject","inLanguage":"pt-BR","@id":"https:\/\/secure.gravatar.com\/avatar\/a406bf2cbb7318a49853cafe127e069e225f65f8de88227ada34c65a51813e14?s=96&d=mm&r=g","url":"https:\/\/secure.gravatar.com\/avatar\/a406bf2cbb7318a49853cafe127e069e225f65f8de88227ada34c65a51813e14?s=96&d=mm&r=g","contentUrl":"https:\/\/secure.gravatar.com\/avatar\/a406bf2cbb7318a49853cafe127e069e225f65f8de88227ada34c65a51813e14?s=96&d=mm&r=g","caption":"Ag\u00eancia Xinhua"},"sameAs":["https:\/\/www.diariodepernambuco.com.br"],"url":"https:\/\/diariodepe.com.br\/xinhua\/author\/agencia-xinhua\/"}]}},"cc_featured_image_caption":{"caption_text":"","source_text":"","source_url":""},"amp_enabled":true,"_links":{"self":[{"href":"https:\/\/diariodepe.com.br\/xinhua\/wp-json\/wp\/v2\/posts\/28531","targetHints":{"allow":["GET"]}}],"collection":[{"href":"https:\/\/diariodepe.com.br\/xinhua\/wp-json\/wp\/v2\/posts"}],"about":[{"href":"https:\/\/diariodepe.com.br\/xinhua\/wp-json\/wp\/v2\/types\/post"}],"author":[{"embeddable":true,"href":"https:\/\/diariodepe.com.br\/xinhua\/wp-json\/wp\/v2\/users\/7"}],"replies":[{"embeddable":true,"href":"https:\/\/diariodepe.com.br\/xinhua\/wp-json\/wp\/v2\/comments?post=28531"}],"version-history":[{"count":1,"href":"https:\/\/diariodepe.com.br\/xinhua\/wp-json\/wp\/v2\/posts\/28531\/revisions"}],"predecessor-version":[{"id":28532,"href":"https:\/\/diariodepe.com.br\/xinhua\/wp-json\/wp\/v2\/posts\/28531\/revisions\/28532"}],"wp:attachment":[{"href":"https:\/\/diariodepe.com.br\/xinhua\/wp-json\/wp\/v2\/media?parent=28531"}],"wp:term":[{"taxonomy":"category","embeddable":true,"href":"https:\/\/diariodepe.com.br\/xinhua\/wp-json\/wp\/v2\/categories?post=28531"},{"taxonomy":"post_tag","embeddable":true,"href":"https:\/\/diariodepe.com.br\/xinhua\/wp-json\/wp\/v2\/tags?post=28531"}],"curies":[{"name":"wp","href":"https:\/\/api.w.org\/{rel}","templated":true}]}}