{"id":28507,"date":"2025-10-07T15:27:08","date_gmt":"2025-10-07T18:27:08","guid":{"rendered":"https:\/\/diariodepe.com.br\/xinhua\/?p=28507"},"modified":"2025-10-07T09:27:59","modified_gmt":"2025-10-07T12:27:59","slug":"primeiro-ministro-chines-participara-das-celebracoes-dos-80-anos-do-partido-dos-trabalhadores-da-coreia-e-realizara-visita-oficial-de-boa-vontade-a-rpdc","status":"publish","type":"post","link":"https:\/\/diariodepe.com.br\/xinhua\/2025\/10\/07\/primeiro-ministro-chines-participara-das-celebracoes-dos-80-anos-do-partido-dos-trabalhadores-da-coreia-e-realizara-visita-oficial-de-boa-vontade-a-rpdc\/","title":{"rendered":"Primeiro-ministro chin\u00eas participar\u00e1 das celebra\u00e7\u00f5es dos 80 anos do Partido dos Trabalhadores da Coreia e realizar\u00e1 visita oficial de boa vontade \u00e0 RPDC"},"content":{"rendered":"<p>Beijing &#8211; A convite do Comit\u00ea Central do Partido dos Trabalhadores da Coreia (PTC) e do governo da Rep\u00fablica Popular Democr\u00e1tica da Coreia (RPDC), o primeiro-ministro chin\u00eas, Li Qiang, participar\u00e1 das celebra\u00e7\u00f5es do 80\u00ba anivers\u00e1rio do PTC e realizar\u00e1 uma visita oficial de boa vontade \u00e0 RPDC de 9 a 11 de outubro, anunciou ter\u00e7a-feira um porta-voz do Minist\u00e9rio das Rela\u00e7\u00f5es Exteriores da China.<\/p>\n<p>Li, tamb\u00e9m membro do Comit\u00ea Permanente do Bir\u00f4 Pol\u00edtico do Comit\u00ea Central do Partido Comunista da China (PCCh), liderar\u00e1 uma delega\u00e7\u00e3o do partido e do governo \u00e0 RPDC, disse o porta-voz.<\/p>\n<p>A China e a RPDC s\u00e3o amigos tradicionais e vizinhos, e \u00e9 uma pol\u00edtica estrat\u00e9gica inabal\u00e1vel do PCCh e do governo chin\u00eas manter, consolidar e desenvolver as rela\u00e7\u00f5es China-RPDC, disse o porta-voz ao ser questionado sobre o contexto e as expectativas da China em rela\u00e7\u00e3o \u00e0 pr\u00f3xima visita de Li.<\/p>\n<p>Observando que este ano marca o 80\u00ba anivers\u00e1rio da funda\u00e7\u00e3o do PTC, o porta-voz afirmou que a China est\u00e1 pronta para, por meio desta visita, trabalhar com a RPDC para seguir as orienta\u00e7\u00f5es dos importantes entendimentos comuns alcan\u00e7ados entre os principais l\u00edderes dos dois partidos e dos dois pa\u00edses, ampliar a comunica\u00e7\u00e3o estrat\u00e9gica, fortalecer os interc\u00e2mbios e a coopera\u00e7\u00e3o, e promover a amizade tradicional e os la\u00e7os cooperativos entre a China e a RPDC.<\/p>\n","protected":false},"excerpt":{"rendered":"<p>Beijing &#8211; A convite do Comit\u00ea Central do Partido dos Trabalhadores da Coreia (PTC) e do governo da Rep\u00fablica Popular Democr\u00e1tica da Coreia (RPDC), o primeiro-ministro chin\u00eas, Li Qiang, participar\u00e1 das celebra\u00e7\u00f5es do 80\u00ba anivers\u00e1rio do PTC e realizar\u00e1 uma&#8230;<\/p>\n","protected":false},"author":7,"featured_media":0,"comment_status":"open","ping_status":"open","sticky":false,"template":"","format":"standard","meta":{"footnotes":""},"categories":[3],"tags":[],"class_list":["post-28507","post","type-post","status-publish","format-standard","hentry","category-china"],"yoast_head":"<!-- This site is optimized with the Yoast SEO plugin v27.4 - https:\/\/yoast.com\/product\/yoast-seo-wordpress\/ -->\n<title>Primeiro-ministro chin\u00eas participar\u00e1 das celebra\u00e7\u00f5es dos 80 anos do Partido dos Trabalhadores da Coreia e realizar\u00e1 visita oficial de boa vontade \u00e0 RPDC - Xinhua - Diario de Pernambuco<\/title>\n<meta name=\"robots\" content=\"index, follow, max-snippet:-1, max-image-preview:large, max-video-preview:-1\" \/>\n<link rel=\"canonical\" href=\"https:\/\/diariodepe.com.br\/xinhua\/2025\/10\/07\/primeiro-ministro-chines-participara-das-celebracoes-dos-80-anos-do-partido-dos-trabalhadores-da-coreia-e-realizara-visita-oficial-de-boa-vontade-a-rpdc\/\" \/>\n<meta property=\"og:locale\" content=\"pt_BR\" \/>\n<meta property=\"og:type\" content=\"article\" \/>\n<meta property=\"og:title\" content=\"Primeiro-ministro chin\u00eas participar\u00e1 das celebra\u00e7\u00f5es dos 80 anos do Partido dos Trabalhadores da Coreia e realizar\u00e1 visita oficial de boa vontade \u00e0 RPDC - Xinhua - Diario de Pernambuco\" \/>\n<meta property=\"og:description\" content=\"Beijing &#8211; A convite do Comit\u00ea Central do Partido dos Trabalhadores da Coreia (PTC) e do governo da Rep\u00fablica Popular Democr\u00e1tica da Coreia (RPDC), o primeiro-ministro chin\u00eas, Li Qiang, participar\u00e1 das celebra\u00e7\u00f5es do 80\u00ba anivers\u00e1rio do PTC e realizar\u00e1 uma...\" \/>\n<meta property=\"og:url\" content=\"https:\/\/diariodepe.com.br\/xinhua\/2025\/10\/07\/primeiro-ministro-chines-participara-das-celebracoes-dos-80-anos-do-partido-dos-trabalhadores-da-coreia-e-realizara-visita-oficial-de-boa-vontade-a-rpdc\/\" \/>\n<meta property=\"og:site_name\" content=\"Xinhua - Diario de Pernambuco\" \/>\n<meta property=\"article:published_time\" content=\"2025-10-07T18:27:08+00:00\" \/>\n<meta name=\"author\" content=\"Ag\u00eancia Xinhua\" \/>\n<meta name=\"twitter:card\" content=\"summary_large_image\" \/>\n<meta name=\"twitter:label1\" content=\"Escrito por\" \/>\n\t<meta name=\"twitter:data1\" content=\"Ag\u00eancia Xinhua\" \/>\n\t<meta name=\"twitter:label2\" content=\"Est. tempo de leitura\" \/>\n\t<meta name=\"twitter:data2\" content=\"2 minutos\" \/>\n<script type=\"application\/ld+json\" class=\"yoast-schema-graph\">{\"@context\":\"https:\\\/\\\/schema.org\",\"@graph\":[{\"@type\":\"Article\",\"@id\":\"https:\\\/\\\/diariodepe.com.br\\\/xinhua\\\/2025\\\/10\\\/07\\\/primeiro-ministro-chines-participara-das-celebracoes-dos-80-anos-do-partido-dos-trabalhadores-da-coreia-e-realizara-visita-oficial-de-boa-vontade-a-rpdc\\\/#article\",\"isPartOf\":{\"@id\":\"https:\\\/\\\/diariodepe.com.br\\\/xinhua\\\/2025\\\/10\\\/07\\\/primeiro-ministro-chines-participara-das-celebracoes-dos-80-anos-do-partido-dos-trabalhadores-da-coreia-e-realizara-visita-oficial-de-boa-vontade-a-rpdc\\\/\"},\"author\":{\"name\":\"Ag\u00eancia Xinhua\",\"@id\":\"https:\\\/\\\/diariodepe.com.br\\\/xinhua\\\/#\\\/schema\\\/person\\\/fee9050ea7ed36c8dee0b3d997f13743\"},\"headline\":\"Primeiro-ministro chin\u00eas participar\u00e1 das celebra\u00e7\u00f5es dos 80 anos do Partido dos Trabalhadores da Coreia e realizar\u00e1 visita oficial de boa vontade \u00e0 RPDC\",\"datePublished\":\"2025-10-07T18:27:08+00:00\",\"mainEntityOfPage\":{\"@id\":\"https:\\\/\\\/diariodepe.com.br\\\/xinhua\\\/2025\\\/10\\\/07\\\/primeiro-ministro-chines-participara-das-celebracoes-dos-80-anos-do-partido-dos-trabalhadores-da-coreia-e-realizara-visita-oficial-de-boa-vontade-a-rpdc\\\/\"},\"wordCount\":264,\"commentCount\":0,\"publisher\":{\"@id\":\"https:\\\/\\\/diariodepe.com.br\\\/xinhua\\\/#organization\"},\"articleSection\":[\"China\"],\"inLanguage\":\"pt-BR\",\"potentialAction\":[{\"@type\":\"CommentAction\",\"name\":\"Comment\",\"target\":[\"https:\\\/\\\/diariodepe.com.br\\\/xinhua\\\/2025\\\/10\\\/07\\\/primeiro-ministro-chines-participara-das-celebracoes-dos-80-anos-do-partido-dos-trabalhadores-da-coreia-e-realizara-visita-oficial-de-boa-vontade-a-rpdc\\\/#respond\"]}]},{\"@type\":\"WebPage\",\"@id\":\"https:\\\/\\\/diariodepe.com.br\\\/xinhua\\\/2025\\\/10\\\/07\\\/primeiro-ministro-chines-participara-das-celebracoes-dos-80-anos-do-partido-dos-trabalhadores-da-coreia-e-realizara-visita-oficial-de-boa-vontade-a-rpdc\\\/\",\"url\":\"https:\\\/\\\/diariodepe.com.br\\\/xinhua\\\/2025\\\/10\\\/07\\\/primeiro-ministro-chines-participara-das-celebracoes-dos-80-anos-do-partido-dos-trabalhadores-da-coreia-e-realizara-visita-oficial-de-boa-vontade-a-rpdc\\\/\",\"name\":\"Primeiro-ministro chin\u00eas participar\u00e1 das celebra\u00e7\u00f5es dos 80 anos do Partido dos Trabalhadores da Coreia e realizar\u00e1 visita oficial de boa vontade \u00e0 RPDC - Xinhua - Diario de Pernambuco\",\"isPartOf\":{\"@id\":\"https:\\\/\\\/diariodepe.com.br\\\/xinhua\\\/#website\"},\"datePublished\":\"2025-10-07T18:27:08+00:00\",\"breadcrumb\":{\"@id\":\"https:\\\/\\\/diariodepe.com.br\\\/xinhua\\\/2025\\\/10\\\/07\\\/primeiro-ministro-chines-participara-das-celebracoes-dos-80-anos-do-partido-dos-trabalhadores-da-coreia-e-realizara-visita-oficial-de-boa-vontade-a-rpdc\\\/#breadcrumb\"},\"inLanguage\":\"pt-BR\",\"potentialAction\":[{\"@type\":\"ReadAction\",\"target\":[\"https:\\\/\\\/diariodepe.com.br\\\/xinhua\\\/2025\\\/10\\\/07\\\/primeiro-ministro-chines-participara-das-celebracoes-dos-80-anos-do-partido-dos-trabalhadores-da-coreia-e-realizara-visita-oficial-de-boa-vontade-a-rpdc\\\/\"]}]},{\"@type\":\"BreadcrumbList\",\"@id\":\"https:\\\/\\\/diariodepe.com.br\\\/xinhua\\\/2025\\\/10\\\/07\\\/primeiro-ministro-chines-participara-das-celebracoes-dos-80-anos-do-partido-dos-trabalhadores-da-coreia-e-realizara-visita-oficial-de-boa-vontade-a-rpdc\\\/#breadcrumb\",\"itemListElement\":[{\"@type\":\"ListItem\",\"position\":1,\"name\":\"In\u00edcio\",\"item\":\"https:\\\/\\\/diariodepe.com.br\\\/xinhua\\\/\"},{\"@type\":\"ListItem\",\"position\":2,\"name\":\"Primeiro-ministro chin\u00eas participar\u00e1 das celebra\u00e7\u00f5es dos 80 anos do Partido dos Trabalhadores da Coreia e realizar\u00e1 visita oficial de boa vontade \u00e0 RPDC\"}]},{\"@type\":\"WebSite\",\"@id\":\"https:\\\/\\\/diariodepe.com.br\\\/xinhua\\\/#website\",\"url\":\"https:\\\/\\\/diariodepe.com.br\\\/xinhua\\\/\",\"name\":\"Xinhua - Diario de Pernambuco\",\"description\":\"A maior ag\u00eancia de not\u00edcias da China e um dos principais canais para conhecer o pa\u00eds\",\"publisher\":{\"@id\":\"https:\\\/\\\/diariodepe.com.br\\\/xinhua\\\/#organization\"},\"potentialAction\":[{\"@type\":\"SearchAction\",\"target\":{\"@type\":\"EntryPoint\",\"urlTemplate\":\"https:\\\/\\\/diariodepe.com.br\\\/xinhua\\\/?s={search_term_string}\"},\"query-input\":{\"@type\":\"PropertyValueSpecification\",\"valueRequired\":true,\"valueName\":\"search_term_string\"}}],\"inLanguage\":\"pt-BR\"},{\"@type\":\"Organization\",\"@id\":\"https:\\\/\\\/diariodepe.com.br\\\/xinhua\\\/#organization\",\"name\":\"Xinhua - Diario de Pernambuco\",\"url\":\"https:\\\/\\\/diariodepe.com.br\\\/xinhua\\\/\",\"logo\":{\"@type\":\"ImageObject\",\"inLanguage\":\"pt-BR\",\"@id\":\"https:\\\/\\\/diariodepe.com.br\\\/xinhua\\\/#\\\/schema\\\/logo\\\/image\\\/\",\"url\":\"https:\\\/\\\/diariodepe.com.br\\\/xinhua\\\/wp-content\\\/uploads\\\/sites\\\/3\\\/2020\\\/10\\\/cropped-logo-transparente-2.png\",\"contentUrl\":\"https:\\\/\\\/diariodepe.com.br\\\/xinhua\\\/wp-content\\\/uploads\\\/sites\\\/3\\\/2020\\\/10\\\/cropped-logo-transparente-2.png\",\"width\":512,\"height\":164,\"caption\":\"Xinhua - Diario de Pernambuco\"},\"image\":{\"@id\":\"https:\\\/\\\/diariodepe.com.br\\\/xinhua\\\/#\\\/schema\\\/logo\\\/image\\\/\"}},{\"@type\":\"Person\",\"@id\":\"https:\\\/\\\/diariodepe.com.br\\\/xinhua\\\/#\\\/schema\\\/person\\\/fee9050ea7ed36c8dee0b3d997f13743\",\"name\":\"Ag\u00eancia Xinhua\",\"image\":{\"@type\":\"ImageObject\",\"inLanguage\":\"pt-BR\",\"@id\":\"https:\\\/\\\/secure.gravatar.com\\\/avatar\\\/a406bf2cbb7318a49853cafe127e069e225f65f8de88227ada34c65a51813e14?s=96&d=mm&r=g\",\"url\":\"https:\\\/\\\/secure.gravatar.com\\\/avatar\\\/a406bf2cbb7318a49853cafe127e069e225f65f8de88227ada34c65a51813e14?s=96&d=mm&r=g\",\"contentUrl\":\"https:\\\/\\\/secure.gravatar.com\\\/avatar\\\/a406bf2cbb7318a49853cafe127e069e225f65f8de88227ada34c65a51813e14?s=96&d=mm&r=g\",\"caption\":\"Ag\u00eancia Xinhua\"},\"sameAs\":[\"https:\\\/\\\/www.diariodepernambuco.com.br\"],\"url\":\"https:\\\/\\\/diariodepe.com.br\\\/xinhua\\\/author\\\/agencia-xinhua\\\/\"}]}<\/script>\n<!-- \/ Yoast SEO plugin. -->","yoast_head_json":{"title":"Primeiro-ministro chin\u00eas participar\u00e1 das celebra\u00e7\u00f5es dos 80 anos do Partido dos Trabalhadores da Coreia e realizar\u00e1 visita oficial de boa vontade \u00e0 RPDC - Xinhua - Diario de Pernambuco","robots":{"index":"index","follow":"follow","max-snippet":"max-snippet:-1","max-image-preview":"max-image-preview:large","max-video-preview":"max-video-preview:-1"},"canonical":"https:\/\/diariodepe.com.br\/xinhua\/2025\/10\/07\/primeiro-ministro-chines-participara-das-celebracoes-dos-80-anos-do-partido-dos-trabalhadores-da-coreia-e-realizara-visita-oficial-de-boa-vontade-a-rpdc\/","og_locale":"pt_BR","og_type":"article","og_title":"Primeiro-ministro chin\u00eas participar\u00e1 das celebra\u00e7\u00f5es dos 80 anos do Partido dos Trabalhadores da Coreia e realizar\u00e1 visita oficial de boa vontade \u00e0 RPDC - Xinhua - Diario de Pernambuco","og_description":"Beijing &#8211; A convite do Comit\u00ea Central do Partido dos Trabalhadores da Coreia (PTC) e do governo da Rep\u00fablica Popular Democr\u00e1tica da Coreia (RPDC), o primeiro-ministro chin\u00eas, Li Qiang, participar\u00e1 das celebra\u00e7\u00f5es do 80\u00ba anivers\u00e1rio do PTC e realizar\u00e1 uma...","og_url":"https:\/\/diariodepe.com.br\/xinhua\/2025\/10\/07\/primeiro-ministro-chines-participara-das-celebracoes-dos-80-anos-do-partido-dos-trabalhadores-da-coreia-e-realizara-visita-oficial-de-boa-vontade-a-rpdc\/","og_site_name":"Xinhua - Diario de Pernambuco","article_published_time":"2025-10-07T18:27:08+00:00","author":"Ag\u00eancia Xinhua","twitter_card":"summary_large_image","twitter_misc":{"Escrito por":"Ag\u00eancia Xinhua","Est. tempo de leitura":"2 minutos"},"schema":{"@context":"https:\/\/schema.org","@graph":[{"@type":"Article","@id":"https:\/\/diariodepe.com.br\/xinhua\/2025\/10\/07\/primeiro-ministro-chines-participara-das-celebracoes-dos-80-anos-do-partido-dos-trabalhadores-da-coreia-e-realizara-visita-oficial-de-boa-vontade-a-rpdc\/#article","isPartOf":{"@id":"https:\/\/diariodepe.com.br\/xinhua\/2025\/10\/07\/primeiro-ministro-chines-participara-das-celebracoes-dos-80-anos-do-partido-dos-trabalhadores-da-coreia-e-realizara-visita-oficial-de-boa-vontade-a-rpdc\/"},"author":{"name":"Ag\u00eancia Xinhua","@id":"https:\/\/diariodepe.com.br\/xinhua\/#\/schema\/person\/fee9050ea7ed36c8dee0b3d997f13743"},"headline":"Primeiro-ministro chin\u00eas participar\u00e1 das celebra\u00e7\u00f5es dos 80 anos do Partido dos Trabalhadores da Coreia e realizar\u00e1 visita oficial de boa vontade \u00e0 RPDC","datePublished":"2025-10-07T18:27:08+00:00","mainEntityOfPage":{"@id":"https:\/\/diariodepe.com.br\/xinhua\/2025\/10\/07\/primeiro-ministro-chines-participara-das-celebracoes-dos-80-anos-do-partido-dos-trabalhadores-da-coreia-e-realizara-visita-oficial-de-boa-vontade-a-rpdc\/"},"wordCount":264,"commentCount":0,"publisher":{"@id":"https:\/\/diariodepe.com.br\/xinhua\/#organization"},"articleSection":["China"],"inLanguage":"pt-BR","potentialAction":[{"@type":"CommentAction","name":"Comment","target":["https:\/\/diariodepe.com.br\/xinhua\/2025\/10\/07\/primeiro-ministro-chines-participara-das-celebracoes-dos-80-anos-do-partido-dos-trabalhadores-da-coreia-e-realizara-visita-oficial-de-boa-vontade-a-rpdc\/#respond"]}]},{"@type":"WebPage","@id":"https:\/\/diariodepe.com.br\/xinhua\/2025\/10\/07\/primeiro-ministro-chines-participara-das-celebracoes-dos-80-anos-do-partido-dos-trabalhadores-da-coreia-e-realizara-visita-oficial-de-boa-vontade-a-rpdc\/","url":"https:\/\/diariodepe.com.br\/xinhua\/2025\/10\/07\/primeiro-ministro-chines-participara-das-celebracoes-dos-80-anos-do-partido-dos-trabalhadores-da-coreia-e-realizara-visita-oficial-de-boa-vontade-a-rpdc\/","name":"Primeiro-ministro chin\u00eas participar\u00e1 das celebra\u00e7\u00f5es dos 80 anos do Partido dos Trabalhadores da Coreia e realizar\u00e1 visita oficial de boa vontade \u00e0 RPDC - Xinhua - Diario de Pernambuco","isPartOf":{"@id":"https:\/\/diariodepe.com.br\/xinhua\/#website"},"datePublished":"2025-10-07T18:27:08+00:00","breadcrumb":{"@id":"https:\/\/diariodepe.com.br\/xinhua\/2025\/10\/07\/primeiro-ministro-chines-participara-das-celebracoes-dos-80-anos-do-partido-dos-trabalhadores-da-coreia-e-realizara-visita-oficial-de-boa-vontade-a-rpdc\/#breadcrumb"},"inLanguage":"pt-BR","potentialAction":[{"@type":"ReadAction","target":["https:\/\/diariodepe.com.br\/xinhua\/2025\/10\/07\/primeiro-ministro-chines-participara-das-celebracoes-dos-80-anos-do-partido-dos-trabalhadores-da-coreia-e-realizara-visita-oficial-de-boa-vontade-a-rpdc\/"]}]},{"@type":"BreadcrumbList","@id":"https:\/\/diariodepe.com.br\/xinhua\/2025\/10\/07\/primeiro-ministro-chines-participara-das-celebracoes-dos-80-anos-do-partido-dos-trabalhadores-da-coreia-e-realizara-visita-oficial-de-boa-vontade-a-rpdc\/#breadcrumb","itemListElement":[{"@type":"ListItem","position":1,"name":"In\u00edcio","item":"https:\/\/diariodepe.com.br\/xinhua\/"},{"@type":"ListItem","position":2,"name":"Primeiro-ministro chin\u00eas participar\u00e1 das celebra\u00e7\u00f5es dos 80 anos do Partido dos Trabalhadores da Coreia e realizar\u00e1 visita oficial de boa vontade \u00e0 RPDC"}]},{"@type":"WebSite","@id":"https:\/\/diariodepe.com.br\/xinhua\/#website","url":"https:\/\/diariodepe.com.br\/xinhua\/","name":"Xinhua - Diario de Pernambuco","description":"A maior ag\u00eancia de not\u00edcias da China e um dos principais canais para conhecer o pa\u00eds","publisher":{"@id":"https:\/\/diariodepe.com.br\/xinhua\/#organization"},"potentialAction":[{"@type":"SearchAction","target":{"@type":"EntryPoint","urlTemplate":"https:\/\/diariodepe.com.br\/xinhua\/?s={search_term_string}"},"query-input":{"@type":"PropertyValueSpecification","valueRequired":true,"valueName":"search_term_string"}}],"inLanguage":"pt-BR"},{"@type":"Organization","@id":"https:\/\/diariodepe.com.br\/xinhua\/#organization","name":"Xinhua - Diario de Pernambuco","url":"https:\/\/diariodepe.com.br\/xinhua\/","logo":{"@type":"ImageObject","inLanguage":"pt-BR","@id":"https:\/\/diariodepe.com.br\/xinhua\/#\/schema\/logo\/image\/","url":"https:\/\/diariodepe.com.br\/xinhua\/wp-content\/uploads\/sites\/3\/2020\/10\/cropped-logo-transparente-2.png","contentUrl":"https:\/\/diariodepe.com.br\/xinhua\/wp-content\/uploads\/sites\/3\/2020\/10\/cropped-logo-transparente-2.png","width":512,"height":164,"caption":"Xinhua - Diario de Pernambuco"},"image":{"@id":"https:\/\/diariodepe.com.br\/xinhua\/#\/schema\/logo\/image\/"}},{"@type":"Person","@id":"https:\/\/diariodepe.com.br\/xinhua\/#\/schema\/person\/fee9050ea7ed36c8dee0b3d997f13743","name":"Ag\u00eancia Xinhua","image":{"@type":"ImageObject","inLanguage":"pt-BR","@id":"https:\/\/secure.gravatar.com\/avatar\/a406bf2cbb7318a49853cafe127e069e225f65f8de88227ada34c65a51813e14?s=96&d=mm&r=g","url":"https:\/\/secure.gravatar.com\/avatar\/a406bf2cbb7318a49853cafe127e069e225f65f8de88227ada34c65a51813e14?s=96&d=mm&r=g","contentUrl":"https:\/\/secure.gravatar.com\/avatar\/a406bf2cbb7318a49853cafe127e069e225f65f8de88227ada34c65a51813e14?s=96&d=mm&r=g","caption":"Ag\u00eancia Xinhua"},"sameAs":["https:\/\/www.diariodepernambuco.com.br"],"url":"https:\/\/diariodepe.com.br\/xinhua\/author\/agencia-xinhua\/"}]}},"cc_featured_image_caption":{"caption_text":"","source_text":"","source_url":""},"amp_enabled":true,"_links":{"self":[{"href":"https:\/\/diariodepe.com.br\/xinhua\/wp-json\/wp\/v2\/posts\/28507","targetHints":{"allow":["GET"]}}],"collection":[{"href":"https:\/\/diariodepe.com.br\/xinhua\/wp-json\/wp\/v2\/posts"}],"about":[{"href":"https:\/\/diariodepe.com.br\/xinhua\/wp-json\/wp\/v2\/types\/post"}],"author":[{"embeddable":true,"href":"https:\/\/diariodepe.com.br\/xinhua\/wp-json\/wp\/v2\/users\/7"}],"replies":[{"embeddable":true,"href":"https:\/\/diariodepe.com.br\/xinhua\/wp-json\/wp\/v2\/comments?post=28507"}],"version-history":[{"count":1,"href":"https:\/\/diariodepe.com.br\/xinhua\/wp-json\/wp\/v2\/posts\/28507\/revisions"}],"predecessor-version":[{"id":28508,"href":"https:\/\/diariodepe.com.br\/xinhua\/wp-json\/wp\/v2\/posts\/28507\/revisions\/28508"}],"wp:attachment":[{"href":"https:\/\/diariodepe.com.br\/xinhua\/wp-json\/wp\/v2\/media?parent=28507"}],"wp:term":[{"taxonomy":"category","embeddable":true,"href":"https:\/\/diariodepe.com.br\/xinhua\/wp-json\/wp\/v2\/categories?post=28507"},{"taxonomy":"post_tag","embeddable":true,"href":"https:\/\/diariodepe.com.br\/xinhua\/wp-json\/wp\/v2\/tags?post=28507"}],"curies":[{"name":"wp","href":"https:\/\/api.w.org\/{rel}","templated":true}]}}