{"id":2842,"date":"2021-09-01T14:05:44","date_gmt":"2021-09-01T17:05:44","guid":{"rendered":"http:\/\/www.diariodepe.com.br\/xinhua\/?p=2842"},"modified":"2021-09-01T14:05:45","modified_gmt":"2021-09-01T17:05:45","slug":"convencao-mundial-5g-de-2021-e-aberta-em-beijing","status":"publish","type":"post","link":"https:\/\/diariodepe.com.br\/xinhua\/2021\/09\/01\/convencao-mundial-5g-de-2021-e-aberta-em-beijing\/","title":{"rendered":"Conven\u00e7\u00e3o Mundial 5G de 2021 \u00e9 aberta em Beijing"},"content":{"rendered":"\n<p>Beijing 1\u00ba set &#8211; A Conven\u00e7\u00e3o Mundial 5G de 2021 foi inaugurada na ter\u00e7a-feira em Beijing, com mais de 1.500 especialistas da ind\u00fastria, acad\u00eamicos e empres\u00e1rios de 20 pa\u00edses participando online e offline.<\/p>\n\n\n\n<p>A conven\u00e7\u00e3o, com o tema &#8220;5G+ Por Todos Para Todos&#8221;, concentra-se na constru\u00e7\u00e3o conjunta de infraestruturas digitais, promovendo a coopera\u00e7\u00e3o industrial e facilitando a coopera\u00e7\u00e3o internacional e a colabora\u00e7\u00e3o da cadeia industrial e inova\u00e7\u00e3o no campo do 5G.<\/p>\n\n\n\n<p>O evento de tr\u00eas dias apresenta f\u00f3runs, exposi\u00e7\u00f5es e uma competi\u00e7\u00e3o de design de aplicativos baseada no 5G. Oito dos 11 f\u00f3runs se focam em aplicativos 5G nas \u00e1reas de internet industrial, redu\u00e7\u00e3o de carbono, sa\u00fade, educa\u00e7\u00e3o, Jogos Ol\u00edmpicos de Inverno 2022 e m\u00eddia.<\/p>\n\n\n\n<p>A Conven\u00e7\u00e3o Mundial 5G \u00e9 a primeira confer\u00eancia internacional do mundo no campo do 5G. A primeira edi\u00e7\u00e3o deste evento foi realizada em Beijing em 2019.<\/p>\n","protected":false},"excerpt":{"rendered":"<p>Beijing 1\u00ba set &#8211; A Conven\u00e7\u00e3o Mundial 5G de 2021 foi inaugurada na ter\u00e7a-feira em Beijing, com mais de 1.500 especialistas da ind\u00fastria, acad\u00eamicos e empres\u00e1rios de 20 pa\u00edses participando online e offline. A conven\u00e7\u00e3o, com o tema &#8220;5G+ Por&#8230;<\/p>\n","protected":false},"author":3,"featured_media":2843,"comment_status":"open","ping_status":"open","sticky":false,"template":"","format":"standard","meta":{"footnotes":""},"categories":[6],"tags":[],"class_list":["post-2842","post","type-post","status-publish","format-standard","has-post-thumbnail","hentry","category-cultura-tecnologia"],"yoast_head":"<!-- This site is optimized with the Yoast SEO plugin v27.4 - https:\/\/yoast.com\/product\/yoast-seo-wordpress\/ -->\n<title>Conven\u00e7\u00e3o Mundial 5G de 2021 \u00e9 aberta em Beijing - Xinhua - Diario de Pernambuco<\/title>\n<meta name=\"robots\" content=\"index, follow, max-snippet:-1, max-image-preview:large, max-video-preview:-1\" \/>\n<link rel=\"canonical\" href=\"https:\/\/diariodepe.com.br\/xinhua\/2021\/09\/01\/convencao-mundial-5g-de-2021-e-aberta-em-beijing\/\" \/>\n<meta property=\"og:locale\" content=\"pt_BR\" \/>\n<meta property=\"og:type\" content=\"article\" \/>\n<meta property=\"og:title\" content=\"Conven\u00e7\u00e3o Mundial 5G de 2021 \u00e9 aberta em Beijing - Xinhua - Diario de Pernambuco\" \/>\n<meta property=\"og:description\" content=\"Beijing 1\u00ba set &#8211; A Conven\u00e7\u00e3o Mundial 5G de 2021 foi inaugurada na ter\u00e7a-feira em Beijing, com mais de 1.500 especialistas da ind\u00fastria, acad\u00eamicos e empres\u00e1rios de 20 pa\u00edses participando online e offline. A conven\u00e7\u00e3o, com o tema &#8220;5G+ Por...\" \/>\n<meta property=\"og:url\" content=\"https:\/\/diariodepe.com.br\/xinhua\/2021\/09\/01\/convencao-mundial-5g-de-2021-e-aberta-em-beijing\/\" \/>\n<meta property=\"og:site_name\" content=\"Xinhua - Diario de Pernambuco\" \/>\n<meta property=\"article:published_time\" content=\"2021-09-01T17:05:44+00:00\" \/>\n<meta property=\"article:modified_time\" content=\"2021-09-01T17:05:45+00:00\" \/>\n<meta property=\"og:image\" content=\"https:\/\/diariodepe.com.br\/xinhua\/wp-content\/uploads\/sites\/3\/2021\/09\/1310161214_16304664282611n.jpg\" \/>\n\t<meta property=\"og:image:width\" content=\"899\" \/>\n\t<meta property=\"og:image:height\" content=\"520\" \/>\n\t<meta property=\"og:image:type\" content=\"image\/jpeg\" \/>\n<meta name=\"author\" content=\"Marcelo Oliveira de A. Maranhao\" \/>\n<meta name=\"twitter:card\" content=\"summary_large_image\" \/>\n<meta name=\"twitter:label1\" content=\"Escrito por\" \/>\n\t<meta name=\"twitter:data1\" content=\"Marcelo Oliveira de A. Maranhao\" \/>\n\t<meta name=\"twitter:label2\" content=\"Est. tempo de leitura\" \/>\n\t<meta name=\"twitter:data2\" content=\"1 minuto\" \/>\n<script type=\"application\/ld+json\" class=\"yoast-schema-graph\">{\"@context\":\"https:\\\/\\\/schema.org\",\"@graph\":[{\"@type\":\"Article\",\"@id\":\"https:\\\/\\\/diariodepe.com.br\\\/xinhua\\\/2021\\\/09\\\/01\\\/convencao-mundial-5g-de-2021-e-aberta-em-beijing\\\/#article\",\"isPartOf\":{\"@id\":\"https:\\\/\\\/diariodepe.com.br\\\/xinhua\\\/2021\\\/09\\\/01\\\/convencao-mundial-5g-de-2021-e-aberta-em-beijing\\\/\"},\"author\":{\"name\":\"Marcelo Oliveira de A. Maranhao\",\"@id\":\"https:\\\/\\\/diariodepe.com.br\\\/xinhua\\\/#\\\/schema\\\/person\\\/0943d6fd02bdc7b49c8f495e8787a2cb\"},\"headline\":\"Conven\u00e7\u00e3o Mundial 5G de 2021 \u00e9 aberta em Beijing\",\"datePublished\":\"2021-09-01T17:05:44+00:00\",\"dateModified\":\"2021-09-01T17:05:45+00:00\",\"mainEntityOfPage\":{\"@id\":\"https:\\\/\\\/diariodepe.com.br\\\/xinhua\\\/2021\\\/09\\\/01\\\/convencao-mundial-5g-de-2021-e-aberta-em-beijing\\\/\"},\"wordCount\":166,\"commentCount\":0,\"publisher\":{\"@id\":\"https:\\\/\\\/diariodepe.com.br\\\/xinhua\\\/#organization\"},\"image\":{\"@id\":\"https:\\\/\\\/diariodepe.com.br\\\/xinhua\\\/2021\\\/09\\\/01\\\/convencao-mundial-5g-de-2021-e-aberta-em-beijing\\\/#primaryimage\"},\"thumbnailUrl\":\"https:\\\/\\\/diariodepe.com.br\\\/xinhua\\\/wp-content\\\/uploads\\\/sites\\\/3\\\/2021\\\/09\\\/1310161214_16304664282611n.jpg\",\"articleSection\":[\"Cultura \\\/ Tecnologia\"],\"inLanguage\":\"pt-BR\",\"potentialAction\":[{\"@type\":\"CommentAction\",\"name\":\"Comment\",\"target\":[\"https:\\\/\\\/diariodepe.com.br\\\/xinhua\\\/2021\\\/09\\\/01\\\/convencao-mundial-5g-de-2021-e-aberta-em-beijing\\\/#respond\"]}]},{\"@type\":\"WebPage\",\"@id\":\"https:\\\/\\\/diariodepe.com.br\\\/xinhua\\\/2021\\\/09\\\/01\\\/convencao-mundial-5g-de-2021-e-aberta-em-beijing\\\/\",\"url\":\"https:\\\/\\\/diariodepe.com.br\\\/xinhua\\\/2021\\\/09\\\/01\\\/convencao-mundial-5g-de-2021-e-aberta-em-beijing\\\/\",\"name\":\"Conven\u00e7\u00e3o Mundial 5G de 2021 \u00e9 aberta em Beijing - Xinhua - Diario de Pernambuco\",\"isPartOf\":{\"@id\":\"https:\\\/\\\/diariodepe.com.br\\\/xinhua\\\/#website\"},\"primaryImageOfPage\":{\"@id\":\"https:\\\/\\\/diariodepe.com.br\\\/xinhua\\\/2021\\\/09\\\/01\\\/convencao-mundial-5g-de-2021-e-aberta-em-beijing\\\/#primaryimage\"},\"image\":{\"@id\":\"https:\\\/\\\/diariodepe.com.br\\\/xinhua\\\/2021\\\/09\\\/01\\\/convencao-mundial-5g-de-2021-e-aberta-em-beijing\\\/#primaryimage\"},\"thumbnailUrl\":\"https:\\\/\\\/diariodepe.com.br\\\/xinhua\\\/wp-content\\\/uploads\\\/sites\\\/3\\\/2021\\\/09\\\/1310161214_16304664282611n.jpg\",\"datePublished\":\"2021-09-01T17:05:44+00:00\",\"dateModified\":\"2021-09-01T17:05:45+00:00\",\"breadcrumb\":{\"@id\":\"https:\\\/\\\/diariodepe.com.br\\\/xinhua\\\/2021\\\/09\\\/01\\\/convencao-mundial-5g-de-2021-e-aberta-em-beijing\\\/#breadcrumb\"},\"inLanguage\":\"pt-BR\",\"potentialAction\":[{\"@type\":\"ReadAction\",\"target\":[\"https:\\\/\\\/diariodepe.com.br\\\/xinhua\\\/2021\\\/09\\\/01\\\/convencao-mundial-5g-de-2021-e-aberta-em-beijing\\\/\"]}]},{\"@type\":\"ImageObject\",\"inLanguage\":\"pt-BR\",\"@id\":\"https:\\\/\\\/diariodepe.com.br\\\/xinhua\\\/2021\\\/09\\\/01\\\/convencao-mundial-5g-de-2021-e-aberta-em-beijing\\\/#primaryimage\",\"url\":\"https:\\\/\\\/diariodepe.com.br\\\/xinhua\\\/wp-content\\\/uploads\\\/sites\\\/3\\\/2021\\\/09\\\/1310161214_16304664282611n.jpg\",\"contentUrl\":\"https:\\\/\\\/diariodepe.com.br\\\/xinhua\\\/wp-content\\\/uploads\\\/sites\\\/3\\\/2021\\\/09\\\/1310161214_16304664282611n.jpg\",\"width\":899,\"height\":520,\"caption\":\"Foto tirada em 31 de agosto de 2021 mostra a cerim\u00f4nia de abertura da Conven\u00e7\u00e3o Mundial 5G de 2021 em Beijing, capital da China. A Conven\u00e7\u00e3o Mundial 5G de 2021 come\u00e7ou aqui na ter\u00e7a-feira. (Xinhua\\\/Ren Chao)\"},{\"@type\":\"BreadcrumbList\",\"@id\":\"https:\\\/\\\/diariodepe.com.br\\\/xinhua\\\/2021\\\/09\\\/01\\\/convencao-mundial-5g-de-2021-e-aberta-em-beijing\\\/#breadcrumb\",\"itemListElement\":[{\"@type\":\"ListItem\",\"position\":1,\"name\":\"In\u00edcio\",\"item\":\"https:\\\/\\\/diariodepe.com.br\\\/xinhua\\\/\"},{\"@type\":\"ListItem\",\"position\":2,\"name\":\"Conven\u00e7\u00e3o Mundial 5G de 2021 \u00e9 aberta em Beijing\"}]},{\"@type\":\"WebSite\",\"@id\":\"https:\\\/\\\/diariodepe.com.br\\\/xinhua\\\/#website\",\"url\":\"https:\\\/\\\/diariodepe.com.br\\\/xinhua\\\/\",\"name\":\"Xinhua - Diario de Pernambuco\",\"description\":\"A maior ag\u00eancia de not\u00edcias da China e um dos principais canais para conhecer o pa\u00eds\",\"publisher\":{\"@id\":\"https:\\\/\\\/diariodepe.com.br\\\/xinhua\\\/#organization\"},\"potentialAction\":[{\"@type\":\"SearchAction\",\"target\":{\"@type\":\"EntryPoint\",\"urlTemplate\":\"https:\\\/\\\/diariodepe.com.br\\\/xinhua\\\/?s={search_term_string}\"},\"query-input\":{\"@type\":\"PropertyValueSpecification\",\"valueRequired\":true,\"valueName\":\"search_term_string\"}}],\"inLanguage\":\"pt-BR\"},{\"@type\":\"Organization\",\"@id\":\"https:\\\/\\\/diariodepe.com.br\\\/xinhua\\\/#organization\",\"name\":\"Xinhua - Diario de Pernambuco\",\"url\":\"https:\\\/\\\/diariodepe.com.br\\\/xinhua\\\/\",\"logo\":{\"@type\":\"ImageObject\",\"inLanguage\":\"pt-BR\",\"@id\":\"https:\\\/\\\/diariodepe.com.br\\\/xinhua\\\/#\\\/schema\\\/logo\\\/image\\\/\",\"url\":\"https:\\\/\\\/diariodepe.com.br\\\/xinhua\\\/wp-content\\\/uploads\\\/sites\\\/3\\\/2020\\\/10\\\/cropped-logo-transparente-2.png\",\"contentUrl\":\"https:\\\/\\\/diariodepe.com.br\\\/xinhua\\\/wp-content\\\/uploads\\\/sites\\\/3\\\/2020\\\/10\\\/cropped-logo-transparente-2.png\",\"width\":512,\"height\":164,\"caption\":\"Xinhua - Diario de Pernambuco\"},\"image\":{\"@id\":\"https:\\\/\\\/diariodepe.com.br\\\/xinhua\\\/#\\\/schema\\\/logo\\\/image\\\/\"}},{\"@type\":\"Person\",\"@id\":\"https:\\\/\\\/diariodepe.com.br\\\/xinhua\\\/#\\\/schema\\\/person\\\/0943d6fd02bdc7b49c8f495e8787a2cb\",\"name\":\"Marcelo Oliveira de A. Maranhao\",\"image\":{\"@type\":\"ImageObject\",\"inLanguage\":\"pt-BR\",\"@id\":\"https:\\\/\\\/secure.gravatar.com\\\/avatar\\\/f562caee940d39879c20e90eea3e4b21860c7d4c96684c23141c554824f0059c?s=96&d=mm&r=g\",\"url\":\"https:\\\/\\\/secure.gravatar.com\\\/avatar\\\/f562caee940d39879c20e90eea3e4b21860c7d4c96684c23141c554824f0059c?s=96&d=mm&r=g\",\"contentUrl\":\"https:\\\/\\\/secure.gravatar.com\\\/avatar\\\/f562caee940d39879c20e90eea3e4b21860c7d4c96684c23141c554824f0059c?s=96&d=mm&r=g\",\"caption\":\"Marcelo Oliveira de A. Maranhao\"},\"url\":\"https:\\\/\\\/diariodepe.com.br\\\/xinhua\\\/author\\\/marcelo-maranhao\\\/\"}]}<\/script>\n<!-- \/ Yoast SEO plugin. -->","yoast_head_json":{"title":"Conven\u00e7\u00e3o Mundial 5G de 2021 \u00e9 aberta em Beijing - Xinhua - Diario de Pernambuco","robots":{"index":"index","follow":"follow","max-snippet":"max-snippet:-1","max-image-preview":"max-image-preview:large","max-video-preview":"max-video-preview:-1"},"canonical":"https:\/\/diariodepe.com.br\/xinhua\/2021\/09\/01\/convencao-mundial-5g-de-2021-e-aberta-em-beijing\/","og_locale":"pt_BR","og_type":"article","og_title":"Conven\u00e7\u00e3o Mundial 5G de 2021 \u00e9 aberta em Beijing - Xinhua - Diario de Pernambuco","og_description":"Beijing 1\u00ba set &#8211; A Conven\u00e7\u00e3o Mundial 5G de 2021 foi inaugurada na ter\u00e7a-feira em Beijing, com mais de 1.500 especialistas da ind\u00fastria, acad\u00eamicos e empres\u00e1rios de 20 pa\u00edses participando online e offline. A conven\u00e7\u00e3o, com o tema &#8220;5G+ Por...","og_url":"https:\/\/diariodepe.com.br\/xinhua\/2021\/09\/01\/convencao-mundial-5g-de-2021-e-aberta-em-beijing\/","og_site_name":"Xinhua - Diario de Pernambuco","article_published_time":"2021-09-01T17:05:44+00:00","article_modified_time":"2021-09-01T17:05:45+00:00","og_image":[{"width":899,"height":520,"url":"https:\/\/diariodepe.com.br\/xinhua\/wp-content\/uploads\/sites\/3\/2021\/09\/1310161214_16304664282611n.jpg","type":"image\/jpeg"}],"author":"Marcelo Oliveira de A. Maranhao","twitter_card":"summary_large_image","twitter_misc":{"Escrito por":"Marcelo Oliveira de A. Maranhao","Est. tempo de leitura":"1 minuto"},"schema":{"@context":"https:\/\/schema.org","@graph":[{"@type":"Article","@id":"https:\/\/diariodepe.com.br\/xinhua\/2021\/09\/01\/convencao-mundial-5g-de-2021-e-aberta-em-beijing\/#article","isPartOf":{"@id":"https:\/\/diariodepe.com.br\/xinhua\/2021\/09\/01\/convencao-mundial-5g-de-2021-e-aberta-em-beijing\/"},"author":{"name":"Marcelo Oliveira de A. Maranhao","@id":"https:\/\/diariodepe.com.br\/xinhua\/#\/schema\/person\/0943d6fd02bdc7b49c8f495e8787a2cb"},"headline":"Conven\u00e7\u00e3o Mundial 5G de 2021 \u00e9 aberta em Beijing","datePublished":"2021-09-01T17:05:44+00:00","dateModified":"2021-09-01T17:05:45+00:00","mainEntityOfPage":{"@id":"https:\/\/diariodepe.com.br\/xinhua\/2021\/09\/01\/convencao-mundial-5g-de-2021-e-aberta-em-beijing\/"},"wordCount":166,"commentCount":0,"publisher":{"@id":"https:\/\/diariodepe.com.br\/xinhua\/#organization"},"image":{"@id":"https:\/\/diariodepe.com.br\/xinhua\/2021\/09\/01\/convencao-mundial-5g-de-2021-e-aberta-em-beijing\/#primaryimage"},"thumbnailUrl":"https:\/\/diariodepe.com.br\/xinhua\/wp-content\/uploads\/sites\/3\/2021\/09\/1310161214_16304664282611n.jpg","articleSection":["Cultura \/ Tecnologia"],"inLanguage":"pt-BR","potentialAction":[{"@type":"CommentAction","name":"Comment","target":["https:\/\/diariodepe.com.br\/xinhua\/2021\/09\/01\/convencao-mundial-5g-de-2021-e-aberta-em-beijing\/#respond"]}]},{"@type":"WebPage","@id":"https:\/\/diariodepe.com.br\/xinhua\/2021\/09\/01\/convencao-mundial-5g-de-2021-e-aberta-em-beijing\/","url":"https:\/\/diariodepe.com.br\/xinhua\/2021\/09\/01\/convencao-mundial-5g-de-2021-e-aberta-em-beijing\/","name":"Conven\u00e7\u00e3o Mundial 5G de 2021 \u00e9 aberta em Beijing - Xinhua - Diario de Pernambuco","isPartOf":{"@id":"https:\/\/diariodepe.com.br\/xinhua\/#website"},"primaryImageOfPage":{"@id":"https:\/\/diariodepe.com.br\/xinhua\/2021\/09\/01\/convencao-mundial-5g-de-2021-e-aberta-em-beijing\/#primaryimage"},"image":{"@id":"https:\/\/diariodepe.com.br\/xinhua\/2021\/09\/01\/convencao-mundial-5g-de-2021-e-aberta-em-beijing\/#primaryimage"},"thumbnailUrl":"https:\/\/diariodepe.com.br\/xinhua\/wp-content\/uploads\/sites\/3\/2021\/09\/1310161214_16304664282611n.jpg","datePublished":"2021-09-01T17:05:44+00:00","dateModified":"2021-09-01T17:05:45+00:00","breadcrumb":{"@id":"https:\/\/diariodepe.com.br\/xinhua\/2021\/09\/01\/convencao-mundial-5g-de-2021-e-aberta-em-beijing\/#breadcrumb"},"inLanguage":"pt-BR","potentialAction":[{"@type":"ReadAction","target":["https:\/\/diariodepe.com.br\/xinhua\/2021\/09\/01\/convencao-mundial-5g-de-2021-e-aberta-em-beijing\/"]}]},{"@type":"ImageObject","inLanguage":"pt-BR","@id":"https:\/\/diariodepe.com.br\/xinhua\/2021\/09\/01\/convencao-mundial-5g-de-2021-e-aberta-em-beijing\/#primaryimage","url":"https:\/\/diariodepe.com.br\/xinhua\/wp-content\/uploads\/sites\/3\/2021\/09\/1310161214_16304664282611n.jpg","contentUrl":"https:\/\/diariodepe.com.br\/xinhua\/wp-content\/uploads\/sites\/3\/2021\/09\/1310161214_16304664282611n.jpg","width":899,"height":520,"caption":"Foto tirada em 31 de agosto de 2021 mostra a cerim\u00f4nia de abertura da Conven\u00e7\u00e3o Mundial 5G de 2021 em Beijing, capital da China. A Conven\u00e7\u00e3o Mundial 5G de 2021 come\u00e7ou aqui na ter\u00e7a-feira. (Xinhua\/Ren Chao)"},{"@type":"BreadcrumbList","@id":"https:\/\/diariodepe.com.br\/xinhua\/2021\/09\/01\/convencao-mundial-5g-de-2021-e-aberta-em-beijing\/#breadcrumb","itemListElement":[{"@type":"ListItem","position":1,"name":"In\u00edcio","item":"https:\/\/diariodepe.com.br\/xinhua\/"},{"@type":"ListItem","position":2,"name":"Conven\u00e7\u00e3o Mundial 5G de 2021 \u00e9 aberta em Beijing"}]},{"@type":"WebSite","@id":"https:\/\/diariodepe.com.br\/xinhua\/#website","url":"https:\/\/diariodepe.com.br\/xinhua\/","name":"Xinhua - Diario de Pernambuco","description":"A maior ag\u00eancia de not\u00edcias da China e um dos principais canais para conhecer o pa\u00eds","publisher":{"@id":"https:\/\/diariodepe.com.br\/xinhua\/#organization"},"potentialAction":[{"@type":"SearchAction","target":{"@type":"EntryPoint","urlTemplate":"https:\/\/diariodepe.com.br\/xinhua\/?s={search_term_string}"},"query-input":{"@type":"PropertyValueSpecification","valueRequired":true,"valueName":"search_term_string"}}],"inLanguage":"pt-BR"},{"@type":"Organization","@id":"https:\/\/diariodepe.com.br\/xinhua\/#organization","name":"Xinhua - Diario de Pernambuco","url":"https:\/\/diariodepe.com.br\/xinhua\/","logo":{"@type":"ImageObject","inLanguage":"pt-BR","@id":"https:\/\/diariodepe.com.br\/xinhua\/#\/schema\/logo\/image\/","url":"https:\/\/diariodepe.com.br\/xinhua\/wp-content\/uploads\/sites\/3\/2020\/10\/cropped-logo-transparente-2.png","contentUrl":"https:\/\/diariodepe.com.br\/xinhua\/wp-content\/uploads\/sites\/3\/2020\/10\/cropped-logo-transparente-2.png","width":512,"height":164,"caption":"Xinhua - Diario de Pernambuco"},"image":{"@id":"https:\/\/diariodepe.com.br\/xinhua\/#\/schema\/logo\/image\/"}},{"@type":"Person","@id":"https:\/\/diariodepe.com.br\/xinhua\/#\/schema\/person\/0943d6fd02bdc7b49c8f495e8787a2cb","name":"Marcelo Oliveira de A. Maranhao","image":{"@type":"ImageObject","inLanguage":"pt-BR","@id":"https:\/\/secure.gravatar.com\/avatar\/f562caee940d39879c20e90eea3e4b21860c7d4c96684c23141c554824f0059c?s=96&d=mm&r=g","url":"https:\/\/secure.gravatar.com\/avatar\/f562caee940d39879c20e90eea3e4b21860c7d4c96684c23141c554824f0059c?s=96&d=mm&r=g","contentUrl":"https:\/\/secure.gravatar.com\/avatar\/f562caee940d39879c20e90eea3e4b21860c7d4c96684c23141c554824f0059c?s=96&d=mm&r=g","caption":"Marcelo Oliveira de A. Maranhao"},"url":"https:\/\/diariodepe.com.br\/xinhua\/author\/marcelo-maranhao\/"}]}},"cc_featured_image_caption":{"caption_text":"","source_text":"","source_url":""},"amp_enabled":true,"_links":{"self":[{"href":"https:\/\/diariodepe.com.br\/xinhua\/wp-json\/wp\/v2\/posts\/2842","targetHints":{"allow":["GET"]}}],"collection":[{"href":"https:\/\/diariodepe.com.br\/xinhua\/wp-json\/wp\/v2\/posts"}],"about":[{"href":"https:\/\/diariodepe.com.br\/xinhua\/wp-json\/wp\/v2\/types\/post"}],"author":[{"embeddable":true,"href":"https:\/\/diariodepe.com.br\/xinhua\/wp-json\/wp\/v2\/users\/3"}],"replies":[{"embeddable":true,"href":"https:\/\/diariodepe.com.br\/xinhua\/wp-json\/wp\/v2\/comments?post=2842"}],"version-history":[{"count":1,"href":"https:\/\/diariodepe.com.br\/xinhua\/wp-json\/wp\/v2\/posts\/2842\/revisions"}],"predecessor-version":[{"id":2844,"href":"https:\/\/diariodepe.com.br\/xinhua\/wp-json\/wp\/v2\/posts\/2842\/revisions\/2844"}],"wp:featuredmedia":[{"embeddable":true,"href":"https:\/\/diariodepe.com.br\/xinhua\/wp-json\/wp\/v2\/media\/2843"}],"wp:attachment":[{"href":"https:\/\/diariodepe.com.br\/xinhua\/wp-json\/wp\/v2\/media?parent=2842"}],"wp:term":[{"taxonomy":"category","embeddable":true,"href":"https:\/\/diariodepe.com.br\/xinhua\/wp-json\/wp\/v2\/categories?post=2842"},{"taxonomy":"post_tag","embeddable":true,"href":"https:\/\/diariodepe.com.br\/xinhua\/wp-json\/wp\/v2\/tags?post=2842"}],"curies":[{"name":"wp","href":"https:\/\/api.w.org\/{rel}","templated":true}]}}