{"id":2828,"date":"2021-08-31T11:12:06","date_gmt":"2021-08-31T14:12:06","guid":{"rendered":"http:\/\/www.diariodepe.com.br\/xinhua\/?p=2828"},"modified":"2021-08-31T11:12:08","modified_gmt":"2021-08-31T14:12:08","slug":"regulamentacao-que-fortalece-protecao-de-menores-na-escola-entrara-em-vigor-em-setembro","status":"publish","type":"post","link":"https:\/\/diariodepe.com.br\/xinhua\/2021\/08\/31\/regulamentacao-que-fortalece-protecao-de-menores-na-escola-entrara-em-vigor-em-setembro\/","title":{"rendered":"Regulamenta\u00e7\u00e3o que fortalece prote\u00e7\u00e3o de menores na escola entrar\u00e1 em vigor em setembro"},"content":{"rendered":"\n<p>Beijing, 31 ago &#8211; Um novo conjunto de regulamentos estipulados pelo Minist\u00e9rio da Educa\u00e7\u00e3o entrar\u00e1 em vigor em 1\u00ba de setembro para fortalecer a prote\u00e7\u00e3o de menores nas escolas chinesas.<\/p>\n\n\n\n<p>As normas emitidas pelo minist\u00e9rio em junho exigem a cria\u00e7\u00e3o de um mecanismo de tratamento de toler\u00e2ncia zero para bullying, agress\u00e3o e ass\u00e9dio sexuais contra alunos, e esclarecem as situa\u00e7\u00f5es e regras para identificar o bullying nas escolas.<\/p>\n\n\n\n<p>Ordenando que as escolas fortale\u00e7am a gest\u00e3o da li\u00e7\u00e3o de casa para evitar sobrecarga dos alunos, as normas estipulam que as escolas de educa\u00e7\u00e3o obrigat\u00f3ria n\u00e3o devem organizar sess\u00f5es de estudo durante feriados nacionais legais, dias de descanso, f\u00e9rias de inverno e ver\u00e3o.<\/p>\n\n\n\n<p>O documento tamb\u00e9m apresenta uma s\u00e9rie de requisitos proibitivos para regular o comportamento do corpo docente e dos empregados, proibindo-os de solicitar ou aceitar dinheiro ou valores de alunos e seus pais de qualquer forma, e de aceitar banquetes ou outros benef\u00edcios.<\/p>\n","protected":false},"excerpt":{"rendered":"<p>Beijing, 31 ago &#8211; Um novo conjunto de regulamentos estipulados pelo Minist\u00e9rio da Educa\u00e7\u00e3o entrar\u00e1 em vigor em 1\u00ba de setembro para fortalecer a prote\u00e7\u00e3o de menores nas escolas chinesas. As normas emitidas pelo minist\u00e9rio em junho exigem a cria\u00e7\u00e3o&#8230;<\/p>\n","protected":false},"author":3,"featured_media":0,"comment_status":"open","ping_status":"open","sticky":false,"template":"","format":"standard","meta":{"footnotes":""},"categories":[1],"tags":[],"class_list":["post-2828","post","type-post","status-publish","format-standard","hentry","category-geral"],"yoast_head":"<!-- This site is optimized with the Yoast SEO plugin v27.4 - https:\/\/yoast.com\/product\/yoast-seo-wordpress\/ -->\n<title>Regulamenta\u00e7\u00e3o que fortalece prote\u00e7\u00e3o de menores na escola entrar\u00e1 em vigor em setembro - Xinhua - Diario de Pernambuco<\/title>\n<meta name=\"robots\" content=\"index, follow, max-snippet:-1, max-image-preview:large, max-video-preview:-1\" \/>\n<link rel=\"canonical\" href=\"https:\/\/diariodepe.com.br\/xinhua\/2021\/08\/31\/regulamentacao-que-fortalece-protecao-de-menores-na-escola-entrara-em-vigor-em-setembro\/\" \/>\n<meta property=\"og:locale\" content=\"pt_BR\" \/>\n<meta property=\"og:type\" content=\"article\" \/>\n<meta property=\"og:title\" content=\"Regulamenta\u00e7\u00e3o que fortalece prote\u00e7\u00e3o de menores na escola entrar\u00e1 em vigor em setembro - Xinhua - Diario de Pernambuco\" \/>\n<meta property=\"og:description\" content=\"Beijing, 31 ago &#8211; Um novo conjunto de regulamentos estipulados pelo Minist\u00e9rio da Educa\u00e7\u00e3o entrar\u00e1 em vigor em 1\u00ba de setembro para fortalecer a prote\u00e7\u00e3o de menores nas escolas chinesas. As normas emitidas pelo minist\u00e9rio em junho exigem a cria\u00e7\u00e3o...\" \/>\n<meta property=\"og:url\" content=\"https:\/\/diariodepe.com.br\/xinhua\/2021\/08\/31\/regulamentacao-que-fortalece-protecao-de-menores-na-escola-entrara-em-vigor-em-setembro\/\" \/>\n<meta property=\"og:site_name\" content=\"Xinhua - Diario de Pernambuco\" \/>\n<meta property=\"article:published_time\" content=\"2021-08-31T14:12:06+00:00\" \/>\n<meta property=\"article:modified_time\" content=\"2021-08-31T14:12:08+00:00\" \/>\n<meta name=\"author\" content=\"Marcelo Oliveira de A. Maranhao\" \/>\n<meta name=\"twitter:card\" content=\"summary_large_image\" \/>\n<meta name=\"twitter:label1\" content=\"Escrito por\" \/>\n\t<meta name=\"twitter:data1\" content=\"Marcelo Oliveira de A. Maranhao\" \/>\n\t<meta name=\"twitter:label2\" content=\"Est. tempo de leitura\" \/>\n\t<meta name=\"twitter:data2\" content=\"1 minuto\" \/>\n<script type=\"application\/ld+json\" class=\"yoast-schema-graph\">{\"@context\":\"https:\\\/\\\/schema.org\",\"@graph\":[{\"@type\":\"Article\",\"@id\":\"https:\\\/\\\/diariodepe.com.br\\\/xinhua\\\/2021\\\/08\\\/31\\\/regulamentacao-que-fortalece-protecao-de-menores-na-escola-entrara-em-vigor-em-setembro\\\/#article\",\"isPartOf\":{\"@id\":\"https:\\\/\\\/diariodepe.com.br\\\/xinhua\\\/2021\\\/08\\\/31\\\/regulamentacao-que-fortalece-protecao-de-menores-na-escola-entrara-em-vigor-em-setembro\\\/\"},\"author\":{\"name\":\"Marcelo Oliveira de A. Maranhao\",\"@id\":\"https:\\\/\\\/diariodepe.com.br\\\/xinhua\\\/#\\\/schema\\\/person\\\/0943d6fd02bdc7b49c8f495e8787a2cb\"},\"headline\":\"Regulamenta\u00e7\u00e3o que fortalece prote\u00e7\u00e3o de menores na escola entrar\u00e1 em vigor em setembro\",\"datePublished\":\"2021-08-31T14:12:06+00:00\",\"dateModified\":\"2021-08-31T14:12:08+00:00\",\"mainEntityOfPage\":{\"@id\":\"https:\\\/\\\/diariodepe.com.br\\\/xinhua\\\/2021\\\/08\\\/31\\\/regulamentacao-que-fortalece-protecao-de-menores-na-escola-entrara-em-vigor-em-setembro\\\/\"},\"wordCount\":187,\"commentCount\":0,\"publisher\":{\"@id\":\"https:\\\/\\\/diariodepe.com.br\\\/xinhua\\\/#organization\"},\"articleSection\":[\"Geral\"],\"inLanguage\":\"pt-BR\",\"potentialAction\":[{\"@type\":\"CommentAction\",\"name\":\"Comment\",\"target\":[\"https:\\\/\\\/diariodepe.com.br\\\/xinhua\\\/2021\\\/08\\\/31\\\/regulamentacao-que-fortalece-protecao-de-menores-na-escola-entrara-em-vigor-em-setembro\\\/#respond\"]}]},{\"@type\":\"WebPage\",\"@id\":\"https:\\\/\\\/diariodepe.com.br\\\/xinhua\\\/2021\\\/08\\\/31\\\/regulamentacao-que-fortalece-protecao-de-menores-na-escola-entrara-em-vigor-em-setembro\\\/\",\"url\":\"https:\\\/\\\/diariodepe.com.br\\\/xinhua\\\/2021\\\/08\\\/31\\\/regulamentacao-que-fortalece-protecao-de-menores-na-escola-entrara-em-vigor-em-setembro\\\/\",\"name\":\"Regulamenta\u00e7\u00e3o que fortalece prote\u00e7\u00e3o de menores na escola entrar\u00e1 em vigor em setembro - Xinhua - Diario de Pernambuco\",\"isPartOf\":{\"@id\":\"https:\\\/\\\/diariodepe.com.br\\\/xinhua\\\/#website\"},\"datePublished\":\"2021-08-31T14:12:06+00:00\",\"dateModified\":\"2021-08-31T14:12:08+00:00\",\"breadcrumb\":{\"@id\":\"https:\\\/\\\/diariodepe.com.br\\\/xinhua\\\/2021\\\/08\\\/31\\\/regulamentacao-que-fortalece-protecao-de-menores-na-escola-entrara-em-vigor-em-setembro\\\/#breadcrumb\"},\"inLanguage\":\"pt-BR\",\"potentialAction\":[{\"@type\":\"ReadAction\",\"target\":[\"https:\\\/\\\/diariodepe.com.br\\\/xinhua\\\/2021\\\/08\\\/31\\\/regulamentacao-que-fortalece-protecao-de-menores-na-escola-entrara-em-vigor-em-setembro\\\/\"]}]},{\"@type\":\"BreadcrumbList\",\"@id\":\"https:\\\/\\\/diariodepe.com.br\\\/xinhua\\\/2021\\\/08\\\/31\\\/regulamentacao-que-fortalece-protecao-de-menores-na-escola-entrara-em-vigor-em-setembro\\\/#breadcrumb\",\"itemListElement\":[{\"@type\":\"ListItem\",\"position\":1,\"name\":\"In\u00edcio\",\"item\":\"https:\\\/\\\/diariodepe.com.br\\\/xinhua\\\/\"},{\"@type\":\"ListItem\",\"position\":2,\"name\":\"Regulamenta\u00e7\u00e3o que fortalece prote\u00e7\u00e3o de menores na escola entrar\u00e1 em vigor em setembro\"}]},{\"@type\":\"WebSite\",\"@id\":\"https:\\\/\\\/diariodepe.com.br\\\/xinhua\\\/#website\",\"url\":\"https:\\\/\\\/diariodepe.com.br\\\/xinhua\\\/\",\"name\":\"Xinhua - Diario de Pernambuco\",\"description\":\"A maior ag\u00eancia de not\u00edcias da China e um dos principais canais para conhecer o pa\u00eds\",\"publisher\":{\"@id\":\"https:\\\/\\\/diariodepe.com.br\\\/xinhua\\\/#organization\"},\"potentialAction\":[{\"@type\":\"SearchAction\",\"target\":{\"@type\":\"EntryPoint\",\"urlTemplate\":\"https:\\\/\\\/diariodepe.com.br\\\/xinhua\\\/?s={search_term_string}\"},\"query-input\":{\"@type\":\"PropertyValueSpecification\",\"valueRequired\":true,\"valueName\":\"search_term_string\"}}],\"inLanguage\":\"pt-BR\"},{\"@type\":\"Organization\",\"@id\":\"https:\\\/\\\/diariodepe.com.br\\\/xinhua\\\/#organization\",\"name\":\"Xinhua - Diario de Pernambuco\",\"url\":\"https:\\\/\\\/diariodepe.com.br\\\/xinhua\\\/\",\"logo\":{\"@type\":\"ImageObject\",\"inLanguage\":\"pt-BR\",\"@id\":\"https:\\\/\\\/diariodepe.com.br\\\/xinhua\\\/#\\\/schema\\\/logo\\\/image\\\/\",\"url\":\"https:\\\/\\\/diariodepe.com.br\\\/xinhua\\\/wp-content\\\/uploads\\\/sites\\\/3\\\/2020\\\/10\\\/cropped-logo-transparente-2.png\",\"contentUrl\":\"https:\\\/\\\/diariodepe.com.br\\\/xinhua\\\/wp-content\\\/uploads\\\/sites\\\/3\\\/2020\\\/10\\\/cropped-logo-transparente-2.png\",\"width\":512,\"height\":164,\"caption\":\"Xinhua - Diario de Pernambuco\"},\"image\":{\"@id\":\"https:\\\/\\\/diariodepe.com.br\\\/xinhua\\\/#\\\/schema\\\/logo\\\/image\\\/\"}},{\"@type\":\"Person\",\"@id\":\"https:\\\/\\\/diariodepe.com.br\\\/xinhua\\\/#\\\/schema\\\/person\\\/0943d6fd02bdc7b49c8f495e8787a2cb\",\"name\":\"Marcelo Oliveira de A. Maranhao\",\"image\":{\"@type\":\"ImageObject\",\"inLanguage\":\"pt-BR\",\"@id\":\"https:\\\/\\\/secure.gravatar.com\\\/avatar\\\/f562caee940d39879c20e90eea3e4b21860c7d4c96684c23141c554824f0059c?s=96&d=mm&r=g\",\"url\":\"https:\\\/\\\/secure.gravatar.com\\\/avatar\\\/f562caee940d39879c20e90eea3e4b21860c7d4c96684c23141c554824f0059c?s=96&d=mm&r=g\",\"contentUrl\":\"https:\\\/\\\/secure.gravatar.com\\\/avatar\\\/f562caee940d39879c20e90eea3e4b21860c7d4c96684c23141c554824f0059c?s=96&d=mm&r=g\",\"caption\":\"Marcelo Oliveira de A. Maranhao\"},\"url\":\"https:\\\/\\\/diariodepe.com.br\\\/xinhua\\\/author\\\/marcelo-maranhao\\\/\"}]}<\/script>\n<!-- \/ Yoast SEO plugin. -->","yoast_head_json":{"title":"Regulamenta\u00e7\u00e3o que fortalece prote\u00e7\u00e3o de menores na escola entrar\u00e1 em vigor em setembro - Xinhua - Diario de Pernambuco","robots":{"index":"index","follow":"follow","max-snippet":"max-snippet:-1","max-image-preview":"max-image-preview:large","max-video-preview":"max-video-preview:-1"},"canonical":"https:\/\/diariodepe.com.br\/xinhua\/2021\/08\/31\/regulamentacao-que-fortalece-protecao-de-menores-na-escola-entrara-em-vigor-em-setembro\/","og_locale":"pt_BR","og_type":"article","og_title":"Regulamenta\u00e7\u00e3o que fortalece prote\u00e7\u00e3o de menores na escola entrar\u00e1 em vigor em setembro - Xinhua - Diario de Pernambuco","og_description":"Beijing, 31 ago &#8211; Um novo conjunto de regulamentos estipulados pelo Minist\u00e9rio da Educa\u00e7\u00e3o entrar\u00e1 em vigor em 1\u00ba de setembro para fortalecer a prote\u00e7\u00e3o de menores nas escolas chinesas. As normas emitidas pelo minist\u00e9rio em junho exigem a cria\u00e7\u00e3o...","og_url":"https:\/\/diariodepe.com.br\/xinhua\/2021\/08\/31\/regulamentacao-que-fortalece-protecao-de-menores-na-escola-entrara-em-vigor-em-setembro\/","og_site_name":"Xinhua - Diario de Pernambuco","article_published_time":"2021-08-31T14:12:06+00:00","article_modified_time":"2021-08-31T14:12:08+00:00","author":"Marcelo Oliveira de A. Maranhao","twitter_card":"summary_large_image","twitter_misc":{"Escrito por":"Marcelo Oliveira de A. Maranhao","Est. tempo de leitura":"1 minuto"},"schema":{"@context":"https:\/\/schema.org","@graph":[{"@type":"Article","@id":"https:\/\/diariodepe.com.br\/xinhua\/2021\/08\/31\/regulamentacao-que-fortalece-protecao-de-menores-na-escola-entrara-em-vigor-em-setembro\/#article","isPartOf":{"@id":"https:\/\/diariodepe.com.br\/xinhua\/2021\/08\/31\/regulamentacao-que-fortalece-protecao-de-menores-na-escola-entrara-em-vigor-em-setembro\/"},"author":{"name":"Marcelo Oliveira de A. Maranhao","@id":"https:\/\/diariodepe.com.br\/xinhua\/#\/schema\/person\/0943d6fd02bdc7b49c8f495e8787a2cb"},"headline":"Regulamenta\u00e7\u00e3o que fortalece prote\u00e7\u00e3o de menores na escola entrar\u00e1 em vigor em setembro","datePublished":"2021-08-31T14:12:06+00:00","dateModified":"2021-08-31T14:12:08+00:00","mainEntityOfPage":{"@id":"https:\/\/diariodepe.com.br\/xinhua\/2021\/08\/31\/regulamentacao-que-fortalece-protecao-de-menores-na-escola-entrara-em-vigor-em-setembro\/"},"wordCount":187,"commentCount":0,"publisher":{"@id":"https:\/\/diariodepe.com.br\/xinhua\/#organization"},"articleSection":["Geral"],"inLanguage":"pt-BR","potentialAction":[{"@type":"CommentAction","name":"Comment","target":["https:\/\/diariodepe.com.br\/xinhua\/2021\/08\/31\/regulamentacao-que-fortalece-protecao-de-menores-na-escola-entrara-em-vigor-em-setembro\/#respond"]}]},{"@type":"WebPage","@id":"https:\/\/diariodepe.com.br\/xinhua\/2021\/08\/31\/regulamentacao-que-fortalece-protecao-de-menores-na-escola-entrara-em-vigor-em-setembro\/","url":"https:\/\/diariodepe.com.br\/xinhua\/2021\/08\/31\/regulamentacao-que-fortalece-protecao-de-menores-na-escola-entrara-em-vigor-em-setembro\/","name":"Regulamenta\u00e7\u00e3o que fortalece prote\u00e7\u00e3o de menores na escola entrar\u00e1 em vigor em setembro - Xinhua - Diario de Pernambuco","isPartOf":{"@id":"https:\/\/diariodepe.com.br\/xinhua\/#website"},"datePublished":"2021-08-31T14:12:06+00:00","dateModified":"2021-08-31T14:12:08+00:00","breadcrumb":{"@id":"https:\/\/diariodepe.com.br\/xinhua\/2021\/08\/31\/regulamentacao-que-fortalece-protecao-de-menores-na-escola-entrara-em-vigor-em-setembro\/#breadcrumb"},"inLanguage":"pt-BR","potentialAction":[{"@type":"ReadAction","target":["https:\/\/diariodepe.com.br\/xinhua\/2021\/08\/31\/regulamentacao-que-fortalece-protecao-de-menores-na-escola-entrara-em-vigor-em-setembro\/"]}]},{"@type":"BreadcrumbList","@id":"https:\/\/diariodepe.com.br\/xinhua\/2021\/08\/31\/regulamentacao-que-fortalece-protecao-de-menores-na-escola-entrara-em-vigor-em-setembro\/#breadcrumb","itemListElement":[{"@type":"ListItem","position":1,"name":"In\u00edcio","item":"https:\/\/diariodepe.com.br\/xinhua\/"},{"@type":"ListItem","position":2,"name":"Regulamenta\u00e7\u00e3o que fortalece prote\u00e7\u00e3o de menores na escola entrar\u00e1 em vigor em setembro"}]},{"@type":"WebSite","@id":"https:\/\/diariodepe.com.br\/xinhua\/#website","url":"https:\/\/diariodepe.com.br\/xinhua\/","name":"Xinhua - Diario de Pernambuco","description":"A maior ag\u00eancia de not\u00edcias da China e um dos principais canais para conhecer o pa\u00eds","publisher":{"@id":"https:\/\/diariodepe.com.br\/xinhua\/#organization"},"potentialAction":[{"@type":"SearchAction","target":{"@type":"EntryPoint","urlTemplate":"https:\/\/diariodepe.com.br\/xinhua\/?s={search_term_string}"},"query-input":{"@type":"PropertyValueSpecification","valueRequired":true,"valueName":"search_term_string"}}],"inLanguage":"pt-BR"},{"@type":"Organization","@id":"https:\/\/diariodepe.com.br\/xinhua\/#organization","name":"Xinhua - Diario de Pernambuco","url":"https:\/\/diariodepe.com.br\/xinhua\/","logo":{"@type":"ImageObject","inLanguage":"pt-BR","@id":"https:\/\/diariodepe.com.br\/xinhua\/#\/schema\/logo\/image\/","url":"https:\/\/diariodepe.com.br\/xinhua\/wp-content\/uploads\/sites\/3\/2020\/10\/cropped-logo-transparente-2.png","contentUrl":"https:\/\/diariodepe.com.br\/xinhua\/wp-content\/uploads\/sites\/3\/2020\/10\/cropped-logo-transparente-2.png","width":512,"height":164,"caption":"Xinhua - Diario de Pernambuco"},"image":{"@id":"https:\/\/diariodepe.com.br\/xinhua\/#\/schema\/logo\/image\/"}},{"@type":"Person","@id":"https:\/\/diariodepe.com.br\/xinhua\/#\/schema\/person\/0943d6fd02bdc7b49c8f495e8787a2cb","name":"Marcelo Oliveira de A. Maranhao","image":{"@type":"ImageObject","inLanguage":"pt-BR","@id":"https:\/\/secure.gravatar.com\/avatar\/f562caee940d39879c20e90eea3e4b21860c7d4c96684c23141c554824f0059c?s=96&d=mm&r=g","url":"https:\/\/secure.gravatar.com\/avatar\/f562caee940d39879c20e90eea3e4b21860c7d4c96684c23141c554824f0059c?s=96&d=mm&r=g","contentUrl":"https:\/\/secure.gravatar.com\/avatar\/f562caee940d39879c20e90eea3e4b21860c7d4c96684c23141c554824f0059c?s=96&d=mm&r=g","caption":"Marcelo Oliveira de A. Maranhao"},"url":"https:\/\/diariodepe.com.br\/xinhua\/author\/marcelo-maranhao\/"}]}},"cc_featured_image_caption":{"caption_text":"","source_text":"","source_url":""},"amp_enabled":true,"_links":{"self":[{"href":"https:\/\/diariodepe.com.br\/xinhua\/wp-json\/wp\/v2\/posts\/2828","targetHints":{"allow":["GET"]}}],"collection":[{"href":"https:\/\/diariodepe.com.br\/xinhua\/wp-json\/wp\/v2\/posts"}],"about":[{"href":"https:\/\/diariodepe.com.br\/xinhua\/wp-json\/wp\/v2\/types\/post"}],"author":[{"embeddable":true,"href":"https:\/\/diariodepe.com.br\/xinhua\/wp-json\/wp\/v2\/users\/3"}],"replies":[{"embeddable":true,"href":"https:\/\/diariodepe.com.br\/xinhua\/wp-json\/wp\/v2\/comments?post=2828"}],"version-history":[{"count":1,"href":"https:\/\/diariodepe.com.br\/xinhua\/wp-json\/wp\/v2\/posts\/2828\/revisions"}],"predecessor-version":[{"id":2829,"href":"https:\/\/diariodepe.com.br\/xinhua\/wp-json\/wp\/v2\/posts\/2828\/revisions\/2829"}],"wp:attachment":[{"href":"https:\/\/diariodepe.com.br\/xinhua\/wp-json\/wp\/v2\/media?parent=2828"}],"wp:term":[{"taxonomy":"category","embeddable":true,"href":"https:\/\/diariodepe.com.br\/xinhua\/wp-json\/wp\/v2\/categories?post=2828"},{"taxonomy":"post_tag","embeddable":true,"href":"https:\/\/diariodepe.com.br\/xinhua\/wp-json\/wp\/v2\/tags?post=2828"}],"curies":[{"name":"wp","href":"https:\/\/api.w.org\/{rel}","templated":true}]}}