{"id":2713,"date":"2021-08-20T06:00:15","date_gmt":"2021-08-20T09:00:15","guid":{"rendered":"http:\/\/www.diariodepe.com.br\/xinhua\/?p=2713"},"modified":"2021-08-20T06:00:16","modified_gmt":"2021-08-20T09:00:16","slug":"china-realiza-celebracao-do-70o-aniversario-da-libertacao-pacifica-do-tibet","status":"publish","type":"post","link":"https:\/\/diariodepe.com.br\/xinhua\/2021\/08\/20\/china-realiza-celebracao-do-70o-aniversario-da-libertacao-pacifica-do-tibet\/","title":{"rendered":"China realiza celebra\u00e7\u00e3o do 70\u00ba anivers\u00e1rio da liberta\u00e7\u00e3o pac\u00edfica do Tibet"},"content":{"rendered":"\n<p>Lhasa, 19 ago &#8211; A China realizou na quinta-feira uma grande reuni\u00e3o para celebrar o 70\u00ba anivers\u00e1rio da liberta\u00e7\u00e3o pac\u00edfica do Tibet.<\/p>\n\n\n\n<p>O evento foi realizado em Lhasa, capital da Regi\u00e3o Aut\u00f4noma do Tibet.<\/p>\n\n\n\n<p>A bandeira nacional da Rep\u00fablica Popular da China foi hasteada no in\u00edcio da celebra\u00e7\u00e3o. As pessoas cantaram o hino nacional.<\/p>\n\n\n\n<p>Foi lida uma mensagem de congratula\u00e7\u00e3o do Comit\u00ea Central do Partido Comunista da China (PCC), do Comit\u00ea Permanente da Assembleia Popular Nacional, do Conselho de Estado, do Comit\u00ea Nacional da Confer\u00eancia Consultiva Pol\u00edtica do Povo Chin\u00eas (CCPPC) e da Comiss\u00e3o Militar Central.<\/p>\n\n\n\n<p>Wang Yang, membro do Comit\u00ea Permanente do Bir\u00f4 Pol\u00edtico do Comit\u00ea Central do PCC e presidente do Comit\u00ea Nacional da CCPPC, participou da reuni\u00e3o, apresentou placas e faixas de congratula\u00e7\u00e3o e tamb\u00e9m discursou no evento.<\/p>\n\n\n\n<p>Ele lidera uma delega\u00e7\u00e3o central para o Tibet enviada pelo Comit\u00ea Central do PCC e por Xi Jinping, secret\u00e1rio-geral do Comit\u00ea Central do PCC, para celebrar o 70\u00ba anivers\u00e1rio da liberta\u00e7\u00e3o pac\u00edfica do Tibet junto com as pessoas de todos os grupos \u00e9tnicos na regi\u00e3o.<\/p>\n\n\n\n<p>Wang chamou a liberta\u00e7\u00e3o pac\u00edfica do Tibet em 1951 de &#8220;uma grande vit\u00f3ria na causa da liberta\u00e7\u00e3o do povo chin\u00eas e da reunifica\u00e7\u00e3o da China&#8221;, dizendo que ela marcou uma transi\u00e7\u00e3o hist\u00f3rica com significado hist\u00f3rico para o Tibet.<\/p>\n\n\n\n<p>&#8220;Desde ent\u00e3o, o Tibet embarcou em um caminho levando da escurid\u00e3o ao brilho, do atraso ao progresso, da pobreza \u00e0 prosperidade, da autocracia \u00e0 democracia e do fechamento \u00e0 abertura&#8221;, disse Wang. &#8220;Um pr\u00f3spero novo Tibet socialista se ergue e se mant\u00e9m firme no topo do mundo&#8221;.<\/p>\n\n\n\n<p>No velho Tibet, a servid\u00e3o feudal reacion\u00e1ria e b\u00e1rbara era praticada, alegou.<\/p>\n\n\n\n<p>Com o estabelecimento do sistema socialista e da autonomia \u00e9tnica regional, os direitos das pessoas de todos os grupos \u00e9tnicos no Tibet para a participa\u00e7\u00e3o igualit\u00e1ria na governan\u00e7a dos assuntos do Estado e na administra\u00e7\u00e3o dos assuntos da regi\u00e3o aut\u00f4noma est\u00e3o plenamente assegurados.<\/p>\n\n\n\n<p>Atualmente, o Tibet tem mais de 35 mil deputados de assembleias populares e mais de 8 mil membros da CCPPC em v\u00e1rios n\u00edveis, dos quais 90% s\u00e3o de minorias \u00e9tnicas, salientou Wang.<\/p>\n\n\n\n<p>Nos velhos tempos, a agricultura e a pecu\u00e1ria no Tibet estavam \u00e0 merc\u00ea da natureza; a ind\u00fastria era inexistente; e uma viagem de ida e volta entre Xining e Lhasa levaria mais de seis meses.<\/p>\n\n\n\n<p>O PIB no Tibet ultrapassou 190 bilh\u00f5es de yuans (US$ 29,3 bilh\u00f5es) em 2020 ante os apenas 130 milh\u00f5es de yuans em 1951, observou Wang.<\/p>\n\n\n\n<p>Durante o per\u00edodo do 13\u00ba Plano Quinquenal (2016-2020), o Tibet recebeu cerca de 160 milh\u00f5es de visitas tur\u00edsticas.<\/p>\n\n\n\n<p>Agora, 140 voos conectam a regi\u00e3o com o resto do pa\u00eds e do mundo.<\/p>\n\n\n\n<p>No velho Tibet, mais de 90% dos tibetanos lutavam pela subsist\u00eancia, e at\u00e9 95% eram analfabetos. Hoje, a fome e a pobreza s\u00e3o coisas do passado para pessoas de todos os grupos \u00e9tnicos e o espa\u00e7o de moradia per capita se aproxima de 40 metros quadrados.<\/p>\n\n\n\n<p>Enquanto isso, 15 anos de educa\u00e7\u00e3o s\u00e3o financiados pelos cofres p\u00fablicos em toda a regi\u00e3o, acabando com a quest\u00e3o de longa data do abandono escolar, observou Wang.<\/p>\n\n\n\n<p>A expectativa m\u00e9dia de vida passou de 35,5 anos em 1951 para 71,1 anos.<\/p>\n\n\n\n<p>Destacando o progresso na unidade \u00e9tnica no Tibet, Wang disse que atividades separatistas e de sabotagem cometidas pelo grupo do Dalai e for\u00e7as externas hostis foram esmagadas.<\/p>\n\n\n\n<p>O governo central investiu muita m\u00e3o-de-obra, recursos e fundos para preservar e desenvolver a boa cultura tradicional do Tibet, observou Wang.<\/p>\n\n\n\n<p>A l\u00edngua tibetana \u00e9 usada extensivamente. Cl\u00e1ssicos preciosos como &#8220;Epopeia do Rei Gesar&#8221; foram salvos e compilados. Cerca de 800 projetos, incluindo thangka, \u00f3pera tibetana e medicina tibetana foram colocados na Lista de Patrim\u00f4nio Cultural Imaterial.<\/p>\n\n\n\n<p>Cren\u00e7as religiosas de todos os grupos \u00e9tnicos s\u00e3o totalmente respeitadas, afirmou Wang.<\/p>\n\n\n\n<p>Mais de 1.700 templos no Tibet t\u00eam acesso total \u00e0 \u00e1gua, eletricidade, internet, combate a inc\u00eandios e outras instala\u00e7\u00f5es. Todos os 46 mil monges e monjas est\u00e3o cobertos pelo regime de seguridade social do governo.<\/p>\n\n\n\n<p>O Pal\u00e1cio Potala, o Templo de Jokhang e outros templos e locais foram reformados e est\u00e3o sob prote\u00e7\u00e3o.<\/p>\n\n\n\n<p>&#8220;Desde o 18\u00ba Congresso Nacional do PCC, o Tibet entrou em uma nova era, uma era em que foram feitas maiores mudan\u00e7as e um maior desenvolvimento, e mais benef\u00edcios foram gerados para o povo do que no passado&#8221;, disse Wang.<\/p>\n\n\n\n<p>A regi\u00e3o est\u00e1 entre as tr\u00eas melhores da China em termos de taxa m\u00e9dia de crescimento anual, e tem ficado no primeiro lugar do pa\u00eds em termos de crescimento da renda dispon\u00edvel per capita de residentes rurais por muitos anos. Cerca de 628 mil pessoas foram retiradas da pobreza.<\/p>\n\n\n\n<p>&#8220;Juntamente com o resto do pa\u00eds, o Tibet, como previsto, concluiu a constru\u00e7\u00e3o de uma sociedade moderadamente pr\u00f3spera em todos os aspectos&#8221;, disse Wang.<\/p>\n\n\n\n<p>O Tibet atingiu um novo ponto de partida hist\u00f3rico na busca de seu desenvolvimento econ\u00f4mico e social, observou Wang, enfatizando a necessidade de sempre seguir a lideran\u00e7a do PCC e marchar firmemente no caminho da constru\u00e7\u00e3o do socialismo com caracter\u00edsticas chinesas distintas.<\/p>\n\n\n\n<p>&#8220;Somente seguindo a lideran\u00e7a do PCC e seguindo o caminho do socialismo, o Tibet poder\u00e1 alcan\u00e7ar o desenvolvimento e a prosperidade&#8221;, disse Wang.<\/p>\n\n\n\n<p>Enfatizando a harmonia e estabilidade no Tibet e a seguran\u00e7a nacional e estabilidade nas \u00e1reas de fronteira, Wang disse que as autoridades e o p\u00fablico em geral de todos os grupos \u00e9tnicos devem ser mobilizados para forjar uma defesa r\u00edgida contra as atividades separatistas.<\/p>\n\n\n\n<p>Ele tamb\u00e9m pediu esfor\u00e7os para garantir que as religi\u00f5es na China tenham orienta\u00e7\u00e3o chinesa e guiem o budismo tibetano na adapta\u00e7\u00e3o \u00e0 sociedade socialista.<\/p>\n\n\n\n<p>&#8220;Ningu\u00e9m fora da China tem o direito de apontar o dedo para n\u00f3s quando se trata de assuntos tibetanos&#8221;, disse Wang. &#8220;Qualquer tentativa ou manobra destinada a separar o Tibet da China est\u00e1 fadada ao fracasso.&#8221;<\/p>\n\n\n\n<p>Instando a promo\u00e7\u00e3o de um forte sentimento da na\u00e7\u00e3o chinesa como uma comunidade e o avan\u00e7o da unidade \u00e9tnica e do progresso, Wang disse que a cultura chinesa sempre foi um v\u00ednculo que fomenta um sentimento de uni\u00e3o e pertencimento entre as pessoas de todos os grupos \u00e9tnicos no Tibet.<\/p>\n\n\n\n<p>Ele exigiu esfor\u00e7os gerais para ensinar a l\u00edngua chinesa falada e escrita padr\u00e3o e promover e compartilhar os s\u00edmbolos e imagens culturais da na\u00e7\u00e3o chinesa entre todos os grupos \u00e9tnicos.<\/p>\n\n\n\n<p>Wang disse que a filosofia de desenvolvimento centrada no povo deve ser seguida e que o desenvolvimento econ\u00f4mico e social de alta qualidade deve ser promovido.<\/p>\n\n\n\n<p>Ele tamb\u00e9m prometeu que a contribui\u00e7\u00e3o e o apoio do Comit\u00ea Central do PCC para o desenvolvimento do Tibet s\u00f3 aumentar\u00e1, e n\u00e3o diminuir\u00e1.<\/p>\n\n\n\n<p>Ele reiterou o apoio do Comit\u00ea Central do PCC ao Tibet na constru\u00e7\u00e3o de uma regi\u00e3o de demonstra\u00e7\u00e3o nacional sobre conserva\u00e7\u00e3o ecol\u00f3gica, pilotando um programa de compensa\u00e7\u00e3o ecol\u00f3gica abrangente, e conduzindo uma pesquisa cient\u00edfica abrangente no Planalto Qinghai-Tibet.<\/p>\n","protected":false},"excerpt":{"rendered":"<p>Lhasa, 19 ago &#8211; A China realizou na quinta-feira uma grande reuni\u00e3o para celebrar o 70\u00ba anivers\u00e1rio da liberta\u00e7\u00e3o pac\u00edfica do Tibet. O evento foi realizado em Lhasa, capital da Regi\u00e3o Aut\u00f4noma do Tibet. A bandeira nacional da Rep\u00fablica Popular&#8230;<\/p>\n","protected":false},"author":3,"featured_media":2714,"comment_status":"open","ping_status":"open","sticky":false,"template":"","format":"standard","meta":{"footnotes":""},"categories":[3],"tags":[],"class_list":["post-2713","post","type-post","status-publish","format-standard","has-post-thumbnail","hentry","category-china"],"yoast_head":"<!-- This site is optimized with the Yoast SEO plugin v27.4 - https:\/\/yoast.com\/product\/yoast-seo-wordpress\/ -->\n<title>China realiza celebra\u00e7\u00e3o do 70\u00ba anivers\u00e1rio da liberta\u00e7\u00e3o pac\u00edfica do Tibet - Xinhua - Diario de Pernambuco<\/title>\n<meta name=\"robots\" content=\"index, follow, max-snippet:-1, max-image-preview:large, max-video-preview:-1\" \/>\n<link rel=\"canonical\" href=\"https:\/\/diariodepe.com.br\/xinhua\/2021\/08\/20\/china-realiza-celebracao-do-70o-aniversario-da-libertacao-pacifica-do-tibet\/\" \/>\n<meta property=\"og:locale\" content=\"pt_BR\" \/>\n<meta property=\"og:type\" content=\"article\" \/>\n<meta property=\"og:title\" content=\"China realiza celebra\u00e7\u00e3o do 70\u00ba anivers\u00e1rio da liberta\u00e7\u00e3o pac\u00edfica do Tibet - Xinhua - Diario de Pernambuco\" \/>\n<meta property=\"og:description\" content=\"Lhasa, 19 ago &#8211; A China realizou na quinta-feira uma grande reuni\u00e3o para celebrar o 70\u00ba anivers\u00e1rio da liberta\u00e7\u00e3o pac\u00edfica do Tibet. O evento foi realizado em Lhasa, capital da Regi\u00e3o Aut\u00f4noma do Tibet. A bandeira nacional da Rep\u00fablica Popular...\" \/>\n<meta property=\"og:url\" content=\"https:\/\/diariodepe.com.br\/xinhua\/2021\/08\/20\/china-realiza-celebracao-do-70o-aniversario-da-libertacao-pacifica-do-tibet\/\" \/>\n<meta property=\"og:site_name\" content=\"Xinhua - Diario de Pernambuco\" \/>\n<meta property=\"article:published_time\" content=\"2021-08-20T09:00:15+00:00\" \/>\n<meta property=\"article:modified_time\" content=\"2021-08-20T09:00:16+00:00\" \/>\n<meta property=\"og:image\" content=\"https:\/\/diariodepe.com.br\/xinhua\/wp-content\/uploads\/sites\/3\/2021\/08\/1310136867_16293719008461n.jpg\" \/>\n\t<meta property=\"og:image:width\" content=\"900\" \/>\n\t<meta property=\"og:image:height\" content=\"568\" \/>\n\t<meta property=\"og:image:type\" content=\"image\/jpeg\" \/>\n<meta name=\"author\" content=\"Marcelo Oliveira de A. Maranhao\" \/>\n<meta name=\"twitter:card\" content=\"summary_large_image\" \/>\n<meta name=\"twitter:label1\" content=\"Escrito por\" \/>\n\t<meta name=\"twitter:data1\" content=\"Marcelo Oliveira de A. Maranhao\" \/>\n\t<meta name=\"twitter:label2\" content=\"Est. tempo de leitura\" \/>\n\t<meta name=\"twitter:data2\" content=\"5 minutos\" \/>\n<script type=\"application\/ld+json\" class=\"yoast-schema-graph\">{\"@context\":\"https:\\\/\\\/schema.org\",\"@graph\":[{\"@type\":\"Article\",\"@id\":\"https:\\\/\\\/diariodepe.com.br\\\/xinhua\\\/2021\\\/08\\\/20\\\/china-realiza-celebracao-do-70o-aniversario-da-libertacao-pacifica-do-tibet\\\/#article\",\"isPartOf\":{\"@id\":\"https:\\\/\\\/diariodepe.com.br\\\/xinhua\\\/2021\\\/08\\\/20\\\/china-realiza-celebracao-do-70o-aniversario-da-libertacao-pacifica-do-tibet\\\/\"},\"author\":{\"name\":\"Marcelo Oliveira de A. Maranhao\",\"@id\":\"https:\\\/\\\/diariodepe.com.br\\\/xinhua\\\/#\\\/schema\\\/person\\\/0943d6fd02bdc7b49c8f495e8787a2cb\"},\"headline\":\"China realiza celebra\u00e7\u00e3o do 70\u00ba anivers\u00e1rio da liberta\u00e7\u00e3o pac\u00edfica do Tibet\",\"datePublished\":\"2021-08-20T09:00:15+00:00\",\"dateModified\":\"2021-08-20T09:00:16+00:00\",\"mainEntityOfPage\":{\"@id\":\"https:\\\/\\\/diariodepe.com.br\\\/xinhua\\\/2021\\\/08\\\/20\\\/china-realiza-celebracao-do-70o-aniversario-da-libertacao-pacifica-do-tibet\\\/\"},\"wordCount\":1238,\"commentCount\":0,\"publisher\":{\"@id\":\"https:\\\/\\\/diariodepe.com.br\\\/xinhua\\\/#organization\"},\"image\":{\"@id\":\"https:\\\/\\\/diariodepe.com.br\\\/xinhua\\\/2021\\\/08\\\/20\\\/china-realiza-celebracao-do-70o-aniversario-da-libertacao-pacifica-do-tibet\\\/#primaryimage\"},\"thumbnailUrl\":\"https:\\\/\\\/diariodepe.com.br\\\/xinhua\\\/wp-content\\\/uploads\\\/sites\\\/3\\\/2021\\\/08\\\/1310136867_16293719008461n.jpg\",\"articleSection\":[\"China\"],\"inLanguage\":\"pt-BR\",\"potentialAction\":[{\"@type\":\"CommentAction\",\"name\":\"Comment\",\"target\":[\"https:\\\/\\\/diariodepe.com.br\\\/xinhua\\\/2021\\\/08\\\/20\\\/china-realiza-celebracao-do-70o-aniversario-da-libertacao-pacifica-do-tibet\\\/#respond\"]}]},{\"@type\":\"WebPage\",\"@id\":\"https:\\\/\\\/diariodepe.com.br\\\/xinhua\\\/2021\\\/08\\\/20\\\/china-realiza-celebracao-do-70o-aniversario-da-libertacao-pacifica-do-tibet\\\/\",\"url\":\"https:\\\/\\\/diariodepe.com.br\\\/xinhua\\\/2021\\\/08\\\/20\\\/china-realiza-celebracao-do-70o-aniversario-da-libertacao-pacifica-do-tibet\\\/\",\"name\":\"China realiza celebra\u00e7\u00e3o do 70\u00ba anivers\u00e1rio da liberta\u00e7\u00e3o pac\u00edfica do Tibet - Xinhua - Diario de Pernambuco\",\"isPartOf\":{\"@id\":\"https:\\\/\\\/diariodepe.com.br\\\/xinhua\\\/#website\"},\"primaryImageOfPage\":{\"@id\":\"https:\\\/\\\/diariodepe.com.br\\\/xinhua\\\/2021\\\/08\\\/20\\\/china-realiza-celebracao-do-70o-aniversario-da-libertacao-pacifica-do-tibet\\\/#primaryimage\"},\"image\":{\"@id\":\"https:\\\/\\\/diariodepe.com.br\\\/xinhua\\\/2021\\\/08\\\/20\\\/china-realiza-celebracao-do-70o-aniversario-da-libertacao-pacifica-do-tibet\\\/#primaryimage\"},\"thumbnailUrl\":\"https:\\\/\\\/diariodepe.com.br\\\/xinhua\\\/wp-content\\\/uploads\\\/sites\\\/3\\\/2021\\\/08\\\/1310136867_16293719008461n.jpg\",\"datePublished\":\"2021-08-20T09:00:15+00:00\",\"dateModified\":\"2021-08-20T09:00:16+00:00\",\"breadcrumb\":{\"@id\":\"https:\\\/\\\/diariodepe.com.br\\\/xinhua\\\/2021\\\/08\\\/20\\\/china-realiza-celebracao-do-70o-aniversario-da-libertacao-pacifica-do-tibet\\\/#breadcrumb\"},\"inLanguage\":\"pt-BR\",\"potentialAction\":[{\"@type\":\"ReadAction\",\"target\":[\"https:\\\/\\\/diariodepe.com.br\\\/xinhua\\\/2021\\\/08\\\/20\\\/china-realiza-celebracao-do-70o-aniversario-da-libertacao-pacifica-do-tibet\\\/\"]}]},{\"@type\":\"ImageObject\",\"inLanguage\":\"pt-BR\",\"@id\":\"https:\\\/\\\/diariodepe.com.br\\\/xinhua\\\/2021\\\/08\\\/20\\\/china-realiza-celebracao-do-70o-aniversario-da-libertacao-pacifica-do-tibet\\\/#primaryimage\",\"url\":\"https:\\\/\\\/diariodepe.com.br\\\/xinhua\\\/wp-content\\\/uploads\\\/sites\\\/3\\\/2021\\\/08\\\/1310136867_16293719008461n.jpg\",\"contentUrl\":\"https:\\\/\\\/diariodepe.com.br\\\/xinhua\\\/wp-content\\\/uploads\\\/sites\\\/3\\\/2021\\\/08\\\/1310136867_16293719008461n.jpg\",\"width\":900,\"height\":568,\"caption\":\"O Pal\u00e1cio de Potala \u00e9 visto perto da reserva natural do pantanal Lhalu em Lhasa, Regi\u00e3o Aut\u00f4noma do Tibet, no sudoeste da China, em 17 de julho de 2021. (Xinhua\\\/Zhang Rufeng)\"},{\"@type\":\"BreadcrumbList\",\"@id\":\"https:\\\/\\\/diariodepe.com.br\\\/xinhua\\\/2021\\\/08\\\/20\\\/china-realiza-celebracao-do-70o-aniversario-da-libertacao-pacifica-do-tibet\\\/#breadcrumb\",\"itemListElement\":[{\"@type\":\"ListItem\",\"position\":1,\"name\":\"In\u00edcio\",\"item\":\"https:\\\/\\\/diariodepe.com.br\\\/xinhua\\\/\"},{\"@type\":\"ListItem\",\"position\":2,\"name\":\"China realiza celebra\u00e7\u00e3o do 70\u00ba anivers\u00e1rio da liberta\u00e7\u00e3o pac\u00edfica do Tibet\"}]},{\"@type\":\"WebSite\",\"@id\":\"https:\\\/\\\/diariodepe.com.br\\\/xinhua\\\/#website\",\"url\":\"https:\\\/\\\/diariodepe.com.br\\\/xinhua\\\/\",\"name\":\"Xinhua - Diario de Pernambuco\",\"description\":\"A maior ag\u00eancia de not\u00edcias da China e um dos principais canais para conhecer o pa\u00eds\",\"publisher\":{\"@id\":\"https:\\\/\\\/diariodepe.com.br\\\/xinhua\\\/#organization\"},\"potentialAction\":[{\"@type\":\"SearchAction\",\"target\":{\"@type\":\"EntryPoint\",\"urlTemplate\":\"https:\\\/\\\/diariodepe.com.br\\\/xinhua\\\/?s={search_term_string}\"},\"query-input\":{\"@type\":\"PropertyValueSpecification\",\"valueRequired\":true,\"valueName\":\"search_term_string\"}}],\"inLanguage\":\"pt-BR\"},{\"@type\":\"Organization\",\"@id\":\"https:\\\/\\\/diariodepe.com.br\\\/xinhua\\\/#organization\",\"name\":\"Xinhua - Diario de Pernambuco\",\"url\":\"https:\\\/\\\/diariodepe.com.br\\\/xinhua\\\/\",\"logo\":{\"@type\":\"ImageObject\",\"inLanguage\":\"pt-BR\",\"@id\":\"https:\\\/\\\/diariodepe.com.br\\\/xinhua\\\/#\\\/schema\\\/logo\\\/image\\\/\",\"url\":\"https:\\\/\\\/diariodepe.com.br\\\/xinhua\\\/wp-content\\\/uploads\\\/sites\\\/3\\\/2020\\\/10\\\/cropped-logo-transparente-2.png\",\"contentUrl\":\"https:\\\/\\\/diariodepe.com.br\\\/xinhua\\\/wp-content\\\/uploads\\\/sites\\\/3\\\/2020\\\/10\\\/cropped-logo-transparente-2.png\",\"width\":512,\"height\":164,\"caption\":\"Xinhua - Diario de Pernambuco\"},\"image\":{\"@id\":\"https:\\\/\\\/diariodepe.com.br\\\/xinhua\\\/#\\\/schema\\\/logo\\\/image\\\/\"}},{\"@type\":\"Person\",\"@id\":\"https:\\\/\\\/diariodepe.com.br\\\/xinhua\\\/#\\\/schema\\\/person\\\/0943d6fd02bdc7b49c8f495e8787a2cb\",\"name\":\"Marcelo Oliveira de A. Maranhao\",\"image\":{\"@type\":\"ImageObject\",\"inLanguage\":\"pt-BR\",\"@id\":\"https:\\\/\\\/secure.gravatar.com\\\/avatar\\\/f562caee940d39879c20e90eea3e4b21860c7d4c96684c23141c554824f0059c?s=96&d=mm&r=g\",\"url\":\"https:\\\/\\\/secure.gravatar.com\\\/avatar\\\/f562caee940d39879c20e90eea3e4b21860c7d4c96684c23141c554824f0059c?s=96&d=mm&r=g\",\"contentUrl\":\"https:\\\/\\\/secure.gravatar.com\\\/avatar\\\/f562caee940d39879c20e90eea3e4b21860c7d4c96684c23141c554824f0059c?s=96&d=mm&r=g\",\"caption\":\"Marcelo Oliveira de A. Maranhao\"},\"url\":\"https:\\\/\\\/diariodepe.com.br\\\/xinhua\\\/author\\\/marcelo-maranhao\\\/\"}]}<\/script>\n<!-- \/ Yoast SEO plugin. -->","yoast_head_json":{"title":"China realiza celebra\u00e7\u00e3o do 70\u00ba anivers\u00e1rio da liberta\u00e7\u00e3o pac\u00edfica do Tibet - Xinhua - Diario de Pernambuco","robots":{"index":"index","follow":"follow","max-snippet":"max-snippet:-1","max-image-preview":"max-image-preview:large","max-video-preview":"max-video-preview:-1"},"canonical":"https:\/\/diariodepe.com.br\/xinhua\/2021\/08\/20\/china-realiza-celebracao-do-70o-aniversario-da-libertacao-pacifica-do-tibet\/","og_locale":"pt_BR","og_type":"article","og_title":"China realiza celebra\u00e7\u00e3o do 70\u00ba anivers\u00e1rio da liberta\u00e7\u00e3o pac\u00edfica do Tibet - Xinhua - Diario de Pernambuco","og_description":"Lhasa, 19 ago &#8211; A China realizou na quinta-feira uma grande reuni\u00e3o para celebrar o 70\u00ba anivers\u00e1rio da liberta\u00e7\u00e3o pac\u00edfica do Tibet. O evento foi realizado em Lhasa, capital da Regi\u00e3o Aut\u00f4noma do Tibet. A bandeira nacional da Rep\u00fablica Popular...","og_url":"https:\/\/diariodepe.com.br\/xinhua\/2021\/08\/20\/china-realiza-celebracao-do-70o-aniversario-da-libertacao-pacifica-do-tibet\/","og_site_name":"Xinhua - Diario de Pernambuco","article_published_time":"2021-08-20T09:00:15+00:00","article_modified_time":"2021-08-20T09:00:16+00:00","og_image":[{"width":900,"height":568,"url":"https:\/\/diariodepe.com.br\/xinhua\/wp-content\/uploads\/sites\/3\/2021\/08\/1310136867_16293719008461n.jpg","type":"image\/jpeg"}],"author":"Marcelo Oliveira de A. Maranhao","twitter_card":"summary_large_image","twitter_misc":{"Escrito por":"Marcelo Oliveira de A. Maranhao","Est. tempo de leitura":"5 minutos"},"schema":{"@context":"https:\/\/schema.org","@graph":[{"@type":"Article","@id":"https:\/\/diariodepe.com.br\/xinhua\/2021\/08\/20\/china-realiza-celebracao-do-70o-aniversario-da-libertacao-pacifica-do-tibet\/#article","isPartOf":{"@id":"https:\/\/diariodepe.com.br\/xinhua\/2021\/08\/20\/china-realiza-celebracao-do-70o-aniversario-da-libertacao-pacifica-do-tibet\/"},"author":{"name":"Marcelo Oliveira de A. Maranhao","@id":"https:\/\/diariodepe.com.br\/xinhua\/#\/schema\/person\/0943d6fd02bdc7b49c8f495e8787a2cb"},"headline":"China realiza celebra\u00e7\u00e3o do 70\u00ba anivers\u00e1rio da liberta\u00e7\u00e3o pac\u00edfica do Tibet","datePublished":"2021-08-20T09:00:15+00:00","dateModified":"2021-08-20T09:00:16+00:00","mainEntityOfPage":{"@id":"https:\/\/diariodepe.com.br\/xinhua\/2021\/08\/20\/china-realiza-celebracao-do-70o-aniversario-da-libertacao-pacifica-do-tibet\/"},"wordCount":1238,"commentCount":0,"publisher":{"@id":"https:\/\/diariodepe.com.br\/xinhua\/#organization"},"image":{"@id":"https:\/\/diariodepe.com.br\/xinhua\/2021\/08\/20\/china-realiza-celebracao-do-70o-aniversario-da-libertacao-pacifica-do-tibet\/#primaryimage"},"thumbnailUrl":"https:\/\/diariodepe.com.br\/xinhua\/wp-content\/uploads\/sites\/3\/2021\/08\/1310136867_16293719008461n.jpg","articleSection":["China"],"inLanguage":"pt-BR","potentialAction":[{"@type":"CommentAction","name":"Comment","target":["https:\/\/diariodepe.com.br\/xinhua\/2021\/08\/20\/china-realiza-celebracao-do-70o-aniversario-da-libertacao-pacifica-do-tibet\/#respond"]}]},{"@type":"WebPage","@id":"https:\/\/diariodepe.com.br\/xinhua\/2021\/08\/20\/china-realiza-celebracao-do-70o-aniversario-da-libertacao-pacifica-do-tibet\/","url":"https:\/\/diariodepe.com.br\/xinhua\/2021\/08\/20\/china-realiza-celebracao-do-70o-aniversario-da-libertacao-pacifica-do-tibet\/","name":"China realiza celebra\u00e7\u00e3o do 70\u00ba anivers\u00e1rio da liberta\u00e7\u00e3o pac\u00edfica do Tibet - Xinhua - Diario de Pernambuco","isPartOf":{"@id":"https:\/\/diariodepe.com.br\/xinhua\/#website"},"primaryImageOfPage":{"@id":"https:\/\/diariodepe.com.br\/xinhua\/2021\/08\/20\/china-realiza-celebracao-do-70o-aniversario-da-libertacao-pacifica-do-tibet\/#primaryimage"},"image":{"@id":"https:\/\/diariodepe.com.br\/xinhua\/2021\/08\/20\/china-realiza-celebracao-do-70o-aniversario-da-libertacao-pacifica-do-tibet\/#primaryimage"},"thumbnailUrl":"https:\/\/diariodepe.com.br\/xinhua\/wp-content\/uploads\/sites\/3\/2021\/08\/1310136867_16293719008461n.jpg","datePublished":"2021-08-20T09:00:15+00:00","dateModified":"2021-08-20T09:00:16+00:00","breadcrumb":{"@id":"https:\/\/diariodepe.com.br\/xinhua\/2021\/08\/20\/china-realiza-celebracao-do-70o-aniversario-da-libertacao-pacifica-do-tibet\/#breadcrumb"},"inLanguage":"pt-BR","potentialAction":[{"@type":"ReadAction","target":["https:\/\/diariodepe.com.br\/xinhua\/2021\/08\/20\/china-realiza-celebracao-do-70o-aniversario-da-libertacao-pacifica-do-tibet\/"]}]},{"@type":"ImageObject","inLanguage":"pt-BR","@id":"https:\/\/diariodepe.com.br\/xinhua\/2021\/08\/20\/china-realiza-celebracao-do-70o-aniversario-da-libertacao-pacifica-do-tibet\/#primaryimage","url":"https:\/\/diariodepe.com.br\/xinhua\/wp-content\/uploads\/sites\/3\/2021\/08\/1310136867_16293719008461n.jpg","contentUrl":"https:\/\/diariodepe.com.br\/xinhua\/wp-content\/uploads\/sites\/3\/2021\/08\/1310136867_16293719008461n.jpg","width":900,"height":568,"caption":"O Pal\u00e1cio de Potala \u00e9 visto perto da reserva natural do pantanal Lhalu em Lhasa, Regi\u00e3o Aut\u00f4noma do Tibet, no sudoeste da China, em 17 de julho de 2021. (Xinhua\/Zhang Rufeng)"},{"@type":"BreadcrumbList","@id":"https:\/\/diariodepe.com.br\/xinhua\/2021\/08\/20\/china-realiza-celebracao-do-70o-aniversario-da-libertacao-pacifica-do-tibet\/#breadcrumb","itemListElement":[{"@type":"ListItem","position":1,"name":"In\u00edcio","item":"https:\/\/diariodepe.com.br\/xinhua\/"},{"@type":"ListItem","position":2,"name":"China realiza celebra\u00e7\u00e3o do 70\u00ba anivers\u00e1rio da liberta\u00e7\u00e3o pac\u00edfica do Tibet"}]},{"@type":"WebSite","@id":"https:\/\/diariodepe.com.br\/xinhua\/#website","url":"https:\/\/diariodepe.com.br\/xinhua\/","name":"Xinhua - Diario de Pernambuco","description":"A maior ag\u00eancia de not\u00edcias da China e um dos principais canais para conhecer o pa\u00eds","publisher":{"@id":"https:\/\/diariodepe.com.br\/xinhua\/#organization"},"potentialAction":[{"@type":"SearchAction","target":{"@type":"EntryPoint","urlTemplate":"https:\/\/diariodepe.com.br\/xinhua\/?s={search_term_string}"},"query-input":{"@type":"PropertyValueSpecification","valueRequired":true,"valueName":"search_term_string"}}],"inLanguage":"pt-BR"},{"@type":"Organization","@id":"https:\/\/diariodepe.com.br\/xinhua\/#organization","name":"Xinhua - Diario de Pernambuco","url":"https:\/\/diariodepe.com.br\/xinhua\/","logo":{"@type":"ImageObject","inLanguage":"pt-BR","@id":"https:\/\/diariodepe.com.br\/xinhua\/#\/schema\/logo\/image\/","url":"https:\/\/diariodepe.com.br\/xinhua\/wp-content\/uploads\/sites\/3\/2020\/10\/cropped-logo-transparente-2.png","contentUrl":"https:\/\/diariodepe.com.br\/xinhua\/wp-content\/uploads\/sites\/3\/2020\/10\/cropped-logo-transparente-2.png","width":512,"height":164,"caption":"Xinhua - Diario de Pernambuco"},"image":{"@id":"https:\/\/diariodepe.com.br\/xinhua\/#\/schema\/logo\/image\/"}},{"@type":"Person","@id":"https:\/\/diariodepe.com.br\/xinhua\/#\/schema\/person\/0943d6fd02bdc7b49c8f495e8787a2cb","name":"Marcelo Oliveira de A. Maranhao","image":{"@type":"ImageObject","inLanguage":"pt-BR","@id":"https:\/\/secure.gravatar.com\/avatar\/f562caee940d39879c20e90eea3e4b21860c7d4c96684c23141c554824f0059c?s=96&d=mm&r=g","url":"https:\/\/secure.gravatar.com\/avatar\/f562caee940d39879c20e90eea3e4b21860c7d4c96684c23141c554824f0059c?s=96&d=mm&r=g","contentUrl":"https:\/\/secure.gravatar.com\/avatar\/f562caee940d39879c20e90eea3e4b21860c7d4c96684c23141c554824f0059c?s=96&d=mm&r=g","caption":"Marcelo Oliveira de A. Maranhao"},"url":"https:\/\/diariodepe.com.br\/xinhua\/author\/marcelo-maranhao\/"}]}},"cc_featured_image_caption":{"caption_text":"","source_text":"","source_url":""},"amp_enabled":true,"_links":{"self":[{"href":"https:\/\/diariodepe.com.br\/xinhua\/wp-json\/wp\/v2\/posts\/2713","targetHints":{"allow":["GET"]}}],"collection":[{"href":"https:\/\/diariodepe.com.br\/xinhua\/wp-json\/wp\/v2\/posts"}],"about":[{"href":"https:\/\/diariodepe.com.br\/xinhua\/wp-json\/wp\/v2\/types\/post"}],"author":[{"embeddable":true,"href":"https:\/\/diariodepe.com.br\/xinhua\/wp-json\/wp\/v2\/users\/3"}],"replies":[{"embeddable":true,"href":"https:\/\/diariodepe.com.br\/xinhua\/wp-json\/wp\/v2\/comments?post=2713"}],"version-history":[{"count":1,"href":"https:\/\/diariodepe.com.br\/xinhua\/wp-json\/wp\/v2\/posts\/2713\/revisions"}],"predecessor-version":[{"id":2715,"href":"https:\/\/diariodepe.com.br\/xinhua\/wp-json\/wp\/v2\/posts\/2713\/revisions\/2715"}],"wp:featuredmedia":[{"embeddable":true,"href":"https:\/\/diariodepe.com.br\/xinhua\/wp-json\/wp\/v2\/media\/2714"}],"wp:attachment":[{"href":"https:\/\/diariodepe.com.br\/xinhua\/wp-json\/wp\/v2\/media?parent=2713"}],"wp:term":[{"taxonomy":"category","embeddable":true,"href":"https:\/\/diariodepe.com.br\/xinhua\/wp-json\/wp\/v2\/categories?post=2713"},{"taxonomy":"post_tag","embeddable":true,"href":"https:\/\/diariodepe.com.br\/xinhua\/wp-json\/wp\/v2\/tags?post=2713"}],"curies":[{"name":"wp","href":"https:\/\/api.w.org\/{rel}","templated":true}]}}