{"id":2711,"date":"2021-08-19T20:21:18","date_gmt":"2021-08-19T23:21:18","guid":{"rendered":"http:\/\/www.diariodepe.com.br\/xinhua\/?p=2711"},"modified":"2021-08-19T20:21:20","modified_gmt":"2021-08-19T23:21:20","slug":"brasil-estuda-aplicar-terceira-dose-de-vacinas-contra-covid-19-em-idosos-e-profissionais-da-saude","status":"publish","type":"post","link":"https:\/\/diariodepe.com.br\/xinhua\/2021\/08\/19\/brasil-estuda-aplicar-terceira-dose-de-vacinas-contra-covid-19-em-idosos-e-profissionais-da-saude\/","title":{"rendered":"Brasil estuda aplicar terceira dose de vacinas contra COVID-19 em idosos e profissionais da sa\u00fade"},"content":{"rendered":"\n<p>Rio de Janeiro &#8211; O ministro da Sa\u00fade do Brasil, Marcelo Queiroga, disse nesta quarta-feira que o governo estuda aplicar uma terceira dose das vacinas contra a COVID-19, inicialmente em idosos e profissionais da sa\u00fade.<\/p>\n\n\n\n<p>Em uma entrevista \u00e0 imprensa, Queiroga explicou que os detalhes est\u00e3o sendo estudados, mas que s\u00e3o necess\u00e1rios mais dados cient\u00edficos sobre o tema, raz\u00e3o pela qual n\u00e3o se definiu quando a dose de refor\u00e7o come\u00e7ar\u00e1 a ser aplicada no pa\u00eds.<\/p>\n\n\n\n<p>&#8220;Estamos planejando para que, no momento que tivermos todos os dados cient\u00edficos e o n\u00famero de doses suficiente dispon\u00edvel, j\u00e1 orientar um refor\u00e7o da vacina. Isso vale para todos os imunizantes&#8221;, afirmou o ministro.<\/p>\n\n\n\n<p>Queiroga lembrou que o Minist\u00e9rio da Sa\u00fade j\u00e1 encomendou um estudo para verificar a estrat\u00e9gia da terceira dose em pessoas que tomaram a CoronaVac.<\/p>\n\n\n\n<p>A Agencia Nacional de Vigil\u00e2ncia Sanit\u00e1ria (Anvisa) tamb\u00e9m autorizou estudos de terceira dose das vacinas Pfizer e AstraZeneca no Brasil.<\/p>\n\n\n\n<p>&#8220;Como ser\u00e1 essa terceira dose? Sabemos que os idosos t\u00eam um sistema imunol\u00f3gico comprometido e por isso eles s\u00e3o mais vulner\u00e1veis. Pessoas que tomaram duas doses da vacina podem adoecer com a COVID, inclusive ter formas graves da doen\u00e7a. Mas se compararmos os que vacinaram com duas doses e aqueles que n\u00e3o vacinaram, o benef\u00edcio da vacina \u00e9 ineg\u00e1vel&#8221;, disse Queiroga.<\/p>\n\n\n\n<p>De acordo com os dados divulgados pelo cons\u00f3rcio dos ve\u00edculos de imprensa, de 18 de janeiro at\u00e9 esta quarta-feira, 118.860.218 pessoas (56,13% da popula\u00e7\u00e3o) j\u00e1 tomaram a primeira dose da vacina contra a COVID-19.<\/p>\n\n\n\n<p>Os imunizados, que tomaram a segunda dose ou a dose \u00fanica, s\u00e3o 52.453.993 (24,77% da popula\u00e7\u00e3o). Somando a primeira, a segunda e a dose \u00fanica, j\u00e1 foram aplicadas no pa\u00eds 171.314.211 doses.<\/p>\n\n\n\n<p>Nas \u00faltimas 24 horas, o Brasil registrou 1.064 novas mortes provocadas pela COVID-19, segundo boletim divulgado nesta quarta-feira pelo Minist\u00e9rio da Sa\u00fade. O total de \u00f3bitos causados pela doen\u00e7a durante a pandemia chegou a 571.662 em todo o pa\u00eds.<\/p>\n\n\n\n<p>Ainda pelos n\u00fameros do governo, foram confirmados 41.714 novos diagn\u00f3sticos do v\u00edrus no Brasil entre ontem e hoje, elevando o total de infectados para 20.457.897 desde mar\u00e7o de 2020.<\/p>\n","protected":false},"excerpt":{"rendered":"<p>Rio de Janeiro &#8211; O ministro da Sa\u00fade do Brasil, Marcelo Queiroga, disse nesta quarta-feira que o governo estuda aplicar uma terceira dose das vacinas contra a COVID-19, inicialmente em idosos e profissionais da sa\u00fade. Em uma entrevista \u00e0 imprensa,&#8230;<\/p>\n","protected":false},"author":3,"featured_media":0,"comment_status":"open","ping_status":"open","sticky":false,"template":"","format":"standard","meta":{"footnotes":""},"categories":[1],"tags":[],"class_list":["post-2711","post","type-post","status-publish","format-standard","hentry","category-geral"],"yoast_head":"<!-- This site is optimized with the Yoast SEO plugin v27.4 - https:\/\/yoast.com\/product\/yoast-seo-wordpress\/ -->\n<title>Brasil estuda aplicar terceira dose de vacinas contra COVID-19 em idosos e profissionais da sa\u00fade - Xinhua - Diario de Pernambuco<\/title>\n<meta name=\"robots\" content=\"index, follow, max-snippet:-1, max-image-preview:large, max-video-preview:-1\" \/>\n<link rel=\"canonical\" href=\"https:\/\/diariodepe.com.br\/xinhua\/2021\/08\/19\/brasil-estuda-aplicar-terceira-dose-de-vacinas-contra-covid-19-em-idosos-e-profissionais-da-saude\/\" \/>\n<meta property=\"og:locale\" content=\"pt_BR\" \/>\n<meta property=\"og:type\" content=\"article\" \/>\n<meta property=\"og:title\" content=\"Brasil estuda aplicar terceira dose de vacinas contra COVID-19 em idosos e profissionais da sa\u00fade - Xinhua - Diario de Pernambuco\" \/>\n<meta property=\"og:description\" content=\"Rio de Janeiro &#8211; O ministro da Sa\u00fade do Brasil, Marcelo Queiroga, disse nesta quarta-feira que o governo estuda aplicar uma terceira dose das vacinas contra a COVID-19, inicialmente em idosos e profissionais da sa\u00fade. Em uma entrevista \u00e0 imprensa,...\" \/>\n<meta property=\"og:url\" content=\"https:\/\/diariodepe.com.br\/xinhua\/2021\/08\/19\/brasil-estuda-aplicar-terceira-dose-de-vacinas-contra-covid-19-em-idosos-e-profissionais-da-saude\/\" \/>\n<meta property=\"og:site_name\" content=\"Xinhua - Diario de Pernambuco\" \/>\n<meta property=\"article:published_time\" content=\"2021-08-19T23:21:18+00:00\" \/>\n<meta property=\"article:modified_time\" content=\"2021-08-19T23:21:20+00:00\" \/>\n<meta name=\"author\" content=\"Marcelo Oliveira de A. Maranhao\" \/>\n<meta name=\"twitter:card\" content=\"summary_large_image\" \/>\n<meta name=\"twitter:label1\" content=\"Escrito por\" \/>\n\t<meta name=\"twitter:data1\" content=\"Marcelo Oliveira de A. Maranhao\" \/>\n\t<meta name=\"twitter:label2\" content=\"Est. tempo de leitura\" \/>\n\t<meta name=\"twitter:data2\" content=\"2 minutos\" \/>\n<script type=\"application\/ld+json\" class=\"yoast-schema-graph\">{\"@context\":\"https:\\\/\\\/schema.org\",\"@graph\":[{\"@type\":\"Article\",\"@id\":\"https:\\\/\\\/diariodepe.com.br\\\/xinhua\\\/2021\\\/08\\\/19\\\/brasil-estuda-aplicar-terceira-dose-de-vacinas-contra-covid-19-em-idosos-e-profissionais-da-saude\\\/#article\",\"isPartOf\":{\"@id\":\"https:\\\/\\\/diariodepe.com.br\\\/xinhua\\\/2021\\\/08\\\/19\\\/brasil-estuda-aplicar-terceira-dose-de-vacinas-contra-covid-19-em-idosos-e-profissionais-da-saude\\\/\"},\"author\":{\"name\":\"Marcelo Oliveira de A. Maranhao\",\"@id\":\"https:\\\/\\\/diariodepe.com.br\\\/xinhua\\\/#\\\/schema\\\/person\\\/0943d6fd02bdc7b49c8f495e8787a2cb\"},\"headline\":\"Brasil estuda aplicar terceira dose de vacinas contra COVID-19 em idosos e profissionais da sa\u00fade\",\"datePublished\":\"2021-08-19T23:21:18+00:00\",\"dateModified\":\"2021-08-19T23:21:20+00:00\",\"mainEntityOfPage\":{\"@id\":\"https:\\\/\\\/diariodepe.com.br\\\/xinhua\\\/2021\\\/08\\\/19\\\/brasil-estuda-aplicar-terceira-dose-de-vacinas-contra-covid-19-em-idosos-e-profissionais-da-saude\\\/\"},\"wordCount\":393,\"commentCount\":0,\"publisher\":{\"@id\":\"https:\\\/\\\/diariodepe.com.br\\\/xinhua\\\/#organization\"},\"articleSection\":[\"Geral\"],\"inLanguage\":\"pt-BR\",\"potentialAction\":[{\"@type\":\"CommentAction\",\"name\":\"Comment\",\"target\":[\"https:\\\/\\\/diariodepe.com.br\\\/xinhua\\\/2021\\\/08\\\/19\\\/brasil-estuda-aplicar-terceira-dose-de-vacinas-contra-covid-19-em-idosos-e-profissionais-da-saude\\\/#respond\"]}]},{\"@type\":\"WebPage\",\"@id\":\"https:\\\/\\\/diariodepe.com.br\\\/xinhua\\\/2021\\\/08\\\/19\\\/brasil-estuda-aplicar-terceira-dose-de-vacinas-contra-covid-19-em-idosos-e-profissionais-da-saude\\\/\",\"url\":\"https:\\\/\\\/diariodepe.com.br\\\/xinhua\\\/2021\\\/08\\\/19\\\/brasil-estuda-aplicar-terceira-dose-de-vacinas-contra-covid-19-em-idosos-e-profissionais-da-saude\\\/\",\"name\":\"Brasil estuda aplicar terceira dose de vacinas contra COVID-19 em idosos e profissionais da sa\u00fade - Xinhua - Diario de Pernambuco\",\"isPartOf\":{\"@id\":\"https:\\\/\\\/diariodepe.com.br\\\/xinhua\\\/#website\"},\"datePublished\":\"2021-08-19T23:21:18+00:00\",\"dateModified\":\"2021-08-19T23:21:20+00:00\",\"breadcrumb\":{\"@id\":\"https:\\\/\\\/diariodepe.com.br\\\/xinhua\\\/2021\\\/08\\\/19\\\/brasil-estuda-aplicar-terceira-dose-de-vacinas-contra-covid-19-em-idosos-e-profissionais-da-saude\\\/#breadcrumb\"},\"inLanguage\":\"pt-BR\",\"potentialAction\":[{\"@type\":\"ReadAction\",\"target\":[\"https:\\\/\\\/diariodepe.com.br\\\/xinhua\\\/2021\\\/08\\\/19\\\/brasil-estuda-aplicar-terceira-dose-de-vacinas-contra-covid-19-em-idosos-e-profissionais-da-saude\\\/\"]}]},{\"@type\":\"BreadcrumbList\",\"@id\":\"https:\\\/\\\/diariodepe.com.br\\\/xinhua\\\/2021\\\/08\\\/19\\\/brasil-estuda-aplicar-terceira-dose-de-vacinas-contra-covid-19-em-idosos-e-profissionais-da-saude\\\/#breadcrumb\",\"itemListElement\":[{\"@type\":\"ListItem\",\"position\":1,\"name\":\"In\u00edcio\",\"item\":\"https:\\\/\\\/diariodepe.com.br\\\/xinhua\\\/\"},{\"@type\":\"ListItem\",\"position\":2,\"name\":\"Brasil estuda aplicar terceira dose de vacinas contra COVID-19 em idosos e profissionais da sa\u00fade\"}]},{\"@type\":\"WebSite\",\"@id\":\"https:\\\/\\\/diariodepe.com.br\\\/xinhua\\\/#website\",\"url\":\"https:\\\/\\\/diariodepe.com.br\\\/xinhua\\\/\",\"name\":\"Xinhua - Diario de Pernambuco\",\"description\":\"A maior ag\u00eancia de not\u00edcias da China e um dos principais canais para conhecer o pa\u00eds\",\"publisher\":{\"@id\":\"https:\\\/\\\/diariodepe.com.br\\\/xinhua\\\/#organization\"},\"potentialAction\":[{\"@type\":\"SearchAction\",\"target\":{\"@type\":\"EntryPoint\",\"urlTemplate\":\"https:\\\/\\\/diariodepe.com.br\\\/xinhua\\\/?s={search_term_string}\"},\"query-input\":{\"@type\":\"PropertyValueSpecification\",\"valueRequired\":true,\"valueName\":\"search_term_string\"}}],\"inLanguage\":\"pt-BR\"},{\"@type\":\"Organization\",\"@id\":\"https:\\\/\\\/diariodepe.com.br\\\/xinhua\\\/#organization\",\"name\":\"Xinhua - Diario de Pernambuco\",\"url\":\"https:\\\/\\\/diariodepe.com.br\\\/xinhua\\\/\",\"logo\":{\"@type\":\"ImageObject\",\"inLanguage\":\"pt-BR\",\"@id\":\"https:\\\/\\\/diariodepe.com.br\\\/xinhua\\\/#\\\/schema\\\/logo\\\/image\\\/\",\"url\":\"https:\\\/\\\/diariodepe.com.br\\\/xinhua\\\/wp-content\\\/uploads\\\/sites\\\/3\\\/2020\\\/10\\\/cropped-logo-transparente-2.png\",\"contentUrl\":\"https:\\\/\\\/diariodepe.com.br\\\/xinhua\\\/wp-content\\\/uploads\\\/sites\\\/3\\\/2020\\\/10\\\/cropped-logo-transparente-2.png\",\"width\":512,\"height\":164,\"caption\":\"Xinhua - Diario de Pernambuco\"},\"image\":{\"@id\":\"https:\\\/\\\/diariodepe.com.br\\\/xinhua\\\/#\\\/schema\\\/logo\\\/image\\\/\"}},{\"@type\":\"Person\",\"@id\":\"https:\\\/\\\/diariodepe.com.br\\\/xinhua\\\/#\\\/schema\\\/person\\\/0943d6fd02bdc7b49c8f495e8787a2cb\",\"name\":\"Marcelo Oliveira de A. Maranhao\",\"image\":{\"@type\":\"ImageObject\",\"inLanguage\":\"pt-BR\",\"@id\":\"https:\\\/\\\/secure.gravatar.com\\\/avatar\\\/f562caee940d39879c20e90eea3e4b21860c7d4c96684c23141c554824f0059c?s=96&d=mm&r=g\",\"url\":\"https:\\\/\\\/secure.gravatar.com\\\/avatar\\\/f562caee940d39879c20e90eea3e4b21860c7d4c96684c23141c554824f0059c?s=96&d=mm&r=g\",\"contentUrl\":\"https:\\\/\\\/secure.gravatar.com\\\/avatar\\\/f562caee940d39879c20e90eea3e4b21860c7d4c96684c23141c554824f0059c?s=96&d=mm&r=g\",\"caption\":\"Marcelo Oliveira de A. Maranhao\"},\"url\":\"https:\\\/\\\/diariodepe.com.br\\\/xinhua\\\/author\\\/marcelo-maranhao\\\/\"}]}<\/script>\n<!-- \/ Yoast SEO plugin. -->","yoast_head_json":{"title":"Brasil estuda aplicar terceira dose de vacinas contra COVID-19 em idosos e profissionais da sa\u00fade - Xinhua - Diario de Pernambuco","robots":{"index":"index","follow":"follow","max-snippet":"max-snippet:-1","max-image-preview":"max-image-preview:large","max-video-preview":"max-video-preview:-1"},"canonical":"https:\/\/diariodepe.com.br\/xinhua\/2021\/08\/19\/brasil-estuda-aplicar-terceira-dose-de-vacinas-contra-covid-19-em-idosos-e-profissionais-da-saude\/","og_locale":"pt_BR","og_type":"article","og_title":"Brasil estuda aplicar terceira dose de vacinas contra COVID-19 em idosos e profissionais da sa\u00fade - Xinhua - Diario de Pernambuco","og_description":"Rio de Janeiro &#8211; O ministro da Sa\u00fade do Brasil, Marcelo Queiroga, disse nesta quarta-feira que o governo estuda aplicar uma terceira dose das vacinas contra a COVID-19, inicialmente em idosos e profissionais da sa\u00fade. Em uma entrevista \u00e0 imprensa,...","og_url":"https:\/\/diariodepe.com.br\/xinhua\/2021\/08\/19\/brasil-estuda-aplicar-terceira-dose-de-vacinas-contra-covid-19-em-idosos-e-profissionais-da-saude\/","og_site_name":"Xinhua - Diario de Pernambuco","article_published_time":"2021-08-19T23:21:18+00:00","article_modified_time":"2021-08-19T23:21:20+00:00","author":"Marcelo Oliveira de A. Maranhao","twitter_card":"summary_large_image","twitter_misc":{"Escrito por":"Marcelo Oliveira de A. Maranhao","Est. tempo de leitura":"2 minutos"},"schema":{"@context":"https:\/\/schema.org","@graph":[{"@type":"Article","@id":"https:\/\/diariodepe.com.br\/xinhua\/2021\/08\/19\/brasil-estuda-aplicar-terceira-dose-de-vacinas-contra-covid-19-em-idosos-e-profissionais-da-saude\/#article","isPartOf":{"@id":"https:\/\/diariodepe.com.br\/xinhua\/2021\/08\/19\/brasil-estuda-aplicar-terceira-dose-de-vacinas-contra-covid-19-em-idosos-e-profissionais-da-saude\/"},"author":{"name":"Marcelo Oliveira de A. Maranhao","@id":"https:\/\/diariodepe.com.br\/xinhua\/#\/schema\/person\/0943d6fd02bdc7b49c8f495e8787a2cb"},"headline":"Brasil estuda aplicar terceira dose de vacinas contra COVID-19 em idosos e profissionais da sa\u00fade","datePublished":"2021-08-19T23:21:18+00:00","dateModified":"2021-08-19T23:21:20+00:00","mainEntityOfPage":{"@id":"https:\/\/diariodepe.com.br\/xinhua\/2021\/08\/19\/brasil-estuda-aplicar-terceira-dose-de-vacinas-contra-covid-19-em-idosos-e-profissionais-da-saude\/"},"wordCount":393,"commentCount":0,"publisher":{"@id":"https:\/\/diariodepe.com.br\/xinhua\/#organization"},"articleSection":["Geral"],"inLanguage":"pt-BR","potentialAction":[{"@type":"CommentAction","name":"Comment","target":["https:\/\/diariodepe.com.br\/xinhua\/2021\/08\/19\/brasil-estuda-aplicar-terceira-dose-de-vacinas-contra-covid-19-em-idosos-e-profissionais-da-saude\/#respond"]}]},{"@type":"WebPage","@id":"https:\/\/diariodepe.com.br\/xinhua\/2021\/08\/19\/brasil-estuda-aplicar-terceira-dose-de-vacinas-contra-covid-19-em-idosos-e-profissionais-da-saude\/","url":"https:\/\/diariodepe.com.br\/xinhua\/2021\/08\/19\/brasil-estuda-aplicar-terceira-dose-de-vacinas-contra-covid-19-em-idosos-e-profissionais-da-saude\/","name":"Brasil estuda aplicar terceira dose de vacinas contra COVID-19 em idosos e profissionais da sa\u00fade - Xinhua - Diario de Pernambuco","isPartOf":{"@id":"https:\/\/diariodepe.com.br\/xinhua\/#website"},"datePublished":"2021-08-19T23:21:18+00:00","dateModified":"2021-08-19T23:21:20+00:00","breadcrumb":{"@id":"https:\/\/diariodepe.com.br\/xinhua\/2021\/08\/19\/brasil-estuda-aplicar-terceira-dose-de-vacinas-contra-covid-19-em-idosos-e-profissionais-da-saude\/#breadcrumb"},"inLanguage":"pt-BR","potentialAction":[{"@type":"ReadAction","target":["https:\/\/diariodepe.com.br\/xinhua\/2021\/08\/19\/brasil-estuda-aplicar-terceira-dose-de-vacinas-contra-covid-19-em-idosos-e-profissionais-da-saude\/"]}]},{"@type":"BreadcrumbList","@id":"https:\/\/diariodepe.com.br\/xinhua\/2021\/08\/19\/brasil-estuda-aplicar-terceira-dose-de-vacinas-contra-covid-19-em-idosos-e-profissionais-da-saude\/#breadcrumb","itemListElement":[{"@type":"ListItem","position":1,"name":"In\u00edcio","item":"https:\/\/diariodepe.com.br\/xinhua\/"},{"@type":"ListItem","position":2,"name":"Brasil estuda aplicar terceira dose de vacinas contra COVID-19 em idosos e profissionais da sa\u00fade"}]},{"@type":"WebSite","@id":"https:\/\/diariodepe.com.br\/xinhua\/#website","url":"https:\/\/diariodepe.com.br\/xinhua\/","name":"Xinhua - Diario de Pernambuco","description":"A maior ag\u00eancia de not\u00edcias da China e um dos principais canais para conhecer o pa\u00eds","publisher":{"@id":"https:\/\/diariodepe.com.br\/xinhua\/#organization"},"potentialAction":[{"@type":"SearchAction","target":{"@type":"EntryPoint","urlTemplate":"https:\/\/diariodepe.com.br\/xinhua\/?s={search_term_string}"},"query-input":{"@type":"PropertyValueSpecification","valueRequired":true,"valueName":"search_term_string"}}],"inLanguage":"pt-BR"},{"@type":"Organization","@id":"https:\/\/diariodepe.com.br\/xinhua\/#organization","name":"Xinhua - Diario de Pernambuco","url":"https:\/\/diariodepe.com.br\/xinhua\/","logo":{"@type":"ImageObject","inLanguage":"pt-BR","@id":"https:\/\/diariodepe.com.br\/xinhua\/#\/schema\/logo\/image\/","url":"https:\/\/diariodepe.com.br\/xinhua\/wp-content\/uploads\/sites\/3\/2020\/10\/cropped-logo-transparente-2.png","contentUrl":"https:\/\/diariodepe.com.br\/xinhua\/wp-content\/uploads\/sites\/3\/2020\/10\/cropped-logo-transparente-2.png","width":512,"height":164,"caption":"Xinhua - Diario de Pernambuco"},"image":{"@id":"https:\/\/diariodepe.com.br\/xinhua\/#\/schema\/logo\/image\/"}},{"@type":"Person","@id":"https:\/\/diariodepe.com.br\/xinhua\/#\/schema\/person\/0943d6fd02bdc7b49c8f495e8787a2cb","name":"Marcelo Oliveira de A. Maranhao","image":{"@type":"ImageObject","inLanguage":"pt-BR","@id":"https:\/\/secure.gravatar.com\/avatar\/f562caee940d39879c20e90eea3e4b21860c7d4c96684c23141c554824f0059c?s=96&d=mm&r=g","url":"https:\/\/secure.gravatar.com\/avatar\/f562caee940d39879c20e90eea3e4b21860c7d4c96684c23141c554824f0059c?s=96&d=mm&r=g","contentUrl":"https:\/\/secure.gravatar.com\/avatar\/f562caee940d39879c20e90eea3e4b21860c7d4c96684c23141c554824f0059c?s=96&d=mm&r=g","caption":"Marcelo Oliveira de A. Maranhao"},"url":"https:\/\/diariodepe.com.br\/xinhua\/author\/marcelo-maranhao\/"}]}},"cc_featured_image_caption":{"caption_text":"","source_text":"","source_url":""},"amp_enabled":true,"_links":{"self":[{"href":"https:\/\/diariodepe.com.br\/xinhua\/wp-json\/wp\/v2\/posts\/2711","targetHints":{"allow":["GET"]}}],"collection":[{"href":"https:\/\/diariodepe.com.br\/xinhua\/wp-json\/wp\/v2\/posts"}],"about":[{"href":"https:\/\/diariodepe.com.br\/xinhua\/wp-json\/wp\/v2\/types\/post"}],"author":[{"embeddable":true,"href":"https:\/\/diariodepe.com.br\/xinhua\/wp-json\/wp\/v2\/users\/3"}],"replies":[{"embeddable":true,"href":"https:\/\/diariodepe.com.br\/xinhua\/wp-json\/wp\/v2\/comments?post=2711"}],"version-history":[{"count":1,"href":"https:\/\/diariodepe.com.br\/xinhua\/wp-json\/wp\/v2\/posts\/2711\/revisions"}],"predecessor-version":[{"id":2712,"href":"https:\/\/diariodepe.com.br\/xinhua\/wp-json\/wp\/v2\/posts\/2711\/revisions\/2712"}],"wp:attachment":[{"href":"https:\/\/diariodepe.com.br\/xinhua\/wp-json\/wp\/v2\/media?parent=2711"}],"wp:term":[{"taxonomy":"category","embeddable":true,"href":"https:\/\/diariodepe.com.br\/xinhua\/wp-json\/wp\/v2\/categories?post=2711"},{"taxonomy":"post_tag","embeddable":true,"href":"https:\/\/diariodepe.com.br\/xinhua\/wp-json\/wp\/v2\/tags?post=2711"}],"curies":[{"name":"wp","href":"https:\/\/api.w.org\/{rel}","templated":true}]}}