{"id":27021,"date":"2025-07-18T10:40:08","date_gmt":"2025-07-18T13:40:08","guid":{"rendered":"https:\/\/www.diariodepe.com.br\/xinhua\/?p=27021"},"modified":"2025-07-18T10:40:10","modified_gmt":"2025-07-18T13:40:10","slug":"forum-de-midia-e-think-tanks-do-brics-lanca-iniciativa-sobre-cooperacao-e-desenvolvimento-de-ia","status":"publish","type":"post","link":"https:\/\/diariodepe.com.br\/xinhua\/2025\/07\/18\/forum-de-midia-e-think-tanks-do-brics-lanca-iniciativa-sobre-cooperacao-e-desenvolvimento-de-ia\/","title":{"rendered":"F\u00f3rum de M\u00eddia e Think Tanks do BRICS lan\u00e7a iniciativa sobre coopera\u00e7\u00e3o e desenvolvimento de IA"},"content":{"rendered":"\n<p>Rio de Janeiro &#8211; O F\u00f3rum de M\u00eddia e Think Tanks do BRICS lan\u00e7ou uma iniciativa sobre a coopera\u00e7\u00e3o e o desenvolvimento de IA nesta quarta-feira, pedindo esfor\u00e7os conjuntos para explorar o jornalismo e a pesquisa de think tanks capacitados pela IA.<\/p>\n\n\n\n<p>A iniciativa formou um consenso importante sobre a constru\u00e7\u00e3o de sinergias para remodelar a comunica\u00e7\u00e3o global, aprofundando a colabora\u00e7\u00e3o para forjar novos modelos de coopera\u00e7\u00e3o industrial e alavancando a produ\u00e7\u00e3o inteligente para construir um novo ecossistema de compartilhamento de conhecimento.<\/p>\n\n\n\n<p>Os participantes concordaram que a revolu\u00e7\u00e3o da IA est\u00e1 remodelando o cen\u00e1rio global da informa\u00e7\u00e3o, criando novas oportunidades para a transforma\u00e7\u00e3o digital no Sul Global, al\u00e9m de exacerbar riscos sist\u00eamicos, como monop\u00f3lios tecnol\u00f3gicos e hegemonia de dados.<\/p>\n\n\n\n<p>Portanto, a m\u00eddia e os think tanks do BRICS devem basear seus esfor\u00e7os nas realidades de desenvolvimento do Sul Global, promover um paradigma colaborativo com pesquisa tecnol\u00f3gica conjunta, defini\u00e7\u00e3o de padr\u00f5es compartilhados e delibera\u00e7\u00e3o de governan\u00e7a colaborativa para garantir que os avan\u00e7os da IA beneficiem toda a humanidade.<\/p>\n\n\n\n<p>Eles tamb\u00e9m instaram a m\u00eddia e os think tanks do BRICS a tomarem esta iniciativa como ponto de partida para fornecer estruturas implement\u00e1veis, por meio de redes de informa\u00e7\u00e3o colaborativas e narrativas cocriadas, para que as na\u00e7\u00f5es do Sul Global aproveitem as oportunidades digitais e reformulem a ordem internacional, sendo pioneiras em uma nova era de simbiose civilizacional na era da IA.<\/p>\n\n\n\n<p>Sob o tema &#8220;BRICS Unido: Forjando um Novo Cap\u00edtulo para o Sul Global&#8221;, o f\u00f3rum, realizado de ter\u00e7a a quinta-feira, atraiu mais de 250 representantes, abrangendo ve\u00edculos de comunica\u00e7\u00e3o, think tanks, institui\u00e7\u00f5es governamentais e empresas de 36 pa\u00edses, incluindo Estados-membros do BRICS e na\u00e7\u00f5es parceiras, bem como organiza\u00e7\u00f5es regionais.&nbsp;<\/p>\n","protected":false},"excerpt":{"rendered":"<p>Rio de Janeiro &#8211; O F\u00f3rum de M\u00eddia e Think Tanks do BRICS lan\u00e7ou uma iniciativa sobre a coopera\u00e7\u00e3o e o desenvolvimento de IA nesta quarta-feira, pedindo esfor\u00e7os conjuntos para explorar o jornalismo e a pesquisa de think tanks capacitados&#8230;<\/p>\n","protected":false},"author":3,"featured_media":27022,"comment_status":"open","ping_status":"open","sticky":false,"template":"","format":"standard","meta":{"footnotes":""},"categories":[1],"tags":[],"class_list":["post-27021","post","type-post","status-publish","format-standard","has-post-thumbnail","hentry","category-geral"],"yoast_head":"<!-- This site is optimized with the Yoast SEO plugin v27.4 - https:\/\/yoast.com\/product\/yoast-seo-wordpress\/ -->\n<title>F\u00f3rum de M\u00eddia e Think Tanks do BRICS lan\u00e7a iniciativa sobre coopera\u00e7\u00e3o e desenvolvimento de IA - Xinhua - Diario de Pernambuco<\/title>\n<meta name=\"robots\" content=\"index, follow, max-snippet:-1, max-image-preview:large, max-video-preview:-1\" \/>\n<link rel=\"canonical\" href=\"https:\/\/diariodepe.com.br\/xinhua\/2025\/07\/18\/forum-de-midia-e-think-tanks-do-brics-lanca-iniciativa-sobre-cooperacao-e-desenvolvimento-de-ia\/\" \/>\n<meta property=\"og:locale\" content=\"pt_BR\" \/>\n<meta property=\"og:type\" content=\"article\" \/>\n<meta property=\"og:title\" content=\"F\u00f3rum de M\u00eddia e Think Tanks do BRICS lan\u00e7a iniciativa sobre coopera\u00e7\u00e3o e desenvolvimento de IA - Xinhua - Diario de Pernambuco\" \/>\n<meta property=\"og:description\" content=\"Rio de Janeiro &#8211; O F\u00f3rum de M\u00eddia e Think Tanks do BRICS lan\u00e7ou uma iniciativa sobre a coopera\u00e7\u00e3o e o desenvolvimento de IA nesta quarta-feira, pedindo esfor\u00e7os conjuntos para explorar o jornalismo e a pesquisa de think tanks capacitados...\" \/>\n<meta property=\"og:url\" content=\"https:\/\/diariodepe.com.br\/xinhua\/2025\/07\/18\/forum-de-midia-e-think-tanks-do-brics-lanca-iniciativa-sobre-cooperacao-e-desenvolvimento-de-ia\/\" \/>\n<meta property=\"og:site_name\" content=\"Xinhua - Diario de Pernambuco\" \/>\n<meta property=\"article:published_time\" content=\"2025-07-18T13:40:08+00:00\" \/>\n<meta property=\"article:modified_time\" content=\"2025-07-18T13:40:10+00:00\" \/>\n<meta property=\"og:image\" content=\"https:\/\/diariodepe.com.br\/xinhua\/wp-content\/uploads\/sites\/3\/2025\/07\/c7a725f577fd4929a63a9cd0d3056abc.jpg\" \/>\n\t<meta property=\"og:image:width\" content=\"1000\" \/>\n\t<meta property=\"og:image:height\" content=\"500\" \/>\n\t<meta property=\"og:image:type\" content=\"image\/jpeg\" \/>\n<meta name=\"author\" content=\"Marcelo Oliveira de A. Maranhao\" \/>\n<meta name=\"twitter:card\" content=\"summary_large_image\" \/>\n<meta name=\"twitter:label1\" content=\"Escrito por\" \/>\n\t<meta name=\"twitter:data1\" content=\"Marcelo Oliveira de A. Maranhao\" \/>\n\t<meta name=\"twitter:label2\" content=\"Est. tempo de leitura\" \/>\n\t<meta name=\"twitter:data2\" content=\"2 minutos\" \/>\n<script type=\"application\/ld+json\" class=\"yoast-schema-graph\">{\"@context\":\"https:\\\/\\\/schema.org\",\"@graph\":[{\"@type\":\"Article\",\"@id\":\"https:\\\/\\\/diariodepe.com.br\\\/xinhua\\\/2025\\\/07\\\/18\\\/forum-de-midia-e-think-tanks-do-brics-lanca-iniciativa-sobre-cooperacao-e-desenvolvimento-de-ia\\\/#article\",\"isPartOf\":{\"@id\":\"https:\\\/\\\/diariodepe.com.br\\\/xinhua\\\/2025\\\/07\\\/18\\\/forum-de-midia-e-think-tanks-do-brics-lanca-iniciativa-sobre-cooperacao-e-desenvolvimento-de-ia\\\/\"},\"author\":{\"name\":\"Marcelo Oliveira de A. Maranhao\",\"@id\":\"https:\\\/\\\/diariodepe.com.br\\\/xinhua\\\/#\\\/schema\\\/person\\\/0943d6fd02bdc7b49c8f495e8787a2cb\"},\"headline\":\"F\u00f3rum de M\u00eddia e Think Tanks do BRICS lan\u00e7a iniciativa sobre coopera\u00e7\u00e3o e desenvolvimento de IA\",\"datePublished\":\"2025-07-18T13:40:08+00:00\",\"dateModified\":\"2025-07-18T13:40:10+00:00\",\"mainEntityOfPage\":{\"@id\":\"https:\\\/\\\/diariodepe.com.br\\\/xinhua\\\/2025\\\/07\\\/18\\\/forum-de-midia-e-think-tanks-do-brics-lanca-iniciativa-sobre-cooperacao-e-desenvolvimento-de-ia\\\/\"},\"wordCount\":337,\"commentCount\":0,\"publisher\":{\"@id\":\"https:\\\/\\\/diariodepe.com.br\\\/xinhua\\\/#organization\"},\"image\":{\"@id\":\"https:\\\/\\\/diariodepe.com.br\\\/xinhua\\\/2025\\\/07\\\/18\\\/forum-de-midia-e-think-tanks-do-brics-lanca-iniciativa-sobre-cooperacao-e-desenvolvimento-de-ia\\\/#primaryimage\"},\"thumbnailUrl\":\"https:\\\/\\\/diariodepe.com.br\\\/xinhua\\\/wp-content\\\/uploads\\\/sites\\\/3\\\/2025\\\/07\\\/c7a725f577fd4929a63a9cd0d3056abc.jpg\",\"articleSection\":[\"Geral\"],\"inLanguage\":\"pt-BR\",\"potentialAction\":[{\"@type\":\"CommentAction\",\"name\":\"Comment\",\"target\":[\"https:\\\/\\\/diariodepe.com.br\\\/xinhua\\\/2025\\\/07\\\/18\\\/forum-de-midia-e-think-tanks-do-brics-lanca-iniciativa-sobre-cooperacao-e-desenvolvimento-de-ia\\\/#respond\"]}]},{\"@type\":\"WebPage\",\"@id\":\"https:\\\/\\\/diariodepe.com.br\\\/xinhua\\\/2025\\\/07\\\/18\\\/forum-de-midia-e-think-tanks-do-brics-lanca-iniciativa-sobre-cooperacao-e-desenvolvimento-de-ia\\\/\",\"url\":\"https:\\\/\\\/diariodepe.com.br\\\/xinhua\\\/2025\\\/07\\\/18\\\/forum-de-midia-e-think-tanks-do-brics-lanca-iniciativa-sobre-cooperacao-e-desenvolvimento-de-ia\\\/\",\"name\":\"F\u00f3rum de M\u00eddia e Think Tanks do BRICS lan\u00e7a iniciativa sobre coopera\u00e7\u00e3o e desenvolvimento de IA - Xinhua - Diario de Pernambuco\",\"isPartOf\":{\"@id\":\"https:\\\/\\\/diariodepe.com.br\\\/xinhua\\\/#website\"},\"primaryImageOfPage\":{\"@id\":\"https:\\\/\\\/diariodepe.com.br\\\/xinhua\\\/2025\\\/07\\\/18\\\/forum-de-midia-e-think-tanks-do-brics-lanca-iniciativa-sobre-cooperacao-e-desenvolvimento-de-ia\\\/#primaryimage\"},\"image\":{\"@id\":\"https:\\\/\\\/diariodepe.com.br\\\/xinhua\\\/2025\\\/07\\\/18\\\/forum-de-midia-e-think-tanks-do-brics-lanca-iniciativa-sobre-cooperacao-e-desenvolvimento-de-ia\\\/#primaryimage\"},\"thumbnailUrl\":\"https:\\\/\\\/diariodepe.com.br\\\/xinhua\\\/wp-content\\\/uploads\\\/sites\\\/3\\\/2025\\\/07\\\/c7a725f577fd4929a63a9cd0d3056abc.jpg\",\"datePublished\":\"2025-07-18T13:40:08+00:00\",\"dateModified\":\"2025-07-18T13:40:10+00:00\",\"breadcrumb\":{\"@id\":\"https:\\\/\\\/diariodepe.com.br\\\/xinhua\\\/2025\\\/07\\\/18\\\/forum-de-midia-e-think-tanks-do-brics-lanca-iniciativa-sobre-cooperacao-e-desenvolvimento-de-ia\\\/#breadcrumb\"},\"inLanguage\":\"pt-BR\",\"potentialAction\":[{\"@type\":\"ReadAction\",\"target\":[\"https:\\\/\\\/diariodepe.com.br\\\/xinhua\\\/2025\\\/07\\\/18\\\/forum-de-midia-e-think-tanks-do-brics-lanca-iniciativa-sobre-cooperacao-e-desenvolvimento-de-ia\\\/\"]}]},{\"@type\":\"ImageObject\",\"inLanguage\":\"pt-BR\",\"@id\":\"https:\\\/\\\/diariodepe.com.br\\\/xinhua\\\/2025\\\/07\\\/18\\\/forum-de-midia-e-think-tanks-do-brics-lanca-iniciativa-sobre-cooperacao-e-desenvolvimento-de-ia\\\/#primaryimage\",\"url\":\"https:\\\/\\\/diariodepe.com.br\\\/xinhua\\\/wp-content\\\/uploads\\\/sites\\\/3\\\/2025\\\/07\\\/c7a725f577fd4929a63a9cd0d3056abc.jpg\",\"contentUrl\":\"https:\\\/\\\/diariodepe.com.br\\\/xinhua\\\/wp-content\\\/uploads\\\/sites\\\/3\\\/2025\\\/07\\\/c7a725f577fd4929a63a9cd0d3056abc.jpg\",\"width\":1000,\"height\":500},{\"@type\":\"BreadcrumbList\",\"@id\":\"https:\\\/\\\/diariodepe.com.br\\\/xinhua\\\/2025\\\/07\\\/18\\\/forum-de-midia-e-think-tanks-do-brics-lanca-iniciativa-sobre-cooperacao-e-desenvolvimento-de-ia\\\/#breadcrumb\",\"itemListElement\":[{\"@type\":\"ListItem\",\"position\":1,\"name\":\"In\u00edcio\",\"item\":\"https:\\\/\\\/diariodepe.com.br\\\/xinhua\\\/\"},{\"@type\":\"ListItem\",\"position\":2,\"name\":\"F\u00f3rum de M\u00eddia e Think Tanks do BRICS lan\u00e7a iniciativa sobre coopera\u00e7\u00e3o e desenvolvimento de IA\"}]},{\"@type\":\"WebSite\",\"@id\":\"https:\\\/\\\/diariodepe.com.br\\\/xinhua\\\/#website\",\"url\":\"https:\\\/\\\/diariodepe.com.br\\\/xinhua\\\/\",\"name\":\"Xinhua - Diario de Pernambuco\",\"description\":\"A maior ag\u00eancia de not\u00edcias da China e um dos principais canais para conhecer o pa\u00eds\",\"publisher\":{\"@id\":\"https:\\\/\\\/diariodepe.com.br\\\/xinhua\\\/#organization\"},\"potentialAction\":[{\"@type\":\"SearchAction\",\"target\":{\"@type\":\"EntryPoint\",\"urlTemplate\":\"https:\\\/\\\/diariodepe.com.br\\\/xinhua\\\/?s={search_term_string}\"},\"query-input\":{\"@type\":\"PropertyValueSpecification\",\"valueRequired\":true,\"valueName\":\"search_term_string\"}}],\"inLanguage\":\"pt-BR\"},{\"@type\":\"Organization\",\"@id\":\"https:\\\/\\\/diariodepe.com.br\\\/xinhua\\\/#organization\",\"name\":\"Xinhua - Diario de Pernambuco\",\"url\":\"https:\\\/\\\/diariodepe.com.br\\\/xinhua\\\/\",\"logo\":{\"@type\":\"ImageObject\",\"inLanguage\":\"pt-BR\",\"@id\":\"https:\\\/\\\/diariodepe.com.br\\\/xinhua\\\/#\\\/schema\\\/logo\\\/image\\\/\",\"url\":\"https:\\\/\\\/diariodepe.com.br\\\/xinhua\\\/wp-content\\\/uploads\\\/sites\\\/3\\\/2020\\\/10\\\/cropped-logo-transparente-2.png\",\"contentUrl\":\"https:\\\/\\\/diariodepe.com.br\\\/xinhua\\\/wp-content\\\/uploads\\\/sites\\\/3\\\/2020\\\/10\\\/cropped-logo-transparente-2.png\",\"width\":512,\"height\":164,\"caption\":\"Xinhua - Diario de Pernambuco\"},\"image\":{\"@id\":\"https:\\\/\\\/diariodepe.com.br\\\/xinhua\\\/#\\\/schema\\\/logo\\\/image\\\/\"}},{\"@type\":\"Person\",\"@id\":\"https:\\\/\\\/diariodepe.com.br\\\/xinhua\\\/#\\\/schema\\\/person\\\/0943d6fd02bdc7b49c8f495e8787a2cb\",\"name\":\"Marcelo Oliveira de A. Maranhao\",\"image\":{\"@type\":\"ImageObject\",\"inLanguage\":\"pt-BR\",\"@id\":\"https:\\\/\\\/secure.gravatar.com\\\/avatar\\\/f562caee940d39879c20e90eea3e4b21860c7d4c96684c23141c554824f0059c?s=96&d=mm&r=g\",\"url\":\"https:\\\/\\\/secure.gravatar.com\\\/avatar\\\/f562caee940d39879c20e90eea3e4b21860c7d4c96684c23141c554824f0059c?s=96&d=mm&r=g\",\"contentUrl\":\"https:\\\/\\\/secure.gravatar.com\\\/avatar\\\/f562caee940d39879c20e90eea3e4b21860c7d4c96684c23141c554824f0059c?s=96&d=mm&r=g\",\"caption\":\"Marcelo Oliveira de A. Maranhao\"},\"url\":\"https:\\\/\\\/diariodepe.com.br\\\/xinhua\\\/author\\\/marcelo-maranhao\\\/\"}]}<\/script>\n<!-- \/ Yoast SEO plugin. -->","yoast_head_json":{"title":"F\u00f3rum de M\u00eddia e Think Tanks do BRICS lan\u00e7a iniciativa sobre coopera\u00e7\u00e3o e desenvolvimento de IA - Xinhua - Diario de Pernambuco","robots":{"index":"index","follow":"follow","max-snippet":"max-snippet:-1","max-image-preview":"max-image-preview:large","max-video-preview":"max-video-preview:-1"},"canonical":"https:\/\/diariodepe.com.br\/xinhua\/2025\/07\/18\/forum-de-midia-e-think-tanks-do-brics-lanca-iniciativa-sobre-cooperacao-e-desenvolvimento-de-ia\/","og_locale":"pt_BR","og_type":"article","og_title":"F\u00f3rum de M\u00eddia e Think Tanks do BRICS lan\u00e7a iniciativa sobre coopera\u00e7\u00e3o e desenvolvimento de IA - Xinhua - Diario de Pernambuco","og_description":"Rio de Janeiro &#8211; O F\u00f3rum de M\u00eddia e Think Tanks do BRICS lan\u00e7ou uma iniciativa sobre a coopera\u00e7\u00e3o e o desenvolvimento de IA nesta quarta-feira, pedindo esfor\u00e7os conjuntos para explorar o jornalismo e a pesquisa de think tanks capacitados...","og_url":"https:\/\/diariodepe.com.br\/xinhua\/2025\/07\/18\/forum-de-midia-e-think-tanks-do-brics-lanca-iniciativa-sobre-cooperacao-e-desenvolvimento-de-ia\/","og_site_name":"Xinhua - Diario de Pernambuco","article_published_time":"2025-07-18T13:40:08+00:00","article_modified_time":"2025-07-18T13:40:10+00:00","og_image":[{"width":1000,"height":500,"url":"https:\/\/diariodepe.com.br\/xinhua\/wp-content\/uploads\/sites\/3\/2025\/07\/c7a725f577fd4929a63a9cd0d3056abc.jpg","type":"image\/jpeg"}],"author":"Marcelo Oliveira de A. Maranhao","twitter_card":"summary_large_image","twitter_misc":{"Escrito por":"Marcelo Oliveira de A. Maranhao","Est. tempo de leitura":"2 minutos"},"schema":{"@context":"https:\/\/schema.org","@graph":[{"@type":"Article","@id":"https:\/\/diariodepe.com.br\/xinhua\/2025\/07\/18\/forum-de-midia-e-think-tanks-do-brics-lanca-iniciativa-sobre-cooperacao-e-desenvolvimento-de-ia\/#article","isPartOf":{"@id":"https:\/\/diariodepe.com.br\/xinhua\/2025\/07\/18\/forum-de-midia-e-think-tanks-do-brics-lanca-iniciativa-sobre-cooperacao-e-desenvolvimento-de-ia\/"},"author":{"name":"Marcelo Oliveira de A. Maranhao","@id":"https:\/\/diariodepe.com.br\/xinhua\/#\/schema\/person\/0943d6fd02bdc7b49c8f495e8787a2cb"},"headline":"F\u00f3rum de M\u00eddia e Think Tanks do BRICS lan\u00e7a iniciativa sobre coopera\u00e7\u00e3o e desenvolvimento de IA","datePublished":"2025-07-18T13:40:08+00:00","dateModified":"2025-07-18T13:40:10+00:00","mainEntityOfPage":{"@id":"https:\/\/diariodepe.com.br\/xinhua\/2025\/07\/18\/forum-de-midia-e-think-tanks-do-brics-lanca-iniciativa-sobre-cooperacao-e-desenvolvimento-de-ia\/"},"wordCount":337,"commentCount":0,"publisher":{"@id":"https:\/\/diariodepe.com.br\/xinhua\/#organization"},"image":{"@id":"https:\/\/diariodepe.com.br\/xinhua\/2025\/07\/18\/forum-de-midia-e-think-tanks-do-brics-lanca-iniciativa-sobre-cooperacao-e-desenvolvimento-de-ia\/#primaryimage"},"thumbnailUrl":"https:\/\/diariodepe.com.br\/xinhua\/wp-content\/uploads\/sites\/3\/2025\/07\/c7a725f577fd4929a63a9cd0d3056abc.jpg","articleSection":["Geral"],"inLanguage":"pt-BR","potentialAction":[{"@type":"CommentAction","name":"Comment","target":["https:\/\/diariodepe.com.br\/xinhua\/2025\/07\/18\/forum-de-midia-e-think-tanks-do-brics-lanca-iniciativa-sobre-cooperacao-e-desenvolvimento-de-ia\/#respond"]}]},{"@type":"WebPage","@id":"https:\/\/diariodepe.com.br\/xinhua\/2025\/07\/18\/forum-de-midia-e-think-tanks-do-brics-lanca-iniciativa-sobre-cooperacao-e-desenvolvimento-de-ia\/","url":"https:\/\/diariodepe.com.br\/xinhua\/2025\/07\/18\/forum-de-midia-e-think-tanks-do-brics-lanca-iniciativa-sobre-cooperacao-e-desenvolvimento-de-ia\/","name":"F\u00f3rum de M\u00eddia e Think Tanks do BRICS lan\u00e7a iniciativa sobre coopera\u00e7\u00e3o e desenvolvimento de IA - Xinhua - Diario de Pernambuco","isPartOf":{"@id":"https:\/\/diariodepe.com.br\/xinhua\/#website"},"primaryImageOfPage":{"@id":"https:\/\/diariodepe.com.br\/xinhua\/2025\/07\/18\/forum-de-midia-e-think-tanks-do-brics-lanca-iniciativa-sobre-cooperacao-e-desenvolvimento-de-ia\/#primaryimage"},"image":{"@id":"https:\/\/diariodepe.com.br\/xinhua\/2025\/07\/18\/forum-de-midia-e-think-tanks-do-brics-lanca-iniciativa-sobre-cooperacao-e-desenvolvimento-de-ia\/#primaryimage"},"thumbnailUrl":"https:\/\/diariodepe.com.br\/xinhua\/wp-content\/uploads\/sites\/3\/2025\/07\/c7a725f577fd4929a63a9cd0d3056abc.jpg","datePublished":"2025-07-18T13:40:08+00:00","dateModified":"2025-07-18T13:40:10+00:00","breadcrumb":{"@id":"https:\/\/diariodepe.com.br\/xinhua\/2025\/07\/18\/forum-de-midia-e-think-tanks-do-brics-lanca-iniciativa-sobre-cooperacao-e-desenvolvimento-de-ia\/#breadcrumb"},"inLanguage":"pt-BR","potentialAction":[{"@type":"ReadAction","target":["https:\/\/diariodepe.com.br\/xinhua\/2025\/07\/18\/forum-de-midia-e-think-tanks-do-brics-lanca-iniciativa-sobre-cooperacao-e-desenvolvimento-de-ia\/"]}]},{"@type":"ImageObject","inLanguage":"pt-BR","@id":"https:\/\/diariodepe.com.br\/xinhua\/2025\/07\/18\/forum-de-midia-e-think-tanks-do-brics-lanca-iniciativa-sobre-cooperacao-e-desenvolvimento-de-ia\/#primaryimage","url":"https:\/\/diariodepe.com.br\/xinhua\/wp-content\/uploads\/sites\/3\/2025\/07\/c7a725f577fd4929a63a9cd0d3056abc.jpg","contentUrl":"https:\/\/diariodepe.com.br\/xinhua\/wp-content\/uploads\/sites\/3\/2025\/07\/c7a725f577fd4929a63a9cd0d3056abc.jpg","width":1000,"height":500},{"@type":"BreadcrumbList","@id":"https:\/\/diariodepe.com.br\/xinhua\/2025\/07\/18\/forum-de-midia-e-think-tanks-do-brics-lanca-iniciativa-sobre-cooperacao-e-desenvolvimento-de-ia\/#breadcrumb","itemListElement":[{"@type":"ListItem","position":1,"name":"In\u00edcio","item":"https:\/\/diariodepe.com.br\/xinhua\/"},{"@type":"ListItem","position":2,"name":"F\u00f3rum de M\u00eddia e Think Tanks do BRICS lan\u00e7a iniciativa sobre coopera\u00e7\u00e3o e desenvolvimento de IA"}]},{"@type":"WebSite","@id":"https:\/\/diariodepe.com.br\/xinhua\/#website","url":"https:\/\/diariodepe.com.br\/xinhua\/","name":"Xinhua - Diario de Pernambuco","description":"A maior ag\u00eancia de not\u00edcias da China e um dos principais canais para conhecer o pa\u00eds","publisher":{"@id":"https:\/\/diariodepe.com.br\/xinhua\/#organization"},"potentialAction":[{"@type":"SearchAction","target":{"@type":"EntryPoint","urlTemplate":"https:\/\/diariodepe.com.br\/xinhua\/?s={search_term_string}"},"query-input":{"@type":"PropertyValueSpecification","valueRequired":true,"valueName":"search_term_string"}}],"inLanguage":"pt-BR"},{"@type":"Organization","@id":"https:\/\/diariodepe.com.br\/xinhua\/#organization","name":"Xinhua - Diario de Pernambuco","url":"https:\/\/diariodepe.com.br\/xinhua\/","logo":{"@type":"ImageObject","inLanguage":"pt-BR","@id":"https:\/\/diariodepe.com.br\/xinhua\/#\/schema\/logo\/image\/","url":"https:\/\/diariodepe.com.br\/xinhua\/wp-content\/uploads\/sites\/3\/2020\/10\/cropped-logo-transparente-2.png","contentUrl":"https:\/\/diariodepe.com.br\/xinhua\/wp-content\/uploads\/sites\/3\/2020\/10\/cropped-logo-transparente-2.png","width":512,"height":164,"caption":"Xinhua - Diario de Pernambuco"},"image":{"@id":"https:\/\/diariodepe.com.br\/xinhua\/#\/schema\/logo\/image\/"}},{"@type":"Person","@id":"https:\/\/diariodepe.com.br\/xinhua\/#\/schema\/person\/0943d6fd02bdc7b49c8f495e8787a2cb","name":"Marcelo Oliveira de A. Maranhao","image":{"@type":"ImageObject","inLanguage":"pt-BR","@id":"https:\/\/secure.gravatar.com\/avatar\/f562caee940d39879c20e90eea3e4b21860c7d4c96684c23141c554824f0059c?s=96&d=mm&r=g","url":"https:\/\/secure.gravatar.com\/avatar\/f562caee940d39879c20e90eea3e4b21860c7d4c96684c23141c554824f0059c?s=96&d=mm&r=g","contentUrl":"https:\/\/secure.gravatar.com\/avatar\/f562caee940d39879c20e90eea3e4b21860c7d4c96684c23141c554824f0059c?s=96&d=mm&r=g","caption":"Marcelo Oliveira de A. Maranhao"},"url":"https:\/\/diariodepe.com.br\/xinhua\/author\/marcelo-maranhao\/"}]}},"cc_featured_image_caption":{"caption_text":"","source_text":"","source_url":""},"amp_enabled":true,"_links":{"self":[{"href":"https:\/\/diariodepe.com.br\/xinhua\/wp-json\/wp\/v2\/posts\/27021","targetHints":{"allow":["GET"]}}],"collection":[{"href":"https:\/\/diariodepe.com.br\/xinhua\/wp-json\/wp\/v2\/posts"}],"about":[{"href":"https:\/\/diariodepe.com.br\/xinhua\/wp-json\/wp\/v2\/types\/post"}],"author":[{"embeddable":true,"href":"https:\/\/diariodepe.com.br\/xinhua\/wp-json\/wp\/v2\/users\/3"}],"replies":[{"embeddable":true,"href":"https:\/\/diariodepe.com.br\/xinhua\/wp-json\/wp\/v2\/comments?post=27021"}],"version-history":[{"count":1,"href":"https:\/\/diariodepe.com.br\/xinhua\/wp-json\/wp\/v2\/posts\/27021\/revisions"}],"predecessor-version":[{"id":27023,"href":"https:\/\/diariodepe.com.br\/xinhua\/wp-json\/wp\/v2\/posts\/27021\/revisions\/27023"}],"wp:featuredmedia":[{"embeddable":true,"href":"https:\/\/diariodepe.com.br\/xinhua\/wp-json\/wp\/v2\/media\/27022"}],"wp:attachment":[{"href":"https:\/\/diariodepe.com.br\/xinhua\/wp-json\/wp\/v2\/media?parent=27021"}],"wp:term":[{"taxonomy":"category","embeddable":true,"href":"https:\/\/diariodepe.com.br\/xinhua\/wp-json\/wp\/v2\/categories?post=27021"},{"taxonomy":"post_tag","embeddable":true,"href":"https:\/\/diariodepe.com.br\/xinhua\/wp-json\/wp\/v2\/tags?post=27021"}],"curies":[{"name":"wp","href":"https:\/\/api.w.org\/{rel}","templated":true}]}}