{"id":27015,"date":"2025-07-15T12:37:00","date_gmt":"2025-07-15T15:37:00","guid":{"rendered":"https:\/\/www.diariodepe.com.br\/xinhua\/?p=27015"},"modified":"2025-07-15T11:39:31","modified_gmt":"2025-07-15T14:39:31","slug":"sistemas-de-ia-para-terra-e-ciencia-espacial-ganham-destaque-em-cupula-em-genebra","status":"publish","type":"post","link":"https:\/\/diariodepe.com.br\/xinhua\/2025\/07\/15\/sistemas-de-ia-para-terra-e-ciencia-espacial-ganham-destaque-em-cupula-em-genebra\/","title":{"rendered":"Sistemas de IA para Terra e ci\u00eancia espacial ganham destaque em c\u00fapula em Genebra"},"content":{"rendered":"\n<p>Por Wang Qibing<\/p>\n\n\n\n<p>Genebra &#8211; Wang Jian, acad\u00eamico da Academia Chinesa de Engenharia, usando camisa xadrez e t\u00eanis, ficou confiante sob os holofotes, discursando para um p\u00fablico global presencialmente e on-line.<\/p>\n\n\n\n<p>Em 11 de julho de 2025, Wang Jian, tamb\u00e9m diretor do Laborat\u00f3rio de Zhejiang, na China, foi o centro das aten\u00e7\u00f5es da C\u00fapula Global de IA para o Bem 2025, em Genebra.<\/p>\n\n\n\n<p>Em um discurso de 20 minutos em ingl\u00eas chamado &#8220;Computa\u00e7\u00e3o e IA: Fronteiras Infinitas e Explora\u00e7\u00e3o&#8221;, Wang apresentou dois modelos cient\u00edficos inovadores de seu laborat\u00f3rio, GeoGPT e OneAstronomy. Esses projetos exemplificaram os esfor\u00e7os pioneiros do laborat\u00f3rio em &#8220;IA + Ci\u00eancia&#8221;, cativando mentes brilhantes em intelig\u00eancia artificial em todo o mundo.<\/p>\n\n\n\n<p>Para ilustrar como a IA pode revolucionar a explora\u00e7\u00e3o cient\u00edfica, Wang direcionou a aten\u00e7\u00e3o do p\u00fablico para uma tela atr\u00e1s dele. &#8220;Este artigo foi publicado h\u00e1 quase 10 anos por um ge\u00f3logo&#8221;, explicou ele. &#8220;O que eles precisam \u00e9 muito simples: compartilhar todos os dados de pesquisa sobre rochas, todos os resultados da pesquisa e a infraestrutura para que possam trabalhar juntos&#8221;.<\/p>\n\n\n\n<p>Em resposta a essas demandas, cientistas chineses, juntamente com 13 organiza\u00e7\u00f5es internacionais, lan\u00e7aram o Programa Internacional de Grandes Ci\u00eancias Terra Digital de Tempo Profundo (DDE, na sigla em ingl\u00eas) em 2019 para criar uma plataforma global para o compartilhamento de dados de ci\u00eancias da Terra.<\/p>\n\n\n\n<p>Inspirada pela vis\u00e3o da DDE, h\u00e1 tr\u00eas anos, a equipe de Wang iniciou o GeoGPT, um sistema de IA desenvolvido especialmente para as ci\u00eancias da Terra.<\/p>\n\n\n\n<p>&#8220;Foi muito \u00fatil para cientistas de todo o mundo&#8221;, disse Wang. Agora a plataforma apoia mais de 40.000 cientistas em 135 pa\u00edses e foi reconhecida como um caso de uso &#8220;IA para o Bem, Inova\u00e7\u00e3o para Causar Impacto&#8221; em 2025, recebendo o Pr\u00eamio de Pr\u00e1tica de Inova\u00e7\u00e3o Excepcional da Uni\u00e3o Internacional de Telecomunica\u00e7\u00f5es.<\/p>\n\n\n\n<p>O cen\u00e1rio do palco mudou para uma imagem do Computador de Orienta\u00e7\u00e3o Apollo de 1971, enquanto Wang fazia a transi\u00e7\u00e3o para a computa\u00e7\u00e3o espacial. &#8220;A Apollo 11 foi a primeira espa\u00e7onave a transportar circuitos integrados para o espa\u00e7o, com um computador de orienta\u00e7\u00e3o contendo apenas 16.536 transistores&#8221;, disse ele.<\/p>\n\n\n\n<p>Isso preparou o cen\u00e1rio para sua pr\u00f3xima revela\u00e7\u00e3o: a &#8220;Constela\u00e7\u00e3o de Computa\u00e7\u00e3o de Tr\u00eas Corpos&#8221;, uma infraestrutura de computa\u00e7\u00e3o espacial com escala de mil estrelas desenvolvida pelo Laborat\u00f3rio de Zhejiang e parceiros globais. Em maio de 2025, o primeiro marco do projeto foi alcan\u00e7ado com o lan\u00e7amento bem-sucedido de 12 sat\u00e9lites de computa\u00e7\u00e3o, sendo um salto rumo \u00e0 computa\u00e7\u00e3o em \u00f3rbita e \u00e0 implanta\u00e7\u00e3o de modelos de IA no espa\u00e7o.<\/p>\n\n\n\n<p>Na c\u00fapula, o OneAstronomy, um modelo de IA para astronomia desenvolvido com os Observat\u00f3rios Astron\u00f4micos Nacionais da Academia Chinesa de Ci\u00eancias, tamb\u00e9m foi reconhecido como um caso de uso &#8220;IA para o Bem, Inova\u00e7\u00e3o para Causar Impacto&#8221; de 2025.<\/p>\n\n\n\n<p>&#8220;Trabalho com computa\u00e7\u00e3o em nuvem h\u00e1 muito tempo e finalmente percebi que, na verdade, toda a computa\u00e7\u00e3o em nuvem da qual estamos falando est\u00e1, de fato, na terra&#8221;, disse Wang, fundador do Alibaba Cloud.<\/p>\n\n\n\n<p>&#8220;\u00c9 a primeira vez que colocamos a computa\u00e7\u00e3o no espa\u00e7o interior. Temos tr\u00eas tipos de sat\u00e9lites, comunica\u00e7\u00e3o, navega\u00e7\u00e3o e observa\u00e7\u00e3o, e agora podemos ter o quarto tipo de sat\u00e9lite, que chamo de sat\u00e9lites de computa\u00e7\u00e3o&#8221;.<\/p>\n\n\n\n<p>Wang destacou que a computa\u00e7\u00e3o e a IA s\u00e3o essenciais para a jornada da humanidade rumo ao espa\u00e7o profundo.<\/p>\n\n\n\n<p>Wang disse que o novo tipo de sistema de sat\u00e9lite foi batizado de &#8220;Constela\u00e7\u00e3o Computacional de Tr\u00eas Corpos&#8221;, inspirado n\u00e3o apenas em um romance de fic\u00e7\u00e3o cient\u00edfica, mas tamb\u00e9m no complexo problema dos tr\u00eas corpos de Newton, simbolizando os desafios da coopera\u00e7\u00e3o.<\/p>\n\n\n\n<p>&#8220;Mas queremos nos certificar de que, mesmo que seja dif\u00edcil, queremos fazer isso&#8221;, disse ele.<\/p>\n\n\n\n<figure class=\"wp-block-image\"><img decoding=\"async\" src=\"https:\/\/portuguese.news.cn\/20250715\/d606f4a06f9144bf9295b6981dc784ec\/20250715d606f4a06f9144bf9295b6981dc784ec_20250715dd3d20caa7874bbf840428faee04b6e5.jpeg\" alt=\"\"\/><\/figure>\n\n\n\n<p>Wang Jian, acad\u00eamico da Academia Chinesa de Engenharia e tamb\u00e9m diretor do Laborat\u00f3rio de Zhejiang, na China, discursa na C\u00fapula Global de IA para o Bem 2025, em Genebra, Su\u00ed\u00e7a, no dia 11 de julho de 2025. (Xinhua\/Wang Qibing)<\/p>\n\n\n\n<figure class=\"wp-block-image\"><img decoding=\"async\" src=\"https:\/\/portuguese.news.cn\/20250715\/d606f4a06f9144bf9295b6981dc784ec\/20250715d606f4a06f9144bf9295b6981dc784ec_2025071538f821d21a6249d4b38e0389b9649733.jpeg\" alt=\"\"\/><\/figure>\n\n\n\n<p>Wang Jian, acad\u00eamico da Academia Chinesa de Engenharia e tamb\u00e9m diretor do Laborat\u00f3rio de Zhejiang, na China, discursa na C\u00fapula Global de IA para o Bem 2025, em Genebra, Su\u00ed\u00e7a, no dia 11 de julho de 2025. (Xinhua\/Wang Qibing)<\/p>\n","protected":false},"excerpt":{"rendered":"<p>Por Wang Qibing Genebra &#8211; Wang Jian, acad\u00eamico da Academia Chinesa de Engenharia, usando camisa xadrez e t\u00eanis, ficou confiante sob os holofotes, discursando para um p\u00fablico global presencialmente e on-line. Em 11 de julho de 2025, Wang Jian, tamb\u00e9m&#8230;<\/p>\n","protected":false},"author":3,"featured_media":27016,"comment_status":"open","ping_status":"open","sticky":false,"template":"","format":"standard","meta":{"footnotes":""},"categories":[6],"tags":[],"class_list":["post-27015","post","type-post","status-publish","format-standard","has-post-thumbnail","hentry","category-cultura-tecnologia"],"yoast_head":"<!-- This site is optimized with the Yoast SEO plugin v27.4 - https:\/\/yoast.com\/product\/yoast-seo-wordpress\/ -->\n<title>Sistemas de IA para Terra e ci\u00eancia espacial ganham destaque em c\u00fapula em Genebra - Xinhua - Diario de Pernambuco<\/title>\n<meta name=\"robots\" content=\"index, follow, max-snippet:-1, max-image-preview:large, max-video-preview:-1\" \/>\n<link rel=\"canonical\" href=\"https:\/\/diariodepe.com.br\/xinhua\/2025\/07\/15\/sistemas-de-ia-para-terra-e-ciencia-espacial-ganham-destaque-em-cupula-em-genebra\/\" \/>\n<meta property=\"og:locale\" content=\"pt_BR\" \/>\n<meta property=\"og:type\" content=\"article\" \/>\n<meta property=\"og:title\" content=\"Sistemas de IA para Terra e ci\u00eancia espacial ganham destaque em c\u00fapula em Genebra - Xinhua - Diario de Pernambuco\" \/>\n<meta property=\"og:description\" content=\"Por Wang Qibing Genebra &#8211; Wang Jian, acad\u00eamico da Academia Chinesa de Engenharia, usando camisa xadrez e t\u00eanis, ficou confiante sob os holofotes, discursando para um p\u00fablico global presencialmente e on-line. Em 11 de julho de 2025, Wang Jian, tamb\u00e9m...\" \/>\n<meta property=\"og:url\" content=\"https:\/\/diariodepe.com.br\/xinhua\/2025\/07\/15\/sistemas-de-ia-para-terra-e-ciencia-espacial-ganham-destaque-em-cupula-em-genebra\/\" \/>\n<meta property=\"og:site_name\" content=\"Xinhua - Diario de Pernambuco\" \/>\n<meta property=\"article:published_time\" content=\"2025-07-15T15:37:00+00:00\" \/>\n<meta property=\"og:image\" content=\"https:\/\/diariodepe.com.br\/xinhua\/wp-content\/uploads\/sites\/3\/2025\/07\/20250715d606f4a06f9144bf9295b6981dc784ec_202507158f6ceb204bd24a1c8ffb8e58411bbfb9.png\" \/>\n\t<meta property=\"og:image:width\" content=\"1020\" \/>\n\t<meta property=\"og:image:height\" content=\"680\" \/>\n\t<meta property=\"og:image:type\" content=\"image\/png\" \/>\n<meta name=\"author\" content=\"Marcelo Oliveira de A. Maranhao\" \/>\n<meta name=\"twitter:card\" content=\"summary_large_image\" \/>\n<meta name=\"twitter:label1\" content=\"Escrito por\" \/>\n\t<meta name=\"twitter:data1\" content=\"Marcelo Oliveira de A. Maranhao\" \/>\n\t<meta name=\"twitter:label2\" content=\"Est. tempo de leitura\" \/>\n\t<meta name=\"twitter:data2\" content=\"5 minutos\" \/>\n<script type=\"application\/ld+json\" class=\"yoast-schema-graph\">{\"@context\":\"https:\\\/\\\/schema.org\",\"@graph\":[{\"@type\":\"Article\",\"@id\":\"https:\\\/\\\/diariodepe.com.br\\\/xinhua\\\/2025\\\/07\\\/15\\\/sistemas-de-ia-para-terra-e-ciencia-espacial-ganham-destaque-em-cupula-em-genebra\\\/#article\",\"isPartOf\":{\"@id\":\"https:\\\/\\\/diariodepe.com.br\\\/xinhua\\\/2025\\\/07\\\/15\\\/sistemas-de-ia-para-terra-e-ciencia-espacial-ganham-destaque-em-cupula-em-genebra\\\/\"},\"author\":{\"name\":\"Marcelo Oliveira de A. Maranhao\",\"@id\":\"https:\\\/\\\/diariodepe.com.br\\\/xinhua\\\/#\\\/schema\\\/person\\\/0943d6fd02bdc7b49c8f495e8787a2cb\"},\"headline\":\"Sistemas de IA para Terra e ci\u00eancia espacial ganham destaque em c\u00fapula em Genebra\",\"datePublished\":\"2025-07-15T15:37:00+00:00\",\"mainEntityOfPage\":{\"@id\":\"https:\\\/\\\/diariodepe.com.br\\\/xinhua\\\/2025\\\/07\\\/15\\\/sistemas-de-ia-para-terra-e-ciencia-espacial-ganham-destaque-em-cupula-em-genebra\\\/\"},\"wordCount\":771,\"commentCount\":0,\"publisher\":{\"@id\":\"https:\\\/\\\/diariodepe.com.br\\\/xinhua\\\/#organization\"},\"image\":{\"@id\":\"https:\\\/\\\/diariodepe.com.br\\\/xinhua\\\/2025\\\/07\\\/15\\\/sistemas-de-ia-para-terra-e-ciencia-espacial-ganham-destaque-em-cupula-em-genebra\\\/#primaryimage\"},\"thumbnailUrl\":\"https:\\\/\\\/diariodepe.com.br\\\/xinhua\\\/wp-content\\\/uploads\\\/sites\\\/3\\\/2025\\\/07\\\/20250715d606f4a06f9144bf9295b6981dc784ec_202507158f6ceb204bd24a1c8ffb8e58411bbfb9.png\",\"articleSection\":[\"Cultura \\\/ Tecnologia\"],\"inLanguage\":\"pt-BR\",\"potentialAction\":[{\"@type\":\"CommentAction\",\"name\":\"Comment\",\"target\":[\"https:\\\/\\\/diariodepe.com.br\\\/xinhua\\\/2025\\\/07\\\/15\\\/sistemas-de-ia-para-terra-e-ciencia-espacial-ganham-destaque-em-cupula-em-genebra\\\/#respond\"]}]},{\"@type\":\"WebPage\",\"@id\":\"https:\\\/\\\/diariodepe.com.br\\\/xinhua\\\/2025\\\/07\\\/15\\\/sistemas-de-ia-para-terra-e-ciencia-espacial-ganham-destaque-em-cupula-em-genebra\\\/\",\"url\":\"https:\\\/\\\/diariodepe.com.br\\\/xinhua\\\/2025\\\/07\\\/15\\\/sistemas-de-ia-para-terra-e-ciencia-espacial-ganham-destaque-em-cupula-em-genebra\\\/\",\"name\":\"Sistemas de IA para Terra e ci\u00eancia espacial ganham destaque em c\u00fapula em Genebra - Xinhua - Diario de Pernambuco\",\"isPartOf\":{\"@id\":\"https:\\\/\\\/diariodepe.com.br\\\/xinhua\\\/#website\"},\"primaryImageOfPage\":{\"@id\":\"https:\\\/\\\/diariodepe.com.br\\\/xinhua\\\/2025\\\/07\\\/15\\\/sistemas-de-ia-para-terra-e-ciencia-espacial-ganham-destaque-em-cupula-em-genebra\\\/#primaryimage\"},\"image\":{\"@id\":\"https:\\\/\\\/diariodepe.com.br\\\/xinhua\\\/2025\\\/07\\\/15\\\/sistemas-de-ia-para-terra-e-ciencia-espacial-ganham-destaque-em-cupula-em-genebra\\\/#primaryimage\"},\"thumbnailUrl\":\"https:\\\/\\\/diariodepe.com.br\\\/xinhua\\\/wp-content\\\/uploads\\\/sites\\\/3\\\/2025\\\/07\\\/20250715d606f4a06f9144bf9295b6981dc784ec_202507158f6ceb204bd24a1c8ffb8e58411bbfb9.png\",\"datePublished\":\"2025-07-15T15:37:00+00:00\",\"breadcrumb\":{\"@id\":\"https:\\\/\\\/diariodepe.com.br\\\/xinhua\\\/2025\\\/07\\\/15\\\/sistemas-de-ia-para-terra-e-ciencia-espacial-ganham-destaque-em-cupula-em-genebra\\\/#breadcrumb\"},\"inLanguage\":\"pt-BR\",\"potentialAction\":[{\"@type\":\"ReadAction\",\"target\":[\"https:\\\/\\\/diariodepe.com.br\\\/xinhua\\\/2025\\\/07\\\/15\\\/sistemas-de-ia-para-terra-e-ciencia-espacial-ganham-destaque-em-cupula-em-genebra\\\/\"]}]},{\"@type\":\"ImageObject\",\"inLanguage\":\"pt-BR\",\"@id\":\"https:\\\/\\\/diariodepe.com.br\\\/xinhua\\\/2025\\\/07\\\/15\\\/sistemas-de-ia-para-terra-e-ciencia-espacial-ganham-destaque-em-cupula-em-genebra\\\/#primaryimage\",\"url\":\"https:\\\/\\\/diariodepe.com.br\\\/xinhua\\\/wp-content\\\/uploads\\\/sites\\\/3\\\/2025\\\/07\\\/20250715d606f4a06f9144bf9295b6981dc784ec_202507158f6ceb204bd24a1c8ffb8e58411bbfb9.png\",\"contentUrl\":\"https:\\\/\\\/diariodepe.com.br\\\/xinhua\\\/wp-content\\\/uploads\\\/sites\\\/3\\\/2025\\\/07\\\/20250715d606f4a06f9144bf9295b6981dc784ec_202507158f6ceb204bd24a1c8ffb8e58411bbfb9.png\",\"width\":1020,\"height\":680},{\"@type\":\"BreadcrumbList\",\"@id\":\"https:\\\/\\\/diariodepe.com.br\\\/xinhua\\\/2025\\\/07\\\/15\\\/sistemas-de-ia-para-terra-e-ciencia-espacial-ganham-destaque-em-cupula-em-genebra\\\/#breadcrumb\",\"itemListElement\":[{\"@type\":\"ListItem\",\"position\":1,\"name\":\"In\u00edcio\",\"item\":\"https:\\\/\\\/diariodepe.com.br\\\/xinhua\\\/\"},{\"@type\":\"ListItem\",\"position\":2,\"name\":\"Sistemas de IA para Terra e ci\u00eancia espacial ganham destaque em c\u00fapula em Genebra\"}]},{\"@type\":\"WebSite\",\"@id\":\"https:\\\/\\\/diariodepe.com.br\\\/xinhua\\\/#website\",\"url\":\"https:\\\/\\\/diariodepe.com.br\\\/xinhua\\\/\",\"name\":\"Xinhua - Diario de Pernambuco\",\"description\":\"A maior ag\u00eancia de not\u00edcias da China e um dos principais canais para conhecer o pa\u00eds\",\"publisher\":{\"@id\":\"https:\\\/\\\/diariodepe.com.br\\\/xinhua\\\/#organization\"},\"potentialAction\":[{\"@type\":\"SearchAction\",\"target\":{\"@type\":\"EntryPoint\",\"urlTemplate\":\"https:\\\/\\\/diariodepe.com.br\\\/xinhua\\\/?s={search_term_string}\"},\"query-input\":{\"@type\":\"PropertyValueSpecification\",\"valueRequired\":true,\"valueName\":\"search_term_string\"}}],\"inLanguage\":\"pt-BR\"},{\"@type\":\"Organization\",\"@id\":\"https:\\\/\\\/diariodepe.com.br\\\/xinhua\\\/#organization\",\"name\":\"Xinhua - Diario de Pernambuco\",\"url\":\"https:\\\/\\\/diariodepe.com.br\\\/xinhua\\\/\",\"logo\":{\"@type\":\"ImageObject\",\"inLanguage\":\"pt-BR\",\"@id\":\"https:\\\/\\\/diariodepe.com.br\\\/xinhua\\\/#\\\/schema\\\/logo\\\/image\\\/\",\"url\":\"https:\\\/\\\/diariodepe.com.br\\\/xinhua\\\/wp-content\\\/uploads\\\/sites\\\/3\\\/2020\\\/10\\\/cropped-logo-transparente-2.png\",\"contentUrl\":\"https:\\\/\\\/diariodepe.com.br\\\/xinhua\\\/wp-content\\\/uploads\\\/sites\\\/3\\\/2020\\\/10\\\/cropped-logo-transparente-2.png\",\"width\":512,\"height\":164,\"caption\":\"Xinhua - Diario de Pernambuco\"},\"image\":{\"@id\":\"https:\\\/\\\/diariodepe.com.br\\\/xinhua\\\/#\\\/schema\\\/logo\\\/image\\\/\"}},{\"@type\":\"Person\",\"@id\":\"https:\\\/\\\/diariodepe.com.br\\\/xinhua\\\/#\\\/schema\\\/person\\\/0943d6fd02bdc7b49c8f495e8787a2cb\",\"name\":\"Marcelo Oliveira de A. Maranhao\",\"image\":{\"@type\":\"ImageObject\",\"inLanguage\":\"pt-BR\",\"@id\":\"https:\\\/\\\/secure.gravatar.com\\\/avatar\\\/f562caee940d39879c20e90eea3e4b21860c7d4c96684c23141c554824f0059c?s=96&d=mm&r=g\",\"url\":\"https:\\\/\\\/secure.gravatar.com\\\/avatar\\\/f562caee940d39879c20e90eea3e4b21860c7d4c96684c23141c554824f0059c?s=96&d=mm&r=g\",\"contentUrl\":\"https:\\\/\\\/secure.gravatar.com\\\/avatar\\\/f562caee940d39879c20e90eea3e4b21860c7d4c96684c23141c554824f0059c?s=96&d=mm&r=g\",\"caption\":\"Marcelo Oliveira de A. Maranhao\"},\"url\":\"https:\\\/\\\/diariodepe.com.br\\\/xinhua\\\/author\\\/marcelo-maranhao\\\/\"}]}<\/script>\n<!-- \/ Yoast SEO plugin. -->","yoast_head_json":{"title":"Sistemas de IA para Terra e ci\u00eancia espacial ganham destaque em c\u00fapula em Genebra - Xinhua - Diario de Pernambuco","robots":{"index":"index","follow":"follow","max-snippet":"max-snippet:-1","max-image-preview":"max-image-preview:large","max-video-preview":"max-video-preview:-1"},"canonical":"https:\/\/diariodepe.com.br\/xinhua\/2025\/07\/15\/sistemas-de-ia-para-terra-e-ciencia-espacial-ganham-destaque-em-cupula-em-genebra\/","og_locale":"pt_BR","og_type":"article","og_title":"Sistemas de IA para Terra e ci\u00eancia espacial ganham destaque em c\u00fapula em Genebra - Xinhua - Diario de Pernambuco","og_description":"Por Wang Qibing Genebra &#8211; Wang Jian, acad\u00eamico da Academia Chinesa de Engenharia, usando camisa xadrez e t\u00eanis, ficou confiante sob os holofotes, discursando para um p\u00fablico global presencialmente e on-line. Em 11 de julho de 2025, Wang Jian, tamb\u00e9m...","og_url":"https:\/\/diariodepe.com.br\/xinhua\/2025\/07\/15\/sistemas-de-ia-para-terra-e-ciencia-espacial-ganham-destaque-em-cupula-em-genebra\/","og_site_name":"Xinhua - Diario de Pernambuco","article_published_time":"2025-07-15T15:37:00+00:00","og_image":[{"width":1020,"height":680,"url":"https:\/\/diariodepe.com.br\/xinhua\/wp-content\/uploads\/sites\/3\/2025\/07\/20250715d606f4a06f9144bf9295b6981dc784ec_202507158f6ceb204bd24a1c8ffb8e58411bbfb9.png","type":"image\/png"}],"author":"Marcelo Oliveira de A. Maranhao","twitter_card":"summary_large_image","twitter_misc":{"Escrito por":"Marcelo Oliveira de A. Maranhao","Est. tempo de leitura":"5 minutos"},"schema":{"@context":"https:\/\/schema.org","@graph":[{"@type":"Article","@id":"https:\/\/diariodepe.com.br\/xinhua\/2025\/07\/15\/sistemas-de-ia-para-terra-e-ciencia-espacial-ganham-destaque-em-cupula-em-genebra\/#article","isPartOf":{"@id":"https:\/\/diariodepe.com.br\/xinhua\/2025\/07\/15\/sistemas-de-ia-para-terra-e-ciencia-espacial-ganham-destaque-em-cupula-em-genebra\/"},"author":{"name":"Marcelo Oliveira de A. Maranhao","@id":"https:\/\/diariodepe.com.br\/xinhua\/#\/schema\/person\/0943d6fd02bdc7b49c8f495e8787a2cb"},"headline":"Sistemas de IA para Terra e ci\u00eancia espacial ganham destaque em c\u00fapula em Genebra","datePublished":"2025-07-15T15:37:00+00:00","mainEntityOfPage":{"@id":"https:\/\/diariodepe.com.br\/xinhua\/2025\/07\/15\/sistemas-de-ia-para-terra-e-ciencia-espacial-ganham-destaque-em-cupula-em-genebra\/"},"wordCount":771,"commentCount":0,"publisher":{"@id":"https:\/\/diariodepe.com.br\/xinhua\/#organization"},"image":{"@id":"https:\/\/diariodepe.com.br\/xinhua\/2025\/07\/15\/sistemas-de-ia-para-terra-e-ciencia-espacial-ganham-destaque-em-cupula-em-genebra\/#primaryimage"},"thumbnailUrl":"https:\/\/diariodepe.com.br\/xinhua\/wp-content\/uploads\/sites\/3\/2025\/07\/20250715d606f4a06f9144bf9295b6981dc784ec_202507158f6ceb204bd24a1c8ffb8e58411bbfb9.png","articleSection":["Cultura \/ Tecnologia"],"inLanguage":"pt-BR","potentialAction":[{"@type":"CommentAction","name":"Comment","target":["https:\/\/diariodepe.com.br\/xinhua\/2025\/07\/15\/sistemas-de-ia-para-terra-e-ciencia-espacial-ganham-destaque-em-cupula-em-genebra\/#respond"]}]},{"@type":"WebPage","@id":"https:\/\/diariodepe.com.br\/xinhua\/2025\/07\/15\/sistemas-de-ia-para-terra-e-ciencia-espacial-ganham-destaque-em-cupula-em-genebra\/","url":"https:\/\/diariodepe.com.br\/xinhua\/2025\/07\/15\/sistemas-de-ia-para-terra-e-ciencia-espacial-ganham-destaque-em-cupula-em-genebra\/","name":"Sistemas de IA para Terra e ci\u00eancia espacial ganham destaque em c\u00fapula em Genebra - Xinhua - Diario de Pernambuco","isPartOf":{"@id":"https:\/\/diariodepe.com.br\/xinhua\/#website"},"primaryImageOfPage":{"@id":"https:\/\/diariodepe.com.br\/xinhua\/2025\/07\/15\/sistemas-de-ia-para-terra-e-ciencia-espacial-ganham-destaque-em-cupula-em-genebra\/#primaryimage"},"image":{"@id":"https:\/\/diariodepe.com.br\/xinhua\/2025\/07\/15\/sistemas-de-ia-para-terra-e-ciencia-espacial-ganham-destaque-em-cupula-em-genebra\/#primaryimage"},"thumbnailUrl":"https:\/\/diariodepe.com.br\/xinhua\/wp-content\/uploads\/sites\/3\/2025\/07\/20250715d606f4a06f9144bf9295b6981dc784ec_202507158f6ceb204bd24a1c8ffb8e58411bbfb9.png","datePublished":"2025-07-15T15:37:00+00:00","breadcrumb":{"@id":"https:\/\/diariodepe.com.br\/xinhua\/2025\/07\/15\/sistemas-de-ia-para-terra-e-ciencia-espacial-ganham-destaque-em-cupula-em-genebra\/#breadcrumb"},"inLanguage":"pt-BR","potentialAction":[{"@type":"ReadAction","target":["https:\/\/diariodepe.com.br\/xinhua\/2025\/07\/15\/sistemas-de-ia-para-terra-e-ciencia-espacial-ganham-destaque-em-cupula-em-genebra\/"]}]},{"@type":"ImageObject","inLanguage":"pt-BR","@id":"https:\/\/diariodepe.com.br\/xinhua\/2025\/07\/15\/sistemas-de-ia-para-terra-e-ciencia-espacial-ganham-destaque-em-cupula-em-genebra\/#primaryimage","url":"https:\/\/diariodepe.com.br\/xinhua\/wp-content\/uploads\/sites\/3\/2025\/07\/20250715d606f4a06f9144bf9295b6981dc784ec_202507158f6ceb204bd24a1c8ffb8e58411bbfb9.png","contentUrl":"https:\/\/diariodepe.com.br\/xinhua\/wp-content\/uploads\/sites\/3\/2025\/07\/20250715d606f4a06f9144bf9295b6981dc784ec_202507158f6ceb204bd24a1c8ffb8e58411bbfb9.png","width":1020,"height":680},{"@type":"BreadcrumbList","@id":"https:\/\/diariodepe.com.br\/xinhua\/2025\/07\/15\/sistemas-de-ia-para-terra-e-ciencia-espacial-ganham-destaque-em-cupula-em-genebra\/#breadcrumb","itemListElement":[{"@type":"ListItem","position":1,"name":"In\u00edcio","item":"https:\/\/diariodepe.com.br\/xinhua\/"},{"@type":"ListItem","position":2,"name":"Sistemas de IA para Terra e ci\u00eancia espacial ganham destaque em c\u00fapula em Genebra"}]},{"@type":"WebSite","@id":"https:\/\/diariodepe.com.br\/xinhua\/#website","url":"https:\/\/diariodepe.com.br\/xinhua\/","name":"Xinhua - Diario de Pernambuco","description":"A maior ag\u00eancia de not\u00edcias da China e um dos principais canais para conhecer o pa\u00eds","publisher":{"@id":"https:\/\/diariodepe.com.br\/xinhua\/#organization"},"potentialAction":[{"@type":"SearchAction","target":{"@type":"EntryPoint","urlTemplate":"https:\/\/diariodepe.com.br\/xinhua\/?s={search_term_string}"},"query-input":{"@type":"PropertyValueSpecification","valueRequired":true,"valueName":"search_term_string"}}],"inLanguage":"pt-BR"},{"@type":"Organization","@id":"https:\/\/diariodepe.com.br\/xinhua\/#organization","name":"Xinhua - Diario de Pernambuco","url":"https:\/\/diariodepe.com.br\/xinhua\/","logo":{"@type":"ImageObject","inLanguage":"pt-BR","@id":"https:\/\/diariodepe.com.br\/xinhua\/#\/schema\/logo\/image\/","url":"https:\/\/diariodepe.com.br\/xinhua\/wp-content\/uploads\/sites\/3\/2020\/10\/cropped-logo-transparente-2.png","contentUrl":"https:\/\/diariodepe.com.br\/xinhua\/wp-content\/uploads\/sites\/3\/2020\/10\/cropped-logo-transparente-2.png","width":512,"height":164,"caption":"Xinhua - Diario de Pernambuco"},"image":{"@id":"https:\/\/diariodepe.com.br\/xinhua\/#\/schema\/logo\/image\/"}},{"@type":"Person","@id":"https:\/\/diariodepe.com.br\/xinhua\/#\/schema\/person\/0943d6fd02bdc7b49c8f495e8787a2cb","name":"Marcelo Oliveira de A. Maranhao","image":{"@type":"ImageObject","inLanguage":"pt-BR","@id":"https:\/\/secure.gravatar.com\/avatar\/f562caee940d39879c20e90eea3e4b21860c7d4c96684c23141c554824f0059c?s=96&d=mm&r=g","url":"https:\/\/secure.gravatar.com\/avatar\/f562caee940d39879c20e90eea3e4b21860c7d4c96684c23141c554824f0059c?s=96&d=mm&r=g","contentUrl":"https:\/\/secure.gravatar.com\/avatar\/f562caee940d39879c20e90eea3e4b21860c7d4c96684c23141c554824f0059c?s=96&d=mm&r=g","caption":"Marcelo Oliveira de A. Maranhao"},"url":"https:\/\/diariodepe.com.br\/xinhua\/author\/marcelo-maranhao\/"}]}},"cc_featured_image_caption":{"caption_text":"","source_text":"","source_url":""},"amp_enabled":true,"_links":{"self":[{"href":"https:\/\/diariodepe.com.br\/xinhua\/wp-json\/wp\/v2\/posts\/27015","targetHints":{"allow":["GET"]}}],"collection":[{"href":"https:\/\/diariodepe.com.br\/xinhua\/wp-json\/wp\/v2\/posts"}],"about":[{"href":"https:\/\/diariodepe.com.br\/xinhua\/wp-json\/wp\/v2\/types\/post"}],"author":[{"embeddable":true,"href":"https:\/\/diariodepe.com.br\/xinhua\/wp-json\/wp\/v2\/users\/3"}],"replies":[{"embeddable":true,"href":"https:\/\/diariodepe.com.br\/xinhua\/wp-json\/wp\/v2\/comments?post=27015"}],"version-history":[{"count":1,"href":"https:\/\/diariodepe.com.br\/xinhua\/wp-json\/wp\/v2\/posts\/27015\/revisions"}],"predecessor-version":[{"id":27017,"href":"https:\/\/diariodepe.com.br\/xinhua\/wp-json\/wp\/v2\/posts\/27015\/revisions\/27017"}],"wp:featuredmedia":[{"embeddable":true,"href":"https:\/\/diariodepe.com.br\/xinhua\/wp-json\/wp\/v2\/media\/27016"}],"wp:attachment":[{"href":"https:\/\/diariodepe.com.br\/xinhua\/wp-json\/wp\/v2\/media?parent=27015"}],"wp:term":[{"taxonomy":"category","embeddable":true,"href":"https:\/\/diariodepe.com.br\/xinhua\/wp-json\/wp\/v2\/categories?post=27015"},{"taxonomy":"post_tag","embeddable":true,"href":"https:\/\/diariodepe.com.br\/xinhua\/wp-json\/wp\/v2\/tags?post=27015"}],"curies":[{"name":"wp","href":"https:\/\/api.w.org\/{rel}","templated":true}]}}