{"id":27009,"date":"2025-07-15T11:30:30","date_gmt":"2025-07-15T14:30:30","guid":{"rendered":"https:\/\/www.diariodepe.com.br\/xinhua\/?p=27009"},"modified":"2025-07-15T11:30:32","modified_gmt":"2025-07-15T14:30:32","slug":"xi-reune-se-com-o-primeiro-ministro-australiano-em-beijing","status":"publish","type":"post","link":"https:\/\/diariodepe.com.br\/xinhua\/2025\/07\/15\/xi-reune-se-com-o-primeiro-ministro-australiano-em-beijing\/","title":{"rendered":"Xi re\u00fane-se com o primeiro-ministro australiano em Beijing"},"content":{"rendered":"\n<p>Beijing &#8211; O presidente chin\u00eas, Xi Jinping, reuniu-se com o primeiro-ministro australiano, Anthony Albanese, em Beijing nesta ter\u00e7a-feira.<\/p>\n\n\n\n<p>Xi mais uma vez parabenizou Albanese por sua reelei\u00e7\u00e3o. Ele disse que, com os esfor\u00e7os conjuntos de ambos os lados, as rela\u00e7\u00f5es China-Austr\u00e1lia sa\u00edram de seu ponto baixo e alcan\u00e7aram uma reviravolta nos \u00faltimos anos, trazendo benef\u00edcios tang\u00edveis para os povos de ambos os pa\u00edses.<\/p>\n\n\n\n<p>A vis\u00e3o mais importante que isso nos d\u00e1 \u00e9 que tratar uns aos outros como iguais, buscar pontos em comum e, ao mesmo tempo, deixar de lado as diferen\u00e7as e se envolver em uma coopera\u00e7\u00e3o mutuamente ben\u00e9fica atende aos interesses fundamentais da China e da Austr\u00e1lia e dos dois povos, disse Xi.<\/p>\n\n\n\n<p>Observando que a parceria estrat\u00e9gica abrangente entre a China e a Austr\u00e1lia entrou em sua segunda d\u00e9cada, Xi disse que a China est\u00e1 pronta para trabalhar com a Austr\u00e1lia para avan\u00e7ar ainda mais em suas rela\u00e7\u00f5es para um desenvolvimento s\u00f3lido que traga maiores benef\u00edcios para os dois povos.<\/p>\n\n\n\n<p>Observando que a China e a Austr\u00e1lia devem aprimorar continuamente a confian\u00e7a m\u00fatua estrat\u00e9gica, Xi afirmou o compromisso inabal\u00e1vel da China com o desenvolvimento pac\u00edfico, a dedica\u00e7\u00e3o ao progresso compartilhado e sua pol\u00edtica de avan\u00e7o da coopera\u00e7\u00e3o \u00c1sia-Pac\u00edfico.<\/p>\n\n\n\n<p>A China defende a solidariedade e a coopera\u00e7\u00e3o entre as na\u00e7\u00f5es, acelerando a constru\u00e7\u00e3o da \u00c1rea de Livre Com\u00e9rcio da \u00c1sia-Pac\u00edfico (FTAAP), promovendo a liberaliza\u00e7\u00e3o e a facilita\u00e7\u00e3o do com\u00e9rcio e dos investimentos e fomentando a paz, o desenvolvimento e a prosperidade regionais, disse Xi, pedindo que ambos os lados mantenham percep\u00e7\u00f5es corretas um do outro para consolidar a base da confian\u00e7a m\u00fatua.<\/p>\n\n\n\n<p>Xi tamb\u00e9m pediu aos dois pa\u00edses que aprofundem e expandam sua coopera\u00e7\u00e3o mutuamente ben\u00e9fica, observando que a China tem sido o maior parceiro comercial da Austr\u00e1lia por 16 anos consecutivos e que o com\u00e9rcio com a China trouxe benef\u00edcios tang\u00edveis para a Austr\u00e1lia.<\/p>\n\n\n\n<p>Os dois pa\u00edses devem sinergizar as estrat\u00e9gias de desenvolvimento, cultivar um ambiente de neg\u00f3cios favor\u00e1vel para as empresas, criar mais interesses compartilhados e novos caminhos para a coopera\u00e7\u00e3o, ao mesmo tempo em que aumentam constantemente o escopo e a qualidade da coopera\u00e7\u00e3o, disse ele.<\/p>\n\n\n\n<p>Enfatizando a import\u00e2ncia de cultivar os la\u00e7os interpessoais, Xi disse que a China d\u00e1 as boas-vindas aos australianos de todas as classes sociais para visitar o pa\u00eds e est\u00e1 pronta para convidar mais jovens australianos para programas de interc\u00e2mbio.<\/p>\n\n\n\n<p>Ele pediu aos dois lados que enfrentem conjuntamente os riscos e desafios, defendam a equidade e a justi\u00e7a internacionais, salvaguardem o multilateralismo e o livre com\u00e9rcio e defendam o sistema internacional com as Na\u00e7\u00f5es Unidas em seu n\u00facleo e a ordem internacional baseada no direito internacional.<\/p>\n\n\n\n<p>Albanese disse que a Austr\u00e1lia valoriza suas rela\u00e7\u00f5es com a China e espera trabalhar com o lado chin\u00eas para tratar uns aos outros como iguais, buscar pontos em comum, deixando de lado as diferen\u00e7as, e se engajar em uma coopera\u00e7\u00e3o mutuamente ben\u00e9fica para avan\u00e7ar os la\u00e7os bilaterais.<\/p>\n\n\n\n<p>Observando que a Austr\u00e1lia adere \u00e0 pol\u00edtica de Uma S\u00f3 China e n\u00e3o apoia a &#8220;independ\u00eancia de Taiwan&#8221;, ele disse que a Austr\u00e1lia est\u00e1 pronta para manter o di\u00e1logo e as trocas com a China em todos os n\u00edveis para aumentar a confian\u00e7a m\u00fatua.<\/p>\n\n\n\n<p>Albanese disse que o desenvolvimento da China \u00e9 vital para a Austr\u00e1lia, e que a Austr\u00e1lia nunca procurou se dissociar da economia chinesa. Ele acrescentou que a Austr\u00e1lia continua comprometida com o avan\u00e7o da coopera\u00e7\u00e3o pr\u00e1tica em ind\u00fastrias verdes, resposta \u00e0s mudan\u00e7as clim\u00e1ticas e tecnologia m\u00e9dica para benef\u00edcio m\u00fatuo, ao mesmo tempo em que fortalece os interc\u00e2mbios interpessoais em turismo, educa\u00e7\u00e3o e esportes para aprofundar o entendimento m\u00fatuo.<\/p>\n\n\n\n<p>A Austr\u00e1lia trabalhar\u00e1 com a China para defender o multilateralismo, salvaguardar conjuntamente o livre com\u00e9rcio e as regras da OMC e proporcionar maior estabilidade e certeza para a comunidade internacional, disse ele, acrescentando que a Austr\u00e1lia apoia a China na realiza\u00e7\u00e3o da Reuni\u00e3o de L\u00edderes Econ\u00f4micos da APEC em 2026.&nbsp;<\/p>\n","protected":false},"excerpt":{"rendered":"<p>Beijing &#8211; O presidente chin\u00eas, Xi Jinping, reuniu-se com o primeiro-ministro australiano, Anthony Albanese, em Beijing nesta ter\u00e7a-feira. Xi mais uma vez parabenizou Albanese por sua reelei\u00e7\u00e3o. Ele disse que, com os esfor\u00e7os conjuntos de ambos os lados, as rela\u00e7\u00f5es&#8230;<\/p>\n","protected":false},"author":3,"featured_media":27010,"comment_status":"open","ping_status":"open","sticky":false,"template":"","format":"standard","meta":{"footnotes":""},"categories":[4],"tags":[],"class_list":["post-27009","post","type-post","status-publish","format-standard","has-post-thumbnail","hentry","category-internacional"],"yoast_head":"<!-- This site is optimized with the Yoast SEO plugin v27.4 - https:\/\/yoast.com\/product\/yoast-seo-wordpress\/ -->\n<title>Xi re\u00fane-se com o primeiro-ministro australiano em Beijing - Xinhua - Diario de Pernambuco<\/title>\n<meta name=\"robots\" content=\"index, follow, max-snippet:-1, max-image-preview:large, max-video-preview:-1\" \/>\n<link rel=\"canonical\" href=\"https:\/\/diariodepe.com.br\/xinhua\/2025\/07\/15\/xi-reune-se-com-o-primeiro-ministro-australiano-em-beijing\/\" \/>\n<meta property=\"og:locale\" content=\"pt_BR\" \/>\n<meta property=\"og:type\" content=\"article\" \/>\n<meta property=\"og:title\" content=\"Xi re\u00fane-se com o primeiro-ministro australiano em Beijing - Xinhua - Diario de Pernambuco\" \/>\n<meta property=\"og:description\" content=\"Beijing &#8211; O presidente chin\u00eas, Xi Jinping, reuniu-se com o primeiro-ministro australiano, Anthony Albanese, em Beijing nesta ter\u00e7a-feira. Xi mais uma vez parabenizou Albanese por sua reelei\u00e7\u00e3o. Ele disse que, com os esfor\u00e7os conjuntos de ambos os lados, as rela\u00e7\u00f5es...\" \/>\n<meta property=\"og:url\" content=\"https:\/\/diariodepe.com.br\/xinhua\/2025\/07\/15\/xi-reune-se-com-o-primeiro-ministro-australiano-em-beijing\/\" \/>\n<meta property=\"og:site_name\" content=\"Xinhua - Diario de Pernambuco\" \/>\n<meta property=\"article:published_time\" content=\"2025-07-15T14:30:30+00:00\" \/>\n<meta property=\"article:modified_time\" content=\"2025-07-15T14:30:32+00:00\" \/>\n<meta property=\"og:image\" content=\"https:\/\/diariodepe.com.br\/xinhua\/wp-content\/uploads\/sites\/3\/2025\/07\/O3sjWfYKQuhziFXp.jpeg\" \/>\n\t<meta property=\"og:image:width\" content=\"1024\" \/>\n\t<meta property=\"og:image:height\" content=\"707\" \/>\n\t<meta property=\"og:image:type\" content=\"image\/jpeg\" \/>\n<meta name=\"author\" content=\"Marcelo Oliveira de A. Maranhao\" \/>\n<meta name=\"twitter:card\" content=\"summary_large_image\" \/>\n<meta name=\"twitter:label1\" content=\"Escrito por\" \/>\n\t<meta name=\"twitter:data1\" content=\"Marcelo Oliveira de A. Maranhao\" \/>\n\t<meta name=\"twitter:label2\" content=\"Est. tempo de leitura\" \/>\n\t<meta name=\"twitter:data2\" content=\"4 minutos\" \/>\n<script type=\"application\/ld+json\" class=\"yoast-schema-graph\">{\"@context\":\"https:\\\/\\\/schema.org\",\"@graph\":[{\"@type\":\"Article\",\"@id\":\"https:\\\/\\\/diariodepe.com.br\\\/xinhua\\\/2025\\\/07\\\/15\\\/xi-reune-se-com-o-primeiro-ministro-australiano-em-beijing\\\/#article\",\"isPartOf\":{\"@id\":\"https:\\\/\\\/diariodepe.com.br\\\/xinhua\\\/2025\\\/07\\\/15\\\/xi-reune-se-com-o-primeiro-ministro-australiano-em-beijing\\\/\"},\"author\":{\"name\":\"Marcelo Oliveira de A. Maranhao\",\"@id\":\"https:\\\/\\\/diariodepe.com.br\\\/xinhua\\\/#\\\/schema\\\/person\\\/0943d6fd02bdc7b49c8f495e8787a2cb\"},\"headline\":\"Xi re\u00fane-se com o primeiro-ministro australiano em Beijing\",\"datePublished\":\"2025-07-15T14:30:30+00:00\",\"dateModified\":\"2025-07-15T14:30:32+00:00\",\"mainEntityOfPage\":{\"@id\":\"https:\\\/\\\/diariodepe.com.br\\\/xinhua\\\/2025\\\/07\\\/15\\\/xi-reune-se-com-o-primeiro-ministro-australiano-em-beijing\\\/\"},\"wordCount\":758,\"commentCount\":0,\"publisher\":{\"@id\":\"https:\\\/\\\/diariodepe.com.br\\\/xinhua\\\/#organization\"},\"image\":{\"@id\":\"https:\\\/\\\/diariodepe.com.br\\\/xinhua\\\/2025\\\/07\\\/15\\\/xi-reune-se-com-o-primeiro-ministro-australiano-em-beijing\\\/#primaryimage\"},\"thumbnailUrl\":\"https:\\\/\\\/diariodepe.com.br\\\/xinhua\\\/wp-content\\\/uploads\\\/sites\\\/3\\\/2025\\\/07\\\/O3sjWfYKQuhziFXp.jpeg\",\"articleSection\":[\"Internacional\"],\"inLanguage\":\"pt-BR\",\"potentialAction\":[{\"@type\":\"CommentAction\",\"name\":\"Comment\",\"target\":[\"https:\\\/\\\/diariodepe.com.br\\\/xinhua\\\/2025\\\/07\\\/15\\\/xi-reune-se-com-o-primeiro-ministro-australiano-em-beijing\\\/#respond\"]}]},{\"@type\":\"WebPage\",\"@id\":\"https:\\\/\\\/diariodepe.com.br\\\/xinhua\\\/2025\\\/07\\\/15\\\/xi-reune-se-com-o-primeiro-ministro-australiano-em-beijing\\\/\",\"url\":\"https:\\\/\\\/diariodepe.com.br\\\/xinhua\\\/2025\\\/07\\\/15\\\/xi-reune-se-com-o-primeiro-ministro-australiano-em-beijing\\\/\",\"name\":\"Xi re\u00fane-se com o primeiro-ministro australiano em Beijing - Xinhua - Diario de Pernambuco\",\"isPartOf\":{\"@id\":\"https:\\\/\\\/diariodepe.com.br\\\/xinhua\\\/#website\"},\"primaryImageOfPage\":{\"@id\":\"https:\\\/\\\/diariodepe.com.br\\\/xinhua\\\/2025\\\/07\\\/15\\\/xi-reune-se-com-o-primeiro-ministro-australiano-em-beijing\\\/#primaryimage\"},\"image\":{\"@id\":\"https:\\\/\\\/diariodepe.com.br\\\/xinhua\\\/2025\\\/07\\\/15\\\/xi-reune-se-com-o-primeiro-ministro-australiano-em-beijing\\\/#primaryimage\"},\"thumbnailUrl\":\"https:\\\/\\\/diariodepe.com.br\\\/xinhua\\\/wp-content\\\/uploads\\\/sites\\\/3\\\/2025\\\/07\\\/O3sjWfYKQuhziFXp.jpeg\",\"datePublished\":\"2025-07-15T14:30:30+00:00\",\"dateModified\":\"2025-07-15T14:30:32+00:00\",\"breadcrumb\":{\"@id\":\"https:\\\/\\\/diariodepe.com.br\\\/xinhua\\\/2025\\\/07\\\/15\\\/xi-reune-se-com-o-primeiro-ministro-australiano-em-beijing\\\/#breadcrumb\"},\"inLanguage\":\"pt-BR\",\"potentialAction\":[{\"@type\":\"ReadAction\",\"target\":[\"https:\\\/\\\/diariodepe.com.br\\\/xinhua\\\/2025\\\/07\\\/15\\\/xi-reune-se-com-o-primeiro-ministro-australiano-em-beijing\\\/\"]}]},{\"@type\":\"ImageObject\",\"inLanguage\":\"pt-BR\",\"@id\":\"https:\\\/\\\/diariodepe.com.br\\\/xinhua\\\/2025\\\/07\\\/15\\\/xi-reune-se-com-o-primeiro-ministro-australiano-em-beijing\\\/#primaryimage\",\"url\":\"https:\\\/\\\/diariodepe.com.br\\\/xinhua\\\/wp-content\\\/uploads\\\/sites\\\/3\\\/2025\\\/07\\\/O3sjWfYKQuhziFXp.jpeg\",\"contentUrl\":\"https:\\\/\\\/diariodepe.com.br\\\/xinhua\\\/wp-content\\\/uploads\\\/sites\\\/3\\\/2025\\\/07\\\/O3sjWfYKQuhziFXp.jpeg\",\"width\":1024,\"height\":707},{\"@type\":\"BreadcrumbList\",\"@id\":\"https:\\\/\\\/diariodepe.com.br\\\/xinhua\\\/2025\\\/07\\\/15\\\/xi-reune-se-com-o-primeiro-ministro-australiano-em-beijing\\\/#breadcrumb\",\"itemListElement\":[{\"@type\":\"ListItem\",\"position\":1,\"name\":\"In\u00edcio\",\"item\":\"https:\\\/\\\/diariodepe.com.br\\\/xinhua\\\/\"},{\"@type\":\"ListItem\",\"position\":2,\"name\":\"Xi re\u00fane-se com o primeiro-ministro australiano em Beijing\"}]},{\"@type\":\"WebSite\",\"@id\":\"https:\\\/\\\/diariodepe.com.br\\\/xinhua\\\/#website\",\"url\":\"https:\\\/\\\/diariodepe.com.br\\\/xinhua\\\/\",\"name\":\"Xinhua - Diario de Pernambuco\",\"description\":\"A maior ag\u00eancia de not\u00edcias da China e um dos principais canais para conhecer o pa\u00eds\",\"publisher\":{\"@id\":\"https:\\\/\\\/diariodepe.com.br\\\/xinhua\\\/#organization\"},\"potentialAction\":[{\"@type\":\"SearchAction\",\"target\":{\"@type\":\"EntryPoint\",\"urlTemplate\":\"https:\\\/\\\/diariodepe.com.br\\\/xinhua\\\/?s={search_term_string}\"},\"query-input\":{\"@type\":\"PropertyValueSpecification\",\"valueRequired\":true,\"valueName\":\"search_term_string\"}}],\"inLanguage\":\"pt-BR\"},{\"@type\":\"Organization\",\"@id\":\"https:\\\/\\\/diariodepe.com.br\\\/xinhua\\\/#organization\",\"name\":\"Xinhua - Diario de Pernambuco\",\"url\":\"https:\\\/\\\/diariodepe.com.br\\\/xinhua\\\/\",\"logo\":{\"@type\":\"ImageObject\",\"inLanguage\":\"pt-BR\",\"@id\":\"https:\\\/\\\/diariodepe.com.br\\\/xinhua\\\/#\\\/schema\\\/logo\\\/image\\\/\",\"url\":\"https:\\\/\\\/diariodepe.com.br\\\/xinhua\\\/wp-content\\\/uploads\\\/sites\\\/3\\\/2020\\\/10\\\/cropped-logo-transparente-2.png\",\"contentUrl\":\"https:\\\/\\\/diariodepe.com.br\\\/xinhua\\\/wp-content\\\/uploads\\\/sites\\\/3\\\/2020\\\/10\\\/cropped-logo-transparente-2.png\",\"width\":512,\"height\":164,\"caption\":\"Xinhua - Diario de Pernambuco\"},\"image\":{\"@id\":\"https:\\\/\\\/diariodepe.com.br\\\/xinhua\\\/#\\\/schema\\\/logo\\\/image\\\/\"}},{\"@type\":\"Person\",\"@id\":\"https:\\\/\\\/diariodepe.com.br\\\/xinhua\\\/#\\\/schema\\\/person\\\/0943d6fd02bdc7b49c8f495e8787a2cb\",\"name\":\"Marcelo Oliveira de A. Maranhao\",\"image\":{\"@type\":\"ImageObject\",\"inLanguage\":\"pt-BR\",\"@id\":\"https:\\\/\\\/secure.gravatar.com\\\/avatar\\\/f562caee940d39879c20e90eea3e4b21860c7d4c96684c23141c554824f0059c?s=96&d=mm&r=g\",\"url\":\"https:\\\/\\\/secure.gravatar.com\\\/avatar\\\/f562caee940d39879c20e90eea3e4b21860c7d4c96684c23141c554824f0059c?s=96&d=mm&r=g\",\"contentUrl\":\"https:\\\/\\\/secure.gravatar.com\\\/avatar\\\/f562caee940d39879c20e90eea3e4b21860c7d4c96684c23141c554824f0059c?s=96&d=mm&r=g\",\"caption\":\"Marcelo Oliveira de A. Maranhao\"},\"url\":\"https:\\\/\\\/diariodepe.com.br\\\/xinhua\\\/author\\\/marcelo-maranhao\\\/\"}]}<\/script>\n<!-- \/ Yoast SEO plugin. -->","yoast_head_json":{"title":"Xi re\u00fane-se com o primeiro-ministro australiano em Beijing - Xinhua - Diario de Pernambuco","robots":{"index":"index","follow":"follow","max-snippet":"max-snippet:-1","max-image-preview":"max-image-preview:large","max-video-preview":"max-video-preview:-1"},"canonical":"https:\/\/diariodepe.com.br\/xinhua\/2025\/07\/15\/xi-reune-se-com-o-primeiro-ministro-australiano-em-beijing\/","og_locale":"pt_BR","og_type":"article","og_title":"Xi re\u00fane-se com o primeiro-ministro australiano em Beijing - Xinhua - Diario de Pernambuco","og_description":"Beijing &#8211; O presidente chin\u00eas, Xi Jinping, reuniu-se com o primeiro-ministro australiano, Anthony Albanese, em Beijing nesta ter\u00e7a-feira. Xi mais uma vez parabenizou Albanese por sua reelei\u00e7\u00e3o. Ele disse que, com os esfor\u00e7os conjuntos de ambos os lados, as rela\u00e7\u00f5es...","og_url":"https:\/\/diariodepe.com.br\/xinhua\/2025\/07\/15\/xi-reune-se-com-o-primeiro-ministro-australiano-em-beijing\/","og_site_name":"Xinhua - Diario de Pernambuco","article_published_time":"2025-07-15T14:30:30+00:00","article_modified_time":"2025-07-15T14:30:32+00:00","og_image":[{"width":1024,"height":707,"url":"https:\/\/diariodepe.com.br\/xinhua\/wp-content\/uploads\/sites\/3\/2025\/07\/O3sjWfYKQuhziFXp.jpeg","type":"image\/jpeg"}],"author":"Marcelo Oliveira de A. Maranhao","twitter_card":"summary_large_image","twitter_misc":{"Escrito por":"Marcelo Oliveira de A. Maranhao","Est. tempo de leitura":"4 minutos"},"schema":{"@context":"https:\/\/schema.org","@graph":[{"@type":"Article","@id":"https:\/\/diariodepe.com.br\/xinhua\/2025\/07\/15\/xi-reune-se-com-o-primeiro-ministro-australiano-em-beijing\/#article","isPartOf":{"@id":"https:\/\/diariodepe.com.br\/xinhua\/2025\/07\/15\/xi-reune-se-com-o-primeiro-ministro-australiano-em-beijing\/"},"author":{"name":"Marcelo Oliveira de A. Maranhao","@id":"https:\/\/diariodepe.com.br\/xinhua\/#\/schema\/person\/0943d6fd02bdc7b49c8f495e8787a2cb"},"headline":"Xi re\u00fane-se com o primeiro-ministro australiano em Beijing","datePublished":"2025-07-15T14:30:30+00:00","dateModified":"2025-07-15T14:30:32+00:00","mainEntityOfPage":{"@id":"https:\/\/diariodepe.com.br\/xinhua\/2025\/07\/15\/xi-reune-se-com-o-primeiro-ministro-australiano-em-beijing\/"},"wordCount":758,"commentCount":0,"publisher":{"@id":"https:\/\/diariodepe.com.br\/xinhua\/#organization"},"image":{"@id":"https:\/\/diariodepe.com.br\/xinhua\/2025\/07\/15\/xi-reune-se-com-o-primeiro-ministro-australiano-em-beijing\/#primaryimage"},"thumbnailUrl":"https:\/\/diariodepe.com.br\/xinhua\/wp-content\/uploads\/sites\/3\/2025\/07\/O3sjWfYKQuhziFXp.jpeg","articleSection":["Internacional"],"inLanguage":"pt-BR","potentialAction":[{"@type":"CommentAction","name":"Comment","target":["https:\/\/diariodepe.com.br\/xinhua\/2025\/07\/15\/xi-reune-se-com-o-primeiro-ministro-australiano-em-beijing\/#respond"]}]},{"@type":"WebPage","@id":"https:\/\/diariodepe.com.br\/xinhua\/2025\/07\/15\/xi-reune-se-com-o-primeiro-ministro-australiano-em-beijing\/","url":"https:\/\/diariodepe.com.br\/xinhua\/2025\/07\/15\/xi-reune-se-com-o-primeiro-ministro-australiano-em-beijing\/","name":"Xi re\u00fane-se com o primeiro-ministro australiano em Beijing - Xinhua - Diario de Pernambuco","isPartOf":{"@id":"https:\/\/diariodepe.com.br\/xinhua\/#website"},"primaryImageOfPage":{"@id":"https:\/\/diariodepe.com.br\/xinhua\/2025\/07\/15\/xi-reune-se-com-o-primeiro-ministro-australiano-em-beijing\/#primaryimage"},"image":{"@id":"https:\/\/diariodepe.com.br\/xinhua\/2025\/07\/15\/xi-reune-se-com-o-primeiro-ministro-australiano-em-beijing\/#primaryimage"},"thumbnailUrl":"https:\/\/diariodepe.com.br\/xinhua\/wp-content\/uploads\/sites\/3\/2025\/07\/O3sjWfYKQuhziFXp.jpeg","datePublished":"2025-07-15T14:30:30+00:00","dateModified":"2025-07-15T14:30:32+00:00","breadcrumb":{"@id":"https:\/\/diariodepe.com.br\/xinhua\/2025\/07\/15\/xi-reune-se-com-o-primeiro-ministro-australiano-em-beijing\/#breadcrumb"},"inLanguage":"pt-BR","potentialAction":[{"@type":"ReadAction","target":["https:\/\/diariodepe.com.br\/xinhua\/2025\/07\/15\/xi-reune-se-com-o-primeiro-ministro-australiano-em-beijing\/"]}]},{"@type":"ImageObject","inLanguage":"pt-BR","@id":"https:\/\/diariodepe.com.br\/xinhua\/2025\/07\/15\/xi-reune-se-com-o-primeiro-ministro-australiano-em-beijing\/#primaryimage","url":"https:\/\/diariodepe.com.br\/xinhua\/wp-content\/uploads\/sites\/3\/2025\/07\/O3sjWfYKQuhziFXp.jpeg","contentUrl":"https:\/\/diariodepe.com.br\/xinhua\/wp-content\/uploads\/sites\/3\/2025\/07\/O3sjWfYKQuhziFXp.jpeg","width":1024,"height":707},{"@type":"BreadcrumbList","@id":"https:\/\/diariodepe.com.br\/xinhua\/2025\/07\/15\/xi-reune-se-com-o-primeiro-ministro-australiano-em-beijing\/#breadcrumb","itemListElement":[{"@type":"ListItem","position":1,"name":"In\u00edcio","item":"https:\/\/diariodepe.com.br\/xinhua\/"},{"@type":"ListItem","position":2,"name":"Xi re\u00fane-se com o primeiro-ministro australiano em Beijing"}]},{"@type":"WebSite","@id":"https:\/\/diariodepe.com.br\/xinhua\/#website","url":"https:\/\/diariodepe.com.br\/xinhua\/","name":"Xinhua - Diario de Pernambuco","description":"A maior ag\u00eancia de not\u00edcias da China e um dos principais canais para conhecer o pa\u00eds","publisher":{"@id":"https:\/\/diariodepe.com.br\/xinhua\/#organization"},"potentialAction":[{"@type":"SearchAction","target":{"@type":"EntryPoint","urlTemplate":"https:\/\/diariodepe.com.br\/xinhua\/?s={search_term_string}"},"query-input":{"@type":"PropertyValueSpecification","valueRequired":true,"valueName":"search_term_string"}}],"inLanguage":"pt-BR"},{"@type":"Organization","@id":"https:\/\/diariodepe.com.br\/xinhua\/#organization","name":"Xinhua - Diario de Pernambuco","url":"https:\/\/diariodepe.com.br\/xinhua\/","logo":{"@type":"ImageObject","inLanguage":"pt-BR","@id":"https:\/\/diariodepe.com.br\/xinhua\/#\/schema\/logo\/image\/","url":"https:\/\/diariodepe.com.br\/xinhua\/wp-content\/uploads\/sites\/3\/2020\/10\/cropped-logo-transparente-2.png","contentUrl":"https:\/\/diariodepe.com.br\/xinhua\/wp-content\/uploads\/sites\/3\/2020\/10\/cropped-logo-transparente-2.png","width":512,"height":164,"caption":"Xinhua - Diario de Pernambuco"},"image":{"@id":"https:\/\/diariodepe.com.br\/xinhua\/#\/schema\/logo\/image\/"}},{"@type":"Person","@id":"https:\/\/diariodepe.com.br\/xinhua\/#\/schema\/person\/0943d6fd02bdc7b49c8f495e8787a2cb","name":"Marcelo Oliveira de A. Maranhao","image":{"@type":"ImageObject","inLanguage":"pt-BR","@id":"https:\/\/secure.gravatar.com\/avatar\/f562caee940d39879c20e90eea3e4b21860c7d4c96684c23141c554824f0059c?s=96&d=mm&r=g","url":"https:\/\/secure.gravatar.com\/avatar\/f562caee940d39879c20e90eea3e4b21860c7d4c96684c23141c554824f0059c?s=96&d=mm&r=g","contentUrl":"https:\/\/secure.gravatar.com\/avatar\/f562caee940d39879c20e90eea3e4b21860c7d4c96684c23141c554824f0059c?s=96&d=mm&r=g","caption":"Marcelo Oliveira de A. Maranhao"},"url":"https:\/\/diariodepe.com.br\/xinhua\/author\/marcelo-maranhao\/"}]}},"cc_featured_image_caption":{"caption_text":"","source_text":"","source_url":""},"amp_enabled":true,"_links":{"self":[{"href":"https:\/\/diariodepe.com.br\/xinhua\/wp-json\/wp\/v2\/posts\/27009","targetHints":{"allow":["GET"]}}],"collection":[{"href":"https:\/\/diariodepe.com.br\/xinhua\/wp-json\/wp\/v2\/posts"}],"about":[{"href":"https:\/\/diariodepe.com.br\/xinhua\/wp-json\/wp\/v2\/types\/post"}],"author":[{"embeddable":true,"href":"https:\/\/diariodepe.com.br\/xinhua\/wp-json\/wp\/v2\/users\/3"}],"replies":[{"embeddable":true,"href":"https:\/\/diariodepe.com.br\/xinhua\/wp-json\/wp\/v2\/comments?post=27009"}],"version-history":[{"count":1,"href":"https:\/\/diariodepe.com.br\/xinhua\/wp-json\/wp\/v2\/posts\/27009\/revisions"}],"predecessor-version":[{"id":27011,"href":"https:\/\/diariodepe.com.br\/xinhua\/wp-json\/wp\/v2\/posts\/27009\/revisions\/27011"}],"wp:featuredmedia":[{"embeddable":true,"href":"https:\/\/diariodepe.com.br\/xinhua\/wp-json\/wp\/v2\/media\/27010"}],"wp:attachment":[{"href":"https:\/\/diariodepe.com.br\/xinhua\/wp-json\/wp\/v2\/media?parent=27009"}],"wp:term":[{"taxonomy":"category","embeddable":true,"href":"https:\/\/diariodepe.com.br\/xinhua\/wp-json\/wp\/v2\/categories?post=27009"},{"taxonomy":"post_tag","embeddable":true,"href":"https:\/\/diariodepe.com.br\/xinhua\/wp-json\/wp\/v2\/tags?post=27009"}],"curies":[{"name":"wp","href":"https:\/\/api.w.org\/{rel}","templated":true}]}}