{"id":26987,"date":"2025-07-14T11:08:00","date_gmt":"2025-07-14T14:08:00","guid":{"rendered":"https:\/\/www.diariodepe.com.br\/xinhua\/?p=26987"},"modified":"2025-07-14T11:08:58","modified_gmt":"2025-07-14T14:08:58","slug":"opiniao-do-convidado-diante-da-ameaca-dos-eua-de-impor-mais-tarifas-o-brasil-diz-nao","status":"publish","type":"post","link":"https:\/\/diariodepe.com.br\/xinhua\/2025\/07\/14\/opiniao-do-convidado-diante-da-ameaca-dos-eua-de-impor-mais-tarifas-o-brasil-diz-nao\/","title":{"rendered":"Opini\u00e3o do Convidado: Diante da amea\u00e7a dos EUA de impor mais tarifas, o Brasil diz n\u00e3o"},"content":{"rendered":"\n<p>Por Evandro Menezes de Carvalho<\/p>\n\n\n\n<p>A decis\u00e3o de Donald Trump de impor tarifas adicionais de 50% sobre todas as exporta\u00e7\u00f5es brasileiras para os Estados Unidos, a partir de 1\u00ba de agosto, foi um choque para o p\u00fablico brasileiro devido \u00e0 maneira e \u00e0s motiva\u00e7\u00f5es descritas pelo pr\u00f3prio presidente dos EUA.<\/p>\n\n\n\n<p>Trump deu v\u00e1rios sinais de que protocolos diplom\u00e1ticos s\u00e3o perda de tempo. Ele acredita piamente na persuas\u00e3o pela for\u00e7a. O presidente americano n\u00e3o tem a paci\u00eancia de um diplomata versado na arte da negocia\u00e7\u00e3o entre pa\u00edses soberanos, mesmo que seja apenas para manter as apar\u00eancias. Trump parece ser um daqueles que n\u00e3o t\u00eam paci\u00eancia para esperar um convidado estrangeiro para o seu jantar, para o receber, para o acomodar \u00e0 mesa e para aguardar que os pratos sejam servidos, brindando, de antem\u00e3o, \u00e0 presen\u00e7a do seu ilustre convidado. Muitos floreios. Mas nas rela\u00e7\u00f5es internacionais que se pretendem pac\u00edficas e duradouras, mesmo que o assunto do jantar seja relativamente indigesto, o convidado deve ser tratado com o devido respeito e com a esperan\u00e7a de que regresse a casa minimamente satisfeito. Ou, pelo menos, que n\u00e3o se despe\u00e7a como um novo inimigo.<\/p>\n\n\n\n<p>O m\u00e9todo de negocia\u00e7\u00e3o de Trump \u00e9 hostil e desrespeitoso. Al\u00e9m disso, a medida que ele anunciou contra o Brasil n\u00e3o tem justificativa do ponto de vista da balan\u00e7a comercial. No ano passado, os Estados Unidos tiveram um super\u00e1vit de US$ 2 bilh\u00f5es. Atualmente, o d\u00e9ficit comercial do Brasil com os Estados Unidos j\u00e1 ultrapassa US$ 3 bilh\u00f5es. Some-se a isso o fato de que as pr\u00f3prias estat\u00edsticas do governo dos Estados Unidos, como disse Lula, &#8220;comprovam um super\u00e1vit daquele pa\u00eds no com\u00e9rcio de bens e servi\u00e7os com o Brasil de aproximadamente US$ 410 bilh\u00f5es nos \u00faltimos 15 anos&#8221;. Diante disso, a afirma\u00e7\u00e3o de Trump de que a rela\u00e7\u00e3o dos EUA com o Brasil &#8220;tem estado longe de ser rec\u00edproca&#8221; soa mais como uma provoca\u00e7\u00e3o do que como uma afirma\u00e7\u00e3o cr\u00edvel.<\/p>\n\n\n\n<p>Por que, ent\u00e3o, aumentar as tarifas sobre produtos brasileiros de forma uniforme e sem crit\u00e9rio? Porque a medida de Trump n\u00e3o tem nada a ver com com\u00e9rcio bilateral. Tem a ver, antes de tudo, com as decis\u00f5es e investiga\u00e7\u00f5es do Supremo Tribunal Federal (STF) sobre o financiamento de atos antidemocr\u00e1ticos, ataques ao sistema eleitoral e campanhas de desinforma\u00e7\u00e3o patrocinadas pela extrema direita.<\/p>\n\n\n\n<p>O Supremo Tribunal Federal (STF) exigiu que plataformas como o X (antigo Twitter), YouTube, Meta e Telegram cumpram ordens judiciais para remover conte\u00fado ilegal, identificar usu\u00e1rios que promovam golpes ou violem a Constitui\u00e7\u00e3o Federal brasileira e bloquear perfis que sejam reincidentes em desinforma\u00e7\u00e3o. Isso irrita as grandes empresas de tecnologia, que preferem operar com pouca ou nenhuma regulamenta\u00e7\u00e3o em pa\u00edses em desenvolvimento, onde frequentemente resistem ao cumprimento de decis\u00f5es judiciais locais. E tamb\u00e9m irrita Trump. Em \u00faltima an\u00e1lise, todo o movimento de extrema direita ao redor do mundo depende de m\u00eddias sociais n\u00e3o regulamentadas para disseminar seu projeto de poder, fazendo uso extensivo de not\u00edcias falsas.<\/p>\n\n\n\n<figure class=\"wp-block-image\"><img decoding=\"async\" src=\"https:\/\/spanish.news.cn\/20250711\/71eaa117c8574f4f91d9866a4f588702\/2025071171eaa117c8574f4f91d9866a4f588702_XxjiseS007051_20250711_CBMFN0A002.jpg\" alt=\"\"\/><figcaption>Captura de tela de uma carta do presidente dos EUA, Donald Trump, ao presidente brasileiro Luiz In\u00e1cio Lula da Silva, 10 de julho de 2025.<\/figcaption><\/figure>\n\n\n\n<p>Para Trump e a extrema direita global, o que est\u00e1 acontecendo no Brasil serve como um espelho ou laborat\u00f3rio. O fato de o ex-presidente brasileiro Jair Bolsonaro estar sendo investigado, condenado e ineleg\u00edvel com base em decis\u00f5es judiciais \u2014 especialmente por atacar o sistema eleitoral \u2014 acende um sinal de alerta simb\u00f3lico para Trump e seus aliados. Algo como &#8220;se isso aconteceu com o Bolsonaro, pode acontecer com voc\u00ea tamb\u00e9m&#8221;. Portanto, atacar o Supremo Tribunal Federal \u00e9, para a extrema direita, uma forma de refor\u00e7ar a narrativa de que existe uma suposta &#8220;conspira\u00e7\u00e3o judicial global&#8221; contra a nova direita populista.<\/p>\n\n\n\n<p>Por fim, a segunda justificativa de Trump para impor um imposto de 50% sobre as exporta\u00e7\u00f5es brasileiras \u00e9 que Lula, al\u00e9m de defender a regulamenta\u00e7\u00e3o das gigantes da tecnologia, juntou-se ao coro de l\u00edderes internacionais que defendem a redu\u00e7\u00e3o da depend\u00eancia do d\u00f3lar. Lula fez essas declara\u00e7\u00f5es durante a 17\u00aa C\u00fapula dos BRICS, que atualmente ostenta um PIB em paridade de poder de compra j\u00e1 superior ao dos pa\u00edses do G7. Tal agenda de pol\u00edtica externa, se perseguida pelos pa\u00edses do BRICS, \u00e9 considerada uma amea\u00e7a vital \u00e0 hegemonia global dos EUA.<\/p>\n\n\n\n<p>Trump lan\u00e7ou a guerra comercial contra o Brasil. Mas suspeito que, com a medida anunciada, o presidente americano queira, mais do que punir o Brasil, testar Lula e determinar que tipo de lideran\u00e7a pol\u00edtica ele exercer\u00e1 no Brasil. Ou seja, se Lula ser\u00e1 tolerante com os Estados Unidos (como Jair Bolsonaro j\u00e1 foi), ou se ser\u00e1 um l\u00edder que imp\u00f5e respeito e serve exclusivamente ao povo brasileiro.<\/p>\n\n\n\n<figure class=\"wp-block-image\"><img decoding=\"async\" src=\"https:\/\/spanish.news.cn\/20250711\/71eaa117c8574f4f91d9866a4f588702\/2025071171eaa117c8574f4f91d9866a4f588702_XxjiseS007051_20250711_CBMFN0A003.jpg\" alt=\"\"\/><figcaption>Captura de tela da resposta do presidente brasileiro Luiz In\u00e1cio Lula da Silva ao presidente dos EUA, Donald Trump.<\/figcaption><\/figure>\n\n\n\n<p>No caso de Lula, a segunda op\u00e7\u00e3o \u00e9 a resposta correta. N\u00e3o h\u00e1 d\u00favida. Trump j\u00e1 deveria saber disso. Mas o que ele pode esperar ao perguntar ao presidente liberiano Joseph Boakai onde ele aprendeu a falar t\u00e3o bem, sem ser informado de que essa era a l\u00edngua oficial do pa\u00eds de seu ilustre convidado?&nbsp;<\/p>\n\n\n\n<p>Evandro Menezes de Carvalho \u00e9 professor de Direito Internacional da Universidade Federal Fluminense (UFF) e da Funda\u00e7\u00e3o Getulio Vargas (FGV), Brasil.<\/p>\n\n\n\n<p>(As opini\u00f5es expressas neste artigo s\u00e3o do autor e n\u00e3o refletem necessariamente as opini\u00f5es da Ag\u00eancia de Not\u00edcias Xinhua.)<a href=\"https:\/\/www.facebook.com\/sharer\/sharer.php?u=https:\/\/spanish.news.cn\/20250711\/71eaa117c8574f4f91d9866a4f588702\/c.html\" target=\"_blank\" rel=\"noreferrer noopener\"><\/a><a href=\"https:\/\/twitter.com\/intent\/tweet?text=%0A%20%20%20%20%20%20%20%20%20%20%20%20%20%20%20%20%20%20%20%20(Multimedia)(Voces%20del%20Sur)%20Opini%C3%B3n%20de%20invitado:%20Ante%20la%20amenaza%20de%20Estados%20Unidos%20de%20imponer%20m%C3%A1s%20aranceles,%20Brasil%20dice%20no%0A%20%20%20%20%20%20%20%20%20%20%20%20%20%20%20%20&amp;url=https:\/\/spanish.news.cn\/20250711\/71eaa117c8574f4f91d9866a4f588702\/c.html\" target=\"_blank\" rel=\"noreferrer noopener\"><\/a><a target=\"_blank\" href=\"https:\/\/service.weibo.com\/share\/share.php?title=%0A%20%20%20%20%20%20%20%20%20%20%20%20%20%20%20%20%20%20%20%20(Multimedia)(Voces%20del%20Sur)%20Opini%C3%B3n%20de%20invitado:%20Ante%20la%20amenaza%20de%20Estados%20Unidos%20de%20imponer%20m%C3%A1s%20aranceles,%20Brasil%20dice%20no%0A%20%20%20%20%20%20%20%20%20%20%20%20%20%20%20%20&amp;url=https:\/\/spanish.news.cn\/20250711\/71eaa117c8574f4f91d9866a4f588702\/c.html\" rel=\"noreferrer noopener\"><\/a><a><\/a><\/p>\n","protected":false},"excerpt":{"rendered":"<p>Por Evandro Menezes de Carvalho A decis\u00e3o de Donald Trump de impor tarifas adicionais de 50% sobre todas as exporta\u00e7\u00f5es brasileiras para os Estados Unidos, a partir de 1\u00ba de agosto, foi um choque para o p\u00fablico brasileiro devido \u00e0&#8230;<\/p>\n","protected":false},"author":3,"featured_media":26988,"comment_status":"open","ping_status":"open","sticky":false,"template":"","format":"standard","meta":{"footnotes":""},"categories":[1],"tags":[],"class_list":["post-26987","post","type-post","status-publish","format-standard","has-post-thumbnail","hentry","category-geral"],"yoast_head":"<!-- This site is optimized with the Yoast SEO plugin v27.4 - https:\/\/yoast.com\/product\/yoast-seo-wordpress\/ -->\n<title>Opini\u00e3o do Convidado: Diante da amea\u00e7a dos EUA de impor mais tarifas, o Brasil diz n\u00e3o - Xinhua - Diario de Pernambuco<\/title>\n<meta name=\"robots\" content=\"index, follow, max-snippet:-1, max-image-preview:large, max-video-preview:-1\" \/>\n<link rel=\"canonical\" href=\"https:\/\/diariodepe.com.br\/xinhua\/2025\/07\/14\/opiniao-do-convidado-diante-da-ameaca-dos-eua-de-impor-mais-tarifas-o-brasil-diz-nao\/\" \/>\n<meta property=\"og:locale\" content=\"pt_BR\" \/>\n<meta property=\"og:type\" content=\"article\" \/>\n<meta property=\"og:title\" content=\"Opini\u00e3o do Convidado: Diante da amea\u00e7a dos EUA de impor mais tarifas, o Brasil diz n\u00e3o - Xinhua - Diario de Pernambuco\" \/>\n<meta property=\"og:description\" content=\"Por Evandro Menezes de Carvalho A decis\u00e3o de Donald Trump de impor tarifas adicionais de 50% sobre todas as exporta\u00e7\u00f5es brasileiras para os Estados Unidos, a partir de 1\u00ba de agosto, foi um choque para o p\u00fablico brasileiro devido \u00e0...\" \/>\n<meta property=\"og:url\" content=\"https:\/\/diariodepe.com.br\/xinhua\/2025\/07\/14\/opiniao-do-convidado-diante-da-ameaca-dos-eua-de-impor-mais-tarifas-o-brasil-diz-nao\/\" \/>\n<meta property=\"og:site_name\" content=\"Xinhua - Diario de Pernambuco\" \/>\n<meta property=\"article:published_time\" content=\"2025-07-14T14:08:00+00:00\" \/>\n<meta property=\"article:modified_time\" content=\"2025-07-14T14:08:58+00:00\" \/>\n<meta property=\"og:image\" content=\"https:\/\/diariodepe.com.br\/xinhua\/wp-content\/uploads\/sites\/3\/2025\/07\/2025071171eaa117c8574f4f91d9866a4f588702_XxjiseS007051_20250711_CBMFN0A001.jpg\" \/>\n\t<meta property=\"og:image:width\" content=\"720\" \/>\n\t<meta property=\"og:image:height\" content=\"480\" \/>\n\t<meta property=\"og:image:type\" content=\"image\/jpeg\" \/>\n<meta name=\"author\" content=\"Marcelo Oliveira de A. Maranhao\" \/>\n<meta name=\"twitter:card\" content=\"summary_large_image\" \/>\n<meta name=\"twitter:label1\" content=\"Escrito por\" \/>\n\t<meta name=\"twitter:data1\" content=\"Marcelo Oliveira de A. Maranhao\" \/>\n\t<meta name=\"twitter:label2\" content=\"Est. tempo de leitura\" \/>\n\t<meta name=\"twitter:data2\" content=\"6 minutos\" \/>\n<script type=\"application\/ld+json\" class=\"yoast-schema-graph\">{\"@context\":\"https:\\\/\\\/schema.org\",\"@graph\":[{\"@type\":\"Article\",\"@id\":\"https:\\\/\\\/diariodepe.com.br\\\/xinhua\\\/2025\\\/07\\\/14\\\/opiniao-do-convidado-diante-da-ameaca-dos-eua-de-impor-mais-tarifas-o-brasil-diz-nao\\\/#article\",\"isPartOf\":{\"@id\":\"https:\\\/\\\/diariodepe.com.br\\\/xinhua\\\/2025\\\/07\\\/14\\\/opiniao-do-convidado-diante-da-ameaca-dos-eua-de-impor-mais-tarifas-o-brasil-diz-nao\\\/\"},\"author\":{\"name\":\"Marcelo Oliveira de A. Maranhao\",\"@id\":\"https:\\\/\\\/diariodepe.com.br\\\/xinhua\\\/#\\\/schema\\\/person\\\/0943d6fd02bdc7b49c8f495e8787a2cb\"},\"headline\":\"Opini\u00e3o do Convidado: Diante da amea\u00e7a dos EUA de impor mais tarifas, o Brasil diz n\u00e3o\",\"datePublished\":\"2025-07-14T14:08:00+00:00\",\"dateModified\":\"2025-07-14T14:08:58+00:00\",\"mainEntityOfPage\":{\"@id\":\"https:\\\/\\\/diariodepe.com.br\\\/xinhua\\\/2025\\\/07\\\/14\\\/opiniao-do-convidado-diante-da-ameaca-dos-eua-de-impor-mais-tarifas-o-brasil-diz-nao\\\/\"},\"wordCount\":992,\"commentCount\":0,\"publisher\":{\"@id\":\"https:\\\/\\\/diariodepe.com.br\\\/xinhua\\\/#organization\"},\"image\":{\"@id\":\"https:\\\/\\\/diariodepe.com.br\\\/xinhua\\\/2025\\\/07\\\/14\\\/opiniao-do-convidado-diante-da-ameaca-dos-eua-de-impor-mais-tarifas-o-brasil-diz-nao\\\/#primaryimage\"},\"thumbnailUrl\":\"https:\\\/\\\/diariodepe.com.br\\\/xinhua\\\/wp-content\\\/uploads\\\/sites\\\/3\\\/2025\\\/07\\\/2025071171eaa117c8574f4f91d9866a4f588702_XxjiseS007051_20250711_CBMFN0A001.jpg\",\"articleSection\":[\"Geral\"],\"inLanguage\":\"pt-BR\",\"potentialAction\":[{\"@type\":\"CommentAction\",\"name\":\"Comment\",\"target\":[\"https:\\\/\\\/diariodepe.com.br\\\/xinhua\\\/2025\\\/07\\\/14\\\/opiniao-do-convidado-diante-da-ameaca-dos-eua-de-impor-mais-tarifas-o-brasil-diz-nao\\\/#respond\"]}]},{\"@type\":\"WebPage\",\"@id\":\"https:\\\/\\\/diariodepe.com.br\\\/xinhua\\\/2025\\\/07\\\/14\\\/opiniao-do-convidado-diante-da-ameaca-dos-eua-de-impor-mais-tarifas-o-brasil-diz-nao\\\/\",\"url\":\"https:\\\/\\\/diariodepe.com.br\\\/xinhua\\\/2025\\\/07\\\/14\\\/opiniao-do-convidado-diante-da-ameaca-dos-eua-de-impor-mais-tarifas-o-brasil-diz-nao\\\/\",\"name\":\"Opini\u00e3o do Convidado: Diante da amea\u00e7a dos EUA de impor mais tarifas, o Brasil diz n\u00e3o - Xinhua - Diario de Pernambuco\",\"isPartOf\":{\"@id\":\"https:\\\/\\\/diariodepe.com.br\\\/xinhua\\\/#website\"},\"primaryImageOfPage\":{\"@id\":\"https:\\\/\\\/diariodepe.com.br\\\/xinhua\\\/2025\\\/07\\\/14\\\/opiniao-do-convidado-diante-da-ameaca-dos-eua-de-impor-mais-tarifas-o-brasil-diz-nao\\\/#primaryimage\"},\"image\":{\"@id\":\"https:\\\/\\\/diariodepe.com.br\\\/xinhua\\\/2025\\\/07\\\/14\\\/opiniao-do-convidado-diante-da-ameaca-dos-eua-de-impor-mais-tarifas-o-brasil-diz-nao\\\/#primaryimage\"},\"thumbnailUrl\":\"https:\\\/\\\/diariodepe.com.br\\\/xinhua\\\/wp-content\\\/uploads\\\/sites\\\/3\\\/2025\\\/07\\\/2025071171eaa117c8574f4f91d9866a4f588702_XxjiseS007051_20250711_CBMFN0A001.jpg\",\"datePublished\":\"2025-07-14T14:08:00+00:00\",\"dateModified\":\"2025-07-14T14:08:58+00:00\",\"breadcrumb\":{\"@id\":\"https:\\\/\\\/diariodepe.com.br\\\/xinhua\\\/2025\\\/07\\\/14\\\/opiniao-do-convidado-diante-da-ameaca-dos-eua-de-impor-mais-tarifas-o-brasil-diz-nao\\\/#breadcrumb\"},\"inLanguage\":\"pt-BR\",\"potentialAction\":[{\"@type\":\"ReadAction\",\"target\":[\"https:\\\/\\\/diariodepe.com.br\\\/xinhua\\\/2025\\\/07\\\/14\\\/opiniao-do-convidado-diante-da-ameaca-dos-eua-de-impor-mais-tarifas-o-brasil-diz-nao\\\/\"]}]},{\"@type\":\"ImageObject\",\"inLanguage\":\"pt-BR\",\"@id\":\"https:\\\/\\\/diariodepe.com.br\\\/xinhua\\\/2025\\\/07\\\/14\\\/opiniao-do-convidado-diante-da-ameaca-dos-eua-de-impor-mais-tarifas-o-brasil-diz-nao\\\/#primaryimage\",\"url\":\"https:\\\/\\\/diariodepe.com.br\\\/xinhua\\\/wp-content\\\/uploads\\\/sites\\\/3\\\/2025\\\/07\\\/2025071171eaa117c8574f4f91d9866a4f588702_XxjiseS007051_20250711_CBMFN0A001.jpg\",\"contentUrl\":\"https:\\\/\\\/diariodepe.com.br\\\/xinhua\\\/wp-content\\\/uploads\\\/sites\\\/3\\\/2025\\\/07\\\/2025071171eaa117c8574f4f91d9866a4f588702_XxjiseS007051_20250711_CBMFN0A001.jpg\",\"width\":720,\"height\":480,\"caption\":\"O presidente Luiz In\u00e1cio Lula da Silva discursa durante uma entrevista conjunta com a m\u00eddia chinesa em Bras\u00edlia, Brasil, em 5 de maio de 2025. (Xinhua\\\/Wang Tiancong)\"},{\"@type\":\"BreadcrumbList\",\"@id\":\"https:\\\/\\\/diariodepe.com.br\\\/xinhua\\\/2025\\\/07\\\/14\\\/opiniao-do-convidado-diante-da-ameaca-dos-eua-de-impor-mais-tarifas-o-brasil-diz-nao\\\/#breadcrumb\",\"itemListElement\":[{\"@type\":\"ListItem\",\"position\":1,\"name\":\"In\u00edcio\",\"item\":\"https:\\\/\\\/diariodepe.com.br\\\/xinhua\\\/\"},{\"@type\":\"ListItem\",\"position\":2,\"name\":\"Opini\u00e3o do Convidado: Diante da amea\u00e7a dos EUA de impor mais tarifas, o Brasil diz n\u00e3o\"}]},{\"@type\":\"WebSite\",\"@id\":\"https:\\\/\\\/diariodepe.com.br\\\/xinhua\\\/#website\",\"url\":\"https:\\\/\\\/diariodepe.com.br\\\/xinhua\\\/\",\"name\":\"Xinhua - Diario de Pernambuco\",\"description\":\"A maior ag\u00eancia de not\u00edcias da China e um dos principais canais para conhecer o pa\u00eds\",\"publisher\":{\"@id\":\"https:\\\/\\\/diariodepe.com.br\\\/xinhua\\\/#organization\"},\"potentialAction\":[{\"@type\":\"SearchAction\",\"target\":{\"@type\":\"EntryPoint\",\"urlTemplate\":\"https:\\\/\\\/diariodepe.com.br\\\/xinhua\\\/?s={search_term_string}\"},\"query-input\":{\"@type\":\"PropertyValueSpecification\",\"valueRequired\":true,\"valueName\":\"search_term_string\"}}],\"inLanguage\":\"pt-BR\"},{\"@type\":\"Organization\",\"@id\":\"https:\\\/\\\/diariodepe.com.br\\\/xinhua\\\/#organization\",\"name\":\"Xinhua - Diario de Pernambuco\",\"url\":\"https:\\\/\\\/diariodepe.com.br\\\/xinhua\\\/\",\"logo\":{\"@type\":\"ImageObject\",\"inLanguage\":\"pt-BR\",\"@id\":\"https:\\\/\\\/diariodepe.com.br\\\/xinhua\\\/#\\\/schema\\\/logo\\\/image\\\/\",\"url\":\"https:\\\/\\\/diariodepe.com.br\\\/xinhua\\\/wp-content\\\/uploads\\\/sites\\\/3\\\/2020\\\/10\\\/cropped-logo-transparente-2.png\",\"contentUrl\":\"https:\\\/\\\/diariodepe.com.br\\\/xinhua\\\/wp-content\\\/uploads\\\/sites\\\/3\\\/2020\\\/10\\\/cropped-logo-transparente-2.png\",\"width\":512,\"height\":164,\"caption\":\"Xinhua - Diario de Pernambuco\"},\"image\":{\"@id\":\"https:\\\/\\\/diariodepe.com.br\\\/xinhua\\\/#\\\/schema\\\/logo\\\/image\\\/\"}},{\"@type\":\"Person\",\"@id\":\"https:\\\/\\\/diariodepe.com.br\\\/xinhua\\\/#\\\/schema\\\/person\\\/0943d6fd02bdc7b49c8f495e8787a2cb\",\"name\":\"Marcelo Oliveira de A. Maranhao\",\"image\":{\"@type\":\"ImageObject\",\"inLanguage\":\"pt-BR\",\"@id\":\"https:\\\/\\\/secure.gravatar.com\\\/avatar\\\/f562caee940d39879c20e90eea3e4b21860c7d4c96684c23141c554824f0059c?s=96&d=mm&r=g\",\"url\":\"https:\\\/\\\/secure.gravatar.com\\\/avatar\\\/f562caee940d39879c20e90eea3e4b21860c7d4c96684c23141c554824f0059c?s=96&d=mm&r=g\",\"contentUrl\":\"https:\\\/\\\/secure.gravatar.com\\\/avatar\\\/f562caee940d39879c20e90eea3e4b21860c7d4c96684c23141c554824f0059c?s=96&d=mm&r=g\",\"caption\":\"Marcelo Oliveira de A. Maranhao\"},\"url\":\"https:\\\/\\\/diariodepe.com.br\\\/xinhua\\\/author\\\/marcelo-maranhao\\\/\"}]}<\/script>\n<!-- \/ Yoast SEO plugin. -->","yoast_head_json":{"title":"Opini\u00e3o do Convidado: Diante da amea\u00e7a dos EUA de impor mais tarifas, o Brasil diz n\u00e3o - Xinhua - Diario de Pernambuco","robots":{"index":"index","follow":"follow","max-snippet":"max-snippet:-1","max-image-preview":"max-image-preview:large","max-video-preview":"max-video-preview:-1"},"canonical":"https:\/\/diariodepe.com.br\/xinhua\/2025\/07\/14\/opiniao-do-convidado-diante-da-ameaca-dos-eua-de-impor-mais-tarifas-o-brasil-diz-nao\/","og_locale":"pt_BR","og_type":"article","og_title":"Opini\u00e3o do Convidado: Diante da amea\u00e7a dos EUA de impor mais tarifas, o Brasil diz n\u00e3o - Xinhua - Diario de Pernambuco","og_description":"Por Evandro Menezes de Carvalho A decis\u00e3o de Donald Trump de impor tarifas adicionais de 50% sobre todas as exporta\u00e7\u00f5es brasileiras para os Estados Unidos, a partir de 1\u00ba de agosto, foi um choque para o p\u00fablico brasileiro devido \u00e0...","og_url":"https:\/\/diariodepe.com.br\/xinhua\/2025\/07\/14\/opiniao-do-convidado-diante-da-ameaca-dos-eua-de-impor-mais-tarifas-o-brasil-diz-nao\/","og_site_name":"Xinhua - Diario de Pernambuco","article_published_time":"2025-07-14T14:08:00+00:00","article_modified_time":"2025-07-14T14:08:58+00:00","og_image":[{"width":720,"height":480,"url":"https:\/\/diariodepe.com.br\/xinhua\/wp-content\/uploads\/sites\/3\/2025\/07\/2025071171eaa117c8574f4f91d9866a4f588702_XxjiseS007051_20250711_CBMFN0A001.jpg","type":"image\/jpeg"}],"author":"Marcelo Oliveira de A. Maranhao","twitter_card":"summary_large_image","twitter_misc":{"Escrito por":"Marcelo Oliveira de A. Maranhao","Est. tempo de leitura":"6 minutos"},"schema":{"@context":"https:\/\/schema.org","@graph":[{"@type":"Article","@id":"https:\/\/diariodepe.com.br\/xinhua\/2025\/07\/14\/opiniao-do-convidado-diante-da-ameaca-dos-eua-de-impor-mais-tarifas-o-brasil-diz-nao\/#article","isPartOf":{"@id":"https:\/\/diariodepe.com.br\/xinhua\/2025\/07\/14\/opiniao-do-convidado-diante-da-ameaca-dos-eua-de-impor-mais-tarifas-o-brasil-diz-nao\/"},"author":{"name":"Marcelo Oliveira de A. Maranhao","@id":"https:\/\/diariodepe.com.br\/xinhua\/#\/schema\/person\/0943d6fd02bdc7b49c8f495e8787a2cb"},"headline":"Opini\u00e3o do Convidado: Diante da amea\u00e7a dos EUA de impor mais tarifas, o Brasil diz n\u00e3o","datePublished":"2025-07-14T14:08:00+00:00","dateModified":"2025-07-14T14:08:58+00:00","mainEntityOfPage":{"@id":"https:\/\/diariodepe.com.br\/xinhua\/2025\/07\/14\/opiniao-do-convidado-diante-da-ameaca-dos-eua-de-impor-mais-tarifas-o-brasil-diz-nao\/"},"wordCount":992,"commentCount":0,"publisher":{"@id":"https:\/\/diariodepe.com.br\/xinhua\/#organization"},"image":{"@id":"https:\/\/diariodepe.com.br\/xinhua\/2025\/07\/14\/opiniao-do-convidado-diante-da-ameaca-dos-eua-de-impor-mais-tarifas-o-brasil-diz-nao\/#primaryimage"},"thumbnailUrl":"https:\/\/diariodepe.com.br\/xinhua\/wp-content\/uploads\/sites\/3\/2025\/07\/2025071171eaa117c8574f4f91d9866a4f588702_XxjiseS007051_20250711_CBMFN0A001.jpg","articleSection":["Geral"],"inLanguage":"pt-BR","potentialAction":[{"@type":"CommentAction","name":"Comment","target":["https:\/\/diariodepe.com.br\/xinhua\/2025\/07\/14\/opiniao-do-convidado-diante-da-ameaca-dos-eua-de-impor-mais-tarifas-o-brasil-diz-nao\/#respond"]}]},{"@type":"WebPage","@id":"https:\/\/diariodepe.com.br\/xinhua\/2025\/07\/14\/opiniao-do-convidado-diante-da-ameaca-dos-eua-de-impor-mais-tarifas-o-brasil-diz-nao\/","url":"https:\/\/diariodepe.com.br\/xinhua\/2025\/07\/14\/opiniao-do-convidado-diante-da-ameaca-dos-eua-de-impor-mais-tarifas-o-brasil-diz-nao\/","name":"Opini\u00e3o do Convidado: Diante da amea\u00e7a dos EUA de impor mais tarifas, o Brasil diz n\u00e3o - Xinhua - Diario de Pernambuco","isPartOf":{"@id":"https:\/\/diariodepe.com.br\/xinhua\/#website"},"primaryImageOfPage":{"@id":"https:\/\/diariodepe.com.br\/xinhua\/2025\/07\/14\/opiniao-do-convidado-diante-da-ameaca-dos-eua-de-impor-mais-tarifas-o-brasil-diz-nao\/#primaryimage"},"image":{"@id":"https:\/\/diariodepe.com.br\/xinhua\/2025\/07\/14\/opiniao-do-convidado-diante-da-ameaca-dos-eua-de-impor-mais-tarifas-o-brasil-diz-nao\/#primaryimage"},"thumbnailUrl":"https:\/\/diariodepe.com.br\/xinhua\/wp-content\/uploads\/sites\/3\/2025\/07\/2025071171eaa117c8574f4f91d9866a4f588702_XxjiseS007051_20250711_CBMFN0A001.jpg","datePublished":"2025-07-14T14:08:00+00:00","dateModified":"2025-07-14T14:08:58+00:00","breadcrumb":{"@id":"https:\/\/diariodepe.com.br\/xinhua\/2025\/07\/14\/opiniao-do-convidado-diante-da-ameaca-dos-eua-de-impor-mais-tarifas-o-brasil-diz-nao\/#breadcrumb"},"inLanguage":"pt-BR","potentialAction":[{"@type":"ReadAction","target":["https:\/\/diariodepe.com.br\/xinhua\/2025\/07\/14\/opiniao-do-convidado-diante-da-ameaca-dos-eua-de-impor-mais-tarifas-o-brasil-diz-nao\/"]}]},{"@type":"ImageObject","inLanguage":"pt-BR","@id":"https:\/\/diariodepe.com.br\/xinhua\/2025\/07\/14\/opiniao-do-convidado-diante-da-ameaca-dos-eua-de-impor-mais-tarifas-o-brasil-diz-nao\/#primaryimage","url":"https:\/\/diariodepe.com.br\/xinhua\/wp-content\/uploads\/sites\/3\/2025\/07\/2025071171eaa117c8574f4f91d9866a4f588702_XxjiseS007051_20250711_CBMFN0A001.jpg","contentUrl":"https:\/\/diariodepe.com.br\/xinhua\/wp-content\/uploads\/sites\/3\/2025\/07\/2025071171eaa117c8574f4f91d9866a4f588702_XxjiseS007051_20250711_CBMFN0A001.jpg","width":720,"height":480,"caption":"O presidente Luiz In\u00e1cio Lula da Silva discursa durante uma entrevista conjunta com a m\u00eddia chinesa em Bras\u00edlia, Brasil, em 5 de maio de 2025. (Xinhua\/Wang Tiancong)"},{"@type":"BreadcrumbList","@id":"https:\/\/diariodepe.com.br\/xinhua\/2025\/07\/14\/opiniao-do-convidado-diante-da-ameaca-dos-eua-de-impor-mais-tarifas-o-brasil-diz-nao\/#breadcrumb","itemListElement":[{"@type":"ListItem","position":1,"name":"In\u00edcio","item":"https:\/\/diariodepe.com.br\/xinhua\/"},{"@type":"ListItem","position":2,"name":"Opini\u00e3o do Convidado: Diante da amea\u00e7a dos EUA de impor mais tarifas, o Brasil diz n\u00e3o"}]},{"@type":"WebSite","@id":"https:\/\/diariodepe.com.br\/xinhua\/#website","url":"https:\/\/diariodepe.com.br\/xinhua\/","name":"Xinhua - Diario de Pernambuco","description":"A maior ag\u00eancia de not\u00edcias da China e um dos principais canais para conhecer o pa\u00eds","publisher":{"@id":"https:\/\/diariodepe.com.br\/xinhua\/#organization"},"potentialAction":[{"@type":"SearchAction","target":{"@type":"EntryPoint","urlTemplate":"https:\/\/diariodepe.com.br\/xinhua\/?s={search_term_string}"},"query-input":{"@type":"PropertyValueSpecification","valueRequired":true,"valueName":"search_term_string"}}],"inLanguage":"pt-BR"},{"@type":"Organization","@id":"https:\/\/diariodepe.com.br\/xinhua\/#organization","name":"Xinhua - Diario de Pernambuco","url":"https:\/\/diariodepe.com.br\/xinhua\/","logo":{"@type":"ImageObject","inLanguage":"pt-BR","@id":"https:\/\/diariodepe.com.br\/xinhua\/#\/schema\/logo\/image\/","url":"https:\/\/diariodepe.com.br\/xinhua\/wp-content\/uploads\/sites\/3\/2020\/10\/cropped-logo-transparente-2.png","contentUrl":"https:\/\/diariodepe.com.br\/xinhua\/wp-content\/uploads\/sites\/3\/2020\/10\/cropped-logo-transparente-2.png","width":512,"height":164,"caption":"Xinhua - Diario de Pernambuco"},"image":{"@id":"https:\/\/diariodepe.com.br\/xinhua\/#\/schema\/logo\/image\/"}},{"@type":"Person","@id":"https:\/\/diariodepe.com.br\/xinhua\/#\/schema\/person\/0943d6fd02bdc7b49c8f495e8787a2cb","name":"Marcelo Oliveira de A. Maranhao","image":{"@type":"ImageObject","inLanguage":"pt-BR","@id":"https:\/\/secure.gravatar.com\/avatar\/f562caee940d39879c20e90eea3e4b21860c7d4c96684c23141c554824f0059c?s=96&d=mm&r=g","url":"https:\/\/secure.gravatar.com\/avatar\/f562caee940d39879c20e90eea3e4b21860c7d4c96684c23141c554824f0059c?s=96&d=mm&r=g","contentUrl":"https:\/\/secure.gravatar.com\/avatar\/f562caee940d39879c20e90eea3e4b21860c7d4c96684c23141c554824f0059c?s=96&d=mm&r=g","caption":"Marcelo Oliveira de A. Maranhao"},"url":"https:\/\/diariodepe.com.br\/xinhua\/author\/marcelo-maranhao\/"}]}},"cc_featured_image_caption":{"caption_text":"","source_text":"","source_url":""},"amp_enabled":true,"_links":{"self":[{"href":"https:\/\/diariodepe.com.br\/xinhua\/wp-json\/wp\/v2\/posts\/26987","targetHints":{"allow":["GET"]}}],"collection":[{"href":"https:\/\/diariodepe.com.br\/xinhua\/wp-json\/wp\/v2\/posts"}],"about":[{"href":"https:\/\/diariodepe.com.br\/xinhua\/wp-json\/wp\/v2\/types\/post"}],"author":[{"embeddable":true,"href":"https:\/\/diariodepe.com.br\/xinhua\/wp-json\/wp\/v2\/users\/3"}],"replies":[{"embeddable":true,"href":"https:\/\/diariodepe.com.br\/xinhua\/wp-json\/wp\/v2\/comments?post=26987"}],"version-history":[{"count":1,"href":"https:\/\/diariodepe.com.br\/xinhua\/wp-json\/wp\/v2\/posts\/26987\/revisions"}],"predecessor-version":[{"id":26989,"href":"https:\/\/diariodepe.com.br\/xinhua\/wp-json\/wp\/v2\/posts\/26987\/revisions\/26989"}],"wp:featuredmedia":[{"embeddable":true,"href":"https:\/\/diariodepe.com.br\/xinhua\/wp-json\/wp\/v2\/media\/26988"}],"wp:attachment":[{"href":"https:\/\/diariodepe.com.br\/xinhua\/wp-json\/wp\/v2\/media?parent=26987"}],"wp:term":[{"taxonomy":"category","embeddable":true,"href":"https:\/\/diariodepe.com.br\/xinhua\/wp-json\/wp\/v2\/categories?post=26987"},{"taxonomy":"post_tag","embeddable":true,"href":"https:\/\/diariodepe.com.br\/xinhua\/wp-json\/wp\/v2\/tags?post=26987"}],"curies":[{"name":"wp","href":"https:\/\/api.w.org\/{rel}","templated":true}]}}