{"id":26984,"date":"2025-07-14T11:51:00","date_gmt":"2025-07-14T14:51:00","guid":{"rendered":"https:\/\/www.diariodepe.com.br\/xinhua\/?p=26984"},"modified":"2025-07-14T10:53:47","modified_gmt":"2025-07-14T13:53:47","slug":"resposta-firme-e-exigida-da-ue-conforme-ameaca-tarifaria-de-trump-gera-indignacao","status":"publish","type":"post","link":"https:\/\/diariodepe.com.br\/xinhua\/2025\/07\/14\/resposta-firme-e-exigida-da-ue-conforme-ameaca-tarifaria-de-trump-gera-indignacao\/","title":{"rendered":"Resposta firme \u00e9 exigida da UE conforme amea\u00e7a tarif\u00e1ria de Trump gera indigna\u00e7\u00e3o"},"content":{"rendered":"\n<p>Bruxelas \u2014 O an\u00fancio surpresa do presidente dos EUA, Donald Trump, de impor tarifas de 30% sobre as exporta\u00e7\u00f5es da Uni\u00e3o Europeia (UE) no s\u00e1bado provocou forte rea\u00e7\u00e3o em todo o bloco, com autoridades e l\u00edderes da ind\u00fastria exigindo uma resposta firme e unida em meio \u00e0s negocia\u00e7\u00f5es comerciais em andamento.<\/p>\n\n\n\n<p>As tarifas propostas, previstas para entrar em vigor em 1\u00ba de agosto, visam as importa\u00e7\u00f5es da UE e foram justificadas por Trump como uma corre\u00e7\u00e3o de rela\u00e7\u00f5es comerciais &#8220;nada rec\u00edprocas&#8221;.<\/p>\n\n\n\n<p>A presidente da Comiss\u00e3o Europeia, Ursula von der Leyen, alertou no s\u00e1bado que as tarifas &#8220;interromperiam cadeias de suprimentos transatl\u00e2nticas essenciais, em detrimento de empresas, consumidores e pacientes de ambos os lados do Atl\u00e2ntico&#8221;.<\/p>\n\n\n\n<p>Enfatizando o compromisso cont\u00ednuo da UE com uma solu\u00e7\u00e3o negociada, ela afirmou que o bloco &#8220;tomar\u00e1 as medidas necess\u00e1rias para proteger os interesses da UE, incluindo a ado\u00e7\u00e3o de contramedidas proporcionais, se necess\u00e1rio&#8221;.<\/p>\n\n\n\n<p>Parlamentares europeus e l\u00edderes nacionais expressaram crescente frustra\u00e7\u00e3o, com muitos pedindo medidas retaliat\u00f3rias imediatas.<\/p>\n\n\n\n<p>Bernd Lange, presidente da comiss\u00e3o de com\u00e9rcio internacional do Parlamento Europeu, disse que a carta dos EUA \u00e9 &#8220;ao mesmo tempo impertinente e um tapa na cara&#8221; ap\u00f3s semanas de negocia\u00e7\u00f5es.<\/p>\n\n\n\n<p>Ele pediu para a UE iniciar medidas retaliat\u00f3rias na segunda-feira, conforme programado, afirmando que &#8220;a espera acabou&#8221;.<\/p>\n\n\n\n<p>O presidente do Conselho Europeu, Antonio Costa, afirmou que as tarifas impulsionariam a infla\u00e7\u00e3o, aumentariam a incerteza e estagnariam o crescimento. &#8220;A UE continua firme, unida e pronta para proteger nossos interesses&#8221;, disse ele, instando a avan\u00e7ar em dire\u00e7\u00e3o a um &#8220;acordo justo&#8221; com Washington.<\/p>\n\n\n\n<p>O presidente franc\u00eas, Emmanuel Macron, expressou &#8220;forte desaprova\u00e7\u00e3o&#8221; \u00e0 medida dos EUA e disse que a UE deve acelerar a prepara\u00e7\u00e3o de &#8220;contramedidas confi\u00e1veis&#8221;, usando todas as ferramentas dispon\u00edveis, incluindo a anticoer\u00e7\u00e3o, caso as negocia\u00e7\u00f5es fracassem.<\/p>\n\n\n\n<p>O primeiro-ministro sueco, Ulf Kristersson, condenou a medida como uma &#8220;escalada unilateral&#8221; e disse que a UE est\u00e1 preparada para responder com contramedidas duras, se necess\u00e1rio.<\/p>\n\n\n\n<p>&#8220;Todos saem perdendo com a escalada do conflito comercial, e ser\u00e3o os consumidores americanos que pagar\u00e3o o pre\u00e7o mais alto&#8221;, alertou ele.<\/p>\n\n\n\n<p>O primeiro-ministro tcheco, Petr Fiala, criticou as tarifas americanas por impactarem negativamente o com\u00e9rcio transatl\u00e2ntico e pediu &#8220;unidade e determina\u00e7\u00e3o&#8221; para proteger os interesses da UE.<\/p>\n\n\n\n<figure class=\"wp-block-image\"><img decoding=\"async\" src=\"https:\/\/portuguese.news.cn\/20250714\/21e2dee0911e45b183aa7072528c6a72\/2025071421e2dee0911e45b183aa7072528c6a72_20250714c344d64dd2154eadaf65e3b1a306f0ff.jpeg\" alt=\"\"\/><\/figure>\n\n\n\n<p>Foto tirada em 3 de julho de 2025 mostra Capit\u00f3lio dos EUA em Washington, D.C., Estados Unidos. (Xinhua\/Hu Yousong)<\/p>\n\n\n\n<p>As ind\u00fastrias europeias expressaram preocupa\u00e7\u00e3o com as consequ\u00eancias, especialmente em setores fortemente integrados ao mercado americano.<\/p>\n\n\n\n<p>O principal grupo de lobby da ind\u00fastria alem\u00e3, o BDI, chamou a medida dos EUA de &#8220;sinal de alarme&#8221;, alertando que poderia prejudicar a recupera\u00e7\u00e3o e minar a inova\u00e7\u00e3o em ambos os lados do Atl\u00e2ntico.<\/p>\n\n\n\n<p>&#8220;Tarifas como forma de exercer press\u00e3o pol\u00edtica levam a custos mais altos, comprometem empregos e prejudicam a competitividade internacional, tanto na Europa quanto nos Estados Unidos&#8221;, disse Wolfgang Niedermark, executivo s\u00eanior do BDI.<\/p>\n\n\n\n<p>Isabel Schnabel, membro do conselho do Banco Central Europeu, disse que as tarifas podem desencadear infla\u00e7\u00e3o a m\u00e9dio prazo e choques na cadeia de suprimentos.<\/p>\n\n\n\n<p>O setor automotivo, que \u00e9 profundamente integrado \u00e0 UE e aos EUA, j\u00e1 est\u00e1 sentindo os efeitos.<\/p>\n\n\n\n<p>A Eslov\u00e1quia, um dos principais exportadores de autom\u00f3veis da Europa, relatou uma queda significativa nos pedidos para o pr\u00f3ximo terceiro trimestre. A ministra da Economia, Denisa Sakova, afirmou que a realoca\u00e7\u00e3o da produ\u00e7\u00e3o para os EUA n\u00e3o era vi\u00e1vel a curto prazo e enfatizou que os danos j\u00e1 haviam come\u00e7ado.<\/p>\n\n\n\n<p>A Associa\u00e7\u00e3o Alem\u00e3 da Ind\u00fastria Automotiva (VDA) afirmou que o custo para os fabricantes j\u00e1 era bilion\u00e1rio e aumentava diariamente.<\/p>\n\n\n\n<p>&#8220;\u00c9 lament\u00e1vel que haja a amea\u00e7a de uma nova escalada do conflito comercial&#8221;, disse a presidente da VDA, Hildegard Mueller.<\/p>\n\n\n\n<p>&#8220;Os custos para nossas empresas j\u00e1 s\u00e3o bilion\u00e1rios, e o valor aumenta diariamente&#8221;, disse ela, observando que os fornecedores tamb\u00e9m foram significativamente afetados pelas tarifas de importa\u00e7\u00e3o.<\/p>\n\n\n\n<p>Emanuele Orsini, presidente da Confindustria, a principal associa\u00e7\u00e3o italiana que representa empresas de manufatura e servi\u00e7os, condenou a abordagem americana como &#8220;desagrad\u00e1vel&#8221;, enquanto Paolo Mascarino, presidente da Federalimentare, federa\u00e7\u00e3o italiana da ind\u00fastria de alimentos e bebidas, afirmou que as tarifas &#8220;excedem qualquer limite de toler\u00e2ncia&#8221; e provocariam quedas significativas nas exporta\u00e7\u00f5es.<\/p>\n\n\n\n<p>Dan O&#8217;Brien, economista-chefe do Instituto de Assuntos Internacionais e Europeus, afirmou que a medida americana foi &#8220;provocativa&#8221; e aumentou significativamente o risco de um confronto econ\u00f4mico mais amplo entre as duas economias.<\/p>\n","protected":false},"excerpt":{"rendered":"<p>Bruxelas \u2014 O an\u00fancio surpresa do presidente dos EUA, Donald Trump, de impor tarifas de 30% sobre as exporta\u00e7\u00f5es da Uni\u00e3o Europeia (UE) no s\u00e1bado provocou forte rea\u00e7\u00e3o em todo o bloco, com autoridades e l\u00edderes da ind\u00fastria exigindo uma&#8230;<\/p>\n","protected":false},"author":3,"featured_media":26985,"comment_status":"open","ping_status":"open","sticky":false,"template":"","format":"standard","meta":{"footnotes":""},"categories":[4],"tags":[],"class_list":["post-26984","post","type-post","status-publish","format-standard","has-post-thumbnail","hentry","category-internacional"],"yoast_head":"<!-- This site is optimized with the Yoast SEO plugin v27.4 - https:\/\/yoast.com\/product\/yoast-seo-wordpress\/ -->\n<title>Resposta firme \u00e9 exigida da UE conforme amea\u00e7a tarif\u00e1ria de Trump gera indigna\u00e7\u00e3o - Xinhua - Diario de Pernambuco<\/title>\n<meta name=\"robots\" content=\"index, follow, max-snippet:-1, max-image-preview:large, max-video-preview:-1\" \/>\n<link rel=\"canonical\" href=\"https:\/\/diariodepe.com.br\/xinhua\/2025\/07\/14\/resposta-firme-e-exigida-da-ue-conforme-ameaca-tarifaria-de-trump-gera-indignacao\/\" \/>\n<meta property=\"og:locale\" content=\"pt_BR\" \/>\n<meta property=\"og:type\" content=\"article\" \/>\n<meta property=\"og:title\" content=\"Resposta firme \u00e9 exigida da UE conforme amea\u00e7a tarif\u00e1ria de Trump gera indigna\u00e7\u00e3o - Xinhua - Diario de Pernambuco\" \/>\n<meta property=\"og:description\" content=\"Bruxelas \u2014 O an\u00fancio surpresa do presidente dos EUA, Donald Trump, de impor tarifas de 30% sobre as exporta\u00e7\u00f5es da Uni\u00e3o Europeia (UE) no s\u00e1bado provocou forte rea\u00e7\u00e3o em todo o bloco, com autoridades e l\u00edderes da ind\u00fastria exigindo uma...\" \/>\n<meta property=\"og:url\" content=\"https:\/\/diariodepe.com.br\/xinhua\/2025\/07\/14\/resposta-firme-e-exigida-da-ue-conforme-ameaca-tarifaria-de-trump-gera-indignacao\/\" \/>\n<meta property=\"og:site_name\" content=\"Xinhua - Diario de Pernambuco\" \/>\n<meta property=\"article:published_time\" content=\"2025-07-14T14:51:00+00:00\" \/>\n<meta property=\"og:image\" content=\"https:\/\/diariodepe.com.br\/xinhua\/wp-content\/uploads\/sites\/3\/2025\/07\/2025071421e2dee0911e45b183aa7072528c6a72_20250714c2e73f52984f4e509c94cd75593b4675.jpeg\" \/>\n\t<meta property=\"og:image:width\" content=\"900\" \/>\n\t<meta property=\"og:image:height\" content=\"600\" \/>\n\t<meta property=\"og:image:type\" content=\"image\/jpeg\" \/>\n<meta name=\"author\" content=\"Marcelo Oliveira de A. Maranhao\" \/>\n<meta name=\"twitter:card\" content=\"summary_large_image\" \/>\n<meta name=\"twitter:label1\" content=\"Escrito por\" \/>\n\t<meta name=\"twitter:data1\" content=\"Marcelo Oliveira de A. Maranhao\" \/>\n\t<meta name=\"twitter:label2\" content=\"Est. tempo de leitura\" \/>\n\t<meta name=\"twitter:data2\" content=\"5 minutos\" \/>\n<script type=\"application\/ld+json\" class=\"yoast-schema-graph\">{\"@context\":\"https:\\\/\\\/schema.org\",\"@graph\":[{\"@type\":\"Article\",\"@id\":\"https:\\\/\\\/diariodepe.com.br\\\/xinhua\\\/2025\\\/07\\\/14\\\/resposta-firme-e-exigida-da-ue-conforme-ameaca-tarifaria-de-trump-gera-indignacao\\\/#article\",\"isPartOf\":{\"@id\":\"https:\\\/\\\/diariodepe.com.br\\\/xinhua\\\/2025\\\/07\\\/14\\\/resposta-firme-e-exigida-da-ue-conforme-ameaca-tarifaria-de-trump-gera-indignacao\\\/\"},\"author\":{\"name\":\"Marcelo Oliveira de A. Maranhao\",\"@id\":\"https:\\\/\\\/diariodepe.com.br\\\/xinhua\\\/#\\\/schema\\\/person\\\/0943d6fd02bdc7b49c8f495e8787a2cb\"},\"headline\":\"Resposta firme \u00e9 exigida da UE conforme amea\u00e7a tarif\u00e1ria de Trump gera indigna\u00e7\u00e3o\",\"datePublished\":\"2025-07-14T14:51:00+00:00\",\"mainEntityOfPage\":{\"@id\":\"https:\\\/\\\/diariodepe.com.br\\\/xinhua\\\/2025\\\/07\\\/14\\\/resposta-firme-e-exigida-da-ue-conforme-ameaca-tarifaria-de-trump-gera-indignacao\\\/\"},\"wordCount\":802,\"commentCount\":0,\"publisher\":{\"@id\":\"https:\\\/\\\/diariodepe.com.br\\\/xinhua\\\/#organization\"},\"image\":{\"@id\":\"https:\\\/\\\/diariodepe.com.br\\\/xinhua\\\/2025\\\/07\\\/14\\\/resposta-firme-e-exigida-da-ue-conforme-ameaca-tarifaria-de-trump-gera-indignacao\\\/#primaryimage\"},\"thumbnailUrl\":\"https:\\\/\\\/diariodepe.com.br\\\/xinhua\\\/wp-content\\\/uploads\\\/sites\\\/3\\\/2025\\\/07\\\/2025071421e2dee0911e45b183aa7072528c6a72_20250714c2e73f52984f4e509c94cd75593b4675.jpeg\",\"articleSection\":[\"Internacional\"],\"inLanguage\":\"pt-BR\",\"potentialAction\":[{\"@type\":\"CommentAction\",\"name\":\"Comment\",\"target\":[\"https:\\\/\\\/diariodepe.com.br\\\/xinhua\\\/2025\\\/07\\\/14\\\/resposta-firme-e-exigida-da-ue-conforme-ameaca-tarifaria-de-trump-gera-indignacao\\\/#respond\"]}]},{\"@type\":\"WebPage\",\"@id\":\"https:\\\/\\\/diariodepe.com.br\\\/xinhua\\\/2025\\\/07\\\/14\\\/resposta-firme-e-exigida-da-ue-conforme-ameaca-tarifaria-de-trump-gera-indignacao\\\/\",\"url\":\"https:\\\/\\\/diariodepe.com.br\\\/xinhua\\\/2025\\\/07\\\/14\\\/resposta-firme-e-exigida-da-ue-conforme-ameaca-tarifaria-de-trump-gera-indignacao\\\/\",\"name\":\"Resposta firme \u00e9 exigida da UE conforme amea\u00e7a tarif\u00e1ria de Trump gera indigna\u00e7\u00e3o - Xinhua - Diario de Pernambuco\",\"isPartOf\":{\"@id\":\"https:\\\/\\\/diariodepe.com.br\\\/xinhua\\\/#website\"},\"primaryImageOfPage\":{\"@id\":\"https:\\\/\\\/diariodepe.com.br\\\/xinhua\\\/2025\\\/07\\\/14\\\/resposta-firme-e-exigida-da-ue-conforme-ameaca-tarifaria-de-trump-gera-indignacao\\\/#primaryimage\"},\"image\":{\"@id\":\"https:\\\/\\\/diariodepe.com.br\\\/xinhua\\\/2025\\\/07\\\/14\\\/resposta-firme-e-exigida-da-ue-conforme-ameaca-tarifaria-de-trump-gera-indignacao\\\/#primaryimage\"},\"thumbnailUrl\":\"https:\\\/\\\/diariodepe.com.br\\\/xinhua\\\/wp-content\\\/uploads\\\/sites\\\/3\\\/2025\\\/07\\\/2025071421e2dee0911e45b183aa7072528c6a72_20250714c2e73f52984f4e509c94cd75593b4675.jpeg\",\"datePublished\":\"2025-07-14T14:51:00+00:00\",\"breadcrumb\":{\"@id\":\"https:\\\/\\\/diariodepe.com.br\\\/xinhua\\\/2025\\\/07\\\/14\\\/resposta-firme-e-exigida-da-ue-conforme-ameaca-tarifaria-de-trump-gera-indignacao\\\/#breadcrumb\"},\"inLanguage\":\"pt-BR\",\"potentialAction\":[{\"@type\":\"ReadAction\",\"target\":[\"https:\\\/\\\/diariodepe.com.br\\\/xinhua\\\/2025\\\/07\\\/14\\\/resposta-firme-e-exigida-da-ue-conforme-ameaca-tarifaria-de-trump-gera-indignacao\\\/\"]}]},{\"@type\":\"ImageObject\",\"inLanguage\":\"pt-BR\",\"@id\":\"https:\\\/\\\/diariodepe.com.br\\\/xinhua\\\/2025\\\/07\\\/14\\\/resposta-firme-e-exigida-da-ue-conforme-ameaca-tarifaria-de-trump-gera-indignacao\\\/#primaryimage\",\"url\":\"https:\\\/\\\/diariodepe.com.br\\\/xinhua\\\/wp-content\\\/uploads\\\/sites\\\/3\\\/2025\\\/07\\\/2025071421e2dee0911e45b183aa7072528c6a72_20250714c2e73f52984f4e509c94cd75593b4675.jpeg\",\"contentUrl\":\"https:\\\/\\\/diariodepe.com.br\\\/xinhua\\\/wp-content\\\/uploads\\\/sites\\\/3\\\/2025\\\/07\\\/2025071421e2dee0911e45b183aa7072528c6a72_20250714c2e73f52984f4e509c94cd75593b4675.jpeg\",\"width\":900,\"height\":600,\"caption\":\"(250523) -- BRUSSELS, May 23, 2025 (Xinhua) -- Photo taken on May 23, 2025 shows European Union flags at the European Commission headquarters in Brussels, Belgium. U.S. President Donald Trump on Friday threatened a 50 percent tax on all imports from the European Union as well a 25 percent tariff on Apple products unless iPhones are made in the United States. (Xinhua\\\/Zhao Dingzhe)\"},{\"@type\":\"BreadcrumbList\",\"@id\":\"https:\\\/\\\/diariodepe.com.br\\\/xinhua\\\/2025\\\/07\\\/14\\\/resposta-firme-e-exigida-da-ue-conforme-ameaca-tarifaria-de-trump-gera-indignacao\\\/#breadcrumb\",\"itemListElement\":[{\"@type\":\"ListItem\",\"position\":1,\"name\":\"In\u00edcio\",\"item\":\"https:\\\/\\\/diariodepe.com.br\\\/xinhua\\\/\"},{\"@type\":\"ListItem\",\"position\":2,\"name\":\"Resposta firme \u00e9 exigida da UE conforme amea\u00e7a tarif\u00e1ria de Trump gera indigna\u00e7\u00e3o\"}]},{\"@type\":\"WebSite\",\"@id\":\"https:\\\/\\\/diariodepe.com.br\\\/xinhua\\\/#website\",\"url\":\"https:\\\/\\\/diariodepe.com.br\\\/xinhua\\\/\",\"name\":\"Xinhua - Diario de Pernambuco\",\"description\":\"A maior ag\u00eancia de not\u00edcias da China e um dos principais canais para conhecer o pa\u00eds\",\"publisher\":{\"@id\":\"https:\\\/\\\/diariodepe.com.br\\\/xinhua\\\/#organization\"},\"potentialAction\":[{\"@type\":\"SearchAction\",\"target\":{\"@type\":\"EntryPoint\",\"urlTemplate\":\"https:\\\/\\\/diariodepe.com.br\\\/xinhua\\\/?s={search_term_string}\"},\"query-input\":{\"@type\":\"PropertyValueSpecification\",\"valueRequired\":true,\"valueName\":\"search_term_string\"}}],\"inLanguage\":\"pt-BR\"},{\"@type\":\"Organization\",\"@id\":\"https:\\\/\\\/diariodepe.com.br\\\/xinhua\\\/#organization\",\"name\":\"Xinhua - Diario de Pernambuco\",\"url\":\"https:\\\/\\\/diariodepe.com.br\\\/xinhua\\\/\",\"logo\":{\"@type\":\"ImageObject\",\"inLanguage\":\"pt-BR\",\"@id\":\"https:\\\/\\\/diariodepe.com.br\\\/xinhua\\\/#\\\/schema\\\/logo\\\/image\\\/\",\"url\":\"https:\\\/\\\/diariodepe.com.br\\\/xinhua\\\/wp-content\\\/uploads\\\/sites\\\/3\\\/2020\\\/10\\\/cropped-logo-transparente-2.png\",\"contentUrl\":\"https:\\\/\\\/diariodepe.com.br\\\/xinhua\\\/wp-content\\\/uploads\\\/sites\\\/3\\\/2020\\\/10\\\/cropped-logo-transparente-2.png\",\"width\":512,\"height\":164,\"caption\":\"Xinhua - Diario de Pernambuco\"},\"image\":{\"@id\":\"https:\\\/\\\/diariodepe.com.br\\\/xinhua\\\/#\\\/schema\\\/logo\\\/image\\\/\"}},{\"@type\":\"Person\",\"@id\":\"https:\\\/\\\/diariodepe.com.br\\\/xinhua\\\/#\\\/schema\\\/person\\\/0943d6fd02bdc7b49c8f495e8787a2cb\",\"name\":\"Marcelo Oliveira de A. Maranhao\",\"image\":{\"@type\":\"ImageObject\",\"inLanguage\":\"pt-BR\",\"@id\":\"https:\\\/\\\/secure.gravatar.com\\\/avatar\\\/f562caee940d39879c20e90eea3e4b21860c7d4c96684c23141c554824f0059c?s=96&d=mm&r=g\",\"url\":\"https:\\\/\\\/secure.gravatar.com\\\/avatar\\\/f562caee940d39879c20e90eea3e4b21860c7d4c96684c23141c554824f0059c?s=96&d=mm&r=g\",\"contentUrl\":\"https:\\\/\\\/secure.gravatar.com\\\/avatar\\\/f562caee940d39879c20e90eea3e4b21860c7d4c96684c23141c554824f0059c?s=96&d=mm&r=g\",\"caption\":\"Marcelo Oliveira de A. Maranhao\"},\"url\":\"https:\\\/\\\/diariodepe.com.br\\\/xinhua\\\/author\\\/marcelo-maranhao\\\/\"}]}<\/script>\n<!-- \/ Yoast SEO plugin. -->","yoast_head_json":{"title":"Resposta firme \u00e9 exigida da UE conforme amea\u00e7a tarif\u00e1ria de Trump gera indigna\u00e7\u00e3o - Xinhua - Diario de Pernambuco","robots":{"index":"index","follow":"follow","max-snippet":"max-snippet:-1","max-image-preview":"max-image-preview:large","max-video-preview":"max-video-preview:-1"},"canonical":"https:\/\/diariodepe.com.br\/xinhua\/2025\/07\/14\/resposta-firme-e-exigida-da-ue-conforme-ameaca-tarifaria-de-trump-gera-indignacao\/","og_locale":"pt_BR","og_type":"article","og_title":"Resposta firme \u00e9 exigida da UE conforme amea\u00e7a tarif\u00e1ria de Trump gera indigna\u00e7\u00e3o - Xinhua - Diario de Pernambuco","og_description":"Bruxelas \u2014 O an\u00fancio surpresa do presidente dos EUA, Donald Trump, de impor tarifas de 30% sobre as exporta\u00e7\u00f5es da Uni\u00e3o Europeia (UE) no s\u00e1bado provocou forte rea\u00e7\u00e3o em todo o bloco, com autoridades e l\u00edderes da ind\u00fastria exigindo uma...","og_url":"https:\/\/diariodepe.com.br\/xinhua\/2025\/07\/14\/resposta-firme-e-exigida-da-ue-conforme-ameaca-tarifaria-de-trump-gera-indignacao\/","og_site_name":"Xinhua - Diario de Pernambuco","article_published_time":"2025-07-14T14:51:00+00:00","og_image":[{"width":900,"height":600,"url":"https:\/\/diariodepe.com.br\/xinhua\/wp-content\/uploads\/sites\/3\/2025\/07\/2025071421e2dee0911e45b183aa7072528c6a72_20250714c2e73f52984f4e509c94cd75593b4675.jpeg","type":"image\/jpeg"}],"author":"Marcelo Oliveira de A. Maranhao","twitter_card":"summary_large_image","twitter_misc":{"Escrito por":"Marcelo Oliveira de A. Maranhao","Est. tempo de leitura":"5 minutos"},"schema":{"@context":"https:\/\/schema.org","@graph":[{"@type":"Article","@id":"https:\/\/diariodepe.com.br\/xinhua\/2025\/07\/14\/resposta-firme-e-exigida-da-ue-conforme-ameaca-tarifaria-de-trump-gera-indignacao\/#article","isPartOf":{"@id":"https:\/\/diariodepe.com.br\/xinhua\/2025\/07\/14\/resposta-firme-e-exigida-da-ue-conforme-ameaca-tarifaria-de-trump-gera-indignacao\/"},"author":{"name":"Marcelo Oliveira de A. Maranhao","@id":"https:\/\/diariodepe.com.br\/xinhua\/#\/schema\/person\/0943d6fd02bdc7b49c8f495e8787a2cb"},"headline":"Resposta firme \u00e9 exigida da UE conforme amea\u00e7a tarif\u00e1ria de Trump gera indigna\u00e7\u00e3o","datePublished":"2025-07-14T14:51:00+00:00","mainEntityOfPage":{"@id":"https:\/\/diariodepe.com.br\/xinhua\/2025\/07\/14\/resposta-firme-e-exigida-da-ue-conforme-ameaca-tarifaria-de-trump-gera-indignacao\/"},"wordCount":802,"commentCount":0,"publisher":{"@id":"https:\/\/diariodepe.com.br\/xinhua\/#organization"},"image":{"@id":"https:\/\/diariodepe.com.br\/xinhua\/2025\/07\/14\/resposta-firme-e-exigida-da-ue-conforme-ameaca-tarifaria-de-trump-gera-indignacao\/#primaryimage"},"thumbnailUrl":"https:\/\/diariodepe.com.br\/xinhua\/wp-content\/uploads\/sites\/3\/2025\/07\/2025071421e2dee0911e45b183aa7072528c6a72_20250714c2e73f52984f4e509c94cd75593b4675.jpeg","articleSection":["Internacional"],"inLanguage":"pt-BR","potentialAction":[{"@type":"CommentAction","name":"Comment","target":["https:\/\/diariodepe.com.br\/xinhua\/2025\/07\/14\/resposta-firme-e-exigida-da-ue-conforme-ameaca-tarifaria-de-trump-gera-indignacao\/#respond"]}]},{"@type":"WebPage","@id":"https:\/\/diariodepe.com.br\/xinhua\/2025\/07\/14\/resposta-firme-e-exigida-da-ue-conforme-ameaca-tarifaria-de-trump-gera-indignacao\/","url":"https:\/\/diariodepe.com.br\/xinhua\/2025\/07\/14\/resposta-firme-e-exigida-da-ue-conforme-ameaca-tarifaria-de-trump-gera-indignacao\/","name":"Resposta firme \u00e9 exigida da UE conforme amea\u00e7a tarif\u00e1ria de Trump gera indigna\u00e7\u00e3o - Xinhua - Diario de Pernambuco","isPartOf":{"@id":"https:\/\/diariodepe.com.br\/xinhua\/#website"},"primaryImageOfPage":{"@id":"https:\/\/diariodepe.com.br\/xinhua\/2025\/07\/14\/resposta-firme-e-exigida-da-ue-conforme-ameaca-tarifaria-de-trump-gera-indignacao\/#primaryimage"},"image":{"@id":"https:\/\/diariodepe.com.br\/xinhua\/2025\/07\/14\/resposta-firme-e-exigida-da-ue-conforme-ameaca-tarifaria-de-trump-gera-indignacao\/#primaryimage"},"thumbnailUrl":"https:\/\/diariodepe.com.br\/xinhua\/wp-content\/uploads\/sites\/3\/2025\/07\/2025071421e2dee0911e45b183aa7072528c6a72_20250714c2e73f52984f4e509c94cd75593b4675.jpeg","datePublished":"2025-07-14T14:51:00+00:00","breadcrumb":{"@id":"https:\/\/diariodepe.com.br\/xinhua\/2025\/07\/14\/resposta-firme-e-exigida-da-ue-conforme-ameaca-tarifaria-de-trump-gera-indignacao\/#breadcrumb"},"inLanguage":"pt-BR","potentialAction":[{"@type":"ReadAction","target":["https:\/\/diariodepe.com.br\/xinhua\/2025\/07\/14\/resposta-firme-e-exigida-da-ue-conforme-ameaca-tarifaria-de-trump-gera-indignacao\/"]}]},{"@type":"ImageObject","inLanguage":"pt-BR","@id":"https:\/\/diariodepe.com.br\/xinhua\/2025\/07\/14\/resposta-firme-e-exigida-da-ue-conforme-ameaca-tarifaria-de-trump-gera-indignacao\/#primaryimage","url":"https:\/\/diariodepe.com.br\/xinhua\/wp-content\/uploads\/sites\/3\/2025\/07\/2025071421e2dee0911e45b183aa7072528c6a72_20250714c2e73f52984f4e509c94cd75593b4675.jpeg","contentUrl":"https:\/\/diariodepe.com.br\/xinhua\/wp-content\/uploads\/sites\/3\/2025\/07\/2025071421e2dee0911e45b183aa7072528c6a72_20250714c2e73f52984f4e509c94cd75593b4675.jpeg","width":900,"height":600,"caption":"(250523) -- BRUSSELS, May 23, 2025 (Xinhua) -- Photo taken on May 23, 2025 shows European Union flags at the European Commission headquarters in Brussels, Belgium. U.S. President Donald Trump on Friday threatened a 50 percent tax on all imports from the European Union as well a 25 percent tariff on Apple products unless iPhones are made in the United States. (Xinhua\/Zhao Dingzhe)"},{"@type":"BreadcrumbList","@id":"https:\/\/diariodepe.com.br\/xinhua\/2025\/07\/14\/resposta-firme-e-exigida-da-ue-conforme-ameaca-tarifaria-de-trump-gera-indignacao\/#breadcrumb","itemListElement":[{"@type":"ListItem","position":1,"name":"In\u00edcio","item":"https:\/\/diariodepe.com.br\/xinhua\/"},{"@type":"ListItem","position":2,"name":"Resposta firme \u00e9 exigida da UE conforme amea\u00e7a tarif\u00e1ria de Trump gera indigna\u00e7\u00e3o"}]},{"@type":"WebSite","@id":"https:\/\/diariodepe.com.br\/xinhua\/#website","url":"https:\/\/diariodepe.com.br\/xinhua\/","name":"Xinhua - Diario de Pernambuco","description":"A maior ag\u00eancia de not\u00edcias da China e um dos principais canais para conhecer o pa\u00eds","publisher":{"@id":"https:\/\/diariodepe.com.br\/xinhua\/#organization"},"potentialAction":[{"@type":"SearchAction","target":{"@type":"EntryPoint","urlTemplate":"https:\/\/diariodepe.com.br\/xinhua\/?s={search_term_string}"},"query-input":{"@type":"PropertyValueSpecification","valueRequired":true,"valueName":"search_term_string"}}],"inLanguage":"pt-BR"},{"@type":"Organization","@id":"https:\/\/diariodepe.com.br\/xinhua\/#organization","name":"Xinhua - Diario de Pernambuco","url":"https:\/\/diariodepe.com.br\/xinhua\/","logo":{"@type":"ImageObject","inLanguage":"pt-BR","@id":"https:\/\/diariodepe.com.br\/xinhua\/#\/schema\/logo\/image\/","url":"https:\/\/diariodepe.com.br\/xinhua\/wp-content\/uploads\/sites\/3\/2020\/10\/cropped-logo-transparente-2.png","contentUrl":"https:\/\/diariodepe.com.br\/xinhua\/wp-content\/uploads\/sites\/3\/2020\/10\/cropped-logo-transparente-2.png","width":512,"height":164,"caption":"Xinhua - Diario de Pernambuco"},"image":{"@id":"https:\/\/diariodepe.com.br\/xinhua\/#\/schema\/logo\/image\/"}},{"@type":"Person","@id":"https:\/\/diariodepe.com.br\/xinhua\/#\/schema\/person\/0943d6fd02bdc7b49c8f495e8787a2cb","name":"Marcelo Oliveira de A. Maranhao","image":{"@type":"ImageObject","inLanguage":"pt-BR","@id":"https:\/\/secure.gravatar.com\/avatar\/f562caee940d39879c20e90eea3e4b21860c7d4c96684c23141c554824f0059c?s=96&d=mm&r=g","url":"https:\/\/secure.gravatar.com\/avatar\/f562caee940d39879c20e90eea3e4b21860c7d4c96684c23141c554824f0059c?s=96&d=mm&r=g","contentUrl":"https:\/\/secure.gravatar.com\/avatar\/f562caee940d39879c20e90eea3e4b21860c7d4c96684c23141c554824f0059c?s=96&d=mm&r=g","caption":"Marcelo Oliveira de A. Maranhao"},"url":"https:\/\/diariodepe.com.br\/xinhua\/author\/marcelo-maranhao\/"}]}},"cc_featured_image_caption":{"caption_text":"","source_text":"","source_url":""},"amp_enabled":true,"_links":{"self":[{"href":"https:\/\/diariodepe.com.br\/xinhua\/wp-json\/wp\/v2\/posts\/26984","targetHints":{"allow":["GET"]}}],"collection":[{"href":"https:\/\/diariodepe.com.br\/xinhua\/wp-json\/wp\/v2\/posts"}],"about":[{"href":"https:\/\/diariodepe.com.br\/xinhua\/wp-json\/wp\/v2\/types\/post"}],"author":[{"embeddable":true,"href":"https:\/\/diariodepe.com.br\/xinhua\/wp-json\/wp\/v2\/users\/3"}],"replies":[{"embeddable":true,"href":"https:\/\/diariodepe.com.br\/xinhua\/wp-json\/wp\/v2\/comments?post=26984"}],"version-history":[{"count":1,"href":"https:\/\/diariodepe.com.br\/xinhua\/wp-json\/wp\/v2\/posts\/26984\/revisions"}],"predecessor-version":[{"id":26986,"href":"https:\/\/diariodepe.com.br\/xinhua\/wp-json\/wp\/v2\/posts\/26984\/revisions\/26986"}],"wp:featuredmedia":[{"embeddable":true,"href":"https:\/\/diariodepe.com.br\/xinhua\/wp-json\/wp\/v2\/media\/26985"}],"wp:attachment":[{"href":"https:\/\/diariodepe.com.br\/xinhua\/wp-json\/wp\/v2\/media?parent=26984"}],"wp:term":[{"taxonomy":"category","embeddable":true,"href":"https:\/\/diariodepe.com.br\/xinhua\/wp-json\/wp\/v2\/categories?post=26984"},{"taxonomy":"post_tag","embeddable":true,"href":"https:\/\/diariodepe.com.br\/xinhua\/wp-json\/wp\/v2\/tags?post=26984"}],"curies":[{"name":"wp","href":"https:\/\/api.w.org\/{rel}","templated":true}]}}