{"id":26968,"date":"2025-07-10T14:33:00","date_gmt":"2025-07-10T17:33:00","guid":{"rendered":"https:\/\/www.diariodepe.com.br\/xinhua\/?p=26968"},"modified":"2025-07-10T13:38:20","modified_gmt":"2025-07-10T16:38:20","slug":"brics-se-mobiliza-para-expandir-cooperacao-com-sul-global-para-governanca-global-inclusiva-e-sustentavel","status":"publish","type":"post","link":"https:\/\/diariodepe.com.br\/xinhua\/2025\/07\/10\/brics-se-mobiliza-para-expandir-cooperacao-com-sul-global-para-governanca-global-inclusiva-e-sustentavel\/","title":{"rendered":"BRICS se mobiliza para expandir coopera\u00e7\u00e3o com Sul Global para governan\u00e7a global inclusiva e sustent\u00e1vel"},"content":{"rendered":"\n<p>Rio de Janeiro &#8211; L\u00edderes dos pa\u00edses do BRICS, reunidos no domingo e na segunda-feira para a 17\u00aa C\u00fapula do BRICS, reiteraram seus compromissos com a reforma e o aprimoramento da governan\u00e7a global, expandindo a coopera\u00e7\u00e3o com o Sul Global.<\/p>\n\n\n\n<p>A reuni\u00e3o adotou a Declara\u00e7\u00e3o do Rio de Janeiro, que apela ao fortalecimento do multilateralismo e \u00e0 reforma da governan\u00e7a global, promovendo a paz, a seguran\u00e7a e a estabilidade internacional, al\u00e9m do fortalecimento da coopera\u00e7\u00e3o econ\u00f4mica, comercial e financeira internacional.<\/p>\n\n\n\n<p>Ao discursar na sess\u00e3o plen\u00e1ria da c\u00fapula, com o tema &#8220;Paz e Seguran\u00e7a e Reforma da Governan\u00e7a Global&#8221;, no domingo, o primeiro-ministro chin\u00eas Li Qiang apelou aos pa\u00edses do BRICS para que se empenhem em virarem pioneiros no avan\u00e7o da reforma da governan\u00e7a global, protegendo a paz e a tranquilidade mundiais e impulsionando a solu\u00e7\u00e3o pac\u00edfica de controv\u00e9rsias.<\/p>\n\n\n\n<p>Em 2015, o presidente chin\u00eas Xi Jinping apresentou a vis\u00e3o da governan\u00e7a global de ampla consulta e contribui\u00e7\u00e3o conjunta para benef\u00edcio compartilhado, oferecendo a solu\u00e7\u00e3o da China para o desafio da governan\u00e7a global.<\/p>\n\n\n\n<p>Dez anos depois, essa vis\u00e3o ganhou crescente influ\u00eancia global, conforme transforma\u00e7\u00f5es sem precedentes em um s\u00e9culo se aceleram no mundo.<\/p>\n\n\n\n<p>&#8220;O mundo entrou em uma nova fase de grandes mudan\u00e7as turbulentas, e a ordem internacional est\u00e1 passando por uma reorganiza\u00e7\u00e3o significativa. Ap\u00f3s sua expans\u00e3o, o mecanismo do BRICS unir\u00e1 esfor\u00e7os para promover o desenvolvimento comum, defender o multilateralismo e contribuir ainda mais para a constru\u00e7\u00e3o de um sistema de governan\u00e7a global mais equitativo&#8221;, disse Boris Guseletov, pesquisador s\u00eanior do Instituto de Estudos Europeus da Academia Russa de Ci\u00eancias.<\/p>\n\n\n\n<p>Li tamb\u00e9m pediu comprometimento com a constru\u00e7\u00e3o de uma economia mundial aberta e enfatizou a import\u00e2ncia de se opor ao unilateralismo e ao protecionismo ao discursar nas sess\u00f5es plen\u00e1rias.<\/p>\n\n\n\n<p>O primeiro-ministro chin\u00eas observou que a atual ordem econ\u00f4mica e comercial internacional, juntamente com o sistema multilateral de com\u00e9rcio, enfrenta s\u00e9rios desafios, e a recupera\u00e7\u00e3o econ\u00f4mica global continua \u00e1rdua.<\/p>\n\n\n\n<p>Uma maior coopera\u00e7\u00e3o do BRICS deve continuar fiel ao seu prop\u00f3sito fundador, atender \u00e0s necessidades da atualidade, defender e praticar o multilateralismo, promover o estabelecimento de uma ordem econ\u00f4mica e comercial internacional equitativa e aberta, unir esfor\u00e7os no Sul Global e contribuir ainda mais para a estabilidade e o desenvolvimento globais, afirmou ele.<\/p>\n\n\n\n<p>Em meio \u00e0s crescentes tens\u00f5es comerciais globais, a 17\u00aa C\u00fapula do BRICS refor\u00e7ou o papel fundamental do bloco na promo\u00e7\u00e3o de pr\u00e1ticas econ\u00f4micas mais justas, afirmou Balew Demissie, pesquisador do Instituto Et\u00edope de Estudos Pol\u00edticos. O BRICS oferece uma plataforma unificada que apoia o com\u00e9rcio multilateral, promove o com\u00e9rcio intrabloco e facilita o uso de moedas locais, reduzindo assim a depend\u00eancia de mercados limitados, acrescentou ele.<\/p>\n\n\n\n<p>Os l\u00edderes presentes nas sess\u00f5es plen\u00e1rias concordaram que o mecanismo de coopera\u00e7\u00e3o do BRICS est\u00e1 se fortalecendo e ficando mais representativo, com sua influ\u00eancia internacional aumentando de forma constante. Ele forneceu uma plataforma importante para os pa\u00edses do Sul Global defenderem seu direito ao desenvolvimento, defenderem a equidade e a justi\u00e7a internacionais e participarem da reforma do sistema de governan\u00e7a global, afirmaram eles.<\/p>\n\n\n\n<p>&#8220;O BRICS est\u00e1 moldando cada vez mais os debates globais sobre desenvolvimento, governan\u00e7a multipolar e quest\u00f5es de seguran\u00e7a&#8221;, afirmou o presidente sul-africano, Cyril Ramaphosa, no domingo. &#8220;Com nossa ampla presen\u00e7a geogr\u00e1fica e crescente influ\u00eancia, o BRICS est\u00e1 em uma posi\u00e7\u00e3o \u00fanica para defender a reforma das estruturas de governan\u00e7a global&#8221;.<\/p>\n\n\n\n<p>O primeiro-ministro da Mal\u00e1sia, Anwar Ibrahim, afirmou em comunicado que o BRICS, que emergiu como uma for\u00e7a firme e baseada em princ\u00edpios, representa uma oportunidade para moldar uma ordem internacional mais equilibrada e justa, observando que as organiza\u00e7\u00f5es internacionais tradicionais precisam ser reformadas para refletir as realidades globais em mudan\u00e7a e levar em conta as aspira\u00e7\u00f5es das na\u00e7\u00f5es em desenvolvimento.<\/p>\n\n\n\n<p>Al\u00e9m disso, a expans\u00e3o do BRICS simbolizou um salto qualitativo em sua representatividade e influ\u00eancia. Em janeiro deste ano, a Indon\u00e9sia, a maior economia da Associa\u00e7\u00e3o das Na\u00e7\u00f5es do Sudeste Asi\u00e1tico (ASEAN), aderiu oficialmente ao BRICS. Atualmente, os pa\u00edses do BRICS representam mais da metade da popula\u00e7\u00e3o mundial, quase 30% do PIB global e mais de 50% do crescimento econ\u00f4mico global. Isso representa uma mudan\u00e7a hist\u00f3rica do poder do Sul Global da periferia para o centro da arena internacional.<\/p>\n\n\n\n<p>&#8220;Para que o sistema internacional seja mais abrangente, justo e democr\u00e1tico, \u00e9 importante que o Sul Global tenha mais poder de a\u00e7\u00e3o e voz&#8221;, disse Alessandra Scangarelli Brites, editora-chefe da Revista Intertelas do Brasil.<\/p>\n\n\n\n<p>&#8220;Isso n\u00e3o significa lutar pelo poder para ter controle sobre os outros, mas para ter a\u00e7\u00f5es equitativas e ter suas posi\u00e7\u00f5es e interesses ouvidos e atendidos de forma mais igualit\u00e1ria, independ\u00eancia e respeito \u00e0 soberania dos pa\u00edses&#8221;, acrescentou a editora-chefe.<\/p>\n\n\n\n<figure class=\"wp-block-image\"><img decoding=\"async\" src=\"https:\/\/portuguese.news.cn\/20250710\/923a0e3c563a4daf9b807d068dc56876\/20250710923a0e3c563a4daf9b807d068dc56876_20250710f3ade2b137d644e889e6d5f9475aa78f.jpeg\" alt=\"\"\/><figcaption>O primeiro-ministro chin\u00eas, Li Qiang, discursa na sess\u00e3o plen\u00e1ria sobre &#8220;Paz e Seguran\u00e7a e Reforma da Governan\u00e7a Global&#8221; da 17\u00aa C\u00fapula do BRICS, Rio de Janeiro, Brasil, no dia 6 de julho de 2025. (Xinhua\/Liu Bin)<\/figcaption><\/figure>\n\n\n\n<p>Durante conversas com outros l\u00edderes \u00e0 margem da c\u00fapula, o primeiro-ministro chin\u00eas expressou a disposi\u00e7\u00e3o da China em pressionar por um papel maior do Sul Global na melhoria da governan\u00e7a global.<\/p>\n\n\n\n<p>Ao se reunir com o presidente brasileiro, Luiz In\u00e1cio Lula da Silva, um dia antes da c\u00fapula, Li afirmou que a China est\u00e1 disposta a aprimorar a comunica\u00e7\u00e3o e a coordena\u00e7\u00e3o com o Brasil. Em estruturas multilaterais como as Na\u00e7\u00f5es Unidas, o BRICS e o G20, trabalhar com os pa\u00edses em desenvolvimento para promover um mundo multipolar igualit\u00e1rio e ordenado e uma globaliza\u00e7\u00e3o econ\u00f4mica universalmente ben\u00e9fica e inclusiva, proporcionando mais certeza e estabilidade ao mundo.<\/p>\n\n\n\n<p>Em seu encontro com o primeiro-ministro et\u00edope, Abiy Ahmed, Li observou que a China e a Eti\u00f3pia s\u00e3o importantes pa\u00edses do Sul Global, e que a China se unir\u00e1 \u00e0 Eti\u00f3pia para fortalecer a comunica\u00e7\u00e3o e a coordena\u00e7\u00e3o em estruturas multilaterais, impulsionar os esfor\u00e7os conjuntos de todas as partes para praticar o verdadeiro multilateralismo, proteger firmemente a globaliza\u00e7\u00e3o econ\u00f4mica e o livre com\u00e9rcio e injetar mais estabilidade e energia positiva no mundo.<\/p>\n\n\n\n<p>Ap\u00f3s as sess\u00f5es plen\u00e1rias, Li se reuniu com a diretora-geral da Organiza\u00e7\u00e3o Mundial do Com\u00e9rcio (OMC), Ngozi Okonjo-Iweala, e afirmou que a China, como sempre, continuar\u00e1 praticando e protegendo o multilateralismo e o livre com\u00e9rcio, apoiar\u00e1 ativamente a reforma e o desenvolvimento da OMC para restaurar sua autoridade, acelerar\u00e1 o aprimoramento das regras comerciais e pressionar\u00e1 por resultados mais concretos na 14\u00aa Confer\u00eancia Ministerial da OMC.<\/p>\n\n\n\n<p>&#8220;Em vez de unilateralismo e protecionismo, os pa\u00edses do BRICS reafirmaram a import\u00e2ncia da coopera\u00e7\u00e3o e de uma economia aberta para que todos os pa\u00edses alcancem o desenvolvimento e a seguran\u00e7a coletiva&#8221;, disse Marcos Cordeiro Pires, professor de ci\u00eancias pol\u00edticas e econ\u00f4micas da Faculdade de Filosofia e Ci\u00eancias da Universidade Estadual Paulista (UNESP).<\/p>\n\n\n\n<p>Os pa\u00edses do BRICS buscam uma nova governan\u00e7a global e uma estrutura global inclusiva, representativa e ancorada nos princ\u00edpios de soberania, igualdade e coexist\u00eancia pac\u00edfica.<\/p>\n\n\n\n<p>&#8220;A demanda por uma nova governan\u00e7a global n\u00e3o \u00e9 capricho, mas um processo de repara\u00e7\u00e3o hist\u00f3rica. O BRICS oferece uma plataforma para uma coopera\u00e7\u00e3o inclusiva, distante da hegemonia e mais pr\u00f3xima dos princ\u00edpios da multipolaridade&#8221;, disse Jhonathan Mattos, professor associado do Departamento das Rela\u00e7\u00f5es Internacionais da Universidade Estadual do Rio de Janeiro (UERJ).<\/p>\n\n\n\n<p>&#8220;\u00c9 um modelo de multilateralismo, multipolaridade, integra\u00e7\u00e3o regional e identidade de demandas compartilhadas&#8221;, disse Mattos.<\/p>\n","protected":false},"excerpt":{"rendered":"<p>Rio de Janeiro &#8211; L\u00edderes dos pa\u00edses do BRICS, reunidos no domingo e na segunda-feira para a 17\u00aa C\u00fapula do BRICS, reiteraram seus compromissos com a reforma e o aprimoramento da governan\u00e7a global, expandindo a coopera\u00e7\u00e3o com o Sul Global&#8230;.<\/p>\n","protected":false},"author":3,"featured_media":26969,"comment_status":"open","ping_status":"open","sticky":false,"template":"","format":"standard","meta":{"footnotes":""},"categories":[4],"tags":[],"class_list":["post-26968","post","type-post","status-publish","format-standard","has-post-thumbnail","hentry","category-internacional"],"yoast_head":"<!-- This site is optimized with the Yoast SEO plugin v27.4 - https:\/\/yoast.com\/product\/yoast-seo-wordpress\/ -->\n<title>BRICS se mobiliza para expandir coopera\u00e7\u00e3o com Sul Global para governan\u00e7a global inclusiva e sustent\u00e1vel - Xinhua - Diario de Pernambuco<\/title>\n<meta name=\"robots\" content=\"index, follow, max-snippet:-1, max-image-preview:large, max-video-preview:-1\" \/>\n<link rel=\"canonical\" href=\"https:\/\/diariodepe.com.br\/xinhua\/2025\/07\/10\/brics-se-mobiliza-para-expandir-cooperacao-com-sul-global-para-governanca-global-inclusiva-e-sustentavel\/\" \/>\n<meta property=\"og:locale\" content=\"pt_BR\" \/>\n<meta property=\"og:type\" content=\"article\" \/>\n<meta property=\"og:title\" content=\"BRICS se mobiliza para expandir coopera\u00e7\u00e3o com Sul Global para governan\u00e7a global inclusiva e sustent\u00e1vel - Xinhua - Diario de Pernambuco\" \/>\n<meta property=\"og:description\" content=\"Rio de Janeiro &#8211; L\u00edderes dos pa\u00edses do BRICS, reunidos no domingo e na segunda-feira para a 17\u00aa C\u00fapula do BRICS, reiteraram seus compromissos com a reforma e o aprimoramento da governan\u00e7a global, expandindo a coopera\u00e7\u00e3o com o Sul Global....\" \/>\n<meta property=\"og:url\" content=\"https:\/\/diariodepe.com.br\/xinhua\/2025\/07\/10\/brics-se-mobiliza-para-expandir-cooperacao-com-sul-global-para-governanca-global-inclusiva-e-sustentavel\/\" \/>\n<meta property=\"og:site_name\" content=\"Xinhua - Diario de Pernambuco\" \/>\n<meta property=\"article:published_time\" content=\"2025-07-10T17:33:00+00:00\" \/>\n<meta property=\"og:image\" content=\"https:\/\/diariodepe.com.br\/xinhua\/wp-content\/uploads\/sites\/3\/2025\/07\/20250710923a0e3c563a4daf9b807d068dc56876_20250710fea4fc586df947f7a34308939257edb9.jpeg\" \/>\n\t<meta property=\"og:image:width\" content=\"900\" \/>\n\t<meta property=\"og:image:height\" content=\"600\" \/>\n\t<meta property=\"og:image:type\" content=\"image\/jpeg\" \/>\n<meta name=\"author\" content=\"Marcelo Oliveira de A. Maranhao\" \/>\n<meta name=\"twitter:card\" content=\"summary_large_image\" \/>\n<meta name=\"twitter:label1\" content=\"Escrito por\" \/>\n\t<meta name=\"twitter:data1\" content=\"Marcelo Oliveira de A. Maranhao\" \/>\n\t<meta name=\"twitter:label2\" content=\"Est. tempo de leitura\" \/>\n\t<meta name=\"twitter:data2\" content=\"7 minutos\" \/>\n<script type=\"application\/ld+json\" class=\"yoast-schema-graph\">{\"@context\":\"https:\\\/\\\/schema.org\",\"@graph\":[{\"@type\":\"Article\",\"@id\":\"https:\\\/\\\/diariodepe.com.br\\\/xinhua\\\/2025\\\/07\\\/10\\\/brics-se-mobiliza-para-expandir-cooperacao-com-sul-global-para-governanca-global-inclusiva-e-sustentavel\\\/#article\",\"isPartOf\":{\"@id\":\"https:\\\/\\\/diariodepe.com.br\\\/xinhua\\\/2025\\\/07\\\/10\\\/brics-se-mobiliza-para-expandir-cooperacao-com-sul-global-para-governanca-global-inclusiva-e-sustentavel\\\/\"},\"author\":{\"name\":\"Marcelo Oliveira de A. Maranhao\",\"@id\":\"https:\\\/\\\/diariodepe.com.br\\\/xinhua\\\/#\\\/schema\\\/person\\\/0943d6fd02bdc7b49c8f495e8787a2cb\"},\"headline\":\"BRICS se mobiliza para expandir coopera\u00e7\u00e3o com Sul Global para governan\u00e7a global inclusiva e sustent\u00e1vel\",\"datePublished\":\"2025-07-10T17:33:00+00:00\",\"mainEntityOfPage\":{\"@id\":\"https:\\\/\\\/diariodepe.com.br\\\/xinhua\\\/2025\\\/07\\\/10\\\/brics-se-mobiliza-para-expandir-cooperacao-com-sul-global-para-governanca-global-inclusiva-e-sustentavel\\\/\"},\"wordCount\":1366,\"commentCount\":0,\"publisher\":{\"@id\":\"https:\\\/\\\/diariodepe.com.br\\\/xinhua\\\/#organization\"},\"image\":{\"@id\":\"https:\\\/\\\/diariodepe.com.br\\\/xinhua\\\/2025\\\/07\\\/10\\\/brics-se-mobiliza-para-expandir-cooperacao-com-sul-global-para-governanca-global-inclusiva-e-sustentavel\\\/#primaryimage\"},\"thumbnailUrl\":\"https:\\\/\\\/diariodepe.com.br\\\/xinhua\\\/wp-content\\\/uploads\\\/sites\\\/3\\\/2025\\\/07\\\/20250710923a0e3c563a4daf9b807d068dc56876_20250710fea4fc586df947f7a34308939257edb9.jpeg\",\"articleSection\":[\"Internacional\"],\"inLanguage\":\"pt-BR\",\"potentialAction\":[{\"@type\":\"CommentAction\",\"name\":\"Comment\",\"target\":[\"https:\\\/\\\/diariodepe.com.br\\\/xinhua\\\/2025\\\/07\\\/10\\\/brics-se-mobiliza-para-expandir-cooperacao-com-sul-global-para-governanca-global-inclusiva-e-sustentavel\\\/#respond\"]}]},{\"@type\":\"WebPage\",\"@id\":\"https:\\\/\\\/diariodepe.com.br\\\/xinhua\\\/2025\\\/07\\\/10\\\/brics-se-mobiliza-para-expandir-cooperacao-com-sul-global-para-governanca-global-inclusiva-e-sustentavel\\\/\",\"url\":\"https:\\\/\\\/diariodepe.com.br\\\/xinhua\\\/2025\\\/07\\\/10\\\/brics-se-mobiliza-para-expandir-cooperacao-com-sul-global-para-governanca-global-inclusiva-e-sustentavel\\\/\",\"name\":\"BRICS se mobiliza para expandir coopera\u00e7\u00e3o com Sul Global para governan\u00e7a global inclusiva e sustent\u00e1vel - Xinhua - Diario de Pernambuco\",\"isPartOf\":{\"@id\":\"https:\\\/\\\/diariodepe.com.br\\\/xinhua\\\/#website\"},\"primaryImageOfPage\":{\"@id\":\"https:\\\/\\\/diariodepe.com.br\\\/xinhua\\\/2025\\\/07\\\/10\\\/brics-se-mobiliza-para-expandir-cooperacao-com-sul-global-para-governanca-global-inclusiva-e-sustentavel\\\/#primaryimage\"},\"image\":{\"@id\":\"https:\\\/\\\/diariodepe.com.br\\\/xinhua\\\/2025\\\/07\\\/10\\\/brics-se-mobiliza-para-expandir-cooperacao-com-sul-global-para-governanca-global-inclusiva-e-sustentavel\\\/#primaryimage\"},\"thumbnailUrl\":\"https:\\\/\\\/diariodepe.com.br\\\/xinhua\\\/wp-content\\\/uploads\\\/sites\\\/3\\\/2025\\\/07\\\/20250710923a0e3c563a4daf9b807d068dc56876_20250710fea4fc586df947f7a34308939257edb9.jpeg\",\"datePublished\":\"2025-07-10T17:33:00+00:00\",\"breadcrumb\":{\"@id\":\"https:\\\/\\\/diariodepe.com.br\\\/xinhua\\\/2025\\\/07\\\/10\\\/brics-se-mobiliza-para-expandir-cooperacao-com-sul-global-para-governanca-global-inclusiva-e-sustentavel\\\/#breadcrumb\"},\"inLanguage\":\"pt-BR\",\"potentialAction\":[{\"@type\":\"ReadAction\",\"target\":[\"https:\\\/\\\/diariodepe.com.br\\\/xinhua\\\/2025\\\/07\\\/10\\\/brics-se-mobiliza-para-expandir-cooperacao-com-sul-global-para-governanca-global-inclusiva-e-sustentavel\\\/\"]}]},{\"@type\":\"ImageObject\",\"inLanguage\":\"pt-BR\",\"@id\":\"https:\\\/\\\/diariodepe.com.br\\\/xinhua\\\/2025\\\/07\\\/10\\\/brics-se-mobiliza-para-expandir-cooperacao-com-sul-global-para-governanca-global-inclusiva-e-sustentavel\\\/#primaryimage\",\"url\":\"https:\\\/\\\/diariodepe.com.br\\\/xinhua\\\/wp-content\\\/uploads\\\/sites\\\/3\\\/2025\\\/07\\\/20250710923a0e3c563a4daf9b807d068dc56876_20250710fea4fc586df947f7a34308939257edb9.jpeg\",\"contentUrl\":\"https:\\\/\\\/diariodepe.com.br\\\/xinhua\\\/wp-content\\\/uploads\\\/sites\\\/3\\\/2025\\\/07\\\/20250710923a0e3c563a4daf9b807d068dc56876_20250710fea4fc586df947f7a34308939257edb9.jpeg\",\"width\":900,\"height\":600,\"caption\":\"(250707) -- RIO DE JANEIRO, July 7, 2025 (Xinhua) -- Leaders from BRICS members and partner countries, guest countries, as well as representatives of international organizations, pose for a group photo in Rio de Janeiro, Brazil, July 7, 2025. Chinese Premier Li Qiang spoke on topics including strengthening multilateralism, artificial intelligence, environment and climate change, and global health at the plenary sessions of the 17th BRICS Summit in Rio de Janeiro on Sunday and Monday. (Xinhua\\\/Liu Bin)\"},{\"@type\":\"BreadcrumbList\",\"@id\":\"https:\\\/\\\/diariodepe.com.br\\\/xinhua\\\/2025\\\/07\\\/10\\\/brics-se-mobiliza-para-expandir-cooperacao-com-sul-global-para-governanca-global-inclusiva-e-sustentavel\\\/#breadcrumb\",\"itemListElement\":[{\"@type\":\"ListItem\",\"position\":1,\"name\":\"In\u00edcio\",\"item\":\"https:\\\/\\\/diariodepe.com.br\\\/xinhua\\\/\"},{\"@type\":\"ListItem\",\"position\":2,\"name\":\"BRICS se mobiliza para expandir coopera\u00e7\u00e3o com Sul Global para governan\u00e7a global inclusiva e sustent\u00e1vel\"}]},{\"@type\":\"WebSite\",\"@id\":\"https:\\\/\\\/diariodepe.com.br\\\/xinhua\\\/#website\",\"url\":\"https:\\\/\\\/diariodepe.com.br\\\/xinhua\\\/\",\"name\":\"Xinhua - Diario de Pernambuco\",\"description\":\"A maior ag\u00eancia de not\u00edcias da China e um dos principais canais para conhecer o pa\u00eds\",\"publisher\":{\"@id\":\"https:\\\/\\\/diariodepe.com.br\\\/xinhua\\\/#organization\"},\"potentialAction\":[{\"@type\":\"SearchAction\",\"target\":{\"@type\":\"EntryPoint\",\"urlTemplate\":\"https:\\\/\\\/diariodepe.com.br\\\/xinhua\\\/?s={search_term_string}\"},\"query-input\":{\"@type\":\"PropertyValueSpecification\",\"valueRequired\":true,\"valueName\":\"search_term_string\"}}],\"inLanguage\":\"pt-BR\"},{\"@type\":\"Organization\",\"@id\":\"https:\\\/\\\/diariodepe.com.br\\\/xinhua\\\/#organization\",\"name\":\"Xinhua - Diario de Pernambuco\",\"url\":\"https:\\\/\\\/diariodepe.com.br\\\/xinhua\\\/\",\"logo\":{\"@type\":\"ImageObject\",\"inLanguage\":\"pt-BR\",\"@id\":\"https:\\\/\\\/diariodepe.com.br\\\/xinhua\\\/#\\\/schema\\\/logo\\\/image\\\/\",\"url\":\"https:\\\/\\\/diariodepe.com.br\\\/xinhua\\\/wp-content\\\/uploads\\\/sites\\\/3\\\/2020\\\/10\\\/cropped-logo-transparente-2.png\",\"contentUrl\":\"https:\\\/\\\/diariodepe.com.br\\\/xinhua\\\/wp-content\\\/uploads\\\/sites\\\/3\\\/2020\\\/10\\\/cropped-logo-transparente-2.png\",\"width\":512,\"height\":164,\"caption\":\"Xinhua - Diario de Pernambuco\"},\"image\":{\"@id\":\"https:\\\/\\\/diariodepe.com.br\\\/xinhua\\\/#\\\/schema\\\/logo\\\/image\\\/\"}},{\"@type\":\"Person\",\"@id\":\"https:\\\/\\\/diariodepe.com.br\\\/xinhua\\\/#\\\/schema\\\/person\\\/0943d6fd02bdc7b49c8f495e8787a2cb\",\"name\":\"Marcelo Oliveira de A. Maranhao\",\"image\":{\"@type\":\"ImageObject\",\"inLanguage\":\"pt-BR\",\"@id\":\"https:\\\/\\\/secure.gravatar.com\\\/avatar\\\/f562caee940d39879c20e90eea3e4b21860c7d4c96684c23141c554824f0059c?s=96&d=mm&r=g\",\"url\":\"https:\\\/\\\/secure.gravatar.com\\\/avatar\\\/f562caee940d39879c20e90eea3e4b21860c7d4c96684c23141c554824f0059c?s=96&d=mm&r=g\",\"contentUrl\":\"https:\\\/\\\/secure.gravatar.com\\\/avatar\\\/f562caee940d39879c20e90eea3e4b21860c7d4c96684c23141c554824f0059c?s=96&d=mm&r=g\",\"caption\":\"Marcelo Oliveira de A. Maranhao\"},\"url\":\"https:\\\/\\\/diariodepe.com.br\\\/xinhua\\\/author\\\/marcelo-maranhao\\\/\"}]}<\/script>\n<!-- \/ Yoast SEO plugin. -->","yoast_head_json":{"title":"BRICS se mobiliza para expandir coopera\u00e7\u00e3o com Sul Global para governan\u00e7a global inclusiva e sustent\u00e1vel - Xinhua - Diario de Pernambuco","robots":{"index":"index","follow":"follow","max-snippet":"max-snippet:-1","max-image-preview":"max-image-preview:large","max-video-preview":"max-video-preview:-1"},"canonical":"https:\/\/diariodepe.com.br\/xinhua\/2025\/07\/10\/brics-se-mobiliza-para-expandir-cooperacao-com-sul-global-para-governanca-global-inclusiva-e-sustentavel\/","og_locale":"pt_BR","og_type":"article","og_title":"BRICS se mobiliza para expandir coopera\u00e7\u00e3o com Sul Global para governan\u00e7a global inclusiva e sustent\u00e1vel - Xinhua - Diario de Pernambuco","og_description":"Rio de Janeiro &#8211; L\u00edderes dos pa\u00edses do BRICS, reunidos no domingo e na segunda-feira para a 17\u00aa C\u00fapula do BRICS, reiteraram seus compromissos com a reforma e o aprimoramento da governan\u00e7a global, expandindo a coopera\u00e7\u00e3o com o Sul Global....","og_url":"https:\/\/diariodepe.com.br\/xinhua\/2025\/07\/10\/brics-se-mobiliza-para-expandir-cooperacao-com-sul-global-para-governanca-global-inclusiva-e-sustentavel\/","og_site_name":"Xinhua - Diario de Pernambuco","article_published_time":"2025-07-10T17:33:00+00:00","og_image":[{"width":900,"height":600,"url":"https:\/\/diariodepe.com.br\/xinhua\/wp-content\/uploads\/sites\/3\/2025\/07\/20250710923a0e3c563a4daf9b807d068dc56876_20250710fea4fc586df947f7a34308939257edb9.jpeg","type":"image\/jpeg"}],"author":"Marcelo Oliveira de A. Maranhao","twitter_card":"summary_large_image","twitter_misc":{"Escrito por":"Marcelo Oliveira de A. Maranhao","Est. tempo de leitura":"7 minutos"},"schema":{"@context":"https:\/\/schema.org","@graph":[{"@type":"Article","@id":"https:\/\/diariodepe.com.br\/xinhua\/2025\/07\/10\/brics-se-mobiliza-para-expandir-cooperacao-com-sul-global-para-governanca-global-inclusiva-e-sustentavel\/#article","isPartOf":{"@id":"https:\/\/diariodepe.com.br\/xinhua\/2025\/07\/10\/brics-se-mobiliza-para-expandir-cooperacao-com-sul-global-para-governanca-global-inclusiva-e-sustentavel\/"},"author":{"name":"Marcelo Oliveira de A. Maranhao","@id":"https:\/\/diariodepe.com.br\/xinhua\/#\/schema\/person\/0943d6fd02bdc7b49c8f495e8787a2cb"},"headline":"BRICS se mobiliza para expandir coopera\u00e7\u00e3o com Sul Global para governan\u00e7a global inclusiva e sustent\u00e1vel","datePublished":"2025-07-10T17:33:00+00:00","mainEntityOfPage":{"@id":"https:\/\/diariodepe.com.br\/xinhua\/2025\/07\/10\/brics-se-mobiliza-para-expandir-cooperacao-com-sul-global-para-governanca-global-inclusiva-e-sustentavel\/"},"wordCount":1366,"commentCount":0,"publisher":{"@id":"https:\/\/diariodepe.com.br\/xinhua\/#organization"},"image":{"@id":"https:\/\/diariodepe.com.br\/xinhua\/2025\/07\/10\/brics-se-mobiliza-para-expandir-cooperacao-com-sul-global-para-governanca-global-inclusiva-e-sustentavel\/#primaryimage"},"thumbnailUrl":"https:\/\/diariodepe.com.br\/xinhua\/wp-content\/uploads\/sites\/3\/2025\/07\/20250710923a0e3c563a4daf9b807d068dc56876_20250710fea4fc586df947f7a34308939257edb9.jpeg","articleSection":["Internacional"],"inLanguage":"pt-BR","potentialAction":[{"@type":"CommentAction","name":"Comment","target":["https:\/\/diariodepe.com.br\/xinhua\/2025\/07\/10\/brics-se-mobiliza-para-expandir-cooperacao-com-sul-global-para-governanca-global-inclusiva-e-sustentavel\/#respond"]}]},{"@type":"WebPage","@id":"https:\/\/diariodepe.com.br\/xinhua\/2025\/07\/10\/brics-se-mobiliza-para-expandir-cooperacao-com-sul-global-para-governanca-global-inclusiva-e-sustentavel\/","url":"https:\/\/diariodepe.com.br\/xinhua\/2025\/07\/10\/brics-se-mobiliza-para-expandir-cooperacao-com-sul-global-para-governanca-global-inclusiva-e-sustentavel\/","name":"BRICS se mobiliza para expandir coopera\u00e7\u00e3o com Sul Global para governan\u00e7a global inclusiva e sustent\u00e1vel - Xinhua - Diario de Pernambuco","isPartOf":{"@id":"https:\/\/diariodepe.com.br\/xinhua\/#website"},"primaryImageOfPage":{"@id":"https:\/\/diariodepe.com.br\/xinhua\/2025\/07\/10\/brics-se-mobiliza-para-expandir-cooperacao-com-sul-global-para-governanca-global-inclusiva-e-sustentavel\/#primaryimage"},"image":{"@id":"https:\/\/diariodepe.com.br\/xinhua\/2025\/07\/10\/brics-se-mobiliza-para-expandir-cooperacao-com-sul-global-para-governanca-global-inclusiva-e-sustentavel\/#primaryimage"},"thumbnailUrl":"https:\/\/diariodepe.com.br\/xinhua\/wp-content\/uploads\/sites\/3\/2025\/07\/20250710923a0e3c563a4daf9b807d068dc56876_20250710fea4fc586df947f7a34308939257edb9.jpeg","datePublished":"2025-07-10T17:33:00+00:00","breadcrumb":{"@id":"https:\/\/diariodepe.com.br\/xinhua\/2025\/07\/10\/brics-se-mobiliza-para-expandir-cooperacao-com-sul-global-para-governanca-global-inclusiva-e-sustentavel\/#breadcrumb"},"inLanguage":"pt-BR","potentialAction":[{"@type":"ReadAction","target":["https:\/\/diariodepe.com.br\/xinhua\/2025\/07\/10\/brics-se-mobiliza-para-expandir-cooperacao-com-sul-global-para-governanca-global-inclusiva-e-sustentavel\/"]}]},{"@type":"ImageObject","inLanguage":"pt-BR","@id":"https:\/\/diariodepe.com.br\/xinhua\/2025\/07\/10\/brics-se-mobiliza-para-expandir-cooperacao-com-sul-global-para-governanca-global-inclusiva-e-sustentavel\/#primaryimage","url":"https:\/\/diariodepe.com.br\/xinhua\/wp-content\/uploads\/sites\/3\/2025\/07\/20250710923a0e3c563a4daf9b807d068dc56876_20250710fea4fc586df947f7a34308939257edb9.jpeg","contentUrl":"https:\/\/diariodepe.com.br\/xinhua\/wp-content\/uploads\/sites\/3\/2025\/07\/20250710923a0e3c563a4daf9b807d068dc56876_20250710fea4fc586df947f7a34308939257edb9.jpeg","width":900,"height":600,"caption":"(250707) -- RIO DE JANEIRO, July 7, 2025 (Xinhua) -- Leaders from BRICS members and partner countries, guest countries, as well as representatives of international organizations, pose for a group photo in Rio de Janeiro, Brazil, July 7, 2025. Chinese Premier Li Qiang spoke on topics including strengthening multilateralism, artificial intelligence, environment and climate change, and global health at the plenary sessions of the 17th BRICS Summit in Rio de Janeiro on Sunday and Monday. (Xinhua\/Liu Bin)"},{"@type":"BreadcrumbList","@id":"https:\/\/diariodepe.com.br\/xinhua\/2025\/07\/10\/brics-se-mobiliza-para-expandir-cooperacao-com-sul-global-para-governanca-global-inclusiva-e-sustentavel\/#breadcrumb","itemListElement":[{"@type":"ListItem","position":1,"name":"In\u00edcio","item":"https:\/\/diariodepe.com.br\/xinhua\/"},{"@type":"ListItem","position":2,"name":"BRICS se mobiliza para expandir coopera\u00e7\u00e3o com Sul Global para governan\u00e7a global inclusiva e sustent\u00e1vel"}]},{"@type":"WebSite","@id":"https:\/\/diariodepe.com.br\/xinhua\/#website","url":"https:\/\/diariodepe.com.br\/xinhua\/","name":"Xinhua - Diario de Pernambuco","description":"A maior ag\u00eancia de not\u00edcias da China e um dos principais canais para conhecer o pa\u00eds","publisher":{"@id":"https:\/\/diariodepe.com.br\/xinhua\/#organization"},"potentialAction":[{"@type":"SearchAction","target":{"@type":"EntryPoint","urlTemplate":"https:\/\/diariodepe.com.br\/xinhua\/?s={search_term_string}"},"query-input":{"@type":"PropertyValueSpecification","valueRequired":true,"valueName":"search_term_string"}}],"inLanguage":"pt-BR"},{"@type":"Organization","@id":"https:\/\/diariodepe.com.br\/xinhua\/#organization","name":"Xinhua - Diario de Pernambuco","url":"https:\/\/diariodepe.com.br\/xinhua\/","logo":{"@type":"ImageObject","inLanguage":"pt-BR","@id":"https:\/\/diariodepe.com.br\/xinhua\/#\/schema\/logo\/image\/","url":"https:\/\/diariodepe.com.br\/xinhua\/wp-content\/uploads\/sites\/3\/2020\/10\/cropped-logo-transparente-2.png","contentUrl":"https:\/\/diariodepe.com.br\/xinhua\/wp-content\/uploads\/sites\/3\/2020\/10\/cropped-logo-transparente-2.png","width":512,"height":164,"caption":"Xinhua - Diario de Pernambuco"},"image":{"@id":"https:\/\/diariodepe.com.br\/xinhua\/#\/schema\/logo\/image\/"}},{"@type":"Person","@id":"https:\/\/diariodepe.com.br\/xinhua\/#\/schema\/person\/0943d6fd02bdc7b49c8f495e8787a2cb","name":"Marcelo Oliveira de A. Maranhao","image":{"@type":"ImageObject","inLanguage":"pt-BR","@id":"https:\/\/secure.gravatar.com\/avatar\/f562caee940d39879c20e90eea3e4b21860c7d4c96684c23141c554824f0059c?s=96&d=mm&r=g","url":"https:\/\/secure.gravatar.com\/avatar\/f562caee940d39879c20e90eea3e4b21860c7d4c96684c23141c554824f0059c?s=96&d=mm&r=g","contentUrl":"https:\/\/secure.gravatar.com\/avatar\/f562caee940d39879c20e90eea3e4b21860c7d4c96684c23141c554824f0059c?s=96&d=mm&r=g","caption":"Marcelo Oliveira de A. Maranhao"},"url":"https:\/\/diariodepe.com.br\/xinhua\/author\/marcelo-maranhao\/"}]}},"cc_featured_image_caption":{"caption_text":"","source_text":"","source_url":""},"amp_enabled":true,"_links":{"self":[{"href":"https:\/\/diariodepe.com.br\/xinhua\/wp-json\/wp\/v2\/posts\/26968","targetHints":{"allow":["GET"]}}],"collection":[{"href":"https:\/\/diariodepe.com.br\/xinhua\/wp-json\/wp\/v2\/posts"}],"about":[{"href":"https:\/\/diariodepe.com.br\/xinhua\/wp-json\/wp\/v2\/types\/post"}],"author":[{"embeddable":true,"href":"https:\/\/diariodepe.com.br\/xinhua\/wp-json\/wp\/v2\/users\/3"}],"replies":[{"embeddable":true,"href":"https:\/\/diariodepe.com.br\/xinhua\/wp-json\/wp\/v2\/comments?post=26968"}],"version-history":[{"count":1,"href":"https:\/\/diariodepe.com.br\/xinhua\/wp-json\/wp\/v2\/posts\/26968\/revisions"}],"predecessor-version":[{"id":26970,"href":"https:\/\/diariodepe.com.br\/xinhua\/wp-json\/wp\/v2\/posts\/26968\/revisions\/26970"}],"wp:featuredmedia":[{"embeddable":true,"href":"https:\/\/diariodepe.com.br\/xinhua\/wp-json\/wp\/v2\/media\/26969"}],"wp:attachment":[{"href":"https:\/\/diariodepe.com.br\/xinhua\/wp-json\/wp\/v2\/media?parent=26968"}],"wp:term":[{"taxonomy":"category","embeddable":true,"href":"https:\/\/diariodepe.com.br\/xinhua\/wp-json\/wp\/v2\/categories?post=26968"},{"taxonomy":"post_tag","embeddable":true,"href":"https:\/\/diariodepe.com.br\/xinhua\/wp-json\/wp\/v2\/tags?post=26968"}],"curies":[{"name":"wp","href":"https:\/\/api.w.org\/{rel}","templated":true}]}}