{"id":2696,"date":"2021-08-18T07:50:34","date_gmt":"2021-08-18T10:50:34","guid":{"rendered":"http:\/\/www.diariodepe.com.br\/xinhua\/?p=2696"},"modified":"2021-08-18T07:50:35","modified_gmt":"2021-08-18T10:50:35","slug":"chanceler-chines-conversa-com-secretario-de-estado-americano-sobre-lacos-bilaterais","status":"publish","type":"post","link":"https:\/\/diariodepe.com.br\/xinhua\/2021\/08\/18\/chanceler-chines-conversa-com-secretario-de-estado-americano-sobre-lacos-bilaterais\/","title":{"rendered":"Chanceler chin\u00eas conversa com secret\u00e1rio de Estado americano sobre la\u00e7os bilaterais"},"content":{"rendered":"\n<p>Beijing &#8211; O conselheiro de Estado e ministro das Rela\u00e7\u00f5es Exteriores da China, Wang Yi, trocou nesta segunda-feira opini\u00f5es sobre os la\u00e7os bilaterais com o secret\u00e1rio de Estado americano, Antony Blinken, durante uma conversa telef\u00f4nica.<\/p>\n\n\n\n<p>Wang disse que tanto a China quanto os Estados Unidos s\u00e3o membros permanentes do Conselho de Seguran\u00e7a das Na\u00e7\u00f5es Unidas e importantes participantes do sistema internacional contempor\u00e2neo.<\/p>\n\n\n\n<p>Ante diversos desafios globais e assuntos importantes e prementes de n\u00edvel regional, os dois pa\u00edses devem coordenar-se e cooperar, correspondendo ao que a comunidade internacional espera, acrescentou Wang.<\/p>\n\n\n\n<p>Por sua parte, Blinken disse que \u00e9 muito importante para os Estados Unidos e a China manter a comunica\u00e7\u00e3o sobre importantes assuntos internacionais e regionais.<\/p>\n\n\n\n<p>Blinken disse que concorda que um objetivo comum para os Estados Unidos e a China \u00e9 realizar a coexist\u00eancia pac\u00edfica, expressando a esperan\u00e7a de que ambas as partes busquem e realizem a coopera\u00e7\u00e3o.<\/p>\n\n\n\n<p>Claro que existem \u00f3bvias diferen\u00e7as entre os dois lados, disse Blinken, acrescentando que estas podem ser resolvidas de maneira gradual e construtiva ao longo do tempo.<\/p>\n","protected":false},"excerpt":{"rendered":"<p>Beijing &#8211; O conselheiro de Estado e ministro das Rela\u00e7\u00f5es Exteriores da China, Wang Yi, trocou nesta segunda-feira opini\u00f5es sobre os la\u00e7os bilaterais com o secret\u00e1rio de Estado americano, Antony Blinken, durante uma conversa telef\u00f4nica. Wang disse que tanto a&#8230;<\/p>\n","protected":false},"author":3,"featured_media":2697,"comment_status":"open","ping_status":"open","sticky":false,"template":"","format":"standard","meta":{"footnotes":""},"categories":[4],"tags":[],"class_list":["post-2696","post","type-post","status-publish","format-standard","has-post-thumbnail","hentry","category-internacional"],"yoast_head":"<!-- This site is optimized with the Yoast SEO plugin v27.4 - https:\/\/yoast.com\/product\/yoast-seo-wordpress\/ -->\n<title>Chanceler chin\u00eas conversa com secret\u00e1rio de Estado americano sobre la\u00e7os bilaterais - Xinhua - Diario de Pernambuco<\/title>\n<meta name=\"robots\" content=\"index, follow, max-snippet:-1, max-image-preview:large, max-video-preview:-1\" \/>\n<link rel=\"canonical\" href=\"https:\/\/diariodepe.com.br\/xinhua\/2021\/08\/18\/chanceler-chines-conversa-com-secretario-de-estado-americano-sobre-lacos-bilaterais\/\" \/>\n<meta property=\"og:locale\" content=\"pt_BR\" \/>\n<meta property=\"og:type\" content=\"article\" \/>\n<meta property=\"og:title\" content=\"Chanceler chin\u00eas conversa com secret\u00e1rio de Estado americano sobre la\u00e7os bilaterais - Xinhua - Diario de Pernambuco\" \/>\n<meta property=\"og:description\" content=\"Beijing &#8211; O conselheiro de Estado e ministro das Rela\u00e7\u00f5es Exteriores da China, Wang Yi, trocou nesta segunda-feira opini\u00f5es sobre os la\u00e7os bilaterais com o secret\u00e1rio de Estado americano, Antony Blinken, durante uma conversa telef\u00f4nica. Wang disse que tanto a...\" \/>\n<meta property=\"og:url\" content=\"https:\/\/diariodepe.com.br\/xinhua\/2021\/08\/18\/chanceler-chines-conversa-com-secretario-de-estado-americano-sobre-lacos-bilaterais\/\" \/>\n<meta property=\"og:site_name\" content=\"Xinhua - Diario de Pernambuco\" \/>\n<meta property=\"article:published_time\" content=\"2021-08-18T10:50:34+00:00\" \/>\n<meta property=\"article:modified_time\" content=\"2021-08-18T10:50:35+00:00\" \/>\n<meta property=\"og:image\" content=\"https:\/\/diariodepe.com.br\/xinhua\/wp-content\/uploads\/sites\/3\/2021\/08\/1310131775_16291676058981n.jpg\" \/>\n\t<meta property=\"og:image:width\" content=\"900\" \/>\n\t<meta property=\"og:image:height\" content=\"676\" \/>\n\t<meta property=\"og:image:type\" content=\"image\/jpeg\" \/>\n<meta name=\"author\" content=\"Marcelo Oliveira de A. Maranhao\" \/>\n<meta name=\"twitter:card\" content=\"summary_large_image\" \/>\n<meta name=\"twitter:label1\" content=\"Escrito por\" \/>\n\t<meta name=\"twitter:data1\" content=\"Marcelo Oliveira de A. Maranhao\" \/>\n\t<meta name=\"twitter:label2\" content=\"Est. tempo de leitura\" \/>\n\t<meta name=\"twitter:data2\" content=\"1 minuto\" \/>\n<script type=\"application\/ld+json\" class=\"yoast-schema-graph\">{\"@context\":\"https:\\\/\\\/schema.org\",\"@graph\":[{\"@type\":\"Article\",\"@id\":\"https:\\\/\\\/diariodepe.com.br\\\/xinhua\\\/2021\\\/08\\\/18\\\/chanceler-chines-conversa-com-secretario-de-estado-americano-sobre-lacos-bilaterais\\\/#article\",\"isPartOf\":{\"@id\":\"https:\\\/\\\/diariodepe.com.br\\\/xinhua\\\/2021\\\/08\\\/18\\\/chanceler-chines-conversa-com-secretario-de-estado-americano-sobre-lacos-bilaterais\\\/\"},\"author\":{\"name\":\"Marcelo Oliveira de A. Maranhao\",\"@id\":\"https:\\\/\\\/diariodepe.com.br\\\/xinhua\\\/#\\\/schema\\\/person\\\/0943d6fd02bdc7b49c8f495e8787a2cb\"},\"headline\":\"Chanceler chin\u00eas conversa com secret\u00e1rio de Estado americano sobre la\u00e7os bilaterais\",\"datePublished\":\"2021-08-18T10:50:34+00:00\",\"dateModified\":\"2021-08-18T10:50:35+00:00\",\"mainEntityOfPage\":{\"@id\":\"https:\\\/\\\/diariodepe.com.br\\\/xinhua\\\/2021\\\/08\\\/18\\\/chanceler-chines-conversa-com-secretario-de-estado-americano-sobre-lacos-bilaterais\\\/\"},\"wordCount\":203,\"commentCount\":0,\"publisher\":{\"@id\":\"https:\\\/\\\/diariodepe.com.br\\\/xinhua\\\/#organization\"},\"image\":{\"@id\":\"https:\\\/\\\/diariodepe.com.br\\\/xinhua\\\/2021\\\/08\\\/18\\\/chanceler-chines-conversa-com-secretario-de-estado-americano-sobre-lacos-bilaterais\\\/#primaryimage\"},\"thumbnailUrl\":\"https:\\\/\\\/diariodepe.com.br\\\/xinhua\\\/wp-content\\\/uploads\\\/sites\\\/3\\\/2021\\\/08\\\/1310131775_16291676058981n.jpg\",\"articleSection\":[\"Internacional\"],\"inLanguage\":\"pt-BR\",\"potentialAction\":[{\"@type\":\"CommentAction\",\"name\":\"Comment\",\"target\":[\"https:\\\/\\\/diariodepe.com.br\\\/xinhua\\\/2021\\\/08\\\/18\\\/chanceler-chines-conversa-com-secretario-de-estado-americano-sobre-lacos-bilaterais\\\/#respond\"]}]},{\"@type\":\"WebPage\",\"@id\":\"https:\\\/\\\/diariodepe.com.br\\\/xinhua\\\/2021\\\/08\\\/18\\\/chanceler-chines-conversa-com-secretario-de-estado-americano-sobre-lacos-bilaterais\\\/\",\"url\":\"https:\\\/\\\/diariodepe.com.br\\\/xinhua\\\/2021\\\/08\\\/18\\\/chanceler-chines-conversa-com-secretario-de-estado-americano-sobre-lacos-bilaterais\\\/\",\"name\":\"Chanceler chin\u00eas conversa com secret\u00e1rio de Estado americano sobre la\u00e7os bilaterais - Xinhua - Diario de Pernambuco\",\"isPartOf\":{\"@id\":\"https:\\\/\\\/diariodepe.com.br\\\/xinhua\\\/#website\"},\"primaryImageOfPage\":{\"@id\":\"https:\\\/\\\/diariodepe.com.br\\\/xinhua\\\/2021\\\/08\\\/18\\\/chanceler-chines-conversa-com-secretario-de-estado-americano-sobre-lacos-bilaterais\\\/#primaryimage\"},\"image\":{\"@id\":\"https:\\\/\\\/diariodepe.com.br\\\/xinhua\\\/2021\\\/08\\\/18\\\/chanceler-chines-conversa-com-secretario-de-estado-americano-sobre-lacos-bilaterais\\\/#primaryimage\"},\"thumbnailUrl\":\"https:\\\/\\\/diariodepe.com.br\\\/xinhua\\\/wp-content\\\/uploads\\\/sites\\\/3\\\/2021\\\/08\\\/1310131775_16291676058981n.jpg\",\"datePublished\":\"2021-08-18T10:50:34+00:00\",\"dateModified\":\"2021-08-18T10:50:35+00:00\",\"breadcrumb\":{\"@id\":\"https:\\\/\\\/diariodepe.com.br\\\/xinhua\\\/2021\\\/08\\\/18\\\/chanceler-chines-conversa-com-secretario-de-estado-americano-sobre-lacos-bilaterais\\\/#breadcrumb\"},\"inLanguage\":\"pt-BR\",\"potentialAction\":[{\"@type\":\"ReadAction\",\"target\":[\"https:\\\/\\\/diariodepe.com.br\\\/xinhua\\\/2021\\\/08\\\/18\\\/chanceler-chines-conversa-com-secretario-de-estado-americano-sobre-lacos-bilaterais\\\/\"]}]},{\"@type\":\"ImageObject\",\"inLanguage\":\"pt-BR\",\"@id\":\"https:\\\/\\\/diariodepe.com.br\\\/xinhua\\\/2021\\\/08\\\/18\\\/chanceler-chines-conversa-com-secretario-de-estado-americano-sobre-lacos-bilaterais\\\/#primaryimage\",\"url\":\"https:\\\/\\\/diariodepe.com.br\\\/xinhua\\\/wp-content\\\/uploads\\\/sites\\\/3\\\/2021\\\/08\\\/1310131775_16291676058981n.jpg\",\"contentUrl\":\"https:\\\/\\\/diariodepe.com.br\\\/xinhua\\\/wp-content\\\/uploads\\\/sites\\\/3\\\/2021\\\/08\\\/1310131775_16291676058981n.jpg\",\"width\":900,\"height\":676,\"caption\":\"Foto tirada em 24 de setembro de 2015 mostra as bandeiras nacionais da China (D) e dos Estados Unidos, bem como a bandeira de Washington D.C. na Constitution Avenue em Washington, capital dos Estados Unidos. (Xinhua\\\/Bao Dandan)\"},{\"@type\":\"BreadcrumbList\",\"@id\":\"https:\\\/\\\/diariodepe.com.br\\\/xinhua\\\/2021\\\/08\\\/18\\\/chanceler-chines-conversa-com-secretario-de-estado-americano-sobre-lacos-bilaterais\\\/#breadcrumb\",\"itemListElement\":[{\"@type\":\"ListItem\",\"position\":1,\"name\":\"In\u00edcio\",\"item\":\"https:\\\/\\\/diariodepe.com.br\\\/xinhua\\\/\"},{\"@type\":\"ListItem\",\"position\":2,\"name\":\"Chanceler chin\u00eas conversa com secret\u00e1rio de Estado americano sobre la\u00e7os bilaterais\"}]},{\"@type\":\"WebSite\",\"@id\":\"https:\\\/\\\/diariodepe.com.br\\\/xinhua\\\/#website\",\"url\":\"https:\\\/\\\/diariodepe.com.br\\\/xinhua\\\/\",\"name\":\"Xinhua - Diario de Pernambuco\",\"description\":\"A maior ag\u00eancia de not\u00edcias da China e um dos principais canais para conhecer o pa\u00eds\",\"publisher\":{\"@id\":\"https:\\\/\\\/diariodepe.com.br\\\/xinhua\\\/#organization\"},\"potentialAction\":[{\"@type\":\"SearchAction\",\"target\":{\"@type\":\"EntryPoint\",\"urlTemplate\":\"https:\\\/\\\/diariodepe.com.br\\\/xinhua\\\/?s={search_term_string}\"},\"query-input\":{\"@type\":\"PropertyValueSpecification\",\"valueRequired\":true,\"valueName\":\"search_term_string\"}}],\"inLanguage\":\"pt-BR\"},{\"@type\":\"Organization\",\"@id\":\"https:\\\/\\\/diariodepe.com.br\\\/xinhua\\\/#organization\",\"name\":\"Xinhua - Diario de Pernambuco\",\"url\":\"https:\\\/\\\/diariodepe.com.br\\\/xinhua\\\/\",\"logo\":{\"@type\":\"ImageObject\",\"inLanguage\":\"pt-BR\",\"@id\":\"https:\\\/\\\/diariodepe.com.br\\\/xinhua\\\/#\\\/schema\\\/logo\\\/image\\\/\",\"url\":\"https:\\\/\\\/diariodepe.com.br\\\/xinhua\\\/wp-content\\\/uploads\\\/sites\\\/3\\\/2020\\\/10\\\/cropped-logo-transparente-2.png\",\"contentUrl\":\"https:\\\/\\\/diariodepe.com.br\\\/xinhua\\\/wp-content\\\/uploads\\\/sites\\\/3\\\/2020\\\/10\\\/cropped-logo-transparente-2.png\",\"width\":512,\"height\":164,\"caption\":\"Xinhua - Diario de Pernambuco\"},\"image\":{\"@id\":\"https:\\\/\\\/diariodepe.com.br\\\/xinhua\\\/#\\\/schema\\\/logo\\\/image\\\/\"}},{\"@type\":\"Person\",\"@id\":\"https:\\\/\\\/diariodepe.com.br\\\/xinhua\\\/#\\\/schema\\\/person\\\/0943d6fd02bdc7b49c8f495e8787a2cb\",\"name\":\"Marcelo Oliveira de A. Maranhao\",\"image\":{\"@type\":\"ImageObject\",\"inLanguage\":\"pt-BR\",\"@id\":\"https:\\\/\\\/secure.gravatar.com\\\/avatar\\\/f562caee940d39879c20e90eea3e4b21860c7d4c96684c23141c554824f0059c?s=96&d=mm&r=g\",\"url\":\"https:\\\/\\\/secure.gravatar.com\\\/avatar\\\/f562caee940d39879c20e90eea3e4b21860c7d4c96684c23141c554824f0059c?s=96&d=mm&r=g\",\"contentUrl\":\"https:\\\/\\\/secure.gravatar.com\\\/avatar\\\/f562caee940d39879c20e90eea3e4b21860c7d4c96684c23141c554824f0059c?s=96&d=mm&r=g\",\"caption\":\"Marcelo Oliveira de A. Maranhao\"},\"url\":\"https:\\\/\\\/diariodepe.com.br\\\/xinhua\\\/author\\\/marcelo-maranhao\\\/\"}]}<\/script>\n<!-- \/ Yoast SEO plugin. -->","yoast_head_json":{"title":"Chanceler chin\u00eas conversa com secret\u00e1rio de Estado americano sobre la\u00e7os bilaterais - Xinhua - Diario de Pernambuco","robots":{"index":"index","follow":"follow","max-snippet":"max-snippet:-1","max-image-preview":"max-image-preview:large","max-video-preview":"max-video-preview:-1"},"canonical":"https:\/\/diariodepe.com.br\/xinhua\/2021\/08\/18\/chanceler-chines-conversa-com-secretario-de-estado-americano-sobre-lacos-bilaterais\/","og_locale":"pt_BR","og_type":"article","og_title":"Chanceler chin\u00eas conversa com secret\u00e1rio de Estado americano sobre la\u00e7os bilaterais - Xinhua - Diario de Pernambuco","og_description":"Beijing &#8211; O conselheiro de Estado e ministro das Rela\u00e7\u00f5es Exteriores da China, Wang Yi, trocou nesta segunda-feira opini\u00f5es sobre os la\u00e7os bilaterais com o secret\u00e1rio de Estado americano, Antony Blinken, durante uma conversa telef\u00f4nica. Wang disse que tanto a...","og_url":"https:\/\/diariodepe.com.br\/xinhua\/2021\/08\/18\/chanceler-chines-conversa-com-secretario-de-estado-americano-sobre-lacos-bilaterais\/","og_site_name":"Xinhua - Diario de Pernambuco","article_published_time":"2021-08-18T10:50:34+00:00","article_modified_time":"2021-08-18T10:50:35+00:00","og_image":[{"width":900,"height":676,"url":"https:\/\/diariodepe.com.br\/xinhua\/wp-content\/uploads\/sites\/3\/2021\/08\/1310131775_16291676058981n.jpg","type":"image\/jpeg"}],"author":"Marcelo Oliveira de A. Maranhao","twitter_card":"summary_large_image","twitter_misc":{"Escrito por":"Marcelo Oliveira de A. Maranhao","Est. tempo de leitura":"1 minuto"},"schema":{"@context":"https:\/\/schema.org","@graph":[{"@type":"Article","@id":"https:\/\/diariodepe.com.br\/xinhua\/2021\/08\/18\/chanceler-chines-conversa-com-secretario-de-estado-americano-sobre-lacos-bilaterais\/#article","isPartOf":{"@id":"https:\/\/diariodepe.com.br\/xinhua\/2021\/08\/18\/chanceler-chines-conversa-com-secretario-de-estado-americano-sobre-lacos-bilaterais\/"},"author":{"name":"Marcelo Oliveira de A. Maranhao","@id":"https:\/\/diariodepe.com.br\/xinhua\/#\/schema\/person\/0943d6fd02bdc7b49c8f495e8787a2cb"},"headline":"Chanceler chin\u00eas conversa com secret\u00e1rio de Estado americano sobre la\u00e7os bilaterais","datePublished":"2021-08-18T10:50:34+00:00","dateModified":"2021-08-18T10:50:35+00:00","mainEntityOfPage":{"@id":"https:\/\/diariodepe.com.br\/xinhua\/2021\/08\/18\/chanceler-chines-conversa-com-secretario-de-estado-americano-sobre-lacos-bilaterais\/"},"wordCount":203,"commentCount":0,"publisher":{"@id":"https:\/\/diariodepe.com.br\/xinhua\/#organization"},"image":{"@id":"https:\/\/diariodepe.com.br\/xinhua\/2021\/08\/18\/chanceler-chines-conversa-com-secretario-de-estado-americano-sobre-lacos-bilaterais\/#primaryimage"},"thumbnailUrl":"https:\/\/diariodepe.com.br\/xinhua\/wp-content\/uploads\/sites\/3\/2021\/08\/1310131775_16291676058981n.jpg","articleSection":["Internacional"],"inLanguage":"pt-BR","potentialAction":[{"@type":"CommentAction","name":"Comment","target":["https:\/\/diariodepe.com.br\/xinhua\/2021\/08\/18\/chanceler-chines-conversa-com-secretario-de-estado-americano-sobre-lacos-bilaterais\/#respond"]}]},{"@type":"WebPage","@id":"https:\/\/diariodepe.com.br\/xinhua\/2021\/08\/18\/chanceler-chines-conversa-com-secretario-de-estado-americano-sobre-lacos-bilaterais\/","url":"https:\/\/diariodepe.com.br\/xinhua\/2021\/08\/18\/chanceler-chines-conversa-com-secretario-de-estado-americano-sobre-lacos-bilaterais\/","name":"Chanceler chin\u00eas conversa com secret\u00e1rio de Estado americano sobre la\u00e7os bilaterais - Xinhua - Diario de Pernambuco","isPartOf":{"@id":"https:\/\/diariodepe.com.br\/xinhua\/#website"},"primaryImageOfPage":{"@id":"https:\/\/diariodepe.com.br\/xinhua\/2021\/08\/18\/chanceler-chines-conversa-com-secretario-de-estado-americano-sobre-lacos-bilaterais\/#primaryimage"},"image":{"@id":"https:\/\/diariodepe.com.br\/xinhua\/2021\/08\/18\/chanceler-chines-conversa-com-secretario-de-estado-americano-sobre-lacos-bilaterais\/#primaryimage"},"thumbnailUrl":"https:\/\/diariodepe.com.br\/xinhua\/wp-content\/uploads\/sites\/3\/2021\/08\/1310131775_16291676058981n.jpg","datePublished":"2021-08-18T10:50:34+00:00","dateModified":"2021-08-18T10:50:35+00:00","breadcrumb":{"@id":"https:\/\/diariodepe.com.br\/xinhua\/2021\/08\/18\/chanceler-chines-conversa-com-secretario-de-estado-americano-sobre-lacos-bilaterais\/#breadcrumb"},"inLanguage":"pt-BR","potentialAction":[{"@type":"ReadAction","target":["https:\/\/diariodepe.com.br\/xinhua\/2021\/08\/18\/chanceler-chines-conversa-com-secretario-de-estado-americano-sobre-lacos-bilaterais\/"]}]},{"@type":"ImageObject","inLanguage":"pt-BR","@id":"https:\/\/diariodepe.com.br\/xinhua\/2021\/08\/18\/chanceler-chines-conversa-com-secretario-de-estado-americano-sobre-lacos-bilaterais\/#primaryimage","url":"https:\/\/diariodepe.com.br\/xinhua\/wp-content\/uploads\/sites\/3\/2021\/08\/1310131775_16291676058981n.jpg","contentUrl":"https:\/\/diariodepe.com.br\/xinhua\/wp-content\/uploads\/sites\/3\/2021\/08\/1310131775_16291676058981n.jpg","width":900,"height":676,"caption":"Foto tirada em 24 de setembro de 2015 mostra as bandeiras nacionais da China (D) e dos Estados Unidos, bem como a bandeira de Washington D.C. na Constitution Avenue em Washington, capital dos Estados Unidos. (Xinhua\/Bao Dandan)"},{"@type":"BreadcrumbList","@id":"https:\/\/diariodepe.com.br\/xinhua\/2021\/08\/18\/chanceler-chines-conversa-com-secretario-de-estado-americano-sobre-lacos-bilaterais\/#breadcrumb","itemListElement":[{"@type":"ListItem","position":1,"name":"In\u00edcio","item":"https:\/\/diariodepe.com.br\/xinhua\/"},{"@type":"ListItem","position":2,"name":"Chanceler chin\u00eas conversa com secret\u00e1rio de Estado americano sobre la\u00e7os bilaterais"}]},{"@type":"WebSite","@id":"https:\/\/diariodepe.com.br\/xinhua\/#website","url":"https:\/\/diariodepe.com.br\/xinhua\/","name":"Xinhua - Diario de Pernambuco","description":"A maior ag\u00eancia de not\u00edcias da China e um dos principais canais para conhecer o pa\u00eds","publisher":{"@id":"https:\/\/diariodepe.com.br\/xinhua\/#organization"},"potentialAction":[{"@type":"SearchAction","target":{"@type":"EntryPoint","urlTemplate":"https:\/\/diariodepe.com.br\/xinhua\/?s={search_term_string}"},"query-input":{"@type":"PropertyValueSpecification","valueRequired":true,"valueName":"search_term_string"}}],"inLanguage":"pt-BR"},{"@type":"Organization","@id":"https:\/\/diariodepe.com.br\/xinhua\/#organization","name":"Xinhua - Diario de Pernambuco","url":"https:\/\/diariodepe.com.br\/xinhua\/","logo":{"@type":"ImageObject","inLanguage":"pt-BR","@id":"https:\/\/diariodepe.com.br\/xinhua\/#\/schema\/logo\/image\/","url":"https:\/\/diariodepe.com.br\/xinhua\/wp-content\/uploads\/sites\/3\/2020\/10\/cropped-logo-transparente-2.png","contentUrl":"https:\/\/diariodepe.com.br\/xinhua\/wp-content\/uploads\/sites\/3\/2020\/10\/cropped-logo-transparente-2.png","width":512,"height":164,"caption":"Xinhua - Diario de Pernambuco"},"image":{"@id":"https:\/\/diariodepe.com.br\/xinhua\/#\/schema\/logo\/image\/"}},{"@type":"Person","@id":"https:\/\/diariodepe.com.br\/xinhua\/#\/schema\/person\/0943d6fd02bdc7b49c8f495e8787a2cb","name":"Marcelo Oliveira de A. Maranhao","image":{"@type":"ImageObject","inLanguage":"pt-BR","@id":"https:\/\/secure.gravatar.com\/avatar\/f562caee940d39879c20e90eea3e4b21860c7d4c96684c23141c554824f0059c?s=96&d=mm&r=g","url":"https:\/\/secure.gravatar.com\/avatar\/f562caee940d39879c20e90eea3e4b21860c7d4c96684c23141c554824f0059c?s=96&d=mm&r=g","contentUrl":"https:\/\/secure.gravatar.com\/avatar\/f562caee940d39879c20e90eea3e4b21860c7d4c96684c23141c554824f0059c?s=96&d=mm&r=g","caption":"Marcelo Oliveira de A. Maranhao"},"url":"https:\/\/diariodepe.com.br\/xinhua\/author\/marcelo-maranhao\/"}]}},"cc_featured_image_caption":{"caption_text":"","source_text":"","source_url":""},"amp_enabled":true,"_links":{"self":[{"href":"https:\/\/diariodepe.com.br\/xinhua\/wp-json\/wp\/v2\/posts\/2696","targetHints":{"allow":["GET"]}}],"collection":[{"href":"https:\/\/diariodepe.com.br\/xinhua\/wp-json\/wp\/v2\/posts"}],"about":[{"href":"https:\/\/diariodepe.com.br\/xinhua\/wp-json\/wp\/v2\/types\/post"}],"author":[{"embeddable":true,"href":"https:\/\/diariodepe.com.br\/xinhua\/wp-json\/wp\/v2\/users\/3"}],"replies":[{"embeddable":true,"href":"https:\/\/diariodepe.com.br\/xinhua\/wp-json\/wp\/v2\/comments?post=2696"}],"version-history":[{"count":1,"href":"https:\/\/diariodepe.com.br\/xinhua\/wp-json\/wp\/v2\/posts\/2696\/revisions"}],"predecessor-version":[{"id":2698,"href":"https:\/\/diariodepe.com.br\/xinhua\/wp-json\/wp\/v2\/posts\/2696\/revisions\/2698"}],"wp:featuredmedia":[{"embeddable":true,"href":"https:\/\/diariodepe.com.br\/xinhua\/wp-json\/wp\/v2\/media\/2697"}],"wp:attachment":[{"href":"https:\/\/diariodepe.com.br\/xinhua\/wp-json\/wp\/v2\/media?parent=2696"}],"wp:term":[{"taxonomy":"category","embeddable":true,"href":"https:\/\/diariodepe.com.br\/xinhua\/wp-json\/wp\/v2\/categories?post=2696"},{"taxonomy":"post_tag","embeddable":true,"href":"https:\/\/diariodepe.com.br\/xinhua\/wp-json\/wp\/v2\/tags?post=2696"}],"curies":[{"name":"wp","href":"https:\/\/api.w.org\/{rel}","templated":true}]}}