{"id":26954,"date":"2025-07-10T09:00:00","date_gmt":"2025-07-10T12:00:00","guid":{"rendered":"https:\/\/www.diariodepe.com.br\/xinhua\/?p=26954"},"modified":"2025-07-09T16:33:40","modified_gmt":"2025-07-09T19:33:40","slug":"china-e-egito-devem-aprofundar-coordenacao-estrategica-em-prol-de-interesses-comuns-diz-primeiro-ministro-chines","status":"publish","type":"post","link":"https:\/\/diariodepe.com.br\/xinhua\/2025\/07\/10\/china-e-egito-devem-aprofundar-coordenacao-estrategica-em-prol-de-interesses-comuns-diz-primeiro-ministro-chines\/","title":{"rendered":"China e Egito devem aprofundar coordena\u00e7\u00e3o estrat\u00e9gica em prol de interesses comuns, diz primeiro-ministro chin\u00eas"},"content":{"rendered":"\n<p>Cairo &#8211; O primeiro-ministro chin\u00eas, Li Qiang, disse nesta quarta-feira que a China e o Egito, como membros importantes do Sul Global, devem fortalecer ainda mais a coordena\u00e7\u00e3o estrat\u00e9gica para salvaguardar seus interesses comuns.<\/p>\n\n\n\n<p>Li fez as declara\u00e7\u00f5es ao chegar \u00e0 capital eg\u00edpcia para uma visita oficial ao pa\u00eds do Oriente M\u00e9dio, a convite de seu hom\u00f3logo eg\u00edpcio, Mostafa Kamal Madbouly.<\/p>\n\n\n\n<p>Observando que a China e o Egito s\u00e3o civiliza\u00e7\u00f5es antigas, Li disse que desde o estabelecimento dos la\u00e7os diplom\u00e1ticos h\u00e1 quase 70 anos, os dois pa\u00edses permaneceram amigos \u00edntimos que se apoiam mutuamente e parceiros estrat\u00e9gicos com um futuro compartilhado.<\/p>\n\n\n\n<p>Nos \u00faltimos anos, sob a orienta\u00e7\u00e3o estrat\u00e9gica do presidente chin\u00eas Xi Jinping e do presidente eg\u00edpcio Abdel Fattah El-Sisi, as rela\u00e7\u00f5es China-Egito floresceram, com sua amizade tradicional se fortalecendo ao longo do tempo, a confian\u00e7a pol\u00edtica m\u00fatua sendo aprofundada, os resultados frut\u00edferos sendo produzidos por meio da coopera\u00e7\u00e3o pr\u00e1tica, e a coordena\u00e7\u00e3o multilateral se tornando mais pr\u00f3xima e eficaz, disse ele.<\/p>\n\n\n\n<p>Juntos, os dois pa\u00edses estabeleceram um modelo de solidariedade, unidade, autossufici\u00eancia, benef\u00edcio m\u00fatuo e apoio m\u00fatuo entre os principais pa\u00edses em desenvolvimento, disse Li.<\/p>\n\n\n\n<p>No ano passado, os dois chefes de Estado se reuniram duas vezes e chegaram a um importante consenso sobre o avan\u00e7o da constru\u00e7\u00e3o de uma comunidade China-Egito com um futuro compartilhado na nova era, o que inaugurou novas oportunidades para as rela\u00e7\u00f5es bilaterais, disse ele.<\/p>\n\n\n\n<p>Sob o contexto da transforma\u00e7\u00e3o global acelerada n\u00e3o vista em um s\u00e9culo e do surgimento de v\u00e1rios desafios, a China e o Egito, como membros-chave do Sul Global, tamb\u00e9m devem promover conjuntamente a paz e a prosperidade, disse o primeiro-ministro chin\u00eas.<\/p>\n\n\n\n<p>Li disse que a China est\u00e1 disposta a trabalhar com o Egito para aprofundar a coopera\u00e7\u00e3o em todas as \u00e1reas sob a orienta\u00e7\u00e3o estrat\u00e9gica dos dois chefes de Estado, enriquecer continuamente a conota\u00e7\u00e3o da parceria estrat\u00e9gica abrangente China-Egito, injetar forte impulso em seus respectivos desenvolvimentos e revitaliza\u00e7\u00e3o nacional e contribuir ativamente para a paz e estabilidade regionais e globais.<\/p>\n\n\n\n<p>O primeiro-ministro eg\u00edpcio e altos funcion\u00e1rios do governo deram as boas-vindas a Li no aeroporto e realizaram uma cerim\u00f4nia de recep\u00e7\u00e3o em sua homenagem. Antes de sua chegada, Li participou da 17\u00aa C\u00fapula do BRICS no Rio de Janeiro, Brasil.<\/p>\n","protected":false},"excerpt":{"rendered":"<p>Cairo &#8211; O primeiro-ministro chin\u00eas, Li Qiang, disse nesta quarta-feira que a China e o Egito, como membros importantes do Sul Global, devem fortalecer ainda mais a coordena\u00e7\u00e3o estrat\u00e9gica para salvaguardar seus interesses comuns. Li fez as declara\u00e7\u00f5es ao chegar&#8230;<\/p>\n","protected":false},"author":3,"featured_media":26955,"comment_status":"open","ping_status":"open","sticky":false,"template":"","format":"standard","meta":{"footnotes":""},"categories":[4],"tags":[],"class_list":["post-26954","post","type-post","status-publish","format-standard","has-post-thumbnail","hentry","category-internacional"],"yoast_head":"<!-- This site is optimized with the Yoast SEO plugin v27.4 - https:\/\/yoast.com\/product\/yoast-seo-wordpress\/ -->\n<title>China e Egito devem aprofundar coordena\u00e7\u00e3o estrat\u00e9gica em prol de interesses comuns, diz primeiro-ministro chin\u00eas - Xinhua - Diario de Pernambuco<\/title>\n<meta name=\"robots\" content=\"index, follow, max-snippet:-1, max-image-preview:large, max-video-preview:-1\" \/>\n<link rel=\"canonical\" href=\"https:\/\/diariodepe.com.br\/xinhua\/2025\/07\/10\/china-e-egito-devem-aprofundar-coordenacao-estrategica-em-prol-de-interesses-comuns-diz-primeiro-ministro-chines\/\" \/>\n<meta property=\"og:locale\" content=\"pt_BR\" \/>\n<meta property=\"og:type\" content=\"article\" \/>\n<meta property=\"og:title\" content=\"China e Egito devem aprofundar coordena\u00e7\u00e3o estrat\u00e9gica em prol de interesses comuns, diz primeiro-ministro chin\u00eas - Xinhua - Diario de Pernambuco\" \/>\n<meta property=\"og:description\" content=\"Cairo &#8211; O primeiro-ministro chin\u00eas, Li Qiang, disse nesta quarta-feira que a China e o Egito, como membros importantes do Sul Global, devem fortalecer ainda mais a coordena\u00e7\u00e3o estrat\u00e9gica para salvaguardar seus interesses comuns. Li fez as declara\u00e7\u00f5es ao chegar...\" \/>\n<meta property=\"og:url\" content=\"https:\/\/diariodepe.com.br\/xinhua\/2025\/07\/10\/china-e-egito-devem-aprofundar-coordenacao-estrategica-em-prol-de-interesses-comuns-diz-primeiro-ministro-chines\/\" \/>\n<meta property=\"og:site_name\" content=\"Xinhua - Diario de Pernambuco\" \/>\n<meta property=\"article:published_time\" content=\"2025-07-10T12:00:00+00:00\" \/>\n<meta property=\"og:image\" content=\"https:\/\/diariodepe.com.br\/xinhua\/wp-content\/uploads\/sites\/3\/2025\/07\/f0NCFpnzaaBVMSGX.jpeg\" \/>\n\t<meta property=\"og:image:width\" content=\"1015\" \/>\n\t<meta property=\"og:image:height\" content=\"792\" \/>\n\t<meta property=\"og:image:type\" content=\"image\/jpeg\" \/>\n<meta name=\"author\" content=\"Marcelo Oliveira de A. Maranhao\" \/>\n<meta name=\"twitter:card\" content=\"summary_large_image\" \/>\n<meta name=\"twitter:label1\" content=\"Escrito por\" \/>\n\t<meta name=\"twitter:data1\" content=\"Marcelo Oliveira de A. Maranhao\" \/>\n\t<meta name=\"twitter:label2\" content=\"Est. tempo de leitura\" \/>\n\t<meta name=\"twitter:data2\" content=\"3 minutos\" \/>\n<script type=\"application\/ld+json\" class=\"yoast-schema-graph\">{\"@context\":\"https:\\\/\\\/schema.org\",\"@graph\":[{\"@type\":\"Article\",\"@id\":\"https:\\\/\\\/diariodepe.com.br\\\/xinhua\\\/2025\\\/07\\\/10\\\/china-e-egito-devem-aprofundar-coordenacao-estrategica-em-prol-de-interesses-comuns-diz-primeiro-ministro-chines\\\/#article\",\"isPartOf\":{\"@id\":\"https:\\\/\\\/diariodepe.com.br\\\/xinhua\\\/2025\\\/07\\\/10\\\/china-e-egito-devem-aprofundar-coordenacao-estrategica-em-prol-de-interesses-comuns-diz-primeiro-ministro-chines\\\/\"},\"author\":{\"name\":\"Marcelo Oliveira de A. Maranhao\",\"@id\":\"https:\\\/\\\/diariodepe.com.br\\\/xinhua\\\/#\\\/schema\\\/person\\\/0943d6fd02bdc7b49c8f495e8787a2cb\"},\"headline\":\"China e Egito devem aprofundar coordena\u00e7\u00e3o estrat\u00e9gica em prol de interesses comuns, diz primeiro-ministro chin\u00eas\",\"datePublished\":\"2025-07-10T12:00:00+00:00\",\"mainEntityOfPage\":{\"@id\":\"https:\\\/\\\/diariodepe.com.br\\\/xinhua\\\/2025\\\/07\\\/10\\\/china-e-egito-devem-aprofundar-coordenacao-estrategica-em-prol-de-interesses-comuns-diz-primeiro-ministro-chines\\\/\"},\"wordCount\":440,\"commentCount\":0,\"publisher\":{\"@id\":\"https:\\\/\\\/diariodepe.com.br\\\/xinhua\\\/#organization\"},\"image\":{\"@id\":\"https:\\\/\\\/diariodepe.com.br\\\/xinhua\\\/2025\\\/07\\\/10\\\/china-e-egito-devem-aprofundar-coordenacao-estrategica-em-prol-de-interesses-comuns-diz-primeiro-ministro-chines\\\/#primaryimage\"},\"thumbnailUrl\":\"https:\\\/\\\/diariodepe.com.br\\\/xinhua\\\/wp-content\\\/uploads\\\/sites\\\/3\\\/2025\\\/07\\\/f0NCFpnzaaBVMSGX.jpeg\",\"articleSection\":[\"Internacional\"],\"inLanguage\":\"pt-BR\",\"potentialAction\":[{\"@type\":\"CommentAction\",\"name\":\"Comment\",\"target\":[\"https:\\\/\\\/diariodepe.com.br\\\/xinhua\\\/2025\\\/07\\\/10\\\/china-e-egito-devem-aprofundar-coordenacao-estrategica-em-prol-de-interesses-comuns-diz-primeiro-ministro-chines\\\/#respond\"]}]},{\"@type\":\"WebPage\",\"@id\":\"https:\\\/\\\/diariodepe.com.br\\\/xinhua\\\/2025\\\/07\\\/10\\\/china-e-egito-devem-aprofundar-coordenacao-estrategica-em-prol-de-interesses-comuns-diz-primeiro-ministro-chines\\\/\",\"url\":\"https:\\\/\\\/diariodepe.com.br\\\/xinhua\\\/2025\\\/07\\\/10\\\/china-e-egito-devem-aprofundar-coordenacao-estrategica-em-prol-de-interesses-comuns-diz-primeiro-ministro-chines\\\/\",\"name\":\"China e Egito devem aprofundar coordena\u00e7\u00e3o estrat\u00e9gica em prol de interesses comuns, diz primeiro-ministro chin\u00eas - Xinhua - Diario de Pernambuco\",\"isPartOf\":{\"@id\":\"https:\\\/\\\/diariodepe.com.br\\\/xinhua\\\/#website\"},\"primaryImageOfPage\":{\"@id\":\"https:\\\/\\\/diariodepe.com.br\\\/xinhua\\\/2025\\\/07\\\/10\\\/china-e-egito-devem-aprofundar-coordenacao-estrategica-em-prol-de-interesses-comuns-diz-primeiro-ministro-chines\\\/#primaryimage\"},\"image\":{\"@id\":\"https:\\\/\\\/diariodepe.com.br\\\/xinhua\\\/2025\\\/07\\\/10\\\/china-e-egito-devem-aprofundar-coordenacao-estrategica-em-prol-de-interesses-comuns-diz-primeiro-ministro-chines\\\/#primaryimage\"},\"thumbnailUrl\":\"https:\\\/\\\/diariodepe.com.br\\\/xinhua\\\/wp-content\\\/uploads\\\/sites\\\/3\\\/2025\\\/07\\\/f0NCFpnzaaBVMSGX.jpeg\",\"datePublished\":\"2025-07-10T12:00:00+00:00\",\"breadcrumb\":{\"@id\":\"https:\\\/\\\/diariodepe.com.br\\\/xinhua\\\/2025\\\/07\\\/10\\\/china-e-egito-devem-aprofundar-coordenacao-estrategica-em-prol-de-interesses-comuns-diz-primeiro-ministro-chines\\\/#breadcrumb\"},\"inLanguage\":\"pt-BR\",\"potentialAction\":[{\"@type\":\"ReadAction\",\"target\":[\"https:\\\/\\\/diariodepe.com.br\\\/xinhua\\\/2025\\\/07\\\/10\\\/china-e-egito-devem-aprofundar-coordenacao-estrategica-em-prol-de-interesses-comuns-diz-primeiro-ministro-chines\\\/\"]}]},{\"@type\":\"ImageObject\",\"inLanguage\":\"pt-BR\",\"@id\":\"https:\\\/\\\/diariodepe.com.br\\\/xinhua\\\/2025\\\/07\\\/10\\\/china-e-egito-devem-aprofundar-coordenacao-estrategica-em-prol-de-interesses-comuns-diz-primeiro-ministro-chines\\\/#primaryimage\",\"url\":\"https:\\\/\\\/diariodepe.com.br\\\/xinhua\\\/wp-content\\\/uploads\\\/sites\\\/3\\\/2025\\\/07\\\/f0NCFpnzaaBVMSGX.jpeg\",\"contentUrl\":\"https:\\\/\\\/diariodepe.com.br\\\/xinhua\\\/wp-content\\\/uploads\\\/sites\\\/3\\\/2025\\\/07\\\/f0NCFpnzaaBVMSGX.jpeg\",\"width\":1015,\"height\":792},{\"@type\":\"BreadcrumbList\",\"@id\":\"https:\\\/\\\/diariodepe.com.br\\\/xinhua\\\/2025\\\/07\\\/10\\\/china-e-egito-devem-aprofundar-coordenacao-estrategica-em-prol-de-interesses-comuns-diz-primeiro-ministro-chines\\\/#breadcrumb\",\"itemListElement\":[{\"@type\":\"ListItem\",\"position\":1,\"name\":\"In\u00edcio\",\"item\":\"https:\\\/\\\/diariodepe.com.br\\\/xinhua\\\/\"},{\"@type\":\"ListItem\",\"position\":2,\"name\":\"China e Egito devem aprofundar coordena\u00e7\u00e3o estrat\u00e9gica em prol de interesses comuns, diz primeiro-ministro chin\u00eas\"}]},{\"@type\":\"WebSite\",\"@id\":\"https:\\\/\\\/diariodepe.com.br\\\/xinhua\\\/#website\",\"url\":\"https:\\\/\\\/diariodepe.com.br\\\/xinhua\\\/\",\"name\":\"Xinhua - Diario de Pernambuco\",\"description\":\"A maior ag\u00eancia de not\u00edcias da China e um dos principais canais para conhecer o pa\u00eds\",\"publisher\":{\"@id\":\"https:\\\/\\\/diariodepe.com.br\\\/xinhua\\\/#organization\"},\"potentialAction\":[{\"@type\":\"SearchAction\",\"target\":{\"@type\":\"EntryPoint\",\"urlTemplate\":\"https:\\\/\\\/diariodepe.com.br\\\/xinhua\\\/?s={search_term_string}\"},\"query-input\":{\"@type\":\"PropertyValueSpecification\",\"valueRequired\":true,\"valueName\":\"search_term_string\"}}],\"inLanguage\":\"pt-BR\"},{\"@type\":\"Organization\",\"@id\":\"https:\\\/\\\/diariodepe.com.br\\\/xinhua\\\/#organization\",\"name\":\"Xinhua - Diario de Pernambuco\",\"url\":\"https:\\\/\\\/diariodepe.com.br\\\/xinhua\\\/\",\"logo\":{\"@type\":\"ImageObject\",\"inLanguage\":\"pt-BR\",\"@id\":\"https:\\\/\\\/diariodepe.com.br\\\/xinhua\\\/#\\\/schema\\\/logo\\\/image\\\/\",\"url\":\"https:\\\/\\\/diariodepe.com.br\\\/xinhua\\\/wp-content\\\/uploads\\\/sites\\\/3\\\/2020\\\/10\\\/cropped-logo-transparente-2.png\",\"contentUrl\":\"https:\\\/\\\/diariodepe.com.br\\\/xinhua\\\/wp-content\\\/uploads\\\/sites\\\/3\\\/2020\\\/10\\\/cropped-logo-transparente-2.png\",\"width\":512,\"height\":164,\"caption\":\"Xinhua - Diario de Pernambuco\"},\"image\":{\"@id\":\"https:\\\/\\\/diariodepe.com.br\\\/xinhua\\\/#\\\/schema\\\/logo\\\/image\\\/\"}},{\"@type\":\"Person\",\"@id\":\"https:\\\/\\\/diariodepe.com.br\\\/xinhua\\\/#\\\/schema\\\/person\\\/0943d6fd02bdc7b49c8f495e8787a2cb\",\"name\":\"Marcelo Oliveira de A. Maranhao\",\"image\":{\"@type\":\"ImageObject\",\"inLanguage\":\"pt-BR\",\"@id\":\"https:\\\/\\\/secure.gravatar.com\\\/avatar\\\/f562caee940d39879c20e90eea3e4b21860c7d4c96684c23141c554824f0059c?s=96&d=mm&r=g\",\"url\":\"https:\\\/\\\/secure.gravatar.com\\\/avatar\\\/f562caee940d39879c20e90eea3e4b21860c7d4c96684c23141c554824f0059c?s=96&d=mm&r=g\",\"contentUrl\":\"https:\\\/\\\/secure.gravatar.com\\\/avatar\\\/f562caee940d39879c20e90eea3e4b21860c7d4c96684c23141c554824f0059c?s=96&d=mm&r=g\",\"caption\":\"Marcelo Oliveira de A. Maranhao\"},\"url\":\"https:\\\/\\\/diariodepe.com.br\\\/xinhua\\\/author\\\/marcelo-maranhao\\\/\"}]}<\/script>\n<!-- \/ Yoast SEO plugin. -->","yoast_head_json":{"title":"China e Egito devem aprofundar coordena\u00e7\u00e3o estrat\u00e9gica em prol de interesses comuns, diz primeiro-ministro chin\u00eas - Xinhua - Diario de Pernambuco","robots":{"index":"index","follow":"follow","max-snippet":"max-snippet:-1","max-image-preview":"max-image-preview:large","max-video-preview":"max-video-preview:-1"},"canonical":"https:\/\/diariodepe.com.br\/xinhua\/2025\/07\/10\/china-e-egito-devem-aprofundar-coordenacao-estrategica-em-prol-de-interesses-comuns-diz-primeiro-ministro-chines\/","og_locale":"pt_BR","og_type":"article","og_title":"China e Egito devem aprofundar coordena\u00e7\u00e3o estrat\u00e9gica em prol de interesses comuns, diz primeiro-ministro chin\u00eas - Xinhua - Diario de Pernambuco","og_description":"Cairo &#8211; O primeiro-ministro chin\u00eas, Li Qiang, disse nesta quarta-feira que a China e o Egito, como membros importantes do Sul Global, devem fortalecer ainda mais a coordena\u00e7\u00e3o estrat\u00e9gica para salvaguardar seus interesses comuns. Li fez as declara\u00e7\u00f5es ao chegar...","og_url":"https:\/\/diariodepe.com.br\/xinhua\/2025\/07\/10\/china-e-egito-devem-aprofundar-coordenacao-estrategica-em-prol-de-interesses-comuns-diz-primeiro-ministro-chines\/","og_site_name":"Xinhua - Diario de Pernambuco","article_published_time":"2025-07-10T12:00:00+00:00","og_image":[{"width":1015,"height":792,"url":"https:\/\/diariodepe.com.br\/xinhua\/wp-content\/uploads\/sites\/3\/2025\/07\/f0NCFpnzaaBVMSGX.jpeg","type":"image\/jpeg"}],"author":"Marcelo Oliveira de A. Maranhao","twitter_card":"summary_large_image","twitter_misc":{"Escrito por":"Marcelo Oliveira de A. Maranhao","Est. tempo de leitura":"3 minutos"},"schema":{"@context":"https:\/\/schema.org","@graph":[{"@type":"Article","@id":"https:\/\/diariodepe.com.br\/xinhua\/2025\/07\/10\/china-e-egito-devem-aprofundar-coordenacao-estrategica-em-prol-de-interesses-comuns-diz-primeiro-ministro-chines\/#article","isPartOf":{"@id":"https:\/\/diariodepe.com.br\/xinhua\/2025\/07\/10\/china-e-egito-devem-aprofundar-coordenacao-estrategica-em-prol-de-interesses-comuns-diz-primeiro-ministro-chines\/"},"author":{"name":"Marcelo Oliveira de A. Maranhao","@id":"https:\/\/diariodepe.com.br\/xinhua\/#\/schema\/person\/0943d6fd02bdc7b49c8f495e8787a2cb"},"headline":"China e Egito devem aprofundar coordena\u00e7\u00e3o estrat\u00e9gica em prol de interesses comuns, diz primeiro-ministro chin\u00eas","datePublished":"2025-07-10T12:00:00+00:00","mainEntityOfPage":{"@id":"https:\/\/diariodepe.com.br\/xinhua\/2025\/07\/10\/china-e-egito-devem-aprofundar-coordenacao-estrategica-em-prol-de-interesses-comuns-diz-primeiro-ministro-chines\/"},"wordCount":440,"commentCount":0,"publisher":{"@id":"https:\/\/diariodepe.com.br\/xinhua\/#organization"},"image":{"@id":"https:\/\/diariodepe.com.br\/xinhua\/2025\/07\/10\/china-e-egito-devem-aprofundar-coordenacao-estrategica-em-prol-de-interesses-comuns-diz-primeiro-ministro-chines\/#primaryimage"},"thumbnailUrl":"https:\/\/diariodepe.com.br\/xinhua\/wp-content\/uploads\/sites\/3\/2025\/07\/f0NCFpnzaaBVMSGX.jpeg","articleSection":["Internacional"],"inLanguage":"pt-BR","potentialAction":[{"@type":"CommentAction","name":"Comment","target":["https:\/\/diariodepe.com.br\/xinhua\/2025\/07\/10\/china-e-egito-devem-aprofundar-coordenacao-estrategica-em-prol-de-interesses-comuns-diz-primeiro-ministro-chines\/#respond"]}]},{"@type":"WebPage","@id":"https:\/\/diariodepe.com.br\/xinhua\/2025\/07\/10\/china-e-egito-devem-aprofundar-coordenacao-estrategica-em-prol-de-interesses-comuns-diz-primeiro-ministro-chines\/","url":"https:\/\/diariodepe.com.br\/xinhua\/2025\/07\/10\/china-e-egito-devem-aprofundar-coordenacao-estrategica-em-prol-de-interesses-comuns-diz-primeiro-ministro-chines\/","name":"China e Egito devem aprofundar coordena\u00e7\u00e3o estrat\u00e9gica em prol de interesses comuns, diz primeiro-ministro chin\u00eas - Xinhua - Diario de Pernambuco","isPartOf":{"@id":"https:\/\/diariodepe.com.br\/xinhua\/#website"},"primaryImageOfPage":{"@id":"https:\/\/diariodepe.com.br\/xinhua\/2025\/07\/10\/china-e-egito-devem-aprofundar-coordenacao-estrategica-em-prol-de-interesses-comuns-diz-primeiro-ministro-chines\/#primaryimage"},"image":{"@id":"https:\/\/diariodepe.com.br\/xinhua\/2025\/07\/10\/china-e-egito-devem-aprofundar-coordenacao-estrategica-em-prol-de-interesses-comuns-diz-primeiro-ministro-chines\/#primaryimage"},"thumbnailUrl":"https:\/\/diariodepe.com.br\/xinhua\/wp-content\/uploads\/sites\/3\/2025\/07\/f0NCFpnzaaBVMSGX.jpeg","datePublished":"2025-07-10T12:00:00+00:00","breadcrumb":{"@id":"https:\/\/diariodepe.com.br\/xinhua\/2025\/07\/10\/china-e-egito-devem-aprofundar-coordenacao-estrategica-em-prol-de-interesses-comuns-diz-primeiro-ministro-chines\/#breadcrumb"},"inLanguage":"pt-BR","potentialAction":[{"@type":"ReadAction","target":["https:\/\/diariodepe.com.br\/xinhua\/2025\/07\/10\/china-e-egito-devem-aprofundar-coordenacao-estrategica-em-prol-de-interesses-comuns-diz-primeiro-ministro-chines\/"]}]},{"@type":"ImageObject","inLanguage":"pt-BR","@id":"https:\/\/diariodepe.com.br\/xinhua\/2025\/07\/10\/china-e-egito-devem-aprofundar-coordenacao-estrategica-em-prol-de-interesses-comuns-diz-primeiro-ministro-chines\/#primaryimage","url":"https:\/\/diariodepe.com.br\/xinhua\/wp-content\/uploads\/sites\/3\/2025\/07\/f0NCFpnzaaBVMSGX.jpeg","contentUrl":"https:\/\/diariodepe.com.br\/xinhua\/wp-content\/uploads\/sites\/3\/2025\/07\/f0NCFpnzaaBVMSGX.jpeg","width":1015,"height":792},{"@type":"BreadcrumbList","@id":"https:\/\/diariodepe.com.br\/xinhua\/2025\/07\/10\/china-e-egito-devem-aprofundar-coordenacao-estrategica-em-prol-de-interesses-comuns-diz-primeiro-ministro-chines\/#breadcrumb","itemListElement":[{"@type":"ListItem","position":1,"name":"In\u00edcio","item":"https:\/\/diariodepe.com.br\/xinhua\/"},{"@type":"ListItem","position":2,"name":"China e Egito devem aprofundar coordena\u00e7\u00e3o estrat\u00e9gica em prol de interesses comuns, diz primeiro-ministro chin\u00eas"}]},{"@type":"WebSite","@id":"https:\/\/diariodepe.com.br\/xinhua\/#website","url":"https:\/\/diariodepe.com.br\/xinhua\/","name":"Xinhua - Diario de Pernambuco","description":"A maior ag\u00eancia de not\u00edcias da China e um dos principais canais para conhecer o pa\u00eds","publisher":{"@id":"https:\/\/diariodepe.com.br\/xinhua\/#organization"},"potentialAction":[{"@type":"SearchAction","target":{"@type":"EntryPoint","urlTemplate":"https:\/\/diariodepe.com.br\/xinhua\/?s={search_term_string}"},"query-input":{"@type":"PropertyValueSpecification","valueRequired":true,"valueName":"search_term_string"}}],"inLanguage":"pt-BR"},{"@type":"Organization","@id":"https:\/\/diariodepe.com.br\/xinhua\/#organization","name":"Xinhua - Diario de Pernambuco","url":"https:\/\/diariodepe.com.br\/xinhua\/","logo":{"@type":"ImageObject","inLanguage":"pt-BR","@id":"https:\/\/diariodepe.com.br\/xinhua\/#\/schema\/logo\/image\/","url":"https:\/\/diariodepe.com.br\/xinhua\/wp-content\/uploads\/sites\/3\/2020\/10\/cropped-logo-transparente-2.png","contentUrl":"https:\/\/diariodepe.com.br\/xinhua\/wp-content\/uploads\/sites\/3\/2020\/10\/cropped-logo-transparente-2.png","width":512,"height":164,"caption":"Xinhua - Diario de Pernambuco"},"image":{"@id":"https:\/\/diariodepe.com.br\/xinhua\/#\/schema\/logo\/image\/"}},{"@type":"Person","@id":"https:\/\/diariodepe.com.br\/xinhua\/#\/schema\/person\/0943d6fd02bdc7b49c8f495e8787a2cb","name":"Marcelo Oliveira de A. Maranhao","image":{"@type":"ImageObject","inLanguage":"pt-BR","@id":"https:\/\/secure.gravatar.com\/avatar\/f562caee940d39879c20e90eea3e4b21860c7d4c96684c23141c554824f0059c?s=96&d=mm&r=g","url":"https:\/\/secure.gravatar.com\/avatar\/f562caee940d39879c20e90eea3e4b21860c7d4c96684c23141c554824f0059c?s=96&d=mm&r=g","contentUrl":"https:\/\/secure.gravatar.com\/avatar\/f562caee940d39879c20e90eea3e4b21860c7d4c96684c23141c554824f0059c?s=96&d=mm&r=g","caption":"Marcelo Oliveira de A. Maranhao"},"url":"https:\/\/diariodepe.com.br\/xinhua\/author\/marcelo-maranhao\/"}]}},"cc_featured_image_caption":{"caption_text":"","source_text":"","source_url":""},"amp_enabled":true,"_links":{"self":[{"href":"https:\/\/diariodepe.com.br\/xinhua\/wp-json\/wp\/v2\/posts\/26954","targetHints":{"allow":["GET"]}}],"collection":[{"href":"https:\/\/diariodepe.com.br\/xinhua\/wp-json\/wp\/v2\/posts"}],"about":[{"href":"https:\/\/diariodepe.com.br\/xinhua\/wp-json\/wp\/v2\/types\/post"}],"author":[{"embeddable":true,"href":"https:\/\/diariodepe.com.br\/xinhua\/wp-json\/wp\/v2\/users\/3"}],"replies":[{"embeddable":true,"href":"https:\/\/diariodepe.com.br\/xinhua\/wp-json\/wp\/v2\/comments?post=26954"}],"version-history":[{"count":1,"href":"https:\/\/diariodepe.com.br\/xinhua\/wp-json\/wp\/v2\/posts\/26954\/revisions"}],"predecessor-version":[{"id":26956,"href":"https:\/\/diariodepe.com.br\/xinhua\/wp-json\/wp\/v2\/posts\/26954\/revisions\/26956"}],"wp:featuredmedia":[{"embeddable":true,"href":"https:\/\/diariodepe.com.br\/xinhua\/wp-json\/wp\/v2\/media\/26955"}],"wp:attachment":[{"href":"https:\/\/diariodepe.com.br\/xinhua\/wp-json\/wp\/v2\/media?parent=26954"}],"wp:term":[{"taxonomy":"category","embeddable":true,"href":"https:\/\/diariodepe.com.br\/xinhua\/wp-json\/wp\/v2\/categories?post=26954"},{"taxonomy":"post_tag","embeddable":true,"href":"https:\/\/diariodepe.com.br\/xinhua\/wp-json\/wp\/v2\/tags?post=26954"}],"curies":[{"name":"wp","href":"https:\/\/api.w.org\/{rel}","templated":true}]}}