{"id":26939,"date":"2025-07-09T16:03:33","date_gmt":"2025-07-09T19:03:33","guid":{"rendered":"https:\/\/www.diariodepe.com.br\/xinhua\/?p=26939"},"modified":"2025-07-09T16:03:34","modified_gmt":"2025-07-09T19:03:34","slug":"brasil-terra-do-futuro","status":"publish","type":"post","link":"https:\/\/diariodepe.com.br\/xinhua\/2025\/07\/09\/brasil-terra-do-futuro\/","title":{"rendered":"Brasil, \u201cTerra do Futuro\u201d"},"content":{"rendered":"\n<p>Rio de Janeiro &#8211; Para o Brasil, a &#8220;Terra do Futuro&#8221; significou mais do que uma homenagem do escritor austr\u00edaco Stefan Zweig, que se refugiou no pa\u00eds sul-americano ap\u00f3s uma guerra na d\u00e9cada de 1940. O t\u00edtulo virou um sonho que inspira gera\u00e7\u00f5es de brasileiros a lutar pela realiza\u00e7\u00e3o dele.<\/p>\n\n\n\n<p>Em sua ascens\u00e3o rumo \u00e0 moderniza\u00e7\u00e3o e a um futuro sustent\u00e1vel, o Brasil, assim como muitos outros pa\u00edses em desenvolvimento, enfrentou desafios e sobreviveu a transforma\u00e7\u00f5es. Um peso-pesado no Sul Global, o pa\u00eds sediou a 17\u00aa C\u00fapula do BRICS, que aconteceu de domingo a segunda-feira, chamando aten\u00e7\u00e3o global mais uma vez.<\/p>\n\n\n\n<p><strong>CELEIRO DO MUNDO<\/strong><\/p>\n\n\n\n<p>Nas mem\u00f3rias de inf\u00e2ncia do presidente Luiz In\u00e1cio Lula da Silva, que nasceu em uma fam\u00edlia pobre em 1945, sua m\u00e3e \u00e0s vezes n\u00e3o tinha comida para alimentar os filhos. Ele se lembra de ter comido p\u00e3o pela primeira vez apenas aos sete anos de idade. A experi\u00eancia de Lula ilustrou, em parte, a fome enfrentada pelo Brasil rural at\u00e9 meados do s\u00e9culo 20.<\/p>\n\n\n\n<p>A dra. Mariangela Hungria dedicou d\u00e9cadas ao combate \u00e0 fome no Brasil, muito antes de sua pesquisa inovadora em microbiologia de sementes e solo lhe render o Pr\u00eamio Mundial da Alimenta\u00e7\u00e3o 2025. Seu trabalho pioneiro revolucionou a agricultura do pa\u00eds, transformando a inova\u00e7\u00e3o cient\u00edfica em esperan\u00e7a tang\u00edvel para a seguran\u00e7a alimentar.<\/p>\n\n\n\n<p>O Brasil possui a quinta maior \u00e1rea territorial do mundo, com vastas terras f\u00e9rteis para cultivo e pastagens, com mais de 112 milh\u00f5es de hectares de terras ar\u00e1veis \u200b\u200be mais 60 milh\u00f5es de hectares inexplorados.<\/p>\n\n\n\n<p>No entanto, durante s\u00e9culos, os colonizadores europeus, movidos pelo lucro, priorizaram culturas comerciais voltadas para a exporta\u00e7\u00e3o em detrimento da alimenta\u00e7\u00e3o b\u00e1sica, o que acabou levando o pa\u00eds \u00e0 depend\u00eancia de importa\u00e7\u00f5es de alimentos.<\/p>\n\n\n\n<p>Em 1973, as fortes flutua\u00e7\u00f5es nos pre\u00e7os globais dos gr\u00e3os, desencadeadas pela crise do petr\u00f3leo, levaram o governo brasileiro a romper sua depend\u00eancia de alimentos importados e a reformular seu sistema agr\u00edcola.<\/p>\n\n\n\n<p>Fundada naquele mesmo ano, a Empresa Brasileira de Pesquisa Agropecu\u00e1ria (Embrapa) se tornou a plataforma de lan\u00e7amento para cientistas como Hungria traduzirem avan\u00e7os de laborat\u00f3rio em aplica\u00e7\u00f5es de campo. Os inoculantes biol\u00f3gicos de sua equipe agora cobrem mais de 40 milh\u00f5es de hectares de terras agr\u00edcolas brasileiras, economizando 25 bilh\u00f5es de d\u00f3lares anualmente em fertilizantes para os agricultores, ao mesmo tempo em que impulsiona a produ\u00e7\u00e3o sustent\u00e1vel.<\/p>\n\n\n\n<figure class=\"wp-block-image\"><img decoding=\"async\" src=\"https:\/\/portuguese.news.cn\/20250709\/cdfb31842fc44f74b06d523fb91c390b\/20250709cdfb31842fc44f74b06d523fb91c390b_202507094e3ed7c8b9bc408bacbbd062f459259c.jpeg\" alt=\"\"\/><figcaption>Foto a\u00e9rea de drone tirada em 6 de agosto de 2024 mostra colheitadeira em fazenda de algod\u00e3o em Cristalina, Goi\u00e1s, Brasil. (Foto por Lucio Tavora\/Xinhua)<\/figcaption><\/figure>\n\n\n\n<p>A inova\u00e7\u00e3o tecnol\u00f3gica tem sido a for\u00e7a motriz por tr\u00e1s da moderniza\u00e7\u00e3o agr\u00edcola do Brasil. Complementando esses avan\u00e7os, o governo implementou reformas estruturais, quebrando monop\u00f3lios de terras, acelerando a mecaniza\u00e7\u00e3o e estabelecendo sistemas robustos de cr\u00e9dito rural, ao mesmo tempo em que modernizava constantemente a infraestrutura para apoiar a moderniza\u00e7\u00e3o.<\/p>\n\n\n\n<p>O setor tem apresentado resultados frut\u00edferos. De 2000 a 2020, o valor da agricultura brasileira cresceu 8% ao ano, em m\u00e9dia. O Brasil virou o maior produtor mundial de commodities agr\u00edcolas, como soja, carne bovina e frango. O pa\u00eds se tornou basicamente autossuficiente em alimentos b\u00e1sicos e fontes de prote\u00edna.<\/p>\n\n\n\n<p>Um relat\u00f3rio da ONU mostrou que o n\u00famero de brasileiros afetados por inseguran\u00e7a alimentar grave em 2023 caiu para 2,5 milh\u00f5es, representando 1,2% da popula\u00e7\u00e3o.<\/p>\n\n\n\n<p>No entanto, os desafios duplos do Brasil persistem: embora a moderniza\u00e7\u00e3o agr\u00edcola tenha reduzido a fome, ela continua tendo um custo ambiental. A expans\u00e3o cont\u00ednua de terras agr\u00edcolas em ecossistemas sens\u00edveis, principalmente em regi\u00f5es de floresta tropical, acelerou a perda de biodiversidade. Enquanto isso, o setor agora enfrenta uma transi\u00e7\u00e3o essencial para a intensifica\u00e7\u00e3o sustent\u00e1vel, exigindo solu\u00e7\u00f5es equilibradas para a seguran\u00e7a alimentar e para a preserva\u00e7\u00e3o ecol\u00f3gica. Hungria afirmou: &#8220;A solu\u00e7\u00e3o fundamental ainda est\u00e1 na melhoria do solo&#8221;.<\/p>\n\n\n\n<p><strong>AMBI\u00c7\u00c3O NA AVIA\u00c7\u00c3O<\/strong><\/p>\n\n\n\n<p>No centro do planalto brasileiro est\u00e1 Bras\u00edlia, uma capital em forma de avi\u00e3o a jato, com asas estendidas em concreto e vidro. Projetada por Oscar Niemeyer h\u00e1 mais de 60 anos, essa maravilha modernista personificava as ambi\u00e7\u00f5es do Brasil. A forma aerodin\u00e2mica da cidade provou ser prof\u00e9tica, mostrando a ascens\u00e3o posterior do pa\u00eds como pot\u00eancia da avia\u00e7\u00e3o.<\/p>\n\n\n\n<p>Hoje, o Brasil domina o mercado de aeronaves comerciais de m\u00e9dio porte como o maior produtor mundial de jatos com menos de 150 assentos. A Embraer, fundada em 1969, agora \u00e9 a terceira maior fabricante de avi\u00f5es comerciais do mundo, depois das gigantes da avia\u00e7\u00e3o Boeing e Airbus, com mais de 9.000 aeronaves entregues a operadores globais.<\/p>\n\n\n\n<p>Os investimentos pioneiros do Brasil em avia\u00e7\u00e3o nasceram da necessidade e da ambi\u00e7\u00e3o, explica Fernando Grau, diretor de Pesquisa de Mercado e Produtos da Embraer. As vastas extens\u00f5es e o terreno desafiador do pa\u00eds tornaram o transporte a\u00e9reo essencial para a integra\u00e7\u00e3o nacional, enquanto aeronaves importadas frequentemente falhavam em condi\u00e7\u00f5es tropicais, criando as condi\u00e7\u00f5es perfeitas para a inova\u00e7\u00e3o aeroespacial nacional.<\/p>\n\n\n\n<p>Em 1950, o Brasil criou o Instituto Tecnol\u00f3gico de Aeron\u00e1utica para treinar talentos da avia\u00e7\u00e3o. Ap\u00f3s duas d\u00e9cadas, a Embraer come\u00e7ou a lan\u00e7ar aeronaves de design nacional, rapidamente ganhando for\u00e7a nos mercados globais.<\/p>\n\n\n\n<p>O setor passou por turbul\u00eancias na d\u00e9cada de 1990, com a Embraer quase falindo antes que uma privatiza\u00e7\u00e3o liderada pelo governo ajudasse a reposicionar a empresa. Parcerias estrat\u00e9gicas e o foco em jatos regionais e executivos impulsionaram sua recupera\u00e7\u00e3o.<\/p>\n\n\n\n<figure class=\"wp-block-image\"><img decoding=\"async\" src=\"https:\/\/portuguese.news.cn\/20250709\/cdfb31842fc44f74b06d523fb91c390b\/20250709cdfb31842fc44f74b06d523fb91c390b_2025070934c45bb150c4498e9a3de5b10ddd0f1e.jpeg\" alt=\"\"\/><figcaption>Aeronave decola no Aeroporto Santos Dumont, no Rio de Janeiro, Brasil, no dia 1\u00ba de mar\u00e7o de 2024. (Xinhua\/Wang Tiancong)<\/figcaption><\/figure>\n\n\n\n<p>A colabora\u00e7\u00e3o com outros pa\u00edses do Sul Global, principalmente com a China, tem se mostrado essencial. Uma joint venture na cidade de Harbin, no nordeste da China, come\u00e7ou em 2003, e a ind\u00fastria da avia\u00e7\u00e3o continua sendo um pilar importante da coopera\u00e7\u00e3o sino-brasileira.<\/p>\n\n\n\n<p>&#8220;China e Brasil constru\u00edram o que \u00e9 considerado um modelo de coopera\u00e7\u00e3o Sul-Sul em ind\u00fastrias de alta tecnologia&#8221;, disse Patrick Peng, presidente da Embraer China. &#8220;Estamos confiantes de que nossa parceria com a China e com outros pa\u00edses do Sul Global continuar\u00e1 gerando benef\u00edcios m\u00fatuos e criando oportunidades de desenvolvimento&#8221;.<\/p>\n\n\n\n<p>Apesar da forte concorr\u00eancia de gigantes ocidentais, a Embraer conquistou uma vantagem competitiva. O sucesso da fabricante de aeronaves adv\u00e9m do controle de etapas cr\u00edticas da cadeia de valor, desde o projeto da aeronave e a integra\u00e7\u00e3o de sistemas at\u00e9 a fabrica\u00e7\u00e3o e as vendas, afirmou Marcos Ferreira, professor da Universidade Estadual de Campinas.<\/p>\n\n\n\n<p><strong>TRANSI\u00c7\u00c3O VERDE<\/strong><\/p>\n\n\n\n<p>Situada na fronteira entre o Brasil e o Paraguai, a monumental Usina de Itaipu aproveita a for\u00e7a estrondosa do Rio Paran\u00e1. Como um dos projetos hidrel\u00e9tricos mais formid\u00e1veis \u200b\u200bdo planeta, esse colosso da engenharia transforma o fluxo implac\u00e1vel da hidrovia em uma fonte de energia sustent\u00e1vel para ambos os pa\u00edses.<\/p>\n\n\n\n<p>Desde que sua turbina inaugural entrou em opera\u00e7\u00e3o em 1984, Itaipu tem produzido consistentemente cerca de 80 terawatts-hora de eletricidade anualmente, atendendo a aproximadamente 10% da demanda total de energia do Brasil.<\/p>\n\n\n\n<p>Navegar na tens\u00e3o entre desenvolvimento econ\u00f4mico e preserva\u00e7\u00e3o ecol\u00f3gica continua sendo um desafio decisivo para as economias emergentes. O Brasil se juntou \u00e0 vanguarda dos pa\u00edses que buscam um modelo de crescimento verde, que alinha o avan\u00e7o industrial com a gest\u00e3o ambiental.<\/p>\n\n\n\n<p>H\u00e1 d\u00e9cadas, o Brasil vem acelerando sua transi\u00e7\u00e3o energ\u00e9tica, principalmente por meio do desenvolvimento de energia hidrel\u00e9trica, juntamente com outras energias renov\u00e1veis, como a e\u00f3lica e a solar. De acordo com a Empresa Brasileira de Pesquisa Energ\u00e9tica (EPE), as energias renov\u00e1veis \u200b\u200bj\u00e1 representam quase metade da matriz energ\u00e9tica do pa\u00eds.<\/p>\n\n\n\n<figure class=\"wp-block-image\"><img decoding=\"async\" src=\"https:\/\/portuguese.news.cn\/20250709\/cdfb31842fc44f74b06d523fb91c390b\/20250709cdfb31842fc44f74b06d523fb91c390b_20250709f28a7f0cfbb0452eb36c087fb6f28e47.jpeg\" alt=\"\"\/><figcaption>Foto a\u00e9rea de drone tirada em 14 de mar\u00e7o de 2024 mostra bacia afluente do Rio Amazonas perto de Manaus, capital do estado do Amazonas, Brasil. (Xinhua\/Wang Tiancong)<\/figcaption><\/figure>\n\n\n\n<p>Nos \u00faltimos anos, o investimento e a tecnologia da China injetaram novo impulso ao desenvolvimento verde do Brasil. No in\u00edcio deste ano, o Projeto Fotovoltaico Mauriti, investido e constru\u00eddo pela empresa chinesa PowerChina, atingiu plena capacidade de conex\u00e3o \u00e0 rede, com previs\u00e3o de redu\u00e7\u00e3o de cerca de 8,2 milh\u00f5es de toneladas de emiss\u00f5es de di\u00f3xido de carbono anualmente.<\/p>\n\n\n\n<p>Em agosto passado, empresas chinesas e brasileiras assinaram um acordo para o desenvolvimento conjunto de uma usina de hidrog\u00eanio verde de 1 megawatt. Assim que conclu\u00edda, ela produzir\u00e1 at\u00e9 200 metros c\u00fabicos padr\u00e3o de hidrog\u00eanio verde por hora.<\/p>\n\n\n\n<p>Enquanto isso, a joint venture Brasil-China para o projeto de transmiss\u00e3o de corrente cont\u00ednua de ultra-alta tens\u00e3o de Belo Monte prioriza a prote\u00e7\u00e3o ecol\u00f3gica ao longo de sua rota, restaurando cerca de 200 hectares de cobertura florestal.<\/p>\n\n\n\n<p>Para conter a expans\u00e3o desenfreada do desenvolvimento econ\u00f4mico que havia rapidamente esgotado a floresta amaz\u00f4nica, Lula assinou v\u00e1rios decretos ao retornar ao cargo em 2023, incluindo a renova\u00e7\u00e3o de medidas de combate ao desmatamento e o restabelecimento do Fundo Amaz\u00f4nia. Como resultado, o desmatamento na Amaz\u00f4nia caiu 50% em rela\u00e7\u00e3o ao ano anterior, somente em 2023.<\/p>\n\n\n\n<p>&#8220;Uma \u00e1rvore em p\u00e9 vale mais do que toneladas de madeira extra\u00edda ilegalmente por quem s\u00f3 pensa no lucro f\u00e1cil, \u00e0s custas da deteriora\u00e7\u00e3o da vida na Terra&#8221;, disse Lula em seu discurso de vit\u00f3ria como presidente reeleito. &#8220;Um rio de \u00e1gua limpa vale muito mais do que todo o ouro extra\u00eddo \u00e0s custas do merc\u00fario que mata animais e coloca vidas em risco&#8221;.<\/p>\n\n\n\n<p>Com o lan\u00e7amento do Programa Grande Selo em 2024, o governo Lula estabeleceu padr\u00f5es de sustentabilidade socioambiental em diversos setores, certificando produtos e servi\u00e7os alinhados \u00e0s regulamenta\u00e7\u00f5es. Tamb\u00e9m introduziu &#8220;a\u00e7\u00f5es verdes&#8221; para incentivar as empresas a aumentar os investimentos ambientais e direcionar capital para ind\u00fastrias verdes.<\/p>\n\n\n\n<p>Paralelamente, o governo tamb\u00e9m revelou o Programa de Mobilidade Verde e Inova\u00e7\u00e3o para promover a redu\u00e7\u00e3o de emiss\u00f5es e a descarboniza\u00e7\u00e3o no setor automotivo.<\/p>\n\n\n\n<p>Como a 30\u00aa Confer\u00eancia das Na\u00e7\u00f5es Unidas sobre Mudan\u00e7as Clim\u00e1ticas ser\u00e1 realizada em Bel\u00e9m, Brasil, em novembro, a ministra do Meio Ambiente e Mudan\u00e7as Clim\u00e1ticas do pa\u00eds, Marina Silva, afirmou que o Brasil est\u00e1 comprometido em fortalecer a solidariedade e a coopera\u00e7\u00e3o com os pa\u00edses do Sul Global para desempenhar um papel mais amplo nos esfor\u00e7os clim\u00e1ticos multilaterais.<\/p>\n\n\n\n<p><strong>FORTALECIMENTO DA COOPERA\u00c7\u00c3O GLOBAL SUL<\/strong><\/p>\n\n\n\n<p>No in\u00edcio deste s\u00e9culo, Guaribas, cidade no norte do Piau\u00ed, era conhecida como a &#8220;cidade da fome&#8221; devido ao seu isolamento e subdesenvolvimento. Mais de duas d\u00e9cadas depois, essa cidadezinha do interior passou por uma transforma\u00e7\u00e3o not\u00e1vel, com avan\u00e7os significativos nas redes de abastecimento de \u00e1gua e energia el\u00e9trica, moradia acess\u00edvel, al\u00e9m de servi\u00e7os de educa\u00e7\u00e3o e sa\u00fade.<\/p>\n\n\n\n<p>Eraques Alves, 33 anos, viu a metamorfose de Guaribas com os pr\u00f3prios olhos. &#8220;Quando eu tinha oito ou nove anos, a agricultura era nossa \u00fanica fonte de renda. Quando crian\u00e7a, eu ia para a ro\u00e7a com meus pais&#8221;, disse ele.<\/p>\n\n\n\n<p>Gra\u00e7as ao apoio do governo, sua trajet\u00f3ria de vida mudou completamente. Ele fundou uma empresa que fornece servi\u00e7os de TI para a cidade, reinvestindo na comunidade onde cresceu.<\/p>\n\n\n\n<p>Ele atribui as mudan\u00e7as a programas sociais, como o &#8220;Fome Zero&#8221; e o &#8220;Bolsa Fam\u00edlia&#8221;, introduzidos em 2003 no Brasil. Guaribas foi escolhida como local de lan\u00e7amento da iniciativa &#8220;Fome Zero&#8221;, que levou a grandes melhorias no abastecimento de \u00e1gua, saneamento e estradas. A m\u00e3e de Alves tamb\u00e9m foi uma das primeiras benefici\u00e1rias do programa &#8220;Bolsa Fam\u00edlia&#8221;.<\/p>\n\n\n\n<p>Atrav\u00e9s de sua trajet\u00f3ria de desenvolvimento autossuficiente, o Brasil impulsionou a expans\u00e3o econ\u00f4mica modernizando a agricultura e a ind\u00fastria, defendeu o crescimento sustent\u00e1vel por meio de iniciativas ecol\u00f3gicas e elevou o padr\u00e3o de vida da popula\u00e7\u00e3o, combatendo a pobreza e a desigualdade por meio de programas sociais direcionados.<\/p>\n\n\n\n<p>Dados oficiais mostram que, de 2003 a 2011, cerca de 20 milh\u00f5es de pessoas no Brasil sa\u00edram da pobreza.<\/p>\n\n\n\n<p>Lula afirmou que seu pa\u00eds est\u00e1 comprometido em trilhar um &#8220;caminho brasileiro para a moderniza\u00e7\u00e3o&#8221;, que integre crescimento econ\u00f4mico, redu\u00e7\u00e3o da pobreza e da desigualdade e uso sustent\u00e1vel dos recursos naturais.<\/p>\n\n\n\n<p>Da perspectiva do Brasil, os pa\u00edses do Sul Global t\u00eam desafios comuns na erradica\u00e7\u00e3o da fome, da pobreza e da desigualdade e, portanto, precisam de maior solidariedade, coopera\u00e7\u00e3o e fortalecimento coletivo. Em 2024, como presidente rotativo do G20, o Brasil lan\u00e7ou a Alian\u00e7a Global contra a Fome e a Pobreza para ajudar os pa\u00edses a coordenar respostas, desenvolver pol\u00edticas e mobilizar financiamento para enfrentar essas quest\u00f5es urgentes.<\/p>\n\n\n\n<figure class=\"wp-block-image\"><img decoding=\"async\" src=\"https:\/\/portuguese.news.cn\/20250709\/cdfb31842fc44f74b06d523fb91c390b\/20250709cdfb31842fc44f74b06d523fb91c390b_20250709ed99ccb5613d448f91342e8ab48268fc.jpeg\" alt=\"\"\/><figcaption>Trabalhadores reunidos perto de cartaz no local da c\u00fapula do G20 no Rio de Janeiro, Brasil, no dia 16 de novembro de 2024. (Xinhua\/Wang Tiancong)<\/figcaption><\/figure>\n\n\n\n<p>A ascens\u00e3o coletiva do Sul Global \u00e9 uma caracter\u00edstica definidora das profundas mudan\u00e7as que est\u00e3o remodelando o mundo. A jornada compartilhada dos pa\u00edses do Sul Global rumo \u00e0 moderniza\u00e7\u00e3o marca um cap\u00edtulo significativo na hist\u00f3ria mundial. Nesse processo hist\u00f3rico, o Brasil est\u00e1 deixando sua marca distinta e contribuindo com sua sabedoria e for\u00e7a.<\/p>\n\n\n\n<p>Como anfitri\u00e3o da 17\u00aa C\u00fapula do BRICS, o Brasil ancorou o encontro com o tema escolhido, &#8220;Fortalecendo a Coopera\u00e7\u00e3o do Sul Global para uma Governan\u00e7a Mais Inclusiva e Sustent\u00e1vel&#8221;. Segundo a ministra da Ci\u00eancia, Tecnologia e Inova\u00e7\u00e3o do Brasil, Luciana Santos, o Brasil espera trabalhar em conjunto com outros pa\u00edses do Sul Global para construir um mundo mais multipolar, fundado no princ\u00edpio da coexist\u00eancia pac\u00edfica.<\/p>\n\n\n\n<p>Essa coopera\u00e7\u00e3o pr\u00f3xima representa a pr\u00e1tica de construir uma comunidade com futuro compartilhado para a humanidade e exemplifica vividamente o apoio m\u00fatuo e o desenvolvimento comum entre os pa\u00edses do Sul Global, afirmou Santos.<\/p>\n","protected":false},"excerpt":{"rendered":"<p>Rio de Janeiro &#8211; Para o Brasil, a &#8220;Terra do Futuro&#8221; significou mais do que uma homenagem do escritor austr\u00edaco Stefan Zweig, que se refugiou no pa\u00eds sul-americano ap\u00f3s uma guerra na d\u00e9cada de 1940. O t\u00edtulo virou um sonho&#8230;<\/p>\n","protected":false},"author":3,"featured_media":26940,"comment_status":"open","ping_status":"open","sticky":false,"template":"","format":"standard","meta":{"footnotes":""},"categories":[1],"tags":[],"class_list":["post-26939","post","type-post","status-publish","format-standard","has-post-thumbnail","hentry","category-geral"],"yoast_head":"<!-- This site is optimized with the Yoast SEO plugin v27.4 - https:\/\/yoast.com\/product\/yoast-seo-wordpress\/ -->\n<title>Brasil, \u201cTerra do Futuro\u201d - Xinhua - Diario de Pernambuco<\/title>\n<meta name=\"robots\" content=\"index, follow, max-snippet:-1, max-image-preview:large, max-video-preview:-1\" \/>\n<link rel=\"canonical\" href=\"https:\/\/diariodepe.com.br\/xinhua\/2025\/07\/09\/brasil-terra-do-futuro\/\" \/>\n<meta property=\"og:locale\" content=\"pt_BR\" \/>\n<meta property=\"og:type\" content=\"article\" \/>\n<meta property=\"og:title\" content=\"Brasil, \u201cTerra do Futuro\u201d - Xinhua - Diario de Pernambuco\" \/>\n<meta property=\"og:description\" content=\"Rio de Janeiro &#8211; Para o Brasil, a &#8220;Terra do Futuro&#8221; significou mais do que uma homenagem do escritor austr\u00edaco Stefan Zweig, que se refugiou no pa\u00eds sul-americano ap\u00f3s uma guerra na d\u00e9cada de 1940. O t\u00edtulo virou um sonho...\" \/>\n<meta property=\"og:url\" content=\"https:\/\/diariodepe.com.br\/xinhua\/2025\/07\/09\/brasil-terra-do-futuro\/\" \/>\n<meta property=\"og:site_name\" content=\"Xinhua - Diario de Pernambuco\" \/>\n<meta property=\"article:published_time\" content=\"2025-07-09T19:03:33+00:00\" \/>\n<meta property=\"article:modified_time\" content=\"2025-07-09T19:03:34+00:00\" \/>\n<meta property=\"og:image\" content=\"https:\/\/diariodepe.com.br\/xinhua\/wp-content\/uploads\/sites\/3\/2025\/07\/20250709cdfb31842fc44f74b06d523fb91c390b_20250709a7741ec655aa4dca942046fa87e7e904.jpeg\" \/>\n\t<meta property=\"og:image:width\" content=\"900\" \/>\n\t<meta property=\"og:image:height\" content=\"600\" \/>\n\t<meta property=\"og:image:type\" content=\"image\/jpeg\" \/>\n<meta name=\"author\" content=\"Marcelo Oliveira de A. Maranhao\" \/>\n<meta name=\"twitter:card\" content=\"summary_large_image\" \/>\n<meta name=\"twitter:label1\" content=\"Escrito por\" \/>\n\t<meta name=\"twitter:data1\" content=\"Marcelo Oliveira de A. Maranhao\" \/>\n\t<meta name=\"twitter:label2\" content=\"Est. tempo de leitura\" \/>\n\t<meta name=\"twitter:data2\" content=\"13 minutos\" \/>\n<script type=\"application\/ld+json\" class=\"yoast-schema-graph\">{\"@context\":\"https:\\\/\\\/schema.org\",\"@graph\":[{\"@type\":\"Article\",\"@id\":\"https:\\\/\\\/diariodepe.com.br\\\/xinhua\\\/2025\\\/07\\\/09\\\/brasil-terra-do-futuro\\\/#article\",\"isPartOf\":{\"@id\":\"https:\\\/\\\/diariodepe.com.br\\\/xinhua\\\/2025\\\/07\\\/09\\\/brasil-terra-do-futuro\\\/\"},\"author\":{\"name\":\"Marcelo Oliveira de A. Maranhao\",\"@id\":\"https:\\\/\\\/diariodepe.com.br\\\/xinhua\\\/#\\\/schema\\\/person\\\/0943d6fd02bdc7b49c8f495e8787a2cb\"},\"headline\":\"Brasil, \u201cTerra do Futuro\u201d\",\"datePublished\":\"2025-07-09T19:03:33+00:00\",\"dateModified\":\"2025-07-09T19:03:34+00:00\",\"mainEntityOfPage\":{\"@id\":\"https:\\\/\\\/diariodepe.com.br\\\/xinhua\\\/2025\\\/07\\\/09\\\/brasil-terra-do-futuro\\\/\"},\"wordCount\":2412,\"commentCount\":0,\"publisher\":{\"@id\":\"https:\\\/\\\/diariodepe.com.br\\\/xinhua\\\/#organization\"},\"image\":{\"@id\":\"https:\\\/\\\/diariodepe.com.br\\\/xinhua\\\/2025\\\/07\\\/09\\\/brasil-terra-do-futuro\\\/#primaryimage\"},\"thumbnailUrl\":\"https:\\\/\\\/diariodepe.com.br\\\/xinhua\\\/wp-content\\\/uploads\\\/sites\\\/3\\\/2025\\\/07\\\/20250709cdfb31842fc44f74b06d523fb91c390b_20250709a7741ec655aa4dca942046fa87e7e904.jpeg\",\"articleSection\":[\"Geral\"],\"inLanguage\":\"pt-BR\",\"potentialAction\":[{\"@type\":\"CommentAction\",\"name\":\"Comment\",\"target\":[\"https:\\\/\\\/diariodepe.com.br\\\/xinhua\\\/2025\\\/07\\\/09\\\/brasil-terra-do-futuro\\\/#respond\"]}]},{\"@type\":\"WebPage\",\"@id\":\"https:\\\/\\\/diariodepe.com.br\\\/xinhua\\\/2025\\\/07\\\/09\\\/brasil-terra-do-futuro\\\/\",\"url\":\"https:\\\/\\\/diariodepe.com.br\\\/xinhua\\\/2025\\\/07\\\/09\\\/brasil-terra-do-futuro\\\/\",\"name\":\"Brasil, \u201cTerra do Futuro\u201d - Xinhua - Diario de Pernambuco\",\"isPartOf\":{\"@id\":\"https:\\\/\\\/diariodepe.com.br\\\/xinhua\\\/#website\"},\"primaryImageOfPage\":{\"@id\":\"https:\\\/\\\/diariodepe.com.br\\\/xinhua\\\/2025\\\/07\\\/09\\\/brasil-terra-do-futuro\\\/#primaryimage\"},\"image\":{\"@id\":\"https:\\\/\\\/diariodepe.com.br\\\/xinhua\\\/2025\\\/07\\\/09\\\/brasil-terra-do-futuro\\\/#primaryimage\"},\"thumbnailUrl\":\"https:\\\/\\\/diariodepe.com.br\\\/xinhua\\\/wp-content\\\/uploads\\\/sites\\\/3\\\/2025\\\/07\\\/20250709cdfb31842fc44f74b06d523fb91c390b_20250709a7741ec655aa4dca942046fa87e7e904.jpeg\",\"datePublished\":\"2025-07-09T19:03:33+00:00\",\"dateModified\":\"2025-07-09T19:03:34+00:00\",\"breadcrumb\":{\"@id\":\"https:\\\/\\\/diariodepe.com.br\\\/xinhua\\\/2025\\\/07\\\/09\\\/brasil-terra-do-futuro\\\/#breadcrumb\"},\"inLanguage\":\"pt-BR\",\"potentialAction\":[{\"@type\":\"ReadAction\",\"target\":[\"https:\\\/\\\/diariodepe.com.br\\\/xinhua\\\/2025\\\/07\\\/09\\\/brasil-terra-do-futuro\\\/\"]}]},{\"@type\":\"ImageObject\",\"inLanguage\":\"pt-BR\",\"@id\":\"https:\\\/\\\/diariodepe.com.br\\\/xinhua\\\/2025\\\/07\\\/09\\\/brasil-terra-do-futuro\\\/#primaryimage\",\"url\":\"https:\\\/\\\/diariodepe.com.br\\\/xinhua\\\/wp-content\\\/uploads\\\/sites\\\/3\\\/2025\\\/07\\\/20250709cdfb31842fc44f74b06d523fb91c390b_20250709a7741ec655aa4dca942046fa87e7e904.jpeg\",\"contentUrl\":\"https:\\\/\\\/diariodepe.com.br\\\/xinhua\\\/wp-content\\\/uploads\\\/sites\\\/3\\\/2025\\\/07\\\/20250709cdfb31842fc44f74b06d523fb91c390b_20250709a7741ec655aa4dca942046fa87e7e904.jpeg\",\"width\":900,\"height\":600,\"caption\":\"(230620) -- BRASILIA, June 20, 2023 (Xinhua) -- A farmer holds corn in his hands at a farm near Brasilia, Brazil, June 19, 2023. (Photo by Lucio Tavora\\\/Xinhua)\"},{\"@type\":\"BreadcrumbList\",\"@id\":\"https:\\\/\\\/diariodepe.com.br\\\/xinhua\\\/2025\\\/07\\\/09\\\/brasil-terra-do-futuro\\\/#breadcrumb\",\"itemListElement\":[{\"@type\":\"ListItem\",\"position\":1,\"name\":\"In\u00edcio\",\"item\":\"https:\\\/\\\/diariodepe.com.br\\\/xinhua\\\/\"},{\"@type\":\"ListItem\",\"position\":2,\"name\":\"Brasil, \u201cTerra do Futuro\u201d\"}]},{\"@type\":\"WebSite\",\"@id\":\"https:\\\/\\\/diariodepe.com.br\\\/xinhua\\\/#website\",\"url\":\"https:\\\/\\\/diariodepe.com.br\\\/xinhua\\\/\",\"name\":\"Xinhua - Diario de Pernambuco\",\"description\":\"A maior ag\u00eancia de not\u00edcias da China e um dos principais canais para conhecer o pa\u00eds\",\"publisher\":{\"@id\":\"https:\\\/\\\/diariodepe.com.br\\\/xinhua\\\/#organization\"},\"potentialAction\":[{\"@type\":\"SearchAction\",\"target\":{\"@type\":\"EntryPoint\",\"urlTemplate\":\"https:\\\/\\\/diariodepe.com.br\\\/xinhua\\\/?s={search_term_string}\"},\"query-input\":{\"@type\":\"PropertyValueSpecification\",\"valueRequired\":true,\"valueName\":\"search_term_string\"}}],\"inLanguage\":\"pt-BR\"},{\"@type\":\"Organization\",\"@id\":\"https:\\\/\\\/diariodepe.com.br\\\/xinhua\\\/#organization\",\"name\":\"Xinhua - Diario de Pernambuco\",\"url\":\"https:\\\/\\\/diariodepe.com.br\\\/xinhua\\\/\",\"logo\":{\"@type\":\"ImageObject\",\"inLanguage\":\"pt-BR\",\"@id\":\"https:\\\/\\\/diariodepe.com.br\\\/xinhua\\\/#\\\/schema\\\/logo\\\/image\\\/\",\"url\":\"https:\\\/\\\/diariodepe.com.br\\\/xinhua\\\/wp-content\\\/uploads\\\/sites\\\/3\\\/2020\\\/10\\\/cropped-logo-transparente-2.png\",\"contentUrl\":\"https:\\\/\\\/diariodepe.com.br\\\/xinhua\\\/wp-content\\\/uploads\\\/sites\\\/3\\\/2020\\\/10\\\/cropped-logo-transparente-2.png\",\"width\":512,\"height\":164,\"caption\":\"Xinhua - Diario de Pernambuco\"},\"image\":{\"@id\":\"https:\\\/\\\/diariodepe.com.br\\\/xinhua\\\/#\\\/schema\\\/logo\\\/image\\\/\"}},{\"@type\":\"Person\",\"@id\":\"https:\\\/\\\/diariodepe.com.br\\\/xinhua\\\/#\\\/schema\\\/person\\\/0943d6fd02bdc7b49c8f495e8787a2cb\",\"name\":\"Marcelo Oliveira de A. Maranhao\",\"image\":{\"@type\":\"ImageObject\",\"inLanguage\":\"pt-BR\",\"@id\":\"https:\\\/\\\/secure.gravatar.com\\\/avatar\\\/f562caee940d39879c20e90eea3e4b21860c7d4c96684c23141c554824f0059c?s=96&d=mm&r=g\",\"url\":\"https:\\\/\\\/secure.gravatar.com\\\/avatar\\\/f562caee940d39879c20e90eea3e4b21860c7d4c96684c23141c554824f0059c?s=96&d=mm&r=g\",\"contentUrl\":\"https:\\\/\\\/secure.gravatar.com\\\/avatar\\\/f562caee940d39879c20e90eea3e4b21860c7d4c96684c23141c554824f0059c?s=96&d=mm&r=g\",\"caption\":\"Marcelo Oliveira de A. Maranhao\"},\"url\":\"https:\\\/\\\/diariodepe.com.br\\\/xinhua\\\/author\\\/marcelo-maranhao\\\/\"}]}<\/script>\n<!-- \/ Yoast SEO plugin. -->","yoast_head_json":{"title":"Brasil, \u201cTerra do Futuro\u201d - Xinhua - Diario de Pernambuco","robots":{"index":"index","follow":"follow","max-snippet":"max-snippet:-1","max-image-preview":"max-image-preview:large","max-video-preview":"max-video-preview:-1"},"canonical":"https:\/\/diariodepe.com.br\/xinhua\/2025\/07\/09\/brasil-terra-do-futuro\/","og_locale":"pt_BR","og_type":"article","og_title":"Brasil, \u201cTerra do Futuro\u201d - Xinhua - Diario de Pernambuco","og_description":"Rio de Janeiro &#8211; Para o Brasil, a &#8220;Terra do Futuro&#8221; significou mais do que uma homenagem do escritor austr\u00edaco Stefan Zweig, que se refugiou no pa\u00eds sul-americano ap\u00f3s uma guerra na d\u00e9cada de 1940. O t\u00edtulo virou um sonho...","og_url":"https:\/\/diariodepe.com.br\/xinhua\/2025\/07\/09\/brasil-terra-do-futuro\/","og_site_name":"Xinhua - Diario de Pernambuco","article_published_time":"2025-07-09T19:03:33+00:00","article_modified_time":"2025-07-09T19:03:34+00:00","og_image":[{"width":900,"height":600,"url":"https:\/\/diariodepe.com.br\/xinhua\/wp-content\/uploads\/sites\/3\/2025\/07\/20250709cdfb31842fc44f74b06d523fb91c390b_20250709a7741ec655aa4dca942046fa87e7e904.jpeg","type":"image\/jpeg"}],"author":"Marcelo Oliveira de A. Maranhao","twitter_card":"summary_large_image","twitter_misc":{"Escrito por":"Marcelo Oliveira de A. Maranhao","Est. tempo de leitura":"13 minutos"},"schema":{"@context":"https:\/\/schema.org","@graph":[{"@type":"Article","@id":"https:\/\/diariodepe.com.br\/xinhua\/2025\/07\/09\/brasil-terra-do-futuro\/#article","isPartOf":{"@id":"https:\/\/diariodepe.com.br\/xinhua\/2025\/07\/09\/brasil-terra-do-futuro\/"},"author":{"name":"Marcelo Oliveira de A. Maranhao","@id":"https:\/\/diariodepe.com.br\/xinhua\/#\/schema\/person\/0943d6fd02bdc7b49c8f495e8787a2cb"},"headline":"Brasil, \u201cTerra do Futuro\u201d","datePublished":"2025-07-09T19:03:33+00:00","dateModified":"2025-07-09T19:03:34+00:00","mainEntityOfPage":{"@id":"https:\/\/diariodepe.com.br\/xinhua\/2025\/07\/09\/brasil-terra-do-futuro\/"},"wordCount":2412,"commentCount":0,"publisher":{"@id":"https:\/\/diariodepe.com.br\/xinhua\/#organization"},"image":{"@id":"https:\/\/diariodepe.com.br\/xinhua\/2025\/07\/09\/brasil-terra-do-futuro\/#primaryimage"},"thumbnailUrl":"https:\/\/diariodepe.com.br\/xinhua\/wp-content\/uploads\/sites\/3\/2025\/07\/20250709cdfb31842fc44f74b06d523fb91c390b_20250709a7741ec655aa4dca942046fa87e7e904.jpeg","articleSection":["Geral"],"inLanguage":"pt-BR","potentialAction":[{"@type":"CommentAction","name":"Comment","target":["https:\/\/diariodepe.com.br\/xinhua\/2025\/07\/09\/brasil-terra-do-futuro\/#respond"]}]},{"@type":"WebPage","@id":"https:\/\/diariodepe.com.br\/xinhua\/2025\/07\/09\/brasil-terra-do-futuro\/","url":"https:\/\/diariodepe.com.br\/xinhua\/2025\/07\/09\/brasil-terra-do-futuro\/","name":"Brasil, \u201cTerra do Futuro\u201d - Xinhua - Diario de Pernambuco","isPartOf":{"@id":"https:\/\/diariodepe.com.br\/xinhua\/#website"},"primaryImageOfPage":{"@id":"https:\/\/diariodepe.com.br\/xinhua\/2025\/07\/09\/brasil-terra-do-futuro\/#primaryimage"},"image":{"@id":"https:\/\/diariodepe.com.br\/xinhua\/2025\/07\/09\/brasil-terra-do-futuro\/#primaryimage"},"thumbnailUrl":"https:\/\/diariodepe.com.br\/xinhua\/wp-content\/uploads\/sites\/3\/2025\/07\/20250709cdfb31842fc44f74b06d523fb91c390b_20250709a7741ec655aa4dca942046fa87e7e904.jpeg","datePublished":"2025-07-09T19:03:33+00:00","dateModified":"2025-07-09T19:03:34+00:00","breadcrumb":{"@id":"https:\/\/diariodepe.com.br\/xinhua\/2025\/07\/09\/brasil-terra-do-futuro\/#breadcrumb"},"inLanguage":"pt-BR","potentialAction":[{"@type":"ReadAction","target":["https:\/\/diariodepe.com.br\/xinhua\/2025\/07\/09\/brasil-terra-do-futuro\/"]}]},{"@type":"ImageObject","inLanguage":"pt-BR","@id":"https:\/\/diariodepe.com.br\/xinhua\/2025\/07\/09\/brasil-terra-do-futuro\/#primaryimage","url":"https:\/\/diariodepe.com.br\/xinhua\/wp-content\/uploads\/sites\/3\/2025\/07\/20250709cdfb31842fc44f74b06d523fb91c390b_20250709a7741ec655aa4dca942046fa87e7e904.jpeg","contentUrl":"https:\/\/diariodepe.com.br\/xinhua\/wp-content\/uploads\/sites\/3\/2025\/07\/20250709cdfb31842fc44f74b06d523fb91c390b_20250709a7741ec655aa4dca942046fa87e7e904.jpeg","width":900,"height":600,"caption":"(230620) -- BRASILIA, June 20, 2023 (Xinhua) -- A farmer holds corn in his hands at a farm near Brasilia, Brazil, June 19, 2023. (Photo by Lucio Tavora\/Xinhua)"},{"@type":"BreadcrumbList","@id":"https:\/\/diariodepe.com.br\/xinhua\/2025\/07\/09\/brasil-terra-do-futuro\/#breadcrumb","itemListElement":[{"@type":"ListItem","position":1,"name":"In\u00edcio","item":"https:\/\/diariodepe.com.br\/xinhua\/"},{"@type":"ListItem","position":2,"name":"Brasil, \u201cTerra do Futuro\u201d"}]},{"@type":"WebSite","@id":"https:\/\/diariodepe.com.br\/xinhua\/#website","url":"https:\/\/diariodepe.com.br\/xinhua\/","name":"Xinhua - Diario de Pernambuco","description":"A maior ag\u00eancia de not\u00edcias da China e um dos principais canais para conhecer o pa\u00eds","publisher":{"@id":"https:\/\/diariodepe.com.br\/xinhua\/#organization"},"potentialAction":[{"@type":"SearchAction","target":{"@type":"EntryPoint","urlTemplate":"https:\/\/diariodepe.com.br\/xinhua\/?s={search_term_string}"},"query-input":{"@type":"PropertyValueSpecification","valueRequired":true,"valueName":"search_term_string"}}],"inLanguage":"pt-BR"},{"@type":"Organization","@id":"https:\/\/diariodepe.com.br\/xinhua\/#organization","name":"Xinhua - Diario de Pernambuco","url":"https:\/\/diariodepe.com.br\/xinhua\/","logo":{"@type":"ImageObject","inLanguage":"pt-BR","@id":"https:\/\/diariodepe.com.br\/xinhua\/#\/schema\/logo\/image\/","url":"https:\/\/diariodepe.com.br\/xinhua\/wp-content\/uploads\/sites\/3\/2020\/10\/cropped-logo-transparente-2.png","contentUrl":"https:\/\/diariodepe.com.br\/xinhua\/wp-content\/uploads\/sites\/3\/2020\/10\/cropped-logo-transparente-2.png","width":512,"height":164,"caption":"Xinhua - Diario de Pernambuco"},"image":{"@id":"https:\/\/diariodepe.com.br\/xinhua\/#\/schema\/logo\/image\/"}},{"@type":"Person","@id":"https:\/\/diariodepe.com.br\/xinhua\/#\/schema\/person\/0943d6fd02bdc7b49c8f495e8787a2cb","name":"Marcelo Oliveira de A. Maranhao","image":{"@type":"ImageObject","inLanguage":"pt-BR","@id":"https:\/\/secure.gravatar.com\/avatar\/f562caee940d39879c20e90eea3e4b21860c7d4c96684c23141c554824f0059c?s=96&d=mm&r=g","url":"https:\/\/secure.gravatar.com\/avatar\/f562caee940d39879c20e90eea3e4b21860c7d4c96684c23141c554824f0059c?s=96&d=mm&r=g","contentUrl":"https:\/\/secure.gravatar.com\/avatar\/f562caee940d39879c20e90eea3e4b21860c7d4c96684c23141c554824f0059c?s=96&d=mm&r=g","caption":"Marcelo Oliveira de A. Maranhao"},"url":"https:\/\/diariodepe.com.br\/xinhua\/author\/marcelo-maranhao\/"}]}},"cc_featured_image_caption":{"caption_text":"","source_text":"","source_url":""},"amp_enabled":true,"_links":{"self":[{"href":"https:\/\/diariodepe.com.br\/xinhua\/wp-json\/wp\/v2\/posts\/26939","targetHints":{"allow":["GET"]}}],"collection":[{"href":"https:\/\/diariodepe.com.br\/xinhua\/wp-json\/wp\/v2\/posts"}],"about":[{"href":"https:\/\/diariodepe.com.br\/xinhua\/wp-json\/wp\/v2\/types\/post"}],"author":[{"embeddable":true,"href":"https:\/\/diariodepe.com.br\/xinhua\/wp-json\/wp\/v2\/users\/3"}],"replies":[{"embeddable":true,"href":"https:\/\/diariodepe.com.br\/xinhua\/wp-json\/wp\/v2\/comments?post=26939"}],"version-history":[{"count":1,"href":"https:\/\/diariodepe.com.br\/xinhua\/wp-json\/wp\/v2\/posts\/26939\/revisions"}],"predecessor-version":[{"id":26941,"href":"https:\/\/diariodepe.com.br\/xinhua\/wp-json\/wp\/v2\/posts\/26939\/revisions\/26941"}],"wp:featuredmedia":[{"embeddable":true,"href":"https:\/\/diariodepe.com.br\/xinhua\/wp-json\/wp\/v2\/media\/26940"}],"wp:attachment":[{"href":"https:\/\/diariodepe.com.br\/xinhua\/wp-json\/wp\/v2\/media?parent=26939"}],"wp:term":[{"taxonomy":"category","embeddable":true,"href":"https:\/\/diariodepe.com.br\/xinhua\/wp-json\/wp\/v2\/categories?post=26939"},{"taxonomy":"post_tag","embeddable":true,"href":"https:\/\/diariodepe.com.br\/xinhua\/wp-json\/wp\/v2\/tags?post=26939"}],"curies":[{"name":"wp","href":"https:\/\/api.w.org\/{rel}","templated":true}]}}