{"id":26865,"date":"2025-07-03T14:24:00","date_gmt":"2025-07-03T17:24:00","guid":{"rendered":"https:\/\/www.diariodepe.com.br\/xinhua\/?p=26865"},"modified":"2025-07-03T09:32:43","modified_gmt":"2025-07-03T12:32:43","slug":"observatorio-economico-eua-aumentam-pressao-comercial-em-diversas-frentes-com-aproximacao-do-prazo-de-90-dias-para-imposicao-de-tarifas","status":"publish","type":"post","link":"https:\/\/diariodepe.com.br\/xinhua\/2025\/07\/03\/observatorio-economico-eua-aumentam-pressao-comercial-em-diversas-frentes-com-aproximacao-do-prazo-de-90-dias-para-imposicao-de-tarifas\/","title":{"rendered":"Observat\u00f3rio Econ\u00f4mico: EUA aumentam press\u00e3o comercial em diversas frentes com aproxima\u00e7\u00e3o do prazo de 90 dias para imposi\u00e7\u00e3o de tarifas"},"content":{"rendered":"\n<p>Beijing &#8211; Dias ap\u00f3s o presidente dos EUA, Donald Trump, amea\u00e7ar interromper as negocia\u00e7\u00f5es comerciais e impor tarifas, o Canad\u00e1 descartou seu imposto sobre servi\u00e7os digitais planejado no domingo. A Casa Branca elogiou a medida, afirmando que as negocia\u00e7\u00f5es seriam retomadas imediatamente e declarando que o Canad\u00e1 havia &#8220;cedido&#8221; aos Estados Unidos.<\/p>\n\n\n\n<p>Os Estados Unidos est\u00e3o se esfor\u00e7ando para encerrar as negocia\u00e7\u00f5es comerciais com muitos parceiros comerciais, \u00e0 medida que o prazo autoimposto de 9 de julho se aproxima. Ap\u00f3s a concess\u00e3o do Canad\u00e1, Trump continua seus esfor\u00e7os para pressionar m\u00faltiplos parceiros comerciais.<\/p>\n\n\n\n<p>Enquanto a UE se manteve firme na prote\u00e7\u00e3o de sua soberania digital e rejeitou as exig\u00eancias dos EUA para incluir leis digitais nas negocia\u00e7\u00f5es comerciais, Trump passou para o Jap\u00e3o no domingo, acusando o pa\u00eds de se recusar a comprar arroz americano em meio \u00e0 escassez e amea\u00e7ando apresentar uma queixa comercial formal logo ap\u00f3s rotular o com\u00e9rcio EUA-Jap\u00e3o como &#8220;injusto&#8221;.<\/p>\n\n\n\n<p><strong>VIRADA NAS NEGOCIA\u00c7\u00d5ES<\/strong><\/p>\n\n\n\n<p>O ministro das Finan\u00e7as canadense, Fran\u00e7ois-Philippe Champagne, anunciou no domingo que o Canad\u00e1 rescindir\u00e1 seu imposto sobre servi\u00e7os digitais enquanto se prepara para um acordo comercial mais amplo com os Estados Unidos.<\/p>\n\n\n\n<p>O imposto, que entraria em vigor na segunda-feira, imporia uma taxa de 3% sobre a receita de empresas multinacionais americanas como Amazon, Google e Meta, obtida com usu\u00e1rios canadenses.<\/p>\n\n\n\n<p>&#8220;\u00c9 muito simples: o primeiro-ministro canadense Mark Carney e o Canad\u00e1 cederam ao presidente Trump e aos Estados Unidos da Am\u00e9rica&#8221;, disse a secret\u00e1ria de imprensa da Casa Branca, Karoline Leavitt, a rep\u00f3rteres em coletiva de imprensa na segunda-feira.<\/p>\n\n\n\n<p>Os coment\u00e1rios de Leavitt seguiram declara\u00e7\u00f5es do diretor do Conselho Econ\u00f4mico Nacional, Kevin Hassett, que afirmou que os Estados Unidos retomar\u00e3o as negocia\u00e7\u00f5es comerciais com o Canad\u00e1 imediatamente.<\/p>\n\n\n\n<p>Segundo ele, a Casa Branca provavelmente pressionar\u00e1 outros pa\u00edses a abandonarem seus impostos sobre servi\u00e7os digitais em futuras negocia\u00e7\u00f5es comerciais, dando continuidade \u00e0 recente revers\u00e3o do Canad\u00e1.<\/p>\n\n\n\n<p>&#8220;Minha expectativa \u00e9 que os impostos sobre servi\u00e7os digitais em todo o mundo sejam retirados e que isso seja uma parte fundamental das&#8230; negocia\u00e7\u00f5es comerciais em andamento&#8221;, disse Hassett, citado pela CNBC.<\/p>\n\n\n\n<p>Hassett sugeriu que os pa\u00edses que planejam manter ou introduzir impostos sobre servi\u00e7os digitais podem enfrentar a &#8220;ira&#8221; do Representante Comercial dos EUA, Jameson Greer, sobre o que ele chamou de &#8220;pr\u00e1ticas comerciais desleais&#8221;.<\/p>\n\n\n\n<p><strong>ESTRAT\u00c9GIA INEFICAZ<\/strong><\/p>\n\n\n\n<p>As t\u00e1ticas de press\u00e3o de Washington n\u00e3o se mostraram eficazes com a UE, onde autoridades rejeitaram firmemente a inclus\u00e3o da legisla\u00e7\u00e3o digital nas negocia\u00e7\u00f5es comerciais com os Estados Unidos.<\/p>\n\n\n\n<p>&#8220;Nossa legisla\u00e7\u00e3o n\u00e3o ser\u00e1 alterada. A Lei de Mercados Digitais (DMA, na sigla em ingl\u00eas) e a Lei de Servi\u00e7os Digitais (DAS, na sigla em ingl\u00eas) n\u00e3o est\u00e3o em pauta nas negocia\u00e7\u00f5es comerciais com os EUA&#8221;, disse o porta-voz da Comiss\u00e3o Europeia, Thomas Regnier, em coletiva de imprensa na segunda-feira.<\/p>\n\n\n\n<figure class=\"wp-block-image\"><img decoding=\"async\" src=\"https:\/\/portuguese.news.cn\/20250703\/1689817fddc94dc89a9962c9b1752fc4\/202507031689817fddc94dc89a9962c9b1752fc4_2025070354158de32b314473b1d28e2c8a74d1cd.jpeg\" alt=\"\"\/><figcaption>Mulher usa iPhone no edif\u00edcio Berlaymont, sede da Comiss\u00e3o Europeia, em Bruxelas, B\u00e9lgica, no dia 4 de mar\u00e7o de 2024. (Xinhua\/Meng Dingbo)<\/figcaption><\/figure>\n\n\n\n<p>Washington criticou repetidamente as regulamenta\u00e7\u00f5es digitais da UE, incluindo a DMA e a DSA, como injustas e pediu uma supervis\u00e3o mais flex\u00edvel das empresas de tecnologia americanas. Em fevereiro, a Casa Branca alertou que poderia retaliar caso os reguladores da UE visassem empresas americanas sob essas regras.<\/p>\n\n\n\n<p>Regnier destacou que a presidente da Comiss\u00e3o Europeia, Ursula von der Leyen, deixou claro que a legisla\u00e7\u00e3o da UE n\u00e3o est\u00e1 aberta a negocia\u00e7\u00f5es, &#8220;e isso tamb\u00e9m inclui, \u00e9 claro, nossa legisla\u00e7\u00e3o digital&#8221;, disse ele.<\/p>\n\n\n\n<p>&#8220;N\u00e3o vamos ajustar a implementa\u00e7\u00e3o da nossa legisla\u00e7\u00e3o com base nas a\u00e7\u00f5es de terceiros pa\u00edses. Se come\u00e7\u00e1ssemos a fazer isso, ter\u00edamos que fazer tamb\u00e9m com v\u00e1rios outros pa\u00edses&#8221;, acrescentou Regnier.<\/p>\n\n\n\n<p>No entanto, o porta-voz afirmou que a Comiss\u00e3o continua comprometida em chegar a um acordo comercial com os Estados Unidos at\u00e9 9 de julho.<\/p>\n\n\n\n<p>Trump havia dito anteriormente que as negocia\u00e7\u00f5es &#8220;n\u00e3o estavam levando a lugar nenhum&#8221; e amea\u00e7ado impor uma tarifa de 50% sobre todas as importa\u00e7\u00f5es da UE a partir de 1\u00ba de junho. Ap\u00f3s uma liga\u00e7\u00e3o com von der Leyen, ele concordou em adiar o aumento at\u00e9 9 de julho.<\/p>\n\n\n\n<p>O comiss\u00e1rio europeu para Com\u00e9rcio e Seguran\u00e7a Econ\u00f4mica, Maros Sefcovic, disse na segunda-feira que viajaria a Washington na ter\u00e7a-feira para tentar evitar tarifas americanas mais altas e chegar a um acordo &#8220;justo para ambas as partes&#8221;.<\/p>\n\n\n\n<p>Atualmente, a UE enfrenta tarifas americanas de 50% sobre a\u00e7o, alum\u00ednio e 25% sobre autom\u00f3veis, al\u00e9m de tarifas b\u00e1sicas de 10% sobre a maioria das outras exporta\u00e7\u00f5es.<\/p>\n\n\n\n<p><strong>PR\u00d3XIMO NA LISTA<\/strong><\/p>\n\n\n\n<p>Em uma publica\u00e7\u00e3o na rede Truth Social na tarde de segunda-feira, Trump afirmou que o povo japon\u00eas e seu governo foram &#8220;mimados&#8221; porque eles n\u00e3o comprariam arroz americano.<\/p>\n\n\n\n<p>&#8220;Para mostrar \u00e0s pessoas o qu\u00e3o mimados os pa\u00edses ficaram em rela\u00e7\u00e3o aos Estados Unidos da Am\u00e9rica, e eu tenho muito respeito pelo Jap\u00e3o, eles n\u00e3o aceitam nosso ARROZ, e ainda assim sofrem com uma enorme falta de arroz&#8221;, escreveu Trump. &#8220;Em outras palavras, vamos apenas enviar uma carta a eles&#8221;.<\/p>\n\n\n\n<figure class=\"wp-block-image\"><img decoding=\"async\" src=\"https:\/\/portuguese.news.cn\/20250703\/1689817fddc94dc89a9962c9b1752fc4\/202507031689817fddc94dc89a9962c9b1752fc4_202507034a3d660c55434e9c97d24912efac9128.jpeg\" alt=\"\"\/><figcaption>Consumidora olha arroz em supermercado em T\u00f3quio, Jap\u00e3o, no dia 21 de maio de 2025. (Xinhua\/Hu Xiaoge)<\/figcaption><\/figure>\n\n\n\n<p><\/p>\n\n\n\n<p>No entanto, o arroz, assim como as regulamenta\u00e7\u00f5es digitais da UE, n\u00e3o est\u00e1 no card\u00e1pio japon\u00eas para as negocia\u00e7\u00f5es comerciais com os Estados Unidos.<\/p>\n\n\n\n<p>Na ter\u00e7a-feira, o ministro da Revitaliza\u00e7\u00e3o Econ\u00f4mica do Jap\u00e3o, Ryosei Akazawa, que tamb\u00e9m \u00e9 o principal representante nas negocia\u00e7\u00f5es tarif\u00e1rias com o governo americano, disse que seu pa\u00eds n\u00e3o sacrificar\u00e1 o setor agr\u00edcola como parte de suas negocia\u00e7\u00f5es tarif\u00e1rias com os Estados Unidos, acrescentando que continuar\u00e1 negociando com seus hom\u00f3logos americanos para proteger os interesses nacionais do Jap\u00e3o.<\/p>\n\n\n\n<p>&#8220;Tenho afirmado repetidamente que a agricultura \u00e9 a base da na\u00e7\u00e3o&#8221;, disse ele em coletiva de imprensa.<\/p>\n\n\n\n<p>A reclama\u00e7\u00e3o de Trump sobre o arroz veio na sequ\u00eancia de mais uma cr\u00edtica \u00e0s pr\u00e1ticas comerciais de T\u00f3quio. Em entrevista transmitida pelo canal americano de not\u00edcias Fox News um dia antes, ele criticou duramente o Jap\u00e3o por importar poucos carros americanos, dizendo: &#8220;Eles n\u00e3o aceitam nossos carros, e ainda assim levamos milh\u00f5es de carros deles para os Estados Unidos. N\u00e3o \u00e9 justo&#8221;, disse ele.<\/p>\n\n\n\n<p>&#8220;Eu poderia enviar uma (carta) ao Jap\u00e3o: \u2018Caro Sr. Jap\u00e3o, a hist\u00f3ria \u00e9 a seguinte. Voc\u00ea vai pagar uma tarifa de 25% sobre seus carros\u2019&#8221;, disse Trump durante a entrevista.<\/p>\n","protected":false},"excerpt":{"rendered":"<p>Beijing &#8211; Dias ap\u00f3s o presidente dos EUA, Donald Trump, amea\u00e7ar interromper as negocia\u00e7\u00f5es comerciais e impor tarifas, o Canad\u00e1 descartou seu imposto sobre servi\u00e7os digitais planejado no domingo. A Casa Branca elogiou a medida, afirmando que as negocia\u00e7\u00f5es seriam&#8230;<\/p>\n","protected":false},"author":3,"featured_media":26866,"comment_status":"open","ping_status":"open","sticky":false,"template":"","format":"standard","meta":{"footnotes":""},"categories":[5],"tags":[],"class_list":["post-26865","post","type-post","status-publish","format-standard","has-post-thumbnail","hentry","category-economia"],"yoast_head":"<!-- This site is optimized with the Yoast SEO plugin v27.4 - https:\/\/yoast.com\/product\/yoast-seo-wordpress\/ -->\n<title>Observat\u00f3rio Econ\u00f4mico: EUA aumentam press\u00e3o comercial em diversas frentes com aproxima\u00e7\u00e3o do prazo de 90 dias para imposi\u00e7\u00e3o de tarifas - Xinhua - Diario de Pernambuco<\/title>\n<meta name=\"robots\" content=\"index, follow, max-snippet:-1, max-image-preview:large, max-video-preview:-1\" \/>\n<link rel=\"canonical\" href=\"https:\/\/diariodepe.com.br\/xinhua\/2025\/07\/03\/observatorio-economico-eua-aumentam-pressao-comercial-em-diversas-frentes-com-aproximacao-do-prazo-de-90-dias-para-imposicao-de-tarifas\/\" \/>\n<meta property=\"og:locale\" content=\"pt_BR\" \/>\n<meta property=\"og:type\" content=\"article\" \/>\n<meta property=\"og:title\" content=\"Observat\u00f3rio Econ\u00f4mico: EUA aumentam press\u00e3o comercial em diversas frentes com aproxima\u00e7\u00e3o do prazo de 90 dias para imposi\u00e7\u00e3o de tarifas - Xinhua - Diario de Pernambuco\" \/>\n<meta property=\"og:description\" content=\"Beijing &#8211; Dias ap\u00f3s o presidente dos EUA, Donald Trump, amea\u00e7ar interromper as negocia\u00e7\u00f5es comerciais e impor tarifas, o Canad\u00e1 descartou seu imposto sobre servi\u00e7os digitais planejado no domingo. A Casa Branca elogiou a medida, afirmando que as negocia\u00e7\u00f5es seriam...\" \/>\n<meta property=\"og:url\" content=\"https:\/\/diariodepe.com.br\/xinhua\/2025\/07\/03\/observatorio-economico-eua-aumentam-pressao-comercial-em-diversas-frentes-com-aproximacao-do-prazo-de-90-dias-para-imposicao-de-tarifas\/\" \/>\n<meta property=\"og:site_name\" content=\"Xinhua - Diario de Pernambuco\" \/>\n<meta property=\"article:published_time\" content=\"2025-07-03T17:24:00+00:00\" \/>\n<meta property=\"og:image\" content=\"https:\/\/diariodepe.com.br\/xinhua\/wp-content\/uploads\/sites\/3\/2025\/07\/202507031689817fddc94dc89a9962c9b1752fc4_20250703fe680a2cd38e42809f53a4e5728f3049.jpeg\" \/>\n\t<meta property=\"og:image:width\" content=\"900\" \/>\n\t<meta property=\"og:image:height\" content=\"601\" \/>\n\t<meta property=\"og:image:type\" content=\"image\/jpeg\" \/>\n<meta name=\"author\" content=\"Marcelo Oliveira de A. Maranhao\" \/>\n<meta name=\"twitter:card\" content=\"summary_large_image\" \/>\n<meta name=\"twitter:label1\" content=\"Escrito por\" \/>\n\t<meta name=\"twitter:data1\" content=\"Marcelo Oliveira de A. Maranhao\" \/>\n\t<meta name=\"twitter:label2\" content=\"Est. tempo de leitura\" \/>\n\t<meta name=\"twitter:data2\" content=\"7 minutos\" \/>\n<script type=\"application\/ld+json\" class=\"yoast-schema-graph\">{\"@context\":\"https:\\\/\\\/schema.org\",\"@graph\":[{\"@type\":\"Article\",\"@id\":\"https:\\\/\\\/diariodepe.com.br\\\/xinhua\\\/2025\\\/07\\\/03\\\/observatorio-economico-eua-aumentam-pressao-comercial-em-diversas-frentes-com-aproximacao-do-prazo-de-90-dias-para-imposicao-de-tarifas\\\/#article\",\"isPartOf\":{\"@id\":\"https:\\\/\\\/diariodepe.com.br\\\/xinhua\\\/2025\\\/07\\\/03\\\/observatorio-economico-eua-aumentam-pressao-comercial-em-diversas-frentes-com-aproximacao-do-prazo-de-90-dias-para-imposicao-de-tarifas\\\/\"},\"author\":{\"name\":\"Marcelo Oliveira de A. Maranhao\",\"@id\":\"https:\\\/\\\/diariodepe.com.br\\\/xinhua\\\/#\\\/schema\\\/person\\\/0943d6fd02bdc7b49c8f495e8787a2cb\"},\"headline\":\"Observat\u00f3rio Econ\u00f4mico: EUA aumentam press\u00e3o comercial em diversas frentes com aproxima\u00e7\u00e3o do prazo de 90 dias para imposi\u00e7\u00e3o de tarifas\",\"datePublished\":\"2025-07-03T17:24:00+00:00\",\"mainEntityOfPage\":{\"@id\":\"https:\\\/\\\/diariodepe.com.br\\\/xinhua\\\/2025\\\/07\\\/03\\\/observatorio-economico-eua-aumentam-pressao-comercial-em-diversas-frentes-com-aproximacao-do-prazo-de-90-dias-para-imposicao-de-tarifas\\\/\"},\"wordCount\":1169,\"commentCount\":0,\"publisher\":{\"@id\":\"https:\\\/\\\/diariodepe.com.br\\\/xinhua\\\/#organization\"},\"image\":{\"@id\":\"https:\\\/\\\/diariodepe.com.br\\\/xinhua\\\/2025\\\/07\\\/03\\\/observatorio-economico-eua-aumentam-pressao-comercial-em-diversas-frentes-com-aproximacao-do-prazo-de-90-dias-para-imposicao-de-tarifas\\\/#primaryimage\"},\"thumbnailUrl\":\"https:\\\/\\\/diariodepe.com.br\\\/xinhua\\\/wp-content\\\/uploads\\\/sites\\\/3\\\/2025\\\/07\\\/202507031689817fddc94dc89a9962c9b1752fc4_20250703fe680a2cd38e42809f53a4e5728f3049.jpeg\",\"articleSection\":[\"Economia\"],\"inLanguage\":\"pt-BR\",\"potentialAction\":[{\"@type\":\"CommentAction\",\"name\":\"Comment\",\"target\":[\"https:\\\/\\\/diariodepe.com.br\\\/xinhua\\\/2025\\\/07\\\/03\\\/observatorio-economico-eua-aumentam-pressao-comercial-em-diversas-frentes-com-aproximacao-do-prazo-de-90-dias-para-imposicao-de-tarifas\\\/#respond\"]}]},{\"@type\":\"WebPage\",\"@id\":\"https:\\\/\\\/diariodepe.com.br\\\/xinhua\\\/2025\\\/07\\\/03\\\/observatorio-economico-eua-aumentam-pressao-comercial-em-diversas-frentes-com-aproximacao-do-prazo-de-90-dias-para-imposicao-de-tarifas\\\/\",\"url\":\"https:\\\/\\\/diariodepe.com.br\\\/xinhua\\\/2025\\\/07\\\/03\\\/observatorio-economico-eua-aumentam-pressao-comercial-em-diversas-frentes-com-aproximacao-do-prazo-de-90-dias-para-imposicao-de-tarifas\\\/\",\"name\":\"Observat\u00f3rio Econ\u00f4mico: EUA aumentam press\u00e3o comercial em diversas frentes com aproxima\u00e7\u00e3o do prazo de 90 dias para imposi\u00e7\u00e3o de tarifas - Xinhua - Diario de Pernambuco\",\"isPartOf\":{\"@id\":\"https:\\\/\\\/diariodepe.com.br\\\/xinhua\\\/#website\"},\"primaryImageOfPage\":{\"@id\":\"https:\\\/\\\/diariodepe.com.br\\\/xinhua\\\/2025\\\/07\\\/03\\\/observatorio-economico-eua-aumentam-pressao-comercial-em-diversas-frentes-com-aproximacao-do-prazo-de-90-dias-para-imposicao-de-tarifas\\\/#primaryimage\"},\"image\":{\"@id\":\"https:\\\/\\\/diariodepe.com.br\\\/xinhua\\\/2025\\\/07\\\/03\\\/observatorio-economico-eua-aumentam-pressao-comercial-em-diversas-frentes-com-aproximacao-do-prazo-de-90-dias-para-imposicao-de-tarifas\\\/#primaryimage\"},\"thumbnailUrl\":\"https:\\\/\\\/diariodepe.com.br\\\/xinhua\\\/wp-content\\\/uploads\\\/sites\\\/3\\\/2025\\\/07\\\/202507031689817fddc94dc89a9962c9b1752fc4_20250703fe680a2cd38e42809f53a4e5728f3049.jpeg\",\"datePublished\":\"2025-07-03T17:24:00+00:00\",\"breadcrumb\":{\"@id\":\"https:\\\/\\\/diariodepe.com.br\\\/xinhua\\\/2025\\\/07\\\/03\\\/observatorio-economico-eua-aumentam-pressao-comercial-em-diversas-frentes-com-aproximacao-do-prazo-de-90-dias-para-imposicao-de-tarifas\\\/#breadcrumb\"},\"inLanguage\":\"pt-BR\",\"potentialAction\":[{\"@type\":\"ReadAction\",\"target\":[\"https:\\\/\\\/diariodepe.com.br\\\/xinhua\\\/2025\\\/07\\\/03\\\/observatorio-economico-eua-aumentam-pressao-comercial-em-diversas-frentes-com-aproximacao-do-prazo-de-90-dias-para-imposicao-de-tarifas\\\/\"]}]},{\"@type\":\"ImageObject\",\"inLanguage\":\"pt-BR\",\"@id\":\"https:\\\/\\\/diariodepe.com.br\\\/xinhua\\\/2025\\\/07\\\/03\\\/observatorio-economico-eua-aumentam-pressao-comercial-em-diversas-frentes-com-aproximacao-do-prazo-de-90-dias-para-imposicao-de-tarifas\\\/#primaryimage\",\"url\":\"https:\\\/\\\/diariodepe.com.br\\\/xinhua\\\/wp-content\\\/uploads\\\/sites\\\/3\\\/2025\\\/07\\\/202507031689817fddc94dc89a9962c9b1752fc4_20250703fe680a2cd38e42809f53a4e5728f3049.jpeg\",\"contentUrl\":\"https:\\\/\\\/diariodepe.com.br\\\/xinhua\\\/wp-content\\\/uploads\\\/sites\\\/3\\\/2025\\\/07\\\/202507031689817fddc94dc89a9962c9b1752fc4_20250703fe680a2cd38e42809f53a4e5728f3049.jpeg\",\"width\":900,\"height\":601,\"caption\":\"(250606) -- VANCOUVER, June 6, 2025 (Xinhua) -- This photo taken at the Port of Vancouver shows cargo containers stacked at the Centerm container terminal, Vancouver, Canada, June 5, 2025. Canada's merchandise trade dropped in April with the trade deficit hitting a record high, Statistics Canada said Thursday. Exports dropped 10.8 percent while imports fell 3.5 percent. As a result, Canada's merchandise trade deficit with the world widened to 7.1 billion Canadian dollars (5.2 billion U.S. dollars) in April. This was the largest deficit on record, said the national statistical agency. (Photo by Liang Sen\\\/Xinhua)\"},{\"@type\":\"BreadcrumbList\",\"@id\":\"https:\\\/\\\/diariodepe.com.br\\\/xinhua\\\/2025\\\/07\\\/03\\\/observatorio-economico-eua-aumentam-pressao-comercial-em-diversas-frentes-com-aproximacao-do-prazo-de-90-dias-para-imposicao-de-tarifas\\\/#breadcrumb\",\"itemListElement\":[{\"@type\":\"ListItem\",\"position\":1,\"name\":\"In\u00edcio\",\"item\":\"https:\\\/\\\/diariodepe.com.br\\\/xinhua\\\/\"},{\"@type\":\"ListItem\",\"position\":2,\"name\":\"Observat\u00f3rio Econ\u00f4mico: EUA aumentam press\u00e3o comercial em diversas frentes com aproxima\u00e7\u00e3o do prazo de 90 dias para imposi\u00e7\u00e3o de tarifas\"}]},{\"@type\":\"WebSite\",\"@id\":\"https:\\\/\\\/diariodepe.com.br\\\/xinhua\\\/#website\",\"url\":\"https:\\\/\\\/diariodepe.com.br\\\/xinhua\\\/\",\"name\":\"Xinhua - Diario de Pernambuco\",\"description\":\"A maior ag\u00eancia de not\u00edcias da China e um dos principais canais para conhecer o pa\u00eds\",\"publisher\":{\"@id\":\"https:\\\/\\\/diariodepe.com.br\\\/xinhua\\\/#organization\"},\"potentialAction\":[{\"@type\":\"SearchAction\",\"target\":{\"@type\":\"EntryPoint\",\"urlTemplate\":\"https:\\\/\\\/diariodepe.com.br\\\/xinhua\\\/?s={search_term_string}\"},\"query-input\":{\"@type\":\"PropertyValueSpecification\",\"valueRequired\":true,\"valueName\":\"search_term_string\"}}],\"inLanguage\":\"pt-BR\"},{\"@type\":\"Organization\",\"@id\":\"https:\\\/\\\/diariodepe.com.br\\\/xinhua\\\/#organization\",\"name\":\"Xinhua - Diario de Pernambuco\",\"url\":\"https:\\\/\\\/diariodepe.com.br\\\/xinhua\\\/\",\"logo\":{\"@type\":\"ImageObject\",\"inLanguage\":\"pt-BR\",\"@id\":\"https:\\\/\\\/diariodepe.com.br\\\/xinhua\\\/#\\\/schema\\\/logo\\\/image\\\/\",\"url\":\"https:\\\/\\\/diariodepe.com.br\\\/xinhua\\\/wp-content\\\/uploads\\\/sites\\\/3\\\/2020\\\/10\\\/cropped-logo-transparente-2.png\",\"contentUrl\":\"https:\\\/\\\/diariodepe.com.br\\\/xinhua\\\/wp-content\\\/uploads\\\/sites\\\/3\\\/2020\\\/10\\\/cropped-logo-transparente-2.png\",\"width\":512,\"height\":164,\"caption\":\"Xinhua - Diario de Pernambuco\"},\"image\":{\"@id\":\"https:\\\/\\\/diariodepe.com.br\\\/xinhua\\\/#\\\/schema\\\/logo\\\/image\\\/\"}},{\"@type\":\"Person\",\"@id\":\"https:\\\/\\\/diariodepe.com.br\\\/xinhua\\\/#\\\/schema\\\/person\\\/0943d6fd02bdc7b49c8f495e8787a2cb\",\"name\":\"Marcelo Oliveira de A. Maranhao\",\"image\":{\"@type\":\"ImageObject\",\"inLanguage\":\"pt-BR\",\"@id\":\"https:\\\/\\\/secure.gravatar.com\\\/avatar\\\/f562caee940d39879c20e90eea3e4b21860c7d4c96684c23141c554824f0059c?s=96&d=mm&r=g\",\"url\":\"https:\\\/\\\/secure.gravatar.com\\\/avatar\\\/f562caee940d39879c20e90eea3e4b21860c7d4c96684c23141c554824f0059c?s=96&d=mm&r=g\",\"contentUrl\":\"https:\\\/\\\/secure.gravatar.com\\\/avatar\\\/f562caee940d39879c20e90eea3e4b21860c7d4c96684c23141c554824f0059c?s=96&d=mm&r=g\",\"caption\":\"Marcelo Oliveira de A. Maranhao\"},\"url\":\"https:\\\/\\\/diariodepe.com.br\\\/xinhua\\\/author\\\/marcelo-maranhao\\\/\"}]}<\/script>\n<!-- \/ Yoast SEO plugin. -->","yoast_head_json":{"title":"Observat\u00f3rio Econ\u00f4mico: EUA aumentam press\u00e3o comercial em diversas frentes com aproxima\u00e7\u00e3o do prazo de 90 dias para imposi\u00e7\u00e3o de tarifas - Xinhua - Diario de Pernambuco","robots":{"index":"index","follow":"follow","max-snippet":"max-snippet:-1","max-image-preview":"max-image-preview:large","max-video-preview":"max-video-preview:-1"},"canonical":"https:\/\/diariodepe.com.br\/xinhua\/2025\/07\/03\/observatorio-economico-eua-aumentam-pressao-comercial-em-diversas-frentes-com-aproximacao-do-prazo-de-90-dias-para-imposicao-de-tarifas\/","og_locale":"pt_BR","og_type":"article","og_title":"Observat\u00f3rio Econ\u00f4mico: EUA aumentam press\u00e3o comercial em diversas frentes com aproxima\u00e7\u00e3o do prazo de 90 dias para imposi\u00e7\u00e3o de tarifas - Xinhua - Diario de Pernambuco","og_description":"Beijing &#8211; Dias ap\u00f3s o presidente dos EUA, Donald Trump, amea\u00e7ar interromper as negocia\u00e7\u00f5es comerciais e impor tarifas, o Canad\u00e1 descartou seu imposto sobre servi\u00e7os digitais planejado no domingo. A Casa Branca elogiou a medida, afirmando que as negocia\u00e7\u00f5es seriam...","og_url":"https:\/\/diariodepe.com.br\/xinhua\/2025\/07\/03\/observatorio-economico-eua-aumentam-pressao-comercial-em-diversas-frentes-com-aproximacao-do-prazo-de-90-dias-para-imposicao-de-tarifas\/","og_site_name":"Xinhua - Diario de Pernambuco","article_published_time":"2025-07-03T17:24:00+00:00","og_image":[{"width":900,"height":601,"url":"https:\/\/diariodepe.com.br\/xinhua\/wp-content\/uploads\/sites\/3\/2025\/07\/202507031689817fddc94dc89a9962c9b1752fc4_20250703fe680a2cd38e42809f53a4e5728f3049.jpeg","type":"image\/jpeg"}],"author":"Marcelo Oliveira de A. Maranhao","twitter_card":"summary_large_image","twitter_misc":{"Escrito por":"Marcelo Oliveira de A. Maranhao","Est. tempo de leitura":"7 minutos"},"schema":{"@context":"https:\/\/schema.org","@graph":[{"@type":"Article","@id":"https:\/\/diariodepe.com.br\/xinhua\/2025\/07\/03\/observatorio-economico-eua-aumentam-pressao-comercial-em-diversas-frentes-com-aproximacao-do-prazo-de-90-dias-para-imposicao-de-tarifas\/#article","isPartOf":{"@id":"https:\/\/diariodepe.com.br\/xinhua\/2025\/07\/03\/observatorio-economico-eua-aumentam-pressao-comercial-em-diversas-frentes-com-aproximacao-do-prazo-de-90-dias-para-imposicao-de-tarifas\/"},"author":{"name":"Marcelo Oliveira de A. Maranhao","@id":"https:\/\/diariodepe.com.br\/xinhua\/#\/schema\/person\/0943d6fd02bdc7b49c8f495e8787a2cb"},"headline":"Observat\u00f3rio Econ\u00f4mico: EUA aumentam press\u00e3o comercial em diversas frentes com aproxima\u00e7\u00e3o do prazo de 90 dias para imposi\u00e7\u00e3o de tarifas","datePublished":"2025-07-03T17:24:00+00:00","mainEntityOfPage":{"@id":"https:\/\/diariodepe.com.br\/xinhua\/2025\/07\/03\/observatorio-economico-eua-aumentam-pressao-comercial-em-diversas-frentes-com-aproximacao-do-prazo-de-90-dias-para-imposicao-de-tarifas\/"},"wordCount":1169,"commentCount":0,"publisher":{"@id":"https:\/\/diariodepe.com.br\/xinhua\/#organization"},"image":{"@id":"https:\/\/diariodepe.com.br\/xinhua\/2025\/07\/03\/observatorio-economico-eua-aumentam-pressao-comercial-em-diversas-frentes-com-aproximacao-do-prazo-de-90-dias-para-imposicao-de-tarifas\/#primaryimage"},"thumbnailUrl":"https:\/\/diariodepe.com.br\/xinhua\/wp-content\/uploads\/sites\/3\/2025\/07\/202507031689817fddc94dc89a9962c9b1752fc4_20250703fe680a2cd38e42809f53a4e5728f3049.jpeg","articleSection":["Economia"],"inLanguage":"pt-BR","potentialAction":[{"@type":"CommentAction","name":"Comment","target":["https:\/\/diariodepe.com.br\/xinhua\/2025\/07\/03\/observatorio-economico-eua-aumentam-pressao-comercial-em-diversas-frentes-com-aproximacao-do-prazo-de-90-dias-para-imposicao-de-tarifas\/#respond"]}]},{"@type":"WebPage","@id":"https:\/\/diariodepe.com.br\/xinhua\/2025\/07\/03\/observatorio-economico-eua-aumentam-pressao-comercial-em-diversas-frentes-com-aproximacao-do-prazo-de-90-dias-para-imposicao-de-tarifas\/","url":"https:\/\/diariodepe.com.br\/xinhua\/2025\/07\/03\/observatorio-economico-eua-aumentam-pressao-comercial-em-diversas-frentes-com-aproximacao-do-prazo-de-90-dias-para-imposicao-de-tarifas\/","name":"Observat\u00f3rio Econ\u00f4mico: EUA aumentam press\u00e3o comercial em diversas frentes com aproxima\u00e7\u00e3o do prazo de 90 dias para imposi\u00e7\u00e3o de tarifas - Xinhua - Diario de Pernambuco","isPartOf":{"@id":"https:\/\/diariodepe.com.br\/xinhua\/#website"},"primaryImageOfPage":{"@id":"https:\/\/diariodepe.com.br\/xinhua\/2025\/07\/03\/observatorio-economico-eua-aumentam-pressao-comercial-em-diversas-frentes-com-aproximacao-do-prazo-de-90-dias-para-imposicao-de-tarifas\/#primaryimage"},"image":{"@id":"https:\/\/diariodepe.com.br\/xinhua\/2025\/07\/03\/observatorio-economico-eua-aumentam-pressao-comercial-em-diversas-frentes-com-aproximacao-do-prazo-de-90-dias-para-imposicao-de-tarifas\/#primaryimage"},"thumbnailUrl":"https:\/\/diariodepe.com.br\/xinhua\/wp-content\/uploads\/sites\/3\/2025\/07\/202507031689817fddc94dc89a9962c9b1752fc4_20250703fe680a2cd38e42809f53a4e5728f3049.jpeg","datePublished":"2025-07-03T17:24:00+00:00","breadcrumb":{"@id":"https:\/\/diariodepe.com.br\/xinhua\/2025\/07\/03\/observatorio-economico-eua-aumentam-pressao-comercial-em-diversas-frentes-com-aproximacao-do-prazo-de-90-dias-para-imposicao-de-tarifas\/#breadcrumb"},"inLanguage":"pt-BR","potentialAction":[{"@type":"ReadAction","target":["https:\/\/diariodepe.com.br\/xinhua\/2025\/07\/03\/observatorio-economico-eua-aumentam-pressao-comercial-em-diversas-frentes-com-aproximacao-do-prazo-de-90-dias-para-imposicao-de-tarifas\/"]}]},{"@type":"ImageObject","inLanguage":"pt-BR","@id":"https:\/\/diariodepe.com.br\/xinhua\/2025\/07\/03\/observatorio-economico-eua-aumentam-pressao-comercial-em-diversas-frentes-com-aproximacao-do-prazo-de-90-dias-para-imposicao-de-tarifas\/#primaryimage","url":"https:\/\/diariodepe.com.br\/xinhua\/wp-content\/uploads\/sites\/3\/2025\/07\/202507031689817fddc94dc89a9962c9b1752fc4_20250703fe680a2cd38e42809f53a4e5728f3049.jpeg","contentUrl":"https:\/\/diariodepe.com.br\/xinhua\/wp-content\/uploads\/sites\/3\/2025\/07\/202507031689817fddc94dc89a9962c9b1752fc4_20250703fe680a2cd38e42809f53a4e5728f3049.jpeg","width":900,"height":601,"caption":"(250606) -- VANCOUVER, June 6, 2025 (Xinhua) -- This photo taken at the Port of Vancouver shows cargo containers stacked at the Centerm container terminal, Vancouver, Canada, June 5, 2025. Canada's merchandise trade dropped in April with the trade deficit hitting a record high, Statistics Canada said Thursday. Exports dropped 10.8 percent while imports fell 3.5 percent. As a result, Canada's merchandise trade deficit with the world widened to 7.1 billion Canadian dollars (5.2 billion U.S. dollars) in April. This was the largest deficit on record, said the national statistical agency. (Photo by Liang Sen\/Xinhua)"},{"@type":"BreadcrumbList","@id":"https:\/\/diariodepe.com.br\/xinhua\/2025\/07\/03\/observatorio-economico-eua-aumentam-pressao-comercial-em-diversas-frentes-com-aproximacao-do-prazo-de-90-dias-para-imposicao-de-tarifas\/#breadcrumb","itemListElement":[{"@type":"ListItem","position":1,"name":"In\u00edcio","item":"https:\/\/diariodepe.com.br\/xinhua\/"},{"@type":"ListItem","position":2,"name":"Observat\u00f3rio Econ\u00f4mico: EUA aumentam press\u00e3o comercial em diversas frentes com aproxima\u00e7\u00e3o do prazo de 90 dias para imposi\u00e7\u00e3o de tarifas"}]},{"@type":"WebSite","@id":"https:\/\/diariodepe.com.br\/xinhua\/#website","url":"https:\/\/diariodepe.com.br\/xinhua\/","name":"Xinhua - Diario de Pernambuco","description":"A maior ag\u00eancia de not\u00edcias da China e um dos principais canais para conhecer o pa\u00eds","publisher":{"@id":"https:\/\/diariodepe.com.br\/xinhua\/#organization"},"potentialAction":[{"@type":"SearchAction","target":{"@type":"EntryPoint","urlTemplate":"https:\/\/diariodepe.com.br\/xinhua\/?s={search_term_string}"},"query-input":{"@type":"PropertyValueSpecification","valueRequired":true,"valueName":"search_term_string"}}],"inLanguage":"pt-BR"},{"@type":"Organization","@id":"https:\/\/diariodepe.com.br\/xinhua\/#organization","name":"Xinhua - Diario de Pernambuco","url":"https:\/\/diariodepe.com.br\/xinhua\/","logo":{"@type":"ImageObject","inLanguage":"pt-BR","@id":"https:\/\/diariodepe.com.br\/xinhua\/#\/schema\/logo\/image\/","url":"https:\/\/diariodepe.com.br\/xinhua\/wp-content\/uploads\/sites\/3\/2020\/10\/cropped-logo-transparente-2.png","contentUrl":"https:\/\/diariodepe.com.br\/xinhua\/wp-content\/uploads\/sites\/3\/2020\/10\/cropped-logo-transparente-2.png","width":512,"height":164,"caption":"Xinhua - Diario de Pernambuco"},"image":{"@id":"https:\/\/diariodepe.com.br\/xinhua\/#\/schema\/logo\/image\/"}},{"@type":"Person","@id":"https:\/\/diariodepe.com.br\/xinhua\/#\/schema\/person\/0943d6fd02bdc7b49c8f495e8787a2cb","name":"Marcelo Oliveira de A. Maranhao","image":{"@type":"ImageObject","inLanguage":"pt-BR","@id":"https:\/\/secure.gravatar.com\/avatar\/f562caee940d39879c20e90eea3e4b21860c7d4c96684c23141c554824f0059c?s=96&d=mm&r=g","url":"https:\/\/secure.gravatar.com\/avatar\/f562caee940d39879c20e90eea3e4b21860c7d4c96684c23141c554824f0059c?s=96&d=mm&r=g","contentUrl":"https:\/\/secure.gravatar.com\/avatar\/f562caee940d39879c20e90eea3e4b21860c7d4c96684c23141c554824f0059c?s=96&d=mm&r=g","caption":"Marcelo Oliveira de A. Maranhao"},"url":"https:\/\/diariodepe.com.br\/xinhua\/author\/marcelo-maranhao\/"}]}},"cc_featured_image_caption":{"caption_text":"","source_text":"","source_url":""},"amp_enabled":true,"_links":{"self":[{"href":"https:\/\/diariodepe.com.br\/xinhua\/wp-json\/wp\/v2\/posts\/26865","targetHints":{"allow":["GET"]}}],"collection":[{"href":"https:\/\/diariodepe.com.br\/xinhua\/wp-json\/wp\/v2\/posts"}],"about":[{"href":"https:\/\/diariodepe.com.br\/xinhua\/wp-json\/wp\/v2\/types\/post"}],"author":[{"embeddable":true,"href":"https:\/\/diariodepe.com.br\/xinhua\/wp-json\/wp\/v2\/users\/3"}],"replies":[{"embeddable":true,"href":"https:\/\/diariodepe.com.br\/xinhua\/wp-json\/wp\/v2\/comments?post=26865"}],"version-history":[{"count":1,"href":"https:\/\/diariodepe.com.br\/xinhua\/wp-json\/wp\/v2\/posts\/26865\/revisions"}],"predecessor-version":[{"id":26867,"href":"https:\/\/diariodepe.com.br\/xinhua\/wp-json\/wp\/v2\/posts\/26865\/revisions\/26867"}],"wp:featuredmedia":[{"embeddable":true,"href":"https:\/\/diariodepe.com.br\/xinhua\/wp-json\/wp\/v2\/media\/26866"}],"wp:attachment":[{"href":"https:\/\/diariodepe.com.br\/xinhua\/wp-json\/wp\/v2\/media?parent=26865"}],"wp:term":[{"taxonomy":"category","embeddable":true,"href":"https:\/\/diariodepe.com.br\/xinhua\/wp-json\/wp\/v2\/categories?post=26865"},{"taxonomy":"post_tag","embeddable":true,"href":"https:\/\/diariodepe.com.br\/xinhua\/wp-json\/wp\/v2\/tags?post=26865"}],"curies":[{"name":"wp","href":"https:\/\/api.w.org\/{rel}","templated":true}]}}