{"id":26849,"date":"2025-07-03T10:04:00","date_gmt":"2025-07-03T13:04:00","guid":{"rendered":"https:\/\/www.diariodepe.com.br\/xinhua\/?p=26849"},"modified":"2025-07-03T09:08:42","modified_gmt":"2025-07-03T12:08:42","slug":"por-que-a-primeira-ministra-tailandesa-paetongtarn-foi-suspensa-do-cargo","status":"publish","type":"post","link":"https:\/\/diariodepe.com.br\/xinhua\/2025\/07\/03\/por-que-a-primeira-ministra-tailandesa-paetongtarn-foi-suspensa-do-cargo\/","title":{"rendered":"Por que a primeira-ministra tailandesa Paetongtarn foi suspensa do cargo?"},"content":{"rendered":"\n<p>Bancoc &#8211; O Tribunal Constitucional da Tail\u00e2ndia suspendeu na ter\u00e7a-feira a primeira-ministra Paetongtarn Shinawatra do cargo, aguardando uma decis\u00e3o sobre se ela violou a Constitui\u00e7\u00e3o, decis\u00e3o essa que mergulha a pol\u00edtica tailandesa em incertezas. O que sabemos sobre a decis\u00e3o do tribunal at\u00e9 o momento:<\/p>\n\n\n\n<figure class=\"wp-block-image\"><img decoding=\"async\" src=\"https:\/\/portuguese.news.cn\/20250703\/0904f06c3a024b19adcdd183159cd255\/202507030904f06c3a024b19adcdd183159cd255_2025070376a12932399c45e3a47a3987dd0a895f.jpeg\" alt=\"\"\/><figcaption>A primeira-ministra tailandesa, Paetongtarn Shinawatra (3\u00ba \u00e0 esquerda, frente), fala com imprensa no pal\u00e1cio do governo em Bancoc, Tail\u00e2ndia, no dia 23 de junho de 2025. (Xinhua\/Rachen Sageamsak)<\/figcaption><\/figure>\n\n\n\n<p><strong>PETI\u00c7\u00c3O AO TRIBUNAL CONSTITUCIONAL<\/strong><\/p>\n\n\n\n<p>A decis\u00e3o do Tribunal Constitucional foi baseada em uma peti\u00e7\u00e3o apresentada por mais de 30 senadores, que solicitaram ao tribunal que decidisse se Paetongtarn violou a Constitui\u00e7\u00e3o por motivos \u00e9ticos.<\/p>\n\n\n\n<p>A peti\u00e7\u00e3o foi apresentada ap\u00f3s o vazamento de uma grava\u00e7\u00e3o de \u00e1udio de uma conversa telef\u00f4nica em meados de junho entre Paetongtarn e Hun Sen, presidente do Senado cambojano e ex-primeiro-ministro cambojano. A grava\u00e7\u00e3o mostrou Paetongtarn, chamando Hun Sen de &#8220;tio&#8221;, buscando sua ajuda para aliviar as tens\u00f5es em rela\u00e7\u00e3o a um confronto na fronteira entre Tail\u00e2ndia e Camboja, ocorrido no final de maio. Ela chegou a criticar um comandante militar tailand\u00eas na \u00e1rea de fronteira durante a conversa.<\/p>\n\n\n\n<p>Hun Sen confirmou a autenticidade da grava\u00e7\u00e3o, afirmando que ela havia sido feita &#8220;para evitar mal-entendidos e por uma quest\u00e3o de transpar\u00eancia&#8221;. Ele disse ter compartilhado a grava\u00e7\u00e3o com cerca de 80 altos funcion\u00e1rios no Camboja e sugeriu que algu\u00e9m que n\u00e3o gosta da primeira-ministra tailandesa poderia t\u00ea-la vazado.<\/p>\n\n\n\n<p>Paetongtarn prontamente se desculpou publicamente, mas insistiu que se tratava de uma conversa privada e que ela s\u00f3 queria apaziguar as tens\u00f5es usando conex\u00f5es pessoais. O pai de Paetongtarn e ex-primeiro-ministro, Thaksin Shinawatra, conhece Hun Sen h\u00e1 mais de tr\u00eas d\u00e9cadas e as duas fam\u00edlias tiveram rela\u00e7\u00f5es pr\u00f3ximas no passado.<\/p>\n\n\n\n<p>Apesar da explica\u00e7\u00e3o de Paetongtarn, o vazamento imediatamente desencadeou uma rea\u00e7\u00e3o pol\u00edtica contra ela. O Partido Bhumjaithai, o segundo maior partido na coaliz\u00e3o governista, depois do Partido Pheu Thai de Paetongtarn, se retirou do governo com a ren\u00fancia de todos os seus membros do gabinete, instando Paetongtarn a &#8220;assumir a responsabilidade por fazer o pa\u00eds perder sua dignidade, honra e respeito pelo povo e pelas for\u00e7as armadas&#8221;.<\/p>\n\n\n\n<p>O Partido Popular, principal partido da oposi\u00e7\u00e3o, pediu a Paetongtarn para dissolver a c\u00e2mara baixa do parlamento para novas elei\u00e7\u00f5es. Um grande com\u00edcio foi realizado no centro de Bancoc em 28 de junho, pedindo a destitui\u00e7\u00e3o de Paetongtarn.<\/p>\n\n\n\n<figure class=\"wp-block-image\"><img decoding=\"async\" src=\"https:\/\/portuguese.news.cn\/20250703\/0904f06c3a024b19adcdd183159cd255\/202507030904f06c3a024b19adcdd183159cd255_20250703a6a944d7ac424b76ae4645745990ddf1.jpeg\" alt=\"\"\/><figcaption>A primeira-ministra tailandesa, Paetongtarn Shinawatra (2\u00ba \u00e0 direita, frente), recebe imprensa na sede do governo em Bancoc, Tail\u00e2ndia, no dia 23 de junho de 2025. (Xinhua\/Rachen Sageamsak)<\/figcaption><\/figure>\n\n\n\n<p><strong>DECIS\u00c3O DO TRIBUNAL<\/strong><\/p>\n\n\n\n<p>O Tribunal Constitucional se reuniu na ter\u00e7a-feira para analisar se aceitaria a peti\u00e7\u00e3o. De acordo com um comunicado oficial, todos os nove ju\u00edzes do Tribunal Constitucional votaram unanimemente pela aceita\u00e7\u00e3o da peti\u00e7\u00e3o.<\/p>\n\n\n\n<p>Sete deles votaram pela suspens\u00e3o de Paetongtarn de suas fun\u00e7\u00f5es como primeira-ministra enquanto o caso estiver em an\u00e1lise. O tribunal afirmou que medidas tempor\u00e1rias devem ser tomadas para evitar danos graves e irrepar\u00e1veis, acrescentando que a r\u00e9 est\u00e1 proibida de exercer fun\u00e7\u00f5es e poderes relacionados \u00e0 seguran\u00e7a nacional, rela\u00e7\u00f5es exteriores e finan\u00e7as at\u00e9 que o tribunal profira sua decis\u00e3o.<\/p>\n\n\n\n<p>O tribunal solicitou que Paetongtarn apresentasse uma explica\u00e7\u00e3o no prazo de 15 dias, e pode levar algum tempo para que o tribunal promulgue o veredito.<\/p>\n\n\n\n<p>Paetongtarn afirmou que aceita a decis\u00e3o do tribunal e buscar\u00e1 provar sua inoc\u00eancia. &#8220;Farei o poss\u00edvel, tendo em mente que n\u00e3o tive m\u00e1 inten\u00e7\u00e3o em rela\u00e7\u00e3o ao conte\u00fado da grava\u00e7\u00e3o de \u00e1udio vazada&#8221;, disse ela.<\/p>\n\n\n\n<p>A decis\u00e3o do tribunal ocorreu menos de um ano ap\u00f3s Paetongtarn, 38 anos, ter sido eleita em agosto passado, tornando-se a mais jovem e a segunda primeira-ministra da Tail\u00e2ndia, ap\u00f3s vencer uma vota\u00e7\u00e3o parlamentar.<\/p>\n\n\n\n<p>O antecessor de Paetongtarn, Srettha Thavisin, foi destitu\u00eddo pelo Tribunal Constitucional por uma viola\u00e7\u00e3o \u00e9tica envolvendo a nomea\u00e7\u00e3o de um ministro com condena\u00e7\u00e3o criminal.<\/p>\n\n\n\n<figure class=\"wp-block-image\"><img decoding=\"async\" src=\"https:\/\/portuguese.news.cn\/20250703\/0904f06c3a024b19adcdd183159cd255\/202507030904f06c3a024b19adcdd183159cd255_2025070325c9a388859d472cb34c585c56b8ce0c.jpeg\" alt=\"\"\/><figcaption>A primeira-ministra tailandesa, Paetongtarn Shinawatra, discursa na cerim\u00f4nia de lan\u00e7amento da iniciativa Sawasdee Nihao em Bancoc, Tail\u00e2ndia, no dia 29 de maio de 2025. (Xinhua\/Sun Weitong)<\/figcaption><\/figure>\n\n\n\n<p><strong>GOVERNO TAILAND\u00caS DURANTE A SUSPENS\u00c3O DE PAETONGTARN<\/strong><\/p>\n\n\n\n<p>A Tail\u00e2ndia enfrenta crescente incerteza pol\u00edtica. Pouco antes da decis\u00e3o judicial, um decreto real foi emitido na ter\u00e7a-feira, anunciando o endosso real \u00e0 reforma ministerial proposta por Paetongtarn para preencher as vagas deixadas por ex-ministros de Bhumjaithai. Os novos ministros devem tomar posse na quinta-feira.<\/p>\n\n\n\n<p>O vice-primeiro-ministro e ministro dos Transportes, Suriya Jungrungreangkit, agora atua como primeiro-ministro interino. O ministro do Gabinete do Primeiro-Ministro, Chusak Sirinil, disse a rep\u00f3rteres na ter\u00e7a-feira que Suriya tem autoridade para exercer os poderes do cargo de primeiro-ministro, incluindo a reorganiza\u00e7\u00e3o do gabinete ou a dissolu\u00e7\u00e3o do parlamento, para evitar um v\u00e1cuo administrativo ou impasse pol\u00edtico.<\/p>\n\n\n\n<p>Na \u00faltima reorganiza\u00e7\u00e3o, Paetongtarn assumir\u00e1 o duplo papel de ministra da Cultura. Alguns analistas suspeitaram que foi uma medida preventiva permitir que Paetongtarn participasse de reuni\u00f5es de gabinete como ministra durante a suspens\u00e3o. Mas Paetongtarn negou na segunda-feira, afirmando que queria servir como ministra da Cultura para promover o soft power (poder brando, em tradu\u00e7\u00e3o livre) da Tail\u00e2ndia.<\/p>\n\n\n\n<p>Mesmo sem a suspens\u00e3o de Paetongtarn, a coaliz\u00e3o governista foi enfraquecida pela sa\u00edda de Bhumjaithai e agora det\u00e9m apenas uma pequena maioria parlamentar. Bhumjaithai j\u00e1 afirmou que buscar\u00e1 um debate de censura contra Paetongtarn e seu governo ap\u00f3s a retomada do parlamento no final desta semana.<\/p>\n\n\n\n<p>Paetongtarn pode enfrentar outros poss\u00edveis desafios legais em rela\u00e7\u00e3o ao vazamento da liga\u00e7\u00e3o telef\u00f4nica. Seu pai, Thaksin, tamb\u00e9m est\u00e1 implicado em v\u00e1rios casos, incluindo um por acusa\u00e7\u00e3o de insulto \u00e0 realeza.<\/p>\n","protected":false},"excerpt":{"rendered":"<p>Bancoc &#8211; O Tribunal Constitucional da Tail\u00e2ndia suspendeu na ter\u00e7a-feira a primeira-ministra Paetongtarn Shinawatra do cargo, aguardando uma decis\u00e3o sobre se ela violou a Constitui\u00e7\u00e3o, decis\u00e3o essa que mergulha a pol\u00edtica tailandesa em incertezas. O que sabemos sobre a decis\u00e3o&#8230;<\/p>\n","protected":false},"author":3,"featured_media":26850,"comment_status":"open","ping_status":"open","sticky":false,"template":"","format":"standard","meta":{"footnotes":""},"categories":[4],"tags":[],"class_list":["post-26849","post","type-post","status-publish","format-standard","has-post-thumbnail","hentry","category-internacional"],"yoast_head":"<!-- This site is optimized with the Yoast SEO plugin v27.4 - https:\/\/yoast.com\/product\/yoast-seo-wordpress\/ -->\n<title>Por que a primeira-ministra tailandesa Paetongtarn foi suspensa do cargo? - Xinhua - Diario de Pernambuco<\/title>\n<meta name=\"robots\" content=\"index, follow, max-snippet:-1, max-image-preview:large, max-video-preview:-1\" \/>\n<link rel=\"canonical\" href=\"https:\/\/diariodepe.com.br\/xinhua\/2025\/07\/03\/por-que-a-primeira-ministra-tailandesa-paetongtarn-foi-suspensa-do-cargo\/\" \/>\n<meta property=\"og:locale\" content=\"pt_BR\" \/>\n<meta property=\"og:type\" content=\"article\" \/>\n<meta property=\"og:title\" content=\"Por que a primeira-ministra tailandesa Paetongtarn foi suspensa do cargo? - Xinhua - Diario de Pernambuco\" \/>\n<meta property=\"og:description\" content=\"Bancoc &#8211; O Tribunal Constitucional da Tail\u00e2ndia suspendeu na ter\u00e7a-feira a primeira-ministra Paetongtarn Shinawatra do cargo, aguardando uma decis\u00e3o sobre se ela violou a Constitui\u00e7\u00e3o, decis\u00e3o essa que mergulha a pol\u00edtica tailandesa em incertezas. O que sabemos sobre a decis\u00e3o...\" \/>\n<meta property=\"og:url\" content=\"https:\/\/diariodepe.com.br\/xinhua\/2025\/07\/03\/por-que-a-primeira-ministra-tailandesa-paetongtarn-foi-suspensa-do-cargo\/\" \/>\n<meta property=\"og:site_name\" content=\"Xinhua - Diario de Pernambuco\" \/>\n<meta property=\"article:published_time\" content=\"2025-07-03T13:04:00+00:00\" \/>\n<meta property=\"og:image\" content=\"https:\/\/diariodepe.com.br\/xinhua\/wp-content\/uploads\/sites\/3\/2025\/07\/202507030904f06c3a024b19adcdd183159cd255_202507036a1be4484db345a7985c5441db3b9d48.jpeg\" \/>\n\t<meta property=\"og:image:width\" content=\"899\" \/>\n\t<meta property=\"og:image:height\" content=\"629\" \/>\n\t<meta property=\"og:image:type\" content=\"image\/jpeg\" \/>\n<meta name=\"author\" content=\"Marcelo Oliveira de A. Maranhao\" \/>\n<meta name=\"twitter:card\" content=\"summary_large_image\" \/>\n<meta name=\"twitter:label1\" content=\"Escrito por\" \/>\n\t<meta name=\"twitter:data1\" content=\"Marcelo Oliveira de A. Maranhao\" \/>\n\t<meta name=\"twitter:label2\" content=\"Est. tempo de leitura\" \/>\n\t<meta name=\"twitter:data2\" content=\"6 minutos\" \/>\n<script type=\"application\/ld+json\" class=\"yoast-schema-graph\">{\"@context\":\"https:\\\/\\\/schema.org\",\"@graph\":[{\"@type\":\"Article\",\"@id\":\"https:\\\/\\\/diariodepe.com.br\\\/xinhua\\\/2025\\\/07\\\/03\\\/por-que-a-primeira-ministra-tailandesa-paetongtarn-foi-suspensa-do-cargo\\\/#article\",\"isPartOf\":{\"@id\":\"https:\\\/\\\/diariodepe.com.br\\\/xinhua\\\/2025\\\/07\\\/03\\\/por-que-a-primeira-ministra-tailandesa-paetongtarn-foi-suspensa-do-cargo\\\/\"},\"author\":{\"name\":\"Marcelo Oliveira de A. Maranhao\",\"@id\":\"https:\\\/\\\/diariodepe.com.br\\\/xinhua\\\/#\\\/schema\\\/person\\\/0943d6fd02bdc7b49c8f495e8787a2cb\"},\"headline\":\"Por que a primeira-ministra tailandesa Paetongtarn foi suspensa do cargo?\",\"datePublished\":\"2025-07-03T13:04:00+00:00\",\"mainEntityOfPage\":{\"@id\":\"https:\\\/\\\/diariodepe.com.br\\\/xinhua\\\/2025\\\/07\\\/03\\\/por-que-a-primeira-ministra-tailandesa-paetongtarn-foi-suspensa-do-cargo\\\/\"},\"wordCount\":1009,\"commentCount\":0,\"publisher\":{\"@id\":\"https:\\\/\\\/diariodepe.com.br\\\/xinhua\\\/#organization\"},\"image\":{\"@id\":\"https:\\\/\\\/diariodepe.com.br\\\/xinhua\\\/2025\\\/07\\\/03\\\/por-que-a-primeira-ministra-tailandesa-paetongtarn-foi-suspensa-do-cargo\\\/#primaryimage\"},\"thumbnailUrl\":\"https:\\\/\\\/diariodepe.com.br\\\/xinhua\\\/wp-content\\\/uploads\\\/sites\\\/3\\\/2025\\\/07\\\/202507030904f06c3a024b19adcdd183159cd255_202507036a1be4484db345a7985c5441db3b9d48.jpeg\",\"articleSection\":[\"Internacional\"],\"inLanguage\":\"pt-BR\",\"potentialAction\":[{\"@type\":\"CommentAction\",\"name\":\"Comment\",\"target\":[\"https:\\\/\\\/diariodepe.com.br\\\/xinhua\\\/2025\\\/07\\\/03\\\/por-que-a-primeira-ministra-tailandesa-paetongtarn-foi-suspensa-do-cargo\\\/#respond\"]}]},{\"@type\":\"WebPage\",\"@id\":\"https:\\\/\\\/diariodepe.com.br\\\/xinhua\\\/2025\\\/07\\\/03\\\/por-que-a-primeira-ministra-tailandesa-paetongtarn-foi-suspensa-do-cargo\\\/\",\"url\":\"https:\\\/\\\/diariodepe.com.br\\\/xinhua\\\/2025\\\/07\\\/03\\\/por-que-a-primeira-ministra-tailandesa-paetongtarn-foi-suspensa-do-cargo\\\/\",\"name\":\"Por que a primeira-ministra tailandesa Paetongtarn foi suspensa do cargo? - Xinhua - Diario de Pernambuco\",\"isPartOf\":{\"@id\":\"https:\\\/\\\/diariodepe.com.br\\\/xinhua\\\/#website\"},\"primaryImageOfPage\":{\"@id\":\"https:\\\/\\\/diariodepe.com.br\\\/xinhua\\\/2025\\\/07\\\/03\\\/por-que-a-primeira-ministra-tailandesa-paetongtarn-foi-suspensa-do-cargo\\\/#primaryimage\"},\"image\":{\"@id\":\"https:\\\/\\\/diariodepe.com.br\\\/xinhua\\\/2025\\\/07\\\/03\\\/por-que-a-primeira-ministra-tailandesa-paetongtarn-foi-suspensa-do-cargo\\\/#primaryimage\"},\"thumbnailUrl\":\"https:\\\/\\\/diariodepe.com.br\\\/xinhua\\\/wp-content\\\/uploads\\\/sites\\\/3\\\/2025\\\/07\\\/202507030904f06c3a024b19adcdd183159cd255_202507036a1be4484db345a7985c5441db3b9d48.jpeg\",\"datePublished\":\"2025-07-03T13:04:00+00:00\",\"breadcrumb\":{\"@id\":\"https:\\\/\\\/diariodepe.com.br\\\/xinhua\\\/2025\\\/07\\\/03\\\/por-que-a-primeira-ministra-tailandesa-paetongtarn-foi-suspensa-do-cargo\\\/#breadcrumb\"},\"inLanguage\":\"pt-BR\",\"potentialAction\":[{\"@type\":\"ReadAction\",\"target\":[\"https:\\\/\\\/diariodepe.com.br\\\/xinhua\\\/2025\\\/07\\\/03\\\/por-que-a-primeira-ministra-tailandesa-paetongtarn-foi-suspensa-do-cargo\\\/\"]}]},{\"@type\":\"ImageObject\",\"inLanguage\":\"pt-BR\",\"@id\":\"https:\\\/\\\/diariodepe.com.br\\\/xinhua\\\/2025\\\/07\\\/03\\\/por-que-a-primeira-ministra-tailandesa-paetongtarn-foi-suspensa-do-cargo\\\/#primaryimage\",\"url\":\"https:\\\/\\\/diariodepe.com.br\\\/xinhua\\\/wp-content\\\/uploads\\\/sites\\\/3\\\/2025\\\/07\\\/202507030904f06c3a024b19adcdd183159cd255_202507036a1be4484db345a7985c5441db3b9d48.jpeg\",\"contentUrl\":\"https:\\\/\\\/diariodepe.com.br\\\/xinhua\\\/wp-content\\\/uploads\\\/sites\\\/3\\\/2025\\\/07\\\/202507030904f06c3a024b19adcdd183159cd255_202507036a1be4484db345a7985c5441db3b9d48.jpeg\",\"width\":899,\"height\":629,\"caption\":\"(250701) -- BANGKOK, July 1, 2025 (Xinhua) -- Paetongtarn Shinawatra (C) leaves the government house in Bangkok, Thailand, July 1, 2025. Thailand's Constitutional Court suspended Prime Minister Paetongtarn Shinawatra on Tuesday after accepting a petition accusing her of constitutional violation. (Xinhua\\\/Rachen Sageamsak)\"},{\"@type\":\"BreadcrumbList\",\"@id\":\"https:\\\/\\\/diariodepe.com.br\\\/xinhua\\\/2025\\\/07\\\/03\\\/por-que-a-primeira-ministra-tailandesa-paetongtarn-foi-suspensa-do-cargo\\\/#breadcrumb\",\"itemListElement\":[{\"@type\":\"ListItem\",\"position\":1,\"name\":\"In\u00edcio\",\"item\":\"https:\\\/\\\/diariodepe.com.br\\\/xinhua\\\/\"},{\"@type\":\"ListItem\",\"position\":2,\"name\":\"Por que a primeira-ministra tailandesa Paetongtarn foi suspensa do cargo?\"}]},{\"@type\":\"WebSite\",\"@id\":\"https:\\\/\\\/diariodepe.com.br\\\/xinhua\\\/#website\",\"url\":\"https:\\\/\\\/diariodepe.com.br\\\/xinhua\\\/\",\"name\":\"Xinhua - Diario de Pernambuco\",\"description\":\"A maior ag\u00eancia de not\u00edcias da China e um dos principais canais para conhecer o pa\u00eds\",\"publisher\":{\"@id\":\"https:\\\/\\\/diariodepe.com.br\\\/xinhua\\\/#organization\"},\"potentialAction\":[{\"@type\":\"SearchAction\",\"target\":{\"@type\":\"EntryPoint\",\"urlTemplate\":\"https:\\\/\\\/diariodepe.com.br\\\/xinhua\\\/?s={search_term_string}\"},\"query-input\":{\"@type\":\"PropertyValueSpecification\",\"valueRequired\":true,\"valueName\":\"search_term_string\"}}],\"inLanguage\":\"pt-BR\"},{\"@type\":\"Organization\",\"@id\":\"https:\\\/\\\/diariodepe.com.br\\\/xinhua\\\/#organization\",\"name\":\"Xinhua - Diario de Pernambuco\",\"url\":\"https:\\\/\\\/diariodepe.com.br\\\/xinhua\\\/\",\"logo\":{\"@type\":\"ImageObject\",\"inLanguage\":\"pt-BR\",\"@id\":\"https:\\\/\\\/diariodepe.com.br\\\/xinhua\\\/#\\\/schema\\\/logo\\\/image\\\/\",\"url\":\"https:\\\/\\\/diariodepe.com.br\\\/xinhua\\\/wp-content\\\/uploads\\\/sites\\\/3\\\/2020\\\/10\\\/cropped-logo-transparente-2.png\",\"contentUrl\":\"https:\\\/\\\/diariodepe.com.br\\\/xinhua\\\/wp-content\\\/uploads\\\/sites\\\/3\\\/2020\\\/10\\\/cropped-logo-transparente-2.png\",\"width\":512,\"height\":164,\"caption\":\"Xinhua - Diario de Pernambuco\"},\"image\":{\"@id\":\"https:\\\/\\\/diariodepe.com.br\\\/xinhua\\\/#\\\/schema\\\/logo\\\/image\\\/\"}},{\"@type\":\"Person\",\"@id\":\"https:\\\/\\\/diariodepe.com.br\\\/xinhua\\\/#\\\/schema\\\/person\\\/0943d6fd02bdc7b49c8f495e8787a2cb\",\"name\":\"Marcelo Oliveira de A. Maranhao\",\"image\":{\"@type\":\"ImageObject\",\"inLanguage\":\"pt-BR\",\"@id\":\"https:\\\/\\\/secure.gravatar.com\\\/avatar\\\/f562caee940d39879c20e90eea3e4b21860c7d4c96684c23141c554824f0059c?s=96&d=mm&r=g\",\"url\":\"https:\\\/\\\/secure.gravatar.com\\\/avatar\\\/f562caee940d39879c20e90eea3e4b21860c7d4c96684c23141c554824f0059c?s=96&d=mm&r=g\",\"contentUrl\":\"https:\\\/\\\/secure.gravatar.com\\\/avatar\\\/f562caee940d39879c20e90eea3e4b21860c7d4c96684c23141c554824f0059c?s=96&d=mm&r=g\",\"caption\":\"Marcelo Oliveira de A. Maranhao\"},\"url\":\"https:\\\/\\\/diariodepe.com.br\\\/xinhua\\\/author\\\/marcelo-maranhao\\\/\"}]}<\/script>\n<!-- \/ Yoast SEO plugin. -->","yoast_head_json":{"title":"Por que a primeira-ministra tailandesa Paetongtarn foi suspensa do cargo? - Xinhua - Diario de Pernambuco","robots":{"index":"index","follow":"follow","max-snippet":"max-snippet:-1","max-image-preview":"max-image-preview:large","max-video-preview":"max-video-preview:-1"},"canonical":"https:\/\/diariodepe.com.br\/xinhua\/2025\/07\/03\/por-que-a-primeira-ministra-tailandesa-paetongtarn-foi-suspensa-do-cargo\/","og_locale":"pt_BR","og_type":"article","og_title":"Por que a primeira-ministra tailandesa Paetongtarn foi suspensa do cargo? - Xinhua - Diario de Pernambuco","og_description":"Bancoc &#8211; O Tribunal Constitucional da Tail\u00e2ndia suspendeu na ter\u00e7a-feira a primeira-ministra Paetongtarn Shinawatra do cargo, aguardando uma decis\u00e3o sobre se ela violou a Constitui\u00e7\u00e3o, decis\u00e3o essa que mergulha a pol\u00edtica tailandesa em incertezas. O que sabemos sobre a decis\u00e3o...","og_url":"https:\/\/diariodepe.com.br\/xinhua\/2025\/07\/03\/por-que-a-primeira-ministra-tailandesa-paetongtarn-foi-suspensa-do-cargo\/","og_site_name":"Xinhua - Diario de Pernambuco","article_published_time":"2025-07-03T13:04:00+00:00","og_image":[{"width":899,"height":629,"url":"https:\/\/diariodepe.com.br\/xinhua\/wp-content\/uploads\/sites\/3\/2025\/07\/202507030904f06c3a024b19adcdd183159cd255_202507036a1be4484db345a7985c5441db3b9d48.jpeg","type":"image\/jpeg"}],"author":"Marcelo Oliveira de A. Maranhao","twitter_card":"summary_large_image","twitter_misc":{"Escrito por":"Marcelo Oliveira de A. Maranhao","Est. tempo de leitura":"6 minutos"},"schema":{"@context":"https:\/\/schema.org","@graph":[{"@type":"Article","@id":"https:\/\/diariodepe.com.br\/xinhua\/2025\/07\/03\/por-que-a-primeira-ministra-tailandesa-paetongtarn-foi-suspensa-do-cargo\/#article","isPartOf":{"@id":"https:\/\/diariodepe.com.br\/xinhua\/2025\/07\/03\/por-que-a-primeira-ministra-tailandesa-paetongtarn-foi-suspensa-do-cargo\/"},"author":{"name":"Marcelo Oliveira de A. Maranhao","@id":"https:\/\/diariodepe.com.br\/xinhua\/#\/schema\/person\/0943d6fd02bdc7b49c8f495e8787a2cb"},"headline":"Por que a primeira-ministra tailandesa Paetongtarn foi suspensa do cargo?","datePublished":"2025-07-03T13:04:00+00:00","mainEntityOfPage":{"@id":"https:\/\/diariodepe.com.br\/xinhua\/2025\/07\/03\/por-que-a-primeira-ministra-tailandesa-paetongtarn-foi-suspensa-do-cargo\/"},"wordCount":1009,"commentCount":0,"publisher":{"@id":"https:\/\/diariodepe.com.br\/xinhua\/#organization"},"image":{"@id":"https:\/\/diariodepe.com.br\/xinhua\/2025\/07\/03\/por-que-a-primeira-ministra-tailandesa-paetongtarn-foi-suspensa-do-cargo\/#primaryimage"},"thumbnailUrl":"https:\/\/diariodepe.com.br\/xinhua\/wp-content\/uploads\/sites\/3\/2025\/07\/202507030904f06c3a024b19adcdd183159cd255_202507036a1be4484db345a7985c5441db3b9d48.jpeg","articleSection":["Internacional"],"inLanguage":"pt-BR","potentialAction":[{"@type":"CommentAction","name":"Comment","target":["https:\/\/diariodepe.com.br\/xinhua\/2025\/07\/03\/por-que-a-primeira-ministra-tailandesa-paetongtarn-foi-suspensa-do-cargo\/#respond"]}]},{"@type":"WebPage","@id":"https:\/\/diariodepe.com.br\/xinhua\/2025\/07\/03\/por-que-a-primeira-ministra-tailandesa-paetongtarn-foi-suspensa-do-cargo\/","url":"https:\/\/diariodepe.com.br\/xinhua\/2025\/07\/03\/por-que-a-primeira-ministra-tailandesa-paetongtarn-foi-suspensa-do-cargo\/","name":"Por que a primeira-ministra tailandesa Paetongtarn foi suspensa do cargo? - Xinhua - Diario de Pernambuco","isPartOf":{"@id":"https:\/\/diariodepe.com.br\/xinhua\/#website"},"primaryImageOfPage":{"@id":"https:\/\/diariodepe.com.br\/xinhua\/2025\/07\/03\/por-que-a-primeira-ministra-tailandesa-paetongtarn-foi-suspensa-do-cargo\/#primaryimage"},"image":{"@id":"https:\/\/diariodepe.com.br\/xinhua\/2025\/07\/03\/por-que-a-primeira-ministra-tailandesa-paetongtarn-foi-suspensa-do-cargo\/#primaryimage"},"thumbnailUrl":"https:\/\/diariodepe.com.br\/xinhua\/wp-content\/uploads\/sites\/3\/2025\/07\/202507030904f06c3a024b19adcdd183159cd255_202507036a1be4484db345a7985c5441db3b9d48.jpeg","datePublished":"2025-07-03T13:04:00+00:00","breadcrumb":{"@id":"https:\/\/diariodepe.com.br\/xinhua\/2025\/07\/03\/por-que-a-primeira-ministra-tailandesa-paetongtarn-foi-suspensa-do-cargo\/#breadcrumb"},"inLanguage":"pt-BR","potentialAction":[{"@type":"ReadAction","target":["https:\/\/diariodepe.com.br\/xinhua\/2025\/07\/03\/por-que-a-primeira-ministra-tailandesa-paetongtarn-foi-suspensa-do-cargo\/"]}]},{"@type":"ImageObject","inLanguage":"pt-BR","@id":"https:\/\/diariodepe.com.br\/xinhua\/2025\/07\/03\/por-que-a-primeira-ministra-tailandesa-paetongtarn-foi-suspensa-do-cargo\/#primaryimage","url":"https:\/\/diariodepe.com.br\/xinhua\/wp-content\/uploads\/sites\/3\/2025\/07\/202507030904f06c3a024b19adcdd183159cd255_202507036a1be4484db345a7985c5441db3b9d48.jpeg","contentUrl":"https:\/\/diariodepe.com.br\/xinhua\/wp-content\/uploads\/sites\/3\/2025\/07\/202507030904f06c3a024b19adcdd183159cd255_202507036a1be4484db345a7985c5441db3b9d48.jpeg","width":899,"height":629,"caption":"(250701) -- BANGKOK, July 1, 2025 (Xinhua) -- Paetongtarn Shinawatra (C) leaves the government house in Bangkok, Thailand, July 1, 2025. Thailand's Constitutional Court suspended Prime Minister Paetongtarn Shinawatra on Tuesday after accepting a petition accusing her of constitutional violation. (Xinhua\/Rachen Sageamsak)"},{"@type":"BreadcrumbList","@id":"https:\/\/diariodepe.com.br\/xinhua\/2025\/07\/03\/por-que-a-primeira-ministra-tailandesa-paetongtarn-foi-suspensa-do-cargo\/#breadcrumb","itemListElement":[{"@type":"ListItem","position":1,"name":"In\u00edcio","item":"https:\/\/diariodepe.com.br\/xinhua\/"},{"@type":"ListItem","position":2,"name":"Por que a primeira-ministra tailandesa Paetongtarn foi suspensa do cargo?"}]},{"@type":"WebSite","@id":"https:\/\/diariodepe.com.br\/xinhua\/#website","url":"https:\/\/diariodepe.com.br\/xinhua\/","name":"Xinhua - Diario de Pernambuco","description":"A maior ag\u00eancia de not\u00edcias da China e um dos principais canais para conhecer o pa\u00eds","publisher":{"@id":"https:\/\/diariodepe.com.br\/xinhua\/#organization"},"potentialAction":[{"@type":"SearchAction","target":{"@type":"EntryPoint","urlTemplate":"https:\/\/diariodepe.com.br\/xinhua\/?s={search_term_string}"},"query-input":{"@type":"PropertyValueSpecification","valueRequired":true,"valueName":"search_term_string"}}],"inLanguage":"pt-BR"},{"@type":"Organization","@id":"https:\/\/diariodepe.com.br\/xinhua\/#organization","name":"Xinhua - Diario de Pernambuco","url":"https:\/\/diariodepe.com.br\/xinhua\/","logo":{"@type":"ImageObject","inLanguage":"pt-BR","@id":"https:\/\/diariodepe.com.br\/xinhua\/#\/schema\/logo\/image\/","url":"https:\/\/diariodepe.com.br\/xinhua\/wp-content\/uploads\/sites\/3\/2020\/10\/cropped-logo-transparente-2.png","contentUrl":"https:\/\/diariodepe.com.br\/xinhua\/wp-content\/uploads\/sites\/3\/2020\/10\/cropped-logo-transparente-2.png","width":512,"height":164,"caption":"Xinhua - Diario de Pernambuco"},"image":{"@id":"https:\/\/diariodepe.com.br\/xinhua\/#\/schema\/logo\/image\/"}},{"@type":"Person","@id":"https:\/\/diariodepe.com.br\/xinhua\/#\/schema\/person\/0943d6fd02bdc7b49c8f495e8787a2cb","name":"Marcelo Oliveira de A. Maranhao","image":{"@type":"ImageObject","inLanguage":"pt-BR","@id":"https:\/\/secure.gravatar.com\/avatar\/f562caee940d39879c20e90eea3e4b21860c7d4c96684c23141c554824f0059c?s=96&d=mm&r=g","url":"https:\/\/secure.gravatar.com\/avatar\/f562caee940d39879c20e90eea3e4b21860c7d4c96684c23141c554824f0059c?s=96&d=mm&r=g","contentUrl":"https:\/\/secure.gravatar.com\/avatar\/f562caee940d39879c20e90eea3e4b21860c7d4c96684c23141c554824f0059c?s=96&d=mm&r=g","caption":"Marcelo Oliveira de A. Maranhao"},"url":"https:\/\/diariodepe.com.br\/xinhua\/author\/marcelo-maranhao\/"}]}},"cc_featured_image_caption":{"caption_text":"","source_text":"","source_url":""},"amp_enabled":true,"_links":{"self":[{"href":"https:\/\/diariodepe.com.br\/xinhua\/wp-json\/wp\/v2\/posts\/26849","targetHints":{"allow":["GET"]}}],"collection":[{"href":"https:\/\/diariodepe.com.br\/xinhua\/wp-json\/wp\/v2\/posts"}],"about":[{"href":"https:\/\/diariodepe.com.br\/xinhua\/wp-json\/wp\/v2\/types\/post"}],"author":[{"embeddable":true,"href":"https:\/\/diariodepe.com.br\/xinhua\/wp-json\/wp\/v2\/users\/3"}],"replies":[{"embeddable":true,"href":"https:\/\/diariodepe.com.br\/xinhua\/wp-json\/wp\/v2\/comments?post=26849"}],"version-history":[{"count":1,"href":"https:\/\/diariodepe.com.br\/xinhua\/wp-json\/wp\/v2\/posts\/26849\/revisions"}],"predecessor-version":[{"id":26851,"href":"https:\/\/diariodepe.com.br\/xinhua\/wp-json\/wp\/v2\/posts\/26849\/revisions\/26851"}],"wp:featuredmedia":[{"embeddable":true,"href":"https:\/\/diariodepe.com.br\/xinhua\/wp-json\/wp\/v2\/media\/26850"}],"wp:attachment":[{"href":"https:\/\/diariodepe.com.br\/xinhua\/wp-json\/wp\/v2\/media?parent=26849"}],"wp:term":[{"taxonomy":"category","embeddable":true,"href":"https:\/\/diariodepe.com.br\/xinhua\/wp-json\/wp\/v2\/categories?post=26849"},{"taxonomy":"post_tag","embeddable":true,"href":"https:\/\/diariodepe.com.br\/xinhua\/wp-json\/wp\/v2\/tags?post=26849"}],"curies":[{"name":"wp","href":"https:\/\/api.w.org\/{rel}","templated":true}]}}