{"id":26832,"date":"2025-07-02T13:02:00","date_gmt":"2025-07-02T16:02:00","guid":{"rendered":"https:\/\/www.diariodepe.com.br\/xinhua\/?p=26832"},"modified":"2025-07-02T10:03:54","modified_gmt":"2025-07-02T13:03:54","slug":"belgica-e-china-prometem-aprofundar-lacos-e-aumentar-confianca-mutua","status":"publish","type":"post","link":"https:\/\/diariodepe.com.br\/xinhua\/2025\/07\/02\/belgica-e-china-prometem-aprofundar-lacos-e-aumentar-confianca-mutua\/","title":{"rendered":"B\u00e9lgica e China prometem aprofundar la\u00e7os e aumentar confian\u00e7a m\u00fatua"},"content":{"rendered":"\n<p>Bruxelas &#8211; O primeiro-ministro belga, Bart De Wever, reuniu-se com o ministro das Rela\u00e7\u00f5es Exteriores da China, Wang Yi, nesta ter\u00e7a-feira, prometendo aprofundar os interc\u00e2mbios e aumentar a confian\u00e7a m\u00fatua com a China.<\/p>\n\n\n\n<p>&nbsp; &nbsp;De Wever observou que a B\u00e9lgica e a China t\u00eam uma longa hist\u00f3ria de interc\u00e2mbios, com comunica\u00e7\u00f5es amig\u00e1veis vibrantes em n\u00edvel local, e que a B\u00e9lgica desempenha um papel de porta de entrada na coopera\u00e7\u00e3o Europa-China.<\/p>\n\n\n\n<p>&nbsp; &nbsp;Relembrando suas m\u00faltiplas visitas \u00e0 China, De Wever disse que ficou profundamente impressionado com as conquistas de desenvolvimento da China. Apesar das diferentes perspectivas, ele enfatizou a import\u00e2ncia de melhorar os interc\u00e2mbios e aumentar a confian\u00e7a m\u00fatua diante do atual cen\u00e1rio geopol\u00edtico complexo.<\/p>\n\n\n\n<p>&nbsp; &nbsp;Al\u00e9m disso, ele reafirmou o compromisso da B\u00e9lgica com o multilateralismo e o apoio a uma Europa mais aut\u00f4noma, ao mesmo tempo que expressou a esperan\u00e7a de que a pr\u00f3xima reuni\u00e3o de l\u00edderes Uni\u00e3o Europeia (UE)-China produza resultados positivos.<\/p>\n\n\n\n<p>&nbsp; &nbsp;De Wever tamb\u00e9m enfatizou que a B\u00e9lgica adere firmemente \u00e0 pol\u00edtica de Uma S\u00f3 China, e essa postura n\u00e3o mudar\u00e1.<\/p>\n\n\n\n<p>&nbsp; &nbsp;Wang, tamb\u00e9m membro do Bir\u00f4 Pol\u00edtico do Comit\u00ea Central do Partido Comunista da China, destacou o papel \u00fanico da B\u00e9lgica no processo de integra\u00e7\u00e3o europeia e nas rela\u00e7\u00f5es China-UE como membro fundador da UE e anfitri\u00e3o da sede da UE.<\/p>\n\n\n\n<p>&nbsp; &nbsp;Wang disse que a China aprecia a abordagem racional e pragm\u00e1tica da pol\u00edtica chinesa adotada pelo novo governo belga e est\u00e1 disposta a trabalhar com a B\u00e9lgica para levar adiante a amizade tradicional e promover a parceria integral de coopera\u00e7\u00e3o amistosa entre os dois pa\u00edses de maneira constante e sustentada.<\/p>\n\n\n\n<p>&nbsp; &nbsp;Enquanto isso, Wang disse que a China continua comprometida com o desenvolvimento de alta qualidade e a abertura de alto n\u00edvel, dando as boas-vindas a mais empresas belgas para a China para desenvolver seus neg\u00f3cios e esperando que a B\u00e9lgica tamb\u00e9m forne\u00e7a \u00e0s empresas chinesas que investem na B\u00e9lgica um ambiente de neg\u00f3cios justo, seguro e previs\u00edvel.<\/p>\n\n\n\n<p>&nbsp; &nbsp;Wang tamb\u00e9m disse que este ano marca o 50\u00ba anivers\u00e1rio do estabelecimento de rela\u00e7\u00f5es diplom\u00e1ticas entre a China e a UE, que carrega um significado significativo como uma ponte entre o passado e o futuro. A jornada de meio s\u00e9culo de engajamento China-UE demonstrou plenamente que os dois lados podem alcan\u00e7ar respeito m\u00fatuo e coopera\u00e7\u00e3o de ganho rec\u00edproco, acrescentou.<\/p>\n\n\n\n<p>&nbsp; &nbsp;Em meio a um cen\u00e1rio internacional complexo e vol\u00e1til, disse Wang, a China e a UE, como duas principais for\u00e7as, mercados e civiliza\u00e7\u00f5es do mundo, devem manter o posicionamento como parceiros e o tema principal da coopera\u00e7\u00e3o de ganho rec\u00edproco fortalecendo a comunica\u00e7\u00e3o, aprimorando a compreens\u00e3o e consolidando a confian\u00e7a m\u00fatua para salvaguardar conjuntamente o multilateralismo e o sistema de livre com\u00e9rcio. Juntas, elas devem servir como uma &#8220;\u00e2ncora de estabilidade&#8221; do mundo e agir como parceiras confi\u00e1veis e fortes que se apoiam e capacitam uma \u00e0 outra.<\/p>\n\n\n\n<p>&nbsp; &nbsp;Os dois lados tamb\u00e9m trocaram opini\u00f5es sobre quest\u00f5es como a Ucr\u00e2nia.<\/p>\n","protected":false},"excerpt":{"rendered":"<p>Bruxelas &#8211; O primeiro-ministro belga, Bart De Wever, reuniu-se com o ministro das Rela\u00e7\u00f5es Exteriores da China, Wang Yi, nesta ter\u00e7a-feira, prometendo aprofundar os interc\u00e2mbios e aumentar a confian\u00e7a m\u00fatua com a China. &nbsp; &nbsp;De Wever observou que a B\u00e9lgica&#8230;<\/p>\n","protected":false},"author":3,"featured_media":26833,"comment_status":"open","ping_status":"open","sticky":false,"template":"","format":"standard","meta":{"footnotes":""},"categories":[4],"tags":[],"class_list":["post-26832","post","type-post","status-publish","format-standard","has-post-thumbnail","hentry","category-internacional"],"yoast_head":"<!-- This site is optimized with the Yoast SEO plugin v27.4 - https:\/\/yoast.com\/product\/yoast-seo-wordpress\/ -->\n<title>B\u00e9lgica e China prometem aprofundar la\u00e7os e aumentar confian\u00e7a m\u00fatua - Xinhua - Diario de Pernambuco<\/title>\n<meta name=\"robots\" content=\"index, follow, max-snippet:-1, max-image-preview:large, max-video-preview:-1\" \/>\n<link rel=\"canonical\" href=\"https:\/\/diariodepe.com.br\/xinhua\/2025\/07\/02\/belgica-e-china-prometem-aprofundar-lacos-e-aumentar-confianca-mutua\/\" \/>\n<meta property=\"og:locale\" content=\"pt_BR\" \/>\n<meta property=\"og:type\" content=\"article\" \/>\n<meta property=\"og:title\" content=\"B\u00e9lgica e China prometem aprofundar la\u00e7os e aumentar confian\u00e7a m\u00fatua - Xinhua - Diario de Pernambuco\" \/>\n<meta property=\"og:description\" content=\"Bruxelas &#8211; O primeiro-ministro belga, Bart De Wever, reuniu-se com o ministro das Rela\u00e7\u00f5es Exteriores da China, Wang Yi, nesta ter\u00e7a-feira, prometendo aprofundar os interc\u00e2mbios e aumentar a confian\u00e7a m\u00fatua com a China. &nbsp; &nbsp;De Wever observou que a B\u00e9lgica...\" \/>\n<meta property=\"og:url\" content=\"https:\/\/diariodepe.com.br\/xinhua\/2025\/07\/02\/belgica-e-china-prometem-aprofundar-lacos-e-aumentar-confianca-mutua\/\" \/>\n<meta property=\"og:site_name\" content=\"Xinhua - Diario de Pernambuco\" \/>\n<meta property=\"article:published_time\" content=\"2025-07-02T16:02:00+00:00\" \/>\n<meta property=\"og:image\" content=\"https:\/\/diariodepe.com.br\/xinhua\/wp-content\/uploads\/sites\/3\/2025\/07\/202507028ce71ceb113a4f8e9d6b2c419678b025_XxjwspP007013_20250702_CBMFN0A001.jpg\" \/>\n\t<meta property=\"og:image:width\" content=\"900\" \/>\n\t<meta property=\"og:image:height\" content=\"675\" \/>\n\t<meta property=\"og:image:type\" content=\"image\/jpeg\" \/>\n<meta name=\"author\" content=\"Marcelo Oliveira de A. Maranhao\" \/>\n<meta name=\"twitter:card\" content=\"summary_large_image\" \/>\n<meta name=\"twitter:label1\" content=\"Escrito por\" \/>\n\t<meta name=\"twitter:data1\" content=\"Marcelo Oliveira de A. Maranhao\" \/>\n\t<meta name=\"twitter:label2\" content=\"Est. tempo de leitura\" \/>\n\t<meta name=\"twitter:data2\" content=\"3 minutos\" \/>\n<script type=\"application\/ld+json\" class=\"yoast-schema-graph\">{\"@context\":\"https:\\\/\\\/schema.org\",\"@graph\":[{\"@type\":\"Article\",\"@id\":\"https:\\\/\\\/diariodepe.com.br\\\/xinhua\\\/2025\\\/07\\\/02\\\/belgica-e-china-prometem-aprofundar-lacos-e-aumentar-confianca-mutua\\\/#article\",\"isPartOf\":{\"@id\":\"https:\\\/\\\/diariodepe.com.br\\\/xinhua\\\/2025\\\/07\\\/02\\\/belgica-e-china-prometem-aprofundar-lacos-e-aumentar-confianca-mutua\\\/\"},\"author\":{\"name\":\"Marcelo Oliveira de A. Maranhao\",\"@id\":\"https:\\\/\\\/diariodepe.com.br\\\/xinhua\\\/#\\\/schema\\\/person\\\/0943d6fd02bdc7b49c8f495e8787a2cb\"},\"headline\":\"B\u00e9lgica e China prometem aprofundar la\u00e7os e aumentar confian\u00e7a m\u00fatua\",\"datePublished\":\"2025-07-02T16:02:00+00:00\",\"mainEntityOfPage\":{\"@id\":\"https:\\\/\\\/diariodepe.com.br\\\/xinhua\\\/2025\\\/07\\\/02\\\/belgica-e-china-prometem-aprofundar-lacos-e-aumentar-confianca-mutua\\\/\"},\"wordCount\":584,\"commentCount\":0,\"publisher\":{\"@id\":\"https:\\\/\\\/diariodepe.com.br\\\/xinhua\\\/#organization\"},\"image\":{\"@id\":\"https:\\\/\\\/diariodepe.com.br\\\/xinhua\\\/2025\\\/07\\\/02\\\/belgica-e-china-prometem-aprofundar-lacos-e-aumentar-confianca-mutua\\\/#primaryimage\"},\"thumbnailUrl\":\"https:\\\/\\\/diariodepe.com.br\\\/xinhua\\\/wp-content\\\/uploads\\\/sites\\\/3\\\/2025\\\/07\\\/202507028ce71ceb113a4f8e9d6b2c419678b025_XxjwspP007013_20250702_CBMFN0A001.jpg\",\"articleSection\":[\"Internacional\"],\"inLanguage\":\"pt-BR\",\"potentialAction\":[{\"@type\":\"CommentAction\",\"name\":\"Comment\",\"target\":[\"https:\\\/\\\/diariodepe.com.br\\\/xinhua\\\/2025\\\/07\\\/02\\\/belgica-e-china-prometem-aprofundar-lacos-e-aumentar-confianca-mutua\\\/#respond\"]}]},{\"@type\":\"WebPage\",\"@id\":\"https:\\\/\\\/diariodepe.com.br\\\/xinhua\\\/2025\\\/07\\\/02\\\/belgica-e-china-prometem-aprofundar-lacos-e-aumentar-confianca-mutua\\\/\",\"url\":\"https:\\\/\\\/diariodepe.com.br\\\/xinhua\\\/2025\\\/07\\\/02\\\/belgica-e-china-prometem-aprofundar-lacos-e-aumentar-confianca-mutua\\\/\",\"name\":\"B\u00e9lgica e China prometem aprofundar la\u00e7os e aumentar confian\u00e7a m\u00fatua - Xinhua - Diario de Pernambuco\",\"isPartOf\":{\"@id\":\"https:\\\/\\\/diariodepe.com.br\\\/xinhua\\\/#website\"},\"primaryImageOfPage\":{\"@id\":\"https:\\\/\\\/diariodepe.com.br\\\/xinhua\\\/2025\\\/07\\\/02\\\/belgica-e-china-prometem-aprofundar-lacos-e-aumentar-confianca-mutua\\\/#primaryimage\"},\"image\":{\"@id\":\"https:\\\/\\\/diariodepe.com.br\\\/xinhua\\\/2025\\\/07\\\/02\\\/belgica-e-china-prometem-aprofundar-lacos-e-aumentar-confianca-mutua\\\/#primaryimage\"},\"thumbnailUrl\":\"https:\\\/\\\/diariodepe.com.br\\\/xinhua\\\/wp-content\\\/uploads\\\/sites\\\/3\\\/2025\\\/07\\\/202507028ce71ceb113a4f8e9d6b2c419678b025_XxjwspP007013_20250702_CBMFN0A001.jpg\",\"datePublished\":\"2025-07-02T16:02:00+00:00\",\"breadcrumb\":{\"@id\":\"https:\\\/\\\/diariodepe.com.br\\\/xinhua\\\/2025\\\/07\\\/02\\\/belgica-e-china-prometem-aprofundar-lacos-e-aumentar-confianca-mutua\\\/#breadcrumb\"},\"inLanguage\":\"pt-BR\",\"potentialAction\":[{\"@type\":\"ReadAction\",\"target\":[\"https:\\\/\\\/diariodepe.com.br\\\/xinhua\\\/2025\\\/07\\\/02\\\/belgica-e-china-prometem-aprofundar-lacos-e-aumentar-confianca-mutua\\\/\"]}]},{\"@type\":\"ImageObject\",\"inLanguage\":\"pt-BR\",\"@id\":\"https:\\\/\\\/diariodepe.com.br\\\/xinhua\\\/2025\\\/07\\\/02\\\/belgica-e-china-prometem-aprofundar-lacos-e-aumentar-confianca-mutua\\\/#primaryimage\",\"url\":\"https:\\\/\\\/diariodepe.com.br\\\/xinhua\\\/wp-content\\\/uploads\\\/sites\\\/3\\\/2025\\\/07\\\/202507028ce71ceb113a4f8e9d6b2c419678b025_XxjwspP007013_20250702_CBMFN0A001.jpg\",\"contentUrl\":\"https:\\\/\\\/diariodepe.com.br\\\/xinhua\\\/wp-content\\\/uploads\\\/sites\\\/3\\\/2025\\\/07\\\/202507028ce71ceb113a4f8e9d6b2c419678b025_XxjwspP007013_20250702_CBMFN0A001.jpg\",\"width\":900,\"height\":675,\"caption\":\"(250701) -- BRUSSELS, July 1, 2025 (Xinhua) -- Belgium's Prime Minister Bart De Wever meets with Chinese Foreign Minister Wang Yi, also a member of the Political Bureau of the Communist Party of China Central Committee, in Brussels, Belgium, July 1, 2025. (Chinese Embassy in Belgium\\\/Handout via Xinhua)\"},{\"@type\":\"BreadcrumbList\",\"@id\":\"https:\\\/\\\/diariodepe.com.br\\\/xinhua\\\/2025\\\/07\\\/02\\\/belgica-e-china-prometem-aprofundar-lacos-e-aumentar-confianca-mutua\\\/#breadcrumb\",\"itemListElement\":[{\"@type\":\"ListItem\",\"position\":1,\"name\":\"In\u00edcio\",\"item\":\"https:\\\/\\\/diariodepe.com.br\\\/xinhua\\\/\"},{\"@type\":\"ListItem\",\"position\":2,\"name\":\"B\u00e9lgica e China prometem aprofundar la\u00e7os e aumentar confian\u00e7a m\u00fatua\"}]},{\"@type\":\"WebSite\",\"@id\":\"https:\\\/\\\/diariodepe.com.br\\\/xinhua\\\/#website\",\"url\":\"https:\\\/\\\/diariodepe.com.br\\\/xinhua\\\/\",\"name\":\"Xinhua - Diario de Pernambuco\",\"description\":\"A maior ag\u00eancia de not\u00edcias da China e um dos principais canais para conhecer o pa\u00eds\",\"publisher\":{\"@id\":\"https:\\\/\\\/diariodepe.com.br\\\/xinhua\\\/#organization\"},\"potentialAction\":[{\"@type\":\"SearchAction\",\"target\":{\"@type\":\"EntryPoint\",\"urlTemplate\":\"https:\\\/\\\/diariodepe.com.br\\\/xinhua\\\/?s={search_term_string}\"},\"query-input\":{\"@type\":\"PropertyValueSpecification\",\"valueRequired\":true,\"valueName\":\"search_term_string\"}}],\"inLanguage\":\"pt-BR\"},{\"@type\":\"Organization\",\"@id\":\"https:\\\/\\\/diariodepe.com.br\\\/xinhua\\\/#organization\",\"name\":\"Xinhua - Diario de Pernambuco\",\"url\":\"https:\\\/\\\/diariodepe.com.br\\\/xinhua\\\/\",\"logo\":{\"@type\":\"ImageObject\",\"inLanguage\":\"pt-BR\",\"@id\":\"https:\\\/\\\/diariodepe.com.br\\\/xinhua\\\/#\\\/schema\\\/logo\\\/image\\\/\",\"url\":\"https:\\\/\\\/diariodepe.com.br\\\/xinhua\\\/wp-content\\\/uploads\\\/sites\\\/3\\\/2020\\\/10\\\/cropped-logo-transparente-2.png\",\"contentUrl\":\"https:\\\/\\\/diariodepe.com.br\\\/xinhua\\\/wp-content\\\/uploads\\\/sites\\\/3\\\/2020\\\/10\\\/cropped-logo-transparente-2.png\",\"width\":512,\"height\":164,\"caption\":\"Xinhua - Diario de Pernambuco\"},\"image\":{\"@id\":\"https:\\\/\\\/diariodepe.com.br\\\/xinhua\\\/#\\\/schema\\\/logo\\\/image\\\/\"}},{\"@type\":\"Person\",\"@id\":\"https:\\\/\\\/diariodepe.com.br\\\/xinhua\\\/#\\\/schema\\\/person\\\/0943d6fd02bdc7b49c8f495e8787a2cb\",\"name\":\"Marcelo Oliveira de A. Maranhao\",\"image\":{\"@type\":\"ImageObject\",\"inLanguage\":\"pt-BR\",\"@id\":\"https:\\\/\\\/secure.gravatar.com\\\/avatar\\\/f562caee940d39879c20e90eea3e4b21860c7d4c96684c23141c554824f0059c?s=96&d=mm&r=g\",\"url\":\"https:\\\/\\\/secure.gravatar.com\\\/avatar\\\/f562caee940d39879c20e90eea3e4b21860c7d4c96684c23141c554824f0059c?s=96&d=mm&r=g\",\"contentUrl\":\"https:\\\/\\\/secure.gravatar.com\\\/avatar\\\/f562caee940d39879c20e90eea3e4b21860c7d4c96684c23141c554824f0059c?s=96&d=mm&r=g\",\"caption\":\"Marcelo Oliveira de A. Maranhao\"},\"url\":\"https:\\\/\\\/diariodepe.com.br\\\/xinhua\\\/author\\\/marcelo-maranhao\\\/\"}]}<\/script>\n<!-- \/ Yoast SEO plugin. -->","yoast_head_json":{"title":"B\u00e9lgica e China prometem aprofundar la\u00e7os e aumentar confian\u00e7a m\u00fatua - Xinhua - Diario de Pernambuco","robots":{"index":"index","follow":"follow","max-snippet":"max-snippet:-1","max-image-preview":"max-image-preview:large","max-video-preview":"max-video-preview:-1"},"canonical":"https:\/\/diariodepe.com.br\/xinhua\/2025\/07\/02\/belgica-e-china-prometem-aprofundar-lacos-e-aumentar-confianca-mutua\/","og_locale":"pt_BR","og_type":"article","og_title":"B\u00e9lgica e China prometem aprofundar la\u00e7os e aumentar confian\u00e7a m\u00fatua - Xinhua - Diario de Pernambuco","og_description":"Bruxelas &#8211; O primeiro-ministro belga, Bart De Wever, reuniu-se com o ministro das Rela\u00e7\u00f5es Exteriores da China, Wang Yi, nesta ter\u00e7a-feira, prometendo aprofundar os interc\u00e2mbios e aumentar a confian\u00e7a m\u00fatua com a China. &nbsp; &nbsp;De Wever observou que a B\u00e9lgica...","og_url":"https:\/\/diariodepe.com.br\/xinhua\/2025\/07\/02\/belgica-e-china-prometem-aprofundar-lacos-e-aumentar-confianca-mutua\/","og_site_name":"Xinhua - Diario de Pernambuco","article_published_time":"2025-07-02T16:02:00+00:00","og_image":[{"width":900,"height":675,"url":"https:\/\/diariodepe.com.br\/xinhua\/wp-content\/uploads\/sites\/3\/2025\/07\/202507028ce71ceb113a4f8e9d6b2c419678b025_XxjwspP007013_20250702_CBMFN0A001.jpg","type":"image\/jpeg"}],"author":"Marcelo Oliveira de A. Maranhao","twitter_card":"summary_large_image","twitter_misc":{"Escrito por":"Marcelo Oliveira de A. Maranhao","Est. tempo de leitura":"3 minutos"},"schema":{"@context":"https:\/\/schema.org","@graph":[{"@type":"Article","@id":"https:\/\/diariodepe.com.br\/xinhua\/2025\/07\/02\/belgica-e-china-prometem-aprofundar-lacos-e-aumentar-confianca-mutua\/#article","isPartOf":{"@id":"https:\/\/diariodepe.com.br\/xinhua\/2025\/07\/02\/belgica-e-china-prometem-aprofundar-lacos-e-aumentar-confianca-mutua\/"},"author":{"name":"Marcelo Oliveira de A. Maranhao","@id":"https:\/\/diariodepe.com.br\/xinhua\/#\/schema\/person\/0943d6fd02bdc7b49c8f495e8787a2cb"},"headline":"B\u00e9lgica e China prometem aprofundar la\u00e7os e aumentar confian\u00e7a m\u00fatua","datePublished":"2025-07-02T16:02:00+00:00","mainEntityOfPage":{"@id":"https:\/\/diariodepe.com.br\/xinhua\/2025\/07\/02\/belgica-e-china-prometem-aprofundar-lacos-e-aumentar-confianca-mutua\/"},"wordCount":584,"commentCount":0,"publisher":{"@id":"https:\/\/diariodepe.com.br\/xinhua\/#organization"},"image":{"@id":"https:\/\/diariodepe.com.br\/xinhua\/2025\/07\/02\/belgica-e-china-prometem-aprofundar-lacos-e-aumentar-confianca-mutua\/#primaryimage"},"thumbnailUrl":"https:\/\/diariodepe.com.br\/xinhua\/wp-content\/uploads\/sites\/3\/2025\/07\/202507028ce71ceb113a4f8e9d6b2c419678b025_XxjwspP007013_20250702_CBMFN0A001.jpg","articleSection":["Internacional"],"inLanguage":"pt-BR","potentialAction":[{"@type":"CommentAction","name":"Comment","target":["https:\/\/diariodepe.com.br\/xinhua\/2025\/07\/02\/belgica-e-china-prometem-aprofundar-lacos-e-aumentar-confianca-mutua\/#respond"]}]},{"@type":"WebPage","@id":"https:\/\/diariodepe.com.br\/xinhua\/2025\/07\/02\/belgica-e-china-prometem-aprofundar-lacos-e-aumentar-confianca-mutua\/","url":"https:\/\/diariodepe.com.br\/xinhua\/2025\/07\/02\/belgica-e-china-prometem-aprofundar-lacos-e-aumentar-confianca-mutua\/","name":"B\u00e9lgica e China prometem aprofundar la\u00e7os e aumentar confian\u00e7a m\u00fatua - Xinhua - Diario de Pernambuco","isPartOf":{"@id":"https:\/\/diariodepe.com.br\/xinhua\/#website"},"primaryImageOfPage":{"@id":"https:\/\/diariodepe.com.br\/xinhua\/2025\/07\/02\/belgica-e-china-prometem-aprofundar-lacos-e-aumentar-confianca-mutua\/#primaryimage"},"image":{"@id":"https:\/\/diariodepe.com.br\/xinhua\/2025\/07\/02\/belgica-e-china-prometem-aprofundar-lacos-e-aumentar-confianca-mutua\/#primaryimage"},"thumbnailUrl":"https:\/\/diariodepe.com.br\/xinhua\/wp-content\/uploads\/sites\/3\/2025\/07\/202507028ce71ceb113a4f8e9d6b2c419678b025_XxjwspP007013_20250702_CBMFN0A001.jpg","datePublished":"2025-07-02T16:02:00+00:00","breadcrumb":{"@id":"https:\/\/diariodepe.com.br\/xinhua\/2025\/07\/02\/belgica-e-china-prometem-aprofundar-lacos-e-aumentar-confianca-mutua\/#breadcrumb"},"inLanguage":"pt-BR","potentialAction":[{"@type":"ReadAction","target":["https:\/\/diariodepe.com.br\/xinhua\/2025\/07\/02\/belgica-e-china-prometem-aprofundar-lacos-e-aumentar-confianca-mutua\/"]}]},{"@type":"ImageObject","inLanguage":"pt-BR","@id":"https:\/\/diariodepe.com.br\/xinhua\/2025\/07\/02\/belgica-e-china-prometem-aprofundar-lacos-e-aumentar-confianca-mutua\/#primaryimage","url":"https:\/\/diariodepe.com.br\/xinhua\/wp-content\/uploads\/sites\/3\/2025\/07\/202507028ce71ceb113a4f8e9d6b2c419678b025_XxjwspP007013_20250702_CBMFN0A001.jpg","contentUrl":"https:\/\/diariodepe.com.br\/xinhua\/wp-content\/uploads\/sites\/3\/2025\/07\/202507028ce71ceb113a4f8e9d6b2c419678b025_XxjwspP007013_20250702_CBMFN0A001.jpg","width":900,"height":675,"caption":"(250701) -- BRUSSELS, July 1, 2025 (Xinhua) -- Belgium's Prime Minister Bart De Wever meets with Chinese Foreign Minister Wang Yi, also a member of the Political Bureau of the Communist Party of China Central Committee, in Brussels, Belgium, July 1, 2025. (Chinese Embassy in Belgium\/Handout via Xinhua)"},{"@type":"BreadcrumbList","@id":"https:\/\/diariodepe.com.br\/xinhua\/2025\/07\/02\/belgica-e-china-prometem-aprofundar-lacos-e-aumentar-confianca-mutua\/#breadcrumb","itemListElement":[{"@type":"ListItem","position":1,"name":"In\u00edcio","item":"https:\/\/diariodepe.com.br\/xinhua\/"},{"@type":"ListItem","position":2,"name":"B\u00e9lgica e China prometem aprofundar la\u00e7os e aumentar confian\u00e7a m\u00fatua"}]},{"@type":"WebSite","@id":"https:\/\/diariodepe.com.br\/xinhua\/#website","url":"https:\/\/diariodepe.com.br\/xinhua\/","name":"Xinhua - Diario de Pernambuco","description":"A maior ag\u00eancia de not\u00edcias da China e um dos principais canais para conhecer o pa\u00eds","publisher":{"@id":"https:\/\/diariodepe.com.br\/xinhua\/#organization"},"potentialAction":[{"@type":"SearchAction","target":{"@type":"EntryPoint","urlTemplate":"https:\/\/diariodepe.com.br\/xinhua\/?s={search_term_string}"},"query-input":{"@type":"PropertyValueSpecification","valueRequired":true,"valueName":"search_term_string"}}],"inLanguage":"pt-BR"},{"@type":"Organization","@id":"https:\/\/diariodepe.com.br\/xinhua\/#organization","name":"Xinhua - Diario de Pernambuco","url":"https:\/\/diariodepe.com.br\/xinhua\/","logo":{"@type":"ImageObject","inLanguage":"pt-BR","@id":"https:\/\/diariodepe.com.br\/xinhua\/#\/schema\/logo\/image\/","url":"https:\/\/diariodepe.com.br\/xinhua\/wp-content\/uploads\/sites\/3\/2020\/10\/cropped-logo-transparente-2.png","contentUrl":"https:\/\/diariodepe.com.br\/xinhua\/wp-content\/uploads\/sites\/3\/2020\/10\/cropped-logo-transparente-2.png","width":512,"height":164,"caption":"Xinhua - Diario de Pernambuco"},"image":{"@id":"https:\/\/diariodepe.com.br\/xinhua\/#\/schema\/logo\/image\/"}},{"@type":"Person","@id":"https:\/\/diariodepe.com.br\/xinhua\/#\/schema\/person\/0943d6fd02bdc7b49c8f495e8787a2cb","name":"Marcelo Oliveira de A. Maranhao","image":{"@type":"ImageObject","inLanguage":"pt-BR","@id":"https:\/\/secure.gravatar.com\/avatar\/f562caee940d39879c20e90eea3e4b21860c7d4c96684c23141c554824f0059c?s=96&d=mm&r=g","url":"https:\/\/secure.gravatar.com\/avatar\/f562caee940d39879c20e90eea3e4b21860c7d4c96684c23141c554824f0059c?s=96&d=mm&r=g","contentUrl":"https:\/\/secure.gravatar.com\/avatar\/f562caee940d39879c20e90eea3e4b21860c7d4c96684c23141c554824f0059c?s=96&d=mm&r=g","caption":"Marcelo Oliveira de A. Maranhao"},"url":"https:\/\/diariodepe.com.br\/xinhua\/author\/marcelo-maranhao\/"}]}},"cc_featured_image_caption":{"caption_text":"","source_text":"","source_url":""},"amp_enabled":true,"_links":{"self":[{"href":"https:\/\/diariodepe.com.br\/xinhua\/wp-json\/wp\/v2\/posts\/26832","targetHints":{"allow":["GET"]}}],"collection":[{"href":"https:\/\/diariodepe.com.br\/xinhua\/wp-json\/wp\/v2\/posts"}],"about":[{"href":"https:\/\/diariodepe.com.br\/xinhua\/wp-json\/wp\/v2\/types\/post"}],"author":[{"embeddable":true,"href":"https:\/\/diariodepe.com.br\/xinhua\/wp-json\/wp\/v2\/users\/3"}],"replies":[{"embeddable":true,"href":"https:\/\/diariodepe.com.br\/xinhua\/wp-json\/wp\/v2\/comments?post=26832"}],"version-history":[{"count":1,"href":"https:\/\/diariodepe.com.br\/xinhua\/wp-json\/wp\/v2\/posts\/26832\/revisions"}],"predecessor-version":[{"id":26834,"href":"https:\/\/diariodepe.com.br\/xinhua\/wp-json\/wp\/v2\/posts\/26832\/revisions\/26834"}],"wp:featuredmedia":[{"embeddable":true,"href":"https:\/\/diariodepe.com.br\/xinhua\/wp-json\/wp\/v2\/media\/26833"}],"wp:attachment":[{"href":"https:\/\/diariodepe.com.br\/xinhua\/wp-json\/wp\/v2\/media?parent=26832"}],"wp:term":[{"taxonomy":"category","embeddable":true,"href":"https:\/\/diariodepe.com.br\/xinhua\/wp-json\/wp\/v2\/categories?post=26832"},{"taxonomy":"post_tag","embeddable":true,"href":"https:\/\/diariodepe.com.br\/xinhua\/wp-json\/wp\/v2\/tags?post=26832"}],"curies":[{"name":"wp","href":"https:\/\/api.w.org\/{rel}","templated":true}]}}