{"id":26799,"date":"2025-07-01T13:13:00","date_gmt":"2025-07-01T16:13:00","guid":{"rendered":"https:\/\/www.diariodepe.com.br\/xinhua\/?p=26799"},"modified":"2025-07-01T10:37:00","modified_gmt":"2025-07-01T13:37:00","slug":"danca-dramatica-de-kung-fu-chines-cativa-publico-romeno","status":"publish","type":"post","link":"https:\/\/diariodepe.com.br\/xinhua\/2025\/07\/01\/danca-dramatica-de-kung-fu-chines-cativa-publico-romeno\/","title":{"rendered":"Dan\u00e7a dram\u00e1tica de kung fu chin\u00eas cativa p\u00fablico romeno"},"content":{"rendered":"\n<p>Bucareste &#8211; Uma apresenta\u00e7\u00e3o especial de dan\u00e7a dram\u00e1tica de kung fu chin\u00eas &#8220;11 Guerreiros&#8221; cativou o p\u00fablico na \u00d3pera Nacional de Bucareste na noite de s\u00e1bado, em comemora\u00e7\u00e3o ao Dia Internacional do Di\u00e1logo entre Civiliza\u00e7\u00f5es.<\/p>\n\n\n\n<p>Organizado pela Embaixada da China na Rom\u00eania, pelo Centro Cultural Chin\u00eas de Bucareste e pela Casa Rom\u00eania-China, o evento atraiu mais de 900 participantes, incluindo diplomatas, autoridades culturais e figuras p\u00fablicas.<\/p>\n\n\n\n<p>A apresenta\u00e7\u00e3o foi feita pelo Grupo de Artes Marciais Longyun, fundado pelo renomado astro do cinema chin\u00eas Jackie Chan. Combinando artes marciais, dan\u00e7a moderna e multim\u00eddia, a produ\u00e7\u00e3o tra\u00e7a a evolu\u00e7\u00e3o do kung fu chin\u00eas, desde suas origens no combate at\u00e9 sua profundidade filos\u00f3fica e espiritual.<\/p>\n\n\n\n<p>Quando o espet\u00e1culo acabou, o p\u00fablico aplaudiu de p\u00e9 por mais de 10 minutos. &#8220;Ficamos impressionados&#8221;, disse o artista Cao Jialong. &#8220;\u00c9 um orgulho ver a cultura chinesa ser t\u00e3o bem recebida no cen\u00e1rio mundial&#8221;.<\/p>\n\n\n\n<p>Irina Cajal, subsecret\u00e1ria de Estado do Minist\u00e9rio da Cultura da Rom\u00eania, saudou a apresenta\u00e7\u00e3o como &#8220;um exemplo brilhante de profissionalismo&#8221;, a chamando de &#8220;profissional e acad\u00eamica&#8221; e &#8220;uma das apresenta\u00e7\u00f5es mais impressionantes&#8221; que j\u00e1 viu.<\/p>\n\n\n\n<p>&#8220;Tenho certeza de que, no futuro, colabora\u00e7\u00f5es como esta continuar\u00e3o&#8221;, acrescentou ela. &#8220;H\u00e1 anos, a coopera\u00e7\u00e3o entre a Rom\u00eania e a China tem sido forte, e esta \u00e9 uma grande conquista para ambos os lados&#8221;.<\/p>\n\n\n\n<p>A participante e praticante de artes marciais Maxine Yanscu compartilhou o sentimento, enfatizando o significado cultural dessa forma de arte. &#8220;As artes marciais representam muitos dos valores e princ\u00edpios fundamentais da cultura chinesa&#8221;, disse ela. &#8220;Elas expressam isso lindamente por meio do movimento&#8221;.<\/p>\n\n\n\n<figure class=\"wp-block-image\"><img decoding=\"async\" src=\"https:\/\/portuguese.news.cn\/20250701\/aee25611c82549218f03c175d353d25e\/20250701aee25611c82549218f03c175d353d25e_202507011984ec943ff649d9a6ceb406ec661635.jpeg\" alt=\"\"\/><\/figure>\n\n\n\n<p>Integrante do Grupo de Artes Marciais Longyun em apresenta\u00e7\u00e3o especial de dan\u00e7a dram\u00e1tica de kung fu chin\u00eas &#8220;11 Guerreiros&#8221; na \u00d3pera Nacional de Bucareste, em comemora\u00e7\u00e3o ao Dia Internacional do Di\u00e1logo entre Civiliza\u00e7\u00f5es em Bucareste, Rom\u00eania, no dia 28 de junho de 2025. Organizado pela Embaixada da China na Rom\u00eania, pelo Centro Cultural Chin\u00eas de Bucareste e pela Casa Rom\u00eania-China, o evento atraiu mais de 900 participantes, incluindo diplomatas, autoridades culturais e figuras p\u00fablicas. A apresenta\u00e7\u00e3o foi feita pelo Grupo de Artes Marciais Longyun, fundado pelo renomado astro do cinema chin\u00eas Jackie Chan. Combinando artes marciais, dan\u00e7a moderna e multim\u00eddia, a produ\u00e7\u00e3o tra\u00e7a a evolu\u00e7\u00e3o do kung fu chin\u00eas, desde suas origens no combate at\u00e9 sua profundidade filos\u00f3fica e espiritual. (Foto por Cristian Cristel\/Xinhua)<\/p>\n","protected":false},"excerpt":{"rendered":"<p>Bucareste &#8211; Uma apresenta\u00e7\u00e3o especial de dan\u00e7a dram\u00e1tica de kung fu chin\u00eas &#8220;11 Guerreiros&#8221; cativou o p\u00fablico na \u00d3pera Nacional de Bucareste na noite de s\u00e1bado, em comemora\u00e7\u00e3o ao Dia Internacional do Di\u00e1logo entre Civiliza\u00e7\u00f5es. Organizado pela Embaixada da China&#8230;<\/p>\n","protected":false},"author":3,"featured_media":26800,"comment_status":"open","ping_status":"open","sticky":false,"template":"","format":"standard","meta":{"footnotes":""},"categories":[6],"tags":[],"class_list":["post-26799","post","type-post","status-publish","format-standard","has-post-thumbnail","hentry","category-cultura-tecnologia"],"yoast_head":"<!-- This site is optimized with the Yoast SEO plugin v27.4 - https:\/\/yoast.com\/product\/yoast-seo-wordpress\/ -->\n<title>Dan\u00e7a dram\u00e1tica de kung fu chin\u00eas cativa p\u00fablico romeno - Xinhua - Diario de Pernambuco<\/title>\n<meta name=\"robots\" content=\"index, follow, max-snippet:-1, max-image-preview:large, max-video-preview:-1\" \/>\n<link rel=\"canonical\" href=\"https:\/\/diariodepe.com.br\/xinhua\/2025\/07\/01\/danca-dramatica-de-kung-fu-chines-cativa-publico-romeno\/\" \/>\n<meta property=\"og:locale\" content=\"pt_BR\" \/>\n<meta property=\"og:type\" content=\"article\" \/>\n<meta property=\"og:title\" content=\"Dan\u00e7a dram\u00e1tica de kung fu chin\u00eas cativa p\u00fablico romeno - Xinhua - Diario de Pernambuco\" \/>\n<meta property=\"og:description\" content=\"Bucareste &#8211; Uma apresenta\u00e7\u00e3o especial de dan\u00e7a dram\u00e1tica de kung fu chin\u00eas &#8220;11 Guerreiros&#8221; cativou o p\u00fablico na \u00d3pera Nacional de Bucareste na noite de s\u00e1bado, em comemora\u00e7\u00e3o ao Dia Internacional do Di\u00e1logo entre Civiliza\u00e7\u00f5es. Organizado pela Embaixada da China...\" \/>\n<meta property=\"og:url\" content=\"https:\/\/diariodepe.com.br\/xinhua\/2025\/07\/01\/danca-dramatica-de-kung-fu-chines-cativa-publico-romeno\/\" \/>\n<meta property=\"og:site_name\" content=\"Xinhua - Diario de Pernambuco\" \/>\n<meta property=\"article:published_time\" content=\"2025-07-01T16:13:00+00:00\" \/>\n<meta property=\"og:image\" content=\"https:\/\/diariodepe.com.br\/xinhua\/wp-content\/uploads\/sites\/3\/2025\/07\/20250701aee25611c82549218f03c175d353d25e_20250701822a1126aa464c0b9e9c6996557bb31c.png\" \/>\n\t<meta property=\"og:image:width\" content=\"1000\" \/>\n\t<meta property=\"og:image:height\" content=\"667\" \/>\n\t<meta property=\"og:image:type\" content=\"image\/png\" \/>\n<meta name=\"author\" content=\"Marcelo Oliveira de A. Maranhao\" \/>\n<meta name=\"twitter:card\" content=\"summary_large_image\" \/>\n<meta name=\"twitter:label1\" content=\"Escrito por\" \/>\n\t<meta name=\"twitter:data1\" content=\"Marcelo Oliveira de A. Maranhao\" \/>\n\t<meta name=\"twitter:label2\" content=\"Est. tempo de leitura\" \/>\n\t<meta name=\"twitter:data2\" content=\"3 minutos\" \/>\n<script type=\"application\/ld+json\" class=\"yoast-schema-graph\">{\"@context\":\"https:\\\/\\\/schema.org\",\"@graph\":[{\"@type\":\"Article\",\"@id\":\"https:\\\/\\\/diariodepe.com.br\\\/xinhua\\\/2025\\\/07\\\/01\\\/danca-dramatica-de-kung-fu-chines-cativa-publico-romeno\\\/#article\",\"isPartOf\":{\"@id\":\"https:\\\/\\\/diariodepe.com.br\\\/xinhua\\\/2025\\\/07\\\/01\\\/danca-dramatica-de-kung-fu-chines-cativa-publico-romeno\\\/\"},\"author\":{\"name\":\"Marcelo Oliveira de A. Maranhao\",\"@id\":\"https:\\\/\\\/diariodepe.com.br\\\/xinhua\\\/#\\\/schema\\\/person\\\/0943d6fd02bdc7b49c8f495e8787a2cb\"},\"headline\":\"Dan\u00e7a dram\u00e1tica de kung fu chin\u00eas cativa p\u00fablico romeno\",\"datePublished\":\"2025-07-01T16:13:00+00:00\",\"mainEntityOfPage\":{\"@id\":\"https:\\\/\\\/diariodepe.com.br\\\/xinhua\\\/2025\\\/07\\\/01\\\/danca-dramatica-de-kung-fu-chines-cativa-publico-romeno\\\/\"},\"wordCount\":447,\"commentCount\":0,\"publisher\":{\"@id\":\"https:\\\/\\\/diariodepe.com.br\\\/xinhua\\\/#organization\"},\"image\":{\"@id\":\"https:\\\/\\\/diariodepe.com.br\\\/xinhua\\\/2025\\\/07\\\/01\\\/danca-dramatica-de-kung-fu-chines-cativa-publico-romeno\\\/#primaryimage\"},\"thumbnailUrl\":\"https:\\\/\\\/diariodepe.com.br\\\/xinhua\\\/wp-content\\\/uploads\\\/sites\\\/3\\\/2025\\\/07\\\/20250701aee25611c82549218f03c175d353d25e_20250701822a1126aa464c0b9e9c6996557bb31c.png\",\"articleSection\":[\"Cultura \\\/ Tecnologia\"],\"inLanguage\":\"pt-BR\",\"potentialAction\":[{\"@type\":\"CommentAction\",\"name\":\"Comment\",\"target\":[\"https:\\\/\\\/diariodepe.com.br\\\/xinhua\\\/2025\\\/07\\\/01\\\/danca-dramatica-de-kung-fu-chines-cativa-publico-romeno\\\/#respond\"]}]},{\"@type\":\"WebPage\",\"@id\":\"https:\\\/\\\/diariodepe.com.br\\\/xinhua\\\/2025\\\/07\\\/01\\\/danca-dramatica-de-kung-fu-chines-cativa-publico-romeno\\\/\",\"url\":\"https:\\\/\\\/diariodepe.com.br\\\/xinhua\\\/2025\\\/07\\\/01\\\/danca-dramatica-de-kung-fu-chines-cativa-publico-romeno\\\/\",\"name\":\"Dan\u00e7a dram\u00e1tica de kung fu chin\u00eas cativa p\u00fablico romeno - Xinhua - Diario de Pernambuco\",\"isPartOf\":{\"@id\":\"https:\\\/\\\/diariodepe.com.br\\\/xinhua\\\/#website\"},\"primaryImageOfPage\":{\"@id\":\"https:\\\/\\\/diariodepe.com.br\\\/xinhua\\\/2025\\\/07\\\/01\\\/danca-dramatica-de-kung-fu-chines-cativa-publico-romeno\\\/#primaryimage\"},\"image\":{\"@id\":\"https:\\\/\\\/diariodepe.com.br\\\/xinhua\\\/2025\\\/07\\\/01\\\/danca-dramatica-de-kung-fu-chines-cativa-publico-romeno\\\/#primaryimage\"},\"thumbnailUrl\":\"https:\\\/\\\/diariodepe.com.br\\\/xinhua\\\/wp-content\\\/uploads\\\/sites\\\/3\\\/2025\\\/07\\\/20250701aee25611c82549218f03c175d353d25e_20250701822a1126aa464c0b9e9c6996557bb31c.png\",\"datePublished\":\"2025-07-01T16:13:00+00:00\",\"breadcrumb\":{\"@id\":\"https:\\\/\\\/diariodepe.com.br\\\/xinhua\\\/2025\\\/07\\\/01\\\/danca-dramatica-de-kung-fu-chines-cativa-publico-romeno\\\/#breadcrumb\"},\"inLanguage\":\"pt-BR\",\"potentialAction\":[{\"@type\":\"ReadAction\",\"target\":[\"https:\\\/\\\/diariodepe.com.br\\\/xinhua\\\/2025\\\/07\\\/01\\\/danca-dramatica-de-kung-fu-chines-cativa-publico-romeno\\\/\"]}]},{\"@type\":\"ImageObject\",\"inLanguage\":\"pt-BR\",\"@id\":\"https:\\\/\\\/diariodepe.com.br\\\/xinhua\\\/2025\\\/07\\\/01\\\/danca-dramatica-de-kung-fu-chines-cativa-publico-romeno\\\/#primaryimage\",\"url\":\"https:\\\/\\\/diariodepe.com.br\\\/xinhua\\\/wp-content\\\/uploads\\\/sites\\\/3\\\/2025\\\/07\\\/20250701aee25611c82549218f03c175d353d25e_20250701822a1126aa464c0b9e9c6996557bb31c.png\",\"contentUrl\":\"https:\\\/\\\/diariodepe.com.br\\\/xinhua\\\/wp-content\\\/uploads\\\/sites\\\/3\\\/2025\\\/07\\\/20250701aee25611c82549218f03c175d353d25e_20250701822a1126aa464c0b9e9c6996557bb31c.png\",\"width\":1000,\"height\":667},{\"@type\":\"BreadcrumbList\",\"@id\":\"https:\\\/\\\/diariodepe.com.br\\\/xinhua\\\/2025\\\/07\\\/01\\\/danca-dramatica-de-kung-fu-chines-cativa-publico-romeno\\\/#breadcrumb\",\"itemListElement\":[{\"@type\":\"ListItem\",\"position\":1,\"name\":\"In\u00edcio\",\"item\":\"https:\\\/\\\/diariodepe.com.br\\\/xinhua\\\/\"},{\"@type\":\"ListItem\",\"position\":2,\"name\":\"Dan\u00e7a dram\u00e1tica de kung fu chin\u00eas cativa p\u00fablico romeno\"}]},{\"@type\":\"WebSite\",\"@id\":\"https:\\\/\\\/diariodepe.com.br\\\/xinhua\\\/#website\",\"url\":\"https:\\\/\\\/diariodepe.com.br\\\/xinhua\\\/\",\"name\":\"Xinhua - Diario de Pernambuco\",\"description\":\"A maior ag\u00eancia de not\u00edcias da China e um dos principais canais para conhecer o pa\u00eds\",\"publisher\":{\"@id\":\"https:\\\/\\\/diariodepe.com.br\\\/xinhua\\\/#organization\"},\"potentialAction\":[{\"@type\":\"SearchAction\",\"target\":{\"@type\":\"EntryPoint\",\"urlTemplate\":\"https:\\\/\\\/diariodepe.com.br\\\/xinhua\\\/?s={search_term_string}\"},\"query-input\":{\"@type\":\"PropertyValueSpecification\",\"valueRequired\":true,\"valueName\":\"search_term_string\"}}],\"inLanguage\":\"pt-BR\"},{\"@type\":\"Organization\",\"@id\":\"https:\\\/\\\/diariodepe.com.br\\\/xinhua\\\/#organization\",\"name\":\"Xinhua - Diario de Pernambuco\",\"url\":\"https:\\\/\\\/diariodepe.com.br\\\/xinhua\\\/\",\"logo\":{\"@type\":\"ImageObject\",\"inLanguage\":\"pt-BR\",\"@id\":\"https:\\\/\\\/diariodepe.com.br\\\/xinhua\\\/#\\\/schema\\\/logo\\\/image\\\/\",\"url\":\"https:\\\/\\\/diariodepe.com.br\\\/xinhua\\\/wp-content\\\/uploads\\\/sites\\\/3\\\/2020\\\/10\\\/cropped-logo-transparente-2.png\",\"contentUrl\":\"https:\\\/\\\/diariodepe.com.br\\\/xinhua\\\/wp-content\\\/uploads\\\/sites\\\/3\\\/2020\\\/10\\\/cropped-logo-transparente-2.png\",\"width\":512,\"height\":164,\"caption\":\"Xinhua - Diario de Pernambuco\"},\"image\":{\"@id\":\"https:\\\/\\\/diariodepe.com.br\\\/xinhua\\\/#\\\/schema\\\/logo\\\/image\\\/\"}},{\"@type\":\"Person\",\"@id\":\"https:\\\/\\\/diariodepe.com.br\\\/xinhua\\\/#\\\/schema\\\/person\\\/0943d6fd02bdc7b49c8f495e8787a2cb\",\"name\":\"Marcelo Oliveira de A. Maranhao\",\"image\":{\"@type\":\"ImageObject\",\"inLanguage\":\"pt-BR\",\"@id\":\"https:\\\/\\\/secure.gravatar.com\\\/avatar\\\/f562caee940d39879c20e90eea3e4b21860c7d4c96684c23141c554824f0059c?s=96&d=mm&r=g\",\"url\":\"https:\\\/\\\/secure.gravatar.com\\\/avatar\\\/f562caee940d39879c20e90eea3e4b21860c7d4c96684c23141c554824f0059c?s=96&d=mm&r=g\",\"contentUrl\":\"https:\\\/\\\/secure.gravatar.com\\\/avatar\\\/f562caee940d39879c20e90eea3e4b21860c7d4c96684c23141c554824f0059c?s=96&d=mm&r=g\",\"caption\":\"Marcelo Oliveira de A. Maranhao\"},\"url\":\"https:\\\/\\\/diariodepe.com.br\\\/xinhua\\\/author\\\/marcelo-maranhao\\\/\"}]}<\/script>\n<!-- \/ Yoast SEO plugin. -->","yoast_head_json":{"title":"Dan\u00e7a dram\u00e1tica de kung fu chin\u00eas cativa p\u00fablico romeno - Xinhua - Diario de Pernambuco","robots":{"index":"index","follow":"follow","max-snippet":"max-snippet:-1","max-image-preview":"max-image-preview:large","max-video-preview":"max-video-preview:-1"},"canonical":"https:\/\/diariodepe.com.br\/xinhua\/2025\/07\/01\/danca-dramatica-de-kung-fu-chines-cativa-publico-romeno\/","og_locale":"pt_BR","og_type":"article","og_title":"Dan\u00e7a dram\u00e1tica de kung fu chin\u00eas cativa p\u00fablico romeno - Xinhua - Diario de Pernambuco","og_description":"Bucareste &#8211; Uma apresenta\u00e7\u00e3o especial de dan\u00e7a dram\u00e1tica de kung fu chin\u00eas &#8220;11 Guerreiros&#8221; cativou o p\u00fablico na \u00d3pera Nacional de Bucareste na noite de s\u00e1bado, em comemora\u00e7\u00e3o ao Dia Internacional do Di\u00e1logo entre Civiliza\u00e7\u00f5es. Organizado pela Embaixada da China...","og_url":"https:\/\/diariodepe.com.br\/xinhua\/2025\/07\/01\/danca-dramatica-de-kung-fu-chines-cativa-publico-romeno\/","og_site_name":"Xinhua - Diario de Pernambuco","article_published_time":"2025-07-01T16:13:00+00:00","og_image":[{"width":1000,"height":667,"url":"https:\/\/diariodepe.com.br\/xinhua\/wp-content\/uploads\/sites\/3\/2025\/07\/20250701aee25611c82549218f03c175d353d25e_20250701822a1126aa464c0b9e9c6996557bb31c.png","type":"image\/png"}],"author":"Marcelo Oliveira de A. Maranhao","twitter_card":"summary_large_image","twitter_misc":{"Escrito por":"Marcelo Oliveira de A. Maranhao","Est. tempo de leitura":"3 minutos"},"schema":{"@context":"https:\/\/schema.org","@graph":[{"@type":"Article","@id":"https:\/\/diariodepe.com.br\/xinhua\/2025\/07\/01\/danca-dramatica-de-kung-fu-chines-cativa-publico-romeno\/#article","isPartOf":{"@id":"https:\/\/diariodepe.com.br\/xinhua\/2025\/07\/01\/danca-dramatica-de-kung-fu-chines-cativa-publico-romeno\/"},"author":{"name":"Marcelo Oliveira de A. Maranhao","@id":"https:\/\/diariodepe.com.br\/xinhua\/#\/schema\/person\/0943d6fd02bdc7b49c8f495e8787a2cb"},"headline":"Dan\u00e7a dram\u00e1tica de kung fu chin\u00eas cativa p\u00fablico romeno","datePublished":"2025-07-01T16:13:00+00:00","mainEntityOfPage":{"@id":"https:\/\/diariodepe.com.br\/xinhua\/2025\/07\/01\/danca-dramatica-de-kung-fu-chines-cativa-publico-romeno\/"},"wordCount":447,"commentCount":0,"publisher":{"@id":"https:\/\/diariodepe.com.br\/xinhua\/#organization"},"image":{"@id":"https:\/\/diariodepe.com.br\/xinhua\/2025\/07\/01\/danca-dramatica-de-kung-fu-chines-cativa-publico-romeno\/#primaryimage"},"thumbnailUrl":"https:\/\/diariodepe.com.br\/xinhua\/wp-content\/uploads\/sites\/3\/2025\/07\/20250701aee25611c82549218f03c175d353d25e_20250701822a1126aa464c0b9e9c6996557bb31c.png","articleSection":["Cultura \/ Tecnologia"],"inLanguage":"pt-BR","potentialAction":[{"@type":"CommentAction","name":"Comment","target":["https:\/\/diariodepe.com.br\/xinhua\/2025\/07\/01\/danca-dramatica-de-kung-fu-chines-cativa-publico-romeno\/#respond"]}]},{"@type":"WebPage","@id":"https:\/\/diariodepe.com.br\/xinhua\/2025\/07\/01\/danca-dramatica-de-kung-fu-chines-cativa-publico-romeno\/","url":"https:\/\/diariodepe.com.br\/xinhua\/2025\/07\/01\/danca-dramatica-de-kung-fu-chines-cativa-publico-romeno\/","name":"Dan\u00e7a dram\u00e1tica de kung fu chin\u00eas cativa p\u00fablico romeno - Xinhua - Diario de Pernambuco","isPartOf":{"@id":"https:\/\/diariodepe.com.br\/xinhua\/#website"},"primaryImageOfPage":{"@id":"https:\/\/diariodepe.com.br\/xinhua\/2025\/07\/01\/danca-dramatica-de-kung-fu-chines-cativa-publico-romeno\/#primaryimage"},"image":{"@id":"https:\/\/diariodepe.com.br\/xinhua\/2025\/07\/01\/danca-dramatica-de-kung-fu-chines-cativa-publico-romeno\/#primaryimage"},"thumbnailUrl":"https:\/\/diariodepe.com.br\/xinhua\/wp-content\/uploads\/sites\/3\/2025\/07\/20250701aee25611c82549218f03c175d353d25e_20250701822a1126aa464c0b9e9c6996557bb31c.png","datePublished":"2025-07-01T16:13:00+00:00","breadcrumb":{"@id":"https:\/\/diariodepe.com.br\/xinhua\/2025\/07\/01\/danca-dramatica-de-kung-fu-chines-cativa-publico-romeno\/#breadcrumb"},"inLanguage":"pt-BR","potentialAction":[{"@type":"ReadAction","target":["https:\/\/diariodepe.com.br\/xinhua\/2025\/07\/01\/danca-dramatica-de-kung-fu-chines-cativa-publico-romeno\/"]}]},{"@type":"ImageObject","inLanguage":"pt-BR","@id":"https:\/\/diariodepe.com.br\/xinhua\/2025\/07\/01\/danca-dramatica-de-kung-fu-chines-cativa-publico-romeno\/#primaryimage","url":"https:\/\/diariodepe.com.br\/xinhua\/wp-content\/uploads\/sites\/3\/2025\/07\/20250701aee25611c82549218f03c175d353d25e_20250701822a1126aa464c0b9e9c6996557bb31c.png","contentUrl":"https:\/\/diariodepe.com.br\/xinhua\/wp-content\/uploads\/sites\/3\/2025\/07\/20250701aee25611c82549218f03c175d353d25e_20250701822a1126aa464c0b9e9c6996557bb31c.png","width":1000,"height":667},{"@type":"BreadcrumbList","@id":"https:\/\/diariodepe.com.br\/xinhua\/2025\/07\/01\/danca-dramatica-de-kung-fu-chines-cativa-publico-romeno\/#breadcrumb","itemListElement":[{"@type":"ListItem","position":1,"name":"In\u00edcio","item":"https:\/\/diariodepe.com.br\/xinhua\/"},{"@type":"ListItem","position":2,"name":"Dan\u00e7a dram\u00e1tica de kung fu chin\u00eas cativa p\u00fablico romeno"}]},{"@type":"WebSite","@id":"https:\/\/diariodepe.com.br\/xinhua\/#website","url":"https:\/\/diariodepe.com.br\/xinhua\/","name":"Xinhua - Diario de Pernambuco","description":"A maior ag\u00eancia de not\u00edcias da China e um dos principais canais para conhecer o pa\u00eds","publisher":{"@id":"https:\/\/diariodepe.com.br\/xinhua\/#organization"},"potentialAction":[{"@type":"SearchAction","target":{"@type":"EntryPoint","urlTemplate":"https:\/\/diariodepe.com.br\/xinhua\/?s={search_term_string}"},"query-input":{"@type":"PropertyValueSpecification","valueRequired":true,"valueName":"search_term_string"}}],"inLanguage":"pt-BR"},{"@type":"Organization","@id":"https:\/\/diariodepe.com.br\/xinhua\/#organization","name":"Xinhua - Diario de Pernambuco","url":"https:\/\/diariodepe.com.br\/xinhua\/","logo":{"@type":"ImageObject","inLanguage":"pt-BR","@id":"https:\/\/diariodepe.com.br\/xinhua\/#\/schema\/logo\/image\/","url":"https:\/\/diariodepe.com.br\/xinhua\/wp-content\/uploads\/sites\/3\/2020\/10\/cropped-logo-transparente-2.png","contentUrl":"https:\/\/diariodepe.com.br\/xinhua\/wp-content\/uploads\/sites\/3\/2020\/10\/cropped-logo-transparente-2.png","width":512,"height":164,"caption":"Xinhua - Diario de Pernambuco"},"image":{"@id":"https:\/\/diariodepe.com.br\/xinhua\/#\/schema\/logo\/image\/"}},{"@type":"Person","@id":"https:\/\/diariodepe.com.br\/xinhua\/#\/schema\/person\/0943d6fd02bdc7b49c8f495e8787a2cb","name":"Marcelo Oliveira de A. Maranhao","image":{"@type":"ImageObject","inLanguage":"pt-BR","@id":"https:\/\/secure.gravatar.com\/avatar\/f562caee940d39879c20e90eea3e4b21860c7d4c96684c23141c554824f0059c?s=96&d=mm&r=g","url":"https:\/\/secure.gravatar.com\/avatar\/f562caee940d39879c20e90eea3e4b21860c7d4c96684c23141c554824f0059c?s=96&d=mm&r=g","contentUrl":"https:\/\/secure.gravatar.com\/avatar\/f562caee940d39879c20e90eea3e4b21860c7d4c96684c23141c554824f0059c?s=96&d=mm&r=g","caption":"Marcelo Oliveira de A. Maranhao"},"url":"https:\/\/diariodepe.com.br\/xinhua\/author\/marcelo-maranhao\/"}]}},"cc_featured_image_caption":{"caption_text":"","source_text":"","source_url":""},"amp_enabled":true,"_links":{"self":[{"href":"https:\/\/diariodepe.com.br\/xinhua\/wp-json\/wp\/v2\/posts\/26799","targetHints":{"allow":["GET"]}}],"collection":[{"href":"https:\/\/diariodepe.com.br\/xinhua\/wp-json\/wp\/v2\/posts"}],"about":[{"href":"https:\/\/diariodepe.com.br\/xinhua\/wp-json\/wp\/v2\/types\/post"}],"author":[{"embeddable":true,"href":"https:\/\/diariodepe.com.br\/xinhua\/wp-json\/wp\/v2\/users\/3"}],"replies":[{"embeddable":true,"href":"https:\/\/diariodepe.com.br\/xinhua\/wp-json\/wp\/v2\/comments?post=26799"}],"version-history":[{"count":1,"href":"https:\/\/diariodepe.com.br\/xinhua\/wp-json\/wp\/v2\/posts\/26799\/revisions"}],"predecessor-version":[{"id":26801,"href":"https:\/\/diariodepe.com.br\/xinhua\/wp-json\/wp\/v2\/posts\/26799\/revisions\/26801"}],"wp:featuredmedia":[{"embeddable":true,"href":"https:\/\/diariodepe.com.br\/xinhua\/wp-json\/wp\/v2\/media\/26800"}],"wp:attachment":[{"href":"https:\/\/diariodepe.com.br\/xinhua\/wp-json\/wp\/v2\/media?parent=26799"}],"wp:term":[{"taxonomy":"category","embeddable":true,"href":"https:\/\/diariodepe.com.br\/xinhua\/wp-json\/wp\/v2\/categories?post=26799"},{"taxonomy":"post_tag","embeddable":true,"href":"https:\/\/diariodepe.com.br\/xinhua\/wp-json\/wp\/v2\/tags?post=26799"}],"curies":[{"name":"wp","href":"https:\/\/api.w.org\/{rel}","templated":true}]}}