{"id":26785,"date":"2025-07-01T08:00:00","date_gmt":"2025-07-01T11:00:00","guid":{"rendered":"https:\/\/www.diariodepe.com.br\/xinhua\/?p=26785"},"modified":"2025-06-30T20:38:46","modified_gmt":"2025-06-30T23:38:46","slug":"sao-paulo-coffee-festival-coloca-cafes-especiais-no-centro-das-atencoes","status":"publish","type":"post","link":"https:\/\/diariodepe.com.br\/xinhua\/2025\/07\/01\/sao-paulo-coffee-festival-coloca-cafes-especiais-no-centro-das-atencoes\/","title":{"rendered":"S\u00e3o Paulo Coffee Festival coloca caf\u00e9s especiais no centro das aten\u00e7\u00f5es"},"content":{"rendered":"\n<p>Com a promessa de unir aroma, sabor e experi\u00eancias sensoriais, o S\u00e3o Paulo Coffee Festival chega \u00e0 sua 4\u00aa edi\u00e7\u00e3o batendo recordes.<\/p>\n\n\n\n<p>&nbsp; &nbsp;O evento, que acontece na Bienal do Ibirapuera, celebra a cultura do caf\u00e9 especial, com degusta\u00e7\u00f5es, oficinas e encontros entre produtores, baristas e consumidores apaixonados pela bebida.<\/p>\n\n\n\n<p>&nbsp; &nbsp;Na abertura do festival, o diretor do evento destacou as novidades deste ano, que v\u00e3o desde lan\u00e7amentos de marcas at\u00e9 experi\u00eancias interativas pensadas para o p\u00fablico jovem e conectado.<\/p>\n\n\n\n<p>&nbsp; &nbsp;Entre os expositores, os produtores de caf\u00e9s especiais aproveitam o evento para apresentar ao p\u00fablico novas safras e produtos in\u00e9ditos.<\/p>\n\n\n\n<p>&nbsp; &nbsp;\u00c9 o caso do Caf\u00e9 Santa Monica, do sul de Minas Gerais, que lan\u00e7a no festival um produto diferenciado e que aposta em seu sucesso no mercado chin\u00eas.<\/p>\n\n\n\n<p>&nbsp; &nbsp;Para quem visita o evento, al\u00e9m de provar caf\u00e9s premiados, \u00e9 poss\u00edvel tamb\u00e9m obter informa\u00e7\u00f5es sobre a sustentabilidade na produ\u00e7\u00e3o.<\/p>\n\n\n\n<p>&nbsp; &nbsp;Al\u00e9m dos produtores tradicionais, marcas estreantes participam do festival e oferecem produtos inovadores para o consumidor.<\/p>\n\n\n\n<p>&nbsp; &nbsp;Baristas renomados compartilham conhecimento em oficinas e competi\u00e7\u00f5es atraindo a aten\u00e7\u00e3o dos visitantes para as m\u00faltiplas possibilidades que o caf\u00e9 permite.<\/p>\n\n\n\n<p>&nbsp; &nbsp;O festival tem se transformado em um ponto de encontro n\u00e3o somente dos produtores e consumidores, mas tamb\u00e9m entre fornecedores de equipamentos, onde o maquin\u00e1rio chin\u00eas se destaca.<\/p>\n\n\n\n<p>&nbsp; &nbsp;Com programa\u00e7\u00e3o intensa durante os 3 dias, o S\u00e3o Paulo Coffee Festival se consolida como um dos principais pontos de encontro da cena cafeeira no pa\u00eds, conectando quem planta, quem prepara e, claro, quem consome caf\u00e9 com paix\u00e3o.<\/p>\n","protected":false},"excerpt":{"rendered":"<p>Com a promessa de unir aroma, sabor e experi\u00eancias sensoriais, o S\u00e3o Paulo Coffee Festival chega \u00e0 sua 4\u00aa edi\u00e7\u00e3o batendo recordes. &nbsp; &nbsp;O evento, que acontece na Bienal do Ibirapuera, celebra a cultura do caf\u00e9 especial, com degusta\u00e7\u00f5es, oficinas&#8230;<\/p>\n","protected":false},"author":3,"featured_media":26786,"comment_status":"open","ping_status":"open","sticky":false,"template":"","format":"standard","meta":{"footnotes":""},"categories":[1],"tags":[],"class_list":["post-26785","post","type-post","status-publish","format-standard","has-post-thumbnail","hentry","category-geral"],"yoast_head":"<!-- This site is optimized with the Yoast SEO plugin v27.4 - https:\/\/yoast.com\/product\/yoast-seo-wordpress\/ -->\n<title>S\u00e3o Paulo Coffee Festival coloca caf\u00e9s especiais no centro das aten\u00e7\u00f5es - Xinhua - Diario de Pernambuco<\/title>\n<meta name=\"robots\" content=\"index, follow, max-snippet:-1, max-image-preview:large, max-video-preview:-1\" \/>\n<link rel=\"canonical\" href=\"https:\/\/diariodepe.com.br\/xinhua\/2025\/07\/01\/sao-paulo-coffee-festival-coloca-cafes-especiais-no-centro-das-atencoes\/\" \/>\n<meta property=\"og:locale\" content=\"pt_BR\" \/>\n<meta property=\"og:type\" content=\"article\" \/>\n<meta property=\"og:title\" content=\"S\u00e3o Paulo Coffee Festival coloca caf\u00e9s especiais no centro das aten\u00e7\u00f5es - Xinhua - Diario de Pernambuco\" \/>\n<meta property=\"og:description\" content=\"Com a promessa de unir aroma, sabor e experi\u00eancias sensoriais, o S\u00e3o Paulo Coffee Festival chega \u00e0 sua 4\u00aa edi\u00e7\u00e3o batendo recordes. &nbsp; &nbsp;O evento, que acontece na Bienal do Ibirapuera, celebra a cultura do caf\u00e9 especial, com degusta\u00e7\u00f5es, oficinas...\" \/>\n<meta property=\"og:url\" content=\"https:\/\/diariodepe.com.br\/xinhua\/2025\/07\/01\/sao-paulo-coffee-festival-coloca-cafes-especiais-no-centro-das-atencoes\/\" \/>\n<meta property=\"og:site_name\" content=\"Xinhua - Diario de Pernambuco\" \/>\n<meta property=\"article:published_time\" content=\"2025-07-01T11:00:00+00:00\" \/>\n<meta property=\"og:image\" content=\"https:\/\/diariodepe.com.br\/xinhua\/wp-content\/uploads\/sites\/3\/2025\/06\/dfc03614240546478382fece14ade87d.jpg\" \/>\n\t<meta property=\"og:image:width\" content=\"1000\" \/>\n\t<meta property=\"og:image:height\" content=\"500\" \/>\n\t<meta property=\"og:image:type\" content=\"image\/jpeg\" \/>\n<meta name=\"author\" content=\"Marcelo Oliveira de A. Maranhao\" \/>\n<meta name=\"twitter:card\" content=\"summary_large_image\" \/>\n<meta name=\"twitter:label1\" content=\"Escrito por\" \/>\n\t<meta name=\"twitter:data1\" content=\"Marcelo Oliveira de A. Maranhao\" \/>\n\t<meta name=\"twitter:label2\" content=\"Est. tempo de leitura\" \/>\n\t<meta name=\"twitter:data2\" content=\"2 minutos\" \/>\n<script type=\"application\/ld+json\" class=\"yoast-schema-graph\">{\"@context\":\"https:\\\/\\\/schema.org\",\"@graph\":[{\"@type\":\"Article\",\"@id\":\"https:\\\/\\\/diariodepe.com.br\\\/xinhua\\\/2025\\\/07\\\/01\\\/sao-paulo-coffee-festival-coloca-cafes-especiais-no-centro-das-atencoes\\\/#article\",\"isPartOf\":{\"@id\":\"https:\\\/\\\/diariodepe.com.br\\\/xinhua\\\/2025\\\/07\\\/01\\\/sao-paulo-coffee-festival-coloca-cafes-especiais-no-centro-das-atencoes\\\/\"},\"author\":{\"name\":\"Marcelo Oliveira de A. Maranhao\",\"@id\":\"https:\\\/\\\/diariodepe.com.br\\\/xinhua\\\/#\\\/schema\\\/person\\\/0943d6fd02bdc7b49c8f495e8787a2cb\"},\"headline\":\"S\u00e3o Paulo Coffee Festival coloca caf\u00e9s especiais no centro das aten\u00e7\u00f5es\",\"datePublished\":\"2025-07-01T11:00:00+00:00\",\"mainEntityOfPage\":{\"@id\":\"https:\\\/\\\/diariodepe.com.br\\\/xinhua\\\/2025\\\/07\\\/01\\\/sao-paulo-coffee-festival-coloca-cafes-especiais-no-centro-das-atencoes\\\/\"},\"wordCount\":307,\"commentCount\":0,\"publisher\":{\"@id\":\"https:\\\/\\\/diariodepe.com.br\\\/xinhua\\\/#organization\"},\"image\":{\"@id\":\"https:\\\/\\\/diariodepe.com.br\\\/xinhua\\\/2025\\\/07\\\/01\\\/sao-paulo-coffee-festival-coloca-cafes-especiais-no-centro-das-atencoes\\\/#primaryimage\"},\"thumbnailUrl\":\"https:\\\/\\\/diariodepe.com.br\\\/xinhua\\\/wp-content\\\/uploads\\\/sites\\\/3\\\/2025\\\/06\\\/dfc03614240546478382fece14ade87d.jpg\",\"articleSection\":[\"Geral\"],\"inLanguage\":\"pt-BR\",\"potentialAction\":[{\"@type\":\"CommentAction\",\"name\":\"Comment\",\"target\":[\"https:\\\/\\\/diariodepe.com.br\\\/xinhua\\\/2025\\\/07\\\/01\\\/sao-paulo-coffee-festival-coloca-cafes-especiais-no-centro-das-atencoes\\\/#respond\"]}]},{\"@type\":\"WebPage\",\"@id\":\"https:\\\/\\\/diariodepe.com.br\\\/xinhua\\\/2025\\\/07\\\/01\\\/sao-paulo-coffee-festival-coloca-cafes-especiais-no-centro-das-atencoes\\\/\",\"url\":\"https:\\\/\\\/diariodepe.com.br\\\/xinhua\\\/2025\\\/07\\\/01\\\/sao-paulo-coffee-festival-coloca-cafes-especiais-no-centro-das-atencoes\\\/\",\"name\":\"S\u00e3o Paulo Coffee Festival coloca caf\u00e9s especiais no centro das aten\u00e7\u00f5es - Xinhua - Diario de Pernambuco\",\"isPartOf\":{\"@id\":\"https:\\\/\\\/diariodepe.com.br\\\/xinhua\\\/#website\"},\"primaryImageOfPage\":{\"@id\":\"https:\\\/\\\/diariodepe.com.br\\\/xinhua\\\/2025\\\/07\\\/01\\\/sao-paulo-coffee-festival-coloca-cafes-especiais-no-centro-das-atencoes\\\/#primaryimage\"},\"image\":{\"@id\":\"https:\\\/\\\/diariodepe.com.br\\\/xinhua\\\/2025\\\/07\\\/01\\\/sao-paulo-coffee-festival-coloca-cafes-especiais-no-centro-das-atencoes\\\/#primaryimage\"},\"thumbnailUrl\":\"https:\\\/\\\/diariodepe.com.br\\\/xinhua\\\/wp-content\\\/uploads\\\/sites\\\/3\\\/2025\\\/06\\\/dfc03614240546478382fece14ade87d.jpg\",\"datePublished\":\"2025-07-01T11:00:00+00:00\",\"breadcrumb\":{\"@id\":\"https:\\\/\\\/diariodepe.com.br\\\/xinhua\\\/2025\\\/07\\\/01\\\/sao-paulo-coffee-festival-coloca-cafes-especiais-no-centro-das-atencoes\\\/#breadcrumb\"},\"inLanguage\":\"pt-BR\",\"potentialAction\":[{\"@type\":\"ReadAction\",\"target\":[\"https:\\\/\\\/diariodepe.com.br\\\/xinhua\\\/2025\\\/07\\\/01\\\/sao-paulo-coffee-festival-coloca-cafes-especiais-no-centro-das-atencoes\\\/\"]}]},{\"@type\":\"ImageObject\",\"inLanguage\":\"pt-BR\",\"@id\":\"https:\\\/\\\/diariodepe.com.br\\\/xinhua\\\/2025\\\/07\\\/01\\\/sao-paulo-coffee-festival-coloca-cafes-especiais-no-centro-das-atencoes\\\/#primaryimage\",\"url\":\"https:\\\/\\\/diariodepe.com.br\\\/xinhua\\\/wp-content\\\/uploads\\\/sites\\\/3\\\/2025\\\/06\\\/dfc03614240546478382fece14ade87d.jpg\",\"contentUrl\":\"https:\\\/\\\/diariodepe.com.br\\\/xinhua\\\/wp-content\\\/uploads\\\/sites\\\/3\\\/2025\\\/06\\\/dfc03614240546478382fece14ade87d.jpg\",\"width\":1000,\"height\":500},{\"@type\":\"BreadcrumbList\",\"@id\":\"https:\\\/\\\/diariodepe.com.br\\\/xinhua\\\/2025\\\/07\\\/01\\\/sao-paulo-coffee-festival-coloca-cafes-especiais-no-centro-das-atencoes\\\/#breadcrumb\",\"itemListElement\":[{\"@type\":\"ListItem\",\"position\":1,\"name\":\"In\u00edcio\",\"item\":\"https:\\\/\\\/diariodepe.com.br\\\/xinhua\\\/\"},{\"@type\":\"ListItem\",\"position\":2,\"name\":\"S\u00e3o Paulo Coffee Festival coloca caf\u00e9s especiais no centro das aten\u00e7\u00f5es\"}]},{\"@type\":\"WebSite\",\"@id\":\"https:\\\/\\\/diariodepe.com.br\\\/xinhua\\\/#website\",\"url\":\"https:\\\/\\\/diariodepe.com.br\\\/xinhua\\\/\",\"name\":\"Xinhua - Diario de Pernambuco\",\"description\":\"A maior ag\u00eancia de not\u00edcias da China e um dos principais canais para conhecer o pa\u00eds\",\"publisher\":{\"@id\":\"https:\\\/\\\/diariodepe.com.br\\\/xinhua\\\/#organization\"},\"potentialAction\":[{\"@type\":\"SearchAction\",\"target\":{\"@type\":\"EntryPoint\",\"urlTemplate\":\"https:\\\/\\\/diariodepe.com.br\\\/xinhua\\\/?s={search_term_string}\"},\"query-input\":{\"@type\":\"PropertyValueSpecification\",\"valueRequired\":true,\"valueName\":\"search_term_string\"}}],\"inLanguage\":\"pt-BR\"},{\"@type\":\"Organization\",\"@id\":\"https:\\\/\\\/diariodepe.com.br\\\/xinhua\\\/#organization\",\"name\":\"Xinhua - Diario de Pernambuco\",\"url\":\"https:\\\/\\\/diariodepe.com.br\\\/xinhua\\\/\",\"logo\":{\"@type\":\"ImageObject\",\"inLanguage\":\"pt-BR\",\"@id\":\"https:\\\/\\\/diariodepe.com.br\\\/xinhua\\\/#\\\/schema\\\/logo\\\/image\\\/\",\"url\":\"https:\\\/\\\/diariodepe.com.br\\\/xinhua\\\/wp-content\\\/uploads\\\/sites\\\/3\\\/2020\\\/10\\\/cropped-logo-transparente-2.png\",\"contentUrl\":\"https:\\\/\\\/diariodepe.com.br\\\/xinhua\\\/wp-content\\\/uploads\\\/sites\\\/3\\\/2020\\\/10\\\/cropped-logo-transparente-2.png\",\"width\":512,\"height\":164,\"caption\":\"Xinhua - Diario de Pernambuco\"},\"image\":{\"@id\":\"https:\\\/\\\/diariodepe.com.br\\\/xinhua\\\/#\\\/schema\\\/logo\\\/image\\\/\"}},{\"@type\":\"Person\",\"@id\":\"https:\\\/\\\/diariodepe.com.br\\\/xinhua\\\/#\\\/schema\\\/person\\\/0943d6fd02bdc7b49c8f495e8787a2cb\",\"name\":\"Marcelo Oliveira de A. Maranhao\",\"image\":{\"@type\":\"ImageObject\",\"inLanguage\":\"pt-BR\",\"@id\":\"https:\\\/\\\/secure.gravatar.com\\\/avatar\\\/f562caee940d39879c20e90eea3e4b21860c7d4c96684c23141c554824f0059c?s=96&d=mm&r=g\",\"url\":\"https:\\\/\\\/secure.gravatar.com\\\/avatar\\\/f562caee940d39879c20e90eea3e4b21860c7d4c96684c23141c554824f0059c?s=96&d=mm&r=g\",\"contentUrl\":\"https:\\\/\\\/secure.gravatar.com\\\/avatar\\\/f562caee940d39879c20e90eea3e4b21860c7d4c96684c23141c554824f0059c?s=96&d=mm&r=g\",\"caption\":\"Marcelo Oliveira de A. Maranhao\"},\"url\":\"https:\\\/\\\/diariodepe.com.br\\\/xinhua\\\/author\\\/marcelo-maranhao\\\/\"}]}<\/script>\n<!-- \/ Yoast SEO plugin. -->","yoast_head_json":{"title":"S\u00e3o Paulo Coffee Festival coloca caf\u00e9s especiais no centro das aten\u00e7\u00f5es - Xinhua - Diario de Pernambuco","robots":{"index":"index","follow":"follow","max-snippet":"max-snippet:-1","max-image-preview":"max-image-preview:large","max-video-preview":"max-video-preview:-1"},"canonical":"https:\/\/diariodepe.com.br\/xinhua\/2025\/07\/01\/sao-paulo-coffee-festival-coloca-cafes-especiais-no-centro-das-atencoes\/","og_locale":"pt_BR","og_type":"article","og_title":"S\u00e3o Paulo Coffee Festival coloca caf\u00e9s especiais no centro das aten\u00e7\u00f5es - Xinhua - Diario de Pernambuco","og_description":"Com a promessa de unir aroma, sabor e experi\u00eancias sensoriais, o S\u00e3o Paulo Coffee Festival chega \u00e0 sua 4\u00aa edi\u00e7\u00e3o batendo recordes. &nbsp; &nbsp;O evento, que acontece na Bienal do Ibirapuera, celebra a cultura do caf\u00e9 especial, com degusta\u00e7\u00f5es, oficinas...","og_url":"https:\/\/diariodepe.com.br\/xinhua\/2025\/07\/01\/sao-paulo-coffee-festival-coloca-cafes-especiais-no-centro-das-atencoes\/","og_site_name":"Xinhua - Diario de Pernambuco","article_published_time":"2025-07-01T11:00:00+00:00","og_image":[{"width":1000,"height":500,"url":"https:\/\/diariodepe.com.br\/xinhua\/wp-content\/uploads\/sites\/3\/2025\/06\/dfc03614240546478382fece14ade87d.jpg","type":"image\/jpeg"}],"author":"Marcelo Oliveira de A. Maranhao","twitter_card":"summary_large_image","twitter_misc":{"Escrito por":"Marcelo Oliveira de A. Maranhao","Est. tempo de leitura":"2 minutos"},"schema":{"@context":"https:\/\/schema.org","@graph":[{"@type":"Article","@id":"https:\/\/diariodepe.com.br\/xinhua\/2025\/07\/01\/sao-paulo-coffee-festival-coloca-cafes-especiais-no-centro-das-atencoes\/#article","isPartOf":{"@id":"https:\/\/diariodepe.com.br\/xinhua\/2025\/07\/01\/sao-paulo-coffee-festival-coloca-cafes-especiais-no-centro-das-atencoes\/"},"author":{"name":"Marcelo Oliveira de A. Maranhao","@id":"https:\/\/diariodepe.com.br\/xinhua\/#\/schema\/person\/0943d6fd02bdc7b49c8f495e8787a2cb"},"headline":"S\u00e3o Paulo Coffee Festival coloca caf\u00e9s especiais no centro das aten\u00e7\u00f5es","datePublished":"2025-07-01T11:00:00+00:00","mainEntityOfPage":{"@id":"https:\/\/diariodepe.com.br\/xinhua\/2025\/07\/01\/sao-paulo-coffee-festival-coloca-cafes-especiais-no-centro-das-atencoes\/"},"wordCount":307,"commentCount":0,"publisher":{"@id":"https:\/\/diariodepe.com.br\/xinhua\/#organization"},"image":{"@id":"https:\/\/diariodepe.com.br\/xinhua\/2025\/07\/01\/sao-paulo-coffee-festival-coloca-cafes-especiais-no-centro-das-atencoes\/#primaryimage"},"thumbnailUrl":"https:\/\/diariodepe.com.br\/xinhua\/wp-content\/uploads\/sites\/3\/2025\/06\/dfc03614240546478382fece14ade87d.jpg","articleSection":["Geral"],"inLanguage":"pt-BR","potentialAction":[{"@type":"CommentAction","name":"Comment","target":["https:\/\/diariodepe.com.br\/xinhua\/2025\/07\/01\/sao-paulo-coffee-festival-coloca-cafes-especiais-no-centro-das-atencoes\/#respond"]}]},{"@type":"WebPage","@id":"https:\/\/diariodepe.com.br\/xinhua\/2025\/07\/01\/sao-paulo-coffee-festival-coloca-cafes-especiais-no-centro-das-atencoes\/","url":"https:\/\/diariodepe.com.br\/xinhua\/2025\/07\/01\/sao-paulo-coffee-festival-coloca-cafes-especiais-no-centro-das-atencoes\/","name":"S\u00e3o Paulo Coffee Festival coloca caf\u00e9s especiais no centro das aten\u00e7\u00f5es - Xinhua - Diario de Pernambuco","isPartOf":{"@id":"https:\/\/diariodepe.com.br\/xinhua\/#website"},"primaryImageOfPage":{"@id":"https:\/\/diariodepe.com.br\/xinhua\/2025\/07\/01\/sao-paulo-coffee-festival-coloca-cafes-especiais-no-centro-das-atencoes\/#primaryimage"},"image":{"@id":"https:\/\/diariodepe.com.br\/xinhua\/2025\/07\/01\/sao-paulo-coffee-festival-coloca-cafes-especiais-no-centro-das-atencoes\/#primaryimage"},"thumbnailUrl":"https:\/\/diariodepe.com.br\/xinhua\/wp-content\/uploads\/sites\/3\/2025\/06\/dfc03614240546478382fece14ade87d.jpg","datePublished":"2025-07-01T11:00:00+00:00","breadcrumb":{"@id":"https:\/\/diariodepe.com.br\/xinhua\/2025\/07\/01\/sao-paulo-coffee-festival-coloca-cafes-especiais-no-centro-das-atencoes\/#breadcrumb"},"inLanguage":"pt-BR","potentialAction":[{"@type":"ReadAction","target":["https:\/\/diariodepe.com.br\/xinhua\/2025\/07\/01\/sao-paulo-coffee-festival-coloca-cafes-especiais-no-centro-das-atencoes\/"]}]},{"@type":"ImageObject","inLanguage":"pt-BR","@id":"https:\/\/diariodepe.com.br\/xinhua\/2025\/07\/01\/sao-paulo-coffee-festival-coloca-cafes-especiais-no-centro-das-atencoes\/#primaryimage","url":"https:\/\/diariodepe.com.br\/xinhua\/wp-content\/uploads\/sites\/3\/2025\/06\/dfc03614240546478382fece14ade87d.jpg","contentUrl":"https:\/\/diariodepe.com.br\/xinhua\/wp-content\/uploads\/sites\/3\/2025\/06\/dfc03614240546478382fece14ade87d.jpg","width":1000,"height":500},{"@type":"BreadcrumbList","@id":"https:\/\/diariodepe.com.br\/xinhua\/2025\/07\/01\/sao-paulo-coffee-festival-coloca-cafes-especiais-no-centro-das-atencoes\/#breadcrumb","itemListElement":[{"@type":"ListItem","position":1,"name":"In\u00edcio","item":"https:\/\/diariodepe.com.br\/xinhua\/"},{"@type":"ListItem","position":2,"name":"S\u00e3o Paulo Coffee Festival coloca caf\u00e9s especiais no centro das aten\u00e7\u00f5es"}]},{"@type":"WebSite","@id":"https:\/\/diariodepe.com.br\/xinhua\/#website","url":"https:\/\/diariodepe.com.br\/xinhua\/","name":"Xinhua - Diario de Pernambuco","description":"A maior ag\u00eancia de not\u00edcias da China e um dos principais canais para conhecer o pa\u00eds","publisher":{"@id":"https:\/\/diariodepe.com.br\/xinhua\/#organization"},"potentialAction":[{"@type":"SearchAction","target":{"@type":"EntryPoint","urlTemplate":"https:\/\/diariodepe.com.br\/xinhua\/?s={search_term_string}"},"query-input":{"@type":"PropertyValueSpecification","valueRequired":true,"valueName":"search_term_string"}}],"inLanguage":"pt-BR"},{"@type":"Organization","@id":"https:\/\/diariodepe.com.br\/xinhua\/#organization","name":"Xinhua - Diario de Pernambuco","url":"https:\/\/diariodepe.com.br\/xinhua\/","logo":{"@type":"ImageObject","inLanguage":"pt-BR","@id":"https:\/\/diariodepe.com.br\/xinhua\/#\/schema\/logo\/image\/","url":"https:\/\/diariodepe.com.br\/xinhua\/wp-content\/uploads\/sites\/3\/2020\/10\/cropped-logo-transparente-2.png","contentUrl":"https:\/\/diariodepe.com.br\/xinhua\/wp-content\/uploads\/sites\/3\/2020\/10\/cropped-logo-transparente-2.png","width":512,"height":164,"caption":"Xinhua - Diario de Pernambuco"},"image":{"@id":"https:\/\/diariodepe.com.br\/xinhua\/#\/schema\/logo\/image\/"}},{"@type":"Person","@id":"https:\/\/diariodepe.com.br\/xinhua\/#\/schema\/person\/0943d6fd02bdc7b49c8f495e8787a2cb","name":"Marcelo Oliveira de A. Maranhao","image":{"@type":"ImageObject","inLanguage":"pt-BR","@id":"https:\/\/secure.gravatar.com\/avatar\/f562caee940d39879c20e90eea3e4b21860c7d4c96684c23141c554824f0059c?s=96&d=mm&r=g","url":"https:\/\/secure.gravatar.com\/avatar\/f562caee940d39879c20e90eea3e4b21860c7d4c96684c23141c554824f0059c?s=96&d=mm&r=g","contentUrl":"https:\/\/secure.gravatar.com\/avatar\/f562caee940d39879c20e90eea3e4b21860c7d4c96684c23141c554824f0059c?s=96&d=mm&r=g","caption":"Marcelo Oliveira de A. Maranhao"},"url":"https:\/\/diariodepe.com.br\/xinhua\/author\/marcelo-maranhao\/"}]}},"cc_featured_image_caption":{"caption_text":"","source_text":"","source_url":""},"amp_enabled":true,"_links":{"self":[{"href":"https:\/\/diariodepe.com.br\/xinhua\/wp-json\/wp\/v2\/posts\/26785","targetHints":{"allow":["GET"]}}],"collection":[{"href":"https:\/\/diariodepe.com.br\/xinhua\/wp-json\/wp\/v2\/posts"}],"about":[{"href":"https:\/\/diariodepe.com.br\/xinhua\/wp-json\/wp\/v2\/types\/post"}],"author":[{"embeddable":true,"href":"https:\/\/diariodepe.com.br\/xinhua\/wp-json\/wp\/v2\/users\/3"}],"replies":[{"embeddable":true,"href":"https:\/\/diariodepe.com.br\/xinhua\/wp-json\/wp\/v2\/comments?post=26785"}],"version-history":[{"count":1,"href":"https:\/\/diariodepe.com.br\/xinhua\/wp-json\/wp\/v2\/posts\/26785\/revisions"}],"predecessor-version":[{"id":26787,"href":"https:\/\/diariodepe.com.br\/xinhua\/wp-json\/wp\/v2\/posts\/26785\/revisions\/26787"}],"wp:featuredmedia":[{"embeddable":true,"href":"https:\/\/diariodepe.com.br\/xinhua\/wp-json\/wp\/v2\/media\/26786"}],"wp:attachment":[{"href":"https:\/\/diariodepe.com.br\/xinhua\/wp-json\/wp\/v2\/media?parent=26785"}],"wp:term":[{"taxonomy":"category","embeddable":true,"href":"https:\/\/diariodepe.com.br\/xinhua\/wp-json\/wp\/v2\/categories?post=26785"},{"taxonomy":"post_tag","embeddable":true,"href":"https:\/\/diariodepe.com.br\/xinhua\/wp-json\/wp\/v2\/tags?post=26785"}],"curies":[{"name":"wp","href":"https:\/\/api.w.org\/{rel}","templated":true}]}}