{"id":26780,"date":"2025-06-30T17:10:00","date_gmt":"2025-06-30T20:10:00","guid":{"rendered":"https:\/\/www.diariodepe.com.br\/xinhua\/?p=26780"},"modified":"2025-06-29T09:11:52","modified_gmt":"2025-06-29T12:11:52","slug":"entrevista-chefe-do-cicv-comemora-20-anos-de-cooperacao-com-a-china-citando-forte-parceria","status":"publish","type":"post","link":"https:\/\/diariodepe.com.br\/xinhua\/2025\/06\/30\/entrevista-chefe-do-cicv-comemora-20-anos-de-cooperacao-com-a-china-citando-forte-parceria\/","title":{"rendered":"Entrevista: Chefe do CICV comemora 20 anos de coopera\u00e7\u00e3o com a China, citando forte parceria"},"content":{"rendered":"\n<p>Por Martina Fuchs<\/p>\n\n\n\n<p>Genebra &#8211; Ao comemorar 20 anos de atua\u00e7\u00e3o do Comit\u00ea Internacional da Cruz Vermelha (CICV) na China, a presidente elogiou a forte parceria do pa\u00eds na promo\u00e7\u00e3o do Direito Internacional Humanit\u00e1rio.<\/p>\n\n\n\n<p>&#8220;Come\u00e7amos a fortalecer nossa coopera\u00e7\u00e3o com a China h\u00e1 20 anos e mantemos um di\u00e1logo muito mais pr\u00f3ximo em v\u00e1rias \u00e1reas. Hoje, essa coopera\u00e7\u00e3o \u00e9 muito forte&#8221;, disse a presidente do CICV, Mirjana Spoljaric, em entrevista exclusiva recente \u00e0 Xinhua na sede da organiza\u00e7\u00e3o em Genebra.<\/p>\n\n\n\n<p>Spoljaric destacou que a Cruz Vermelha depende muito da influ\u00eancia global da China para ajudar a aumentar a conscientiza\u00e7\u00e3o sobre os princ\u00edpios humanit\u00e1rios e a necessidade de proteger civis em conflitos armados.<\/p>\n\n\n\n<p>Fundado em 1863 e com sede em Genebra, o CICV possui um mandato \u00fanico, sob as Conven\u00e7\u00f5es de Genebra, para proteger v\u00edtimas de conflitos armados internacionais e internos. A organiza\u00e7\u00e3o opera em mais de 90 pa\u00edses e emprega cerca de 18.000 funcion\u00e1rios em todo o mundo.<\/p>\n\n\n\n<p>Sua Delega\u00e7\u00e3o Regional para o Leste Asi\u00e1tico foi inaugurada em Beijing em julho de 2005.<\/p>\n\n\n\n<p>Desde ent\u00e3o, o CICV fortaleceu sua colabora\u00e7\u00e3o com institui\u00e7\u00f5es chinesas, se concentrando no di\u00e1logo humanit\u00e1rio, na promo\u00e7\u00e3o do Direito Internacional Humanit\u00e1rio, na coopera\u00e7\u00e3o com for\u00e7as militares e policiais, na sa\u00fade global, na per\u00edcia humanit\u00e1ria e na aquisi\u00e7\u00e3o de ajuda humanit\u00e1ria para opera\u00e7\u00f5es internacionais.<\/p>\n\n\n\n<p>Spoljaric destacou a import\u00e2ncia da parceria com a Cruz Vermelha Chinesa, a chamando de &#8220;igualmente importante&#8221;. Ela tamb\u00e9m observou que o CICV est\u00e1 trabalhando em estreita colabora\u00e7\u00e3o com a Ag\u00eancia Chinesa de Coopera\u00e7\u00e3o para o Desenvolvimento Internacional para encontrar formas de conectar a assist\u00eancia humanit\u00e1ria ao desenvolvimento a longo prazo.<\/p>\n\n\n\n<p>O CICV e a China se comprometeram a continuar trabalhando juntos para atender \u00e0s necessidades urgentes das popula\u00e7\u00f5es afetadas por conflitos, buscando paz, estabilidade e desenvolvimento.<\/p>\n\n\n\n<p>O CICV opera atualmente em algumas das zonas de conflito mais vol\u00e1teis do mundo, incluindo Afeganist\u00e3o e Eti\u00f3pia, entre outras.<\/p>\n\n\n\n<figure class=\"wp-block-image\"><img decoding=\"async\" src=\"https:\/\/portuguese.news.cn\/20250627\/8702f8e118354685aa88ab40434363d8\/202506278702f8e118354685aa88ab40434363d8_20250627da1f8b3aaf494faa8927008031f40deb.jpeg\" alt=\"\"\/><figcaption>Foto sem data mostra paciente conversando com menina em um hospital administrado pelo Comit\u00ea Internacional da Cruz Vermelha (CICV) na cidade de Atbara, Sud\u00e3o. (CICV-Sud\u00e3o\/Divulga\u00e7\u00e3o via Xinhua)<\/figcaption><\/figure>\n\n\n\n<p><\/p>\n\n\n\n<p>O presidente destacou a grave situa\u00e7\u00e3o humanit\u00e1ria em Gaza e no Sud\u00e3o, com importantes esfor\u00e7os em andamento na \u00c1frica Oriental e em todo o Oriente M\u00e9dio.<\/p>\n\n\n\n<p>De acordo com o CICV, aproximadamente 130 conflitos armados est\u00e3o ativos em todo o mundo, um n\u00famero que tem aumentado constantemente, principalmente desde o in\u00edcio dos anos 2000, impulsionado em grande parte pelo aumento de conflitos armados n\u00e3o internacionais.<\/p>\n\n\n\n<p>&#8220;O que observamos no momento \u00e9 uma compila\u00e7\u00e3o muito perigosa de conflitos intensos&#8221;, disse Spoljaric. &#8220;Precisamos continuar operacionais sob press\u00e3o em todos esses contextos de conflitos internacionais ou nacionais e conseguir prestar assist\u00eancia humanit\u00e1ria e prote\u00e7\u00e3o aos civis&#8221;.<\/p>\n\n\n\n<p>Spoljaric alertou para a crescente instabilidade no Oriente M\u00e9dio, onde conflitos simult\u00e2neos est\u00e3o convergindo em um ritmo perigoso.<\/p>\n\n\n\n<p>&#8220;O Oriente M\u00e9dio est\u00e1 enfrentando uma converg\u00eancia perigosamente acelerada de conflitos devastadores&#8221;, disse ela. &#8220;A expans\u00e3o das opera\u00e7\u00f5es militares corre o risco de desencadear uma crise que pode sair do controle, com ramifica\u00e7\u00f5es globais. Todos os esfor\u00e7os devem ser feitos para apaziguar e evitar mais sofrimento&#8221;.<\/p>\n\n\n\n<p>Mesmo com a intensifica\u00e7\u00e3o das necessidades globais, o financiamento para organiza\u00e7\u00f5es humanit\u00e1rias est\u00e1 se esgotando. Spoljaric afirmou que o CICV est\u00e1 observando uma mudan\u00e7a fundamental na forma como os governos priorizam os gastos, com o aumento dos or\u00e7amentos militares muitas vezes ocorrendo em detrimento da ajuda internacional.<\/p>\n\n\n\n<p>&#8220;O financiamento est\u00e1 diminuindo&#8221;, disse ela. &#8220;J\u00e1 vem diminuindo h\u00e1 alguns anos, mas atualmente estamos vivenciando uma mudan\u00e7a real na forma como os governos planejam investir no futuro&#8221;.<\/p>\n\n\n\n<p>Ela destacou que os governos n\u00e3o devem reduzir a ajuda humanit\u00e1ria a menos que se comprometam a reduzir os conflitos.<\/p>\n\n\n\n<p>O CICV, que \u00e9 financiado principalmente por doa\u00e7\u00f5es governamentais e contribui\u00e7\u00f5es das Sociedades Nacionais da Cruz Vermelha e do Crescente Vermelho, solicitou 2,17 bilh\u00f5es de francos su\u00ed\u00e7os (2,7 bilh\u00f5es de d\u00f3lares americanos) para suas opera\u00e7\u00f5es em 2025.<\/p>\n\n\n\n<p>&#8220;O que vemos \u00e9 um aumento da viol\u00eancia e dos conflitos armados entre Estados, n\u00e3o apenas entre atores n\u00e3o estatais&#8221;, disse Spoljaric. &#8220;Isso cria muita press\u00e3o humanit\u00e1ria, em termos de sofrimento humano, perdas humanas e tamb\u00e9m perda de infraestrutura e vasta destrui\u00e7\u00e3o&#8221;.<\/p>\n\n\n\n<p>&#8220;N\u00e3o devemos investir na defesa e ignorar o impacto humanit\u00e1rio que as opera\u00e7\u00f5es militares t\u00eam quando come\u00e7am&#8221;, acrescentou ela.<\/p>\n","protected":false},"excerpt":{"rendered":"<p>Por Martina Fuchs Genebra &#8211; Ao comemorar 20 anos de atua\u00e7\u00e3o do Comit\u00ea Internacional da Cruz Vermelha (CICV) na China, a presidente elogiou a forte parceria do pa\u00eds na promo\u00e7\u00e3o do Direito Internacional Humanit\u00e1rio. &#8220;Come\u00e7amos a fortalecer nossa coopera\u00e7\u00e3o com&#8230;<\/p>\n","protected":false},"author":3,"featured_media":26781,"comment_status":"open","ping_status":"open","sticky":false,"template":"","format":"standard","meta":{"footnotes":""},"categories":[4],"tags":[],"class_list":["post-26780","post","type-post","status-publish","format-standard","has-post-thumbnail","hentry","category-internacional"],"yoast_head":"<!-- This site is optimized with the Yoast SEO plugin v27.4 - https:\/\/yoast.com\/product\/yoast-seo-wordpress\/ -->\n<title>Entrevista: Chefe do CICV comemora 20 anos de coopera\u00e7\u00e3o com a China, citando forte parceria - Xinhua - Diario de Pernambuco<\/title>\n<meta name=\"robots\" content=\"index, follow, max-snippet:-1, max-image-preview:large, max-video-preview:-1\" \/>\n<link rel=\"canonical\" href=\"https:\/\/diariodepe.com.br\/xinhua\/2025\/06\/30\/entrevista-chefe-do-cicv-comemora-20-anos-de-cooperacao-com-a-china-citando-forte-parceria\/\" \/>\n<meta property=\"og:locale\" content=\"pt_BR\" \/>\n<meta property=\"og:type\" content=\"article\" \/>\n<meta property=\"og:title\" content=\"Entrevista: Chefe do CICV comemora 20 anos de coopera\u00e7\u00e3o com a China, citando forte parceria - Xinhua - Diario de Pernambuco\" \/>\n<meta property=\"og:description\" content=\"Por Martina Fuchs Genebra &#8211; Ao comemorar 20 anos de atua\u00e7\u00e3o do Comit\u00ea Internacional da Cruz Vermelha (CICV) na China, a presidente elogiou a forte parceria do pa\u00eds na promo\u00e7\u00e3o do Direito Internacional Humanit\u00e1rio. &#8220;Come\u00e7amos a fortalecer nossa coopera\u00e7\u00e3o com...\" \/>\n<meta property=\"og:url\" content=\"https:\/\/diariodepe.com.br\/xinhua\/2025\/06\/30\/entrevista-chefe-do-cicv-comemora-20-anos-de-cooperacao-com-a-china-citando-forte-parceria\/\" \/>\n<meta property=\"og:site_name\" content=\"Xinhua - Diario de Pernambuco\" \/>\n<meta property=\"article:published_time\" content=\"2025-06-30T20:10:00+00:00\" \/>\n<meta property=\"og:image\" content=\"https:\/\/diariodepe.com.br\/xinhua\/wp-content\/uploads\/sites\/3\/2025\/06\/202506278702f8e118354685aa88ab40434363d8_20250627c506c9bb358647299ab242b4b4115b28.jpeg\" \/>\n\t<meta property=\"og:image:width\" content=\"900\" \/>\n\t<meta property=\"og:image:height\" content=\"600\" \/>\n\t<meta property=\"og:image:type\" content=\"image\/jpeg\" \/>\n<meta name=\"author\" content=\"Marcelo Oliveira de A. Maranhao\" \/>\n<meta name=\"twitter:card\" content=\"summary_large_image\" \/>\n<meta name=\"twitter:label1\" content=\"Escrito por\" \/>\n\t<meta name=\"twitter:data1\" content=\"Marcelo Oliveira de A. Maranhao\" \/>\n\t<meta name=\"twitter:label2\" content=\"Est. tempo de leitura\" \/>\n\t<meta name=\"twitter:data2\" content=\"5 minutos\" \/>\n<script type=\"application\/ld+json\" class=\"yoast-schema-graph\">{\"@context\":\"https:\\\/\\\/schema.org\",\"@graph\":[{\"@type\":\"Article\",\"@id\":\"https:\\\/\\\/diariodepe.com.br\\\/xinhua\\\/2025\\\/06\\\/30\\\/entrevista-chefe-do-cicv-comemora-20-anos-de-cooperacao-com-a-china-citando-forte-parceria\\\/#article\",\"isPartOf\":{\"@id\":\"https:\\\/\\\/diariodepe.com.br\\\/xinhua\\\/2025\\\/06\\\/30\\\/entrevista-chefe-do-cicv-comemora-20-anos-de-cooperacao-com-a-china-citando-forte-parceria\\\/\"},\"author\":{\"name\":\"Marcelo Oliveira de A. Maranhao\",\"@id\":\"https:\\\/\\\/diariodepe.com.br\\\/xinhua\\\/#\\\/schema\\\/person\\\/0943d6fd02bdc7b49c8f495e8787a2cb\"},\"headline\":\"Entrevista: Chefe do CICV comemora 20 anos de coopera\u00e7\u00e3o com a China, citando forte parceria\",\"datePublished\":\"2025-06-30T20:10:00+00:00\",\"mainEntityOfPage\":{\"@id\":\"https:\\\/\\\/diariodepe.com.br\\\/xinhua\\\/2025\\\/06\\\/30\\\/entrevista-chefe-do-cicv-comemora-20-anos-de-cooperacao-com-a-china-citando-forte-parceria\\\/\"},\"wordCount\":800,\"commentCount\":0,\"publisher\":{\"@id\":\"https:\\\/\\\/diariodepe.com.br\\\/xinhua\\\/#organization\"},\"image\":{\"@id\":\"https:\\\/\\\/diariodepe.com.br\\\/xinhua\\\/2025\\\/06\\\/30\\\/entrevista-chefe-do-cicv-comemora-20-anos-de-cooperacao-com-a-china-citando-forte-parceria\\\/#primaryimage\"},\"thumbnailUrl\":\"https:\\\/\\\/diariodepe.com.br\\\/xinhua\\\/wp-content\\\/uploads\\\/sites\\\/3\\\/2025\\\/06\\\/202506278702f8e118354685aa88ab40434363d8_20250627c506c9bb358647299ab242b4b4115b28.jpeg\",\"articleSection\":[\"Internacional\"],\"inLanguage\":\"pt-BR\",\"potentialAction\":[{\"@type\":\"CommentAction\",\"name\":\"Comment\",\"target\":[\"https:\\\/\\\/diariodepe.com.br\\\/xinhua\\\/2025\\\/06\\\/30\\\/entrevista-chefe-do-cicv-comemora-20-anos-de-cooperacao-com-a-china-citando-forte-parceria\\\/#respond\"]}]},{\"@type\":\"WebPage\",\"@id\":\"https:\\\/\\\/diariodepe.com.br\\\/xinhua\\\/2025\\\/06\\\/30\\\/entrevista-chefe-do-cicv-comemora-20-anos-de-cooperacao-com-a-china-citando-forte-parceria\\\/\",\"url\":\"https:\\\/\\\/diariodepe.com.br\\\/xinhua\\\/2025\\\/06\\\/30\\\/entrevista-chefe-do-cicv-comemora-20-anos-de-cooperacao-com-a-china-citando-forte-parceria\\\/\",\"name\":\"Entrevista: Chefe do CICV comemora 20 anos de coopera\u00e7\u00e3o com a China, citando forte parceria - Xinhua - Diario de Pernambuco\",\"isPartOf\":{\"@id\":\"https:\\\/\\\/diariodepe.com.br\\\/xinhua\\\/#website\"},\"primaryImageOfPage\":{\"@id\":\"https:\\\/\\\/diariodepe.com.br\\\/xinhua\\\/2025\\\/06\\\/30\\\/entrevista-chefe-do-cicv-comemora-20-anos-de-cooperacao-com-a-china-citando-forte-parceria\\\/#primaryimage\"},\"image\":{\"@id\":\"https:\\\/\\\/diariodepe.com.br\\\/xinhua\\\/2025\\\/06\\\/30\\\/entrevista-chefe-do-cicv-comemora-20-anos-de-cooperacao-com-a-china-citando-forte-parceria\\\/#primaryimage\"},\"thumbnailUrl\":\"https:\\\/\\\/diariodepe.com.br\\\/xinhua\\\/wp-content\\\/uploads\\\/sites\\\/3\\\/2025\\\/06\\\/202506278702f8e118354685aa88ab40434363d8_20250627c506c9bb358647299ab242b4b4115b28.jpeg\",\"datePublished\":\"2025-06-30T20:10:00+00:00\",\"breadcrumb\":{\"@id\":\"https:\\\/\\\/diariodepe.com.br\\\/xinhua\\\/2025\\\/06\\\/30\\\/entrevista-chefe-do-cicv-comemora-20-anos-de-cooperacao-com-a-china-citando-forte-parceria\\\/#breadcrumb\"},\"inLanguage\":\"pt-BR\",\"potentialAction\":[{\"@type\":\"ReadAction\",\"target\":[\"https:\\\/\\\/diariodepe.com.br\\\/xinhua\\\/2025\\\/06\\\/30\\\/entrevista-chefe-do-cicv-comemora-20-anos-de-cooperacao-com-a-china-citando-forte-parceria\\\/\"]}]},{\"@type\":\"ImageObject\",\"inLanguage\":\"pt-BR\",\"@id\":\"https:\\\/\\\/diariodepe.com.br\\\/xinhua\\\/2025\\\/06\\\/30\\\/entrevista-chefe-do-cicv-comemora-20-anos-de-cooperacao-com-a-china-citando-forte-parceria\\\/#primaryimage\",\"url\":\"https:\\\/\\\/diariodepe.com.br\\\/xinhua\\\/wp-content\\\/uploads\\\/sites\\\/3\\\/2025\\\/06\\\/202506278702f8e118354685aa88ab40434363d8_20250627c506c9bb358647299ab242b4b4115b28.jpeg\",\"contentUrl\":\"https:\\\/\\\/diariodepe.com.br\\\/xinhua\\\/wp-content\\\/uploads\\\/sites\\\/3\\\/2025\\\/06\\\/202506278702f8e118354685aa88ab40434363d8_20250627c506c9bb358647299ab242b4b4115b28.jpeg\",\"width\":900,\"height\":600,\"caption\":\"(231210) -- GENEVA, Dec. 10, 2023 (Xinhua) -- Mirjana Spoljaric Egger, president of the International Committee of the Red Cross (ICRC), receives an exclusive interview with Xinhua in Geneva, Switzerland, Dec. 6, 2023. TO GO WITH \\\"Interview: Red Cross chief applauds China's role in upholding int'l humanitarian law in Gaza\\\" (Xinhua\\\/Wang Qibing)\"},{\"@type\":\"BreadcrumbList\",\"@id\":\"https:\\\/\\\/diariodepe.com.br\\\/xinhua\\\/2025\\\/06\\\/30\\\/entrevista-chefe-do-cicv-comemora-20-anos-de-cooperacao-com-a-china-citando-forte-parceria\\\/#breadcrumb\",\"itemListElement\":[{\"@type\":\"ListItem\",\"position\":1,\"name\":\"In\u00edcio\",\"item\":\"https:\\\/\\\/diariodepe.com.br\\\/xinhua\\\/\"},{\"@type\":\"ListItem\",\"position\":2,\"name\":\"Entrevista: Chefe do CICV comemora 20 anos de coopera\u00e7\u00e3o com a China, citando forte parceria\"}]},{\"@type\":\"WebSite\",\"@id\":\"https:\\\/\\\/diariodepe.com.br\\\/xinhua\\\/#website\",\"url\":\"https:\\\/\\\/diariodepe.com.br\\\/xinhua\\\/\",\"name\":\"Xinhua - Diario de Pernambuco\",\"description\":\"A maior ag\u00eancia de not\u00edcias da China e um dos principais canais para conhecer o pa\u00eds\",\"publisher\":{\"@id\":\"https:\\\/\\\/diariodepe.com.br\\\/xinhua\\\/#organization\"},\"potentialAction\":[{\"@type\":\"SearchAction\",\"target\":{\"@type\":\"EntryPoint\",\"urlTemplate\":\"https:\\\/\\\/diariodepe.com.br\\\/xinhua\\\/?s={search_term_string}\"},\"query-input\":{\"@type\":\"PropertyValueSpecification\",\"valueRequired\":true,\"valueName\":\"search_term_string\"}}],\"inLanguage\":\"pt-BR\"},{\"@type\":\"Organization\",\"@id\":\"https:\\\/\\\/diariodepe.com.br\\\/xinhua\\\/#organization\",\"name\":\"Xinhua - Diario de Pernambuco\",\"url\":\"https:\\\/\\\/diariodepe.com.br\\\/xinhua\\\/\",\"logo\":{\"@type\":\"ImageObject\",\"inLanguage\":\"pt-BR\",\"@id\":\"https:\\\/\\\/diariodepe.com.br\\\/xinhua\\\/#\\\/schema\\\/logo\\\/image\\\/\",\"url\":\"https:\\\/\\\/diariodepe.com.br\\\/xinhua\\\/wp-content\\\/uploads\\\/sites\\\/3\\\/2020\\\/10\\\/cropped-logo-transparente-2.png\",\"contentUrl\":\"https:\\\/\\\/diariodepe.com.br\\\/xinhua\\\/wp-content\\\/uploads\\\/sites\\\/3\\\/2020\\\/10\\\/cropped-logo-transparente-2.png\",\"width\":512,\"height\":164,\"caption\":\"Xinhua - Diario de Pernambuco\"},\"image\":{\"@id\":\"https:\\\/\\\/diariodepe.com.br\\\/xinhua\\\/#\\\/schema\\\/logo\\\/image\\\/\"}},{\"@type\":\"Person\",\"@id\":\"https:\\\/\\\/diariodepe.com.br\\\/xinhua\\\/#\\\/schema\\\/person\\\/0943d6fd02bdc7b49c8f495e8787a2cb\",\"name\":\"Marcelo Oliveira de A. Maranhao\",\"image\":{\"@type\":\"ImageObject\",\"inLanguage\":\"pt-BR\",\"@id\":\"https:\\\/\\\/secure.gravatar.com\\\/avatar\\\/f562caee940d39879c20e90eea3e4b21860c7d4c96684c23141c554824f0059c?s=96&d=mm&r=g\",\"url\":\"https:\\\/\\\/secure.gravatar.com\\\/avatar\\\/f562caee940d39879c20e90eea3e4b21860c7d4c96684c23141c554824f0059c?s=96&d=mm&r=g\",\"contentUrl\":\"https:\\\/\\\/secure.gravatar.com\\\/avatar\\\/f562caee940d39879c20e90eea3e4b21860c7d4c96684c23141c554824f0059c?s=96&d=mm&r=g\",\"caption\":\"Marcelo Oliveira de A. Maranhao\"},\"url\":\"https:\\\/\\\/diariodepe.com.br\\\/xinhua\\\/author\\\/marcelo-maranhao\\\/\"}]}<\/script>\n<!-- \/ Yoast SEO plugin. -->","yoast_head_json":{"title":"Entrevista: Chefe do CICV comemora 20 anos de coopera\u00e7\u00e3o com a China, citando forte parceria - Xinhua - Diario de Pernambuco","robots":{"index":"index","follow":"follow","max-snippet":"max-snippet:-1","max-image-preview":"max-image-preview:large","max-video-preview":"max-video-preview:-1"},"canonical":"https:\/\/diariodepe.com.br\/xinhua\/2025\/06\/30\/entrevista-chefe-do-cicv-comemora-20-anos-de-cooperacao-com-a-china-citando-forte-parceria\/","og_locale":"pt_BR","og_type":"article","og_title":"Entrevista: Chefe do CICV comemora 20 anos de coopera\u00e7\u00e3o com a China, citando forte parceria - Xinhua - Diario de Pernambuco","og_description":"Por Martina Fuchs Genebra &#8211; Ao comemorar 20 anos de atua\u00e7\u00e3o do Comit\u00ea Internacional da Cruz Vermelha (CICV) na China, a presidente elogiou a forte parceria do pa\u00eds na promo\u00e7\u00e3o do Direito Internacional Humanit\u00e1rio. &#8220;Come\u00e7amos a fortalecer nossa coopera\u00e7\u00e3o com...","og_url":"https:\/\/diariodepe.com.br\/xinhua\/2025\/06\/30\/entrevista-chefe-do-cicv-comemora-20-anos-de-cooperacao-com-a-china-citando-forte-parceria\/","og_site_name":"Xinhua - Diario de Pernambuco","article_published_time":"2025-06-30T20:10:00+00:00","og_image":[{"width":900,"height":600,"url":"https:\/\/diariodepe.com.br\/xinhua\/wp-content\/uploads\/sites\/3\/2025\/06\/202506278702f8e118354685aa88ab40434363d8_20250627c506c9bb358647299ab242b4b4115b28.jpeg","type":"image\/jpeg"}],"author":"Marcelo Oliveira de A. Maranhao","twitter_card":"summary_large_image","twitter_misc":{"Escrito por":"Marcelo Oliveira de A. Maranhao","Est. tempo de leitura":"5 minutos"},"schema":{"@context":"https:\/\/schema.org","@graph":[{"@type":"Article","@id":"https:\/\/diariodepe.com.br\/xinhua\/2025\/06\/30\/entrevista-chefe-do-cicv-comemora-20-anos-de-cooperacao-com-a-china-citando-forte-parceria\/#article","isPartOf":{"@id":"https:\/\/diariodepe.com.br\/xinhua\/2025\/06\/30\/entrevista-chefe-do-cicv-comemora-20-anos-de-cooperacao-com-a-china-citando-forte-parceria\/"},"author":{"name":"Marcelo Oliveira de A. Maranhao","@id":"https:\/\/diariodepe.com.br\/xinhua\/#\/schema\/person\/0943d6fd02bdc7b49c8f495e8787a2cb"},"headline":"Entrevista: Chefe do CICV comemora 20 anos de coopera\u00e7\u00e3o com a China, citando forte parceria","datePublished":"2025-06-30T20:10:00+00:00","mainEntityOfPage":{"@id":"https:\/\/diariodepe.com.br\/xinhua\/2025\/06\/30\/entrevista-chefe-do-cicv-comemora-20-anos-de-cooperacao-com-a-china-citando-forte-parceria\/"},"wordCount":800,"commentCount":0,"publisher":{"@id":"https:\/\/diariodepe.com.br\/xinhua\/#organization"},"image":{"@id":"https:\/\/diariodepe.com.br\/xinhua\/2025\/06\/30\/entrevista-chefe-do-cicv-comemora-20-anos-de-cooperacao-com-a-china-citando-forte-parceria\/#primaryimage"},"thumbnailUrl":"https:\/\/diariodepe.com.br\/xinhua\/wp-content\/uploads\/sites\/3\/2025\/06\/202506278702f8e118354685aa88ab40434363d8_20250627c506c9bb358647299ab242b4b4115b28.jpeg","articleSection":["Internacional"],"inLanguage":"pt-BR","potentialAction":[{"@type":"CommentAction","name":"Comment","target":["https:\/\/diariodepe.com.br\/xinhua\/2025\/06\/30\/entrevista-chefe-do-cicv-comemora-20-anos-de-cooperacao-com-a-china-citando-forte-parceria\/#respond"]}]},{"@type":"WebPage","@id":"https:\/\/diariodepe.com.br\/xinhua\/2025\/06\/30\/entrevista-chefe-do-cicv-comemora-20-anos-de-cooperacao-com-a-china-citando-forte-parceria\/","url":"https:\/\/diariodepe.com.br\/xinhua\/2025\/06\/30\/entrevista-chefe-do-cicv-comemora-20-anos-de-cooperacao-com-a-china-citando-forte-parceria\/","name":"Entrevista: Chefe do CICV comemora 20 anos de coopera\u00e7\u00e3o com a China, citando forte parceria - Xinhua - Diario de Pernambuco","isPartOf":{"@id":"https:\/\/diariodepe.com.br\/xinhua\/#website"},"primaryImageOfPage":{"@id":"https:\/\/diariodepe.com.br\/xinhua\/2025\/06\/30\/entrevista-chefe-do-cicv-comemora-20-anos-de-cooperacao-com-a-china-citando-forte-parceria\/#primaryimage"},"image":{"@id":"https:\/\/diariodepe.com.br\/xinhua\/2025\/06\/30\/entrevista-chefe-do-cicv-comemora-20-anos-de-cooperacao-com-a-china-citando-forte-parceria\/#primaryimage"},"thumbnailUrl":"https:\/\/diariodepe.com.br\/xinhua\/wp-content\/uploads\/sites\/3\/2025\/06\/202506278702f8e118354685aa88ab40434363d8_20250627c506c9bb358647299ab242b4b4115b28.jpeg","datePublished":"2025-06-30T20:10:00+00:00","breadcrumb":{"@id":"https:\/\/diariodepe.com.br\/xinhua\/2025\/06\/30\/entrevista-chefe-do-cicv-comemora-20-anos-de-cooperacao-com-a-china-citando-forte-parceria\/#breadcrumb"},"inLanguage":"pt-BR","potentialAction":[{"@type":"ReadAction","target":["https:\/\/diariodepe.com.br\/xinhua\/2025\/06\/30\/entrevista-chefe-do-cicv-comemora-20-anos-de-cooperacao-com-a-china-citando-forte-parceria\/"]}]},{"@type":"ImageObject","inLanguage":"pt-BR","@id":"https:\/\/diariodepe.com.br\/xinhua\/2025\/06\/30\/entrevista-chefe-do-cicv-comemora-20-anos-de-cooperacao-com-a-china-citando-forte-parceria\/#primaryimage","url":"https:\/\/diariodepe.com.br\/xinhua\/wp-content\/uploads\/sites\/3\/2025\/06\/202506278702f8e118354685aa88ab40434363d8_20250627c506c9bb358647299ab242b4b4115b28.jpeg","contentUrl":"https:\/\/diariodepe.com.br\/xinhua\/wp-content\/uploads\/sites\/3\/2025\/06\/202506278702f8e118354685aa88ab40434363d8_20250627c506c9bb358647299ab242b4b4115b28.jpeg","width":900,"height":600,"caption":"(231210) -- GENEVA, Dec. 10, 2023 (Xinhua) -- Mirjana Spoljaric Egger, president of the International Committee of the Red Cross (ICRC), receives an exclusive interview with Xinhua in Geneva, Switzerland, Dec. 6, 2023. TO GO WITH \"Interview: Red Cross chief applauds China's role in upholding int'l humanitarian law in Gaza\" (Xinhua\/Wang Qibing)"},{"@type":"BreadcrumbList","@id":"https:\/\/diariodepe.com.br\/xinhua\/2025\/06\/30\/entrevista-chefe-do-cicv-comemora-20-anos-de-cooperacao-com-a-china-citando-forte-parceria\/#breadcrumb","itemListElement":[{"@type":"ListItem","position":1,"name":"In\u00edcio","item":"https:\/\/diariodepe.com.br\/xinhua\/"},{"@type":"ListItem","position":2,"name":"Entrevista: Chefe do CICV comemora 20 anos de coopera\u00e7\u00e3o com a China, citando forte parceria"}]},{"@type":"WebSite","@id":"https:\/\/diariodepe.com.br\/xinhua\/#website","url":"https:\/\/diariodepe.com.br\/xinhua\/","name":"Xinhua - Diario de Pernambuco","description":"A maior ag\u00eancia de not\u00edcias da China e um dos principais canais para conhecer o pa\u00eds","publisher":{"@id":"https:\/\/diariodepe.com.br\/xinhua\/#organization"},"potentialAction":[{"@type":"SearchAction","target":{"@type":"EntryPoint","urlTemplate":"https:\/\/diariodepe.com.br\/xinhua\/?s={search_term_string}"},"query-input":{"@type":"PropertyValueSpecification","valueRequired":true,"valueName":"search_term_string"}}],"inLanguage":"pt-BR"},{"@type":"Organization","@id":"https:\/\/diariodepe.com.br\/xinhua\/#organization","name":"Xinhua - Diario de Pernambuco","url":"https:\/\/diariodepe.com.br\/xinhua\/","logo":{"@type":"ImageObject","inLanguage":"pt-BR","@id":"https:\/\/diariodepe.com.br\/xinhua\/#\/schema\/logo\/image\/","url":"https:\/\/diariodepe.com.br\/xinhua\/wp-content\/uploads\/sites\/3\/2020\/10\/cropped-logo-transparente-2.png","contentUrl":"https:\/\/diariodepe.com.br\/xinhua\/wp-content\/uploads\/sites\/3\/2020\/10\/cropped-logo-transparente-2.png","width":512,"height":164,"caption":"Xinhua - Diario de Pernambuco"},"image":{"@id":"https:\/\/diariodepe.com.br\/xinhua\/#\/schema\/logo\/image\/"}},{"@type":"Person","@id":"https:\/\/diariodepe.com.br\/xinhua\/#\/schema\/person\/0943d6fd02bdc7b49c8f495e8787a2cb","name":"Marcelo Oliveira de A. Maranhao","image":{"@type":"ImageObject","inLanguage":"pt-BR","@id":"https:\/\/secure.gravatar.com\/avatar\/f562caee940d39879c20e90eea3e4b21860c7d4c96684c23141c554824f0059c?s=96&d=mm&r=g","url":"https:\/\/secure.gravatar.com\/avatar\/f562caee940d39879c20e90eea3e4b21860c7d4c96684c23141c554824f0059c?s=96&d=mm&r=g","contentUrl":"https:\/\/secure.gravatar.com\/avatar\/f562caee940d39879c20e90eea3e4b21860c7d4c96684c23141c554824f0059c?s=96&d=mm&r=g","caption":"Marcelo Oliveira de A. Maranhao"},"url":"https:\/\/diariodepe.com.br\/xinhua\/author\/marcelo-maranhao\/"}]}},"cc_featured_image_caption":{"caption_text":"","source_text":"","source_url":""},"amp_enabled":true,"_links":{"self":[{"href":"https:\/\/diariodepe.com.br\/xinhua\/wp-json\/wp\/v2\/posts\/26780","targetHints":{"allow":["GET"]}}],"collection":[{"href":"https:\/\/diariodepe.com.br\/xinhua\/wp-json\/wp\/v2\/posts"}],"about":[{"href":"https:\/\/diariodepe.com.br\/xinhua\/wp-json\/wp\/v2\/types\/post"}],"author":[{"embeddable":true,"href":"https:\/\/diariodepe.com.br\/xinhua\/wp-json\/wp\/v2\/users\/3"}],"replies":[{"embeddable":true,"href":"https:\/\/diariodepe.com.br\/xinhua\/wp-json\/wp\/v2\/comments?post=26780"}],"version-history":[{"count":1,"href":"https:\/\/diariodepe.com.br\/xinhua\/wp-json\/wp\/v2\/posts\/26780\/revisions"}],"predecessor-version":[{"id":26782,"href":"https:\/\/diariodepe.com.br\/xinhua\/wp-json\/wp\/v2\/posts\/26780\/revisions\/26782"}],"wp:featuredmedia":[{"embeddable":true,"href":"https:\/\/diariodepe.com.br\/xinhua\/wp-json\/wp\/v2\/media\/26781"}],"wp:attachment":[{"href":"https:\/\/diariodepe.com.br\/xinhua\/wp-json\/wp\/v2\/media?parent=26780"}],"wp:term":[{"taxonomy":"category","embeddable":true,"href":"https:\/\/diariodepe.com.br\/xinhua\/wp-json\/wp\/v2\/categories?post=26780"},{"taxonomy":"post_tag","embeddable":true,"href":"https:\/\/diariodepe.com.br\/xinhua\/wp-json\/wp\/v2\/tags?post=26780"}],"curies":[{"name":"wp","href":"https:\/\/api.w.org\/{rel}","templated":true}]}}