{"id":26775,"date":"2025-06-30T15:07:00","date_gmt":"2025-06-30T18:07:00","guid":{"rendered":"https:\/\/www.diariodepe.com.br\/xinhua\/?p=26775"},"modified":"2025-06-29T09:09:02","modified_gmt":"2025-06-29T12:09:02","slug":"byd-expande-fabrica-de-onibus-e-caminhoes-eletricos-na-hungria","status":"publish","type":"post","link":"https:\/\/diariodepe.com.br\/xinhua\/2025\/06\/30\/byd-expande-fabrica-de-onibus-e-caminhoes-eletricos-na-hungria\/","title":{"rendered":"BYD expande f\u00e1brica de \u00f4nibus e caminh\u00f5es el\u00e9tricos na Hungria"},"content":{"rendered":"\n<p>Komarom, Hungria \u2014 A fabricante chinesa de ve\u00edculos de nova energia (NEV), BYD, lan\u00e7ou na sexta-feira o pilar para a expans\u00e3o de sua f\u00e1brica de \u00f4nibus e caminh\u00f5es el\u00e9tricos em Komarom, norte da Hungria, um passo significativo na estrat\u00e9gia de crescimento europeu da empresa.<\/p>\n\n\n\n<p>O investimento inclui o desenvolvimento de uma nova unidade de produ\u00e7\u00e3o de 29.000 metros quadrados, que dever\u00e1 gerar mais de 600 novos empregos na regi\u00e3o.<\/p>\n\n\n\n<p>Quando for conclu\u00edda, a f\u00e1brica de \u00faltima gera\u00e7\u00e3o triplicar\u00e1 sua capacidade de produ\u00e7\u00e3o atual, permitindo a fabrica\u00e7\u00e3o anual de mais de 1.000 \u00f4nibus e caminh\u00f5es el\u00e9tricos. Essa expans\u00e3o visa atender \u00e0 crescente demanda por solu\u00e7\u00f5es de transporte com emiss\u00e3o zero em toda a Europa.<\/p>\n\n\n\n<p>Discursando na cerim\u00f4nia, o ministro das Rela\u00e7\u00f5es Exteriores e Com\u00e9rcio da Hungria, Peter Szijjarto, destacou a import\u00e2ncia estrat\u00e9gica do investimento. Ele descreveu a BYD como &#8220;uma empresa em expans\u00e3o din\u00e2mica&#8221; e disse que &#8220;a Hungria embarcou em um trem expresso que muitos na Europa ainda querem pegar&#8221;.<\/p>\n\n\n\n<p>A nova instala\u00e7\u00e3o tamb\u00e9m contar\u00e1 com um laborat\u00f3rio de testes dedicado \u00e0 pesquisa e desenvolvimento, fortalecendo ainda mais o papel da Hungria no setor de fabrica\u00e7\u00e3o de ve\u00edculos el\u00e9tricos da regi\u00e3o.<\/p>\n\n\n\n<p>Al\u00e9m do projeto Komarom, a empresa est\u00e1 construindo sua primeira f\u00e1brica europeia de autom\u00f3veis de passageiros em Szeged, no sul da Hungria, e planeja estabelecer sua sede europeia e seu centro de P&amp;D em Budapeste.<\/p>\n\n\n\n<p>A secret\u00e1ria de Estado e parlamentar Judit Bertalan Czunyine elogiou a transforma\u00e7\u00e3o de Komarom na \u00faltima d\u00e9cada, observando melhorias significativas no emprego e na infraestrutura. Ela descreveu a cidade como &#8220;uma das pequenas cidades industriais mais importantes da Hungria e at\u00e9 mesmo da Europa&#8221;.<\/p>\n\n\n\n<p>O embaixador chin\u00eas na Hungria, Gong Tao, elogiou o projeto como s\u00edmbolo do fortalecimento da coopera\u00e7\u00e3o bilateral.<\/p>\n\n\n\n<p>&#8220;O investimento das empresas chinesas na Hungria continuou acelerando, injetando forte impulso ao crescimento econ\u00f4mico, \u00e0 inova\u00e7\u00e3o tecnol\u00f3gica e ao desenvolvimento de empregos na Hungria&#8221;, afirmou ele.<\/p>\n\n\n\n<p>Zhang Daochun, diretor-administrativo do Centro de Neg\u00f3cios de Ve\u00edculos Comerciais da BYD Europa, compartilhou esses sentimentos. &#8220;Esta expans\u00e3o n\u00e3o \u00e9 apenas sobre aumentar a produ\u00e7\u00e3o, mas tamb\u00e9m sobre construir juntos um futuro mais verde e inteligente&#8221;, afirmou ele.<\/p>\n\n\n\n<p>Com seus \u00f4nibus el\u00e9tricos j\u00e1 percorrendo mais de 590 milh\u00f5es de km pela Europa e contribuindo para a redu\u00e7\u00e3o de mais de 630.000 toneladas de emiss\u00f5es de di\u00f3xido de carbono, a BYD se consolidou como uma for\u00e7a l\u00edder no setor de mobilidade el\u00e9trica da regi\u00e3o.<\/p>\n\n\n\n<figure class=\"wp-block-image\"><img decoding=\"async\" src=\"https:\/\/portuguese.news.cn\/20250629\/5bec5e07e8c94e07a369a7619864c0a3\/202506295bec5e07e8c94e07a369a7619864c0a3_20250629d4be6d90b6e24f97a481fa9d926c3b4e.jpeg\" alt=\"\"\/><\/figure>\n\n\n\n<p>Foto tirada em 27 de junho de 2025 mostra cerim\u00f4nia de lan\u00e7amento do pilar para a expans\u00e3o da f\u00e1brica da BYD em Komarom, no norte da Hungria. A fabricante chinesa de ve\u00edculos de nova energia (NEV), BYD, lan\u00e7ou na sexta-feira o pilar para a expans\u00e3o de sua f\u00e1brica de \u00f4nibus e caminh\u00f5es el\u00e9tricos em Komarom, norte da Hungria, um passo significativo na estrat\u00e9gia de crescimento europeu da empresa. O investimento inclui o desenvolvimento de uma nova unidade de produ\u00e7\u00e3o de 29.000 metros quadrados, que dever\u00e1 gerar mais de 600 novos empregos na regi\u00e3o. (Foto por David Balogh\/Xinhua)<\/p>\n","protected":false},"excerpt":{"rendered":"<p>Komarom, Hungria \u2014 A fabricante chinesa de ve\u00edculos de nova energia (NEV), BYD, lan\u00e7ou na sexta-feira o pilar para a expans\u00e3o de sua f\u00e1brica de \u00f4nibus e caminh\u00f5es el\u00e9tricos em Komarom, norte da Hungria, um passo significativo na estrat\u00e9gia de&#8230;<\/p>\n","protected":false},"author":3,"featured_media":26776,"comment_status":"open","ping_status":"open","sticky":false,"template":"","format":"standard","meta":{"footnotes":""},"categories":[1],"tags":[],"class_list":["post-26775","post","type-post","status-publish","format-standard","has-post-thumbnail","hentry","category-geral"],"yoast_head":"<!-- This site is optimized with the Yoast SEO plugin v27.4 - https:\/\/yoast.com\/product\/yoast-seo-wordpress\/ -->\n<title>BYD expande f\u00e1brica de \u00f4nibus e caminh\u00f5es el\u00e9tricos na Hungria - Xinhua - Diario de Pernambuco<\/title>\n<meta name=\"robots\" content=\"index, follow, max-snippet:-1, max-image-preview:large, max-video-preview:-1\" \/>\n<link rel=\"canonical\" href=\"https:\/\/diariodepe.com.br\/xinhua\/2025\/06\/30\/byd-expande-fabrica-de-onibus-e-caminhoes-eletricos-na-hungria\/\" \/>\n<meta property=\"og:locale\" content=\"pt_BR\" \/>\n<meta property=\"og:type\" content=\"article\" \/>\n<meta property=\"og:title\" content=\"BYD expande f\u00e1brica de \u00f4nibus e caminh\u00f5es el\u00e9tricos na Hungria - Xinhua - Diario de Pernambuco\" \/>\n<meta property=\"og:description\" content=\"Komarom, Hungria \u2014 A fabricante chinesa de ve\u00edculos de nova energia (NEV), BYD, lan\u00e7ou na sexta-feira o pilar para a expans\u00e3o de sua f\u00e1brica de \u00f4nibus e caminh\u00f5es el\u00e9tricos em Komarom, norte da Hungria, um passo significativo na estrat\u00e9gia de...\" \/>\n<meta property=\"og:url\" content=\"https:\/\/diariodepe.com.br\/xinhua\/2025\/06\/30\/byd-expande-fabrica-de-onibus-e-caminhoes-eletricos-na-hungria\/\" \/>\n<meta property=\"og:site_name\" content=\"Xinhua - Diario de Pernambuco\" \/>\n<meta property=\"article:published_time\" content=\"2025-06-30T18:07:00+00:00\" \/>\n<meta property=\"og:image\" content=\"https:\/\/diariodepe.com.br\/xinhua\/wp-content\/uploads\/sites\/3\/2025\/06\/202506295bec5e07e8c94e07a369a7619864c0a3_202506292846ca36488a4a3b8f32604a008dd244.png\" \/>\n\t<meta property=\"og:image:width\" content=\"1020\" \/>\n\t<meta property=\"og:image:height\" content=\"680\" \/>\n\t<meta property=\"og:image:type\" content=\"image\/png\" \/>\n<meta name=\"author\" content=\"Marcelo Oliveira de A. Maranhao\" \/>\n<meta name=\"twitter:card\" content=\"summary_large_image\" \/>\n<meta name=\"twitter:label1\" content=\"Escrito por\" \/>\n\t<meta name=\"twitter:data1\" content=\"Marcelo Oliveira de A. Maranhao\" \/>\n\t<meta name=\"twitter:label2\" content=\"Est. tempo de leitura\" \/>\n\t<meta name=\"twitter:data2\" content=\"3 minutos\" \/>\n<script type=\"application\/ld+json\" class=\"yoast-schema-graph\">{\"@context\":\"https:\\\/\\\/schema.org\",\"@graph\":[{\"@type\":\"Article\",\"@id\":\"https:\\\/\\\/diariodepe.com.br\\\/xinhua\\\/2025\\\/06\\\/30\\\/byd-expande-fabrica-de-onibus-e-caminhoes-eletricos-na-hungria\\\/#article\",\"isPartOf\":{\"@id\":\"https:\\\/\\\/diariodepe.com.br\\\/xinhua\\\/2025\\\/06\\\/30\\\/byd-expande-fabrica-de-onibus-e-caminhoes-eletricos-na-hungria\\\/\"},\"author\":{\"name\":\"Marcelo Oliveira de A. Maranhao\",\"@id\":\"https:\\\/\\\/diariodepe.com.br\\\/xinhua\\\/#\\\/schema\\\/person\\\/0943d6fd02bdc7b49c8f495e8787a2cb\"},\"headline\":\"BYD expande f\u00e1brica de \u00f4nibus e caminh\u00f5es el\u00e9tricos na Hungria\",\"datePublished\":\"2025-06-30T18:07:00+00:00\",\"mainEntityOfPage\":{\"@id\":\"https:\\\/\\\/diariodepe.com.br\\\/xinhua\\\/2025\\\/06\\\/30\\\/byd-expande-fabrica-de-onibus-e-caminhoes-eletricos-na-hungria\\\/\"},\"wordCount\":569,\"commentCount\":0,\"publisher\":{\"@id\":\"https:\\\/\\\/diariodepe.com.br\\\/xinhua\\\/#organization\"},\"image\":{\"@id\":\"https:\\\/\\\/diariodepe.com.br\\\/xinhua\\\/2025\\\/06\\\/30\\\/byd-expande-fabrica-de-onibus-e-caminhoes-eletricos-na-hungria\\\/#primaryimage\"},\"thumbnailUrl\":\"https:\\\/\\\/diariodepe.com.br\\\/xinhua\\\/wp-content\\\/uploads\\\/sites\\\/3\\\/2025\\\/06\\\/202506295bec5e07e8c94e07a369a7619864c0a3_202506292846ca36488a4a3b8f32604a008dd244.png\",\"articleSection\":[\"Geral\"],\"inLanguage\":\"pt-BR\",\"potentialAction\":[{\"@type\":\"CommentAction\",\"name\":\"Comment\",\"target\":[\"https:\\\/\\\/diariodepe.com.br\\\/xinhua\\\/2025\\\/06\\\/30\\\/byd-expande-fabrica-de-onibus-e-caminhoes-eletricos-na-hungria\\\/#respond\"]}]},{\"@type\":\"WebPage\",\"@id\":\"https:\\\/\\\/diariodepe.com.br\\\/xinhua\\\/2025\\\/06\\\/30\\\/byd-expande-fabrica-de-onibus-e-caminhoes-eletricos-na-hungria\\\/\",\"url\":\"https:\\\/\\\/diariodepe.com.br\\\/xinhua\\\/2025\\\/06\\\/30\\\/byd-expande-fabrica-de-onibus-e-caminhoes-eletricos-na-hungria\\\/\",\"name\":\"BYD expande f\u00e1brica de \u00f4nibus e caminh\u00f5es el\u00e9tricos na Hungria - Xinhua - Diario de Pernambuco\",\"isPartOf\":{\"@id\":\"https:\\\/\\\/diariodepe.com.br\\\/xinhua\\\/#website\"},\"primaryImageOfPage\":{\"@id\":\"https:\\\/\\\/diariodepe.com.br\\\/xinhua\\\/2025\\\/06\\\/30\\\/byd-expande-fabrica-de-onibus-e-caminhoes-eletricos-na-hungria\\\/#primaryimage\"},\"image\":{\"@id\":\"https:\\\/\\\/diariodepe.com.br\\\/xinhua\\\/2025\\\/06\\\/30\\\/byd-expande-fabrica-de-onibus-e-caminhoes-eletricos-na-hungria\\\/#primaryimage\"},\"thumbnailUrl\":\"https:\\\/\\\/diariodepe.com.br\\\/xinhua\\\/wp-content\\\/uploads\\\/sites\\\/3\\\/2025\\\/06\\\/202506295bec5e07e8c94e07a369a7619864c0a3_202506292846ca36488a4a3b8f32604a008dd244.png\",\"datePublished\":\"2025-06-30T18:07:00+00:00\",\"breadcrumb\":{\"@id\":\"https:\\\/\\\/diariodepe.com.br\\\/xinhua\\\/2025\\\/06\\\/30\\\/byd-expande-fabrica-de-onibus-e-caminhoes-eletricos-na-hungria\\\/#breadcrumb\"},\"inLanguage\":\"pt-BR\",\"potentialAction\":[{\"@type\":\"ReadAction\",\"target\":[\"https:\\\/\\\/diariodepe.com.br\\\/xinhua\\\/2025\\\/06\\\/30\\\/byd-expande-fabrica-de-onibus-e-caminhoes-eletricos-na-hungria\\\/\"]}]},{\"@type\":\"ImageObject\",\"inLanguage\":\"pt-BR\",\"@id\":\"https:\\\/\\\/diariodepe.com.br\\\/xinhua\\\/2025\\\/06\\\/30\\\/byd-expande-fabrica-de-onibus-e-caminhoes-eletricos-na-hungria\\\/#primaryimage\",\"url\":\"https:\\\/\\\/diariodepe.com.br\\\/xinhua\\\/wp-content\\\/uploads\\\/sites\\\/3\\\/2025\\\/06\\\/202506295bec5e07e8c94e07a369a7619864c0a3_202506292846ca36488a4a3b8f32604a008dd244.png\",\"contentUrl\":\"https:\\\/\\\/diariodepe.com.br\\\/xinhua\\\/wp-content\\\/uploads\\\/sites\\\/3\\\/2025\\\/06\\\/202506295bec5e07e8c94e07a369a7619864c0a3_202506292846ca36488a4a3b8f32604a008dd244.png\",\"width\":1020,\"height\":680},{\"@type\":\"BreadcrumbList\",\"@id\":\"https:\\\/\\\/diariodepe.com.br\\\/xinhua\\\/2025\\\/06\\\/30\\\/byd-expande-fabrica-de-onibus-e-caminhoes-eletricos-na-hungria\\\/#breadcrumb\",\"itemListElement\":[{\"@type\":\"ListItem\",\"position\":1,\"name\":\"In\u00edcio\",\"item\":\"https:\\\/\\\/diariodepe.com.br\\\/xinhua\\\/\"},{\"@type\":\"ListItem\",\"position\":2,\"name\":\"BYD expande f\u00e1brica de \u00f4nibus e caminh\u00f5es el\u00e9tricos na Hungria\"}]},{\"@type\":\"WebSite\",\"@id\":\"https:\\\/\\\/diariodepe.com.br\\\/xinhua\\\/#website\",\"url\":\"https:\\\/\\\/diariodepe.com.br\\\/xinhua\\\/\",\"name\":\"Xinhua - Diario de Pernambuco\",\"description\":\"A maior ag\u00eancia de not\u00edcias da China e um dos principais canais para conhecer o pa\u00eds\",\"publisher\":{\"@id\":\"https:\\\/\\\/diariodepe.com.br\\\/xinhua\\\/#organization\"},\"potentialAction\":[{\"@type\":\"SearchAction\",\"target\":{\"@type\":\"EntryPoint\",\"urlTemplate\":\"https:\\\/\\\/diariodepe.com.br\\\/xinhua\\\/?s={search_term_string}\"},\"query-input\":{\"@type\":\"PropertyValueSpecification\",\"valueRequired\":true,\"valueName\":\"search_term_string\"}}],\"inLanguage\":\"pt-BR\"},{\"@type\":\"Organization\",\"@id\":\"https:\\\/\\\/diariodepe.com.br\\\/xinhua\\\/#organization\",\"name\":\"Xinhua - Diario de Pernambuco\",\"url\":\"https:\\\/\\\/diariodepe.com.br\\\/xinhua\\\/\",\"logo\":{\"@type\":\"ImageObject\",\"inLanguage\":\"pt-BR\",\"@id\":\"https:\\\/\\\/diariodepe.com.br\\\/xinhua\\\/#\\\/schema\\\/logo\\\/image\\\/\",\"url\":\"https:\\\/\\\/diariodepe.com.br\\\/xinhua\\\/wp-content\\\/uploads\\\/sites\\\/3\\\/2020\\\/10\\\/cropped-logo-transparente-2.png\",\"contentUrl\":\"https:\\\/\\\/diariodepe.com.br\\\/xinhua\\\/wp-content\\\/uploads\\\/sites\\\/3\\\/2020\\\/10\\\/cropped-logo-transparente-2.png\",\"width\":512,\"height\":164,\"caption\":\"Xinhua - Diario de Pernambuco\"},\"image\":{\"@id\":\"https:\\\/\\\/diariodepe.com.br\\\/xinhua\\\/#\\\/schema\\\/logo\\\/image\\\/\"}},{\"@type\":\"Person\",\"@id\":\"https:\\\/\\\/diariodepe.com.br\\\/xinhua\\\/#\\\/schema\\\/person\\\/0943d6fd02bdc7b49c8f495e8787a2cb\",\"name\":\"Marcelo Oliveira de A. Maranhao\",\"image\":{\"@type\":\"ImageObject\",\"inLanguage\":\"pt-BR\",\"@id\":\"https:\\\/\\\/secure.gravatar.com\\\/avatar\\\/f562caee940d39879c20e90eea3e4b21860c7d4c96684c23141c554824f0059c?s=96&d=mm&r=g\",\"url\":\"https:\\\/\\\/secure.gravatar.com\\\/avatar\\\/f562caee940d39879c20e90eea3e4b21860c7d4c96684c23141c554824f0059c?s=96&d=mm&r=g\",\"contentUrl\":\"https:\\\/\\\/secure.gravatar.com\\\/avatar\\\/f562caee940d39879c20e90eea3e4b21860c7d4c96684c23141c554824f0059c?s=96&d=mm&r=g\",\"caption\":\"Marcelo Oliveira de A. Maranhao\"},\"url\":\"https:\\\/\\\/diariodepe.com.br\\\/xinhua\\\/author\\\/marcelo-maranhao\\\/\"}]}<\/script>\n<!-- \/ Yoast SEO plugin. -->","yoast_head_json":{"title":"BYD expande f\u00e1brica de \u00f4nibus e caminh\u00f5es el\u00e9tricos na Hungria - Xinhua - Diario de Pernambuco","robots":{"index":"index","follow":"follow","max-snippet":"max-snippet:-1","max-image-preview":"max-image-preview:large","max-video-preview":"max-video-preview:-1"},"canonical":"https:\/\/diariodepe.com.br\/xinhua\/2025\/06\/30\/byd-expande-fabrica-de-onibus-e-caminhoes-eletricos-na-hungria\/","og_locale":"pt_BR","og_type":"article","og_title":"BYD expande f\u00e1brica de \u00f4nibus e caminh\u00f5es el\u00e9tricos na Hungria - Xinhua - Diario de Pernambuco","og_description":"Komarom, Hungria \u2014 A fabricante chinesa de ve\u00edculos de nova energia (NEV), BYD, lan\u00e7ou na sexta-feira o pilar para a expans\u00e3o de sua f\u00e1brica de \u00f4nibus e caminh\u00f5es el\u00e9tricos em Komarom, norte da Hungria, um passo significativo na estrat\u00e9gia de...","og_url":"https:\/\/diariodepe.com.br\/xinhua\/2025\/06\/30\/byd-expande-fabrica-de-onibus-e-caminhoes-eletricos-na-hungria\/","og_site_name":"Xinhua - Diario de Pernambuco","article_published_time":"2025-06-30T18:07:00+00:00","og_image":[{"width":1020,"height":680,"url":"https:\/\/diariodepe.com.br\/xinhua\/wp-content\/uploads\/sites\/3\/2025\/06\/202506295bec5e07e8c94e07a369a7619864c0a3_202506292846ca36488a4a3b8f32604a008dd244.png","type":"image\/png"}],"author":"Marcelo Oliveira de A. Maranhao","twitter_card":"summary_large_image","twitter_misc":{"Escrito por":"Marcelo Oliveira de A. Maranhao","Est. tempo de leitura":"3 minutos"},"schema":{"@context":"https:\/\/schema.org","@graph":[{"@type":"Article","@id":"https:\/\/diariodepe.com.br\/xinhua\/2025\/06\/30\/byd-expande-fabrica-de-onibus-e-caminhoes-eletricos-na-hungria\/#article","isPartOf":{"@id":"https:\/\/diariodepe.com.br\/xinhua\/2025\/06\/30\/byd-expande-fabrica-de-onibus-e-caminhoes-eletricos-na-hungria\/"},"author":{"name":"Marcelo Oliveira de A. Maranhao","@id":"https:\/\/diariodepe.com.br\/xinhua\/#\/schema\/person\/0943d6fd02bdc7b49c8f495e8787a2cb"},"headline":"BYD expande f\u00e1brica de \u00f4nibus e caminh\u00f5es el\u00e9tricos na Hungria","datePublished":"2025-06-30T18:07:00+00:00","mainEntityOfPage":{"@id":"https:\/\/diariodepe.com.br\/xinhua\/2025\/06\/30\/byd-expande-fabrica-de-onibus-e-caminhoes-eletricos-na-hungria\/"},"wordCount":569,"commentCount":0,"publisher":{"@id":"https:\/\/diariodepe.com.br\/xinhua\/#organization"},"image":{"@id":"https:\/\/diariodepe.com.br\/xinhua\/2025\/06\/30\/byd-expande-fabrica-de-onibus-e-caminhoes-eletricos-na-hungria\/#primaryimage"},"thumbnailUrl":"https:\/\/diariodepe.com.br\/xinhua\/wp-content\/uploads\/sites\/3\/2025\/06\/202506295bec5e07e8c94e07a369a7619864c0a3_202506292846ca36488a4a3b8f32604a008dd244.png","articleSection":["Geral"],"inLanguage":"pt-BR","potentialAction":[{"@type":"CommentAction","name":"Comment","target":["https:\/\/diariodepe.com.br\/xinhua\/2025\/06\/30\/byd-expande-fabrica-de-onibus-e-caminhoes-eletricos-na-hungria\/#respond"]}]},{"@type":"WebPage","@id":"https:\/\/diariodepe.com.br\/xinhua\/2025\/06\/30\/byd-expande-fabrica-de-onibus-e-caminhoes-eletricos-na-hungria\/","url":"https:\/\/diariodepe.com.br\/xinhua\/2025\/06\/30\/byd-expande-fabrica-de-onibus-e-caminhoes-eletricos-na-hungria\/","name":"BYD expande f\u00e1brica de \u00f4nibus e caminh\u00f5es el\u00e9tricos na Hungria - Xinhua - Diario de Pernambuco","isPartOf":{"@id":"https:\/\/diariodepe.com.br\/xinhua\/#website"},"primaryImageOfPage":{"@id":"https:\/\/diariodepe.com.br\/xinhua\/2025\/06\/30\/byd-expande-fabrica-de-onibus-e-caminhoes-eletricos-na-hungria\/#primaryimage"},"image":{"@id":"https:\/\/diariodepe.com.br\/xinhua\/2025\/06\/30\/byd-expande-fabrica-de-onibus-e-caminhoes-eletricos-na-hungria\/#primaryimage"},"thumbnailUrl":"https:\/\/diariodepe.com.br\/xinhua\/wp-content\/uploads\/sites\/3\/2025\/06\/202506295bec5e07e8c94e07a369a7619864c0a3_202506292846ca36488a4a3b8f32604a008dd244.png","datePublished":"2025-06-30T18:07:00+00:00","breadcrumb":{"@id":"https:\/\/diariodepe.com.br\/xinhua\/2025\/06\/30\/byd-expande-fabrica-de-onibus-e-caminhoes-eletricos-na-hungria\/#breadcrumb"},"inLanguage":"pt-BR","potentialAction":[{"@type":"ReadAction","target":["https:\/\/diariodepe.com.br\/xinhua\/2025\/06\/30\/byd-expande-fabrica-de-onibus-e-caminhoes-eletricos-na-hungria\/"]}]},{"@type":"ImageObject","inLanguage":"pt-BR","@id":"https:\/\/diariodepe.com.br\/xinhua\/2025\/06\/30\/byd-expande-fabrica-de-onibus-e-caminhoes-eletricos-na-hungria\/#primaryimage","url":"https:\/\/diariodepe.com.br\/xinhua\/wp-content\/uploads\/sites\/3\/2025\/06\/202506295bec5e07e8c94e07a369a7619864c0a3_202506292846ca36488a4a3b8f32604a008dd244.png","contentUrl":"https:\/\/diariodepe.com.br\/xinhua\/wp-content\/uploads\/sites\/3\/2025\/06\/202506295bec5e07e8c94e07a369a7619864c0a3_202506292846ca36488a4a3b8f32604a008dd244.png","width":1020,"height":680},{"@type":"BreadcrumbList","@id":"https:\/\/diariodepe.com.br\/xinhua\/2025\/06\/30\/byd-expande-fabrica-de-onibus-e-caminhoes-eletricos-na-hungria\/#breadcrumb","itemListElement":[{"@type":"ListItem","position":1,"name":"In\u00edcio","item":"https:\/\/diariodepe.com.br\/xinhua\/"},{"@type":"ListItem","position":2,"name":"BYD expande f\u00e1brica de \u00f4nibus e caminh\u00f5es el\u00e9tricos na Hungria"}]},{"@type":"WebSite","@id":"https:\/\/diariodepe.com.br\/xinhua\/#website","url":"https:\/\/diariodepe.com.br\/xinhua\/","name":"Xinhua - Diario de Pernambuco","description":"A maior ag\u00eancia de not\u00edcias da China e um dos principais canais para conhecer o pa\u00eds","publisher":{"@id":"https:\/\/diariodepe.com.br\/xinhua\/#organization"},"potentialAction":[{"@type":"SearchAction","target":{"@type":"EntryPoint","urlTemplate":"https:\/\/diariodepe.com.br\/xinhua\/?s={search_term_string}"},"query-input":{"@type":"PropertyValueSpecification","valueRequired":true,"valueName":"search_term_string"}}],"inLanguage":"pt-BR"},{"@type":"Organization","@id":"https:\/\/diariodepe.com.br\/xinhua\/#organization","name":"Xinhua - Diario de Pernambuco","url":"https:\/\/diariodepe.com.br\/xinhua\/","logo":{"@type":"ImageObject","inLanguage":"pt-BR","@id":"https:\/\/diariodepe.com.br\/xinhua\/#\/schema\/logo\/image\/","url":"https:\/\/diariodepe.com.br\/xinhua\/wp-content\/uploads\/sites\/3\/2020\/10\/cropped-logo-transparente-2.png","contentUrl":"https:\/\/diariodepe.com.br\/xinhua\/wp-content\/uploads\/sites\/3\/2020\/10\/cropped-logo-transparente-2.png","width":512,"height":164,"caption":"Xinhua - Diario de Pernambuco"},"image":{"@id":"https:\/\/diariodepe.com.br\/xinhua\/#\/schema\/logo\/image\/"}},{"@type":"Person","@id":"https:\/\/diariodepe.com.br\/xinhua\/#\/schema\/person\/0943d6fd02bdc7b49c8f495e8787a2cb","name":"Marcelo Oliveira de A. Maranhao","image":{"@type":"ImageObject","inLanguage":"pt-BR","@id":"https:\/\/secure.gravatar.com\/avatar\/f562caee940d39879c20e90eea3e4b21860c7d4c96684c23141c554824f0059c?s=96&d=mm&r=g","url":"https:\/\/secure.gravatar.com\/avatar\/f562caee940d39879c20e90eea3e4b21860c7d4c96684c23141c554824f0059c?s=96&d=mm&r=g","contentUrl":"https:\/\/secure.gravatar.com\/avatar\/f562caee940d39879c20e90eea3e4b21860c7d4c96684c23141c554824f0059c?s=96&d=mm&r=g","caption":"Marcelo Oliveira de A. Maranhao"},"url":"https:\/\/diariodepe.com.br\/xinhua\/author\/marcelo-maranhao\/"}]}},"cc_featured_image_caption":{"caption_text":"","source_text":"","source_url":""},"amp_enabled":true,"_links":{"self":[{"href":"https:\/\/diariodepe.com.br\/xinhua\/wp-json\/wp\/v2\/posts\/26775","targetHints":{"allow":["GET"]}}],"collection":[{"href":"https:\/\/diariodepe.com.br\/xinhua\/wp-json\/wp\/v2\/posts"}],"about":[{"href":"https:\/\/diariodepe.com.br\/xinhua\/wp-json\/wp\/v2\/types\/post"}],"author":[{"embeddable":true,"href":"https:\/\/diariodepe.com.br\/xinhua\/wp-json\/wp\/v2\/users\/3"}],"replies":[{"embeddable":true,"href":"https:\/\/diariodepe.com.br\/xinhua\/wp-json\/wp\/v2\/comments?post=26775"}],"version-history":[{"count":1,"href":"https:\/\/diariodepe.com.br\/xinhua\/wp-json\/wp\/v2\/posts\/26775\/revisions"}],"predecessor-version":[{"id":26777,"href":"https:\/\/diariodepe.com.br\/xinhua\/wp-json\/wp\/v2\/posts\/26775\/revisions\/26777"}],"wp:featuredmedia":[{"embeddable":true,"href":"https:\/\/diariodepe.com.br\/xinhua\/wp-json\/wp\/v2\/media\/26776"}],"wp:attachment":[{"href":"https:\/\/diariodepe.com.br\/xinhua\/wp-json\/wp\/v2\/media?parent=26775"}],"wp:term":[{"taxonomy":"category","embeddable":true,"href":"https:\/\/diariodepe.com.br\/xinhua\/wp-json\/wp\/v2\/categories?post=26775"},{"taxonomy":"post_tag","embeddable":true,"href":"https:\/\/diariodepe.com.br\/xinhua\/wp-json\/wp\/v2\/tags?post=26775"}],"curies":[{"name":"wp","href":"https:\/\/api.w.org\/{rel}","templated":true}]}}