{"id":26740,"date":"2025-06-26T14:08:00","date_gmt":"2025-06-26T17:08:00","guid":{"rendered":"https:\/\/www.diariodepe.com.br\/xinhua\/?p=26740"},"modified":"2025-06-26T09:11:47","modified_gmt":"2025-06-26T12:11:47","slug":"premie-chines-troca-ideias-com-empresarios-no-davos-de-verao","status":"publish","type":"post","link":"https:\/\/diariodepe.com.br\/xinhua\/2025\/06\/26\/premie-chines-troca-ideias-com-empresarios-no-davos-de-verao\/","title":{"rendered":"Premi\u00ea chin\u00eas troca ideias com empres\u00e1rios no Davos de Ver\u00e3o"},"content":{"rendered":"\n<p>Tianjin &#8211; O primeiro-ministro chin\u00eas, Li Qiang, participou de um simp\u00f3sio na 16\u00aa Reuni\u00e3o Anual dos Novos Campe\u00f5es, tamb\u00e9m conhecida como Davos de Ver\u00e3o, no Munic\u00edpio de Tianjin, no norte da China, trocando ideias com empres\u00e1rios.<\/p>\n\n\n\n<p>Ap\u00f3s ouvir as observa\u00e7\u00f5es dos representantes, Li disse que o cen\u00e1rio internacional atual est\u00e1 passando por mudan\u00e7as profundas e complexas, apresentando desafios significativos para o desenvolvimento econ\u00f4mico global.<\/p>\n\n\n\n<p>O simp\u00f3sio contou com uma presen\u00e7a de cerca de 160 representantes empresariais de mais de 30 pa\u00edses e regi\u00f5es.<\/p>\n\n\n\n<p>Segundo o premi\u00ea, a economia chinesa manteve um crescimento est\u00e1vel, dependendo n\u00e3o s\u00f3 de uma base s\u00f3lida de estabilidade e melhoria, e pol\u00edticas macroecon\u00f4micas proativas e eficazes, mas tamb\u00e9m da utiliza\u00e7\u00e3o efetiva das for\u00e7as do mercado e dos recursos de empresas, incluindo as contribui\u00e7\u00f5es substanciais de empresas com capital estrangeiro.<\/p>\n\n\n\n<p>Ao mesmo tempo, a China oferece um vasto palco para o desenvolvimento de empresas com financiamento estrangeiro, destacou ele.<\/p>\n\n\n\n<p>Diante de um mundo em mudan\u00e7a e desordem, \u00e9 essencial se adaptar aos tempos de mudan\u00e7a e responder de forma proativa e eficaz a v\u00e1rios desafios e riscos, criando um ambiente prop\u00edcio para o desenvolvimento de empresas, assinalou Li.<\/p>\n\n\n\n<p>No contexto da reestrutura\u00e7\u00e3o profunda da cadeia industrial global, a qualidade e a efici\u00eancia da estrutura de fornecimento industrial s\u00e3o particularmente importantes, declarou Li, acrescentando que a China tem fortes capacidades de apoio industrial, com otimiza\u00e7\u00e3o cont\u00ednua em suas cadeias industriais e de suprimento.<\/p>\n\n\n\n<p>Ressaltando a import\u00e2ncia da velocidade de aplica\u00e7\u00e3o de novas tecnologias e da capacidade de atualiza\u00e7\u00f5es tecnol\u00f3gicas, Li observou que a China tem uma vasta base de usu\u00e1rios para diversos produtos e servi\u00e7os, facilitando a intera\u00e7\u00e3o eficiente entre a inova\u00e7\u00e3o tecnol\u00f3gica e a inova\u00e7\u00e3o industrial.<\/p>\n\n\n\n<p>H\u00e1 espa\u00e7o substancial e oportunidades significativas para empresas de todo o mundo se envolverem em coopera\u00e7\u00e3o cient\u00edfica e tecnol\u00f3gica e inova\u00e7\u00e3o colaborativa na China, enfatizou o premi\u00ea.<\/p>\n\n\n\n<p>Observando que a estabilidade do ambiente de desenvolvimento empresarial \u00e9 vital, Li disse que a economia chinesa demonstra uma estabilidade que pode resistir a choques externos e manter seu pr\u00f3prio ritmo, e a estabilidade se reflete ainda mais no compromisso inabal\u00e1vel da China com a abertura ao mundo exterior, permitindo que as empresas multinacionais obtenham maior sucesso e melhor desenvolvimento na China.<\/p>\n\n\n\n<p>Li expressou sua expectativa de que empresas de v\u00e1rios pa\u00edses forne\u00e7am mais produtos e servi\u00e7os de qualidade para o mercado chin\u00eas e reforcem a coopera\u00e7\u00e3o tecnol\u00f3gica e industrial com empresas chinesas, alinhando melhor a oferta e a demanda para benef\u00edcios m\u00fatuos e progresso compartilhado em avan\u00e7os tecnol\u00f3gicos e competitividade industrial.<\/p>\n\n\n\n<p>A China continuar\u00e1 a receber empresas estrangeiras para investir no pa\u00eds, revelou ele.<\/p>\n\n\n\n<p>Os representantes do simp\u00f3sio afirmaram que continuam confiantes nas perspectivas econ\u00f4micas, abertura e coopera\u00e7\u00e3o da China, e aumentar\u00e3o o investimento em inova\u00e7\u00e3o tecnol\u00f3gica e garantir\u00e3o o bom funcionamento das cadeias industriais e de suprimento, de modo a alcan\u00e7ar um maior desenvolvimento ao se integrar no processo de desenvolvimento de alta qualidade da China.&nbsp;<\/p>\n","protected":false},"excerpt":{"rendered":"<p>Tianjin &#8211; O primeiro-ministro chin\u00eas, Li Qiang, participou de um simp\u00f3sio na 16\u00aa Reuni\u00e3o Anual dos Novos Campe\u00f5es, tamb\u00e9m conhecida como Davos de Ver\u00e3o, no Munic\u00edpio de Tianjin, no norte da China, trocando ideias com empres\u00e1rios. Ap\u00f3s ouvir as observa\u00e7\u00f5es&#8230;<\/p>\n","protected":false},"author":3,"featured_media":26741,"comment_status":"open","ping_status":"open","sticky":false,"template":"","format":"standard","meta":{"footnotes":""},"categories":[4],"tags":[],"class_list":["post-26740","post","type-post","status-publish","format-standard","has-post-thumbnail","hentry","category-internacional"],"yoast_head":"<!-- This site is optimized with the Yoast SEO plugin v27.4 - https:\/\/yoast.com\/product\/yoast-seo-wordpress\/ -->\n<title>Premi\u00ea chin\u00eas troca ideias com empres\u00e1rios no Davos de Ver\u00e3o - Xinhua - Diario de Pernambuco<\/title>\n<meta name=\"robots\" content=\"index, follow, max-snippet:-1, max-image-preview:large, max-video-preview:-1\" \/>\n<link rel=\"canonical\" href=\"https:\/\/diariodepe.com.br\/xinhua\/2025\/06\/26\/premie-chines-troca-ideias-com-empresarios-no-davos-de-verao\/\" \/>\n<meta property=\"og:locale\" content=\"pt_BR\" \/>\n<meta property=\"og:type\" content=\"article\" \/>\n<meta property=\"og:title\" content=\"Premi\u00ea chin\u00eas troca ideias com empres\u00e1rios no Davos de Ver\u00e3o - Xinhua - Diario de Pernambuco\" \/>\n<meta property=\"og:description\" content=\"Tianjin &#8211; O primeiro-ministro chin\u00eas, Li Qiang, participou de um simp\u00f3sio na 16\u00aa Reuni\u00e3o Anual dos Novos Campe\u00f5es, tamb\u00e9m conhecida como Davos de Ver\u00e3o, no Munic\u00edpio de Tianjin, no norte da China, trocando ideias com empres\u00e1rios. Ap\u00f3s ouvir as observa\u00e7\u00f5es...\" \/>\n<meta property=\"og:url\" content=\"https:\/\/diariodepe.com.br\/xinhua\/2025\/06\/26\/premie-chines-troca-ideias-com-empresarios-no-davos-de-verao\/\" \/>\n<meta property=\"og:site_name\" content=\"Xinhua - Diario de Pernambuco\" \/>\n<meta property=\"article:published_time\" content=\"2025-06-26T17:08:00+00:00\" \/>\n<meta property=\"og:image\" content=\"https:\/\/diariodepe.com.br\/xinhua\/wp-content\/uploads\/sites\/3\/2025\/06\/fLsfoIC6uQYyLg6w.jpeg\" \/>\n\t<meta property=\"og:image:width\" content=\"999\" \/>\n\t<meta property=\"og:image:height\" content=\"723\" \/>\n\t<meta property=\"og:image:type\" content=\"image\/jpeg\" \/>\n<meta name=\"author\" content=\"Marcelo Oliveira de A. Maranhao\" \/>\n<meta name=\"twitter:card\" content=\"summary_large_image\" \/>\n<meta name=\"twitter:label1\" content=\"Escrito por\" \/>\n\t<meta name=\"twitter:data1\" content=\"Marcelo Oliveira de A. Maranhao\" \/>\n\t<meta name=\"twitter:label2\" content=\"Est. tempo de leitura\" \/>\n\t<meta name=\"twitter:data2\" content=\"3 minutos\" \/>\n<script type=\"application\/ld+json\" class=\"yoast-schema-graph\">{\"@context\":\"https:\\\/\\\/schema.org\",\"@graph\":[{\"@type\":\"Article\",\"@id\":\"https:\\\/\\\/diariodepe.com.br\\\/xinhua\\\/2025\\\/06\\\/26\\\/premie-chines-troca-ideias-com-empresarios-no-davos-de-verao\\\/#article\",\"isPartOf\":{\"@id\":\"https:\\\/\\\/diariodepe.com.br\\\/xinhua\\\/2025\\\/06\\\/26\\\/premie-chines-troca-ideias-com-empresarios-no-davos-de-verao\\\/\"},\"author\":{\"name\":\"Marcelo Oliveira de A. Maranhao\",\"@id\":\"https:\\\/\\\/diariodepe.com.br\\\/xinhua\\\/#\\\/schema\\\/person\\\/0943d6fd02bdc7b49c8f495e8787a2cb\"},\"headline\":\"Premi\u00ea chin\u00eas troca ideias com empres\u00e1rios no Davos de Ver\u00e3o\",\"datePublished\":\"2025-06-26T17:08:00+00:00\",\"mainEntityOfPage\":{\"@id\":\"https:\\\/\\\/diariodepe.com.br\\\/xinhua\\\/2025\\\/06\\\/26\\\/premie-chines-troca-ideias-com-empresarios-no-davos-de-verao\\\/\"},\"wordCount\":565,\"commentCount\":0,\"publisher\":{\"@id\":\"https:\\\/\\\/diariodepe.com.br\\\/xinhua\\\/#organization\"},\"image\":{\"@id\":\"https:\\\/\\\/diariodepe.com.br\\\/xinhua\\\/2025\\\/06\\\/26\\\/premie-chines-troca-ideias-com-empresarios-no-davos-de-verao\\\/#primaryimage\"},\"thumbnailUrl\":\"https:\\\/\\\/diariodepe.com.br\\\/xinhua\\\/wp-content\\\/uploads\\\/sites\\\/3\\\/2025\\\/06\\\/fLsfoIC6uQYyLg6w.jpeg\",\"articleSection\":[\"Internacional\"],\"inLanguage\":\"pt-BR\",\"potentialAction\":[{\"@type\":\"CommentAction\",\"name\":\"Comment\",\"target\":[\"https:\\\/\\\/diariodepe.com.br\\\/xinhua\\\/2025\\\/06\\\/26\\\/premie-chines-troca-ideias-com-empresarios-no-davos-de-verao\\\/#respond\"]}]},{\"@type\":\"WebPage\",\"@id\":\"https:\\\/\\\/diariodepe.com.br\\\/xinhua\\\/2025\\\/06\\\/26\\\/premie-chines-troca-ideias-com-empresarios-no-davos-de-verao\\\/\",\"url\":\"https:\\\/\\\/diariodepe.com.br\\\/xinhua\\\/2025\\\/06\\\/26\\\/premie-chines-troca-ideias-com-empresarios-no-davos-de-verao\\\/\",\"name\":\"Premi\u00ea chin\u00eas troca ideias com empres\u00e1rios no Davos de Ver\u00e3o - Xinhua - Diario de Pernambuco\",\"isPartOf\":{\"@id\":\"https:\\\/\\\/diariodepe.com.br\\\/xinhua\\\/#website\"},\"primaryImageOfPage\":{\"@id\":\"https:\\\/\\\/diariodepe.com.br\\\/xinhua\\\/2025\\\/06\\\/26\\\/premie-chines-troca-ideias-com-empresarios-no-davos-de-verao\\\/#primaryimage\"},\"image\":{\"@id\":\"https:\\\/\\\/diariodepe.com.br\\\/xinhua\\\/2025\\\/06\\\/26\\\/premie-chines-troca-ideias-com-empresarios-no-davos-de-verao\\\/#primaryimage\"},\"thumbnailUrl\":\"https:\\\/\\\/diariodepe.com.br\\\/xinhua\\\/wp-content\\\/uploads\\\/sites\\\/3\\\/2025\\\/06\\\/fLsfoIC6uQYyLg6w.jpeg\",\"datePublished\":\"2025-06-26T17:08:00+00:00\",\"breadcrumb\":{\"@id\":\"https:\\\/\\\/diariodepe.com.br\\\/xinhua\\\/2025\\\/06\\\/26\\\/premie-chines-troca-ideias-com-empresarios-no-davos-de-verao\\\/#breadcrumb\"},\"inLanguage\":\"pt-BR\",\"potentialAction\":[{\"@type\":\"ReadAction\",\"target\":[\"https:\\\/\\\/diariodepe.com.br\\\/xinhua\\\/2025\\\/06\\\/26\\\/premie-chines-troca-ideias-com-empresarios-no-davos-de-verao\\\/\"]}]},{\"@type\":\"ImageObject\",\"inLanguage\":\"pt-BR\",\"@id\":\"https:\\\/\\\/diariodepe.com.br\\\/xinhua\\\/2025\\\/06\\\/26\\\/premie-chines-troca-ideias-com-empresarios-no-davos-de-verao\\\/#primaryimage\",\"url\":\"https:\\\/\\\/diariodepe.com.br\\\/xinhua\\\/wp-content\\\/uploads\\\/sites\\\/3\\\/2025\\\/06\\\/fLsfoIC6uQYyLg6w.jpeg\",\"contentUrl\":\"https:\\\/\\\/diariodepe.com.br\\\/xinhua\\\/wp-content\\\/uploads\\\/sites\\\/3\\\/2025\\\/06\\\/fLsfoIC6uQYyLg6w.jpeg\",\"width\":999,\"height\":723},{\"@type\":\"BreadcrumbList\",\"@id\":\"https:\\\/\\\/diariodepe.com.br\\\/xinhua\\\/2025\\\/06\\\/26\\\/premie-chines-troca-ideias-com-empresarios-no-davos-de-verao\\\/#breadcrumb\",\"itemListElement\":[{\"@type\":\"ListItem\",\"position\":1,\"name\":\"In\u00edcio\",\"item\":\"https:\\\/\\\/diariodepe.com.br\\\/xinhua\\\/\"},{\"@type\":\"ListItem\",\"position\":2,\"name\":\"Premi\u00ea chin\u00eas troca ideias com empres\u00e1rios no Davos de Ver\u00e3o\"}]},{\"@type\":\"WebSite\",\"@id\":\"https:\\\/\\\/diariodepe.com.br\\\/xinhua\\\/#website\",\"url\":\"https:\\\/\\\/diariodepe.com.br\\\/xinhua\\\/\",\"name\":\"Xinhua - Diario de Pernambuco\",\"description\":\"A maior ag\u00eancia de not\u00edcias da China e um dos principais canais para conhecer o pa\u00eds\",\"publisher\":{\"@id\":\"https:\\\/\\\/diariodepe.com.br\\\/xinhua\\\/#organization\"},\"potentialAction\":[{\"@type\":\"SearchAction\",\"target\":{\"@type\":\"EntryPoint\",\"urlTemplate\":\"https:\\\/\\\/diariodepe.com.br\\\/xinhua\\\/?s={search_term_string}\"},\"query-input\":{\"@type\":\"PropertyValueSpecification\",\"valueRequired\":true,\"valueName\":\"search_term_string\"}}],\"inLanguage\":\"pt-BR\"},{\"@type\":\"Organization\",\"@id\":\"https:\\\/\\\/diariodepe.com.br\\\/xinhua\\\/#organization\",\"name\":\"Xinhua - Diario de Pernambuco\",\"url\":\"https:\\\/\\\/diariodepe.com.br\\\/xinhua\\\/\",\"logo\":{\"@type\":\"ImageObject\",\"inLanguage\":\"pt-BR\",\"@id\":\"https:\\\/\\\/diariodepe.com.br\\\/xinhua\\\/#\\\/schema\\\/logo\\\/image\\\/\",\"url\":\"https:\\\/\\\/diariodepe.com.br\\\/xinhua\\\/wp-content\\\/uploads\\\/sites\\\/3\\\/2020\\\/10\\\/cropped-logo-transparente-2.png\",\"contentUrl\":\"https:\\\/\\\/diariodepe.com.br\\\/xinhua\\\/wp-content\\\/uploads\\\/sites\\\/3\\\/2020\\\/10\\\/cropped-logo-transparente-2.png\",\"width\":512,\"height\":164,\"caption\":\"Xinhua - Diario de Pernambuco\"},\"image\":{\"@id\":\"https:\\\/\\\/diariodepe.com.br\\\/xinhua\\\/#\\\/schema\\\/logo\\\/image\\\/\"}},{\"@type\":\"Person\",\"@id\":\"https:\\\/\\\/diariodepe.com.br\\\/xinhua\\\/#\\\/schema\\\/person\\\/0943d6fd02bdc7b49c8f495e8787a2cb\",\"name\":\"Marcelo Oliveira de A. Maranhao\",\"image\":{\"@type\":\"ImageObject\",\"inLanguage\":\"pt-BR\",\"@id\":\"https:\\\/\\\/secure.gravatar.com\\\/avatar\\\/f562caee940d39879c20e90eea3e4b21860c7d4c96684c23141c554824f0059c?s=96&d=mm&r=g\",\"url\":\"https:\\\/\\\/secure.gravatar.com\\\/avatar\\\/f562caee940d39879c20e90eea3e4b21860c7d4c96684c23141c554824f0059c?s=96&d=mm&r=g\",\"contentUrl\":\"https:\\\/\\\/secure.gravatar.com\\\/avatar\\\/f562caee940d39879c20e90eea3e4b21860c7d4c96684c23141c554824f0059c?s=96&d=mm&r=g\",\"caption\":\"Marcelo Oliveira de A. Maranhao\"},\"url\":\"https:\\\/\\\/diariodepe.com.br\\\/xinhua\\\/author\\\/marcelo-maranhao\\\/\"}]}<\/script>\n<!-- \/ Yoast SEO plugin. -->","yoast_head_json":{"title":"Premi\u00ea chin\u00eas troca ideias com empres\u00e1rios no Davos de Ver\u00e3o - Xinhua - Diario de Pernambuco","robots":{"index":"index","follow":"follow","max-snippet":"max-snippet:-1","max-image-preview":"max-image-preview:large","max-video-preview":"max-video-preview:-1"},"canonical":"https:\/\/diariodepe.com.br\/xinhua\/2025\/06\/26\/premie-chines-troca-ideias-com-empresarios-no-davos-de-verao\/","og_locale":"pt_BR","og_type":"article","og_title":"Premi\u00ea chin\u00eas troca ideias com empres\u00e1rios no Davos de Ver\u00e3o - Xinhua - Diario de Pernambuco","og_description":"Tianjin &#8211; O primeiro-ministro chin\u00eas, Li Qiang, participou de um simp\u00f3sio na 16\u00aa Reuni\u00e3o Anual dos Novos Campe\u00f5es, tamb\u00e9m conhecida como Davos de Ver\u00e3o, no Munic\u00edpio de Tianjin, no norte da China, trocando ideias com empres\u00e1rios. Ap\u00f3s ouvir as observa\u00e7\u00f5es...","og_url":"https:\/\/diariodepe.com.br\/xinhua\/2025\/06\/26\/premie-chines-troca-ideias-com-empresarios-no-davos-de-verao\/","og_site_name":"Xinhua - Diario de Pernambuco","article_published_time":"2025-06-26T17:08:00+00:00","og_image":[{"width":999,"height":723,"url":"https:\/\/diariodepe.com.br\/xinhua\/wp-content\/uploads\/sites\/3\/2025\/06\/fLsfoIC6uQYyLg6w.jpeg","type":"image\/jpeg"}],"author":"Marcelo Oliveira de A. Maranhao","twitter_card":"summary_large_image","twitter_misc":{"Escrito por":"Marcelo Oliveira de A. Maranhao","Est. tempo de leitura":"3 minutos"},"schema":{"@context":"https:\/\/schema.org","@graph":[{"@type":"Article","@id":"https:\/\/diariodepe.com.br\/xinhua\/2025\/06\/26\/premie-chines-troca-ideias-com-empresarios-no-davos-de-verao\/#article","isPartOf":{"@id":"https:\/\/diariodepe.com.br\/xinhua\/2025\/06\/26\/premie-chines-troca-ideias-com-empresarios-no-davos-de-verao\/"},"author":{"name":"Marcelo Oliveira de A. Maranhao","@id":"https:\/\/diariodepe.com.br\/xinhua\/#\/schema\/person\/0943d6fd02bdc7b49c8f495e8787a2cb"},"headline":"Premi\u00ea chin\u00eas troca ideias com empres\u00e1rios no Davos de Ver\u00e3o","datePublished":"2025-06-26T17:08:00+00:00","mainEntityOfPage":{"@id":"https:\/\/diariodepe.com.br\/xinhua\/2025\/06\/26\/premie-chines-troca-ideias-com-empresarios-no-davos-de-verao\/"},"wordCount":565,"commentCount":0,"publisher":{"@id":"https:\/\/diariodepe.com.br\/xinhua\/#organization"},"image":{"@id":"https:\/\/diariodepe.com.br\/xinhua\/2025\/06\/26\/premie-chines-troca-ideias-com-empresarios-no-davos-de-verao\/#primaryimage"},"thumbnailUrl":"https:\/\/diariodepe.com.br\/xinhua\/wp-content\/uploads\/sites\/3\/2025\/06\/fLsfoIC6uQYyLg6w.jpeg","articleSection":["Internacional"],"inLanguage":"pt-BR","potentialAction":[{"@type":"CommentAction","name":"Comment","target":["https:\/\/diariodepe.com.br\/xinhua\/2025\/06\/26\/premie-chines-troca-ideias-com-empresarios-no-davos-de-verao\/#respond"]}]},{"@type":"WebPage","@id":"https:\/\/diariodepe.com.br\/xinhua\/2025\/06\/26\/premie-chines-troca-ideias-com-empresarios-no-davos-de-verao\/","url":"https:\/\/diariodepe.com.br\/xinhua\/2025\/06\/26\/premie-chines-troca-ideias-com-empresarios-no-davos-de-verao\/","name":"Premi\u00ea chin\u00eas troca ideias com empres\u00e1rios no Davos de Ver\u00e3o - Xinhua - Diario de Pernambuco","isPartOf":{"@id":"https:\/\/diariodepe.com.br\/xinhua\/#website"},"primaryImageOfPage":{"@id":"https:\/\/diariodepe.com.br\/xinhua\/2025\/06\/26\/premie-chines-troca-ideias-com-empresarios-no-davos-de-verao\/#primaryimage"},"image":{"@id":"https:\/\/diariodepe.com.br\/xinhua\/2025\/06\/26\/premie-chines-troca-ideias-com-empresarios-no-davos-de-verao\/#primaryimage"},"thumbnailUrl":"https:\/\/diariodepe.com.br\/xinhua\/wp-content\/uploads\/sites\/3\/2025\/06\/fLsfoIC6uQYyLg6w.jpeg","datePublished":"2025-06-26T17:08:00+00:00","breadcrumb":{"@id":"https:\/\/diariodepe.com.br\/xinhua\/2025\/06\/26\/premie-chines-troca-ideias-com-empresarios-no-davos-de-verao\/#breadcrumb"},"inLanguage":"pt-BR","potentialAction":[{"@type":"ReadAction","target":["https:\/\/diariodepe.com.br\/xinhua\/2025\/06\/26\/premie-chines-troca-ideias-com-empresarios-no-davos-de-verao\/"]}]},{"@type":"ImageObject","inLanguage":"pt-BR","@id":"https:\/\/diariodepe.com.br\/xinhua\/2025\/06\/26\/premie-chines-troca-ideias-com-empresarios-no-davos-de-verao\/#primaryimage","url":"https:\/\/diariodepe.com.br\/xinhua\/wp-content\/uploads\/sites\/3\/2025\/06\/fLsfoIC6uQYyLg6w.jpeg","contentUrl":"https:\/\/diariodepe.com.br\/xinhua\/wp-content\/uploads\/sites\/3\/2025\/06\/fLsfoIC6uQYyLg6w.jpeg","width":999,"height":723},{"@type":"BreadcrumbList","@id":"https:\/\/diariodepe.com.br\/xinhua\/2025\/06\/26\/premie-chines-troca-ideias-com-empresarios-no-davos-de-verao\/#breadcrumb","itemListElement":[{"@type":"ListItem","position":1,"name":"In\u00edcio","item":"https:\/\/diariodepe.com.br\/xinhua\/"},{"@type":"ListItem","position":2,"name":"Premi\u00ea chin\u00eas troca ideias com empres\u00e1rios no Davos de Ver\u00e3o"}]},{"@type":"WebSite","@id":"https:\/\/diariodepe.com.br\/xinhua\/#website","url":"https:\/\/diariodepe.com.br\/xinhua\/","name":"Xinhua - Diario de Pernambuco","description":"A maior ag\u00eancia de not\u00edcias da China e um dos principais canais para conhecer o pa\u00eds","publisher":{"@id":"https:\/\/diariodepe.com.br\/xinhua\/#organization"},"potentialAction":[{"@type":"SearchAction","target":{"@type":"EntryPoint","urlTemplate":"https:\/\/diariodepe.com.br\/xinhua\/?s={search_term_string}"},"query-input":{"@type":"PropertyValueSpecification","valueRequired":true,"valueName":"search_term_string"}}],"inLanguage":"pt-BR"},{"@type":"Organization","@id":"https:\/\/diariodepe.com.br\/xinhua\/#organization","name":"Xinhua - Diario de Pernambuco","url":"https:\/\/diariodepe.com.br\/xinhua\/","logo":{"@type":"ImageObject","inLanguage":"pt-BR","@id":"https:\/\/diariodepe.com.br\/xinhua\/#\/schema\/logo\/image\/","url":"https:\/\/diariodepe.com.br\/xinhua\/wp-content\/uploads\/sites\/3\/2020\/10\/cropped-logo-transparente-2.png","contentUrl":"https:\/\/diariodepe.com.br\/xinhua\/wp-content\/uploads\/sites\/3\/2020\/10\/cropped-logo-transparente-2.png","width":512,"height":164,"caption":"Xinhua - Diario de Pernambuco"},"image":{"@id":"https:\/\/diariodepe.com.br\/xinhua\/#\/schema\/logo\/image\/"}},{"@type":"Person","@id":"https:\/\/diariodepe.com.br\/xinhua\/#\/schema\/person\/0943d6fd02bdc7b49c8f495e8787a2cb","name":"Marcelo Oliveira de A. Maranhao","image":{"@type":"ImageObject","inLanguage":"pt-BR","@id":"https:\/\/secure.gravatar.com\/avatar\/f562caee940d39879c20e90eea3e4b21860c7d4c96684c23141c554824f0059c?s=96&d=mm&r=g","url":"https:\/\/secure.gravatar.com\/avatar\/f562caee940d39879c20e90eea3e4b21860c7d4c96684c23141c554824f0059c?s=96&d=mm&r=g","contentUrl":"https:\/\/secure.gravatar.com\/avatar\/f562caee940d39879c20e90eea3e4b21860c7d4c96684c23141c554824f0059c?s=96&d=mm&r=g","caption":"Marcelo Oliveira de A. Maranhao"},"url":"https:\/\/diariodepe.com.br\/xinhua\/author\/marcelo-maranhao\/"}]}},"cc_featured_image_caption":{"caption_text":"","source_text":"","source_url":""},"amp_enabled":true,"_links":{"self":[{"href":"https:\/\/diariodepe.com.br\/xinhua\/wp-json\/wp\/v2\/posts\/26740","targetHints":{"allow":["GET"]}}],"collection":[{"href":"https:\/\/diariodepe.com.br\/xinhua\/wp-json\/wp\/v2\/posts"}],"about":[{"href":"https:\/\/diariodepe.com.br\/xinhua\/wp-json\/wp\/v2\/types\/post"}],"author":[{"embeddable":true,"href":"https:\/\/diariodepe.com.br\/xinhua\/wp-json\/wp\/v2\/users\/3"}],"replies":[{"embeddable":true,"href":"https:\/\/diariodepe.com.br\/xinhua\/wp-json\/wp\/v2\/comments?post=26740"}],"version-history":[{"count":1,"href":"https:\/\/diariodepe.com.br\/xinhua\/wp-json\/wp\/v2\/posts\/26740\/revisions"}],"predecessor-version":[{"id":26742,"href":"https:\/\/diariodepe.com.br\/xinhua\/wp-json\/wp\/v2\/posts\/26740\/revisions\/26742"}],"wp:featuredmedia":[{"embeddable":true,"href":"https:\/\/diariodepe.com.br\/xinhua\/wp-json\/wp\/v2\/media\/26741"}],"wp:attachment":[{"href":"https:\/\/diariodepe.com.br\/xinhua\/wp-json\/wp\/v2\/media?parent=26740"}],"wp:term":[{"taxonomy":"category","embeddable":true,"href":"https:\/\/diariodepe.com.br\/xinhua\/wp-json\/wp\/v2\/categories?post=26740"},{"taxonomy":"post_tag","embeddable":true,"href":"https:\/\/diariodepe.com.br\/xinhua\/wp-json\/wp\/v2\/tags?post=26740"}],"curies":[{"name":"wp","href":"https:\/\/api.w.org\/{rel}","templated":true}]}}