{"id":26737,"date":"2025-06-26T15:21:00","date_gmt":"2025-06-26T18:21:00","guid":{"rendered":"https:\/\/www.diariodepe.com.br\/xinhua\/?p=26737"},"modified":"2025-06-26T09:08:24","modified_gmt":"2025-06-26T12:08:24","slug":"ministro-das-relacoes-exteriores-da-china-reune-se-com-enviados-da-ue-e-de-seus-estados-membros","status":"publish","type":"post","link":"https:\/\/diariodepe.com.br\/xinhua\/2025\/06\/26\/ministro-das-relacoes-exteriores-da-china-reune-se-com-enviados-da-ue-e-de-seus-estados-membros\/","title":{"rendered":"Ministro das Rela\u00e7\u00f5es Exteriores da China re\u00fane-se com enviados da UE e de seus Estados-membros"},"content":{"rendered":"\n<p>Beijing &#8211; O ministro das Rela\u00e7\u00f5es Exteriores da China, Wang Yi, reuniu-se com enviados diplom\u00e1ticos da Uni\u00e3o Europeia (UE) e dos respectivos Estados-membros nesta quarta-feira, em Beijing.<\/p>\n\n\n\n<p>Wang, que tamb\u00e9m \u00e9 membro do Bir\u00f4 Pol\u00edtico do Comit\u00ea Central do Partido Comunista da China, disse que, como este ano marca o 50\u00ba anivers\u00e1rio do estabelecimento das rela\u00e7\u00f5es diplom\u00e1ticas entre a China e a UE, as duas principais for\u00e7as construtivas do mundo atual devem aumentar a confian\u00e7a m\u00fatua, lidar adequadamente com as diferen\u00e7as, unir for\u00e7as e elevar a Parceria Estrat\u00e9gica Abrangente China-UE a um novo patamar.<\/p>\n\n\n\n<p>Wang apresentou uma proposta de tr\u00eas pontos para o desenvolvimento futuro das rela\u00e7\u00f5es China-UE.<\/p>\n\n\n\n<p>Primeiro, os dois lados devem defender o respeito m\u00fatuo, especificamente respeitar sinceramente os interesses centrais e as principais preocupa\u00e7\u00f5es um do outro. Wang observou que alcan\u00e7ar a reunifica\u00e7\u00e3o nacional completa \u00e9 a aspira\u00e7\u00e3o acalentada h\u00e1 muito tempo e a miss\u00e3o hist\u00f3rica da na\u00e7\u00e3o chinesa, e que a China nunca permitir\u00e1 que a regi\u00e3o de Taiwan se separe da p\u00e1tria.<\/p>\n\n\n\n<p>A China espera que a UE continue a aderir firmemente ao princ\u00edpio de Uma S\u00f3 China e se oponha a atividades separatistas pela &#8220;independ\u00eancia de Taiwan&#8221; sob qualquer forma, enfatizou.<\/p>\n\n\n\n<p>Em segundo lugar, os dois lados devem aderir ao posicionamento estabelecido de sua parceria. Wang disse que a China e a UE s\u00e3o parceiras, n\u00e3o rivais e certamente n\u00e3o inimigas.<\/p>\n\n\n\n<p>N\u00e3o h\u00e1 disputas territoriais ou conflitos geopol\u00edticos entre a China e a UE, muito menos qualquer conflito fundamental de interesses, disse Wang, observando que a China espera trabalhar com a UE para tornar a coopera\u00e7\u00e3o a tend\u00eancia predominante nas rela\u00e7\u00f5es China-UE.<\/p>\n\n\n\n<p>Em terceiro lugar, os dois lados devem aderir ao multilateralismo. A China defende firmemente o sistema internacional com as Na\u00e7\u00f5es Unidas (ONU) em seu n\u00facleo, a ordem internacional sustentada pelo direito internacional e as normas b\u00e1sicas das rela\u00e7\u00f5es internacionais com base nos prop\u00f3sitos e princ\u00edpios da Carta das Na\u00e7\u00f5es Unidas, disse Wang, observando que a China defende consistentemente as negocia\u00e7\u00f5es de paz e rejeita o uso da for\u00e7a.<\/p>\n\n\n\n<p>As tr\u00eas iniciativas globais, a Iniciativa Cintur\u00e3o e Rota e, particularmente, a vis\u00e3o de construir uma comunidade com um futuro compartilhado para a humanidade &#8212; todas propostas pelo presidente chin\u00eas Xi Jinping &#8212; contribu\u00edram com a sabedoria e as solu\u00e7\u00f5es da China para a comunidade internacional.<\/p>\n\n\n\n<p>&#8220;A China e a UE devem seguir a tend\u00eancia dos tempos, aumentar a compreens\u00e3o, construir confian\u00e7a, alcan\u00e7ar o sucesso m\u00fatuo e iluminar o mundo&#8221;, acrescentou Wang.<\/p>\n\n\n\n<p>O chefe da delega\u00e7\u00e3o da UE na China e os enviados diplom\u00e1ticos dos Estados-membros da UE na China afirmaram que a China sempre foi um parceiro importante para a UE.<\/p>\n\n\n\n<p>A UE est\u00e1 disposta a trabalhar em conjunto com a China para o futuro, desenvolver uma rela\u00e7\u00e3o construtiva e est\u00e1vel entre a UE e a China, enfrentar os desafios globais, defender o multilateralismo e promover a paz e a seguran\u00e7a mundiais, afirmaram.&nbsp;<\/p>\n","protected":false},"excerpt":{"rendered":"<p>Beijing &#8211; O ministro das Rela\u00e7\u00f5es Exteriores da China, Wang Yi, reuniu-se com enviados diplom\u00e1ticos da Uni\u00e3o Europeia (UE) e dos respectivos Estados-membros nesta quarta-feira, em Beijing. Wang, que tamb\u00e9m \u00e9 membro do Bir\u00f4 Pol\u00edtico do Comit\u00ea Central do Partido&#8230;<\/p>\n","protected":false},"author":3,"featured_media":26738,"comment_status":"open","ping_status":"open","sticky":false,"template":"","format":"standard","meta":{"footnotes":""},"categories":[4],"tags":[],"class_list":["post-26737","post","type-post","status-publish","format-standard","has-post-thumbnail","hentry","category-internacional"],"yoast_head":"<!-- This site is optimized with the Yoast SEO plugin v27.4 - https:\/\/yoast.com\/product\/yoast-seo-wordpress\/ -->\n<title>Ministro das Rela\u00e7\u00f5es Exteriores da China re\u00fane-se com enviados da UE e de seus Estados-membros - Xinhua - Diario de Pernambuco<\/title>\n<meta name=\"robots\" content=\"index, follow, max-snippet:-1, max-image-preview:large, max-video-preview:-1\" \/>\n<link rel=\"canonical\" href=\"https:\/\/diariodepe.com.br\/xinhua\/2025\/06\/26\/ministro-das-relacoes-exteriores-da-china-reune-se-com-enviados-da-ue-e-de-seus-estados-membros\/\" \/>\n<meta property=\"og:locale\" content=\"pt_BR\" \/>\n<meta property=\"og:type\" content=\"article\" \/>\n<meta property=\"og:title\" content=\"Ministro das Rela\u00e7\u00f5es Exteriores da China re\u00fane-se com enviados da UE e de seus Estados-membros - Xinhua - Diario de Pernambuco\" \/>\n<meta property=\"og:description\" content=\"Beijing &#8211; O ministro das Rela\u00e7\u00f5es Exteriores da China, Wang Yi, reuniu-se com enviados diplom\u00e1ticos da Uni\u00e3o Europeia (UE) e dos respectivos Estados-membros nesta quarta-feira, em Beijing. Wang, que tamb\u00e9m \u00e9 membro do Bir\u00f4 Pol\u00edtico do Comit\u00ea Central do Partido...\" \/>\n<meta property=\"og:url\" content=\"https:\/\/diariodepe.com.br\/xinhua\/2025\/06\/26\/ministro-das-relacoes-exteriores-da-china-reune-se-com-enviados-da-ue-e-de-seus-estados-membros\/\" \/>\n<meta property=\"og:site_name\" content=\"Xinhua - Diario de Pernambuco\" \/>\n<meta property=\"article:published_time\" content=\"2025-06-26T18:21:00+00:00\" \/>\n<meta property=\"og:image\" content=\"https:\/\/diariodepe.com.br\/xinhua\/wp-content\/uploads\/sites\/3\/2025\/06\/QliBOL3qfnT8WFbi.jpeg\" \/>\n\t<meta property=\"og:image:width\" content=\"1024\" \/>\n\t<meta property=\"og:image:height\" content=\"699\" \/>\n\t<meta property=\"og:image:type\" content=\"image\/jpeg\" \/>\n<meta name=\"author\" content=\"Marcelo Oliveira de A. Maranhao\" \/>\n<meta name=\"twitter:card\" content=\"summary_large_image\" \/>\n<meta name=\"twitter:label1\" content=\"Escrito por\" \/>\n\t<meta name=\"twitter:data1\" content=\"Marcelo Oliveira de A. Maranhao\" \/>\n\t<meta name=\"twitter:label2\" content=\"Est. tempo de leitura\" \/>\n\t<meta name=\"twitter:data2\" content=\"3 minutos\" \/>\n<script type=\"application\/ld+json\" class=\"yoast-schema-graph\">{\"@context\":\"https:\\\/\\\/schema.org\",\"@graph\":[{\"@type\":\"Article\",\"@id\":\"https:\\\/\\\/diariodepe.com.br\\\/xinhua\\\/2025\\\/06\\\/26\\\/ministro-das-relacoes-exteriores-da-china-reune-se-com-enviados-da-ue-e-de-seus-estados-membros\\\/#article\",\"isPartOf\":{\"@id\":\"https:\\\/\\\/diariodepe.com.br\\\/xinhua\\\/2025\\\/06\\\/26\\\/ministro-das-relacoes-exteriores-da-china-reune-se-com-enviados-da-ue-e-de-seus-estados-membros\\\/\"},\"author\":{\"name\":\"Marcelo Oliveira de A. Maranhao\",\"@id\":\"https:\\\/\\\/diariodepe.com.br\\\/xinhua\\\/#\\\/schema\\\/person\\\/0943d6fd02bdc7b49c8f495e8787a2cb\"},\"headline\":\"Ministro das Rela\u00e7\u00f5es Exteriores da China re\u00fane-se com enviados da UE e de seus Estados-membros\",\"datePublished\":\"2025-06-26T18:21:00+00:00\",\"mainEntityOfPage\":{\"@id\":\"https:\\\/\\\/diariodepe.com.br\\\/xinhua\\\/2025\\\/06\\\/26\\\/ministro-das-relacoes-exteriores-da-china-reune-se-com-enviados-da-ue-e-de-seus-estados-membros\\\/\"},\"wordCount\":556,\"commentCount\":0,\"publisher\":{\"@id\":\"https:\\\/\\\/diariodepe.com.br\\\/xinhua\\\/#organization\"},\"image\":{\"@id\":\"https:\\\/\\\/diariodepe.com.br\\\/xinhua\\\/2025\\\/06\\\/26\\\/ministro-das-relacoes-exteriores-da-china-reune-se-com-enviados-da-ue-e-de-seus-estados-membros\\\/#primaryimage\"},\"thumbnailUrl\":\"https:\\\/\\\/diariodepe.com.br\\\/xinhua\\\/wp-content\\\/uploads\\\/sites\\\/3\\\/2025\\\/06\\\/QliBOL3qfnT8WFbi.jpeg\",\"articleSection\":[\"Internacional\"],\"inLanguage\":\"pt-BR\",\"potentialAction\":[{\"@type\":\"CommentAction\",\"name\":\"Comment\",\"target\":[\"https:\\\/\\\/diariodepe.com.br\\\/xinhua\\\/2025\\\/06\\\/26\\\/ministro-das-relacoes-exteriores-da-china-reune-se-com-enviados-da-ue-e-de-seus-estados-membros\\\/#respond\"]}]},{\"@type\":\"WebPage\",\"@id\":\"https:\\\/\\\/diariodepe.com.br\\\/xinhua\\\/2025\\\/06\\\/26\\\/ministro-das-relacoes-exteriores-da-china-reune-se-com-enviados-da-ue-e-de-seus-estados-membros\\\/\",\"url\":\"https:\\\/\\\/diariodepe.com.br\\\/xinhua\\\/2025\\\/06\\\/26\\\/ministro-das-relacoes-exteriores-da-china-reune-se-com-enviados-da-ue-e-de-seus-estados-membros\\\/\",\"name\":\"Ministro das Rela\u00e7\u00f5es Exteriores da China re\u00fane-se com enviados da UE e de seus Estados-membros - Xinhua - Diario de Pernambuco\",\"isPartOf\":{\"@id\":\"https:\\\/\\\/diariodepe.com.br\\\/xinhua\\\/#website\"},\"primaryImageOfPage\":{\"@id\":\"https:\\\/\\\/diariodepe.com.br\\\/xinhua\\\/2025\\\/06\\\/26\\\/ministro-das-relacoes-exteriores-da-china-reune-se-com-enviados-da-ue-e-de-seus-estados-membros\\\/#primaryimage\"},\"image\":{\"@id\":\"https:\\\/\\\/diariodepe.com.br\\\/xinhua\\\/2025\\\/06\\\/26\\\/ministro-das-relacoes-exteriores-da-china-reune-se-com-enviados-da-ue-e-de-seus-estados-membros\\\/#primaryimage\"},\"thumbnailUrl\":\"https:\\\/\\\/diariodepe.com.br\\\/xinhua\\\/wp-content\\\/uploads\\\/sites\\\/3\\\/2025\\\/06\\\/QliBOL3qfnT8WFbi.jpeg\",\"datePublished\":\"2025-06-26T18:21:00+00:00\",\"breadcrumb\":{\"@id\":\"https:\\\/\\\/diariodepe.com.br\\\/xinhua\\\/2025\\\/06\\\/26\\\/ministro-das-relacoes-exteriores-da-china-reune-se-com-enviados-da-ue-e-de-seus-estados-membros\\\/#breadcrumb\"},\"inLanguage\":\"pt-BR\",\"potentialAction\":[{\"@type\":\"ReadAction\",\"target\":[\"https:\\\/\\\/diariodepe.com.br\\\/xinhua\\\/2025\\\/06\\\/26\\\/ministro-das-relacoes-exteriores-da-china-reune-se-com-enviados-da-ue-e-de-seus-estados-membros\\\/\"]}]},{\"@type\":\"ImageObject\",\"inLanguage\":\"pt-BR\",\"@id\":\"https:\\\/\\\/diariodepe.com.br\\\/xinhua\\\/2025\\\/06\\\/26\\\/ministro-das-relacoes-exteriores-da-china-reune-se-com-enviados-da-ue-e-de-seus-estados-membros\\\/#primaryimage\",\"url\":\"https:\\\/\\\/diariodepe.com.br\\\/xinhua\\\/wp-content\\\/uploads\\\/sites\\\/3\\\/2025\\\/06\\\/QliBOL3qfnT8WFbi.jpeg\",\"contentUrl\":\"https:\\\/\\\/diariodepe.com.br\\\/xinhua\\\/wp-content\\\/uploads\\\/sites\\\/3\\\/2025\\\/06\\\/QliBOL3qfnT8WFbi.jpeg\",\"width\":1024,\"height\":699},{\"@type\":\"BreadcrumbList\",\"@id\":\"https:\\\/\\\/diariodepe.com.br\\\/xinhua\\\/2025\\\/06\\\/26\\\/ministro-das-relacoes-exteriores-da-china-reune-se-com-enviados-da-ue-e-de-seus-estados-membros\\\/#breadcrumb\",\"itemListElement\":[{\"@type\":\"ListItem\",\"position\":1,\"name\":\"In\u00edcio\",\"item\":\"https:\\\/\\\/diariodepe.com.br\\\/xinhua\\\/\"},{\"@type\":\"ListItem\",\"position\":2,\"name\":\"Ministro das Rela\u00e7\u00f5es Exteriores da China re\u00fane-se com enviados da UE e de seus Estados-membros\"}]},{\"@type\":\"WebSite\",\"@id\":\"https:\\\/\\\/diariodepe.com.br\\\/xinhua\\\/#website\",\"url\":\"https:\\\/\\\/diariodepe.com.br\\\/xinhua\\\/\",\"name\":\"Xinhua - Diario de Pernambuco\",\"description\":\"A maior ag\u00eancia de not\u00edcias da China e um dos principais canais para conhecer o pa\u00eds\",\"publisher\":{\"@id\":\"https:\\\/\\\/diariodepe.com.br\\\/xinhua\\\/#organization\"},\"potentialAction\":[{\"@type\":\"SearchAction\",\"target\":{\"@type\":\"EntryPoint\",\"urlTemplate\":\"https:\\\/\\\/diariodepe.com.br\\\/xinhua\\\/?s={search_term_string}\"},\"query-input\":{\"@type\":\"PropertyValueSpecification\",\"valueRequired\":true,\"valueName\":\"search_term_string\"}}],\"inLanguage\":\"pt-BR\"},{\"@type\":\"Organization\",\"@id\":\"https:\\\/\\\/diariodepe.com.br\\\/xinhua\\\/#organization\",\"name\":\"Xinhua - Diario de Pernambuco\",\"url\":\"https:\\\/\\\/diariodepe.com.br\\\/xinhua\\\/\",\"logo\":{\"@type\":\"ImageObject\",\"inLanguage\":\"pt-BR\",\"@id\":\"https:\\\/\\\/diariodepe.com.br\\\/xinhua\\\/#\\\/schema\\\/logo\\\/image\\\/\",\"url\":\"https:\\\/\\\/diariodepe.com.br\\\/xinhua\\\/wp-content\\\/uploads\\\/sites\\\/3\\\/2020\\\/10\\\/cropped-logo-transparente-2.png\",\"contentUrl\":\"https:\\\/\\\/diariodepe.com.br\\\/xinhua\\\/wp-content\\\/uploads\\\/sites\\\/3\\\/2020\\\/10\\\/cropped-logo-transparente-2.png\",\"width\":512,\"height\":164,\"caption\":\"Xinhua - Diario de Pernambuco\"},\"image\":{\"@id\":\"https:\\\/\\\/diariodepe.com.br\\\/xinhua\\\/#\\\/schema\\\/logo\\\/image\\\/\"}},{\"@type\":\"Person\",\"@id\":\"https:\\\/\\\/diariodepe.com.br\\\/xinhua\\\/#\\\/schema\\\/person\\\/0943d6fd02bdc7b49c8f495e8787a2cb\",\"name\":\"Marcelo Oliveira de A. Maranhao\",\"image\":{\"@type\":\"ImageObject\",\"inLanguage\":\"pt-BR\",\"@id\":\"https:\\\/\\\/secure.gravatar.com\\\/avatar\\\/f562caee940d39879c20e90eea3e4b21860c7d4c96684c23141c554824f0059c?s=96&d=mm&r=g\",\"url\":\"https:\\\/\\\/secure.gravatar.com\\\/avatar\\\/f562caee940d39879c20e90eea3e4b21860c7d4c96684c23141c554824f0059c?s=96&d=mm&r=g\",\"contentUrl\":\"https:\\\/\\\/secure.gravatar.com\\\/avatar\\\/f562caee940d39879c20e90eea3e4b21860c7d4c96684c23141c554824f0059c?s=96&d=mm&r=g\",\"caption\":\"Marcelo Oliveira de A. Maranhao\"},\"url\":\"https:\\\/\\\/diariodepe.com.br\\\/xinhua\\\/author\\\/marcelo-maranhao\\\/\"}]}<\/script>\n<!-- \/ Yoast SEO plugin. -->","yoast_head_json":{"title":"Ministro das Rela\u00e7\u00f5es Exteriores da China re\u00fane-se com enviados da UE e de seus Estados-membros - Xinhua - Diario de Pernambuco","robots":{"index":"index","follow":"follow","max-snippet":"max-snippet:-1","max-image-preview":"max-image-preview:large","max-video-preview":"max-video-preview:-1"},"canonical":"https:\/\/diariodepe.com.br\/xinhua\/2025\/06\/26\/ministro-das-relacoes-exteriores-da-china-reune-se-com-enviados-da-ue-e-de-seus-estados-membros\/","og_locale":"pt_BR","og_type":"article","og_title":"Ministro das Rela\u00e7\u00f5es Exteriores da China re\u00fane-se com enviados da UE e de seus Estados-membros - Xinhua - Diario de Pernambuco","og_description":"Beijing &#8211; O ministro das Rela\u00e7\u00f5es Exteriores da China, Wang Yi, reuniu-se com enviados diplom\u00e1ticos da Uni\u00e3o Europeia (UE) e dos respectivos Estados-membros nesta quarta-feira, em Beijing. Wang, que tamb\u00e9m \u00e9 membro do Bir\u00f4 Pol\u00edtico do Comit\u00ea Central do Partido...","og_url":"https:\/\/diariodepe.com.br\/xinhua\/2025\/06\/26\/ministro-das-relacoes-exteriores-da-china-reune-se-com-enviados-da-ue-e-de-seus-estados-membros\/","og_site_name":"Xinhua - Diario de Pernambuco","article_published_time":"2025-06-26T18:21:00+00:00","og_image":[{"width":1024,"height":699,"url":"https:\/\/diariodepe.com.br\/xinhua\/wp-content\/uploads\/sites\/3\/2025\/06\/QliBOL3qfnT8WFbi.jpeg","type":"image\/jpeg"}],"author":"Marcelo Oliveira de A. Maranhao","twitter_card":"summary_large_image","twitter_misc":{"Escrito por":"Marcelo Oliveira de A. Maranhao","Est. tempo de leitura":"3 minutos"},"schema":{"@context":"https:\/\/schema.org","@graph":[{"@type":"Article","@id":"https:\/\/diariodepe.com.br\/xinhua\/2025\/06\/26\/ministro-das-relacoes-exteriores-da-china-reune-se-com-enviados-da-ue-e-de-seus-estados-membros\/#article","isPartOf":{"@id":"https:\/\/diariodepe.com.br\/xinhua\/2025\/06\/26\/ministro-das-relacoes-exteriores-da-china-reune-se-com-enviados-da-ue-e-de-seus-estados-membros\/"},"author":{"name":"Marcelo Oliveira de A. Maranhao","@id":"https:\/\/diariodepe.com.br\/xinhua\/#\/schema\/person\/0943d6fd02bdc7b49c8f495e8787a2cb"},"headline":"Ministro das Rela\u00e7\u00f5es Exteriores da China re\u00fane-se com enviados da UE e de seus Estados-membros","datePublished":"2025-06-26T18:21:00+00:00","mainEntityOfPage":{"@id":"https:\/\/diariodepe.com.br\/xinhua\/2025\/06\/26\/ministro-das-relacoes-exteriores-da-china-reune-se-com-enviados-da-ue-e-de-seus-estados-membros\/"},"wordCount":556,"commentCount":0,"publisher":{"@id":"https:\/\/diariodepe.com.br\/xinhua\/#organization"},"image":{"@id":"https:\/\/diariodepe.com.br\/xinhua\/2025\/06\/26\/ministro-das-relacoes-exteriores-da-china-reune-se-com-enviados-da-ue-e-de-seus-estados-membros\/#primaryimage"},"thumbnailUrl":"https:\/\/diariodepe.com.br\/xinhua\/wp-content\/uploads\/sites\/3\/2025\/06\/QliBOL3qfnT8WFbi.jpeg","articleSection":["Internacional"],"inLanguage":"pt-BR","potentialAction":[{"@type":"CommentAction","name":"Comment","target":["https:\/\/diariodepe.com.br\/xinhua\/2025\/06\/26\/ministro-das-relacoes-exteriores-da-china-reune-se-com-enviados-da-ue-e-de-seus-estados-membros\/#respond"]}]},{"@type":"WebPage","@id":"https:\/\/diariodepe.com.br\/xinhua\/2025\/06\/26\/ministro-das-relacoes-exteriores-da-china-reune-se-com-enviados-da-ue-e-de-seus-estados-membros\/","url":"https:\/\/diariodepe.com.br\/xinhua\/2025\/06\/26\/ministro-das-relacoes-exteriores-da-china-reune-se-com-enviados-da-ue-e-de-seus-estados-membros\/","name":"Ministro das Rela\u00e7\u00f5es Exteriores da China re\u00fane-se com enviados da UE e de seus Estados-membros - Xinhua - Diario de Pernambuco","isPartOf":{"@id":"https:\/\/diariodepe.com.br\/xinhua\/#website"},"primaryImageOfPage":{"@id":"https:\/\/diariodepe.com.br\/xinhua\/2025\/06\/26\/ministro-das-relacoes-exteriores-da-china-reune-se-com-enviados-da-ue-e-de-seus-estados-membros\/#primaryimage"},"image":{"@id":"https:\/\/diariodepe.com.br\/xinhua\/2025\/06\/26\/ministro-das-relacoes-exteriores-da-china-reune-se-com-enviados-da-ue-e-de-seus-estados-membros\/#primaryimage"},"thumbnailUrl":"https:\/\/diariodepe.com.br\/xinhua\/wp-content\/uploads\/sites\/3\/2025\/06\/QliBOL3qfnT8WFbi.jpeg","datePublished":"2025-06-26T18:21:00+00:00","breadcrumb":{"@id":"https:\/\/diariodepe.com.br\/xinhua\/2025\/06\/26\/ministro-das-relacoes-exteriores-da-china-reune-se-com-enviados-da-ue-e-de-seus-estados-membros\/#breadcrumb"},"inLanguage":"pt-BR","potentialAction":[{"@type":"ReadAction","target":["https:\/\/diariodepe.com.br\/xinhua\/2025\/06\/26\/ministro-das-relacoes-exteriores-da-china-reune-se-com-enviados-da-ue-e-de-seus-estados-membros\/"]}]},{"@type":"ImageObject","inLanguage":"pt-BR","@id":"https:\/\/diariodepe.com.br\/xinhua\/2025\/06\/26\/ministro-das-relacoes-exteriores-da-china-reune-se-com-enviados-da-ue-e-de-seus-estados-membros\/#primaryimage","url":"https:\/\/diariodepe.com.br\/xinhua\/wp-content\/uploads\/sites\/3\/2025\/06\/QliBOL3qfnT8WFbi.jpeg","contentUrl":"https:\/\/diariodepe.com.br\/xinhua\/wp-content\/uploads\/sites\/3\/2025\/06\/QliBOL3qfnT8WFbi.jpeg","width":1024,"height":699},{"@type":"BreadcrumbList","@id":"https:\/\/diariodepe.com.br\/xinhua\/2025\/06\/26\/ministro-das-relacoes-exteriores-da-china-reune-se-com-enviados-da-ue-e-de-seus-estados-membros\/#breadcrumb","itemListElement":[{"@type":"ListItem","position":1,"name":"In\u00edcio","item":"https:\/\/diariodepe.com.br\/xinhua\/"},{"@type":"ListItem","position":2,"name":"Ministro das Rela\u00e7\u00f5es Exteriores da China re\u00fane-se com enviados da UE e de seus Estados-membros"}]},{"@type":"WebSite","@id":"https:\/\/diariodepe.com.br\/xinhua\/#website","url":"https:\/\/diariodepe.com.br\/xinhua\/","name":"Xinhua - Diario de Pernambuco","description":"A maior ag\u00eancia de not\u00edcias da China e um dos principais canais para conhecer o pa\u00eds","publisher":{"@id":"https:\/\/diariodepe.com.br\/xinhua\/#organization"},"potentialAction":[{"@type":"SearchAction","target":{"@type":"EntryPoint","urlTemplate":"https:\/\/diariodepe.com.br\/xinhua\/?s={search_term_string}"},"query-input":{"@type":"PropertyValueSpecification","valueRequired":true,"valueName":"search_term_string"}}],"inLanguage":"pt-BR"},{"@type":"Organization","@id":"https:\/\/diariodepe.com.br\/xinhua\/#organization","name":"Xinhua - Diario de Pernambuco","url":"https:\/\/diariodepe.com.br\/xinhua\/","logo":{"@type":"ImageObject","inLanguage":"pt-BR","@id":"https:\/\/diariodepe.com.br\/xinhua\/#\/schema\/logo\/image\/","url":"https:\/\/diariodepe.com.br\/xinhua\/wp-content\/uploads\/sites\/3\/2020\/10\/cropped-logo-transparente-2.png","contentUrl":"https:\/\/diariodepe.com.br\/xinhua\/wp-content\/uploads\/sites\/3\/2020\/10\/cropped-logo-transparente-2.png","width":512,"height":164,"caption":"Xinhua - Diario de Pernambuco"},"image":{"@id":"https:\/\/diariodepe.com.br\/xinhua\/#\/schema\/logo\/image\/"}},{"@type":"Person","@id":"https:\/\/diariodepe.com.br\/xinhua\/#\/schema\/person\/0943d6fd02bdc7b49c8f495e8787a2cb","name":"Marcelo Oliveira de A. Maranhao","image":{"@type":"ImageObject","inLanguage":"pt-BR","@id":"https:\/\/secure.gravatar.com\/avatar\/f562caee940d39879c20e90eea3e4b21860c7d4c96684c23141c554824f0059c?s=96&d=mm&r=g","url":"https:\/\/secure.gravatar.com\/avatar\/f562caee940d39879c20e90eea3e4b21860c7d4c96684c23141c554824f0059c?s=96&d=mm&r=g","contentUrl":"https:\/\/secure.gravatar.com\/avatar\/f562caee940d39879c20e90eea3e4b21860c7d4c96684c23141c554824f0059c?s=96&d=mm&r=g","caption":"Marcelo Oliveira de A. Maranhao"},"url":"https:\/\/diariodepe.com.br\/xinhua\/author\/marcelo-maranhao\/"}]}},"cc_featured_image_caption":{"caption_text":"","source_text":"","source_url":""},"amp_enabled":true,"_links":{"self":[{"href":"https:\/\/diariodepe.com.br\/xinhua\/wp-json\/wp\/v2\/posts\/26737","targetHints":{"allow":["GET"]}}],"collection":[{"href":"https:\/\/diariodepe.com.br\/xinhua\/wp-json\/wp\/v2\/posts"}],"about":[{"href":"https:\/\/diariodepe.com.br\/xinhua\/wp-json\/wp\/v2\/types\/post"}],"author":[{"embeddable":true,"href":"https:\/\/diariodepe.com.br\/xinhua\/wp-json\/wp\/v2\/users\/3"}],"replies":[{"embeddable":true,"href":"https:\/\/diariodepe.com.br\/xinhua\/wp-json\/wp\/v2\/comments?post=26737"}],"version-history":[{"count":1,"href":"https:\/\/diariodepe.com.br\/xinhua\/wp-json\/wp\/v2\/posts\/26737\/revisions"}],"predecessor-version":[{"id":26739,"href":"https:\/\/diariodepe.com.br\/xinhua\/wp-json\/wp\/v2\/posts\/26737\/revisions\/26739"}],"wp:featuredmedia":[{"embeddable":true,"href":"https:\/\/diariodepe.com.br\/xinhua\/wp-json\/wp\/v2\/media\/26738"}],"wp:attachment":[{"href":"https:\/\/diariodepe.com.br\/xinhua\/wp-json\/wp\/v2\/media?parent=26737"}],"wp:term":[{"taxonomy":"category","embeddable":true,"href":"https:\/\/diariodepe.com.br\/xinhua\/wp-json\/wp\/v2\/categories?post=26737"},{"taxonomy":"post_tag","embeddable":true,"href":"https:\/\/diariodepe.com.br\/xinhua\/wp-json\/wp\/v2\/tags?post=26737"}],"curies":[{"name":"wp","href":"https:\/\/api.w.org\/{rel}","templated":true}]}}