{"id":26709,"date":"2025-06-25T17:12:00","date_gmt":"2025-06-25T20:12:00","guid":{"rendered":"https:\/\/www.diariodepe.com.br\/xinhua\/?p=26709"},"modified":"2025-06-25T13:13:41","modified_gmt":"2025-06-25T16:13:41","slug":"entrevista-alto-funcionario-arabe-elogia-os-lacos-sino-arabes-e-pede-governanca-global-mais-justa","status":"publish","type":"post","link":"https:\/\/diariodepe.com.br\/xinhua\/2025\/06\/25\/entrevista-alto-funcionario-arabe-elogia-os-lacos-sino-arabes-e-pede-governanca-global-mais-justa\/","title":{"rendered":"Entrevista: Alto funcion\u00e1rio \u00e1rabe elogia os la\u00e7os sino-\u00e1rabes e pede governan\u00e7a global mais justa"},"content":{"rendered":"\n<p>Cairo &#8211; Elogiando o progresso substancial nas rela\u00e7\u00f5es entre \u00e1rabes e chineses, um alto funcion\u00e1rio \u00e1rabe defendeu a constru\u00e7\u00e3o de um sistema de governan\u00e7a econ\u00f4mica global mais equitativo e inclusivo.<\/p>\n\n\n\n<p>Os pa\u00edses \u00e1rabes e a China sempre se apoiaram mutuamente e compartilham uma posi\u00e7\u00e3o comum em quest\u00f5es globais, disse Mohammed Ahmed Al-Yamahi, presidente do Parlamento \u00c1rabe, em entrevista recente \u00e0 Xinhua.<\/p>\n\n\n\n<p>Os dois lados trabalham juntos para proteger o sistema comercial global e os interesses dos pa\u00edses em desenvolvimento, al\u00e9m de promover o desenvolvimento de um sistema de governan\u00e7a econ\u00f4mica global mais equitativo e inclusivo, afirmou ele.<\/p>\n\n\n\n<p>A autoridade tamb\u00e9m destacou o apoio m\u00fatuo entre as duas partes em quest\u00f5es relacionadas aos interesses essenciais de cada uma.<\/p>\n\n\n\n<p>A China apoia firmemente a justa causa dos pa\u00edses \u00e1rabes, especialmente a justa causa do povo palestino na restaura\u00e7\u00e3o de seus leg\u00edtimos direitos nacionais, disse Al-Yamahi.<\/p>\n\n\n\n<p>Os pa\u00edses \u00e1rabes defendem firmemente o princ\u00edpio de Uma S\u00f3 China, op\u00f5em-se resolutamente a qualquer forma de &#8220;independ\u00eancia de Taiwan&#8221; e apoiam fortemente os esfor\u00e7os do governo chin\u00eas para alcan\u00e7ar a reunifica\u00e7\u00e3o nacional, afirmou.<\/p>\n\n\n\n<p>O interc\u00e2mbio e a coopera\u00e7\u00e3o entre os pa\u00edses \u00e1rabes e a China, caracterizados pelo respeito m\u00fatuo e pela busca conjunta de resultados vantajosos para ambas as partes, t\u00eam se aprofundado continuamente em v\u00e1rios campos, incluindo pol\u00edtica, economia e cultura, observou.<\/p>\n\n\n\n<p>Ele elogiou o mecanismo de interc\u00e2mbio entre o Parlamento \u00c1rabe e a Assembleia Popular Nacional (APN) da China, afirmando que ele n\u00e3o apenas aprimora as intera\u00e7\u00f5es entre as duas partes, mas tamb\u00e9m promove o compartilhamento de experi\u00eancias em supervis\u00e3o legislativa e outras \u00e1reas cruciais.<\/p>\n\n\n\n<figure class=\"wp-block-image\"><img decoding=\"async\" src=\"https:\/\/portuguese.news.cn\/20250625\/6296637de0ef4464b0d939d8de884f8e\/202506256296637de0ef4464b0d939d8de884f8e_20250625070f93b4168641c981cf387d2e21e66a.jpeg\" alt=\"\"\/><\/figure>\n\n\n\n<p>Convidados aprendem sobre um projeto de energia limpa na sexta Expo China-Estados \u00c1rabes em Yinchuan, Regi\u00e3o Aut\u00f4noma da Etnia Hui de Ningxia, noroeste da China, em 22 de setembro de 2023. (Xinhua\/Feng Kaihua)<\/p>\n\n\n\n<p>Tal mecanismo facilitou significativamente a coordena\u00e7\u00e3o em estruturas bilaterais e multilaterais e forneceu s\u00f3lido apoio legislativo para a colabora\u00e7\u00e3o em \u00e1reas-chave como economia, cultura e ci\u00eancia, afirmou.<\/p>\n\n\n\n<p>&#8220;O Parlamento \u00c1rabe, por meio de sua coopera\u00e7\u00e3o com a APN da China, est\u00e1 promovendo ativamente pol\u00edticas que fomentam a paz e o desenvolvimento para os pa\u00edses \u00e1rabes, a China e a comunidade global&#8221;, disse o palestrante.<\/p>\n\n\n\n<p>Ele enfatizou que os pa\u00edses \u00e1rabes e a China compartilham uma posi\u00e7\u00e3o comum em quest\u00f5es globais, especialmente um compromisso conjunto com o direito internacional, apoio ao multilateralismo e oposi\u00e7\u00e3o ao hegemonismo e \u00e0 &#8220;duplicidade de crit\u00e9rios&#8221;.<\/p>\n\n\n\n<p>Al-Yamahi observou que o mundo enfrenta desafios crescentes, acrescentando que as pol\u00edticas protecionistas adotadas por alguns pa\u00edses amea\u00e7am a estabilidade do com\u00e9rcio internacional e prejudicam os interesses dos pa\u00edses em desenvolvimento.<\/p>\n\n\n\n<p>&#8220;As pol\u00edticas protecionistas dos Estados Unidos contradizem os princ\u00edpios do sistema multilateral de com\u00e9rcio, prejudicam as cadeias de suprimentos globais e minam o crescimento econ\u00f4mico inclusivo&#8221;, afirmou.<\/p>\n\n\n\n<p>Ele apelou a todos os pa\u00edses para que fortale\u00e7am a coopera\u00e7\u00e3o internacional e trabalhem para a constru\u00e7\u00e3o de um sistema de governan\u00e7a econ\u00f4mica global mais equitativo e inclusivo, a fim de melhor salvaguardar os interesses econ\u00f4micos e de desenvolvimento do vasto n\u00famero de pa\u00edses em desenvolvimento.<\/p>\n","protected":false},"excerpt":{"rendered":"<p>Cairo &#8211; Elogiando o progresso substancial nas rela\u00e7\u00f5es entre \u00e1rabes e chineses, um alto funcion\u00e1rio \u00e1rabe defendeu a constru\u00e7\u00e3o de um sistema de governan\u00e7a econ\u00f4mica global mais equitativo e inclusivo. Os pa\u00edses \u00e1rabes e a China sempre se apoiaram mutuamente&#8230;<\/p>\n","protected":false},"author":3,"featured_media":26710,"comment_status":"open","ping_status":"open","sticky":false,"template":"","format":"standard","meta":{"footnotes":""},"categories":[4],"tags":[],"class_list":["post-26709","post","type-post","status-publish","format-standard","has-post-thumbnail","hentry","category-internacional"],"yoast_head":"<!-- This site is optimized with the Yoast SEO plugin v27.4 - https:\/\/yoast.com\/product\/yoast-seo-wordpress\/ -->\n<title>Entrevista: Alto funcion\u00e1rio \u00e1rabe elogia os la\u00e7os sino-\u00e1rabes e pede governan\u00e7a global mais justa - Xinhua - Diario de Pernambuco<\/title>\n<meta name=\"robots\" content=\"index, follow, max-snippet:-1, max-image-preview:large, max-video-preview:-1\" \/>\n<link rel=\"canonical\" href=\"https:\/\/diariodepe.com.br\/xinhua\/2025\/06\/25\/entrevista-alto-funcionario-arabe-elogia-os-lacos-sino-arabes-e-pede-governanca-global-mais-justa\/\" \/>\n<meta property=\"og:locale\" content=\"pt_BR\" \/>\n<meta property=\"og:type\" content=\"article\" \/>\n<meta property=\"og:title\" content=\"Entrevista: Alto funcion\u00e1rio \u00e1rabe elogia os la\u00e7os sino-\u00e1rabes e pede governan\u00e7a global mais justa - Xinhua - Diario de Pernambuco\" \/>\n<meta property=\"og:description\" content=\"Cairo &#8211; Elogiando o progresso substancial nas rela\u00e7\u00f5es entre \u00e1rabes e chineses, um alto funcion\u00e1rio \u00e1rabe defendeu a constru\u00e7\u00e3o de um sistema de governan\u00e7a econ\u00f4mica global mais equitativo e inclusivo. Os pa\u00edses \u00e1rabes e a China sempre se apoiaram mutuamente...\" \/>\n<meta property=\"og:url\" content=\"https:\/\/diariodepe.com.br\/xinhua\/2025\/06\/25\/entrevista-alto-funcionario-arabe-elogia-os-lacos-sino-arabes-e-pede-governanca-global-mais-justa\/\" \/>\n<meta property=\"og:site_name\" content=\"Xinhua - Diario de Pernambuco\" \/>\n<meta property=\"article:published_time\" content=\"2025-06-25T20:12:00+00:00\" \/>\n<meta property=\"og:image\" content=\"https:\/\/diariodepe.com.br\/xinhua\/wp-content\/uploads\/sites\/3\/2025\/06\/202506256296637de0ef4464b0d939d8de884f8e_202506254c2ce5cfba52455088043f5b8246bdeb.jpeg\" \/>\n\t<meta property=\"og:image:width\" content=\"900\" \/>\n\t<meta property=\"og:image:height\" content=\"600\" \/>\n\t<meta property=\"og:image:type\" content=\"image\/jpeg\" \/>\n<meta name=\"author\" content=\"Marcelo Oliveira de A. Maranhao\" \/>\n<meta name=\"twitter:card\" content=\"summary_large_image\" \/>\n<meta name=\"twitter:label1\" content=\"Escrito por\" \/>\n\t<meta name=\"twitter:data1\" content=\"Marcelo Oliveira de A. Maranhao\" \/>\n\t<meta name=\"twitter:label2\" content=\"Est. tempo de leitura\" \/>\n\t<meta name=\"twitter:data2\" content=\"3 minutos\" \/>\n<script type=\"application\/ld+json\" class=\"yoast-schema-graph\">{\"@context\":\"https:\\\/\\\/schema.org\",\"@graph\":[{\"@type\":\"Article\",\"@id\":\"https:\\\/\\\/diariodepe.com.br\\\/xinhua\\\/2025\\\/06\\\/25\\\/entrevista-alto-funcionario-arabe-elogia-os-lacos-sino-arabes-e-pede-governanca-global-mais-justa\\\/#article\",\"isPartOf\":{\"@id\":\"https:\\\/\\\/diariodepe.com.br\\\/xinhua\\\/2025\\\/06\\\/25\\\/entrevista-alto-funcionario-arabe-elogia-os-lacos-sino-arabes-e-pede-governanca-global-mais-justa\\\/\"},\"author\":{\"name\":\"Marcelo Oliveira de A. Maranhao\",\"@id\":\"https:\\\/\\\/diariodepe.com.br\\\/xinhua\\\/#\\\/schema\\\/person\\\/0943d6fd02bdc7b49c8f495e8787a2cb\"},\"headline\":\"Entrevista: Alto funcion\u00e1rio \u00e1rabe elogia os la\u00e7os sino-\u00e1rabes e pede governan\u00e7a global mais justa\",\"datePublished\":\"2025-06-25T20:12:00+00:00\",\"mainEntityOfPage\":{\"@id\":\"https:\\\/\\\/diariodepe.com.br\\\/xinhua\\\/2025\\\/06\\\/25\\\/entrevista-alto-funcionario-arabe-elogia-os-lacos-sino-arabes-e-pede-governanca-global-mais-justa\\\/\"},\"wordCount\":584,\"commentCount\":0,\"publisher\":{\"@id\":\"https:\\\/\\\/diariodepe.com.br\\\/xinhua\\\/#organization\"},\"image\":{\"@id\":\"https:\\\/\\\/diariodepe.com.br\\\/xinhua\\\/2025\\\/06\\\/25\\\/entrevista-alto-funcionario-arabe-elogia-os-lacos-sino-arabes-e-pede-governanca-global-mais-justa\\\/#primaryimage\"},\"thumbnailUrl\":\"https:\\\/\\\/diariodepe.com.br\\\/xinhua\\\/wp-content\\\/uploads\\\/sites\\\/3\\\/2025\\\/06\\\/202506256296637de0ef4464b0d939d8de884f8e_202506254c2ce5cfba52455088043f5b8246bdeb.jpeg\",\"articleSection\":[\"Internacional\"],\"inLanguage\":\"pt-BR\",\"potentialAction\":[{\"@type\":\"CommentAction\",\"name\":\"Comment\",\"target\":[\"https:\\\/\\\/diariodepe.com.br\\\/xinhua\\\/2025\\\/06\\\/25\\\/entrevista-alto-funcionario-arabe-elogia-os-lacos-sino-arabes-e-pede-governanca-global-mais-justa\\\/#respond\"]}]},{\"@type\":\"WebPage\",\"@id\":\"https:\\\/\\\/diariodepe.com.br\\\/xinhua\\\/2025\\\/06\\\/25\\\/entrevista-alto-funcionario-arabe-elogia-os-lacos-sino-arabes-e-pede-governanca-global-mais-justa\\\/\",\"url\":\"https:\\\/\\\/diariodepe.com.br\\\/xinhua\\\/2025\\\/06\\\/25\\\/entrevista-alto-funcionario-arabe-elogia-os-lacos-sino-arabes-e-pede-governanca-global-mais-justa\\\/\",\"name\":\"Entrevista: Alto funcion\u00e1rio \u00e1rabe elogia os la\u00e7os sino-\u00e1rabes e pede governan\u00e7a global mais justa - Xinhua - Diario de Pernambuco\",\"isPartOf\":{\"@id\":\"https:\\\/\\\/diariodepe.com.br\\\/xinhua\\\/#website\"},\"primaryImageOfPage\":{\"@id\":\"https:\\\/\\\/diariodepe.com.br\\\/xinhua\\\/2025\\\/06\\\/25\\\/entrevista-alto-funcionario-arabe-elogia-os-lacos-sino-arabes-e-pede-governanca-global-mais-justa\\\/#primaryimage\"},\"image\":{\"@id\":\"https:\\\/\\\/diariodepe.com.br\\\/xinhua\\\/2025\\\/06\\\/25\\\/entrevista-alto-funcionario-arabe-elogia-os-lacos-sino-arabes-e-pede-governanca-global-mais-justa\\\/#primaryimage\"},\"thumbnailUrl\":\"https:\\\/\\\/diariodepe.com.br\\\/xinhua\\\/wp-content\\\/uploads\\\/sites\\\/3\\\/2025\\\/06\\\/202506256296637de0ef4464b0d939d8de884f8e_202506254c2ce5cfba52455088043f5b8246bdeb.jpeg\",\"datePublished\":\"2025-06-25T20:12:00+00:00\",\"breadcrumb\":{\"@id\":\"https:\\\/\\\/diariodepe.com.br\\\/xinhua\\\/2025\\\/06\\\/25\\\/entrevista-alto-funcionario-arabe-elogia-os-lacos-sino-arabes-e-pede-governanca-global-mais-justa\\\/#breadcrumb\"},\"inLanguage\":\"pt-BR\",\"potentialAction\":[{\"@type\":\"ReadAction\",\"target\":[\"https:\\\/\\\/diariodepe.com.br\\\/xinhua\\\/2025\\\/06\\\/25\\\/entrevista-alto-funcionario-arabe-elogia-os-lacos-sino-arabes-e-pede-governanca-global-mais-justa\\\/\"]}]},{\"@type\":\"ImageObject\",\"inLanguage\":\"pt-BR\",\"@id\":\"https:\\\/\\\/diariodepe.com.br\\\/xinhua\\\/2025\\\/06\\\/25\\\/entrevista-alto-funcionario-arabe-elogia-os-lacos-sino-arabes-e-pede-governanca-global-mais-justa\\\/#primaryimage\",\"url\":\"https:\\\/\\\/diariodepe.com.br\\\/xinhua\\\/wp-content\\\/uploads\\\/sites\\\/3\\\/2025\\\/06\\\/202506256296637de0ef4464b0d939d8de884f8e_202506254c2ce5cfba52455088043f5b8246bdeb.jpeg\",\"contentUrl\":\"https:\\\/\\\/diariodepe.com.br\\\/xinhua\\\/wp-content\\\/uploads\\\/sites\\\/3\\\/2025\\\/06\\\/202506256296637de0ef4464b0d939d8de884f8e_202506254c2ce5cfba52455088043f5b8246bdeb.jpeg\",\"width\":900,\"height\":600,\"caption\":\"(241206) -- DUBAI, Dec. 6, 2024 (Xinhua) -- Guests attend the inauguration ceremony of the China-UAE Economy and Trade Exchange Center at the China Pavilion of Dubai Expo City in Dubai, the United Arab Emirates (UAE), Dec. 6, 2024. The inauguration ceremony of the China-UAE Economy and Trade Exchange Center was held on Friday at the China Pavilion of Dubai Expo City. (Xinhua\\\/Wen Xinnian)\"},{\"@type\":\"BreadcrumbList\",\"@id\":\"https:\\\/\\\/diariodepe.com.br\\\/xinhua\\\/2025\\\/06\\\/25\\\/entrevista-alto-funcionario-arabe-elogia-os-lacos-sino-arabes-e-pede-governanca-global-mais-justa\\\/#breadcrumb\",\"itemListElement\":[{\"@type\":\"ListItem\",\"position\":1,\"name\":\"In\u00edcio\",\"item\":\"https:\\\/\\\/diariodepe.com.br\\\/xinhua\\\/\"},{\"@type\":\"ListItem\",\"position\":2,\"name\":\"Entrevista: Alto funcion\u00e1rio \u00e1rabe elogia os la\u00e7os sino-\u00e1rabes e pede governan\u00e7a global mais justa\"}]},{\"@type\":\"WebSite\",\"@id\":\"https:\\\/\\\/diariodepe.com.br\\\/xinhua\\\/#website\",\"url\":\"https:\\\/\\\/diariodepe.com.br\\\/xinhua\\\/\",\"name\":\"Xinhua - Diario de Pernambuco\",\"description\":\"A maior ag\u00eancia de not\u00edcias da China e um dos principais canais para conhecer o pa\u00eds\",\"publisher\":{\"@id\":\"https:\\\/\\\/diariodepe.com.br\\\/xinhua\\\/#organization\"},\"potentialAction\":[{\"@type\":\"SearchAction\",\"target\":{\"@type\":\"EntryPoint\",\"urlTemplate\":\"https:\\\/\\\/diariodepe.com.br\\\/xinhua\\\/?s={search_term_string}\"},\"query-input\":{\"@type\":\"PropertyValueSpecification\",\"valueRequired\":true,\"valueName\":\"search_term_string\"}}],\"inLanguage\":\"pt-BR\"},{\"@type\":\"Organization\",\"@id\":\"https:\\\/\\\/diariodepe.com.br\\\/xinhua\\\/#organization\",\"name\":\"Xinhua - Diario de Pernambuco\",\"url\":\"https:\\\/\\\/diariodepe.com.br\\\/xinhua\\\/\",\"logo\":{\"@type\":\"ImageObject\",\"inLanguage\":\"pt-BR\",\"@id\":\"https:\\\/\\\/diariodepe.com.br\\\/xinhua\\\/#\\\/schema\\\/logo\\\/image\\\/\",\"url\":\"https:\\\/\\\/diariodepe.com.br\\\/xinhua\\\/wp-content\\\/uploads\\\/sites\\\/3\\\/2020\\\/10\\\/cropped-logo-transparente-2.png\",\"contentUrl\":\"https:\\\/\\\/diariodepe.com.br\\\/xinhua\\\/wp-content\\\/uploads\\\/sites\\\/3\\\/2020\\\/10\\\/cropped-logo-transparente-2.png\",\"width\":512,\"height\":164,\"caption\":\"Xinhua - Diario de Pernambuco\"},\"image\":{\"@id\":\"https:\\\/\\\/diariodepe.com.br\\\/xinhua\\\/#\\\/schema\\\/logo\\\/image\\\/\"}},{\"@type\":\"Person\",\"@id\":\"https:\\\/\\\/diariodepe.com.br\\\/xinhua\\\/#\\\/schema\\\/person\\\/0943d6fd02bdc7b49c8f495e8787a2cb\",\"name\":\"Marcelo Oliveira de A. Maranhao\",\"image\":{\"@type\":\"ImageObject\",\"inLanguage\":\"pt-BR\",\"@id\":\"https:\\\/\\\/secure.gravatar.com\\\/avatar\\\/f562caee940d39879c20e90eea3e4b21860c7d4c96684c23141c554824f0059c?s=96&d=mm&r=g\",\"url\":\"https:\\\/\\\/secure.gravatar.com\\\/avatar\\\/f562caee940d39879c20e90eea3e4b21860c7d4c96684c23141c554824f0059c?s=96&d=mm&r=g\",\"contentUrl\":\"https:\\\/\\\/secure.gravatar.com\\\/avatar\\\/f562caee940d39879c20e90eea3e4b21860c7d4c96684c23141c554824f0059c?s=96&d=mm&r=g\",\"caption\":\"Marcelo Oliveira de A. Maranhao\"},\"url\":\"https:\\\/\\\/diariodepe.com.br\\\/xinhua\\\/author\\\/marcelo-maranhao\\\/\"}]}<\/script>\n<!-- \/ Yoast SEO plugin. -->","yoast_head_json":{"title":"Entrevista: Alto funcion\u00e1rio \u00e1rabe elogia os la\u00e7os sino-\u00e1rabes e pede governan\u00e7a global mais justa - Xinhua - Diario de Pernambuco","robots":{"index":"index","follow":"follow","max-snippet":"max-snippet:-1","max-image-preview":"max-image-preview:large","max-video-preview":"max-video-preview:-1"},"canonical":"https:\/\/diariodepe.com.br\/xinhua\/2025\/06\/25\/entrevista-alto-funcionario-arabe-elogia-os-lacos-sino-arabes-e-pede-governanca-global-mais-justa\/","og_locale":"pt_BR","og_type":"article","og_title":"Entrevista: Alto funcion\u00e1rio \u00e1rabe elogia os la\u00e7os sino-\u00e1rabes e pede governan\u00e7a global mais justa - Xinhua - Diario de Pernambuco","og_description":"Cairo &#8211; Elogiando o progresso substancial nas rela\u00e7\u00f5es entre \u00e1rabes e chineses, um alto funcion\u00e1rio \u00e1rabe defendeu a constru\u00e7\u00e3o de um sistema de governan\u00e7a econ\u00f4mica global mais equitativo e inclusivo. Os pa\u00edses \u00e1rabes e a China sempre se apoiaram mutuamente...","og_url":"https:\/\/diariodepe.com.br\/xinhua\/2025\/06\/25\/entrevista-alto-funcionario-arabe-elogia-os-lacos-sino-arabes-e-pede-governanca-global-mais-justa\/","og_site_name":"Xinhua - Diario de Pernambuco","article_published_time":"2025-06-25T20:12:00+00:00","og_image":[{"width":900,"height":600,"url":"https:\/\/diariodepe.com.br\/xinhua\/wp-content\/uploads\/sites\/3\/2025\/06\/202506256296637de0ef4464b0d939d8de884f8e_202506254c2ce5cfba52455088043f5b8246bdeb.jpeg","type":"image\/jpeg"}],"author":"Marcelo Oliveira de A. Maranhao","twitter_card":"summary_large_image","twitter_misc":{"Escrito por":"Marcelo Oliveira de A. Maranhao","Est. tempo de leitura":"3 minutos"},"schema":{"@context":"https:\/\/schema.org","@graph":[{"@type":"Article","@id":"https:\/\/diariodepe.com.br\/xinhua\/2025\/06\/25\/entrevista-alto-funcionario-arabe-elogia-os-lacos-sino-arabes-e-pede-governanca-global-mais-justa\/#article","isPartOf":{"@id":"https:\/\/diariodepe.com.br\/xinhua\/2025\/06\/25\/entrevista-alto-funcionario-arabe-elogia-os-lacos-sino-arabes-e-pede-governanca-global-mais-justa\/"},"author":{"name":"Marcelo Oliveira de A. Maranhao","@id":"https:\/\/diariodepe.com.br\/xinhua\/#\/schema\/person\/0943d6fd02bdc7b49c8f495e8787a2cb"},"headline":"Entrevista: Alto funcion\u00e1rio \u00e1rabe elogia os la\u00e7os sino-\u00e1rabes e pede governan\u00e7a global mais justa","datePublished":"2025-06-25T20:12:00+00:00","mainEntityOfPage":{"@id":"https:\/\/diariodepe.com.br\/xinhua\/2025\/06\/25\/entrevista-alto-funcionario-arabe-elogia-os-lacos-sino-arabes-e-pede-governanca-global-mais-justa\/"},"wordCount":584,"commentCount":0,"publisher":{"@id":"https:\/\/diariodepe.com.br\/xinhua\/#organization"},"image":{"@id":"https:\/\/diariodepe.com.br\/xinhua\/2025\/06\/25\/entrevista-alto-funcionario-arabe-elogia-os-lacos-sino-arabes-e-pede-governanca-global-mais-justa\/#primaryimage"},"thumbnailUrl":"https:\/\/diariodepe.com.br\/xinhua\/wp-content\/uploads\/sites\/3\/2025\/06\/202506256296637de0ef4464b0d939d8de884f8e_202506254c2ce5cfba52455088043f5b8246bdeb.jpeg","articleSection":["Internacional"],"inLanguage":"pt-BR","potentialAction":[{"@type":"CommentAction","name":"Comment","target":["https:\/\/diariodepe.com.br\/xinhua\/2025\/06\/25\/entrevista-alto-funcionario-arabe-elogia-os-lacos-sino-arabes-e-pede-governanca-global-mais-justa\/#respond"]}]},{"@type":"WebPage","@id":"https:\/\/diariodepe.com.br\/xinhua\/2025\/06\/25\/entrevista-alto-funcionario-arabe-elogia-os-lacos-sino-arabes-e-pede-governanca-global-mais-justa\/","url":"https:\/\/diariodepe.com.br\/xinhua\/2025\/06\/25\/entrevista-alto-funcionario-arabe-elogia-os-lacos-sino-arabes-e-pede-governanca-global-mais-justa\/","name":"Entrevista: Alto funcion\u00e1rio \u00e1rabe elogia os la\u00e7os sino-\u00e1rabes e pede governan\u00e7a global mais justa - Xinhua - Diario de Pernambuco","isPartOf":{"@id":"https:\/\/diariodepe.com.br\/xinhua\/#website"},"primaryImageOfPage":{"@id":"https:\/\/diariodepe.com.br\/xinhua\/2025\/06\/25\/entrevista-alto-funcionario-arabe-elogia-os-lacos-sino-arabes-e-pede-governanca-global-mais-justa\/#primaryimage"},"image":{"@id":"https:\/\/diariodepe.com.br\/xinhua\/2025\/06\/25\/entrevista-alto-funcionario-arabe-elogia-os-lacos-sino-arabes-e-pede-governanca-global-mais-justa\/#primaryimage"},"thumbnailUrl":"https:\/\/diariodepe.com.br\/xinhua\/wp-content\/uploads\/sites\/3\/2025\/06\/202506256296637de0ef4464b0d939d8de884f8e_202506254c2ce5cfba52455088043f5b8246bdeb.jpeg","datePublished":"2025-06-25T20:12:00+00:00","breadcrumb":{"@id":"https:\/\/diariodepe.com.br\/xinhua\/2025\/06\/25\/entrevista-alto-funcionario-arabe-elogia-os-lacos-sino-arabes-e-pede-governanca-global-mais-justa\/#breadcrumb"},"inLanguage":"pt-BR","potentialAction":[{"@type":"ReadAction","target":["https:\/\/diariodepe.com.br\/xinhua\/2025\/06\/25\/entrevista-alto-funcionario-arabe-elogia-os-lacos-sino-arabes-e-pede-governanca-global-mais-justa\/"]}]},{"@type":"ImageObject","inLanguage":"pt-BR","@id":"https:\/\/diariodepe.com.br\/xinhua\/2025\/06\/25\/entrevista-alto-funcionario-arabe-elogia-os-lacos-sino-arabes-e-pede-governanca-global-mais-justa\/#primaryimage","url":"https:\/\/diariodepe.com.br\/xinhua\/wp-content\/uploads\/sites\/3\/2025\/06\/202506256296637de0ef4464b0d939d8de884f8e_202506254c2ce5cfba52455088043f5b8246bdeb.jpeg","contentUrl":"https:\/\/diariodepe.com.br\/xinhua\/wp-content\/uploads\/sites\/3\/2025\/06\/202506256296637de0ef4464b0d939d8de884f8e_202506254c2ce5cfba52455088043f5b8246bdeb.jpeg","width":900,"height":600,"caption":"(241206) -- DUBAI, Dec. 6, 2024 (Xinhua) -- Guests attend the inauguration ceremony of the China-UAE Economy and Trade Exchange Center at the China Pavilion of Dubai Expo City in Dubai, the United Arab Emirates (UAE), Dec. 6, 2024. The inauguration ceremony of the China-UAE Economy and Trade Exchange Center was held on Friday at the China Pavilion of Dubai Expo City. (Xinhua\/Wen Xinnian)"},{"@type":"BreadcrumbList","@id":"https:\/\/diariodepe.com.br\/xinhua\/2025\/06\/25\/entrevista-alto-funcionario-arabe-elogia-os-lacos-sino-arabes-e-pede-governanca-global-mais-justa\/#breadcrumb","itemListElement":[{"@type":"ListItem","position":1,"name":"In\u00edcio","item":"https:\/\/diariodepe.com.br\/xinhua\/"},{"@type":"ListItem","position":2,"name":"Entrevista: Alto funcion\u00e1rio \u00e1rabe elogia os la\u00e7os sino-\u00e1rabes e pede governan\u00e7a global mais justa"}]},{"@type":"WebSite","@id":"https:\/\/diariodepe.com.br\/xinhua\/#website","url":"https:\/\/diariodepe.com.br\/xinhua\/","name":"Xinhua - Diario de Pernambuco","description":"A maior ag\u00eancia de not\u00edcias da China e um dos principais canais para conhecer o pa\u00eds","publisher":{"@id":"https:\/\/diariodepe.com.br\/xinhua\/#organization"},"potentialAction":[{"@type":"SearchAction","target":{"@type":"EntryPoint","urlTemplate":"https:\/\/diariodepe.com.br\/xinhua\/?s={search_term_string}"},"query-input":{"@type":"PropertyValueSpecification","valueRequired":true,"valueName":"search_term_string"}}],"inLanguage":"pt-BR"},{"@type":"Organization","@id":"https:\/\/diariodepe.com.br\/xinhua\/#organization","name":"Xinhua - Diario de Pernambuco","url":"https:\/\/diariodepe.com.br\/xinhua\/","logo":{"@type":"ImageObject","inLanguage":"pt-BR","@id":"https:\/\/diariodepe.com.br\/xinhua\/#\/schema\/logo\/image\/","url":"https:\/\/diariodepe.com.br\/xinhua\/wp-content\/uploads\/sites\/3\/2020\/10\/cropped-logo-transparente-2.png","contentUrl":"https:\/\/diariodepe.com.br\/xinhua\/wp-content\/uploads\/sites\/3\/2020\/10\/cropped-logo-transparente-2.png","width":512,"height":164,"caption":"Xinhua - Diario de Pernambuco"},"image":{"@id":"https:\/\/diariodepe.com.br\/xinhua\/#\/schema\/logo\/image\/"}},{"@type":"Person","@id":"https:\/\/diariodepe.com.br\/xinhua\/#\/schema\/person\/0943d6fd02bdc7b49c8f495e8787a2cb","name":"Marcelo Oliveira de A. Maranhao","image":{"@type":"ImageObject","inLanguage":"pt-BR","@id":"https:\/\/secure.gravatar.com\/avatar\/f562caee940d39879c20e90eea3e4b21860c7d4c96684c23141c554824f0059c?s=96&d=mm&r=g","url":"https:\/\/secure.gravatar.com\/avatar\/f562caee940d39879c20e90eea3e4b21860c7d4c96684c23141c554824f0059c?s=96&d=mm&r=g","contentUrl":"https:\/\/secure.gravatar.com\/avatar\/f562caee940d39879c20e90eea3e4b21860c7d4c96684c23141c554824f0059c?s=96&d=mm&r=g","caption":"Marcelo Oliveira de A. Maranhao"},"url":"https:\/\/diariodepe.com.br\/xinhua\/author\/marcelo-maranhao\/"}]}},"cc_featured_image_caption":{"caption_text":"","source_text":"","source_url":""},"amp_enabled":true,"_links":{"self":[{"href":"https:\/\/diariodepe.com.br\/xinhua\/wp-json\/wp\/v2\/posts\/26709","targetHints":{"allow":["GET"]}}],"collection":[{"href":"https:\/\/diariodepe.com.br\/xinhua\/wp-json\/wp\/v2\/posts"}],"about":[{"href":"https:\/\/diariodepe.com.br\/xinhua\/wp-json\/wp\/v2\/types\/post"}],"author":[{"embeddable":true,"href":"https:\/\/diariodepe.com.br\/xinhua\/wp-json\/wp\/v2\/users\/3"}],"replies":[{"embeddable":true,"href":"https:\/\/diariodepe.com.br\/xinhua\/wp-json\/wp\/v2\/comments?post=26709"}],"version-history":[{"count":1,"href":"https:\/\/diariodepe.com.br\/xinhua\/wp-json\/wp\/v2\/posts\/26709\/revisions"}],"predecessor-version":[{"id":26711,"href":"https:\/\/diariodepe.com.br\/xinhua\/wp-json\/wp\/v2\/posts\/26709\/revisions\/26711"}],"wp:featuredmedia":[{"embeddable":true,"href":"https:\/\/diariodepe.com.br\/xinhua\/wp-json\/wp\/v2\/media\/26710"}],"wp:attachment":[{"href":"https:\/\/diariodepe.com.br\/xinhua\/wp-json\/wp\/v2\/media?parent=26709"}],"wp:term":[{"taxonomy":"category","embeddable":true,"href":"https:\/\/diariodepe.com.br\/xinhua\/wp-json\/wp\/v2\/categories?post=26709"},{"taxonomy":"post_tag","embeddable":true,"href":"https:\/\/diariodepe.com.br\/xinhua\/wp-json\/wp\/v2\/tags?post=26709"}],"curies":[{"name":"wp","href":"https:\/\/api.w.org\/{rel}","templated":true}]}}