{"id":26703,"date":"2025-06-25T15:04:00","date_gmt":"2025-06-25T18:04:00","guid":{"rendered":"https:\/\/www.diariodepe.com.br\/xinhua\/?p=26703"},"modified":"2025-06-25T13:07:23","modified_gmt":"2025-06-25T16:07:23","slug":"queremos-moradia-nao-tanques-milhares-protestam-contra-expansao-da-otan-em-haia","status":"publish","type":"post","link":"https:\/\/diariodepe.com.br\/xinhua\/2025\/06\/25\/queremos-moradia-nao-tanques-milhares-protestam-contra-expansao-da-otan-em-haia\/","title":{"rendered":"&#8220;Queremos moradia, n\u00e3o tanques&#8221;: milhares protestam contra expans\u00e3o da OTAN em Haia"},"content":{"rendered":"\n<p>Haia &#8211; Milhares de manifestantes antiguerra expressaram sua indigna\u00e7\u00e3o com a expans\u00e3o militar e o aumento dos gastos com defesa da Organiza\u00e7\u00e3o do Tratado do Atl\u00e2ntico Norte (OTAN) antes da pr\u00f3xima c\u00fapula da alian\u00e7a em Haia, Holanda.<\/p>\n\n\n\n<p>Organizados por mais de 20 grupos da sociedade civil de mais de 20 pa\u00edses, os manifestantes se reuniram na tarde de domingo no Parque Koekamp, \u200b\u200bperto da Esta\u00e7\u00e3o Central de Haia, para um protesto em larga escala.<\/p>\n\n\n\n<p>No centro da manifesta\u00e7\u00e3o estava um s\u00edmbolo marcante: um &#8220;Cavalo de Troia&#8221; de papel preto, apelidado de &#8220;Cavalo da OTAN&#8221;. A estrutura estava repleta de armas falsas, como minas terrestres, m\u00edsseis e armas de fogo. Estampadas em letras vermelho-sangue por toda a sua estrutura, estavam as palavras &#8220;Genoc\u00eddio&#8221;, &#8220;Morte&#8221; e &#8220;Destrui\u00e7\u00e3o&#8221;, uma declara\u00e7\u00e3o visual sombria da mensagem dos manifestantes.<\/p>\n\n\n\n<p>&#8220;A OTAN diz que trar\u00e1 paz e seguran\u00e7a&#8221;, disse a manifestante Eevee Garcia. &#8220;Mas, na verdade, esconde que trar\u00e1 mais armas, mais guerra e mais devasta\u00e7\u00e3o ao mundo.&#8221;<\/p>\n\n\n\n<figure class=\"wp-block-image\"><img decoding=\"async\" src=\"https:\/\/portuguese.news.cn\/20250625\/b5c64e3a638b41169c0bbe9815be482b\/20250625b5c64e3a638b41169c0bbe9815be482b_20250625b607a7fa3e5d44069efb0574442c6538.jpeg\" alt=\"\"\/><\/figure>\n\n\n\n<p>Manifestantes segurando cartazes s\u00e3o fotografados em Haia, Holanda, em 22 de junho de 2025. (Xinhua\/Zhao Dingzhe)<\/p>\n\n\n\n<p>Ela enfatizou o prop\u00f3sito mais amplo do protesto, dizendo: &#8220;\u00c9 muito importante estarmos aqui hoje para realmente destacar que os EUA est\u00e3o usando a OTAN como uma ferramenta para promover sua agress\u00e3o em diferentes partes do mundo, e queremos nos unir ao povo que luta contra o imperialismo.&#8221;<\/p>\n\n\n\n<p>A manifesta\u00e7\u00e3o ocorreu em resposta direta \u00e0 c\u00fapula da OTAN, agendada para 24 e 25 de junho em Haia, onde os l\u00edderes dos 32 estados-membros da alian\u00e7a devem discutir, entre outros itens, uma proposta controversa para aumentar os gastos com defesa nacional para 5% do Produto Interno Bruto (PIB).<\/p>\n\n\n\n<p>Niels Jongerius, membro da equipe do Instituto Transnacional e um dos organizadores do evento, destacou a ampla participa\u00e7\u00e3o internacional. &#8220;Para n\u00f3s, como movimento pela paz holand\u00eas, e acredito que para ativistas pela paz em outros lugares, \u00e9 \u00f3bvio que sempre criticamos o que nossos governos fazem quando se trata de belicismo&#8221;, disse ele.<\/p>\n\n\n\n<p>Ele criticou a vasta presen\u00e7a militar da OTAN, argumentando: &#8220;A OTAN j\u00e1 \u00e9 o bloco mais militarizado do mundo. Muito mais da metade dos gastos militares mundiais s\u00e3o feitos pela OTAN e seus Estados-membros.&#8221;<\/p>\n\n\n\n<p>&#8220;Queremos moradia, n\u00e3o tanques. Precisamos de professores, n\u00e3o de bombas&#8230; eles podem encontrar dinheiro para armar o mundo, mas nunca conseguem encontrar dinheiro para construir moradias para as pessoas ou pagar o suficiente aos professores e enfermeiros da nossa sociedade&#8221;, acrescentou Jongerius.<\/p>\n\n\n\n<figure class=\"wp-block-image\"><img decoding=\"async\" src=\"https:\/\/portuguese.news.cn\/20250625\/b5c64e3a638b41169c0bbe9815be482b\/20250625b5c64e3a638b41169c0bbe9815be482b_20250625fa941da135be458c9796ea688c549d05.jpeg\" alt=\"\"\/><\/figure>\n\n\n\n<p>Manifestante segurando um cartaz \u00e9 fotografada em Haia, Holanda, em 22 de junho de 2025. (Xinhua\/Zhao Dingzhe)<\/p>\n\n\n\n<p>Theo Roncken, psic\u00f3logo holand\u00eas, ecoou a cr\u00edtica, apontando a ind\u00fastria de armamentos como a verdadeira benefici\u00e1ria das pol\u00edticas da OTAN. &#8220;\u00c9 a ind\u00fastria de armamentos que est\u00e1 promovendo as guerras. Portanto, a OTAN hoje promove a ind\u00fastria de armamentos&#8221;, disse ele.<\/p>\n\n\n\n<p>Roncken, que trabalha na \u00e1rea da sa\u00fade, alertou que o aumento dos or\u00e7amentos militares inevitavelmente significaria cortes mais profundos nos servi\u00e7os p\u00fablicos. &#8220;N\u00e3o temos dinheiro suficiente para oferecer um bom atendimento. E acho que se o pre\u00e7o das armas aumentar&#8230; as despesas com atendimento diminuir\u00e3o.&#8221;<\/p>\n\n\n\n<p>Ele tamb\u00e9m descreveu a meta proposta de gastos militares de 5% do PIB como &#8220;um desastre&#8221;, questionando: &#8220;De onde vir\u00e1 esse dinheiro? Da educa\u00e7\u00e3o, da sa\u00fade, de todas as coisas sociais de que realmente precisamos. N\u00e3o precisamos de armas.&#8221;<\/p>\n\n\n\n<p>A indigna\u00e7\u00e3o com os recentes acontecimentos geopol\u00edticos acrescentou urg\u00eancia ao protesto. Cartazes com os dizeres &#8220;Parem a Guerra contra o Ir\u00e3&#8221;, &#8220;N\u00e3o ao Terror da OTAN&#8221; e &#8220;Tirem as M\u00e3os do Ir\u00e3&#8221; foram amplamente vistos, em resposta ao ataque americano a tr\u00eas instala\u00e7\u00f5es nucleares iranianas naquele mesmo dia.<\/p>\n\n\n\n<figure class=\"wp-block-image\"><img decoding=\"async\" src=\"https:\/\/portuguese.news.cn\/20250625\/b5c64e3a638b41169c0bbe9815be482b\/20250625b5c64e3a638b41169c0bbe9815be482b_2025062551e5fe40d5c343cd873870d7e8a26d94.jpeg\" alt=\"\"\/><\/figure>\n\n\n\n<p>Manifestantes segurando faixas e cartazes s\u00e3o fotografados em Haia, Holanda, em 22 de junho de 2025. (Xinhua\/Zhao Dingzhe)<\/p>\n\n\n\n<p>&#8220;Acho que, com raz\u00e3o, as pessoas est\u00e3o indignadas com o ataque americano ao Ir\u00e3, ent\u00e3o querem mostrar seu apoio \u00e0 paz e contra a guerra e a agress\u00e3o imperialista&#8221;, disse Jongerius.<\/p>\n\n\n\n<p>Hossein Niknam, um iraniano de 74 anos que vive na Europa h\u00e1 quatro d\u00e9cadas, criticou os Estados Unidos por pressionarem seus aliados a aumentar os gastos com defesa, buscando financiar a OTAN com o dinheiro dos contribuintes europeus.<\/p>\n\n\n\n<p>&#8220;Os EUA sempre querem que outros pa\u00edses paguem&#8221;, disse ele. &#8220;Eles se mant\u00eam em seguran\u00e7a atr\u00e1s das linhas de frente, como nas guerras do Afeganist\u00e3o e do Iraque, e quando todos os outros est\u00e3o exaustos, eles saem e declaram vit\u00f3ria.&#8221;<\/p>\n\n\n\n<p>Niknam condenou o hist\u00f3rico da OTAN no Oriente M\u00e9dio, acusando-a de semear o caos e a destrui\u00e7\u00e3o, citando baixas civis e deslocamentos em massa causados \u200b\u200bpor anos de interven\u00e7\u00e3o.<\/p>\n\n\n\n<p>&#8220;A OTAN nunca buscou a paz&#8221;, acrescentou Niknam. &#8220;Eles buscam o dom\u00ednio.&#8221;<\/p>\n","protected":false},"excerpt":{"rendered":"<p>Haia &#8211; Milhares de manifestantes antiguerra expressaram sua indigna\u00e7\u00e3o com a expans\u00e3o militar e o aumento dos gastos com defesa da Organiza\u00e7\u00e3o do Tratado do Atl\u00e2ntico Norte (OTAN) antes da pr\u00f3xima c\u00fapula da alian\u00e7a em Haia, Holanda. Organizados por mais&#8230;<\/p>\n","protected":false},"author":3,"featured_media":26704,"comment_status":"open","ping_status":"open","sticky":false,"template":"","format":"standard","meta":{"footnotes":""},"categories":[4],"tags":[],"class_list":["post-26703","post","type-post","status-publish","format-standard","has-post-thumbnail","hentry","category-internacional"],"yoast_head":"<!-- This site is optimized with the Yoast SEO plugin v27.4 - https:\/\/yoast.com\/product\/yoast-seo-wordpress\/ -->\n<title>&quot;Queremos moradia, n\u00e3o tanques&quot;: milhares protestam contra expans\u00e3o da OTAN em Haia - Xinhua - Diario de Pernambuco<\/title>\n<meta name=\"robots\" content=\"index, follow, max-snippet:-1, max-image-preview:large, max-video-preview:-1\" \/>\n<link rel=\"canonical\" href=\"https:\/\/diariodepe.com.br\/xinhua\/2025\/06\/25\/queremos-moradia-nao-tanques-milhares-protestam-contra-expansao-da-otan-em-haia\/\" \/>\n<meta property=\"og:locale\" content=\"pt_BR\" \/>\n<meta property=\"og:type\" content=\"article\" \/>\n<meta property=\"og:title\" content=\"&quot;Queremos moradia, n\u00e3o tanques&quot;: milhares protestam contra expans\u00e3o da OTAN em Haia - Xinhua - Diario de Pernambuco\" \/>\n<meta property=\"og:description\" content=\"Haia &#8211; Milhares de manifestantes antiguerra expressaram sua indigna\u00e7\u00e3o com a expans\u00e3o militar e o aumento dos gastos com defesa da Organiza\u00e7\u00e3o do Tratado do Atl\u00e2ntico Norte (OTAN) antes da pr\u00f3xima c\u00fapula da alian\u00e7a em Haia, Holanda. Organizados por mais...\" \/>\n<meta property=\"og:url\" content=\"https:\/\/diariodepe.com.br\/xinhua\/2025\/06\/25\/queremos-moradia-nao-tanques-milhares-protestam-contra-expansao-da-otan-em-haia\/\" \/>\n<meta property=\"og:site_name\" content=\"Xinhua - Diario de Pernambuco\" \/>\n<meta property=\"article:published_time\" content=\"2025-06-25T18:04:00+00:00\" \/>\n<meta property=\"og:image\" content=\"https:\/\/diariodepe.com.br\/xinhua\/wp-content\/uploads\/sites\/3\/2025\/06\/20250625b5c64e3a638b41169c0bbe9815be482b_2025062553f13dede7c74403869834bf257eaef0.jpeg\" \/>\n\t<meta property=\"og:image:width\" content=\"900\" \/>\n\t<meta property=\"og:image:height\" content=\"600\" \/>\n\t<meta property=\"og:image:type\" content=\"image\/jpeg\" \/>\n<meta name=\"author\" content=\"Marcelo Oliveira de A. Maranhao\" \/>\n<meta name=\"twitter:card\" content=\"summary_large_image\" \/>\n<meta name=\"twitter:label1\" content=\"Escrito por\" \/>\n\t<meta name=\"twitter:data1\" content=\"Marcelo Oliveira de A. Maranhao\" \/>\n\t<meta name=\"twitter:label2\" content=\"Est. tempo de leitura\" \/>\n\t<meta name=\"twitter:data2\" content=\"5 minutos\" \/>\n<script type=\"application\/ld+json\" class=\"yoast-schema-graph\">{\"@context\":\"https:\\\/\\\/schema.org\",\"@graph\":[{\"@type\":\"Article\",\"@id\":\"https:\\\/\\\/diariodepe.com.br\\\/xinhua\\\/2025\\\/06\\\/25\\\/queremos-moradia-nao-tanques-milhares-protestam-contra-expansao-da-otan-em-haia\\\/#article\",\"isPartOf\":{\"@id\":\"https:\\\/\\\/diariodepe.com.br\\\/xinhua\\\/2025\\\/06\\\/25\\\/queremos-moradia-nao-tanques-milhares-protestam-contra-expansao-da-otan-em-haia\\\/\"},\"author\":{\"name\":\"Marcelo Oliveira de A. Maranhao\",\"@id\":\"https:\\\/\\\/diariodepe.com.br\\\/xinhua\\\/#\\\/schema\\\/person\\\/0943d6fd02bdc7b49c8f495e8787a2cb\"},\"headline\":\"&#8220;Queremos moradia, n\u00e3o tanques&#8221;: milhares protestam contra expans\u00e3o da OTAN em Haia\",\"datePublished\":\"2025-06-25T18:04:00+00:00\",\"mainEntityOfPage\":{\"@id\":\"https:\\\/\\\/diariodepe.com.br\\\/xinhua\\\/2025\\\/06\\\/25\\\/queremos-moradia-nao-tanques-milhares-protestam-contra-expansao-da-otan-em-haia\\\/\"},\"wordCount\":833,\"commentCount\":0,\"publisher\":{\"@id\":\"https:\\\/\\\/diariodepe.com.br\\\/xinhua\\\/#organization\"},\"image\":{\"@id\":\"https:\\\/\\\/diariodepe.com.br\\\/xinhua\\\/2025\\\/06\\\/25\\\/queremos-moradia-nao-tanques-milhares-protestam-contra-expansao-da-otan-em-haia\\\/#primaryimage\"},\"thumbnailUrl\":\"https:\\\/\\\/diariodepe.com.br\\\/xinhua\\\/wp-content\\\/uploads\\\/sites\\\/3\\\/2025\\\/06\\\/20250625b5c64e3a638b41169c0bbe9815be482b_2025062553f13dede7c74403869834bf257eaef0.jpeg\",\"articleSection\":[\"Internacional\"],\"inLanguage\":\"pt-BR\",\"potentialAction\":[{\"@type\":\"CommentAction\",\"name\":\"Comment\",\"target\":[\"https:\\\/\\\/diariodepe.com.br\\\/xinhua\\\/2025\\\/06\\\/25\\\/queremos-moradia-nao-tanques-milhares-protestam-contra-expansao-da-otan-em-haia\\\/#respond\"]}]},{\"@type\":\"WebPage\",\"@id\":\"https:\\\/\\\/diariodepe.com.br\\\/xinhua\\\/2025\\\/06\\\/25\\\/queremos-moradia-nao-tanques-milhares-protestam-contra-expansao-da-otan-em-haia\\\/\",\"url\":\"https:\\\/\\\/diariodepe.com.br\\\/xinhua\\\/2025\\\/06\\\/25\\\/queremos-moradia-nao-tanques-milhares-protestam-contra-expansao-da-otan-em-haia\\\/\",\"name\":\"\\\"Queremos moradia, n\u00e3o tanques\\\": milhares protestam contra expans\u00e3o da OTAN em Haia - Xinhua - Diario de Pernambuco\",\"isPartOf\":{\"@id\":\"https:\\\/\\\/diariodepe.com.br\\\/xinhua\\\/#website\"},\"primaryImageOfPage\":{\"@id\":\"https:\\\/\\\/diariodepe.com.br\\\/xinhua\\\/2025\\\/06\\\/25\\\/queremos-moradia-nao-tanques-milhares-protestam-contra-expansao-da-otan-em-haia\\\/#primaryimage\"},\"image\":{\"@id\":\"https:\\\/\\\/diariodepe.com.br\\\/xinhua\\\/2025\\\/06\\\/25\\\/queremos-moradia-nao-tanques-milhares-protestam-contra-expansao-da-otan-em-haia\\\/#primaryimage\"},\"thumbnailUrl\":\"https:\\\/\\\/diariodepe.com.br\\\/xinhua\\\/wp-content\\\/uploads\\\/sites\\\/3\\\/2025\\\/06\\\/20250625b5c64e3a638b41169c0bbe9815be482b_2025062553f13dede7c74403869834bf257eaef0.jpeg\",\"datePublished\":\"2025-06-25T18:04:00+00:00\",\"breadcrumb\":{\"@id\":\"https:\\\/\\\/diariodepe.com.br\\\/xinhua\\\/2025\\\/06\\\/25\\\/queremos-moradia-nao-tanques-milhares-protestam-contra-expansao-da-otan-em-haia\\\/#breadcrumb\"},\"inLanguage\":\"pt-BR\",\"potentialAction\":[{\"@type\":\"ReadAction\",\"target\":[\"https:\\\/\\\/diariodepe.com.br\\\/xinhua\\\/2025\\\/06\\\/25\\\/queremos-moradia-nao-tanques-milhares-protestam-contra-expansao-da-otan-em-haia\\\/\"]}]},{\"@type\":\"ImageObject\",\"inLanguage\":\"pt-BR\",\"@id\":\"https:\\\/\\\/diariodepe.com.br\\\/xinhua\\\/2025\\\/06\\\/25\\\/queremos-moradia-nao-tanques-milhares-protestam-contra-expansao-da-otan-em-haia\\\/#primaryimage\",\"url\":\"https:\\\/\\\/diariodepe.com.br\\\/xinhua\\\/wp-content\\\/uploads\\\/sites\\\/3\\\/2025\\\/06\\\/20250625b5c64e3a638b41169c0bbe9815be482b_2025062553f13dede7c74403869834bf257eaef0.jpeg\",\"contentUrl\":\"https:\\\/\\\/diariodepe.com.br\\\/xinhua\\\/wp-content\\\/uploads\\\/sites\\\/3\\\/2025\\\/06\\\/20250625b5c64e3a638b41169c0bbe9815be482b_2025062553f13dede7c74403869834bf257eaef0.jpeg\",\"width\":900,\"height\":600,\"caption\":\"(250623) -- THE HAGUE, June 23, 2025 (Xinhua) -- Protesters holding banners and placards are pictured in The Hague, the Netherlands, June 22, 2025. The protest, attended by hundreds, took place two days before the NATO summit, where member states are expected to push for increased defense spending. While the demonstration was billed as opposing NATO and the war in Gaza, it also drew participants holding banners reading \\\"No Iran War,\\\" following U.S. airstrikes on three of Iran's nuclear facilities a day earlier. TO GO WITH \\\"Interview: NATO is global driver of conflicts, U.S. activist says at pre-summit protest\\\" (Xinhua\\\/Peng Ziyang)\"},{\"@type\":\"BreadcrumbList\",\"@id\":\"https:\\\/\\\/diariodepe.com.br\\\/xinhua\\\/2025\\\/06\\\/25\\\/queremos-moradia-nao-tanques-milhares-protestam-contra-expansao-da-otan-em-haia\\\/#breadcrumb\",\"itemListElement\":[{\"@type\":\"ListItem\",\"position\":1,\"name\":\"In\u00edcio\",\"item\":\"https:\\\/\\\/diariodepe.com.br\\\/xinhua\\\/\"},{\"@type\":\"ListItem\",\"position\":2,\"name\":\"&#8220;Queremos moradia, n\u00e3o tanques&#8221;: milhares protestam contra expans\u00e3o da OTAN em Haia\"}]},{\"@type\":\"WebSite\",\"@id\":\"https:\\\/\\\/diariodepe.com.br\\\/xinhua\\\/#website\",\"url\":\"https:\\\/\\\/diariodepe.com.br\\\/xinhua\\\/\",\"name\":\"Xinhua - Diario de Pernambuco\",\"description\":\"A maior ag\u00eancia de not\u00edcias da China e um dos principais canais para conhecer o pa\u00eds\",\"publisher\":{\"@id\":\"https:\\\/\\\/diariodepe.com.br\\\/xinhua\\\/#organization\"},\"potentialAction\":[{\"@type\":\"SearchAction\",\"target\":{\"@type\":\"EntryPoint\",\"urlTemplate\":\"https:\\\/\\\/diariodepe.com.br\\\/xinhua\\\/?s={search_term_string}\"},\"query-input\":{\"@type\":\"PropertyValueSpecification\",\"valueRequired\":true,\"valueName\":\"search_term_string\"}}],\"inLanguage\":\"pt-BR\"},{\"@type\":\"Organization\",\"@id\":\"https:\\\/\\\/diariodepe.com.br\\\/xinhua\\\/#organization\",\"name\":\"Xinhua - Diario de Pernambuco\",\"url\":\"https:\\\/\\\/diariodepe.com.br\\\/xinhua\\\/\",\"logo\":{\"@type\":\"ImageObject\",\"inLanguage\":\"pt-BR\",\"@id\":\"https:\\\/\\\/diariodepe.com.br\\\/xinhua\\\/#\\\/schema\\\/logo\\\/image\\\/\",\"url\":\"https:\\\/\\\/diariodepe.com.br\\\/xinhua\\\/wp-content\\\/uploads\\\/sites\\\/3\\\/2020\\\/10\\\/cropped-logo-transparente-2.png\",\"contentUrl\":\"https:\\\/\\\/diariodepe.com.br\\\/xinhua\\\/wp-content\\\/uploads\\\/sites\\\/3\\\/2020\\\/10\\\/cropped-logo-transparente-2.png\",\"width\":512,\"height\":164,\"caption\":\"Xinhua - Diario de Pernambuco\"},\"image\":{\"@id\":\"https:\\\/\\\/diariodepe.com.br\\\/xinhua\\\/#\\\/schema\\\/logo\\\/image\\\/\"}},{\"@type\":\"Person\",\"@id\":\"https:\\\/\\\/diariodepe.com.br\\\/xinhua\\\/#\\\/schema\\\/person\\\/0943d6fd02bdc7b49c8f495e8787a2cb\",\"name\":\"Marcelo Oliveira de A. Maranhao\",\"image\":{\"@type\":\"ImageObject\",\"inLanguage\":\"pt-BR\",\"@id\":\"https:\\\/\\\/secure.gravatar.com\\\/avatar\\\/f562caee940d39879c20e90eea3e4b21860c7d4c96684c23141c554824f0059c?s=96&d=mm&r=g\",\"url\":\"https:\\\/\\\/secure.gravatar.com\\\/avatar\\\/f562caee940d39879c20e90eea3e4b21860c7d4c96684c23141c554824f0059c?s=96&d=mm&r=g\",\"contentUrl\":\"https:\\\/\\\/secure.gravatar.com\\\/avatar\\\/f562caee940d39879c20e90eea3e4b21860c7d4c96684c23141c554824f0059c?s=96&d=mm&r=g\",\"caption\":\"Marcelo Oliveira de A. Maranhao\"},\"url\":\"https:\\\/\\\/diariodepe.com.br\\\/xinhua\\\/author\\\/marcelo-maranhao\\\/\"}]}<\/script>\n<!-- \/ Yoast SEO plugin. -->","yoast_head_json":{"title":"\"Queremos moradia, n\u00e3o tanques\": milhares protestam contra expans\u00e3o da OTAN em Haia - Xinhua - Diario de Pernambuco","robots":{"index":"index","follow":"follow","max-snippet":"max-snippet:-1","max-image-preview":"max-image-preview:large","max-video-preview":"max-video-preview:-1"},"canonical":"https:\/\/diariodepe.com.br\/xinhua\/2025\/06\/25\/queremos-moradia-nao-tanques-milhares-protestam-contra-expansao-da-otan-em-haia\/","og_locale":"pt_BR","og_type":"article","og_title":"\"Queremos moradia, n\u00e3o tanques\": milhares protestam contra expans\u00e3o da OTAN em Haia - Xinhua - Diario de Pernambuco","og_description":"Haia &#8211; Milhares de manifestantes antiguerra expressaram sua indigna\u00e7\u00e3o com a expans\u00e3o militar e o aumento dos gastos com defesa da Organiza\u00e7\u00e3o do Tratado do Atl\u00e2ntico Norte (OTAN) antes da pr\u00f3xima c\u00fapula da alian\u00e7a em Haia, Holanda. Organizados por mais...","og_url":"https:\/\/diariodepe.com.br\/xinhua\/2025\/06\/25\/queremos-moradia-nao-tanques-milhares-protestam-contra-expansao-da-otan-em-haia\/","og_site_name":"Xinhua - Diario de Pernambuco","article_published_time":"2025-06-25T18:04:00+00:00","og_image":[{"width":900,"height":600,"url":"https:\/\/diariodepe.com.br\/xinhua\/wp-content\/uploads\/sites\/3\/2025\/06\/20250625b5c64e3a638b41169c0bbe9815be482b_2025062553f13dede7c74403869834bf257eaef0.jpeg","type":"image\/jpeg"}],"author":"Marcelo Oliveira de A. Maranhao","twitter_card":"summary_large_image","twitter_misc":{"Escrito por":"Marcelo Oliveira de A. Maranhao","Est. tempo de leitura":"5 minutos"},"schema":{"@context":"https:\/\/schema.org","@graph":[{"@type":"Article","@id":"https:\/\/diariodepe.com.br\/xinhua\/2025\/06\/25\/queremos-moradia-nao-tanques-milhares-protestam-contra-expansao-da-otan-em-haia\/#article","isPartOf":{"@id":"https:\/\/diariodepe.com.br\/xinhua\/2025\/06\/25\/queremos-moradia-nao-tanques-milhares-protestam-contra-expansao-da-otan-em-haia\/"},"author":{"name":"Marcelo Oliveira de A. Maranhao","@id":"https:\/\/diariodepe.com.br\/xinhua\/#\/schema\/person\/0943d6fd02bdc7b49c8f495e8787a2cb"},"headline":"&#8220;Queremos moradia, n\u00e3o tanques&#8221;: milhares protestam contra expans\u00e3o da OTAN em Haia","datePublished":"2025-06-25T18:04:00+00:00","mainEntityOfPage":{"@id":"https:\/\/diariodepe.com.br\/xinhua\/2025\/06\/25\/queremos-moradia-nao-tanques-milhares-protestam-contra-expansao-da-otan-em-haia\/"},"wordCount":833,"commentCount":0,"publisher":{"@id":"https:\/\/diariodepe.com.br\/xinhua\/#organization"},"image":{"@id":"https:\/\/diariodepe.com.br\/xinhua\/2025\/06\/25\/queremos-moradia-nao-tanques-milhares-protestam-contra-expansao-da-otan-em-haia\/#primaryimage"},"thumbnailUrl":"https:\/\/diariodepe.com.br\/xinhua\/wp-content\/uploads\/sites\/3\/2025\/06\/20250625b5c64e3a638b41169c0bbe9815be482b_2025062553f13dede7c74403869834bf257eaef0.jpeg","articleSection":["Internacional"],"inLanguage":"pt-BR","potentialAction":[{"@type":"CommentAction","name":"Comment","target":["https:\/\/diariodepe.com.br\/xinhua\/2025\/06\/25\/queremos-moradia-nao-tanques-milhares-protestam-contra-expansao-da-otan-em-haia\/#respond"]}]},{"@type":"WebPage","@id":"https:\/\/diariodepe.com.br\/xinhua\/2025\/06\/25\/queremos-moradia-nao-tanques-milhares-protestam-contra-expansao-da-otan-em-haia\/","url":"https:\/\/diariodepe.com.br\/xinhua\/2025\/06\/25\/queremos-moradia-nao-tanques-milhares-protestam-contra-expansao-da-otan-em-haia\/","name":"\"Queremos moradia, n\u00e3o tanques\": milhares protestam contra expans\u00e3o da OTAN em Haia - Xinhua - Diario de Pernambuco","isPartOf":{"@id":"https:\/\/diariodepe.com.br\/xinhua\/#website"},"primaryImageOfPage":{"@id":"https:\/\/diariodepe.com.br\/xinhua\/2025\/06\/25\/queremos-moradia-nao-tanques-milhares-protestam-contra-expansao-da-otan-em-haia\/#primaryimage"},"image":{"@id":"https:\/\/diariodepe.com.br\/xinhua\/2025\/06\/25\/queremos-moradia-nao-tanques-milhares-protestam-contra-expansao-da-otan-em-haia\/#primaryimage"},"thumbnailUrl":"https:\/\/diariodepe.com.br\/xinhua\/wp-content\/uploads\/sites\/3\/2025\/06\/20250625b5c64e3a638b41169c0bbe9815be482b_2025062553f13dede7c74403869834bf257eaef0.jpeg","datePublished":"2025-06-25T18:04:00+00:00","breadcrumb":{"@id":"https:\/\/diariodepe.com.br\/xinhua\/2025\/06\/25\/queremos-moradia-nao-tanques-milhares-protestam-contra-expansao-da-otan-em-haia\/#breadcrumb"},"inLanguage":"pt-BR","potentialAction":[{"@type":"ReadAction","target":["https:\/\/diariodepe.com.br\/xinhua\/2025\/06\/25\/queremos-moradia-nao-tanques-milhares-protestam-contra-expansao-da-otan-em-haia\/"]}]},{"@type":"ImageObject","inLanguage":"pt-BR","@id":"https:\/\/diariodepe.com.br\/xinhua\/2025\/06\/25\/queremos-moradia-nao-tanques-milhares-protestam-contra-expansao-da-otan-em-haia\/#primaryimage","url":"https:\/\/diariodepe.com.br\/xinhua\/wp-content\/uploads\/sites\/3\/2025\/06\/20250625b5c64e3a638b41169c0bbe9815be482b_2025062553f13dede7c74403869834bf257eaef0.jpeg","contentUrl":"https:\/\/diariodepe.com.br\/xinhua\/wp-content\/uploads\/sites\/3\/2025\/06\/20250625b5c64e3a638b41169c0bbe9815be482b_2025062553f13dede7c74403869834bf257eaef0.jpeg","width":900,"height":600,"caption":"(250623) -- THE HAGUE, June 23, 2025 (Xinhua) -- Protesters holding banners and placards are pictured in The Hague, the Netherlands, June 22, 2025. The protest, attended by hundreds, took place two days before the NATO summit, where member states are expected to push for increased defense spending. While the demonstration was billed as opposing NATO and the war in Gaza, it also drew participants holding banners reading \"No Iran War,\" following U.S. airstrikes on three of Iran's nuclear facilities a day earlier. TO GO WITH \"Interview: NATO is global driver of conflicts, U.S. activist says at pre-summit protest\" (Xinhua\/Peng Ziyang)"},{"@type":"BreadcrumbList","@id":"https:\/\/diariodepe.com.br\/xinhua\/2025\/06\/25\/queremos-moradia-nao-tanques-milhares-protestam-contra-expansao-da-otan-em-haia\/#breadcrumb","itemListElement":[{"@type":"ListItem","position":1,"name":"In\u00edcio","item":"https:\/\/diariodepe.com.br\/xinhua\/"},{"@type":"ListItem","position":2,"name":"&#8220;Queremos moradia, n\u00e3o tanques&#8221;: milhares protestam contra expans\u00e3o da OTAN em Haia"}]},{"@type":"WebSite","@id":"https:\/\/diariodepe.com.br\/xinhua\/#website","url":"https:\/\/diariodepe.com.br\/xinhua\/","name":"Xinhua - Diario de Pernambuco","description":"A maior ag\u00eancia de not\u00edcias da China e um dos principais canais para conhecer o pa\u00eds","publisher":{"@id":"https:\/\/diariodepe.com.br\/xinhua\/#organization"},"potentialAction":[{"@type":"SearchAction","target":{"@type":"EntryPoint","urlTemplate":"https:\/\/diariodepe.com.br\/xinhua\/?s={search_term_string}"},"query-input":{"@type":"PropertyValueSpecification","valueRequired":true,"valueName":"search_term_string"}}],"inLanguage":"pt-BR"},{"@type":"Organization","@id":"https:\/\/diariodepe.com.br\/xinhua\/#organization","name":"Xinhua - Diario de Pernambuco","url":"https:\/\/diariodepe.com.br\/xinhua\/","logo":{"@type":"ImageObject","inLanguage":"pt-BR","@id":"https:\/\/diariodepe.com.br\/xinhua\/#\/schema\/logo\/image\/","url":"https:\/\/diariodepe.com.br\/xinhua\/wp-content\/uploads\/sites\/3\/2020\/10\/cropped-logo-transparente-2.png","contentUrl":"https:\/\/diariodepe.com.br\/xinhua\/wp-content\/uploads\/sites\/3\/2020\/10\/cropped-logo-transparente-2.png","width":512,"height":164,"caption":"Xinhua - Diario de Pernambuco"},"image":{"@id":"https:\/\/diariodepe.com.br\/xinhua\/#\/schema\/logo\/image\/"}},{"@type":"Person","@id":"https:\/\/diariodepe.com.br\/xinhua\/#\/schema\/person\/0943d6fd02bdc7b49c8f495e8787a2cb","name":"Marcelo Oliveira de A. Maranhao","image":{"@type":"ImageObject","inLanguage":"pt-BR","@id":"https:\/\/secure.gravatar.com\/avatar\/f562caee940d39879c20e90eea3e4b21860c7d4c96684c23141c554824f0059c?s=96&d=mm&r=g","url":"https:\/\/secure.gravatar.com\/avatar\/f562caee940d39879c20e90eea3e4b21860c7d4c96684c23141c554824f0059c?s=96&d=mm&r=g","contentUrl":"https:\/\/secure.gravatar.com\/avatar\/f562caee940d39879c20e90eea3e4b21860c7d4c96684c23141c554824f0059c?s=96&d=mm&r=g","caption":"Marcelo Oliveira de A. Maranhao"},"url":"https:\/\/diariodepe.com.br\/xinhua\/author\/marcelo-maranhao\/"}]}},"cc_featured_image_caption":{"caption_text":"","source_text":"","source_url":""},"amp_enabled":true,"_links":{"self":[{"href":"https:\/\/diariodepe.com.br\/xinhua\/wp-json\/wp\/v2\/posts\/26703","targetHints":{"allow":["GET"]}}],"collection":[{"href":"https:\/\/diariodepe.com.br\/xinhua\/wp-json\/wp\/v2\/posts"}],"about":[{"href":"https:\/\/diariodepe.com.br\/xinhua\/wp-json\/wp\/v2\/types\/post"}],"author":[{"embeddable":true,"href":"https:\/\/diariodepe.com.br\/xinhua\/wp-json\/wp\/v2\/users\/3"}],"replies":[{"embeddable":true,"href":"https:\/\/diariodepe.com.br\/xinhua\/wp-json\/wp\/v2\/comments?post=26703"}],"version-history":[{"count":1,"href":"https:\/\/diariodepe.com.br\/xinhua\/wp-json\/wp\/v2\/posts\/26703\/revisions"}],"predecessor-version":[{"id":26705,"href":"https:\/\/diariodepe.com.br\/xinhua\/wp-json\/wp\/v2\/posts\/26703\/revisions\/26705"}],"wp:featuredmedia":[{"embeddable":true,"href":"https:\/\/diariodepe.com.br\/xinhua\/wp-json\/wp\/v2\/media\/26704"}],"wp:attachment":[{"href":"https:\/\/diariodepe.com.br\/xinhua\/wp-json\/wp\/v2\/media?parent=26703"}],"wp:term":[{"taxonomy":"category","embeddable":true,"href":"https:\/\/diariodepe.com.br\/xinhua\/wp-json\/wp\/v2\/categories?post=26703"},{"taxonomy":"post_tag","embeddable":true,"href":"https:\/\/diariodepe.com.br\/xinhua\/wp-json\/wp\/v2\/tags?post=26703"}],"curies":[{"name":"wp","href":"https:\/\/api.w.org\/{rel}","templated":true}]}}