{"id":26697,"date":"2025-06-25T13:01:09","date_gmt":"2025-06-25T16:01:09","guid":{"rendered":"https:\/\/www.diariodepe.com.br\/xinhua\/?p=26697"},"modified":"2025-06-25T13:01:10","modified_gmt":"2025-06-25T16:01:10","slug":"china-realizara-desfile-militar-para-marcar-80o-aniversario-da-vitoria-contra-agressao-japonesa-e-fascismo","status":"publish","type":"post","link":"https:\/\/diariodepe.com.br\/xinhua\/2025\/06\/25\/china-realizara-desfile-militar-para-marcar-80o-aniversario-da-vitoria-contra-agressao-japonesa-e-fascismo\/","title":{"rendered":"China realizar\u00e1 desfile militar para marcar 80\u00ba anivers\u00e1rio da vit\u00f3ria contra agress\u00e3o japonesa e fascismo"},"content":{"rendered":"\n<p>Beijing &#8211; A China realizar\u00e1 um desfile militar na Pra\u00e7a Tian&#8217;anmen, no centro de Beijing, em 3 de setembro, para marcar o 80\u00ba anivers\u00e1rio da vit\u00f3ria na Guerra de Resist\u00eancia do Povo Chin\u00eas contra a Agress\u00e3o Japonesa e na Guerra Antifascista Mundial.<\/p>\n\n\n\n<p>&nbsp; &nbsp;O presidente Xi Jinping, tamb\u00e9m secret\u00e1rio-geral do Comit\u00ea Central do Partido Comunista da China (PCCh) e presidente da Comiss\u00e3o Militar Central, passar\u00e1 em revista as tropas e discursar\u00e1 em uma grande reuni\u00e3o a ser realizada no dia para marcar o anivers\u00e1rio.<\/p>\n\n\n\n<p>&nbsp; &nbsp;Em uma coletiva de imprensa realizada nesta ter\u00e7a-feira, Hu Heping, vice-chefe executivo do Departamento de Comunica\u00e7\u00e3o do Comit\u00ea Central do PCCh, anunciou uma s\u00e9rie de eventos que ser\u00e3o realizados este ano para a comemora\u00e7\u00e3o.<\/p>\n\n\n\n<p>&nbsp; &nbsp;L\u00edderes estrangeiros, ex-dignit\u00e1rios pol\u00edticos, funcion\u00e1rios de alto n\u00edvel e chefes de organiza\u00e7\u00f5es internacionais ser\u00e3o convidados, disse Hu.<\/p>\n\n\n\n<p>&nbsp; &nbsp;A China designou o dia 3 de setembro como o Dia da Vit\u00f3ria para marcar a assinatura do Instrumento de Rendi\u00e7\u00e3o do Jap\u00e3o em 2 de setembro de 1945. Em 3 de setembro de 2015, foi realizado um desfile militar em comemora\u00e7\u00e3o ao 70\u00ba anivers\u00e1rio da vit\u00f3ria.<\/p>\n\n\n\n<p>&nbsp; &nbsp;A Guerra de Resist\u00eancia do Povo Chin\u00eas contra a Agress\u00e3o Japonesa foi a primeira a eclodir e foi a mais longa da Guerra Antifascista Mundial, resultando em mais de 35 milh\u00f5es de baixas militares e civis chinesas de 1931 a 1945.<\/p>\n\n\n\n<p>&nbsp; &nbsp;No principal campo de batalha oriental da luta global contra o fascismo, o esfor\u00e7o de resist\u00eancia da China foi decisivo para derrotar o fascismo japon\u00eas e apoiar outras frentes na Europa e na \u00c1sia, contribuindo profundamente para a vit\u00f3ria final e a paz mundial duradoura, acrescentou.<\/p>\n\n\n\n<p>&nbsp; &nbsp;Hu disse que os eventos comemorativos deste ano servem como um tributo solene \u00e0 resist\u00eancia \u00e1rdua e heroica do povo chin\u00eas contra a agress\u00e3o militarista japonesa, reafirmando o compromisso inabal\u00e1vel do povo chin\u00eas com o caminho do desenvolvimento pac\u00edfico e com a defesa da paz mundial.<\/p>\n\n\n\n<p>&nbsp; &nbsp;APRESENTANDO NOVAS CAPACIDADES DE COMBATE<\/p>\n\n\n\n<p>&nbsp; &nbsp;Na coletiva de imprensa de ter\u00e7a-feira, Wu Zeke, oficial s\u00eanior do Departamento de Estado-Maior Conjunto da Comiss\u00e3o Militar Central, disse que a organiza\u00e7\u00e3o de um desfile militar na Pra\u00e7a Tian&#8217;anmen \u00e9 uma parte fundamental da comemora\u00e7\u00e3o e tem um significado de longo alcance.<\/p>\n\n\n\n<p>&nbsp; &nbsp;O desfile deste ano contar\u00e1 com forma\u00e7\u00f5es de marcha, colunas blindadas e escal\u00f5es a\u00e9reos, apresentando tanto as for\u00e7as tradicionais principais de batalha quanto as for\u00e7as de novo dom\u00ednio com novas capacidades de combate, disse ele.<\/p>\n\n\n\n<p>&nbsp; &nbsp;Al\u00e9m da \u00faltima gera\u00e7\u00e3o de armas convencionais, o desfile exibir\u00e1 sistemas inteligentes n\u00e3o tripulados, unidades de combate subaqu\u00e1ticas, for\u00e7as cibern\u00e9ticas e eletr\u00f4nicas e armas hipers\u00f4nicas, demonstrando a forte capacidade dos militares chineses de se adaptarem \u00e0s tend\u00eancias tecnol\u00f3gicas e \u00e0 evolu\u00e7\u00e3o da guerra e de prevalecerem em guerras futuras, disse Wu.<\/p>\n\n\n\n<p>&nbsp; &nbsp;&#8220;Cada pe\u00e7a de armamento programada para exibi\u00e7\u00e3o \u00e9 produzida internamente e serve como equipamento de batalha principal de servi\u00e7o ativo&#8221;, disse Wu.<\/p>\n\n\n\n<p>&nbsp; &nbsp;Todas as armas e equipamentos apresentados no desfile ser\u00e3o selecionados de unidades de combate de diversos servi\u00e7os e armas, abrangendo for\u00e7as de ataque estrat\u00e9gicas, equipamentos operacionais e t\u00e1ticos avan\u00e7ados e unidades emergentes projetadas para guerras futuras.<\/p>\n\n\n\n<p>&nbsp; &nbsp;A exibi\u00e7\u00e3o apresentar\u00e1 uma gama abrangente de recursos, incluindo comando e controle, reconhecimento e alerta antecipado, defesa a\u00e9rea e de m\u00edsseis, ataque com poder de fogo e suporte integrado, de acordo com Wu.<\/p>\n\n\n\n<p>&nbsp; &nbsp;&#8220;As armas e os equipamentos em exposi\u00e7\u00e3o oferecem maior precis\u00e3o de ataque, maior adaptabilidade \u00e0s condi\u00e7\u00f5es do campo de batalha e maior efic\u00e1cia de combate&#8221;, disse Wu.<\/p>\n\n\n\n<p>&nbsp; &nbsp;COMPROMISSO FIRME COM A PAZ<\/p>\n\n\n\n<p>&nbsp; &nbsp;As autoridades presentes na coletiva de imprensa de ter\u00e7a-feira enfatizaram a dedica\u00e7\u00e3o e a determina\u00e7\u00e3o inabal\u00e1veis da China em rela\u00e7\u00e3o \u00e0 paz, conforme demonstrado pelas comemora\u00e7\u00f5es planejadas para marcar a vit\u00f3ria na guerra.<\/p>\n\n\n\n<p>&nbsp; &nbsp;&#8220;As for\u00e7as armadas chinesas sempre foram uma for\u00e7a firme na defesa da paz mundial&#8221;, disse Wu.<\/p>\n\n\n\n<p>&nbsp; &nbsp;Ele disse que as tropas chinesas com experi\u00eancia em manuten\u00e7\u00e3o da paz da ONU participar\u00e3o do desfile.<\/p>\n\n\n\n<p>&nbsp; &nbsp;Esse arranjo n\u00e3o apenas destaca a comemora\u00e7\u00e3o solene da vit\u00f3ria da China na guerra, mas tamb\u00e9m demonstra o compromisso do pa\u00eds com o cumprimento das obriga\u00e7\u00f5es internacionais e a prote\u00e7\u00e3o da paz mundial, observou Wu.<\/p>\n\n\n\n<p>&nbsp; &nbsp;Nos 35 anos desde que se juntou \u00e0s opera\u00e7\u00f5es de manuten\u00e7\u00e3o da paz da ONU, a China enviou mais de 50 mil soldados da paz para mais de 20 pa\u00edses e regi\u00f5es, realizando 26 miss\u00f5es da ONU para proteger a seguran\u00e7a e a estabilidade.<\/p>\n\n\n\n<p>&nbsp; &nbsp;&#8220;Faremos contribui\u00e7\u00f5es ainda maiores para manter a paz mundial e a estabilidade regional&#8221;, acrescentou.<\/p>\n\n\n\n<p>&nbsp; &nbsp;Wu disse que o povo chin\u00eas jamais esquecer\u00e1 o inestim\u00e1vel apoio e assist\u00eancia fornecidos pelos pa\u00edses, povos, organiza\u00e7\u00f5es internacionais e todas as outras for\u00e7as antifascistas amantes da paz em todo o mundo.<\/p>\n\n\n\n<p>&nbsp; &nbsp;Para honrar essa coopera\u00e7\u00e3o internacional, a China convidar\u00e1 estrangeiros que ajudaram a resist\u00eancia do pa\u00eds contra a agress\u00e3o japonesa ou representantes de seus familiares para assistir ao desfile militar em 3 de setembro.<\/p>\n\n\n\n<p>&nbsp; &nbsp;Hu observou que a vit\u00f3ria na Guerra Antifascista Mundial estabeleceu &#8220;uma base crucial para a ordem internacional do p\u00f3s-guerra&#8221;.<\/p>\n\n\n\n<p>&nbsp; &nbsp;&#8220;O povo chin\u00eas trabalhar\u00e1 lado a lado com todas as na\u00e7\u00f5es e povos amantes da paz em todo o mundo para promover uma comunidade com um futuro compartilhado para a humanidade&#8221;, disse Hu.<\/p>\n","protected":false},"excerpt":{"rendered":"<p>Beijing &#8211; A China realizar\u00e1 um desfile militar na Pra\u00e7a Tian&#8217;anmen, no centro de Beijing, em 3 de setembro, para marcar o 80\u00ba anivers\u00e1rio da vit\u00f3ria na Guerra de Resist\u00eancia do Povo Chin\u00eas contra a Agress\u00e3o Japonesa e na Guerra&#8230;<\/p>\n","protected":false},"author":3,"featured_media":26698,"comment_status":"open","ping_status":"open","sticky":false,"template":"","format":"standard","meta":{"footnotes":""},"categories":[1],"tags":[],"class_list":["post-26697","post","type-post","status-publish","format-standard","has-post-thumbnail","hentry","category-geral"],"yoast_head":"<!-- This site is optimized with the Yoast SEO plugin v27.4 - https:\/\/yoast.com\/product\/yoast-seo-wordpress\/ -->\n<title>China realizar\u00e1 desfile militar para marcar 80\u00ba anivers\u00e1rio da vit\u00f3ria contra agress\u00e3o japonesa e fascismo - Xinhua - Diario de Pernambuco<\/title>\n<meta name=\"robots\" content=\"index, follow, max-snippet:-1, max-image-preview:large, max-video-preview:-1\" \/>\n<link rel=\"canonical\" href=\"https:\/\/diariodepe.com.br\/xinhua\/2025\/06\/25\/china-realizara-desfile-militar-para-marcar-80o-aniversario-da-vitoria-contra-agressao-japonesa-e-fascismo\/\" \/>\n<meta property=\"og:locale\" content=\"pt_BR\" \/>\n<meta property=\"og:type\" content=\"article\" \/>\n<meta property=\"og:title\" content=\"China realizar\u00e1 desfile militar para marcar 80\u00ba anivers\u00e1rio da vit\u00f3ria contra agress\u00e3o japonesa e fascismo - Xinhua - Diario de Pernambuco\" \/>\n<meta property=\"og:description\" content=\"Beijing &#8211; A China realizar\u00e1 um desfile militar na Pra\u00e7a Tian&#8217;anmen, no centro de Beijing, em 3 de setembro, para marcar o 80\u00ba anivers\u00e1rio da vit\u00f3ria na Guerra de Resist\u00eancia do Povo Chin\u00eas contra a Agress\u00e3o Japonesa e na Guerra...\" \/>\n<meta property=\"og:url\" content=\"https:\/\/diariodepe.com.br\/xinhua\/2025\/06\/25\/china-realizara-desfile-militar-para-marcar-80o-aniversario-da-vitoria-contra-agressao-japonesa-e-fascismo\/\" \/>\n<meta property=\"og:site_name\" content=\"Xinhua - Diario de Pernambuco\" \/>\n<meta property=\"article:published_time\" content=\"2025-06-25T16:01:09+00:00\" \/>\n<meta property=\"article:modified_time\" content=\"2025-06-25T16:01:10+00:00\" \/>\n<meta property=\"og:image\" content=\"https:\/\/diariodepe.com.br\/xinhua\/wp-content\/uploads\/sites\/3\/2025\/06\/20250625d19827fee7bb455ca0b5d1ddb13b0195_XxjwspP007031_20250625_CBMFN0A001.jpg\" \/>\n\t<meta property=\"og:image:width\" content=\"900\" \/>\n\t<meta property=\"og:image:height\" content=\"600\" \/>\n\t<meta property=\"og:image:type\" content=\"image\/jpeg\" \/>\n<meta name=\"author\" content=\"Marcelo Oliveira de A. Maranhao\" \/>\n<meta name=\"twitter:card\" content=\"summary_large_image\" \/>\n<meta name=\"twitter:label1\" content=\"Escrito por\" \/>\n\t<meta name=\"twitter:data1\" content=\"Marcelo Oliveira de A. Maranhao\" \/>\n\t<meta name=\"twitter:label2\" content=\"Est. tempo de leitura\" \/>\n\t<meta name=\"twitter:data2\" content=\"5 minutos\" \/>\n<script type=\"application\/ld+json\" class=\"yoast-schema-graph\">{\"@context\":\"https:\\\/\\\/schema.org\",\"@graph\":[{\"@type\":\"Article\",\"@id\":\"https:\\\/\\\/diariodepe.com.br\\\/xinhua\\\/2025\\\/06\\\/25\\\/china-realizara-desfile-militar-para-marcar-80o-aniversario-da-vitoria-contra-agressao-japonesa-e-fascismo\\\/#article\",\"isPartOf\":{\"@id\":\"https:\\\/\\\/diariodepe.com.br\\\/xinhua\\\/2025\\\/06\\\/25\\\/china-realizara-desfile-militar-para-marcar-80o-aniversario-da-vitoria-contra-agressao-japonesa-e-fascismo\\\/\"},\"author\":{\"name\":\"Marcelo Oliveira de A. Maranhao\",\"@id\":\"https:\\\/\\\/diariodepe.com.br\\\/xinhua\\\/#\\\/schema\\\/person\\\/0943d6fd02bdc7b49c8f495e8787a2cb\"},\"headline\":\"China realizar\u00e1 desfile militar para marcar 80\u00ba anivers\u00e1rio da vit\u00f3ria contra agress\u00e3o japonesa e fascismo\",\"datePublished\":\"2025-06-25T16:01:09+00:00\",\"dateModified\":\"2025-06-25T16:01:10+00:00\",\"mainEntityOfPage\":{\"@id\":\"https:\\\/\\\/diariodepe.com.br\\\/xinhua\\\/2025\\\/06\\\/25\\\/china-realizara-desfile-militar-para-marcar-80o-aniversario-da-vitoria-contra-agressao-japonesa-e-fascismo\\\/\"},\"wordCount\":1019,\"commentCount\":0,\"publisher\":{\"@id\":\"https:\\\/\\\/diariodepe.com.br\\\/xinhua\\\/#organization\"},\"image\":{\"@id\":\"https:\\\/\\\/diariodepe.com.br\\\/xinhua\\\/2025\\\/06\\\/25\\\/china-realizara-desfile-militar-para-marcar-80o-aniversario-da-vitoria-contra-agressao-japonesa-e-fascismo\\\/#primaryimage\"},\"thumbnailUrl\":\"https:\\\/\\\/diariodepe.com.br\\\/xinhua\\\/wp-content\\\/uploads\\\/sites\\\/3\\\/2025\\\/06\\\/20250625d19827fee7bb455ca0b5d1ddb13b0195_XxjwspP007031_20250625_CBMFN0A001.jpg\",\"articleSection\":[\"Geral\"],\"inLanguage\":\"pt-BR\",\"potentialAction\":[{\"@type\":\"CommentAction\",\"name\":\"Comment\",\"target\":[\"https:\\\/\\\/diariodepe.com.br\\\/xinhua\\\/2025\\\/06\\\/25\\\/china-realizara-desfile-militar-para-marcar-80o-aniversario-da-vitoria-contra-agressao-japonesa-e-fascismo\\\/#respond\"]}]},{\"@type\":\"WebPage\",\"@id\":\"https:\\\/\\\/diariodepe.com.br\\\/xinhua\\\/2025\\\/06\\\/25\\\/china-realizara-desfile-militar-para-marcar-80o-aniversario-da-vitoria-contra-agressao-japonesa-e-fascismo\\\/\",\"url\":\"https:\\\/\\\/diariodepe.com.br\\\/xinhua\\\/2025\\\/06\\\/25\\\/china-realizara-desfile-militar-para-marcar-80o-aniversario-da-vitoria-contra-agressao-japonesa-e-fascismo\\\/\",\"name\":\"China realizar\u00e1 desfile militar para marcar 80\u00ba anivers\u00e1rio da vit\u00f3ria contra agress\u00e3o japonesa e fascismo - Xinhua - Diario de Pernambuco\",\"isPartOf\":{\"@id\":\"https:\\\/\\\/diariodepe.com.br\\\/xinhua\\\/#website\"},\"primaryImageOfPage\":{\"@id\":\"https:\\\/\\\/diariodepe.com.br\\\/xinhua\\\/2025\\\/06\\\/25\\\/china-realizara-desfile-militar-para-marcar-80o-aniversario-da-vitoria-contra-agressao-japonesa-e-fascismo\\\/#primaryimage\"},\"image\":{\"@id\":\"https:\\\/\\\/diariodepe.com.br\\\/xinhua\\\/2025\\\/06\\\/25\\\/china-realizara-desfile-militar-para-marcar-80o-aniversario-da-vitoria-contra-agressao-japonesa-e-fascismo\\\/#primaryimage\"},\"thumbnailUrl\":\"https:\\\/\\\/diariodepe.com.br\\\/xinhua\\\/wp-content\\\/uploads\\\/sites\\\/3\\\/2025\\\/06\\\/20250625d19827fee7bb455ca0b5d1ddb13b0195_XxjwspP007031_20250625_CBMFN0A001.jpg\",\"datePublished\":\"2025-06-25T16:01:09+00:00\",\"dateModified\":\"2025-06-25T16:01:10+00:00\",\"breadcrumb\":{\"@id\":\"https:\\\/\\\/diariodepe.com.br\\\/xinhua\\\/2025\\\/06\\\/25\\\/china-realizara-desfile-militar-para-marcar-80o-aniversario-da-vitoria-contra-agressao-japonesa-e-fascismo\\\/#breadcrumb\"},\"inLanguage\":\"pt-BR\",\"potentialAction\":[{\"@type\":\"ReadAction\",\"target\":[\"https:\\\/\\\/diariodepe.com.br\\\/xinhua\\\/2025\\\/06\\\/25\\\/china-realizara-desfile-militar-para-marcar-80o-aniversario-da-vitoria-contra-agressao-japonesa-e-fascismo\\\/\"]}]},{\"@type\":\"ImageObject\",\"inLanguage\":\"pt-BR\",\"@id\":\"https:\\\/\\\/diariodepe.com.br\\\/xinhua\\\/2025\\\/06\\\/25\\\/china-realizara-desfile-militar-para-marcar-80o-aniversario-da-vitoria-contra-agressao-japonesa-e-fascismo\\\/#primaryimage\",\"url\":\"https:\\\/\\\/diariodepe.com.br\\\/xinhua\\\/wp-content\\\/uploads\\\/sites\\\/3\\\/2025\\\/06\\\/20250625d19827fee7bb455ca0b5d1ddb13b0195_XxjwspP007031_20250625_CBMFN0A001.jpg\",\"contentUrl\":\"https:\\\/\\\/diariodepe.com.br\\\/xinhua\\\/wp-content\\\/uploads\\\/sites\\\/3\\\/2025\\\/06\\\/20250625d19827fee7bb455ca0b5d1ddb13b0195_XxjwspP007031_20250625_CBMFN0A001.jpg\",\"width\":900,\"height\":600,\"caption\":\"(250624) -- BEIJING, June 24, 2025 (Xinhua) -- China's State Council Information Office holds a press conference on plans for marking the 80th anniversary of the victory in the Chinese People's War of Resistance Against Japanese Aggression and the World Anti-Fascist War, in Beijing, capital of China, June 24, 2025. Hu Heping, executive vice minister of the Publicity Department of the Communist Party of China Central Committee, and Major General Wu Zeke, deputy director of the Leading Group Office of Military Parade and deputy director general of the Operation Bureau of the Joint Staff Department of the Central Military Commission, briefed the media on the arrangement of commemorative activities and took questions. (Xinhua\\\/Jin Liangkuai)\"},{\"@type\":\"BreadcrumbList\",\"@id\":\"https:\\\/\\\/diariodepe.com.br\\\/xinhua\\\/2025\\\/06\\\/25\\\/china-realizara-desfile-militar-para-marcar-80o-aniversario-da-vitoria-contra-agressao-japonesa-e-fascismo\\\/#breadcrumb\",\"itemListElement\":[{\"@type\":\"ListItem\",\"position\":1,\"name\":\"In\u00edcio\",\"item\":\"https:\\\/\\\/diariodepe.com.br\\\/xinhua\\\/\"},{\"@type\":\"ListItem\",\"position\":2,\"name\":\"China realizar\u00e1 desfile militar para marcar 80\u00ba anivers\u00e1rio da vit\u00f3ria contra agress\u00e3o japonesa e fascismo\"}]},{\"@type\":\"WebSite\",\"@id\":\"https:\\\/\\\/diariodepe.com.br\\\/xinhua\\\/#website\",\"url\":\"https:\\\/\\\/diariodepe.com.br\\\/xinhua\\\/\",\"name\":\"Xinhua - Diario de Pernambuco\",\"description\":\"A maior ag\u00eancia de not\u00edcias da China e um dos principais canais para conhecer o pa\u00eds\",\"publisher\":{\"@id\":\"https:\\\/\\\/diariodepe.com.br\\\/xinhua\\\/#organization\"},\"potentialAction\":[{\"@type\":\"SearchAction\",\"target\":{\"@type\":\"EntryPoint\",\"urlTemplate\":\"https:\\\/\\\/diariodepe.com.br\\\/xinhua\\\/?s={search_term_string}\"},\"query-input\":{\"@type\":\"PropertyValueSpecification\",\"valueRequired\":true,\"valueName\":\"search_term_string\"}}],\"inLanguage\":\"pt-BR\"},{\"@type\":\"Organization\",\"@id\":\"https:\\\/\\\/diariodepe.com.br\\\/xinhua\\\/#organization\",\"name\":\"Xinhua - Diario de Pernambuco\",\"url\":\"https:\\\/\\\/diariodepe.com.br\\\/xinhua\\\/\",\"logo\":{\"@type\":\"ImageObject\",\"inLanguage\":\"pt-BR\",\"@id\":\"https:\\\/\\\/diariodepe.com.br\\\/xinhua\\\/#\\\/schema\\\/logo\\\/image\\\/\",\"url\":\"https:\\\/\\\/diariodepe.com.br\\\/xinhua\\\/wp-content\\\/uploads\\\/sites\\\/3\\\/2020\\\/10\\\/cropped-logo-transparente-2.png\",\"contentUrl\":\"https:\\\/\\\/diariodepe.com.br\\\/xinhua\\\/wp-content\\\/uploads\\\/sites\\\/3\\\/2020\\\/10\\\/cropped-logo-transparente-2.png\",\"width\":512,\"height\":164,\"caption\":\"Xinhua - Diario de Pernambuco\"},\"image\":{\"@id\":\"https:\\\/\\\/diariodepe.com.br\\\/xinhua\\\/#\\\/schema\\\/logo\\\/image\\\/\"}},{\"@type\":\"Person\",\"@id\":\"https:\\\/\\\/diariodepe.com.br\\\/xinhua\\\/#\\\/schema\\\/person\\\/0943d6fd02bdc7b49c8f495e8787a2cb\",\"name\":\"Marcelo Oliveira de A. Maranhao\",\"image\":{\"@type\":\"ImageObject\",\"inLanguage\":\"pt-BR\",\"@id\":\"https:\\\/\\\/secure.gravatar.com\\\/avatar\\\/f562caee940d39879c20e90eea3e4b21860c7d4c96684c23141c554824f0059c?s=96&d=mm&r=g\",\"url\":\"https:\\\/\\\/secure.gravatar.com\\\/avatar\\\/f562caee940d39879c20e90eea3e4b21860c7d4c96684c23141c554824f0059c?s=96&d=mm&r=g\",\"contentUrl\":\"https:\\\/\\\/secure.gravatar.com\\\/avatar\\\/f562caee940d39879c20e90eea3e4b21860c7d4c96684c23141c554824f0059c?s=96&d=mm&r=g\",\"caption\":\"Marcelo Oliveira de A. Maranhao\"},\"url\":\"https:\\\/\\\/diariodepe.com.br\\\/xinhua\\\/author\\\/marcelo-maranhao\\\/\"}]}<\/script>\n<!-- \/ Yoast SEO plugin. -->","yoast_head_json":{"title":"China realizar\u00e1 desfile militar para marcar 80\u00ba anivers\u00e1rio da vit\u00f3ria contra agress\u00e3o japonesa e fascismo - Xinhua - Diario de Pernambuco","robots":{"index":"index","follow":"follow","max-snippet":"max-snippet:-1","max-image-preview":"max-image-preview:large","max-video-preview":"max-video-preview:-1"},"canonical":"https:\/\/diariodepe.com.br\/xinhua\/2025\/06\/25\/china-realizara-desfile-militar-para-marcar-80o-aniversario-da-vitoria-contra-agressao-japonesa-e-fascismo\/","og_locale":"pt_BR","og_type":"article","og_title":"China realizar\u00e1 desfile militar para marcar 80\u00ba anivers\u00e1rio da vit\u00f3ria contra agress\u00e3o japonesa e fascismo - Xinhua - Diario de Pernambuco","og_description":"Beijing &#8211; A China realizar\u00e1 um desfile militar na Pra\u00e7a Tian&#8217;anmen, no centro de Beijing, em 3 de setembro, para marcar o 80\u00ba anivers\u00e1rio da vit\u00f3ria na Guerra de Resist\u00eancia do Povo Chin\u00eas contra a Agress\u00e3o Japonesa e na Guerra...","og_url":"https:\/\/diariodepe.com.br\/xinhua\/2025\/06\/25\/china-realizara-desfile-militar-para-marcar-80o-aniversario-da-vitoria-contra-agressao-japonesa-e-fascismo\/","og_site_name":"Xinhua - Diario de Pernambuco","article_published_time":"2025-06-25T16:01:09+00:00","article_modified_time":"2025-06-25T16:01:10+00:00","og_image":[{"width":900,"height":600,"url":"https:\/\/diariodepe.com.br\/xinhua\/wp-content\/uploads\/sites\/3\/2025\/06\/20250625d19827fee7bb455ca0b5d1ddb13b0195_XxjwspP007031_20250625_CBMFN0A001.jpg","type":"image\/jpeg"}],"author":"Marcelo Oliveira de A. Maranhao","twitter_card":"summary_large_image","twitter_misc":{"Escrito por":"Marcelo Oliveira de A. Maranhao","Est. tempo de leitura":"5 minutos"},"schema":{"@context":"https:\/\/schema.org","@graph":[{"@type":"Article","@id":"https:\/\/diariodepe.com.br\/xinhua\/2025\/06\/25\/china-realizara-desfile-militar-para-marcar-80o-aniversario-da-vitoria-contra-agressao-japonesa-e-fascismo\/#article","isPartOf":{"@id":"https:\/\/diariodepe.com.br\/xinhua\/2025\/06\/25\/china-realizara-desfile-militar-para-marcar-80o-aniversario-da-vitoria-contra-agressao-japonesa-e-fascismo\/"},"author":{"name":"Marcelo Oliveira de A. Maranhao","@id":"https:\/\/diariodepe.com.br\/xinhua\/#\/schema\/person\/0943d6fd02bdc7b49c8f495e8787a2cb"},"headline":"China realizar\u00e1 desfile militar para marcar 80\u00ba anivers\u00e1rio da vit\u00f3ria contra agress\u00e3o japonesa e fascismo","datePublished":"2025-06-25T16:01:09+00:00","dateModified":"2025-06-25T16:01:10+00:00","mainEntityOfPage":{"@id":"https:\/\/diariodepe.com.br\/xinhua\/2025\/06\/25\/china-realizara-desfile-militar-para-marcar-80o-aniversario-da-vitoria-contra-agressao-japonesa-e-fascismo\/"},"wordCount":1019,"commentCount":0,"publisher":{"@id":"https:\/\/diariodepe.com.br\/xinhua\/#organization"},"image":{"@id":"https:\/\/diariodepe.com.br\/xinhua\/2025\/06\/25\/china-realizara-desfile-militar-para-marcar-80o-aniversario-da-vitoria-contra-agressao-japonesa-e-fascismo\/#primaryimage"},"thumbnailUrl":"https:\/\/diariodepe.com.br\/xinhua\/wp-content\/uploads\/sites\/3\/2025\/06\/20250625d19827fee7bb455ca0b5d1ddb13b0195_XxjwspP007031_20250625_CBMFN0A001.jpg","articleSection":["Geral"],"inLanguage":"pt-BR","potentialAction":[{"@type":"CommentAction","name":"Comment","target":["https:\/\/diariodepe.com.br\/xinhua\/2025\/06\/25\/china-realizara-desfile-militar-para-marcar-80o-aniversario-da-vitoria-contra-agressao-japonesa-e-fascismo\/#respond"]}]},{"@type":"WebPage","@id":"https:\/\/diariodepe.com.br\/xinhua\/2025\/06\/25\/china-realizara-desfile-militar-para-marcar-80o-aniversario-da-vitoria-contra-agressao-japonesa-e-fascismo\/","url":"https:\/\/diariodepe.com.br\/xinhua\/2025\/06\/25\/china-realizara-desfile-militar-para-marcar-80o-aniversario-da-vitoria-contra-agressao-japonesa-e-fascismo\/","name":"China realizar\u00e1 desfile militar para marcar 80\u00ba anivers\u00e1rio da vit\u00f3ria contra agress\u00e3o japonesa e fascismo - Xinhua - Diario de Pernambuco","isPartOf":{"@id":"https:\/\/diariodepe.com.br\/xinhua\/#website"},"primaryImageOfPage":{"@id":"https:\/\/diariodepe.com.br\/xinhua\/2025\/06\/25\/china-realizara-desfile-militar-para-marcar-80o-aniversario-da-vitoria-contra-agressao-japonesa-e-fascismo\/#primaryimage"},"image":{"@id":"https:\/\/diariodepe.com.br\/xinhua\/2025\/06\/25\/china-realizara-desfile-militar-para-marcar-80o-aniversario-da-vitoria-contra-agressao-japonesa-e-fascismo\/#primaryimage"},"thumbnailUrl":"https:\/\/diariodepe.com.br\/xinhua\/wp-content\/uploads\/sites\/3\/2025\/06\/20250625d19827fee7bb455ca0b5d1ddb13b0195_XxjwspP007031_20250625_CBMFN0A001.jpg","datePublished":"2025-06-25T16:01:09+00:00","dateModified":"2025-06-25T16:01:10+00:00","breadcrumb":{"@id":"https:\/\/diariodepe.com.br\/xinhua\/2025\/06\/25\/china-realizara-desfile-militar-para-marcar-80o-aniversario-da-vitoria-contra-agressao-japonesa-e-fascismo\/#breadcrumb"},"inLanguage":"pt-BR","potentialAction":[{"@type":"ReadAction","target":["https:\/\/diariodepe.com.br\/xinhua\/2025\/06\/25\/china-realizara-desfile-militar-para-marcar-80o-aniversario-da-vitoria-contra-agressao-japonesa-e-fascismo\/"]}]},{"@type":"ImageObject","inLanguage":"pt-BR","@id":"https:\/\/diariodepe.com.br\/xinhua\/2025\/06\/25\/china-realizara-desfile-militar-para-marcar-80o-aniversario-da-vitoria-contra-agressao-japonesa-e-fascismo\/#primaryimage","url":"https:\/\/diariodepe.com.br\/xinhua\/wp-content\/uploads\/sites\/3\/2025\/06\/20250625d19827fee7bb455ca0b5d1ddb13b0195_XxjwspP007031_20250625_CBMFN0A001.jpg","contentUrl":"https:\/\/diariodepe.com.br\/xinhua\/wp-content\/uploads\/sites\/3\/2025\/06\/20250625d19827fee7bb455ca0b5d1ddb13b0195_XxjwspP007031_20250625_CBMFN0A001.jpg","width":900,"height":600,"caption":"(250624) -- BEIJING, June 24, 2025 (Xinhua) -- China's State Council Information Office holds a press conference on plans for marking the 80th anniversary of the victory in the Chinese People's War of Resistance Against Japanese Aggression and the World Anti-Fascist War, in Beijing, capital of China, June 24, 2025. Hu Heping, executive vice minister of the Publicity Department of the Communist Party of China Central Committee, and Major General Wu Zeke, deputy director of the Leading Group Office of Military Parade and deputy director general of the Operation Bureau of the Joint Staff Department of the Central Military Commission, briefed the media on the arrangement of commemorative activities and took questions. (Xinhua\/Jin Liangkuai)"},{"@type":"BreadcrumbList","@id":"https:\/\/diariodepe.com.br\/xinhua\/2025\/06\/25\/china-realizara-desfile-militar-para-marcar-80o-aniversario-da-vitoria-contra-agressao-japonesa-e-fascismo\/#breadcrumb","itemListElement":[{"@type":"ListItem","position":1,"name":"In\u00edcio","item":"https:\/\/diariodepe.com.br\/xinhua\/"},{"@type":"ListItem","position":2,"name":"China realizar\u00e1 desfile militar para marcar 80\u00ba anivers\u00e1rio da vit\u00f3ria contra agress\u00e3o japonesa e fascismo"}]},{"@type":"WebSite","@id":"https:\/\/diariodepe.com.br\/xinhua\/#website","url":"https:\/\/diariodepe.com.br\/xinhua\/","name":"Xinhua - Diario de Pernambuco","description":"A maior ag\u00eancia de not\u00edcias da China e um dos principais canais para conhecer o pa\u00eds","publisher":{"@id":"https:\/\/diariodepe.com.br\/xinhua\/#organization"},"potentialAction":[{"@type":"SearchAction","target":{"@type":"EntryPoint","urlTemplate":"https:\/\/diariodepe.com.br\/xinhua\/?s={search_term_string}"},"query-input":{"@type":"PropertyValueSpecification","valueRequired":true,"valueName":"search_term_string"}}],"inLanguage":"pt-BR"},{"@type":"Organization","@id":"https:\/\/diariodepe.com.br\/xinhua\/#organization","name":"Xinhua - Diario de Pernambuco","url":"https:\/\/diariodepe.com.br\/xinhua\/","logo":{"@type":"ImageObject","inLanguage":"pt-BR","@id":"https:\/\/diariodepe.com.br\/xinhua\/#\/schema\/logo\/image\/","url":"https:\/\/diariodepe.com.br\/xinhua\/wp-content\/uploads\/sites\/3\/2020\/10\/cropped-logo-transparente-2.png","contentUrl":"https:\/\/diariodepe.com.br\/xinhua\/wp-content\/uploads\/sites\/3\/2020\/10\/cropped-logo-transparente-2.png","width":512,"height":164,"caption":"Xinhua - Diario de Pernambuco"},"image":{"@id":"https:\/\/diariodepe.com.br\/xinhua\/#\/schema\/logo\/image\/"}},{"@type":"Person","@id":"https:\/\/diariodepe.com.br\/xinhua\/#\/schema\/person\/0943d6fd02bdc7b49c8f495e8787a2cb","name":"Marcelo Oliveira de A. Maranhao","image":{"@type":"ImageObject","inLanguage":"pt-BR","@id":"https:\/\/secure.gravatar.com\/avatar\/f562caee940d39879c20e90eea3e4b21860c7d4c96684c23141c554824f0059c?s=96&d=mm&r=g","url":"https:\/\/secure.gravatar.com\/avatar\/f562caee940d39879c20e90eea3e4b21860c7d4c96684c23141c554824f0059c?s=96&d=mm&r=g","contentUrl":"https:\/\/secure.gravatar.com\/avatar\/f562caee940d39879c20e90eea3e4b21860c7d4c96684c23141c554824f0059c?s=96&d=mm&r=g","caption":"Marcelo Oliveira de A. Maranhao"},"url":"https:\/\/diariodepe.com.br\/xinhua\/author\/marcelo-maranhao\/"}]}},"cc_featured_image_caption":{"caption_text":"","source_text":"","source_url":""},"amp_enabled":true,"_links":{"self":[{"href":"https:\/\/diariodepe.com.br\/xinhua\/wp-json\/wp\/v2\/posts\/26697","targetHints":{"allow":["GET"]}}],"collection":[{"href":"https:\/\/diariodepe.com.br\/xinhua\/wp-json\/wp\/v2\/posts"}],"about":[{"href":"https:\/\/diariodepe.com.br\/xinhua\/wp-json\/wp\/v2\/types\/post"}],"author":[{"embeddable":true,"href":"https:\/\/diariodepe.com.br\/xinhua\/wp-json\/wp\/v2\/users\/3"}],"replies":[{"embeddable":true,"href":"https:\/\/diariodepe.com.br\/xinhua\/wp-json\/wp\/v2\/comments?post=26697"}],"version-history":[{"count":1,"href":"https:\/\/diariodepe.com.br\/xinhua\/wp-json\/wp\/v2\/posts\/26697\/revisions"}],"predecessor-version":[{"id":26699,"href":"https:\/\/diariodepe.com.br\/xinhua\/wp-json\/wp\/v2\/posts\/26697\/revisions\/26699"}],"wp:featuredmedia":[{"embeddable":true,"href":"https:\/\/diariodepe.com.br\/xinhua\/wp-json\/wp\/v2\/media\/26698"}],"wp:attachment":[{"href":"https:\/\/diariodepe.com.br\/xinhua\/wp-json\/wp\/v2\/media?parent=26697"}],"wp:term":[{"taxonomy":"category","embeddable":true,"href":"https:\/\/diariodepe.com.br\/xinhua\/wp-json\/wp\/v2\/categories?post=26697"},{"taxonomy":"post_tag","embeddable":true,"href":"https:\/\/diariodepe.com.br\/xinhua\/wp-json\/wp\/v2\/tags?post=26697"}],"curies":[{"name":"wp","href":"https:\/\/api.w.org\/{rel}","templated":true}]}}