{"id":26692,"date":"2025-06-24T16:21:00","date_gmt":"2025-06-24T19:21:00","guid":{"rendered":"https:\/\/www.diariodepe.com.br\/xinhua\/?p=26692"},"modified":"2025-06-24T10:46:59","modified_gmt":"2025-06-24T13:46:59","slug":"entrevista-otan-e-motor-global-de-conflitos-diz-ativista-dos-eua-em-protesto-pre-cupula","status":"publish","type":"post","link":"https:\/\/diariodepe.com.br\/xinhua\/2025\/06\/24\/entrevista-otan-e-motor-global-de-conflitos-diz-ativista-dos-eua-em-protesto-pre-cupula\/","title":{"rendered":"Entrevista: OTAN \u00e9 motor global de conflitos, diz ativista dos EUA em protesto pr\u00e9-c\u00fapula"},"content":{"rendered":"\n<p>Haia &#8211; A OTAN se tornou um motor de conflito global em vez de uma for\u00e7a de paz, priorizando a expans\u00e3o militar em detrimento do bem-estar p\u00fablico, disse um ativista antiguerra americano no domingo, durante um protesto antes da c\u00fapula anual da alian\u00e7a.<\/p>\n\n\n\n<p>&#8220;As guerras est\u00e3o se multiplicando, os gastos militares est\u00e3o aumentando e a OTAN est\u00e1 instruindo na\u00e7\u00e3o ap\u00f3s na\u00e7\u00e3o a tirar dinheiro da educa\u00e7\u00e3o, da aposentadoria, da sa\u00fade e da energia verde e coloc\u00e1-lo em armas e guerras&#8221;, disse David Swanson, diretor executivo do grupo sem fins lucrativos World Beyond War, em entrevista \u00e0 Xinhua.<\/p>\n\n\n\n<p>Swanson, que viajou dos Estados Unidos para participar do protesto pr\u00f3ximo ao Tribunal Penal Internacional (TPI) em Haia, disse que a presen\u00e7a da OTAN na cidade era &#8220;ir\u00f4nica&#8221;, considerando o que ele descreveu como o papel da alian\u00e7a em alimentar conflitos em todo o mundo.<\/p>\n\n\n\n<p>&#8220;A OTAN deveria ter vindo a Haia porque o Tribunal Penal Internacional est\u00e1 aqui, e seus l\u00edderes deveriam se apresentar para serem processados. Mas ela n\u00e3o deveria estar aqui para organizar o mundo para mais guerras e mais gastos militares&#8221;, disse ele. &#8220;A OTAN pode ser abolida e o mundo (seria) mais seguro sem ela.&#8221;<\/p>\n\n\n\n<p>O protesto, que contou com a participa\u00e7\u00e3o de centenas de pessoas, ocorreu dois dias antes da reuni\u00e3o de c\u00fapula da OTAN, na qual se espera que os Estados-membros pressionem por maiores gastos com defesa. Embora a manifesta\u00e7\u00e3o tenha sido anunciada como uma oposi\u00e7\u00e3o \u00e0 OTAN e \u00e0 guerra em Gaza, ela tamb\u00e9m atraiu participantes com faixas que diziam &#8220;N\u00e3o \u00e0 Guerra do Ir\u00e3&#8221;, ap\u00f3s os ataques a\u00e9reos dos EUA a tr\u00eas instala\u00e7\u00f5es nucleares iranianas no dia anterior.<\/p>\n\n\n\n<p>Swanson afirmou que a expans\u00e3o da OTAN desde a Guerra Fria, com 32 membros atualmente, s\u00f3 agravou a inseguran\u00e7a global.<\/p>\n\n\n\n<p>&#8220;A OTAN est\u00e1 se expandindo globalmente e adicionando parceiros ao redor do mundo, e se tornou a maior distribuidora de armas, promotora de guerras e criadora de bases militares ao redor do mundo&#8221;, disse ele, acrescentando que a organiza\u00e7\u00e3o certamente deveria ter sido dissolvida quando a Guerra Fria terminou.<\/p>\n\n\n\n<p>Ele tamb\u00e9m criticou os pa\u00edses membros da OTAN por seguirem as diretrizes dos EUA sem levar em conta a opini\u00e3o p\u00fablica nacional ou o direito internacional.<\/p>\n\n\n\n<p>&#8220;Os pa\u00edses da OTAN s\u00e3o servos do governo dos EUA, col\u00f4nias do governo dos EUA e obedientes ao governo dos EUA&#8221;, disse Swanson. &#8220;Eles precisam come\u00e7ar a ouvir os povos de seus pa\u00edses, o direito internacional e as Na\u00e7\u00f5es Unidas.&#8221;<\/p>\n\n\n\n<figure class=\"wp-block-image\"><img decoding=\"async\" src=\"https:\/\/portuguese.news.cn\/20250624\/a9e749966ce84302847cc5aa1d5a8a1c\/20250624a9e749966ce84302847cc5aa1d5a8a1c_202506241e136de134204cd9a82ea134f5ba23eb.jpeg\" alt=\"\"\/><\/figure>\n\n\n\n<p>Manifestante segurando um cartaz \u00e9 fotografada em Haia, Holanda, em 22 de junho de 2025. O protesto, que contou com a participa\u00e7\u00e3o de centenas de pessoas, ocorreu dois dias antes da reuni\u00e3o de c\u00fapula da OTAN, na qual se espera que os Estados-membros pressionem por maiores gastos com defesa. Embora a manifesta\u00e7\u00e3o tenha sido anunciada como uma oposi\u00e7\u00e3o \u00e0 OTAN e \u00e0 guerra em Gaza, ela tamb\u00e9m atraiu participantes com faixas que diziam &#8220;N\u00e3o \u00e0 Guerra do Ir\u00e3&#8221;, ap\u00f3s os ataques a\u00e9reos dos EUA a tr\u00eas instala\u00e7\u00f5es nucleares iranianas no dia anterior. (Xinhua\/Zhao Dingzhe)<\/p>\n\n\n\n<figure class=\"wp-block-image\"><img decoding=\"async\" src=\"https:\/\/portuguese.news.cn\/20250624\/a9e749966ce84302847cc5aa1d5a8a1c\/20250624a9e749966ce84302847cc5aa1d5a8a1c_202506244d493ce0118843098d2afb245fc5d17c.jpeg\" alt=\"\"\/><\/figure>\n\n\n\n<p>Manifestantes segurando faixas e cartazes s\u00e3o fotografados em Haia, Holanda, em 22 de junho de 2025. O protesto, que contou com a participa\u00e7\u00e3o de centenas de pessoas, ocorreu dois dias antes da reuni\u00e3o de c\u00fapula da OTAN, na qual se espera que os Estados-membros pressionem por maiores gastos com defesa. Embora a manifesta\u00e7\u00e3o tenha sido anunciada como uma oposi\u00e7\u00e3o \u00e0 OTAN e \u00e0 guerra em Gaza, ela tamb\u00e9m atraiu participantes com faixas que diziam &#8220;N\u00e3o \u00e0 Guerra do Ir\u00e3&#8221;, ap\u00f3s os ataques a\u00e9reos dos EUA a tr\u00eas instala\u00e7\u00f5es nucleares iranianas no dia anterior. (Xinhua\/Zhao Dingzhe)<\/p>\n\n\n\n<figure class=\"wp-block-image\"><img decoding=\"async\" src=\"https:\/\/portuguese.news.cn\/20250624\/a9e749966ce84302847cc5aa1d5a8a1c\/20250624a9e749966ce84302847cc5aa1d5a8a1c_20250624b05db090ef72494a9b2db3e7f330a3a8.jpeg\" alt=\"\"\/><\/figure>\n\n\n\n<p>Manifestantes segurando faixas e cartazes s\u00e3o fotografados em Haia, Holanda, em 22 de junho de 2025. O protesto, que contou com a participa\u00e7\u00e3o de centenas de pessoas, ocorreu dois dias antes da reuni\u00e3o de c\u00fapula da OTAN, na qual se espera que os Estados-membros pressionem por maiores gastos com defesa. Embora a manifesta\u00e7\u00e3o tenha sido anunciada como uma oposi\u00e7\u00e3o \u00e0 OTAN e \u00e0 guerra em Gaza, ela tamb\u00e9m atraiu participantes com faixas que diziam &#8220;N\u00e3o \u00e0 Guerra do Ir\u00e3&#8221;, ap\u00f3s os ataques a\u00e9reos dos EUA a tr\u00eas instala\u00e7\u00f5es nucleares iranianas no dia anterior. (Xinhua\/Zhao Dingzhe)<\/p>\n\n\n\n<figure class=\"wp-block-image\"><img decoding=\"async\" src=\"https:\/\/portuguese.news.cn\/20250624\/a9e749966ce84302847cc5aa1d5a8a1c\/20250624a9e749966ce84302847cc5aa1d5a8a1c_20250624a6b047de964746508e592cbb05d03d36.jpeg\" alt=\"\"\/><\/figure>\n\n\n\n<p>Manifestantes segurando faixas e cartazes s\u00e3o fotografados em Haia, Holanda, em 22 de junho de 2025. O protesto, que contou com a participa\u00e7\u00e3o de centenas de pessoas, ocorreu dois dias antes da reuni\u00e3o de c\u00fapula da OTAN, na qual se espera que os Estados-membros pressionem por maiores gastos com defesa. Embora a manifesta\u00e7\u00e3o tenha sido anunciada como uma oposi\u00e7\u00e3o \u00e0 OTAN e \u00e0 guerra em Gaza, ela tamb\u00e9m atraiu participantes com faixas que diziam &#8220;N\u00e3o \u00e0 Guerra do Ir\u00e3&#8221;, ap\u00f3s os ataques a\u00e9reos dos EUA a tr\u00eas instala\u00e7\u00f5es nucleares iranianas no dia anterior. (Xinhua\/Peng Ziyang)<\/p>\n\n\n\n<figure class=\"wp-block-image\"><img decoding=\"async\" src=\"https:\/\/portuguese.news.cn\/20250624\/a9e749966ce84302847cc5aa1d5a8a1c\/20250624a9e749966ce84302847cc5aa1d5a8a1c_202506241cdb531aab154bed87a141305c8da64f.jpeg\" alt=\"\"\/><\/figure>\n\n\n\n<p>Manifestantes segurando cartazes s\u00e3o fotografados em Haia, Holanda, em 22 de junho de 2025. O protesto, que contou com a participa\u00e7\u00e3o de centenas de pessoas, ocorreu dois dias antes da reuni\u00e3o de c\u00fapula da OTAN, na qual se espera que os Estados-membros pressionem por maiores gastos com defesa. Embora a manifesta\u00e7\u00e3o tenha sido anunciada como uma oposi\u00e7\u00e3o \u00e0 OTAN e \u00e0 guerra em Gaza, ela tamb\u00e9m atraiu participantes com faixas que diziam &#8220;N\u00e3o \u00e0 Guerra do Ir\u00e3&#8221;, ap\u00f3s os ataques a\u00e9reos dos EUA a tr\u00eas instala\u00e7\u00f5es nucleares iranianas no dia anterior. (Xinhua\/Zhao Dingzhe)<\/p>\n\n\n\n<figure class=\"wp-block-image\"><img decoding=\"async\" src=\"https:\/\/portuguese.news.cn\/20250624\/a9e749966ce84302847cc5aa1d5a8a1c\/20250624a9e749966ce84302847cc5aa1d5a8a1c_20250624182b3bd5d4654338901e631611d42a16.jpeg\" alt=\"\"\/><\/figure>\n\n\n\n<p>Manifestante segurando um cartaz \u00e9 fotografado em Haia, Holanda, em 22 de junho de 2025. O protesto, que contou com a participa\u00e7\u00e3o de centenas de pessoas, ocorreu dois dias antes da reuni\u00e3o de c\u00fapula da OTAN, na qual se espera que os Estados-membros pressionem por maiores gastos com defesa. Embora a manifesta\u00e7\u00e3o tenha sido anunciada como uma oposi\u00e7\u00e3o \u00e0 OTAN e \u00e0 guerra em Gaza, ela tamb\u00e9m atraiu participantes com faixas que diziam &#8220;N\u00e3o \u00e0 Guerra do Ir\u00e3&#8221;, ap\u00f3s os ataques a\u00e9reos dos EUA a tr\u00eas instala\u00e7\u00f5es nucleares iranianas no dia anterior. (Xinhua\/Zhao Dingzhe)<\/p>\n\n\n\n<figure class=\"wp-block-image\"><img decoding=\"async\" src=\"https:\/\/portuguese.news.cn\/20250624\/a9e749966ce84302847cc5aa1d5a8a1c\/20250624a9e749966ce84302847cc5aa1d5a8a1c_2025062420446a637d66422ca3001920bf2c0e8b.jpeg\" alt=\"\"\/><\/figure>\n\n\n\n<p>Manifestantes segurando cartazes s\u00e3o fotografados em Haia, Holanda, em 22 de junho de 2025. O protesto, que contou com a participa\u00e7\u00e3o de centenas de pessoas, ocorreu dois dias antes da reuni\u00e3o de c\u00fapula da OTAN, na qual se espera que os Estados-membros pressionem por maiores gastos com defesa. Embora a manifesta\u00e7\u00e3o tenha sido anunciada como uma oposi\u00e7\u00e3o \u00e0 OTAN e \u00e0 guerra em Gaza, ela tamb\u00e9m atraiu participantes com faixas que diziam &#8220;N\u00e3o \u00e0 Guerra do Ir\u00e3&#8221;, ap\u00f3s os ataques a\u00e9reos dos EUA a tr\u00eas instala\u00e7\u00f5es nucleares iranianas no dia anterior. (Xinhua\/Zhao Dingzhe)<\/p>\n\n\n\n<figure class=\"wp-block-image\"><img decoding=\"async\" src=\"https:\/\/portuguese.news.cn\/20250624\/a9e749966ce84302847cc5aa1d5a8a1c\/20250624a9e749966ce84302847cc5aa1d5a8a1c_202506247ad97de44b96432497b6bfc7a67a1366.jpeg\" alt=\"\"\/><\/figure>\n\n\n\n<p>Manifestantes segurando faixas e cartazes s\u00e3o fotografados em Haia, Holanda, em 22 de junho de 2025. O protesto, que contou com a participa\u00e7\u00e3o de centenas de pessoas, ocorreu dois dias antes da reuni\u00e3o de c\u00fapula da OTAN, na qual se espera que os Estados-membros pressionem por maiores gastos com defesa. Embora a manifesta\u00e7\u00e3o tenha sido anunciada como uma oposi\u00e7\u00e3o \u00e0 OTAN e \u00e0 guerra em Gaza, ela tamb\u00e9m atraiu participantes com faixas que diziam &#8220;N\u00e3o \u00e0 Guerra do Ir\u00e3&#8221;, ap\u00f3s os ataques a\u00e9reos dos EUA a tr\u00eas instala\u00e7\u00f5es nucleares iranianas no dia anterior. (Xinhua\/Zhao Dingzhe)<\/p>\n\n\n\n<figure class=\"wp-block-image\"><img decoding=\"async\" src=\"https:\/\/portuguese.news.cn\/20250624\/a9e749966ce84302847cc5aa1d5a8a1c\/20250624a9e749966ce84302847cc5aa1d5a8a1c_202506245e9c7e8f00bb43d494274f5d60f350a3.jpeg\" alt=\"\"\/><\/figure>\n\n\n\n<p>Manifestantes segurando um cartaz s\u00e3o fotografados em Haia, Holanda, em 22 de junho de 2025. O protesto, que contou com a participa\u00e7\u00e3o de centenas de pessoas, ocorreu dois dias antes da reuni\u00e3o de c\u00fapula da OTAN, na qual se espera que os Estados-membros pressionem por maiores gastos com defesa. Embora a manifesta\u00e7\u00e3o tenha sido anunciada como uma oposi\u00e7\u00e3o \u00e0 OTAN e \u00e0 guerra em Gaza, ela tamb\u00e9m atraiu participantes com faixas que diziam &#8220;N\u00e3o \u00e0 Guerra do Ir\u00e3&#8221;, ap\u00f3s os ataques a\u00e9reos dos EUA a tr\u00eas instala\u00e7\u00f5es nucleares iranianas no dia anterior. (Xinhua\/Zhao Dingzhe)<\/p>\n\n\n\n<figure class=\"wp-block-image\"><img decoding=\"async\" src=\"https:\/\/portuguese.news.cn\/20250624\/a9e749966ce84302847cc5aa1d5a8a1c\/20250624a9e749966ce84302847cc5aa1d5a8a1c_202506246f46f68f7aa84de78b46cd6eeb80f9ff.jpeg\" alt=\"\"\/><\/figure>\n\n\n\n<p>Manifestantes segurando faixas e cartazes s\u00e3o fotografados em Haia, Holanda, em 22 de junho de 2025. O protesto, que contou com a participa\u00e7\u00e3o de centenas de pessoas, ocorreu dois dias antes da reuni\u00e3o de c\u00fapula da OTAN, na qual se espera que os Estados-membros pressionem por maiores gastos com defesa. Embora a manifesta\u00e7\u00e3o tenha sido anunciada como uma oposi\u00e7\u00e3o \u00e0 OTAN e \u00e0 guerra em Gaza, ela tamb\u00e9m atraiu participantes com faixas que diziam &#8220;N\u00e3o \u00e0 Guerra do Ir\u00e3&#8221;, ap\u00f3s os ataques a\u00e9reos dos EUA a tr\u00eas instala\u00e7\u00f5es nucleares iranianas no dia anterior. (Xinhua\/Peng Ziyang)<\/p>\n\n\n\n<figure class=\"wp-block-image\"><img decoding=\"async\" src=\"https:\/\/portuguese.news.cn\/20250624\/a9e749966ce84302847cc5aa1d5a8a1c\/20250624a9e749966ce84302847cc5aa1d5a8a1c_20250624762830b9b6e244e6b8196d8dda481495.jpeg\" alt=\"\"\/><\/figure>\n\n\n\n<p>Manifestantes segurando faixas e cartazes s\u00e3o fotografados em Haia, Holanda, em 22 de junho de 2025. O protesto, que contou com a participa\u00e7\u00e3o de centenas de pessoas, ocorreu dois dias antes da reuni\u00e3o de c\u00fapula da OTAN, na qual se espera que os Estados-membros pressionem por maiores gastos com defesa. Embora a manifesta\u00e7\u00e3o tenha sido anunciada como uma oposi\u00e7\u00e3o \u00e0 OTAN e \u00e0 guerra em Gaza, ela tamb\u00e9m atraiu participantes com faixas que diziam &#8220;N\u00e3o \u00e0 Guerra do Ir\u00e3&#8221;, ap\u00f3s os ataques a\u00e9reos dos EUA a tr\u00eas instala\u00e7\u00f5es nucleares iranianas no dia anterior. (Xinhua\/Peng Ziyang)<\/p>\n\n\n\n<figure class=\"wp-block-image\"><img decoding=\"async\" src=\"https:\/\/portuguese.news.cn\/20250624\/a9e749966ce84302847cc5aa1d5a8a1c\/20250624a9e749966ce84302847cc5aa1d5a8a1c_2025062413e572bc48ec4853aa86bf28998e09f6.jpeg\" alt=\"\"\/><\/figure>\n\n\n\n<p>Manifestantes segurando cartazes s\u00e3o fotografados em Haia, Holanda, em 22 de junho de 2025. O protesto, que contou com a participa\u00e7\u00e3o de centenas de pessoas, ocorreu dois dias antes da reuni\u00e3o de c\u00fapula da OTAN, na qual se espera que os Estados-membros pressionem por maiores gastos com defesa. Embora a manifesta\u00e7\u00e3o tenha sido anunciada como uma oposi\u00e7\u00e3o \u00e0 OTAN e \u00e0 guerra em Gaza, ela tamb\u00e9m atraiu participantes com faixas que diziam &#8220;N\u00e3o \u00e0 Guerra do Ir\u00e3&#8221;, ap\u00f3s os ataques a\u00e9reos dos EUA a tr\u00eas instala\u00e7\u00f5es nucleares iranianas no dia anterior. (Xinhua\/Zhao Dingzhe)<\/p>\n\n\n\n<figure class=\"wp-block-image\"><img decoding=\"async\" src=\"https:\/\/portuguese.news.cn\/20250624\/a9e749966ce84302847cc5aa1d5a8a1c\/20250624a9e749966ce84302847cc5aa1d5a8a1c_20250624ad4e398cc92f4de4858302102ebd62f8.jpeg\" alt=\"\"\/><\/figure>\n\n\n\n<p>Manifestantes segurando faixas e cartazes s\u00e3o fotografados em Haia, Holanda, em 22 de junho de 2025. O protesto, que contou com a participa\u00e7\u00e3o de centenas de pessoas, ocorreu dois dias antes da reuni\u00e3o de c\u00fapula da OTAN, na qual se espera que os Estados-membros pressionem por maiores gastos com defesa. Embora a manifesta\u00e7\u00e3o tenha sido anunciada como uma oposi\u00e7\u00e3o \u00e0 OTAN e \u00e0 guerra em Gaza, ela tamb\u00e9m atraiu participantes com faixas que diziam &#8220;N\u00e3o \u00e0 Guerra do Ir\u00e3&#8221;, ap\u00f3s os ataques a\u00e9reos dos EUA a tr\u00eas instala\u00e7\u00f5es nucleares iranianas no dia anterior. (Xinhua\/Peng Ziyang)<\/p>\n","protected":false},"excerpt":{"rendered":"<p>Haia &#8211; A OTAN se tornou um motor de conflito global em vez de uma for\u00e7a de paz, priorizando a expans\u00e3o militar em detrimento do bem-estar p\u00fablico, disse um ativista antiguerra americano no domingo, durante um protesto antes da c\u00fapula&#8230;<\/p>\n","protected":false},"author":3,"featured_media":26693,"comment_status":"open","ping_status":"open","sticky":false,"template":"","format":"standard","meta":{"footnotes":""},"categories":[4],"tags":[],"class_list":["post-26692","post","type-post","status-publish","format-standard","has-post-thumbnail","hentry","category-internacional"],"yoast_head":"<!-- This site is optimized with the Yoast SEO plugin v27.4 - https:\/\/yoast.com\/product\/yoast-seo-wordpress\/ -->\n<title>Entrevista: OTAN \u00e9 motor global de conflitos, diz ativista dos EUA em protesto pr\u00e9-c\u00fapula - Xinhua - Diario de Pernambuco<\/title>\n<meta name=\"robots\" content=\"index, follow, max-snippet:-1, max-image-preview:large, max-video-preview:-1\" \/>\n<link rel=\"canonical\" href=\"https:\/\/diariodepe.com.br\/xinhua\/2025\/06\/24\/entrevista-otan-e-motor-global-de-conflitos-diz-ativista-dos-eua-em-protesto-pre-cupula\/\" \/>\n<meta property=\"og:locale\" content=\"pt_BR\" \/>\n<meta property=\"og:type\" content=\"article\" \/>\n<meta property=\"og:title\" content=\"Entrevista: OTAN \u00e9 motor global de conflitos, diz ativista dos EUA em protesto pr\u00e9-c\u00fapula - Xinhua - Diario de Pernambuco\" \/>\n<meta property=\"og:description\" content=\"Haia &#8211; A OTAN se tornou um motor de conflito global em vez de uma for\u00e7a de paz, priorizando a expans\u00e3o militar em detrimento do bem-estar p\u00fablico, disse um ativista antiguerra americano no domingo, durante um protesto antes da c\u00fapula...\" \/>\n<meta property=\"og:url\" content=\"https:\/\/diariodepe.com.br\/xinhua\/2025\/06\/24\/entrevista-otan-e-motor-global-de-conflitos-diz-ativista-dos-eua-em-protesto-pre-cupula\/\" \/>\n<meta property=\"og:site_name\" content=\"Xinhua - Diario de Pernambuco\" \/>\n<meta property=\"article:published_time\" content=\"2025-06-24T19:21:00+00:00\" \/>\n<meta property=\"og:image\" content=\"https:\/\/diariodepe.com.br\/xinhua\/wp-content\/uploads\/sites\/3\/2025\/06\/20250624a9e749966ce84302847cc5aa1d5a8a1c_202506245f06187f6fe2486fa40444a76712699b.png\" \/>\n\t<meta property=\"og:image:width\" content=\"1020\" \/>\n\t<meta property=\"og:image:height\" content=\"680\" \/>\n\t<meta property=\"og:image:type\" content=\"image\/png\" \/>\n<meta name=\"author\" content=\"Marcelo Oliveira de A. Maranhao\" \/>\n<meta name=\"twitter:card\" content=\"summary_large_image\" \/>\n<meta name=\"twitter:label1\" content=\"Escrito por\" \/>\n\t<meta name=\"twitter:data1\" content=\"Marcelo Oliveira de A. Maranhao\" \/>\n\t<meta name=\"twitter:label2\" content=\"Est. tempo de leitura\" \/>\n\t<meta name=\"twitter:data2\" content=\"12 minutos\" \/>\n<script type=\"application\/ld+json\" class=\"yoast-schema-graph\">{\"@context\":\"https:\\\/\\\/schema.org\",\"@graph\":[{\"@type\":\"Article\",\"@id\":\"https:\\\/\\\/diariodepe.com.br\\\/xinhua\\\/2025\\\/06\\\/24\\\/entrevista-otan-e-motor-global-de-conflitos-diz-ativista-dos-eua-em-protesto-pre-cupula\\\/#article\",\"isPartOf\":{\"@id\":\"https:\\\/\\\/diariodepe.com.br\\\/xinhua\\\/2025\\\/06\\\/24\\\/entrevista-otan-e-motor-global-de-conflitos-diz-ativista-dos-eua-em-protesto-pre-cupula\\\/\"},\"author\":{\"name\":\"Marcelo Oliveira de A. Maranhao\",\"@id\":\"https:\\\/\\\/diariodepe.com.br\\\/xinhua\\\/#\\\/schema\\\/person\\\/0943d6fd02bdc7b49c8f495e8787a2cb\"},\"headline\":\"Entrevista: OTAN \u00e9 motor global de conflitos, diz ativista dos EUA em protesto pr\u00e9-c\u00fapula\",\"datePublished\":\"2025-06-24T19:21:00+00:00\",\"mainEntityOfPage\":{\"@id\":\"https:\\\/\\\/diariodepe.com.br\\\/xinhua\\\/2025\\\/06\\\/24\\\/entrevista-otan-e-motor-global-de-conflitos-diz-ativista-dos-eua-em-protesto-pre-cupula\\\/\"},\"wordCount\":1788,\"commentCount\":0,\"publisher\":{\"@id\":\"https:\\\/\\\/diariodepe.com.br\\\/xinhua\\\/#organization\"},\"image\":{\"@id\":\"https:\\\/\\\/diariodepe.com.br\\\/xinhua\\\/2025\\\/06\\\/24\\\/entrevista-otan-e-motor-global-de-conflitos-diz-ativista-dos-eua-em-protesto-pre-cupula\\\/#primaryimage\"},\"thumbnailUrl\":\"https:\\\/\\\/diariodepe.com.br\\\/xinhua\\\/wp-content\\\/uploads\\\/sites\\\/3\\\/2025\\\/06\\\/20250624a9e749966ce84302847cc5aa1d5a8a1c_202506245f06187f6fe2486fa40444a76712699b.png\",\"articleSection\":[\"Internacional\"],\"inLanguage\":\"pt-BR\",\"potentialAction\":[{\"@type\":\"CommentAction\",\"name\":\"Comment\",\"target\":[\"https:\\\/\\\/diariodepe.com.br\\\/xinhua\\\/2025\\\/06\\\/24\\\/entrevista-otan-e-motor-global-de-conflitos-diz-ativista-dos-eua-em-protesto-pre-cupula\\\/#respond\"]}]},{\"@type\":\"WebPage\",\"@id\":\"https:\\\/\\\/diariodepe.com.br\\\/xinhua\\\/2025\\\/06\\\/24\\\/entrevista-otan-e-motor-global-de-conflitos-diz-ativista-dos-eua-em-protesto-pre-cupula\\\/\",\"url\":\"https:\\\/\\\/diariodepe.com.br\\\/xinhua\\\/2025\\\/06\\\/24\\\/entrevista-otan-e-motor-global-de-conflitos-diz-ativista-dos-eua-em-protesto-pre-cupula\\\/\",\"name\":\"Entrevista: OTAN \u00e9 motor global de conflitos, diz ativista dos EUA em protesto pr\u00e9-c\u00fapula - Xinhua - Diario de Pernambuco\",\"isPartOf\":{\"@id\":\"https:\\\/\\\/diariodepe.com.br\\\/xinhua\\\/#website\"},\"primaryImageOfPage\":{\"@id\":\"https:\\\/\\\/diariodepe.com.br\\\/xinhua\\\/2025\\\/06\\\/24\\\/entrevista-otan-e-motor-global-de-conflitos-diz-ativista-dos-eua-em-protesto-pre-cupula\\\/#primaryimage\"},\"image\":{\"@id\":\"https:\\\/\\\/diariodepe.com.br\\\/xinhua\\\/2025\\\/06\\\/24\\\/entrevista-otan-e-motor-global-de-conflitos-diz-ativista-dos-eua-em-protesto-pre-cupula\\\/#primaryimage\"},\"thumbnailUrl\":\"https:\\\/\\\/diariodepe.com.br\\\/xinhua\\\/wp-content\\\/uploads\\\/sites\\\/3\\\/2025\\\/06\\\/20250624a9e749966ce84302847cc5aa1d5a8a1c_202506245f06187f6fe2486fa40444a76712699b.png\",\"datePublished\":\"2025-06-24T19:21:00+00:00\",\"breadcrumb\":{\"@id\":\"https:\\\/\\\/diariodepe.com.br\\\/xinhua\\\/2025\\\/06\\\/24\\\/entrevista-otan-e-motor-global-de-conflitos-diz-ativista-dos-eua-em-protesto-pre-cupula\\\/#breadcrumb\"},\"inLanguage\":\"pt-BR\",\"potentialAction\":[{\"@type\":\"ReadAction\",\"target\":[\"https:\\\/\\\/diariodepe.com.br\\\/xinhua\\\/2025\\\/06\\\/24\\\/entrevista-otan-e-motor-global-de-conflitos-diz-ativista-dos-eua-em-protesto-pre-cupula\\\/\"]}]},{\"@type\":\"ImageObject\",\"inLanguage\":\"pt-BR\",\"@id\":\"https:\\\/\\\/diariodepe.com.br\\\/xinhua\\\/2025\\\/06\\\/24\\\/entrevista-otan-e-motor-global-de-conflitos-diz-ativista-dos-eua-em-protesto-pre-cupula\\\/#primaryimage\",\"url\":\"https:\\\/\\\/diariodepe.com.br\\\/xinhua\\\/wp-content\\\/uploads\\\/sites\\\/3\\\/2025\\\/06\\\/20250624a9e749966ce84302847cc5aa1d5a8a1c_202506245f06187f6fe2486fa40444a76712699b.png\",\"contentUrl\":\"https:\\\/\\\/diariodepe.com.br\\\/xinhua\\\/wp-content\\\/uploads\\\/sites\\\/3\\\/2025\\\/06\\\/20250624a9e749966ce84302847cc5aa1d5a8a1c_202506245f06187f6fe2486fa40444a76712699b.png\",\"width\":1020,\"height\":680},{\"@type\":\"BreadcrumbList\",\"@id\":\"https:\\\/\\\/diariodepe.com.br\\\/xinhua\\\/2025\\\/06\\\/24\\\/entrevista-otan-e-motor-global-de-conflitos-diz-ativista-dos-eua-em-protesto-pre-cupula\\\/#breadcrumb\",\"itemListElement\":[{\"@type\":\"ListItem\",\"position\":1,\"name\":\"In\u00edcio\",\"item\":\"https:\\\/\\\/diariodepe.com.br\\\/xinhua\\\/\"},{\"@type\":\"ListItem\",\"position\":2,\"name\":\"Entrevista: OTAN \u00e9 motor global de conflitos, diz ativista dos EUA em protesto pr\u00e9-c\u00fapula\"}]},{\"@type\":\"WebSite\",\"@id\":\"https:\\\/\\\/diariodepe.com.br\\\/xinhua\\\/#website\",\"url\":\"https:\\\/\\\/diariodepe.com.br\\\/xinhua\\\/\",\"name\":\"Xinhua - Diario de Pernambuco\",\"description\":\"A maior ag\u00eancia de not\u00edcias da China e um dos principais canais para conhecer o pa\u00eds\",\"publisher\":{\"@id\":\"https:\\\/\\\/diariodepe.com.br\\\/xinhua\\\/#organization\"},\"potentialAction\":[{\"@type\":\"SearchAction\",\"target\":{\"@type\":\"EntryPoint\",\"urlTemplate\":\"https:\\\/\\\/diariodepe.com.br\\\/xinhua\\\/?s={search_term_string}\"},\"query-input\":{\"@type\":\"PropertyValueSpecification\",\"valueRequired\":true,\"valueName\":\"search_term_string\"}}],\"inLanguage\":\"pt-BR\"},{\"@type\":\"Organization\",\"@id\":\"https:\\\/\\\/diariodepe.com.br\\\/xinhua\\\/#organization\",\"name\":\"Xinhua - Diario de Pernambuco\",\"url\":\"https:\\\/\\\/diariodepe.com.br\\\/xinhua\\\/\",\"logo\":{\"@type\":\"ImageObject\",\"inLanguage\":\"pt-BR\",\"@id\":\"https:\\\/\\\/diariodepe.com.br\\\/xinhua\\\/#\\\/schema\\\/logo\\\/image\\\/\",\"url\":\"https:\\\/\\\/diariodepe.com.br\\\/xinhua\\\/wp-content\\\/uploads\\\/sites\\\/3\\\/2020\\\/10\\\/cropped-logo-transparente-2.png\",\"contentUrl\":\"https:\\\/\\\/diariodepe.com.br\\\/xinhua\\\/wp-content\\\/uploads\\\/sites\\\/3\\\/2020\\\/10\\\/cropped-logo-transparente-2.png\",\"width\":512,\"height\":164,\"caption\":\"Xinhua - Diario de Pernambuco\"},\"image\":{\"@id\":\"https:\\\/\\\/diariodepe.com.br\\\/xinhua\\\/#\\\/schema\\\/logo\\\/image\\\/\"}},{\"@type\":\"Person\",\"@id\":\"https:\\\/\\\/diariodepe.com.br\\\/xinhua\\\/#\\\/schema\\\/person\\\/0943d6fd02bdc7b49c8f495e8787a2cb\",\"name\":\"Marcelo Oliveira de A. Maranhao\",\"image\":{\"@type\":\"ImageObject\",\"inLanguage\":\"pt-BR\",\"@id\":\"https:\\\/\\\/secure.gravatar.com\\\/avatar\\\/f562caee940d39879c20e90eea3e4b21860c7d4c96684c23141c554824f0059c?s=96&d=mm&r=g\",\"url\":\"https:\\\/\\\/secure.gravatar.com\\\/avatar\\\/f562caee940d39879c20e90eea3e4b21860c7d4c96684c23141c554824f0059c?s=96&d=mm&r=g\",\"contentUrl\":\"https:\\\/\\\/secure.gravatar.com\\\/avatar\\\/f562caee940d39879c20e90eea3e4b21860c7d4c96684c23141c554824f0059c?s=96&d=mm&r=g\",\"caption\":\"Marcelo Oliveira de A. Maranhao\"},\"url\":\"https:\\\/\\\/diariodepe.com.br\\\/xinhua\\\/author\\\/marcelo-maranhao\\\/\"}]}<\/script>\n<!-- \/ Yoast SEO plugin. -->","yoast_head_json":{"title":"Entrevista: OTAN \u00e9 motor global de conflitos, diz ativista dos EUA em protesto pr\u00e9-c\u00fapula - Xinhua - Diario de Pernambuco","robots":{"index":"index","follow":"follow","max-snippet":"max-snippet:-1","max-image-preview":"max-image-preview:large","max-video-preview":"max-video-preview:-1"},"canonical":"https:\/\/diariodepe.com.br\/xinhua\/2025\/06\/24\/entrevista-otan-e-motor-global-de-conflitos-diz-ativista-dos-eua-em-protesto-pre-cupula\/","og_locale":"pt_BR","og_type":"article","og_title":"Entrevista: OTAN \u00e9 motor global de conflitos, diz ativista dos EUA em protesto pr\u00e9-c\u00fapula - Xinhua - Diario de Pernambuco","og_description":"Haia &#8211; A OTAN se tornou um motor de conflito global em vez de uma for\u00e7a de paz, priorizando a expans\u00e3o militar em detrimento do bem-estar p\u00fablico, disse um ativista antiguerra americano no domingo, durante um protesto antes da c\u00fapula...","og_url":"https:\/\/diariodepe.com.br\/xinhua\/2025\/06\/24\/entrevista-otan-e-motor-global-de-conflitos-diz-ativista-dos-eua-em-protesto-pre-cupula\/","og_site_name":"Xinhua - Diario de Pernambuco","article_published_time":"2025-06-24T19:21:00+00:00","og_image":[{"width":1020,"height":680,"url":"https:\/\/diariodepe.com.br\/xinhua\/wp-content\/uploads\/sites\/3\/2025\/06\/20250624a9e749966ce84302847cc5aa1d5a8a1c_202506245f06187f6fe2486fa40444a76712699b.png","type":"image\/png"}],"author":"Marcelo Oliveira de A. Maranhao","twitter_card":"summary_large_image","twitter_misc":{"Escrito por":"Marcelo Oliveira de A. Maranhao","Est. tempo de leitura":"12 minutos"},"schema":{"@context":"https:\/\/schema.org","@graph":[{"@type":"Article","@id":"https:\/\/diariodepe.com.br\/xinhua\/2025\/06\/24\/entrevista-otan-e-motor-global-de-conflitos-diz-ativista-dos-eua-em-protesto-pre-cupula\/#article","isPartOf":{"@id":"https:\/\/diariodepe.com.br\/xinhua\/2025\/06\/24\/entrevista-otan-e-motor-global-de-conflitos-diz-ativista-dos-eua-em-protesto-pre-cupula\/"},"author":{"name":"Marcelo Oliveira de A. Maranhao","@id":"https:\/\/diariodepe.com.br\/xinhua\/#\/schema\/person\/0943d6fd02bdc7b49c8f495e8787a2cb"},"headline":"Entrevista: OTAN \u00e9 motor global de conflitos, diz ativista dos EUA em protesto pr\u00e9-c\u00fapula","datePublished":"2025-06-24T19:21:00+00:00","mainEntityOfPage":{"@id":"https:\/\/diariodepe.com.br\/xinhua\/2025\/06\/24\/entrevista-otan-e-motor-global-de-conflitos-diz-ativista-dos-eua-em-protesto-pre-cupula\/"},"wordCount":1788,"commentCount":0,"publisher":{"@id":"https:\/\/diariodepe.com.br\/xinhua\/#organization"},"image":{"@id":"https:\/\/diariodepe.com.br\/xinhua\/2025\/06\/24\/entrevista-otan-e-motor-global-de-conflitos-diz-ativista-dos-eua-em-protesto-pre-cupula\/#primaryimage"},"thumbnailUrl":"https:\/\/diariodepe.com.br\/xinhua\/wp-content\/uploads\/sites\/3\/2025\/06\/20250624a9e749966ce84302847cc5aa1d5a8a1c_202506245f06187f6fe2486fa40444a76712699b.png","articleSection":["Internacional"],"inLanguage":"pt-BR","potentialAction":[{"@type":"CommentAction","name":"Comment","target":["https:\/\/diariodepe.com.br\/xinhua\/2025\/06\/24\/entrevista-otan-e-motor-global-de-conflitos-diz-ativista-dos-eua-em-protesto-pre-cupula\/#respond"]}]},{"@type":"WebPage","@id":"https:\/\/diariodepe.com.br\/xinhua\/2025\/06\/24\/entrevista-otan-e-motor-global-de-conflitos-diz-ativista-dos-eua-em-protesto-pre-cupula\/","url":"https:\/\/diariodepe.com.br\/xinhua\/2025\/06\/24\/entrevista-otan-e-motor-global-de-conflitos-diz-ativista-dos-eua-em-protesto-pre-cupula\/","name":"Entrevista: OTAN \u00e9 motor global de conflitos, diz ativista dos EUA em protesto pr\u00e9-c\u00fapula - Xinhua - Diario de Pernambuco","isPartOf":{"@id":"https:\/\/diariodepe.com.br\/xinhua\/#website"},"primaryImageOfPage":{"@id":"https:\/\/diariodepe.com.br\/xinhua\/2025\/06\/24\/entrevista-otan-e-motor-global-de-conflitos-diz-ativista-dos-eua-em-protesto-pre-cupula\/#primaryimage"},"image":{"@id":"https:\/\/diariodepe.com.br\/xinhua\/2025\/06\/24\/entrevista-otan-e-motor-global-de-conflitos-diz-ativista-dos-eua-em-protesto-pre-cupula\/#primaryimage"},"thumbnailUrl":"https:\/\/diariodepe.com.br\/xinhua\/wp-content\/uploads\/sites\/3\/2025\/06\/20250624a9e749966ce84302847cc5aa1d5a8a1c_202506245f06187f6fe2486fa40444a76712699b.png","datePublished":"2025-06-24T19:21:00+00:00","breadcrumb":{"@id":"https:\/\/diariodepe.com.br\/xinhua\/2025\/06\/24\/entrevista-otan-e-motor-global-de-conflitos-diz-ativista-dos-eua-em-protesto-pre-cupula\/#breadcrumb"},"inLanguage":"pt-BR","potentialAction":[{"@type":"ReadAction","target":["https:\/\/diariodepe.com.br\/xinhua\/2025\/06\/24\/entrevista-otan-e-motor-global-de-conflitos-diz-ativista-dos-eua-em-protesto-pre-cupula\/"]}]},{"@type":"ImageObject","inLanguage":"pt-BR","@id":"https:\/\/diariodepe.com.br\/xinhua\/2025\/06\/24\/entrevista-otan-e-motor-global-de-conflitos-diz-ativista-dos-eua-em-protesto-pre-cupula\/#primaryimage","url":"https:\/\/diariodepe.com.br\/xinhua\/wp-content\/uploads\/sites\/3\/2025\/06\/20250624a9e749966ce84302847cc5aa1d5a8a1c_202506245f06187f6fe2486fa40444a76712699b.png","contentUrl":"https:\/\/diariodepe.com.br\/xinhua\/wp-content\/uploads\/sites\/3\/2025\/06\/20250624a9e749966ce84302847cc5aa1d5a8a1c_202506245f06187f6fe2486fa40444a76712699b.png","width":1020,"height":680},{"@type":"BreadcrumbList","@id":"https:\/\/diariodepe.com.br\/xinhua\/2025\/06\/24\/entrevista-otan-e-motor-global-de-conflitos-diz-ativista-dos-eua-em-protesto-pre-cupula\/#breadcrumb","itemListElement":[{"@type":"ListItem","position":1,"name":"In\u00edcio","item":"https:\/\/diariodepe.com.br\/xinhua\/"},{"@type":"ListItem","position":2,"name":"Entrevista: OTAN \u00e9 motor global de conflitos, diz ativista dos EUA em protesto pr\u00e9-c\u00fapula"}]},{"@type":"WebSite","@id":"https:\/\/diariodepe.com.br\/xinhua\/#website","url":"https:\/\/diariodepe.com.br\/xinhua\/","name":"Xinhua - Diario de Pernambuco","description":"A maior ag\u00eancia de not\u00edcias da China e um dos principais canais para conhecer o pa\u00eds","publisher":{"@id":"https:\/\/diariodepe.com.br\/xinhua\/#organization"},"potentialAction":[{"@type":"SearchAction","target":{"@type":"EntryPoint","urlTemplate":"https:\/\/diariodepe.com.br\/xinhua\/?s={search_term_string}"},"query-input":{"@type":"PropertyValueSpecification","valueRequired":true,"valueName":"search_term_string"}}],"inLanguage":"pt-BR"},{"@type":"Organization","@id":"https:\/\/diariodepe.com.br\/xinhua\/#organization","name":"Xinhua - Diario de Pernambuco","url":"https:\/\/diariodepe.com.br\/xinhua\/","logo":{"@type":"ImageObject","inLanguage":"pt-BR","@id":"https:\/\/diariodepe.com.br\/xinhua\/#\/schema\/logo\/image\/","url":"https:\/\/diariodepe.com.br\/xinhua\/wp-content\/uploads\/sites\/3\/2020\/10\/cropped-logo-transparente-2.png","contentUrl":"https:\/\/diariodepe.com.br\/xinhua\/wp-content\/uploads\/sites\/3\/2020\/10\/cropped-logo-transparente-2.png","width":512,"height":164,"caption":"Xinhua - Diario de Pernambuco"},"image":{"@id":"https:\/\/diariodepe.com.br\/xinhua\/#\/schema\/logo\/image\/"}},{"@type":"Person","@id":"https:\/\/diariodepe.com.br\/xinhua\/#\/schema\/person\/0943d6fd02bdc7b49c8f495e8787a2cb","name":"Marcelo Oliveira de A. Maranhao","image":{"@type":"ImageObject","inLanguage":"pt-BR","@id":"https:\/\/secure.gravatar.com\/avatar\/f562caee940d39879c20e90eea3e4b21860c7d4c96684c23141c554824f0059c?s=96&d=mm&r=g","url":"https:\/\/secure.gravatar.com\/avatar\/f562caee940d39879c20e90eea3e4b21860c7d4c96684c23141c554824f0059c?s=96&d=mm&r=g","contentUrl":"https:\/\/secure.gravatar.com\/avatar\/f562caee940d39879c20e90eea3e4b21860c7d4c96684c23141c554824f0059c?s=96&d=mm&r=g","caption":"Marcelo Oliveira de A. Maranhao"},"url":"https:\/\/diariodepe.com.br\/xinhua\/author\/marcelo-maranhao\/"}]}},"cc_featured_image_caption":{"caption_text":"","source_text":"","source_url":""},"amp_enabled":true,"_links":{"self":[{"href":"https:\/\/diariodepe.com.br\/xinhua\/wp-json\/wp\/v2\/posts\/26692","targetHints":{"allow":["GET"]}}],"collection":[{"href":"https:\/\/diariodepe.com.br\/xinhua\/wp-json\/wp\/v2\/posts"}],"about":[{"href":"https:\/\/diariodepe.com.br\/xinhua\/wp-json\/wp\/v2\/types\/post"}],"author":[{"embeddable":true,"href":"https:\/\/diariodepe.com.br\/xinhua\/wp-json\/wp\/v2\/users\/3"}],"replies":[{"embeddable":true,"href":"https:\/\/diariodepe.com.br\/xinhua\/wp-json\/wp\/v2\/comments?post=26692"}],"version-history":[{"count":1,"href":"https:\/\/diariodepe.com.br\/xinhua\/wp-json\/wp\/v2\/posts\/26692\/revisions"}],"predecessor-version":[{"id":26694,"href":"https:\/\/diariodepe.com.br\/xinhua\/wp-json\/wp\/v2\/posts\/26692\/revisions\/26694"}],"wp:featuredmedia":[{"embeddable":true,"href":"https:\/\/diariodepe.com.br\/xinhua\/wp-json\/wp\/v2\/media\/26693"}],"wp:attachment":[{"href":"https:\/\/diariodepe.com.br\/xinhua\/wp-json\/wp\/v2\/media?parent=26692"}],"wp:term":[{"taxonomy":"category","embeddable":true,"href":"https:\/\/diariodepe.com.br\/xinhua\/wp-json\/wp\/v2\/categories?post=26692"},{"taxonomy":"post_tag","embeddable":true,"href":"https:\/\/diariodepe.com.br\/xinhua\/wp-json\/wp\/v2\/tags?post=26692"}],"curies":[{"name":"wp","href":"https:\/\/api.w.org\/{rel}","templated":true}]}}