{"id":26676,"date":"2025-06-24T11:31:00","date_gmt":"2025-06-24T14:31:00","guid":{"rendered":"https:\/\/www.diariodepe.com.br\/xinhua\/?p=26676"},"modified":"2025-06-24T10:35:07","modified_gmt":"2025-06-24T13:35:07","slug":"ataque-dos-eua-as-instalacoes-nucleares-do-ira-gera-temores-de-conflito-mais-amplo","status":"publish","type":"post","link":"https:\/\/diariodepe.com.br\/xinhua\/2025\/06\/24\/ataque-dos-eua-as-instalacoes-nucleares-do-ira-gera-temores-de-conflito-mais-amplo\/","title":{"rendered":"Ataque dos EUA \u00e0s instala\u00e7\u00f5es nucleares do Ir\u00e3 gera temores de conflito mais amplo"},"content":{"rendered":"\n<p>Washington\/Teer\u00e3 &#8211; O presidente dos EUA, Donald Trump, afirmou no s\u00e1bado que os Estados Unidos conclu\u00edram os ataques a tr\u00eas instala\u00e7\u00f5es nucleares no Ir\u00e3, Fordow, Natanz e Esfahan.<\/p>\n\n\n\n<p>A decis\u00e3o de Trump de intervir diretamente em apoio \u00e0 tentativa de Israel de desmantelar o programa nuclear iraniano marca uma grande escalada no Oriente M\u00e9dio e desperta temores de um conflito mais amplo na regi\u00e3o.<\/p>\n\n\n\n<p><strong>ATAQUES A INSTALA\u00c7\u00d5ES NUCLEARES<\/strong><\/p>\n\n\n\n<p>Dirigindo-se \u00e0 na\u00e7\u00e3o no s\u00e1bado \u00e0 noite, Trump disse que as principais instala\u00e7\u00f5es nucleares do Ir\u00e3 foram &#8220;completa e totalmente destru\u00eddas&#8221; e que ataques futuros seriam &#8220;muito maiores e muito mais f\u00e1ceis&#8221;.<\/p>\n\n\n\n<p>&#8220;Se a paz n\u00e3o vier rapidamente, atacaremos esses outros alvos com precis\u00e3o, rapidez e habilidade. A maioria deles pode ser eliminada em quest\u00e3o de minutos&#8221;, disse ele.<\/p>\n\n\n\n<p>O primeiro-ministro israelense, Benjamin Netanyahu, classificou no domingo como uma &#8220;decis\u00e3o ousada atacar as instala\u00e7\u00f5es nucleares do Ir\u00e3&#8221;.<\/p>\n\n\n\n<p>A Organiza\u00e7\u00e3o de Energia At\u00f4mica do Ir\u00e3 confirmou na manh\u00e3 de domingo que as instala\u00e7\u00f5es nucleares iranianas em Fordow, Natanz e Isfahan foram atacadas novamente, acrescentando que o pa\u00eds n\u00e3o interromperia o desenvolvimento de sua ind\u00fastria nuclear, apesar dos ataques.<\/p>\n\n\n\n<p>&#8220;O Ir\u00e3 jamais permitir\u00e1 que o desenvolvimento de sua ind\u00fastria nuclear seja prejudicado&#8221;, afirmou a ag\u00eancia em um comunicado, acrescentando que &#8220;medidas necess\u00e1rias, incluindo procedimentos legais, est\u00e3o na pauta para defender os direitos do pa\u00eds&#8221;.<\/p>\n\n\n\n<p>O Ir\u00e3 afirmou que os ataques n\u00e3o prejudicaram seus esfor\u00e7os nucleares porque as instala\u00e7\u00f5es foram evacuadas &#8220;h\u00e1 algum tempo&#8221; e os materiais j\u00e1 haviam sido removidos, disse Hassan Abedini, vice-diretor pol\u00edtico da emissora estatal iraniana.<\/p>\n\n\n\n<p>A m\u00eddia estatal iraniana informou que n\u00e3o havia &#8220;sinais de contamina\u00e7\u00e3o&#8221; nas instala\u00e7\u00f5es nucleares de Esfahan, Fordow e Natanz ap\u00f3s os ataques a\u00e9reos dos EUA, citando um comunicado do Centro Nacional do Sistema de Seguran\u00e7a Nuclear do pa\u00eds.<\/p>\n\n\n\n<p>&#8220;N\u00e3o h\u00e1 perigo para os moradores que vivem ao redor das instala\u00e7\u00f5es mencionadas&#8221;, afirmou o comunicado.<\/p>\n\n\n\n<p>A Comiss\u00e3o Reguladora Nuclear e Radiol\u00f3gica da Ar\u00e1bia Saudita confirmou que nenhum tra\u00e7o radioativo foi detectado no ambiente do pa\u00eds ou de outros Estados do Golfo \u00c1rabe ap\u00f3s os ataques militares dos EUA.<\/p>\n\n\n\n<p>Em uma publica\u00e7\u00e3o em sua conta oficial no X, o \u00f3rg\u00e3o nuclear saudita afirmou que o monitoramento cont\u00ednuo n\u00e3o mostrou sinais de impacto radiol\u00f3gico no ambiente da regi\u00e3o.<\/p>\n\n\n\n<p>No domingo, o Ir\u00e3 lan\u00e7ou uma nova onda de ataques com m\u00edsseis contra Israel, ferindo 26 pessoas e causando graves danos a pr\u00e9dios residenciais, estradas e ve\u00edculos, de acordo com o servi\u00e7o nacional de emerg\u00eancia de Israel, Magen David Adom.<\/p>\n\n\n\n<p>Israel fechou seu espa\u00e7o a\u00e9reo em uma aparente medida de precau\u00e7\u00e3o ap\u00f3s os ataques dos EUA, anunciou anteriormente a Autoridade Aeroportu\u00e1ria de Israel.<\/p>\n\n\n\n<figure class=\"wp-block-image\"><img decoding=\"async\" src=\"https:\/\/portuguese.news.cn\/20250624\/03f4a1431b8940f08a1fb2cb44c407fd\/2025062403f4a1431b8940f08a1fb2cb44c407fd_202506242938ca1f483141d18d6b623bb572bcec.jpeg\" alt=\"\"\/><\/figure>\n\n\n\n<p>O ministro das Rela\u00e7\u00f5es Exteriores do Ir\u00e3, Seyed Abbas Araghchi, realiza uma coletiva de imprensa em Istambul, Turquia, em 22 de junho de 2025. (Xinhua\/Liu Lei)<\/p>\n\n\n\n<p><strong>REA\u00c7\u00d5ES INTERNACIONAIS<\/strong><\/p>\n\n\n\n<p>O ataque militar dos EUA \u00e0s instala\u00e7\u00f5es nucleares do Ir\u00e3 atraiu cr\u00edticas generalizadas, com l\u00edderes globais alertando para uma escalada perigosa que pode se transformar em um conflito mais amplo.<\/p>\n\n\n\n<p>Em um comunicado na noite de s\u00e1bado, o Secret\u00e1rio-Geral da ONU, Ant\u00f3nio Guterres, afirmou estar &#8220;gravemente alarmado com o uso da for\u00e7a pelos Estados Unidos contra o Ir\u00e3&#8221;, chamando o ataque de &#8220;uma escalada perigosa em uma regi\u00e3o j\u00e1 \u00e0 beira do abismo e uma amea\u00e7a direta \u00e0 paz e \u00e0 seguran\u00e7a internacionais&#8221;.<\/p>\n\n\n\n<p>&#8220;H\u00e1 um risco crescente de que este conflito saia rapidamente do controle \u2014 com consequ\u00eancias catastr\u00f3ficas para os civis, a regi\u00e3o e o mundo&#8221;, disse ele. &#8220;N\u00e3o h\u00e1 solu\u00e7\u00e3o militar. O \u00fanico caminho a seguir \u00e9 a diplomacia. A \u00fanica esperan\u00e7a \u00e9 a paz.&#8221;<\/p>\n\n\n\n<p>O Minist\u00e9rio das Rela\u00e7\u00f5es Exteriores da R\u00fassia condenou o bombardeio americano de instala\u00e7\u00f5es nucleares iranianas como uma a\u00e7\u00e3o imprudente que viola a soberania da Rep\u00fablica Isl\u00e2mica, o direito internacional e a Carta da ONU, informou a ag\u00eancia de not\u00edcias russa RIA Novosti.<\/p>\n\n\n\n<p>&#8220;O Conselho de Seguran\u00e7a da ONU deve, naturalmente, tomar medidas. O comportamento de confronto dos EUA e de Israel deve ser rejeitado coletivamente&#8221;, afirmou o minist\u00e9rio, segundo a cita\u00e7\u00e3o. &#8220;Pedimos o fim da agress\u00e3o e instamos esfor\u00e7os que criem condi\u00e7\u00f5es para o retorno a um caminho pol\u00edtico e diplom\u00e1tico.&#8221;<\/p>\n\n\n\n<p>O governo iraquiano condenou veementemente o ataque a instala\u00e7\u00f5es nucleares, classificando a escalada militar como uma grave amea\u00e7a \u00e0 paz e \u00e0 seguran\u00e7a no Oriente M\u00e9dio e representando s\u00e9rios riscos \u00e0 estabilidade regional.<\/p>\n\n\n\n<p>Em um comunicado, o porta-voz do governo iraquiano, Basim al-Awadi, afirmou que &#8220;a continua\u00e7\u00e3o de tais ataques corre o risco de uma escalada perigosa, com consequ\u00eancias que se estendem al\u00e9m das fronteiras de qualquer Estado, amea\u00e7ando a seguran\u00e7a de toda a regi\u00e3o e do mundo&#8221;.<\/p>\n\n\n\n<p>O presidente cubano, Miguel D\u00edaz-Canel, tamb\u00e9m condenou o ataque dos EUA, classificando-o como uma perigosa escalada do conflito no Oriente M\u00e9dio, que &#8220;viola gravemente a Carta da ONU e o direito internacional e mergulha a humanidade em uma crise com consequ\u00eancias irrevers\u00edveis&#8221;.<\/p>\n\n\n\n<p>&#8220;Atacar usinas nucleares \u00e9 proibido pelo direito internacional&#8221;, escreveu o presidente chileno Gabriel Boric no X, observando que &#8220;Ter poder n\u00e3o autoriza seu uso violando as regras que n\u00f3s, como humanidade, nos impusemos. Mesmo que voc\u00eas sejam os Estados Unidos. Exigimos e precisamos de paz.&#8221;<\/p>\n\n\n\n<p>Em um comunicado publicado no X, o Minist\u00e9rio das Rela\u00e7\u00f5es Exteriores mexicano pediu di\u00e1logo diplom\u00e1tico para promover a paz entre as partes envolvidas no conflito no Oriente M\u00e9dio e reiterou seu apelo para diminuir as tens\u00f5es na regi\u00e3o, acrescentando que &#8220;o restabelecimento da coexist\u00eancia pac\u00edfica entre os Estados da regi\u00e3o \u00e9 a maior prioridade.&#8221;<\/p>\n\n\n\n<figure class=\"wp-block-image\"><img decoding=\"async\" src=\"https:\/\/portuguese.news.cn\/20250624\/03f4a1431b8940f08a1fb2cb44c407fd\/2025062403f4a1431b8940f08a1fb2cb44c407fd_20250624f5e540f59e7d42649cc5d390aa1ba885.jpeg\" alt=\"\"\/><\/figure>\n\n\n\n<p>Foto tirada em 13 de junho de 2025 mostra edif\u00edcios danificados durante ataques a\u00e9reos israelenses em Teer\u00e3, no Ir\u00e3. (Xinhua)<\/p>\n\n\n\n<p><strong>RISCOS DE CONFLITO MAIS AMPLO<\/strong><\/p>\n\n\n\n<p>Os ataques marcaram uma grande escalada no Oriente M\u00e9dio, segundo especialistas, alertando que isso pode provocar uma retalia\u00e7\u00e3o de Teer\u00e3 contra as tropas e instala\u00e7\u00f5es militares dos EUA em toda a regi\u00e3o.<\/p>\n\n\n\n<p>Longe de trazer paz ao Oriente M\u00e9dio desde que assumiu o cargo, Trump agora preside uma regi\u00e3o \u00e0 beira de uma guerra ainda maior \u2014 uma luta da qual os Estados Unidos participam ativamente, afirmou a BBC em um artigo de opini\u00e3o.<\/p>\n\n\n\n<p>&#8220;Apesar da bravata do presidente, a continuidade do envolvimento militar americano no Ir\u00e3 pode ser o pior cen\u00e1rio para os Estados Unidos, a regi\u00e3o e o mundo&#8221;, alertou.<\/p>\n\n\n\n<p>O ministro das Rela\u00e7\u00f5es Exteriores do Ir\u00e3, Seyed Abbas Araghchi, disse no domingo que os ataques dos EUA \u00e0s instala\u00e7\u00f5es nucleares iranianas foram &#8220;ultrajantes&#8221; e &#8220;ter\u00e3o consequ\u00eancias eternas&#8221;.<\/p>\n\n\n\n<p>Teer\u00e3 &#8220;reserva todas as op\u00e7\u00f5es&#8221; para retaliar, disse o ministro.<\/p>\n\n\n\n<p>Hizam al-Assad, membro do bir\u00f4 pol\u00edtico do grupo Houthi do I\u00eamen, disse em uma postagem em rede social na manh\u00e3 de domingo que responsabilizaria Trump pelos ataques \u00e0s instala\u00e7\u00f5es nucleares iranianas.<\/p>\n\n\n\n<p>Antes dos ataques americanos, o grupo Houthi afirmou em um comunicado que atacaria navios americanos se Washington atacasse o Ir\u00e3.<\/p>\n\n\n\n<p>&#8220;Se os Estados Unidos estiverem envolvidos no ataque e na agress\u00e3o contra o Ir\u00e3&#8230;as for\u00e7as armadas (for\u00e7as houthis) atacar\u00e3o seus navios e encoura\u00e7ados no Mar Vermelho&#8221;, disse o porta-voz militar houthi, Yahya Sarea, em comunicado.<\/p>\n\n\n\n<p>Liu Zhongmin, professor do Instituto de Estudos do Oriente M\u00e9dio da Universidade de Estudos Internacionais de Shanghai, observou que a potencial retalia\u00e7\u00e3o do Ir\u00e3 depende dos danos reais sofridos por suas instala\u00e7\u00f5es nucleares.<\/p>\n\n\n\n<p>Se o impacto for limitado, o Ir\u00e3 poder\u00e1 optar por contramedidas moderadas, como atacar bases americanas menores na S\u00edria ou no Iraque, disse Liu em entrevista \u00e0 Xinhua.<\/p>\n\n\n\n<p>No entanto, caso a infraestrutura nuclear cr\u00edtica seja gravemente comprometida, Teer\u00e3 poder\u00e1 intensificar os ataques contra instala\u00e7\u00f5es militares americanas no Golfo, disse ele.<\/p>\n\n\n\n<p>Aliados regionais como o Hezbollah, os houthis e mil\u00edcias iraquianas tamb\u00e9m podem coordenar ataques sincronizados, acrescentou.<\/p>\n\n\n\n<p>(Rep\u00f3rteres de v\u00eddeo: Xu Xingtang, Xu Jing, Hu Yousong; edi\u00e7\u00e3o de v\u00eddeo: Wang Han, Wei Yin, Zhang Yichi)<\/p>\n","protected":false},"excerpt":{"rendered":"<p>Washington\/Teer\u00e3 &#8211; O presidente dos EUA, Donald Trump, afirmou no s\u00e1bado que os Estados Unidos conclu\u00edram os ataques a tr\u00eas instala\u00e7\u00f5es nucleares no Ir\u00e3, Fordow, Natanz e Esfahan. A decis\u00e3o de Trump de intervir diretamente em apoio \u00e0 tentativa de&#8230;<\/p>\n","protected":false},"author":3,"featured_media":26678,"comment_status":"open","ping_status":"open","sticky":false,"template":"","format":"standard","meta":{"footnotes":""},"categories":[1],"tags":[],"class_list":["post-26676","post","type-post","status-publish","format-standard","has-post-thumbnail","hentry","category-geral"],"yoast_head":"<!-- This site is optimized with the Yoast SEO plugin v27.4 - https:\/\/yoast.com\/product\/yoast-seo-wordpress\/ -->\n<title>Ataque dos EUA \u00e0s instala\u00e7\u00f5es nucleares do Ir\u00e3 gera temores de conflito mais amplo - Xinhua - Diario de Pernambuco<\/title>\n<meta name=\"robots\" content=\"index, follow, max-snippet:-1, max-image-preview:large, max-video-preview:-1\" \/>\n<link rel=\"canonical\" href=\"https:\/\/diariodepe.com.br\/xinhua\/2025\/06\/24\/ataque-dos-eua-as-instalacoes-nucleares-do-ira-gera-temores-de-conflito-mais-amplo\/\" \/>\n<meta property=\"og:locale\" content=\"pt_BR\" \/>\n<meta property=\"og:type\" content=\"article\" \/>\n<meta property=\"og:title\" content=\"Ataque dos EUA \u00e0s instala\u00e7\u00f5es nucleares do Ir\u00e3 gera temores de conflito mais amplo - Xinhua - Diario de Pernambuco\" \/>\n<meta property=\"og:description\" content=\"Washington\/Teer\u00e3 &#8211; O presidente dos EUA, Donald Trump, afirmou no s\u00e1bado que os Estados Unidos conclu\u00edram os ataques a tr\u00eas instala\u00e7\u00f5es nucleares no Ir\u00e3, Fordow, Natanz e Esfahan. A decis\u00e3o de Trump de intervir diretamente em apoio \u00e0 tentativa de...\" \/>\n<meta property=\"og:url\" content=\"https:\/\/diariodepe.com.br\/xinhua\/2025\/06\/24\/ataque-dos-eua-as-instalacoes-nucleares-do-ira-gera-temores-de-conflito-mais-amplo\/\" \/>\n<meta property=\"og:site_name\" content=\"Xinhua - Diario de Pernambuco\" \/>\n<meta property=\"article:published_time\" content=\"2025-06-24T14:31:00+00:00\" \/>\n<meta property=\"og:image\" content=\"https:\/\/diariodepe.com.br\/xinhua\/wp-content\/uploads\/sites\/3\/2025\/06\/2025062403f4a1431b8940f08a1fb2cb44c407fd_20250624820245f2962c4146976dd2c129ef043c-1.jpg\" \/>\n\t<meta property=\"og:image:width\" content=\"1000\" \/>\n\t<meta property=\"og:image:height\" content=\"500\" \/>\n\t<meta property=\"og:image:type\" content=\"image\/jpeg\" \/>\n<meta name=\"author\" content=\"Marcelo Oliveira de A. Maranhao\" \/>\n<meta name=\"twitter:card\" content=\"summary_large_image\" \/>\n<meta name=\"twitter:label1\" content=\"Escrito por\" \/>\n\t<meta name=\"twitter:data1\" content=\"Marcelo Oliveira de A. Maranhao\" \/>\n\t<meta name=\"twitter:label2\" content=\"Est. tempo de leitura\" \/>\n\t<meta name=\"twitter:data2\" content=\"8 minutos\" \/>\n<script type=\"application\/ld+json\" class=\"yoast-schema-graph\">{\"@context\":\"https:\\\/\\\/schema.org\",\"@graph\":[{\"@type\":\"Article\",\"@id\":\"https:\\\/\\\/diariodepe.com.br\\\/xinhua\\\/2025\\\/06\\\/24\\\/ataque-dos-eua-as-instalacoes-nucleares-do-ira-gera-temores-de-conflito-mais-amplo\\\/#article\",\"isPartOf\":{\"@id\":\"https:\\\/\\\/diariodepe.com.br\\\/xinhua\\\/2025\\\/06\\\/24\\\/ataque-dos-eua-as-instalacoes-nucleares-do-ira-gera-temores-de-conflito-mais-amplo\\\/\"},\"author\":{\"name\":\"Marcelo Oliveira de A. Maranhao\",\"@id\":\"https:\\\/\\\/diariodepe.com.br\\\/xinhua\\\/#\\\/schema\\\/person\\\/0943d6fd02bdc7b49c8f495e8787a2cb\"},\"headline\":\"Ataque dos EUA \u00e0s instala\u00e7\u00f5es nucleares do Ir\u00e3 gera temores de conflito mais amplo\",\"datePublished\":\"2025-06-24T14:31:00+00:00\",\"mainEntityOfPage\":{\"@id\":\"https:\\\/\\\/diariodepe.com.br\\\/xinhua\\\/2025\\\/06\\\/24\\\/ataque-dos-eua-as-instalacoes-nucleares-do-ira-gera-temores-de-conflito-mais-amplo\\\/\"},\"wordCount\":1429,\"commentCount\":0,\"publisher\":{\"@id\":\"https:\\\/\\\/diariodepe.com.br\\\/xinhua\\\/#organization\"},\"image\":{\"@id\":\"https:\\\/\\\/diariodepe.com.br\\\/xinhua\\\/2025\\\/06\\\/24\\\/ataque-dos-eua-as-instalacoes-nucleares-do-ira-gera-temores-de-conflito-mais-amplo\\\/#primaryimage\"},\"thumbnailUrl\":\"https:\\\/\\\/diariodepe.com.br\\\/xinhua\\\/wp-content\\\/uploads\\\/sites\\\/3\\\/2025\\\/06\\\/2025062403f4a1431b8940f08a1fb2cb44c407fd_20250624820245f2962c4146976dd2c129ef043c-1.jpg\",\"articleSection\":[\"Geral\"],\"inLanguage\":\"pt-BR\",\"potentialAction\":[{\"@type\":\"CommentAction\",\"name\":\"Comment\",\"target\":[\"https:\\\/\\\/diariodepe.com.br\\\/xinhua\\\/2025\\\/06\\\/24\\\/ataque-dos-eua-as-instalacoes-nucleares-do-ira-gera-temores-de-conflito-mais-amplo\\\/#respond\"]}]},{\"@type\":\"WebPage\",\"@id\":\"https:\\\/\\\/diariodepe.com.br\\\/xinhua\\\/2025\\\/06\\\/24\\\/ataque-dos-eua-as-instalacoes-nucleares-do-ira-gera-temores-de-conflito-mais-amplo\\\/\",\"url\":\"https:\\\/\\\/diariodepe.com.br\\\/xinhua\\\/2025\\\/06\\\/24\\\/ataque-dos-eua-as-instalacoes-nucleares-do-ira-gera-temores-de-conflito-mais-amplo\\\/\",\"name\":\"Ataque dos EUA \u00e0s instala\u00e7\u00f5es nucleares do Ir\u00e3 gera temores de conflito mais amplo - Xinhua - Diario de Pernambuco\",\"isPartOf\":{\"@id\":\"https:\\\/\\\/diariodepe.com.br\\\/xinhua\\\/#website\"},\"primaryImageOfPage\":{\"@id\":\"https:\\\/\\\/diariodepe.com.br\\\/xinhua\\\/2025\\\/06\\\/24\\\/ataque-dos-eua-as-instalacoes-nucleares-do-ira-gera-temores-de-conflito-mais-amplo\\\/#primaryimage\"},\"image\":{\"@id\":\"https:\\\/\\\/diariodepe.com.br\\\/xinhua\\\/2025\\\/06\\\/24\\\/ataque-dos-eua-as-instalacoes-nucleares-do-ira-gera-temores-de-conflito-mais-amplo\\\/#primaryimage\"},\"thumbnailUrl\":\"https:\\\/\\\/diariodepe.com.br\\\/xinhua\\\/wp-content\\\/uploads\\\/sites\\\/3\\\/2025\\\/06\\\/2025062403f4a1431b8940f08a1fb2cb44c407fd_20250624820245f2962c4146976dd2c129ef043c-1.jpg\",\"datePublished\":\"2025-06-24T14:31:00+00:00\",\"breadcrumb\":{\"@id\":\"https:\\\/\\\/diariodepe.com.br\\\/xinhua\\\/2025\\\/06\\\/24\\\/ataque-dos-eua-as-instalacoes-nucleares-do-ira-gera-temores-de-conflito-mais-amplo\\\/#breadcrumb\"},\"inLanguage\":\"pt-BR\",\"potentialAction\":[{\"@type\":\"ReadAction\",\"target\":[\"https:\\\/\\\/diariodepe.com.br\\\/xinhua\\\/2025\\\/06\\\/24\\\/ataque-dos-eua-as-instalacoes-nucleares-do-ira-gera-temores-de-conflito-mais-amplo\\\/\"]}]},{\"@type\":\"ImageObject\",\"inLanguage\":\"pt-BR\",\"@id\":\"https:\\\/\\\/diariodepe.com.br\\\/xinhua\\\/2025\\\/06\\\/24\\\/ataque-dos-eua-as-instalacoes-nucleares-do-ira-gera-temores-de-conflito-mais-amplo\\\/#primaryimage\",\"url\":\"https:\\\/\\\/diariodepe.com.br\\\/xinhua\\\/wp-content\\\/uploads\\\/sites\\\/3\\\/2025\\\/06\\\/2025062403f4a1431b8940f08a1fb2cb44c407fd_20250624820245f2962c4146976dd2c129ef043c-1.jpg\",\"contentUrl\":\"https:\\\/\\\/diariodepe.com.br\\\/xinhua\\\/wp-content\\\/uploads\\\/sites\\\/3\\\/2025\\\/06\\\/2025062403f4a1431b8940f08a1fb2cb44c407fd_20250624820245f2962c4146976dd2c129ef043c-1.jpg\",\"width\":1000,\"height\":500},{\"@type\":\"BreadcrumbList\",\"@id\":\"https:\\\/\\\/diariodepe.com.br\\\/xinhua\\\/2025\\\/06\\\/24\\\/ataque-dos-eua-as-instalacoes-nucleares-do-ira-gera-temores-de-conflito-mais-amplo\\\/#breadcrumb\",\"itemListElement\":[{\"@type\":\"ListItem\",\"position\":1,\"name\":\"In\u00edcio\",\"item\":\"https:\\\/\\\/diariodepe.com.br\\\/xinhua\\\/\"},{\"@type\":\"ListItem\",\"position\":2,\"name\":\"Ataque dos EUA \u00e0s instala\u00e7\u00f5es nucleares do Ir\u00e3 gera temores de conflito mais amplo\"}]},{\"@type\":\"WebSite\",\"@id\":\"https:\\\/\\\/diariodepe.com.br\\\/xinhua\\\/#website\",\"url\":\"https:\\\/\\\/diariodepe.com.br\\\/xinhua\\\/\",\"name\":\"Xinhua - Diario de Pernambuco\",\"description\":\"A maior ag\u00eancia de not\u00edcias da China e um dos principais canais para conhecer o pa\u00eds\",\"publisher\":{\"@id\":\"https:\\\/\\\/diariodepe.com.br\\\/xinhua\\\/#organization\"},\"potentialAction\":[{\"@type\":\"SearchAction\",\"target\":{\"@type\":\"EntryPoint\",\"urlTemplate\":\"https:\\\/\\\/diariodepe.com.br\\\/xinhua\\\/?s={search_term_string}\"},\"query-input\":{\"@type\":\"PropertyValueSpecification\",\"valueRequired\":true,\"valueName\":\"search_term_string\"}}],\"inLanguage\":\"pt-BR\"},{\"@type\":\"Organization\",\"@id\":\"https:\\\/\\\/diariodepe.com.br\\\/xinhua\\\/#organization\",\"name\":\"Xinhua - Diario de Pernambuco\",\"url\":\"https:\\\/\\\/diariodepe.com.br\\\/xinhua\\\/\",\"logo\":{\"@type\":\"ImageObject\",\"inLanguage\":\"pt-BR\",\"@id\":\"https:\\\/\\\/diariodepe.com.br\\\/xinhua\\\/#\\\/schema\\\/logo\\\/image\\\/\",\"url\":\"https:\\\/\\\/diariodepe.com.br\\\/xinhua\\\/wp-content\\\/uploads\\\/sites\\\/3\\\/2020\\\/10\\\/cropped-logo-transparente-2.png\",\"contentUrl\":\"https:\\\/\\\/diariodepe.com.br\\\/xinhua\\\/wp-content\\\/uploads\\\/sites\\\/3\\\/2020\\\/10\\\/cropped-logo-transparente-2.png\",\"width\":512,\"height\":164,\"caption\":\"Xinhua - Diario de Pernambuco\"},\"image\":{\"@id\":\"https:\\\/\\\/diariodepe.com.br\\\/xinhua\\\/#\\\/schema\\\/logo\\\/image\\\/\"}},{\"@type\":\"Person\",\"@id\":\"https:\\\/\\\/diariodepe.com.br\\\/xinhua\\\/#\\\/schema\\\/person\\\/0943d6fd02bdc7b49c8f495e8787a2cb\",\"name\":\"Marcelo Oliveira de A. Maranhao\",\"image\":{\"@type\":\"ImageObject\",\"inLanguage\":\"pt-BR\",\"@id\":\"https:\\\/\\\/secure.gravatar.com\\\/avatar\\\/f562caee940d39879c20e90eea3e4b21860c7d4c96684c23141c554824f0059c?s=96&d=mm&r=g\",\"url\":\"https:\\\/\\\/secure.gravatar.com\\\/avatar\\\/f562caee940d39879c20e90eea3e4b21860c7d4c96684c23141c554824f0059c?s=96&d=mm&r=g\",\"contentUrl\":\"https:\\\/\\\/secure.gravatar.com\\\/avatar\\\/f562caee940d39879c20e90eea3e4b21860c7d4c96684c23141c554824f0059c?s=96&d=mm&r=g\",\"caption\":\"Marcelo Oliveira de A. Maranhao\"},\"url\":\"https:\\\/\\\/diariodepe.com.br\\\/xinhua\\\/author\\\/marcelo-maranhao\\\/\"}]}<\/script>\n<!-- \/ Yoast SEO plugin. -->","yoast_head_json":{"title":"Ataque dos EUA \u00e0s instala\u00e7\u00f5es nucleares do Ir\u00e3 gera temores de conflito mais amplo - Xinhua - Diario de Pernambuco","robots":{"index":"index","follow":"follow","max-snippet":"max-snippet:-1","max-image-preview":"max-image-preview:large","max-video-preview":"max-video-preview:-1"},"canonical":"https:\/\/diariodepe.com.br\/xinhua\/2025\/06\/24\/ataque-dos-eua-as-instalacoes-nucleares-do-ira-gera-temores-de-conflito-mais-amplo\/","og_locale":"pt_BR","og_type":"article","og_title":"Ataque dos EUA \u00e0s instala\u00e7\u00f5es nucleares do Ir\u00e3 gera temores de conflito mais amplo - Xinhua - Diario de Pernambuco","og_description":"Washington\/Teer\u00e3 &#8211; O presidente dos EUA, Donald Trump, afirmou no s\u00e1bado que os Estados Unidos conclu\u00edram os ataques a tr\u00eas instala\u00e7\u00f5es nucleares no Ir\u00e3, Fordow, Natanz e Esfahan. A decis\u00e3o de Trump de intervir diretamente em apoio \u00e0 tentativa de...","og_url":"https:\/\/diariodepe.com.br\/xinhua\/2025\/06\/24\/ataque-dos-eua-as-instalacoes-nucleares-do-ira-gera-temores-de-conflito-mais-amplo\/","og_site_name":"Xinhua - Diario de Pernambuco","article_published_time":"2025-06-24T14:31:00+00:00","og_image":[{"width":1000,"height":500,"url":"https:\/\/diariodepe.com.br\/xinhua\/wp-content\/uploads\/sites\/3\/2025\/06\/2025062403f4a1431b8940f08a1fb2cb44c407fd_20250624820245f2962c4146976dd2c129ef043c-1.jpg","type":"image\/jpeg"}],"author":"Marcelo Oliveira de A. Maranhao","twitter_card":"summary_large_image","twitter_misc":{"Escrito por":"Marcelo Oliveira de A. Maranhao","Est. tempo de leitura":"8 minutos"},"schema":{"@context":"https:\/\/schema.org","@graph":[{"@type":"Article","@id":"https:\/\/diariodepe.com.br\/xinhua\/2025\/06\/24\/ataque-dos-eua-as-instalacoes-nucleares-do-ira-gera-temores-de-conflito-mais-amplo\/#article","isPartOf":{"@id":"https:\/\/diariodepe.com.br\/xinhua\/2025\/06\/24\/ataque-dos-eua-as-instalacoes-nucleares-do-ira-gera-temores-de-conflito-mais-amplo\/"},"author":{"name":"Marcelo Oliveira de A. Maranhao","@id":"https:\/\/diariodepe.com.br\/xinhua\/#\/schema\/person\/0943d6fd02bdc7b49c8f495e8787a2cb"},"headline":"Ataque dos EUA \u00e0s instala\u00e7\u00f5es nucleares do Ir\u00e3 gera temores de conflito mais amplo","datePublished":"2025-06-24T14:31:00+00:00","mainEntityOfPage":{"@id":"https:\/\/diariodepe.com.br\/xinhua\/2025\/06\/24\/ataque-dos-eua-as-instalacoes-nucleares-do-ira-gera-temores-de-conflito-mais-amplo\/"},"wordCount":1429,"commentCount":0,"publisher":{"@id":"https:\/\/diariodepe.com.br\/xinhua\/#organization"},"image":{"@id":"https:\/\/diariodepe.com.br\/xinhua\/2025\/06\/24\/ataque-dos-eua-as-instalacoes-nucleares-do-ira-gera-temores-de-conflito-mais-amplo\/#primaryimage"},"thumbnailUrl":"https:\/\/diariodepe.com.br\/xinhua\/wp-content\/uploads\/sites\/3\/2025\/06\/2025062403f4a1431b8940f08a1fb2cb44c407fd_20250624820245f2962c4146976dd2c129ef043c-1.jpg","articleSection":["Geral"],"inLanguage":"pt-BR","potentialAction":[{"@type":"CommentAction","name":"Comment","target":["https:\/\/diariodepe.com.br\/xinhua\/2025\/06\/24\/ataque-dos-eua-as-instalacoes-nucleares-do-ira-gera-temores-de-conflito-mais-amplo\/#respond"]}]},{"@type":"WebPage","@id":"https:\/\/diariodepe.com.br\/xinhua\/2025\/06\/24\/ataque-dos-eua-as-instalacoes-nucleares-do-ira-gera-temores-de-conflito-mais-amplo\/","url":"https:\/\/diariodepe.com.br\/xinhua\/2025\/06\/24\/ataque-dos-eua-as-instalacoes-nucleares-do-ira-gera-temores-de-conflito-mais-amplo\/","name":"Ataque dos EUA \u00e0s instala\u00e7\u00f5es nucleares do Ir\u00e3 gera temores de conflito mais amplo - Xinhua - Diario de Pernambuco","isPartOf":{"@id":"https:\/\/diariodepe.com.br\/xinhua\/#website"},"primaryImageOfPage":{"@id":"https:\/\/diariodepe.com.br\/xinhua\/2025\/06\/24\/ataque-dos-eua-as-instalacoes-nucleares-do-ira-gera-temores-de-conflito-mais-amplo\/#primaryimage"},"image":{"@id":"https:\/\/diariodepe.com.br\/xinhua\/2025\/06\/24\/ataque-dos-eua-as-instalacoes-nucleares-do-ira-gera-temores-de-conflito-mais-amplo\/#primaryimage"},"thumbnailUrl":"https:\/\/diariodepe.com.br\/xinhua\/wp-content\/uploads\/sites\/3\/2025\/06\/2025062403f4a1431b8940f08a1fb2cb44c407fd_20250624820245f2962c4146976dd2c129ef043c-1.jpg","datePublished":"2025-06-24T14:31:00+00:00","breadcrumb":{"@id":"https:\/\/diariodepe.com.br\/xinhua\/2025\/06\/24\/ataque-dos-eua-as-instalacoes-nucleares-do-ira-gera-temores-de-conflito-mais-amplo\/#breadcrumb"},"inLanguage":"pt-BR","potentialAction":[{"@type":"ReadAction","target":["https:\/\/diariodepe.com.br\/xinhua\/2025\/06\/24\/ataque-dos-eua-as-instalacoes-nucleares-do-ira-gera-temores-de-conflito-mais-amplo\/"]}]},{"@type":"ImageObject","inLanguage":"pt-BR","@id":"https:\/\/diariodepe.com.br\/xinhua\/2025\/06\/24\/ataque-dos-eua-as-instalacoes-nucleares-do-ira-gera-temores-de-conflito-mais-amplo\/#primaryimage","url":"https:\/\/diariodepe.com.br\/xinhua\/wp-content\/uploads\/sites\/3\/2025\/06\/2025062403f4a1431b8940f08a1fb2cb44c407fd_20250624820245f2962c4146976dd2c129ef043c-1.jpg","contentUrl":"https:\/\/diariodepe.com.br\/xinhua\/wp-content\/uploads\/sites\/3\/2025\/06\/2025062403f4a1431b8940f08a1fb2cb44c407fd_20250624820245f2962c4146976dd2c129ef043c-1.jpg","width":1000,"height":500},{"@type":"BreadcrumbList","@id":"https:\/\/diariodepe.com.br\/xinhua\/2025\/06\/24\/ataque-dos-eua-as-instalacoes-nucleares-do-ira-gera-temores-de-conflito-mais-amplo\/#breadcrumb","itemListElement":[{"@type":"ListItem","position":1,"name":"In\u00edcio","item":"https:\/\/diariodepe.com.br\/xinhua\/"},{"@type":"ListItem","position":2,"name":"Ataque dos EUA \u00e0s instala\u00e7\u00f5es nucleares do Ir\u00e3 gera temores de conflito mais amplo"}]},{"@type":"WebSite","@id":"https:\/\/diariodepe.com.br\/xinhua\/#website","url":"https:\/\/diariodepe.com.br\/xinhua\/","name":"Xinhua - Diario de Pernambuco","description":"A maior ag\u00eancia de not\u00edcias da China e um dos principais canais para conhecer o pa\u00eds","publisher":{"@id":"https:\/\/diariodepe.com.br\/xinhua\/#organization"},"potentialAction":[{"@type":"SearchAction","target":{"@type":"EntryPoint","urlTemplate":"https:\/\/diariodepe.com.br\/xinhua\/?s={search_term_string}"},"query-input":{"@type":"PropertyValueSpecification","valueRequired":true,"valueName":"search_term_string"}}],"inLanguage":"pt-BR"},{"@type":"Organization","@id":"https:\/\/diariodepe.com.br\/xinhua\/#organization","name":"Xinhua - Diario de Pernambuco","url":"https:\/\/diariodepe.com.br\/xinhua\/","logo":{"@type":"ImageObject","inLanguage":"pt-BR","@id":"https:\/\/diariodepe.com.br\/xinhua\/#\/schema\/logo\/image\/","url":"https:\/\/diariodepe.com.br\/xinhua\/wp-content\/uploads\/sites\/3\/2020\/10\/cropped-logo-transparente-2.png","contentUrl":"https:\/\/diariodepe.com.br\/xinhua\/wp-content\/uploads\/sites\/3\/2020\/10\/cropped-logo-transparente-2.png","width":512,"height":164,"caption":"Xinhua - Diario de Pernambuco"},"image":{"@id":"https:\/\/diariodepe.com.br\/xinhua\/#\/schema\/logo\/image\/"}},{"@type":"Person","@id":"https:\/\/diariodepe.com.br\/xinhua\/#\/schema\/person\/0943d6fd02bdc7b49c8f495e8787a2cb","name":"Marcelo Oliveira de A. Maranhao","image":{"@type":"ImageObject","inLanguage":"pt-BR","@id":"https:\/\/secure.gravatar.com\/avatar\/f562caee940d39879c20e90eea3e4b21860c7d4c96684c23141c554824f0059c?s=96&d=mm&r=g","url":"https:\/\/secure.gravatar.com\/avatar\/f562caee940d39879c20e90eea3e4b21860c7d4c96684c23141c554824f0059c?s=96&d=mm&r=g","contentUrl":"https:\/\/secure.gravatar.com\/avatar\/f562caee940d39879c20e90eea3e4b21860c7d4c96684c23141c554824f0059c?s=96&d=mm&r=g","caption":"Marcelo Oliveira de A. Maranhao"},"url":"https:\/\/diariodepe.com.br\/xinhua\/author\/marcelo-maranhao\/"}]}},"cc_featured_image_caption":{"caption_text":"","source_text":"","source_url":""},"amp_enabled":true,"_links":{"self":[{"href":"https:\/\/diariodepe.com.br\/xinhua\/wp-json\/wp\/v2\/posts\/26676","targetHints":{"allow":["GET"]}}],"collection":[{"href":"https:\/\/diariodepe.com.br\/xinhua\/wp-json\/wp\/v2\/posts"}],"about":[{"href":"https:\/\/diariodepe.com.br\/xinhua\/wp-json\/wp\/v2\/types\/post"}],"author":[{"embeddable":true,"href":"https:\/\/diariodepe.com.br\/xinhua\/wp-json\/wp\/v2\/users\/3"}],"replies":[{"embeddable":true,"href":"https:\/\/diariodepe.com.br\/xinhua\/wp-json\/wp\/v2\/comments?post=26676"}],"version-history":[{"count":1,"href":"https:\/\/diariodepe.com.br\/xinhua\/wp-json\/wp\/v2\/posts\/26676\/revisions"}],"predecessor-version":[{"id":26679,"href":"https:\/\/diariodepe.com.br\/xinhua\/wp-json\/wp\/v2\/posts\/26676\/revisions\/26679"}],"wp:featuredmedia":[{"embeddable":true,"href":"https:\/\/diariodepe.com.br\/xinhua\/wp-json\/wp\/v2\/media\/26678"}],"wp:attachment":[{"href":"https:\/\/diariodepe.com.br\/xinhua\/wp-json\/wp\/v2\/media?parent=26676"}],"wp:term":[{"taxonomy":"category","embeddable":true,"href":"https:\/\/diariodepe.com.br\/xinhua\/wp-json\/wp\/v2\/categories?post=26676"},{"taxonomy":"post_tag","embeddable":true,"href":"https:\/\/diariodepe.com.br\/xinhua\/wp-json\/wp\/v2\/tags?post=26676"}],"curies":[{"name":"wp","href":"https:\/\/api.w.org\/{rel}","templated":true}]}}